{"id":1629,"date":"2024-05-07T02:15:06","date_gmt":"2024-05-06T21:15:06","guid":{"rendered":"https:\/\/pulso27.com\/?p=1629"},"modified":"2024-05-07T02:17:54","modified_gmt":"2024-05-06T21:17:54","slug":"protestan-contra-el-congresistas-soto-y-pariona-y-ministros-de-dina-boluarte","status":"publish","type":"post","link":"https:\/\/pulso27.com\/es\/nacional\/protestan-contra-el-congresistas-soto-y-pariona-y-ministros-de-dina-boluarte\/","title":{"rendered":"Protestan contra el congresistas Soto y Pariona, y ministros de Dina Boluarte"},"content":{"rendered":"\n<p>Una tensa situaci\u00f3n se vivi\u00f3 en las inmediaciones de la Universidad Nacional de Huancavelica (UNH), donde un grupo de estudiantes protagoniz\u00f3 un enfrentamiento con efectivos policiales en rechazo a la presencia de autoridades gubernamentales en la regi\u00f3n.<\/p>\n\n\n\n<p>La protesta, que tuvo lugar durante una sesi\u00f3n descentralizada de la Comisi\u00f3n de Defensa del Consumidor, cont\u00f3 con la participaci\u00f3n de ministros y congresistas, entre ellos Wilson Soto y Alfredo Pariona.<\/p>\n\n\n\n<figure class=\"wp-block-image size-full is-resized\"><img loading=\"lazy\" decoding=\"async\" width=\"656\" height=\"370\" src=\"https:\/\/pulso27.com\/wp-content\/uploads\/2024\/05\/Hvelca.jpg\" alt=\"\" class=\"wp-image-1631\" style=\"width:740px;height:auto\" srcset=\"https:\/\/pulso27.com\/wp-content\/uploads\/2024\/05\/Hvelca.jpg 656w, https:\/\/pulso27.com\/wp-content\/uploads\/2024\/05\/Hvelca-300x169.jpg 300w, https:\/\/pulso27.com\/wp-content\/uploads\/2024\/05\/Hvelca-18x10.jpg 18w\" sizes=\"auto, (max-width: 656px) 100vw, 656px\" \/><figcaption class=\"wp-element-caption\"><em>Sesi\u00f3n descentralizada de la Comisi\u00f3n de Defensa del Consumidor del Congreso<\/em><\/figcaption><\/figure>\n\n\n\n<p>La movilizaci\u00f3n estudiantil se desat\u00f3 ante la convocatoria de la Comisi\u00f3n, que inclu\u00eda la presencia de figuras como los ministros de Econom\u00eda, Transporte, Salud y Desarrollo e Inclusi\u00f3n Social, as\u00ed como congresistas y autoridades locales. Los estudiantes expresaron su rechazo hacia estos representantes, a quienes acusan de apoyar al Gobierno de la presidenta Dina Boluarte.<\/p>\n\n\n\n<p>La Federaci\u00f3n de Estudiantes de la Universidad Nacional de Huancavelica (FEUNH) emiti\u00f3 un comunicado en el que condena la visita de los funcionarios gubernamentales y del congresista Wilson Soto, calific\u00e1ndola como una \u00abprovocaci\u00f3n y afrenta a Huancavelica\u00bb. En el documento, la FEUNH denuncia al Gobierno como \u00abgenocida\u00bb y reafirma su apoyo a las v\u00edctimas de protestas previas en el pa\u00eds, as\u00ed como a los perseguidos pol\u00edticos.<\/p>\n\n\n\n<figure class=\"wp-block-image size-large\"><img loading=\"lazy\" decoding=\"async\" width=\"1024\" height=\"547\" src=\"https:\/\/pulso27.com\/wp-content\/uploads\/2024\/05\/SotoyPa-1024x547.jpg\" alt=\"\" class=\"wp-image-1632\" srcset=\"https:\/\/pulso27.com\/wp-content\/uploads\/2024\/05\/SotoyPa-1024x547.jpg 1024w, https:\/\/pulso27.com\/wp-content\/uploads\/2024\/05\/SotoyPa-300x160.jpg 300w, https:\/\/pulso27.com\/wp-content\/uploads\/2024\/05\/SotoyPa-768x410.jpg 768w, https:\/\/pulso27.com\/wp-content\/uploads\/2024\/05\/SotoyPa-18x10.jpg 18w, https:\/\/pulso27.com\/wp-content\/uploads\/2024\/05\/SotoyPa.jpg 1361w\" sizes=\"auto, (max-width: 1024px) 100vw, 1024px\" \/><figcaption class=\"wp-element-caption\"><em>Congresistas huancavelicanos, Alfredo Pariona y Wilson Soto<\/em><\/figcaption><\/figure>\n\n\n\n<p>Antes del enfrentamiento, los estudiantes marcharon por las calles de Huancavelica portando una pancarta con las siglas de la federaci\u00f3n. Informaron que la sesi\u00f3n descentralizada fue trasladada a otro lugar debido a su protesta.<\/p>\n\n\n\n<p>La situaci\u00f3n sigue siendo tensa en la regi\u00f3n, mientras que los estudiantes expresan su determinaci\u00f3n de seguir manifest\u00e1ndose contra lo que consideran un Gobierno injusto y corrupto.<\/p>\n","protected":false},"excerpt":{"rendered":"<p>Una tensa situaci\u00f3n se vivi\u00f3 en las inmediaciones de la Universidad Nacional de Huancavelica (UNH), donde un grupo de estudiantes protagoniz\u00f3 un enfrentamiento con efectivos policiales en rechazo a la presencia de autoridades gubernamentales en la regi\u00f3n. La protesta, que tuvo lugar durante una sesi\u00f3n descentralizada de la Comisi\u00f3n de Defensa del Consumidor, cont\u00f3 con [&hellip;]<\/p>\n","protected":false},"author":7,"featured_media":1630,"comment_status":"open","ping_status":"open","sticky":false,"template":"","format":"standard","meta":{"footnotes":""},"categories":[183,174],"tags":[690,309,691],"class_list":["post-1629","post","type-post","status-publish","format-standard","has-post-thumbnail","hentry","category-actualidad","category-nacional","tag-huancavelica","tag-pnp","tag-unh"],"yoast_head":"<!-- This site is optimized with the Yoast SEO plugin v27.4 - https:\/\/yoast.com\/product\/yoast-seo-wordpress\/ -->\n<title>Protestan contra el congresistas Soto y Pariona, y ministros de Dina Boluarte - Pulso27<\/title>\n<meta name=\"robots\" content=\"index, follow, max-snippet:-1, max-image-preview:large, max-video-preview:-1\" \/>\n<link rel=\"canonical\" href=\"https:\/\/pulso27.com\/es\/nacional\/protestan-contra-el-congresistas-soto-y-pariona-y-ministros-de-dina-boluarte\/\" \/>\n<meta property=\"og:locale\" content=\"es_ES\" \/>\n<meta property=\"og:type\" content=\"article\" \/>\n<meta property=\"og:title\" content=\"Protestan contra el congresistas Soto y Pariona, y ministros de Dina Boluarte - Pulso27\" \/>\n<meta property=\"og:description\" content=\"Una tensa situaci\u00f3n se vivi\u00f3 en las inmediaciones de la Universidad Nacional de Huancavelica (UNH), donde un grupo de estudiantes protagoniz\u00f3 un enfrentamiento con efectivos policiales en rechazo a la presencia de autoridades gubernamentales en la regi\u00f3n. La protesta, que tuvo lugar durante una sesi\u00f3n descentralizada de la Comisi\u00f3n de Defensa del Consumidor, cont\u00f3 con [&hellip;]\" \/>\n<meta property=\"og:url\" content=\"https:\/\/pulso27.com\/es\/nacional\/protestan-contra-el-congresistas-soto-y-pariona-y-ministros-de-dina-boluarte\/\" \/>\n<meta property=\"og:site_name\" content=\"Pulso27\" \/>\n<meta property=\"article:publisher\" content=\"https:\/\/www.facebook.com\/pulso27\/\" \/>\n<meta property=\"article:published_time\" content=\"2024-05-06T21:15:06+00:00\" \/>\n<meta property=\"article:modified_time\" content=\"2024-05-06T21:17:54+00:00\" \/>\n<meta property=\"og:image\" content=\"https:\/\/pulso27.com\/wp-content\/uploads\/2024\/05\/Huanv.jpg\" \/>\n\t<meta property=\"og:image:width\" content=\"720\" \/>\n\t<meta property=\"og:image:height\" content=\"387\" \/>\n\t<meta property=\"og:image:type\" content=\"image\/jpeg\" \/>\n<meta name=\"author\" content=\"Tupaq\" \/>\n<meta name=\"twitter:card\" content=\"summary_large_image\" \/>\n<meta name=\"twitter:creator\" content=\"@Pulso_27\" \/>\n<meta name=\"twitter:site\" content=\"@Pulso_27\" \/>\n<meta name=\"twitter:label1\" content=\"Written by\" \/>\n\t<meta name=\"twitter:data1\" content=\"Tupaq\" \/>\n\t<meta name=\"twitter:label2\" content=\"Est. reading time\" \/>\n\t<meta name=\"twitter:data2\" content=\"1 minuto\" \/>\n<script type=\"application\/ld+json\" class=\"yoast-schema-graph\">{\"@context\":\"https:\\\/\\\/schema.org\",\"@graph\":[{\"@type\":\"Article\",\"@id\":\"https:\\\/\\\/pulso27.com\\\/nacional\\\/protestan-contra-el-congresistas-soto-y-pariona-y-ministros-de-dina-boluarte\\\/#article\",\"isPartOf\":{\"@id\":\"https:\\\/\\\/pulso27.com\\\/nacional\\\/protestan-contra-el-congresistas-soto-y-pariona-y-ministros-de-dina-boluarte\\\/\"},\"author\":{\"name\":\"Tupaq\",\"@id\":\"https:\\\/\\\/pulso27.com\\\/en\\\/#\\\/schema\\\/person\\\/d20fd7f5bc7f2e53fd150d43fca07a78\"},\"headline\":\"Protestan contra el congresistas Soto y Pariona, y ministros de Dina Boluarte\",\"datePublished\":\"2024-05-06T21:15:06+00:00\",\"dateModified\":\"2024-05-06T21:17:54+00:00\",\"mainEntityOfPage\":{\"@id\":\"https:\\\/\\\/pulso27.com\\\/nacional\\\/protestan-contra-el-congresistas-soto-y-pariona-y-ministros-de-dina-boluarte\\\/\"},\"wordCount\":304,\"commentCount\":0,\"publisher\":{\"@id\":\"https:\\\/\\\/pulso27.com\\\/en\\\/#organization\"},\"image\":{\"@id\":\"https:\\\/\\\/pulso27.com\\\/nacional\\\/protestan-contra-el-congresistas-soto-y-pariona-y-ministros-de-dina-boluarte\\\/#primaryimage\"},\"thumbnailUrl\":\"https:\\\/\\\/pulso27.com\\\/wp-content\\\/uploads\\\/2024\\\/05\\\/Huanv.jpg\",\"keywords\":[\"Huancavelica\",\"PNP\",\"UNH\"],\"articleSection\":[\"Actualidad\",\"Nacional\"],\"inLanguage\":\"es-PE\",\"potentialAction\":[{\"@type\":\"CommentAction\",\"name\":\"Comment\",\"target\":[\"https:\\\/\\\/pulso27.com\\\/nacional\\\/protestan-contra-el-congresistas-soto-y-pariona-y-ministros-de-dina-boluarte\\\/#respond\"]}]},{\"@type\":\"WebPage\",\"@id\":\"https:\\\/\\\/pulso27.com\\\/nacional\\\/protestan-contra-el-congresistas-soto-y-pariona-y-ministros-de-dina-boluarte\\\/\",\"url\":\"https:\\\/\\\/pulso27.com\\\/nacional\\\/protestan-contra-el-congresistas-soto-y-pariona-y-ministros-de-dina-boluarte\\\/\",\"name\":\"Protestan contra el congresistas Soto y Pariona, y ministros de Dina Boluarte - Pulso27\",\"isPartOf\":{\"@id\":\"https:\\\/\\\/pulso27.com\\\/en\\\/#website\"},\"primaryImageOfPage\":{\"@id\":\"https:\\\/\\\/pulso27.com\\\/nacional\\\/protestan-contra-el-congresistas-soto-y-pariona-y-ministros-de-dina-boluarte\\\/#primaryimage\"},\"image\":{\"@id\":\"https:\\\/\\\/pulso27.com\\\/nacional\\\/protestan-contra-el-congresistas-soto-y-pariona-y-ministros-de-dina-boluarte\\\/#primaryimage\"},\"thumbnailUrl\":\"https:\\\/\\\/pulso27.com\\\/wp-content\\\/uploads\\\/2024\\\/05\\\/Huanv.jpg\",\"datePublished\":\"2024-05-06T21:15:06+00:00\",\"dateModified\":\"2024-05-06T21:17:54+00:00\",\"breadcrumb\":{\"@id\":\"https:\\\/\\\/pulso27.com\\\/nacional\\\/protestan-contra-el-congresistas-soto-y-pariona-y-ministros-de-dina-boluarte\\\/#breadcrumb\"},\"inLanguage\":\"es-PE\",\"potentialAction\":[{\"@type\":\"ReadAction\",\"target\":[\"https:\\\/\\\/pulso27.com\\\/nacional\\\/protestan-contra-el-congresistas-soto-y-pariona-y-ministros-de-dina-boluarte\\\/\"]}]},{\"@type\":\"ImageObject\",\"inLanguage\":\"es-PE\",\"@id\":\"https:\\\/\\\/pulso27.com\\\/nacional\\\/protestan-contra-el-congresistas-soto-y-pariona-y-ministros-de-dina-boluarte\\\/#primaryimage\",\"url\":\"https:\\\/\\\/pulso27.com\\\/wp-content\\\/uploads\\\/2024\\\/05\\\/Huanv.jpg\",\"contentUrl\":\"https:\\\/\\\/pulso27.com\\\/wp-content\\\/uploads\\\/2024\\\/05\\\/Huanv.jpg\",\"width\":720,\"height\":387},{\"@type\":\"BreadcrumbList\",\"@id\":\"https:\\\/\\\/pulso27.com\\\/nacional\\\/protestan-contra-el-congresistas-soto-y-pariona-y-ministros-de-dina-boluarte\\\/#breadcrumb\",\"itemListElement\":[{\"@type\":\"ListItem\",\"position\":1,\"name\":\"Portada\",\"item\":\"https:\\\/\\\/pulso27.com\\\/\"},{\"@type\":\"ListItem\",\"position\":2,\"name\":\"Protestan contra el congresistas Soto y Pariona, y ministros de Dina Boluarte\"}]},{\"@type\":\"WebSite\",\"@id\":\"https:\\\/\\\/pulso27.com\\\/en\\\/#website\",\"url\":\"https:\\\/\\\/pulso27.com\\\/en\\\/\",\"name\":\"Pulso27\",\"description\":\"Web de noticias y publicidad\",\"publisher\":{\"@id\":\"https:\\\/\\\/pulso27.com\\\/en\\\/#organization\"},\"alternateName\":\"El pulso del pueblo\",\"potentialAction\":[{\"@type\":\"SearchAction\",\"target\":{\"@type\":\"EntryPoint\",\"urlTemplate\":\"https:\\\/\\\/pulso27.com\\\/en\\\/?s={search_term_string}\"},\"query-input\":{\"@type\":\"PropertyValueSpecification\",\"valueRequired\":true,\"valueName\":\"search_term_string\"}}],\"inLanguage\":\"es-PE\"},{\"@type\":\"Organization\",\"@id\":\"https:\\\/\\\/pulso27.com\\\/en\\\/#organization\",\"name\":\"Pulso27\",\"url\":\"https:\\\/\\\/pulso27.com\\\/en\\\/\",\"logo\":{\"@type\":\"ImageObject\",\"inLanguage\":\"es-PE\",\"@id\":\"https:\\\/\\\/pulso27.com\\\/en\\\/#\\\/schema\\\/logo\\\/image\\\/\",\"url\":\"https:\\\/\\\/pulso27.com\\\/wp-content\\\/uploads\\\/2026\\\/02\\\/Logotipo-de-la-organizacion-696-x-696-px-ok.png\",\"contentUrl\":\"https:\\\/\\\/pulso27.com\\\/wp-content\\\/uploads\\\/2026\\\/02\\\/Logotipo-de-la-organizacion-696-x-696-px-ok.png\",\"width\":696,\"height\":696,\"caption\":\"Pulso27\"},\"image\":{\"@id\":\"https:\\\/\\\/pulso27.com\\\/en\\\/#\\\/schema\\\/logo\\\/image\\\/\"},\"sameAs\":[\"https:\\\/\\\/www.facebook.com\\\/pulso27\\\/\",\"https:\\\/\\\/x.com\\\/Pulso_27\",\"https:\\\/\\\/www.youtube.com\\\/@Pulso27\",\"https:\\\/\\\/www.tiktok.com\\\/@pulso_27\"]},{\"@type\":\"Person\",\"@id\":\"https:\\\/\\\/pulso27.com\\\/en\\\/#\\\/schema\\\/person\\\/d20fd7f5bc7f2e53fd150d43fca07a78\",\"name\":\"Tupaq\",\"image\":{\"@type\":\"ImageObject\",\"inLanguage\":\"es-PE\",\"@id\":\"https:\\\/\\\/secure.gravatar.com\\\/avatar\\\/7929e9b034aeea560319a601e4f04c59eb5f45a79eafe192adabb67e9604e7e7?s=96&d=mm&r=g\",\"url\":\"https:\\\/\\\/secure.gravatar.com\\\/avatar\\\/7929e9b034aeea560319a601e4f04c59eb5f45a79eafe192adabb67e9604e7e7?s=96&d=mm&r=g\",\"contentUrl\":\"https:\\\/\\\/secure.gravatar.com\\\/avatar\\\/7929e9b034aeea560319a601e4f04c59eb5f45a79eafe192adabb67e9604e7e7?s=96&d=mm&r=g\",\"caption\":\"Tupaq\"},\"url\":\"https:\\\/\\\/pulso27.com\\\/es\\\/author\\\/tupaq\\\/\"}]}<\/script>\n<!-- \/ Yoast SEO plugin. -->","yoast_head_json":{"title":"Protestan contra el congresistas Soto y Pariona, y ministros de Dina Boluarte - Pulso27","robots":{"index":"index","follow":"follow","max-snippet":"max-snippet:-1","max-image-preview":"max-image-preview:large","max-video-preview":"max-video-preview:-1"},"canonical":"https:\/\/pulso27.com\/es\/nacional\/protestan-contra-el-congresistas-soto-y-pariona-y-ministros-de-dina-boluarte\/","og_locale":"es_ES","og_type":"article","og_title":"Protestan contra el congresistas Soto y Pariona, y ministros de Dina Boluarte - Pulso27","og_description":"Una tensa situaci\u00f3n se vivi\u00f3 en las inmediaciones de la Universidad Nacional de Huancavelica (UNH), donde un grupo de estudiantes protagoniz\u00f3 un enfrentamiento con efectivos policiales en rechazo a la presencia de autoridades gubernamentales en la regi\u00f3n. La protesta, que tuvo lugar durante una sesi\u00f3n descentralizada de la Comisi\u00f3n de Defensa del Consumidor, cont\u00f3 con [&hellip;]","og_url":"https:\/\/pulso27.com\/es\/nacional\/protestan-contra-el-congresistas-soto-y-pariona-y-ministros-de-dina-boluarte\/","og_site_name":"Pulso27","article_publisher":"https:\/\/www.facebook.com\/pulso27\/","article_published_time":"2024-05-06T21:15:06+00:00","article_modified_time":"2024-05-06T21:17:54+00:00","og_image":[{"width":720,"height":387,"url":"https:\/\/pulso27.com\/wp-content\/uploads\/2024\/05\/Huanv.jpg","type":"image\/jpeg"}],"author":"Tupaq","twitter_card":"summary_large_image","twitter_creator":"@Pulso_27","twitter_site":"@Pulso_27","twitter_misc":{"Written by":"Tupaq","Est. reading time":"1 minuto"},"schema":{"@context":"https:\/\/schema.org","@graph":[{"@type":"Article","@id":"https:\/\/pulso27.com\/nacional\/protestan-contra-el-congresistas-soto-y-pariona-y-ministros-de-dina-boluarte\/#article","isPartOf":{"@id":"https:\/\/pulso27.com\/nacional\/protestan-contra-el-congresistas-soto-y-pariona-y-ministros-de-dina-boluarte\/"},"author":{"name":"Tupaq","@id":"https:\/\/pulso27.com\/en\/#\/schema\/person\/d20fd7f5bc7f2e53fd150d43fca07a78"},"headline":"Protestan contra el congresistas Soto y Pariona, y ministros de Dina Boluarte","datePublished":"2024-05-06T21:15:06+00:00","dateModified":"2024-05-06T21:17:54+00:00","mainEntityOfPage":{"@id":"https:\/\/pulso27.com\/nacional\/protestan-contra-el-congresistas-soto-y-pariona-y-ministros-de-dina-boluarte\/"},"wordCount":304,"commentCount":0,"publisher":{"@id":"https:\/\/pulso27.com\/en\/#organization"},"image":{"@id":"https:\/\/pulso27.com\/nacional\/protestan-contra-el-congresistas-soto-y-pariona-y-ministros-de-dina-boluarte\/#primaryimage"},"thumbnailUrl":"https:\/\/pulso27.com\/wp-content\/uploads\/2024\/05\/Huanv.jpg","keywords":["Huancavelica","PNP","UNH"],"articleSection":["Actualidad","Nacional"],"inLanguage":"es-PE","potentialAction":[{"@type":"CommentAction","name":"Comment","target":["https:\/\/pulso27.com\/nacional\/protestan-contra-el-congresistas-soto-y-pariona-y-ministros-de-dina-boluarte\/#respond"]}]},{"@type":"WebPage","@id":"https:\/\/pulso27.com\/nacional\/protestan-contra-el-congresistas-soto-y-pariona-y-ministros-de-dina-boluarte\/","url":"https:\/\/pulso27.com\/nacional\/protestan-contra-el-congresistas-soto-y-pariona-y-ministros-de-dina-boluarte\/","name":"Protestan contra el congresistas Soto y Pariona, y ministros de Dina Boluarte - Pulso27","isPartOf":{"@id":"https:\/\/pulso27.com\/en\/#website"},"primaryImageOfPage":{"@id":"https:\/\/pulso27.com\/nacional\/protestan-contra-el-congresistas-soto-y-pariona-y-ministros-de-dina-boluarte\/#primaryimage"},"image":{"@id":"https:\/\/pulso27.com\/nacional\/protestan-contra-el-congresistas-soto-y-pariona-y-ministros-de-dina-boluarte\/#primaryimage"},"thumbnailUrl":"https:\/\/pulso27.com\/wp-content\/uploads\/2024\/05\/Huanv.jpg","datePublished":"2024-05-06T21:15:06+00:00","dateModified":"2024-05-06T21:17:54+00:00","breadcrumb":{"@id":"https:\/\/pulso27.com\/nacional\/protestan-contra-el-congresistas-soto-y-pariona-y-ministros-de-dina-boluarte\/#breadcrumb"},"inLanguage":"es-PE","potentialAction":[{"@type":"ReadAction","target":["https:\/\/pulso27.com\/nacional\/protestan-contra-el-congresistas-soto-y-pariona-y-ministros-de-dina-boluarte\/"]}]},{"@type":"ImageObject","inLanguage":"es-PE","@id":"https:\/\/pulso27.com\/nacional\/protestan-contra-el-congresistas-soto-y-pariona-y-ministros-de-dina-boluarte\/#primaryimage","url":"https:\/\/pulso27.com\/wp-content\/uploads\/2024\/05\/Huanv.jpg","contentUrl":"https:\/\/pulso27.com\/wp-content\/uploads\/2024\/05\/Huanv.jpg","width":720,"height":387},{"@type":"BreadcrumbList","@id":"https:\/\/pulso27.com\/nacional\/protestan-contra-el-congresistas-soto-y-pariona-y-ministros-de-dina-boluarte\/#breadcrumb","itemListElement":[{"@type":"ListItem","position":1,"name":"Portada","item":"https:\/\/pulso27.com\/"},{"@type":"ListItem","position":2,"name":"Protestan contra el congresistas Soto y Pariona, y ministros de Dina Boluarte"}]},{"@type":"WebSite","@id":"https:\/\/pulso27.com\/en\/#website","url":"https:\/\/pulso27.com\/en\/","name":"Pulso27","description":"Web de noticias y publicidad","publisher":{"@id":"https:\/\/pulso27.com\/en\/#organization"},"alternateName":"El pulso del pueblo","potentialAction":[{"@type":"SearchAction","target":{"@type":"EntryPoint","urlTemplate":"https:\/\/pulso27.com\/en\/?s={search_term_string}"},"query-input":{"@type":"PropertyValueSpecification","valueRequired":true,"valueName":"search_term_string"}}],"inLanguage":"es-PE"},{"@type":"Organization","@id":"https:\/\/pulso27.com\/en\/#organization","name":"Pulso27","url":"https:\/\/pulso27.com\/en\/","logo":{"@type":"ImageObject","inLanguage":"es-PE","@id":"https:\/\/pulso27.com\/en\/#\/schema\/logo\/image\/","url":"https:\/\/pulso27.com\/wp-content\/uploads\/2026\/02\/Logotipo-de-la-organizacion-696-x-696-px-ok.png","contentUrl":"https:\/\/pulso27.com\/wp-content\/uploads\/2026\/02\/Logotipo-de-la-organizacion-696-x-696-px-ok.png","width":696,"height":696,"caption":"Pulso27"},"image":{"@id":"https:\/\/pulso27.com\/en\/#\/schema\/logo\/image\/"},"sameAs":["https:\/\/www.facebook.com\/pulso27\/","https:\/\/x.com\/Pulso_27","https:\/\/www.youtube.com\/@Pulso27","https:\/\/www.tiktok.com\/@pulso_27"]},{"@type":"Person","@id":"https:\/\/pulso27.com\/en\/#\/schema\/person\/d20fd7f5bc7f2e53fd150d43fca07a78","name":"Tupaq","image":{"@type":"ImageObject","inLanguage":"es-PE","@id":"https:\/\/secure.gravatar.com\/avatar\/7929e9b034aeea560319a601e4f04c59eb5f45a79eafe192adabb67e9604e7e7?s=96&d=mm&r=g","url":"https:\/\/secure.gravatar.com\/avatar\/7929e9b034aeea560319a601e4f04c59eb5f45a79eafe192adabb67e9604e7e7?s=96&d=mm&r=g","contentUrl":"https:\/\/secure.gravatar.com\/avatar\/7929e9b034aeea560319a601e4f04c59eb5f45a79eafe192adabb67e9604e7e7?s=96&d=mm&r=g","caption":"Tupaq"},"url":"https:\/\/pulso27.com\/es\/author\/tupaq\/"}]}},"amp_enabled":true,"_links":{"self":[{"href":"https:\/\/pulso27.com\/es\/wp-json\/wp\/v2\/posts\/1629","targetHints":{"allow":["GET"]}}],"collection":[{"href":"https:\/\/pulso27.com\/es\/wp-json\/wp\/v2\/posts"}],"about":[{"href":"https:\/\/pulso27.com\/es\/wp-json\/wp\/v2\/types\/post"}],"author":[{"embeddable":true,"href":"https:\/\/pulso27.com\/es\/wp-json\/wp\/v2\/users\/7"}],"replies":[{"embeddable":true,"href":"https:\/\/pulso27.com\/es\/wp-json\/wp\/v2\/comments?post=1629"}],"version-history":[{"count":1,"href":"https:\/\/pulso27.com\/es\/wp-json\/wp\/v2\/posts\/1629\/revisions"}],"predecessor-version":[{"id":1633,"href":"https:\/\/pulso27.com\/es\/wp-json\/wp\/v2\/posts\/1629\/revisions\/1633"}],"wp:featuredmedia":[{"embeddable":true,"href":"https:\/\/pulso27.com\/es\/wp-json\/wp\/v2\/media\/1630"}],"wp:attachment":[{"href":"https:\/\/pulso27.com\/es\/wp-json\/wp\/v2\/media?parent=1629"}],"wp:term":[{"taxonomy":"category","embeddable":true,"href":"https:\/\/pulso27.com\/es\/wp-json\/wp\/v2\/categories?post=1629"},{"taxonomy":"post_tag","embeddable":true,"href":"https:\/\/pulso27.com\/es\/wp-json\/wp\/v2\/tags?post=1629"}],"curies":[{"name":"wp","href":"https:\/\/api.w.org\/{rel}","templated":true}]}}