{"id":1634,"date":"2024-05-07T23:08:10","date_gmt":"2024-05-07T18:08:10","guid":{"rendered":"https:\/\/pulso27.com\/?p=1634"},"modified":"2024-10-14T09:51:25","modified_gmt":"2024-10-14T04:51:25","slug":"cuestionamientos-por-transferencia-del-proyecto-majes-siguas-ii-de-arequipa-al-gobierno-central","status":"publish","type":"post","link":"https:\/\/pulso27.com\/es\/regional\/cuestionamientos-por-transferencia-del-proyecto-majes-siguas-ii-de-arequipa-al-gobierno-central\/","title":{"rendered":"Cuestionamientos por transferencia del Proyecto Majes Siguas II de Arequipa al Gobierno Central"},"content":{"rendered":"\n<p>El convenio de transferencia del Proyecto Majes Siguas entre el Gobierno Regional de Arequipa (GRA) y el Ministerio de Desarrollo Agrario y Riego (Midagri) ha suscitado una serie de observaciones preliminares, seg\u00fan inform\u00f3 C\u00e9sar Huamantuma Alarc\u00f3n, consejero regional y presidente de la Comisi\u00f3n de Infraestructura y Proyectos de Impacto Regional.<\/p>\n\n\n\n<p>Huamantuma se\u00f1al\u00f3 que existen cuatro observaciones clave en el convenio que requieren claridad. Una de ellas radica en las contradicciones encontradas en la modalidad de ejecuci\u00f3n para reactivar el proyecto Majes Siguas II. Mientras en una cl\u00e1usula se menciona la facilitaci\u00f3n por parte del GRA para la suscripci\u00f3n de un nuevo contrato de concesi\u00f3n, en otra el Midagri asume acciones t\u00e9cnicas y legales para garantizar la ejecuci\u00f3n del proyecto bajo la modalidad que resulte pertinente, generando incertidumbre sobre el proceso a seguir.<\/p>\n\n\n\n<figure class=\"wp-block-image size-large\"><img loading=\"lazy\" decoding=\"async\" width=\"1024\" height=\"576\" src=\"https:\/\/pulso27.com\/wp-content\/uploads\/2024\/05\/Majes-1024x576.jpg\" alt=\"\" class=\"wp-image-1636\" srcset=\"https:\/\/pulso27.com\/wp-content\/uploads\/2024\/05\/Majes-1024x576.jpg 1024w, https:\/\/pulso27.com\/wp-content\/uploads\/2024\/05\/Majes-300x169.jpg 300w, https:\/\/pulso27.com\/wp-content\/uploads\/2024\/05\/Majes-768x432.jpg 768w, https:\/\/pulso27.com\/wp-content\/uploads\/2024\/05\/Majes-18x10.jpg 18w, https:\/\/pulso27.com\/wp-content\/uploads\/2024\/05\/Majes.jpg 1200w\" sizes=\"auto, (max-width: 1024px) 100vw, 1024px\" \/><figcaption class=\"wp-element-caption\"><em>Los interesados prometen que con la ejecuci\u00f3n del proyecto se beneficiar\u00eda la agricultura <\/em><\/figcaption><\/figure>\n\n\n\n<p>Ante esta situaci\u00f3n, Huamantuma remiti\u00f3 un oficio al Midagri solicitando definiciones claras sobre la modalidad de ejecuci\u00f3n y posibles alternativas, as\u00ed como un detallado flujograma del proceso con etapas y plazos. Adem\u00e1s, se requiere un an\u00e1lisis comparativo que destaque las ventajas de la reactivaci\u00f3n del proyecto con el Midagri como titular, en contraposici\u00f3n a mantener la titularidad bajo el GRA. Estas observaciones fueron enviadas al titular del Midagri, \u00c1ngel Manero Campos.<\/p>\n\n\n\n<p>El plazo para evaluar los t\u00e9rminos y condiciones del convenio es de 45 d\u00edas h\u00e1biles, con posibilidad de ampliaci\u00f3n, estipulados por ley. Se estima que a fines de junio se tendr\u00e1 un dictamen que ser\u00e1 presentado ante el pleno del Consejo Regional de Arequipa (CRA) para decidir sobre la aprobaci\u00f3n o rechazo del traspaso de Majes Siguas II al Gobierno central.<\/p>\n\n\n\n<figure class=\"wp-block-image size-full\"><img loading=\"lazy\" decoding=\"async\" width=\"1000\" height=\"700\" src=\"https:\/\/pulso27.com\/wp-content\/uploads\/2024\/05\/Majessig-1.jpg\" alt=\"\" class=\"wp-image-1638\" srcset=\"https:\/\/pulso27.com\/wp-content\/uploads\/2024\/05\/Majessig-1.jpg 1000w, https:\/\/pulso27.com\/wp-content\/uploads\/2024\/05\/Majessig-1-300x210.jpg 300w, https:\/\/pulso27.com\/wp-content\/uploads\/2024\/05\/Majessig-1-768x538.jpg 768w, https:\/\/pulso27.com\/wp-content\/uploads\/2024\/05\/Majessig-1-18x12.jpg 18w\" sizes=\"auto, (max-width: 1000px) 100vw, 1000px\" \/><figcaption class=\"wp-element-caption\"><em>Consejo Regional contin\u00faa evaluando la posibilidad de transferir al Gobierno Central<\/em><\/figcaption><\/figure>\n\n\n\n<p>En tanto, el decano del Colegio de Arquitectos de Arequipa, Juan Melgar Lazo, expres\u00f3 su oposici\u00f3n al traspaso del proyecto al Ejecutivo nacional, argumentando que la regi\u00f3n posee la capacidad para su ejecuci\u00f3n y solo falta decisi\u00f3n por parte del gobernador.<\/p>\n\n\n\n<p>Por su parte, el presidente del CRA, Fernando Cornejo Pacheco, anunci\u00f3 la visita del ministro del Midagri el pr\u00f3ximo 21 de mayo para responder a las dudas sobre el convenio. Se espera que se aclare c\u00f3mo se llevar\u00e1 a cabo la reactivaci\u00f3n del proyecto, as\u00ed como el abordaje de los procesos arbitrales pendientes.<\/p>\n\n\n\n<figure class=\"wp-block-image size-full\"><img loading=\"lazy\" decoding=\"async\" width=\"750\" height=\"375\" src=\"https:\/\/pulso27.com\/wp-content\/uploads\/2024\/05\/MAjesss.jpg\" alt=\"\" class=\"wp-image-1640\" srcset=\"https:\/\/pulso27.com\/wp-content\/uploads\/2024\/05\/MAjesss.jpg 750w, https:\/\/pulso27.com\/wp-content\/uploads\/2024\/05\/MAjesss-300x150.jpg 300w, https:\/\/pulso27.com\/wp-content\/uploads\/2024\/05\/MAjesss-18x9.jpg 18w\" sizes=\"auto, (max-width: 750px) 100vw, 750px\" \/><figcaption class=\"wp-element-caption\"><em>Juan Melgar Lazo, decano del Colegio de Arquitectos de Arequipa se opone a la transferencia<\/em><\/figcaption><\/figure>\n\n\n\n<p>Desde el Ministerio de Energ\u00eda y Minas se inform\u00f3 que la segunda etapa del proyecto contempla la construcci\u00f3n de dos hidroel\u00e9ctricas que generar\u00edan 600 Megavatios, consolidando la seguridad energ\u00e9tica en el pa\u00eds. Esto se suma a la misi\u00f3n del gobierno de reactivar la econom\u00eda mediante proyectos como Majes Siguas II.<\/p>\n\n\n\n<p>El debate sobre la transferencia del proyecto contin\u00faa generando expectativas en Arequipa, mientras las autoridades regionales y nacionales buscan llegar a consensos que beneficien el desarrollo de la regi\u00f3n y del pa\u00eds en su conjunto.<\/p>\n","protected":false},"excerpt":{"rendered":"<p>El convenio de transferencia del Proyecto Majes Siguas entre el Gobierno Regional de Arequipa (GRA) y el Ministerio de Desarrollo Agrario y Riego (Midagri) ha suscitado una serie de observaciones preliminares, seg\u00fan inform\u00f3 C\u00e9sar Huamantuma Alarc\u00f3n, consejero regional y presidente de la Comisi\u00f3n de Infraestructura y Proyectos de Impacto Regional. Huamantuma se\u00f1al\u00f3 que existen cuatro [&hellip;]<\/p>\n","protected":false},"author":10,"featured_media":1635,"comment_status":"open","ping_status":"open","sticky":false,"template":"","format":"standard","meta":{"footnotes":""},"categories":[810],"tags":[616,692,693],"class_list":["post-1634","post","type-post","status-publish","format-standard","has-post-thumbnail","hentry","category-regional","tag-arequipa","tag-majes-siguas-ii","tag-riego"],"yoast_head":"<!-- This site is optimized with the Yoast SEO plugin v27.4 - https:\/\/yoast.com\/product\/yoast-seo-wordpress\/ -->\n<title>Cuestionamientos por transferencia del Proyecto Majes Siguas II de Arequipa al Gobierno Central - Pulso27<\/title>\n<meta name=\"robots\" content=\"index, follow, max-snippet:-1, max-image-preview:large, max-video-preview:-1\" \/>\n<link rel=\"canonical\" href=\"https:\/\/pulso27.com\/es\/regional\/cuestionamientos-por-transferencia-del-proyecto-majes-siguas-ii-de-arequipa-al-gobierno-central\/\" \/>\n<meta property=\"og:locale\" content=\"es_ES\" \/>\n<meta property=\"og:type\" content=\"article\" \/>\n<meta property=\"og:title\" content=\"Cuestionamientos por transferencia del Proyecto Majes Siguas II de Arequipa al Gobierno Central - Pulso27\" \/>\n<meta property=\"og:description\" content=\"El convenio de transferencia del Proyecto Majes Siguas entre el Gobierno Regional de Arequipa (GRA) y el Ministerio de Desarrollo Agrario y Riego (Midagri) ha suscitado una serie de observaciones preliminares, seg\u00fan inform\u00f3 C\u00e9sar Huamantuma Alarc\u00f3n, consejero regional y presidente de la Comisi\u00f3n de Infraestructura y Proyectos de Impacto Regional. Huamantuma se\u00f1al\u00f3 que existen cuatro [&hellip;]\" \/>\n<meta property=\"og:url\" content=\"https:\/\/pulso27.com\/es\/regional\/cuestionamientos-por-transferencia-del-proyecto-majes-siguas-ii-de-arequipa-al-gobierno-central\/\" \/>\n<meta property=\"og:site_name\" content=\"Pulso27\" \/>\n<meta property=\"article:publisher\" content=\"https:\/\/www.facebook.com\/pulso27\/\" \/>\n<meta property=\"article:published_time\" content=\"2024-05-07T18:08:10+00:00\" \/>\n<meta property=\"article:modified_time\" content=\"2024-10-14T04:51:25+00:00\" \/>\n<meta property=\"og:image\" content=\"https:\/\/pulso27.com\/wp-content\/uploads\/2024\/05\/MajesSi.jpg\" \/>\n\t<meta property=\"og:image:width\" content=\"2048\" \/>\n\t<meta property=\"og:image:height\" content=\"1348\" \/>\n\t<meta property=\"og:image:type\" content=\"image\/jpeg\" \/>\n<meta name=\"author\" content=\"El Muki\" \/>\n<meta name=\"twitter:card\" content=\"summary_large_image\" \/>\n<meta name=\"twitter:creator\" content=\"@Pulso_27\" \/>\n<meta name=\"twitter:site\" content=\"@Pulso_27\" \/>\n<meta name=\"twitter:label1\" content=\"Written by\" \/>\n\t<meta name=\"twitter:data1\" content=\"El Muki\" \/>\n\t<meta name=\"twitter:label2\" content=\"Est. reading time\" \/>\n\t<meta name=\"twitter:data2\" content=\"4 minutos\" \/>\n<script type=\"application\/ld+json\" class=\"yoast-schema-graph\">{\"@context\":\"https:\\\/\\\/schema.org\",\"@graph\":[{\"@type\":\"Article\",\"@id\":\"https:\\\/\\\/pulso27.com\\\/regional\\\/cuestionamientos-por-transferencia-del-proyecto-majes-siguas-ii-de-arequipa-al-gobierno-central\\\/#article\",\"isPartOf\":{\"@id\":\"https:\\\/\\\/pulso27.com\\\/regional\\\/cuestionamientos-por-transferencia-del-proyecto-majes-siguas-ii-de-arequipa-al-gobierno-central\\\/\"},\"author\":{\"name\":\"El Muki\",\"@id\":\"https:\\\/\\\/pulso27.com\\\/en\\\/#\\\/schema\\\/person\\\/a0930a7f318e7d9d83bd7cffed9f34f6\"},\"headline\":\"Cuestionamientos por transferencia del Proyecto Majes Siguas II de Arequipa al Gobierno Central\",\"datePublished\":\"2024-05-07T18:08:10+00:00\",\"dateModified\":\"2024-10-14T04:51:25+00:00\",\"mainEntityOfPage\":{\"@id\":\"https:\\\/\\\/pulso27.com\\\/regional\\\/cuestionamientos-por-transferencia-del-proyecto-majes-siguas-ii-de-arequipa-al-gobierno-central\\\/\"},\"wordCount\":536,\"commentCount\":0,\"publisher\":{\"@id\":\"https:\\\/\\\/pulso27.com\\\/en\\\/#organization\"},\"image\":{\"@id\":\"https:\\\/\\\/pulso27.com\\\/regional\\\/cuestionamientos-por-transferencia-del-proyecto-majes-siguas-ii-de-arequipa-al-gobierno-central\\\/#primaryimage\"},\"thumbnailUrl\":\"https:\\\/\\\/pulso27.com\\\/wp-content\\\/uploads\\\/2024\\\/05\\\/MajesSi.jpg\",\"keywords\":[\"Arequipa\",\"Majes Siguas II\",\"Riego\"],\"articleSection\":[\"Regional\"],\"inLanguage\":\"es-PE\",\"potentialAction\":[{\"@type\":\"CommentAction\",\"name\":\"Comment\",\"target\":[\"https:\\\/\\\/pulso27.com\\\/regional\\\/cuestionamientos-por-transferencia-del-proyecto-majes-siguas-ii-de-arequipa-al-gobierno-central\\\/#respond\"]}]},{\"@type\":\"WebPage\",\"@id\":\"https:\\\/\\\/pulso27.com\\\/regional\\\/cuestionamientos-por-transferencia-del-proyecto-majes-siguas-ii-de-arequipa-al-gobierno-central\\\/\",\"url\":\"https:\\\/\\\/pulso27.com\\\/regional\\\/cuestionamientos-por-transferencia-del-proyecto-majes-siguas-ii-de-arequipa-al-gobierno-central\\\/\",\"name\":\"Cuestionamientos por transferencia del Proyecto Majes Siguas II de Arequipa al Gobierno Central - Pulso27\",\"isPartOf\":{\"@id\":\"https:\\\/\\\/pulso27.com\\\/en\\\/#website\"},\"primaryImageOfPage\":{\"@id\":\"https:\\\/\\\/pulso27.com\\\/regional\\\/cuestionamientos-por-transferencia-del-proyecto-majes-siguas-ii-de-arequipa-al-gobierno-central\\\/#primaryimage\"},\"image\":{\"@id\":\"https:\\\/\\\/pulso27.com\\\/regional\\\/cuestionamientos-por-transferencia-del-proyecto-majes-siguas-ii-de-arequipa-al-gobierno-central\\\/#primaryimage\"},\"thumbnailUrl\":\"https:\\\/\\\/pulso27.com\\\/wp-content\\\/uploads\\\/2024\\\/05\\\/MajesSi.jpg\",\"datePublished\":\"2024-05-07T18:08:10+00:00\",\"dateModified\":\"2024-10-14T04:51:25+00:00\",\"breadcrumb\":{\"@id\":\"https:\\\/\\\/pulso27.com\\\/regional\\\/cuestionamientos-por-transferencia-del-proyecto-majes-siguas-ii-de-arequipa-al-gobierno-central\\\/#breadcrumb\"},\"inLanguage\":\"es-PE\",\"potentialAction\":[{\"@type\":\"ReadAction\",\"target\":[\"https:\\\/\\\/pulso27.com\\\/regional\\\/cuestionamientos-por-transferencia-del-proyecto-majes-siguas-ii-de-arequipa-al-gobierno-central\\\/\"]}]},{\"@type\":\"ImageObject\",\"inLanguage\":\"es-PE\",\"@id\":\"https:\\\/\\\/pulso27.com\\\/regional\\\/cuestionamientos-por-transferencia-del-proyecto-majes-siguas-ii-de-arequipa-al-gobierno-central\\\/#primaryimage\",\"url\":\"https:\\\/\\\/pulso27.com\\\/wp-content\\\/uploads\\\/2024\\\/05\\\/MajesSi.jpg\",\"contentUrl\":\"https:\\\/\\\/pulso27.com\\\/wp-content\\\/uploads\\\/2024\\\/05\\\/MajesSi.jpg\",\"width\":2048,\"height\":1348},{\"@type\":\"BreadcrumbList\",\"@id\":\"https:\\\/\\\/pulso27.com\\\/regional\\\/cuestionamientos-por-transferencia-del-proyecto-majes-siguas-ii-de-arequipa-al-gobierno-central\\\/#breadcrumb\",\"itemListElement\":[{\"@type\":\"ListItem\",\"position\":1,\"name\":\"Portada\",\"item\":\"https:\\\/\\\/pulso27.com\\\/\"},{\"@type\":\"ListItem\",\"position\":2,\"name\":\"Cuestionamientos por transferencia del Proyecto Majes Siguas II de Arequipa al Gobierno Central\"}]},{\"@type\":\"WebSite\",\"@id\":\"https:\\\/\\\/pulso27.com\\\/en\\\/#website\",\"url\":\"https:\\\/\\\/pulso27.com\\\/en\\\/\",\"name\":\"Pulso27\",\"description\":\"Web de noticias y publicidad\",\"publisher\":{\"@id\":\"https:\\\/\\\/pulso27.com\\\/en\\\/#organization\"},\"alternateName\":\"El pulso del pueblo\",\"potentialAction\":[{\"@type\":\"SearchAction\",\"target\":{\"@type\":\"EntryPoint\",\"urlTemplate\":\"https:\\\/\\\/pulso27.com\\\/en\\\/?s={search_term_string}\"},\"query-input\":{\"@type\":\"PropertyValueSpecification\",\"valueRequired\":true,\"valueName\":\"search_term_string\"}}],\"inLanguage\":\"es-PE\"},{\"@type\":\"Organization\",\"@id\":\"https:\\\/\\\/pulso27.com\\\/en\\\/#organization\",\"name\":\"Pulso27\",\"url\":\"https:\\\/\\\/pulso27.com\\\/en\\\/\",\"logo\":{\"@type\":\"ImageObject\",\"inLanguage\":\"es-PE\",\"@id\":\"https:\\\/\\\/pulso27.com\\\/en\\\/#\\\/schema\\\/logo\\\/image\\\/\",\"url\":\"https:\\\/\\\/pulso27.com\\\/wp-content\\\/uploads\\\/2026\\\/02\\\/Logotipo-de-la-organizacion-696-x-696-px-ok.png\",\"contentUrl\":\"https:\\\/\\\/pulso27.com\\\/wp-content\\\/uploads\\\/2026\\\/02\\\/Logotipo-de-la-organizacion-696-x-696-px-ok.png\",\"width\":696,\"height\":696,\"caption\":\"Pulso27\"},\"image\":{\"@id\":\"https:\\\/\\\/pulso27.com\\\/en\\\/#\\\/schema\\\/logo\\\/image\\\/\"},\"sameAs\":[\"https:\\\/\\\/www.facebook.com\\\/pulso27\\\/\",\"https:\\\/\\\/x.com\\\/Pulso_27\",\"https:\\\/\\\/www.youtube.com\\\/@Pulso27\",\"https:\\\/\\\/www.tiktok.com\\\/@pulso_27\"]},{\"@type\":\"Person\",\"@id\":\"https:\\\/\\\/pulso27.com\\\/en\\\/#\\\/schema\\\/person\\\/a0930a7f318e7d9d83bd7cffed9f34f6\",\"name\":\"El Muki\",\"image\":{\"@type\":\"ImageObject\",\"inLanguage\":\"es-PE\",\"@id\":\"https:\\\/\\\/secure.gravatar.com\\\/avatar\\\/dc91c2607c5eebda74cbb40d13031f489096c96ead89c4c30c17db262267b2b3?s=96&d=mm&r=g\",\"url\":\"https:\\\/\\\/secure.gravatar.com\\\/avatar\\\/dc91c2607c5eebda74cbb40d13031f489096c96ead89c4c30c17db262267b2b3?s=96&d=mm&r=g\",\"contentUrl\":\"https:\\\/\\\/secure.gravatar.com\\\/avatar\\\/dc91c2607c5eebda74cbb40d13031f489096c96ead89c4c30c17db262267b2b3?s=96&d=mm&r=g\",\"caption\":\"El Muki\"},\"sameAs\":[\"http:\\\/\\\/www.pulso27.com\"],\"url\":\"https:\\\/\\\/pulso27.com\\\/es\\\/author\\\/elcuervo\\\/\"}]}<\/script>\n<!-- \/ Yoast SEO plugin. -->","yoast_head_json":{"title":"Cuestionamientos por transferencia del Proyecto Majes Siguas II de Arequipa al Gobierno Central - Pulso27","robots":{"index":"index","follow":"follow","max-snippet":"max-snippet:-1","max-image-preview":"max-image-preview:large","max-video-preview":"max-video-preview:-1"},"canonical":"https:\/\/pulso27.com\/es\/regional\/cuestionamientos-por-transferencia-del-proyecto-majes-siguas-ii-de-arequipa-al-gobierno-central\/","og_locale":"es_ES","og_type":"article","og_title":"Cuestionamientos por transferencia del Proyecto Majes Siguas II de Arequipa al Gobierno Central - Pulso27","og_description":"El convenio de transferencia del Proyecto Majes Siguas entre el Gobierno Regional de Arequipa (GRA) y el Ministerio de Desarrollo Agrario y Riego (Midagri) ha suscitado una serie de observaciones preliminares, seg\u00fan inform\u00f3 C\u00e9sar Huamantuma Alarc\u00f3n, consejero regional y presidente de la Comisi\u00f3n de Infraestructura y Proyectos de Impacto Regional. Huamantuma se\u00f1al\u00f3 que existen cuatro [&hellip;]","og_url":"https:\/\/pulso27.com\/es\/regional\/cuestionamientos-por-transferencia-del-proyecto-majes-siguas-ii-de-arequipa-al-gobierno-central\/","og_site_name":"Pulso27","article_publisher":"https:\/\/www.facebook.com\/pulso27\/","article_published_time":"2024-05-07T18:08:10+00:00","article_modified_time":"2024-10-14T04:51:25+00:00","og_image":[{"width":2048,"height":1348,"url":"https:\/\/pulso27.com\/wp-content\/uploads\/2024\/05\/MajesSi.jpg","type":"image\/jpeg"}],"author":"El Muki","twitter_card":"summary_large_image","twitter_creator":"@Pulso_27","twitter_site":"@Pulso_27","twitter_misc":{"Written by":"El Muki","Est. reading time":"4 minutos"},"schema":{"@context":"https:\/\/schema.org","@graph":[{"@type":"Article","@id":"https:\/\/pulso27.com\/regional\/cuestionamientos-por-transferencia-del-proyecto-majes-siguas-ii-de-arequipa-al-gobierno-central\/#article","isPartOf":{"@id":"https:\/\/pulso27.com\/regional\/cuestionamientos-por-transferencia-del-proyecto-majes-siguas-ii-de-arequipa-al-gobierno-central\/"},"author":{"name":"El Muki","@id":"https:\/\/pulso27.com\/en\/#\/schema\/person\/a0930a7f318e7d9d83bd7cffed9f34f6"},"headline":"Cuestionamientos por transferencia del Proyecto Majes Siguas II de Arequipa al Gobierno Central","datePublished":"2024-05-07T18:08:10+00:00","dateModified":"2024-10-14T04:51:25+00:00","mainEntityOfPage":{"@id":"https:\/\/pulso27.com\/regional\/cuestionamientos-por-transferencia-del-proyecto-majes-siguas-ii-de-arequipa-al-gobierno-central\/"},"wordCount":536,"commentCount":0,"publisher":{"@id":"https:\/\/pulso27.com\/en\/#organization"},"image":{"@id":"https:\/\/pulso27.com\/regional\/cuestionamientos-por-transferencia-del-proyecto-majes-siguas-ii-de-arequipa-al-gobierno-central\/#primaryimage"},"thumbnailUrl":"https:\/\/pulso27.com\/wp-content\/uploads\/2024\/05\/MajesSi.jpg","keywords":["Arequipa","Majes Siguas II","Riego"],"articleSection":["Regional"],"inLanguage":"es-PE","potentialAction":[{"@type":"CommentAction","name":"Comment","target":["https:\/\/pulso27.com\/regional\/cuestionamientos-por-transferencia-del-proyecto-majes-siguas-ii-de-arequipa-al-gobierno-central\/#respond"]}]},{"@type":"WebPage","@id":"https:\/\/pulso27.com\/regional\/cuestionamientos-por-transferencia-del-proyecto-majes-siguas-ii-de-arequipa-al-gobierno-central\/","url":"https:\/\/pulso27.com\/regional\/cuestionamientos-por-transferencia-del-proyecto-majes-siguas-ii-de-arequipa-al-gobierno-central\/","name":"Cuestionamientos por transferencia del Proyecto Majes Siguas II de Arequipa al Gobierno Central - Pulso27","isPartOf":{"@id":"https:\/\/pulso27.com\/en\/#website"},"primaryImageOfPage":{"@id":"https:\/\/pulso27.com\/regional\/cuestionamientos-por-transferencia-del-proyecto-majes-siguas-ii-de-arequipa-al-gobierno-central\/#primaryimage"},"image":{"@id":"https:\/\/pulso27.com\/regional\/cuestionamientos-por-transferencia-del-proyecto-majes-siguas-ii-de-arequipa-al-gobierno-central\/#primaryimage"},"thumbnailUrl":"https:\/\/pulso27.com\/wp-content\/uploads\/2024\/05\/MajesSi.jpg","datePublished":"2024-05-07T18:08:10+00:00","dateModified":"2024-10-14T04:51:25+00:00","breadcrumb":{"@id":"https:\/\/pulso27.com\/regional\/cuestionamientos-por-transferencia-del-proyecto-majes-siguas-ii-de-arequipa-al-gobierno-central\/#breadcrumb"},"inLanguage":"es-PE","potentialAction":[{"@type":"ReadAction","target":["https:\/\/pulso27.com\/regional\/cuestionamientos-por-transferencia-del-proyecto-majes-siguas-ii-de-arequipa-al-gobierno-central\/"]}]},{"@type":"ImageObject","inLanguage":"es-PE","@id":"https:\/\/pulso27.com\/regional\/cuestionamientos-por-transferencia-del-proyecto-majes-siguas-ii-de-arequipa-al-gobierno-central\/#primaryimage","url":"https:\/\/pulso27.com\/wp-content\/uploads\/2024\/05\/MajesSi.jpg","contentUrl":"https:\/\/pulso27.com\/wp-content\/uploads\/2024\/05\/MajesSi.jpg","width":2048,"height":1348},{"@type":"BreadcrumbList","@id":"https:\/\/pulso27.com\/regional\/cuestionamientos-por-transferencia-del-proyecto-majes-siguas-ii-de-arequipa-al-gobierno-central\/#breadcrumb","itemListElement":[{"@type":"ListItem","position":1,"name":"Portada","item":"https:\/\/pulso27.com\/"},{"@type":"ListItem","position":2,"name":"Cuestionamientos por transferencia del Proyecto Majes Siguas II de Arequipa al Gobierno Central"}]},{"@type":"WebSite","@id":"https:\/\/pulso27.com\/en\/#website","url":"https:\/\/pulso27.com\/en\/","name":"Pulso27","description":"Web de noticias y publicidad","publisher":{"@id":"https:\/\/pulso27.com\/en\/#organization"},"alternateName":"El pulso del pueblo","potentialAction":[{"@type":"SearchAction","target":{"@type":"EntryPoint","urlTemplate":"https:\/\/pulso27.com\/en\/?s={search_term_string}"},"query-input":{"@type":"PropertyValueSpecification","valueRequired":true,"valueName":"search_term_string"}}],"inLanguage":"es-PE"},{"@type":"Organization","@id":"https:\/\/pulso27.com\/en\/#organization","name":"Pulso27","url":"https:\/\/pulso27.com\/en\/","logo":{"@type":"ImageObject","inLanguage":"es-PE","@id":"https:\/\/pulso27.com\/en\/#\/schema\/logo\/image\/","url":"https:\/\/pulso27.com\/wp-content\/uploads\/2026\/02\/Logotipo-de-la-organizacion-696-x-696-px-ok.png","contentUrl":"https:\/\/pulso27.com\/wp-content\/uploads\/2026\/02\/Logotipo-de-la-organizacion-696-x-696-px-ok.png","width":696,"height":696,"caption":"Pulso27"},"image":{"@id":"https:\/\/pulso27.com\/en\/#\/schema\/logo\/image\/"},"sameAs":["https:\/\/www.facebook.com\/pulso27\/","https:\/\/x.com\/Pulso_27","https:\/\/www.youtube.com\/@Pulso27","https:\/\/www.tiktok.com\/@pulso_27"]},{"@type":"Person","@id":"https:\/\/pulso27.com\/en\/#\/schema\/person\/a0930a7f318e7d9d83bd7cffed9f34f6","name":"El Muki","image":{"@type":"ImageObject","inLanguage":"es-PE","@id":"https:\/\/secure.gravatar.com\/avatar\/dc91c2607c5eebda74cbb40d13031f489096c96ead89c4c30c17db262267b2b3?s=96&d=mm&r=g","url":"https:\/\/secure.gravatar.com\/avatar\/dc91c2607c5eebda74cbb40d13031f489096c96ead89c4c30c17db262267b2b3?s=96&d=mm&r=g","contentUrl":"https:\/\/secure.gravatar.com\/avatar\/dc91c2607c5eebda74cbb40d13031f489096c96ead89c4c30c17db262267b2b3?s=96&d=mm&r=g","caption":"El Muki"},"sameAs":["http:\/\/www.pulso27.com"],"url":"https:\/\/pulso27.com\/es\/author\/elcuervo\/"}]}},"amp_enabled":true,"_links":{"self":[{"href":"https:\/\/pulso27.com\/es\/wp-json\/wp\/v2\/posts\/1634","targetHints":{"allow":["GET"]}}],"collection":[{"href":"https:\/\/pulso27.com\/es\/wp-json\/wp\/v2\/posts"}],"about":[{"href":"https:\/\/pulso27.com\/es\/wp-json\/wp\/v2\/types\/post"}],"author":[{"embeddable":true,"href":"https:\/\/pulso27.com\/es\/wp-json\/wp\/v2\/users\/10"}],"replies":[{"embeddable":true,"href":"https:\/\/pulso27.com\/es\/wp-json\/wp\/v2\/comments?post=1634"}],"version-history":[{"count":1,"href":"https:\/\/pulso27.com\/es\/wp-json\/wp\/v2\/posts\/1634\/revisions"}],"predecessor-version":[{"id":1641,"href":"https:\/\/pulso27.com\/es\/wp-json\/wp\/v2\/posts\/1634\/revisions\/1641"}],"wp:featuredmedia":[{"embeddable":true,"href":"https:\/\/pulso27.com\/es\/wp-json\/wp\/v2\/media\/1635"}],"wp:attachment":[{"href":"https:\/\/pulso27.com\/es\/wp-json\/wp\/v2\/media?parent=1634"}],"wp:term":[{"taxonomy":"category","embeddable":true,"href":"https:\/\/pulso27.com\/es\/wp-json\/wp\/v2\/categories?post=1634"},{"taxonomy":"post_tag","embeddable":true,"href":"https:\/\/pulso27.com\/es\/wp-json\/wp\/v2\/tags?post=1634"}],"curies":[{"name":"wp","href":"https:\/\/api.w.org\/{rel}","templated":true}]}}