{"id":1648,"date":"2024-05-09T02:59:54","date_gmt":"2024-05-08T21:59:54","guid":{"rendered":"https:\/\/pulso27.com\/?p=1648"},"modified":"2024-05-09T02:59:54","modified_gmt":"2024-05-08T21:59:54","slug":"paralizacion-de-obras-en-ayacucho-por-corrupcion-e-ineficiente-gestion-regional","status":"publish","type":"post","link":"https:\/\/pulso27.com\/es\/nacional\/paralizacion-de-obras-en-ayacucho-por-corrupcion-e-ineficiente-gestion-regional\/","title":{"rendered":"Paralizaci\u00f3n de obras en Ayacucho por corrupci\u00f3n e ineficiente gesti\u00f3n regional"},"content":{"rendered":"\n<p>Ayacucho se enfrenta a un panorama desalentador en materia de obras p\u00fablicas. Diversos factores, entre los que se encuentran la investigaci\u00f3n por presunta corrupci\u00f3n que pende sobre el gobernador regional, Wilfredo Oscorima N\u00fa\u00f1ez, y la falta de presupuesto, han llevado a la paralizaci\u00f3n de siete proyectos y puesto en riesgo la continuidad de otros once.<\/p>\n\n\n\n<figure class=\"wp-block-image size-full is-resized\"><img loading=\"lazy\" decoding=\"async\" width=\"580\" height=\"330\" src=\"https:\/\/pulso27.com\/wp-content\/uploads\/2024\/05\/ObrasOs.jpg\" alt=\"\" class=\"wp-image-1653\" style=\"width:740px;height:auto\" srcset=\"https:\/\/pulso27.com\/wp-content\/uploads\/2024\/05\/ObrasOs.jpg 580w, https:\/\/pulso27.com\/wp-content\/uploads\/2024\/05\/ObrasOs-300x171.jpg 300w, https:\/\/pulso27.com\/wp-content\/uploads\/2024\/05\/ObrasOs-18x10.jpg 18w\" sizes=\"auto, (max-width: 580px) 100vw, 580px\" \/><figcaption class=\"wp-element-caption\"><em>Gobernador Regional investigado por coimas agrava situaci\u00f3n de Ayacucho<\/em><\/figcaption><\/figure>\n\n\n\n<p><strong>La sombra de la corrupci\u00f3n:<\/strong><\/p>\n\n\n\n<p>El gobernador Oscorima se encuentra bajo investigaci\u00f3n por el caso \u00abRolex\u00bb, en el que se le acusa de haber recibido como coima tres relojes de esta marca y una pulsera Cartier. La fiscal\u00eda ha ampliado la investigaci\u00f3n ante la sospecha de que estos bienes habr\u00edan sido entregados como d\u00e1diva a cambio de favores.<\/p>\n\n\n\n<p><strong>Un futuro incierto para las obras:<\/strong><\/p>\n\n\n\n<p>La suspensi\u00f3n de siete proyectos, entre los que se encuentran la carretera Mollepata &#8211; Pongora y el mejoramiento del servicio de agua potable en Campanayocc, ha generado incertidumbre entre la poblaci\u00f3n y el sector empresarial. Se teme que la falta de presupuesto afecta a\u00fan m\u00e1s obras, dejando sin empleo a millas de trabajadores.<\/p>\n\n\n\n<figure class=\"wp-block-image size-large\"><img loading=\"lazy\" decoding=\"async\" width=\"1024\" height=\"576\" src=\"https:\/\/pulso27.com\/wp-content\/uploads\/2024\/05\/ObraAya-1024x576.jpg\" alt=\"\" class=\"wp-image-1651\" srcset=\"https:\/\/pulso27.com\/wp-content\/uploads\/2024\/05\/ObraAya-1024x576.jpg 1024w, https:\/\/pulso27.com\/wp-content\/uploads\/2024\/05\/ObraAya-300x169.jpg 300w, https:\/\/pulso27.com\/wp-content\/uploads\/2024\/05\/ObraAya-768x432.jpg 768w, https:\/\/pulso27.com\/wp-content\/uploads\/2024\/05\/ObraAya-18x10.jpg 18w, https:\/\/pulso27.com\/wp-content\/uploads\/2024\/05\/ObraAya.jpg 1280w\" sizes=\"auto, (max-width: 1024px) 100vw, 1024px\" \/><figcaption class=\"wp-element-caption\"><em>Obra vial paralizada que podr\u00eda unir dos distritos metropolitanos de Huamanga<\/em><\/figcaption><\/figure>\n\n\n\n<p><strong>Falta de transparencia y cuestionamientos:<\/strong><\/p>\n\n\n\n<p>La gesti\u00f3n de Oscorima ha estado marcada por la falta de transparencia y los cuestionamientos. La reciente contrataci\u00f3n del abogado Hans Cavero como asesor del despacho de Gobernaci\u00f3n, quien en el pasado hab\u00eda sido un duro cr\u00edtico del gobernador, ha generado suspicacias.<\/p>\n\n\n\n<p><strong>Llamado a la acci\u00f3n:<\/strong><\/p>\n\n\n\n<p>Diversas voces se han levantado para exigir que se tomen medidas urgentes para evitar la paralizaci\u00f3n de las obras y garantizar el desarrollo de la regi\u00f3n. El presidente de la Asociaci\u00f3n Civil Por el Desarrollo de Ayacucho, C\u00e9sar Le\u00f3n Guerra, ha hecho hincapi\u00e9 en la necesidad de que el gobierno central inyecte recursos a la regi\u00f3n y que las investigaciones sigan su curso sin afectar el avance de las obras.<\/p>\n\n\n\n<p><strong>En busca de soluciones:<\/strong><\/p>\n\n\n\n<p>El consejero regional por Huanta, Julio Ernesto V\u00e1ldez, ha cuestionado la falta de planificaci\u00f3n y previsi\u00f3n por parte del ejecutivo regional, que habr\u00eda iniciado obras sin contar con los recursos necesarios para su culminaci\u00f3n. V\u00e1ldez ha pedido que se convoque al gerente de Infraestructura y al gerente general del GRA para que den explicaciones sobre la situaci\u00f3n.<\/p>\n\n\n\n<figure class=\"wp-block-image size-large\"><img loading=\"lazy\" decoding=\"async\" width=\"1024\" height=\"574\" src=\"https:\/\/pulso27.com\/wp-content\/uploads\/2024\/05\/Obraaay-1024x574.jpg\" alt=\"\" class=\"wp-image-1652\" srcset=\"https:\/\/pulso27.com\/wp-content\/uploads\/2024\/05\/Obraaay-1024x574.jpg 1024w, https:\/\/pulso27.com\/wp-content\/uploads\/2024\/05\/Obraaay-300x168.jpg 300w, https:\/\/pulso27.com\/wp-content\/uploads\/2024\/05\/Obraaay-768x430.jpg 768w, https:\/\/pulso27.com\/wp-content\/uploads\/2024\/05\/Obraaay-18x10.jpg 18w, https:\/\/pulso27.com\/wp-content\/uploads\/2024\/05\/Obraaay.jpg 1185w\" sizes=\"auto, (max-width: 1024px) 100vw, 1024px\" \/><figcaption class=\"wp-element-caption\"><em>Contralor\u00eda General ya hab\u00eda advertido sobre obras paralizadas en Ayacucho<\/em><\/figcaption><\/figure>\n\n\n\n<p><strong>Un futuro incierto:<\/strong><\/p>\n\n\n\n<p>El panorama actual en Ayacucho es complejo e incierto. La investigaci\u00f3n contra el gobernador, la falta de presupuesto y la cuestionable gesti\u00f3n regional amenazan con paralizar las obras p\u00fablicas y generar un grave impacto en la econom\u00eda y el bienestar de la poblaci\u00f3n. Se requieren acciones urgentes y transparentes para garantizar el desarrollo de la regi\u00f3n y evitar que caiga en un abismo de ineficiencia y corrupci\u00f3n.<\/p>\n\n\n\n<p>El mes pasado, la Contralor\u00eda ya hab\u00eda emitido advertencias sobre algunos problemas que detect\u00f3 en dos de los proyectos del Gobierno Regional de Ayacucho, en los que se invirti\u00f3 dinero transferido por el Ejecutivo luego de que la presidenta Dina Boluarte recibiera relojes y pulseras de lujo.<\/p>\n\n\n\n<p>Fuente: Webs y red de noticias<\/p>\n","protected":false},"excerpt":{"rendered":"<p>Ayacucho se enfrenta a un panorama desalentador en materia de obras p\u00fablicas. Diversos factores, entre los que se encuentran la investigaci\u00f3n por presunta corrupci\u00f3n que pende sobre el gobernador regional, Wilfredo Oscorima N\u00fa\u00f1ez, y la falta de presupuesto, han llevado a la paralizaci\u00f3n de siete proyectos y puesto en riesgo la continuidad de otros once. [&hellip;]<\/p>\n","protected":false},"author":10,"featured_media":1650,"comment_status":"open","ping_status":"open","sticky":false,"template":"","format":"standard","meta":{"footnotes":""},"categories":[183,174],"tags":[203,572,697,665],"class_list":["post-1648","post","type-post","status-publish","format-standard","has-post-thumbnail","hentry","category-actualidad","category-nacional","tag-ayacucho","tag-dina-boluarte","tag-obras-paralizadas","tag-oscorima"],"yoast_head":"<!-- This site is optimized with the Yoast SEO plugin v27.4 - https:\/\/yoast.com\/product\/yoast-seo-wordpress\/ -->\n<title>Paralizaci\u00f3n de obras en Ayacucho por corrupci\u00f3n e ineficiente gesti\u00f3n regional - Pulso27<\/title>\n<meta name=\"robots\" content=\"index, follow, max-snippet:-1, max-image-preview:large, max-video-preview:-1\" \/>\n<link rel=\"canonical\" href=\"https:\/\/pulso27.com\/es\/nacional\/paralizacion-de-obras-en-ayacucho-por-corrupcion-e-ineficiente-gestion-regional\/\" \/>\n<meta property=\"og:locale\" content=\"es_ES\" \/>\n<meta property=\"og:type\" content=\"article\" \/>\n<meta property=\"og:title\" content=\"Paralizaci\u00f3n de obras en Ayacucho por corrupci\u00f3n e ineficiente gesti\u00f3n regional - Pulso27\" \/>\n<meta property=\"og:description\" content=\"Ayacucho se enfrenta a un panorama desalentador en materia de obras p\u00fablicas. Diversos factores, entre los que se encuentran la investigaci\u00f3n por presunta corrupci\u00f3n que pende sobre el gobernador regional, Wilfredo Oscorima N\u00fa\u00f1ez, y la falta de presupuesto, han llevado a la paralizaci\u00f3n de siete proyectos y puesto en riesgo la continuidad de otros once. [&hellip;]\" \/>\n<meta property=\"og:url\" content=\"https:\/\/pulso27.com\/es\/nacional\/paralizacion-de-obras-en-ayacucho-por-corrupcion-e-ineficiente-gestion-regional\/\" \/>\n<meta property=\"og:site_name\" content=\"Pulso27\" \/>\n<meta property=\"article:publisher\" content=\"https:\/\/www.facebook.com\/pulso27\/\" \/>\n<meta property=\"article:published_time\" content=\"2024-05-08T21:59:54+00:00\" \/>\n<meta property=\"og:image\" content=\"https:\/\/pulso27.com\/wp-content\/uploads\/2024\/05\/Obrasayy.jpg\" \/>\n\t<meta property=\"og:image:width\" content=\"2048\" \/>\n\t<meta property=\"og:image:height\" content=\"1368\" \/>\n\t<meta property=\"og:image:type\" content=\"image\/jpeg\" \/>\n<meta name=\"author\" content=\"El Muki\" \/>\n<meta name=\"twitter:card\" content=\"summary_large_image\" \/>\n<meta name=\"twitter:creator\" content=\"@Pulso_27\" \/>\n<meta name=\"twitter:site\" content=\"@Pulso_27\" \/>\n<meta name=\"twitter:label1\" content=\"Written by\" \/>\n\t<meta name=\"twitter:data1\" content=\"El Muki\" \/>\n\t<meta name=\"twitter:label2\" content=\"Est. reading time\" \/>\n\t<meta name=\"twitter:data2\" content=\"3 minutos\" \/>\n<script type=\"application\/ld+json\" class=\"yoast-schema-graph\">{\"@context\":\"https:\\\/\\\/schema.org\",\"@graph\":[{\"@type\":\"Article\",\"@id\":\"https:\\\/\\\/pulso27.com\\\/nacional\\\/paralizacion-de-obras-en-ayacucho-por-corrupcion-e-ineficiente-gestion-regional\\\/#article\",\"isPartOf\":{\"@id\":\"https:\\\/\\\/pulso27.com\\\/nacional\\\/paralizacion-de-obras-en-ayacucho-por-corrupcion-e-ineficiente-gestion-regional\\\/\"},\"author\":{\"name\":\"El Muki\",\"@id\":\"https:\\\/\\\/pulso27.com\\\/en\\\/#\\\/schema\\\/person\\\/a0930a7f318e7d9d83bd7cffed9f34f6\"},\"headline\":\"Paralizaci\u00f3n de obras en Ayacucho por corrupci\u00f3n e ineficiente gesti\u00f3n regional\",\"datePublished\":\"2024-05-08T21:59:54+00:00\",\"mainEntityOfPage\":{\"@id\":\"https:\\\/\\\/pulso27.com\\\/nacional\\\/paralizacion-de-obras-en-ayacucho-por-corrupcion-e-ineficiente-gestion-regional\\\/\"},\"wordCount\":568,\"commentCount\":0,\"publisher\":{\"@id\":\"https:\\\/\\\/pulso27.com\\\/en\\\/#organization\"},\"image\":{\"@id\":\"https:\\\/\\\/pulso27.com\\\/nacional\\\/paralizacion-de-obras-en-ayacucho-por-corrupcion-e-ineficiente-gestion-regional\\\/#primaryimage\"},\"thumbnailUrl\":\"https:\\\/\\\/pulso27.com\\\/wp-content\\\/uploads\\\/2024\\\/05\\\/Obrasayy.jpg\",\"keywords\":[\"Ayacucho\",\"Dina Boluarte\",\"Obras paralizadas\",\"Oscorima\"],\"articleSection\":[\"Actualidad\",\"Nacional\"],\"inLanguage\":\"es-PE\",\"potentialAction\":[{\"@type\":\"CommentAction\",\"name\":\"Comment\",\"target\":[\"https:\\\/\\\/pulso27.com\\\/nacional\\\/paralizacion-de-obras-en-ayacucho-por-corrupcion-e-ineficiente-gestion-regional\\\/#respond\"]}]},{\"@type\":\"WebPage\",\"@id\":\"https:\\\/\\\/pulso27.com\\\/nacional\\\/paralizacion-de-obras-en-ayacucho-por-corrupcion-e-ineficiente-gestion-regional\\\/\",\"url\":\"https:\\\/\\\/pulso27.com\\\/nacional\\\/paralizacion-de-obras-en-ayacucho-por-corrupcion-e-ineficiente-gestion-regional\\\/\",\"name\":\"Paralizaci\u00f3n de obras en Ayacucho por corrupci\u00f3n e ineficiente gesti\u00f3n regional - Pulso27\",\"isPartOf\":{\"@id\":\"https:\\\/\\\/pulso27.com\\\/en\\\/#website\"},\"primaryImageOfPage\":{\"@id\":\"https:\\\/\\\/pulso27.com\\\/nacional\\\/paralizacion-de-obras-en-ayacucho-por-corrupcion-e-ineficiente-gestion-regional\\\/#primaryimage\"},\"image\":{\"@id\":\"https:\\\/\\\/pulso27.com\\\/nacional\\\/paralizacion-de-obras-en-ayacucho-por-corrupcion-e-ineficiente-gestion-regional\\\/#primaryimage\"},\"thumbnailUrl\":\"https:\\\/\\\/pulso27.com\\\/wp-content\\\/uploads\\\/2024\\\/05\\\/Obrasayy.jpg\",\"datePublished\":\"2024-05-08T21:59:54+00:00\",\"breadcrumb\":{\"@id\":\"https:\\\/\\\/pulso27.com\\\/nacional\\\/paralizacion-de-obras-en-ayacucho-por-corrupcion-e-ineficiente-gestion-regional\\\/#breadcrumb\"},\"inLanguage\":\"es-PE\",\"potentialAction\":[{\"@type\":\"ReadAction\",\"target\":[\"https:\\\/\\\/pulso27.com\\\/nacional\\\/paralizacion-de-obras-en-ayacucho-por-corrupcion-e-ineficiente-gestion-regional\\\/\"]}]},{\"@type\":\"ImageObject\",\"inLanguage\":\"es-PE\",\"@id\":\"https:\\\/\\\/pulso27.com\\\/nacional\\\/paralizacion-de-obras-en-ayacucho-por-corrupcion-e-ineficiente-gestion-regional\\\/#primaryimage\",\"url\":\"https:\\\/\\\/pulso27.com\\\/wp-content\\\/uploads\\\/2024\\\/05\\\/Obrasayy.jpg\",\"contentUrl\":\"https:\\\/\\\/pulso27.com\\\/wp-content\\\/uploads\\\/2024\\\/05\\\/Obrasayy.jpg\",\"width\":2048,\"height\":1368},{\"@type\":\"BreadcrumbList\",\"@id\":\"https:\\\/\\\/pulso27.com\\\/nacional\\\/paralizacion-de-obras-en-ayacucho-por-corrupcion-e-ineficiente-gestion-regional\\\/#breadcrumb\",\"itemListElement\":[{\"@type\":\"ListItem\",\"position\":1,\"name\":\"Portada\",\"item\":\"https:\\\/\\\/pulso27.com\\\/\"},{\"@type\":\"ListItem\",\"position\":2,\"name\":\"Paralizaci\u00f3n de obras en Ayacucho por corrupci\u00f3n e ineficiente gesti\u00f3n regional\"}]},{\"@type\":\"WebSite\",\"@id\":\"https:\\\/\\\/pulso27.com\\\/en\\\/#website\",\"url\":\"https:\\\/\\\/pulso27.com\\\/en\\\/\",\"name\":\"Pulso27\",\"description\":\"Web de noticias y publicidad\",\"publisher\":{\"@id\":\"https:\\\/\\\/pulso27.com\\\/en\\\/#organization\"},\"alternateName\":\"El pulso del pueblo\",\"potentialAction\":[{\"@type\":\"SearchAction\",\"target\":{\"@type\":\"EntryPoint\",\"urlTemplate\":\"https:\\\/\\\/pulso27.com\\\/en\\\/?s={search_term_string}\"},\"query-input\":{\"@type\":\"PropertyValueSpecification\",\"valueRequired\":true,\"valueName\":\"search_term_string\"}}],\"inLanguage\":\"es-PE\"},{\"@type\":\"Organization\",\"@id\":\"https:\\\/\\\/pulso27.com\\\/en\\\/#organization\",\"name\":\"Pulso27\",\"url\":\"https:\\\/\\\/pulso27.com\\\/en\\\/\",\"logo\":{\"@type\":\"ImageObject\",\"inLanguage\":\"es-PE\",\"@id\":\"https:\\\/\\\/pulso27.com\\\/en\\\/#\\\/schema\\\/logo\\\/image\\\/\",\"url\":\"https:\\\/\\\/pulso27.com\\\/wp-content\\\/uploads\\\/2026\\\/02\\\/Logotipo-de-la-organizacion-696-x-696-px-ok.png\",\"contentUrl\":\"https:\\\/\\\/pulso27.com\\\/wp-content\\\/uploads\\\/2026\\\/02\\\/Logotipo-de-la-organizacion-696-x-696-px-ok.png\",\"width\":696,\"height\":696,\"caption\":\"Pulso27\"},\"image\":{\"@id\":\"https:\\\/\\\/pulso27.com\\\/en\\\/#\\\/schema\\\/logo\\\/image\\\/\"},\"sameAs\":[\"https:\\\/\\\/www.facebook.com\\\/pulso27\\\/\",\"https:\\\/\\\/x.com\\\/Pulso_27\",\"https:\\\/\\\/www.youtube.com\\\/@Pulso27\",\"https:\\\/\\\/www.tiktok.com\\\/@pulso_27\"]},{\"@type\":\"Person\",\"@id\":\"https:\\\/\\\/pulso27.com\\\/en\\\/#\\\/schema\\\/person\\\/a0930a7f318e7d9d83bd7cffed9f34f6\",\"name\":\"El Muki\",\"image\":{\"@type\":\"ImageObject\",\"inLanguage\":\"es-PE\",\"@id\":\"https:\\\/\\\/secure.gravatar.com\\\/avatar\\\/dc91c2607c5eebda74cbb40d13031f489096c96ead89c4c30c17db262267b2b3?s=96&d=mm&r=g\",\"url\":\"https:\\\/\\\/secure.gravatar.com\\\/avatar\\\/dc91c2607c5eebda74cbb40d13031f489096c96ead89c4c30c17db262267b2b3?s=96&d=mm&r=g\",\"contentUrl\":\"https:\\\/\\\/secure.gravatar.com\\\/avatar\\\/dc91c2607c5eebda74cbb40d13031f489096c96ead89c4c30c17db262267b2b3?s=96&d=mm&r=g\",\"caption\":\"El Muki\"},\"sameAs\":[\"http:\\\/\\\/www.pulso27.com\"],\"url\":\"https:\\\/\\\/pulso27.com\\\/es\\\/author\\\/elcuervo\\\/\"}]}<\/script>\n<!-- \/ Yoast SEO plugin. -->","yoast_head_json":{"title":"Paralizaci\u00f3n de obras en Ayacucho por corrupci\u00f3n e ineficiente gesti\u00f3n regional - Pulso27","robots":{"index":"index","follow":"follow","max-snippet":"max-snippet:-1","max-image-preview":"max-image-preview:large","max-video-preview":"max-video-preview:-1"},"canonical":"https:\/\/pulso27.com\/es\/nacional\/paralizacion-de-obras-en-ayacucho-por-corrupcion-e-ineficiente-gestion-regional\/","og_locale":"es_ES","og_type":"article","og_title":"Paralizaci\u00f3n de obras en Ayacucho por corrupci\u00f3n e ineficiente gesti\u00f3n regional - Pulso27","og_description":"Ayacucho se enfrenta a un panorama desalentador en materia de obras p\u00fablicas. Diversos factores, entre los que se encuentran la investigaci\u00f3n por presunta corrupci\u00f3n que pende sobre el gobernador regional, Wilfredo Oscorima N\u00fa\u00f1ez, y la falta de presupuesto, han llevado a la paralizaci\u00f3n de siete proyectos y puesto en riesgo la continuidad de otros once. [&hellip;]","og_url":"https:\/\/pulso27.com\/es\/nacional\/paralizacion-de-obras-en-ayacucho-por-corrupcion-e-ineficiente-gestion-regional\/","og_site_name":"Pulso27","article_publisher":"https:\/\/www.facebook.com\/pulso27\/","article_published_time":"2024-05-08T21:59:54+00:00","og_image":[{"width":2048,"height":1368,"url":"https:\/\/pulso27.com\/wp-content\/uploads\/2024\/05\/Obrasayy.jpg","type":"image\/jpeg"}],"author":"El Muki","twitter_card":"summary_large_image","twitter_creator":"@Pulso_27","twitter_site":"@Pulso_27","twitter_misc":{"Written by":"El Muki","Est. reading time":"3 minutos"},"schema":{"@context":"https:\/\/schema.org","@graph":[{"@type":"Article","@id":"https:\/\/pulso27.com\/nacional\/paralizacion-de-obras-en-ayacucho-por-corrupcion-e-ineficiente-gestion-regional\/#article","isPartOf":{"@id":"https:\/\/pulso27.com\/nacional\/paralizacion-de-obras-en-ayacucho-por-corrupcion-e-ineficiente-gestion-regional\/"},"author":{"name":"El Muki","@id":"https:\/\/pulso27.com\/en\/#\/schema\/person\/a0930a7f318e7d9d83bd7cffed9f34f6"},"headline":"Paralizaci\u00f3n de obras en Ayacucho por corrupci\u00f3n e ineficiente gesti\u00f3n regional","datePublished":"2024-05-08T21:59:54+00:00","mainEntityOfPage":{"@id":"https:\/\/pulso27.com\/nacional\/paralizacion-de-obras-en-ayacucho-por-corrupcion-e-ineficiente-gestion-regional\/"},"wordCount":568,"commentCount":0,"publisher":{"@id":"https:\/\/pulso27.com\/en\/#organization"},"image":{"@id":"https:\/\/pulso27.com\/nacional\/paralizacion-de-obras-en-ayacucho-por-corrupcion-e-ineficiente-gestion-regional\/#primaryimage"},"thumbnailUrl":"https:\/\/pulso27.com\/wp-content\/uploads\/2024\/05\/Obrasayy.jpg","keywords":["Ayacucho","Dina Boluarte","Obras paralizadas","Oscorima"],"articleSection":["Actualidad","Nacional"],"inLanguage":"es-PE","potentialAction":[{"@type":"CommentAction","name":"Comment","target":["https:\/\/pulso27.com\/nacional\/paralizacion-de-obras-en-ayacucho-por-corrupcion-e-ineficiente-gestion-regional\/#respond"]}]},{"@type":"WebPage","@id":"https:\/\/pulso27.com\/nacional\/paralizacion-de-obras-en-ayacucho-por-corrupcion-e-ineficiente-gestion-regional\/","url":"https:\/\/pulso27.com\/nacional\/paralizacion-de-obras-en-ayacucho-por-corrupcion-e-ineficiente-gestion-regional\/","name":"Paralizaci\u00f3n de obras en Ayacucho por corrupci\u00f3n e ineficiente gesti\u00f3n regional - Pulso27","isPartOf":{"@id":"https:\/\/pulso27.com\/en\/#website"},"primaryImageOfPage":{"@id":"https:\/\/pulso27.com\/nacional\/paralizacion-de-obras-en-ayacucho-por-corrupcion-e-ineficiente-gestion-regional\/#primaryimage"},"image":{"@id":"https:\/\/pulso27.com\/nacional\/paralizacion-de-obras-en-ayacucho-por-corrupcion-e-ineficiente-gestion-regional\/#primaryimage"},"thumbnailUrl":"https:\/\/pulso27.com\/wp-content\/uploads\/2024\/05\/Obrasayy.jpg","datePublished":"2024-05-08T21:59:54+00:00","breadcrumb":{"@id":"https:\/\/pulso27.com\/nacional\/paralizacion-de-obras-en-ayacucho-por-corrupcion-e-ineficiente-gestion-regional\/#breadcrumb"},"inLanguage":"es-PE","potentialAction":[{"@type":"ReadAction","target":["https:\/\/pulso27.com\/nacional\/paralizacion-de-obras-en-ayacucho-por-corrupcion-e-ineficiente-gestion-regional\/"]}]},{"@type":"ImageObject","inLanguage":"es-PE","@id":"https:\/\/pulso27.com\/nacional\/paralizacion-de-obras-en-ayacucho-por-corrupcion-e-ineficiente-gestion-regional\/#primaryimage","url":"https:\/\/pulso27.com\/wp-content\/uploads\/2024\/05\/Obrasayy.jpg","contentUrl":"https:\/\/pulso27.com\/wp-content\/uploads\/2024\/05\/Obrasayy.jpg","width":2048,"height":1368},{"@type":"BreadcrumbList","@id":"https:\/\/pulso27.com\/nacional\/paralizacion-de-obras-en-ayacucho-por-corrupcion-e-ineficiente-gestion-regional\/#breadcrumb","itemListElement":[{"@type":"ListItem","position":1,"name":"Portada","item":"https:\/\/pulso27.com\/"},{"@type":"ListItem","position":2,"name":"Paralizaci\u00f3n de obras en Ayacucho por corrupci\u00f3n e ineficiente gesti\u00f3n regional"}]},{"@type":"WebSite","@id":"https:\/\/pulso27.com\/en\/#website","url":"https:\/\/pulso27.com\/en\/","name":"Pulso27","description":"Web de noticias y publicidad","publisher":{"@id":"https:\/\/pulso27.com\/en\/#organization"},"alternateName":"El pulso del pueblo","potentialAction":[{"@type":"SearchAction","target":{"@type":"EntryPoint","urlTemplate":"https:\/\/pulso27.com\/en\/?s={search_term_string}"},"query-input":{"@type":"PropertyValueSpecification","valueRequired":true,"valueName":"search_term_string"}}],"inLanguage":"es-PE"},{"@type":"Organization","@id":"https:\/\/pulso27.com\/en\/#organization","name":"Pulso27","url":"https:\/\/pulso27.com\/en\/","logo":{"@type":"ImageObject","inLanguage":"es-PE","@id":"https:\/\/pulso27.com\/en\/#\/schema\/logo\/image\/","url":"https:\/\/pulso27.com\/wp-content\/uploads\/2026\/02\/Logotipo-de-la-organizacion-696-x-696-px-ok.png","contentUrl":"https:\/\/pulso27.com\/wp-content\/uploads\/2026\/02\/Logotipo-de-la-organizacion-696-x-696-px-ok.png","width":696,"height":696,"caption":"Pulso27"},"image":{"@id":"https:\/\/pulso27.com\/en\/#\/schema\/logo\/image\/"},"sameAs":["https:\/\/www.facebook.com\/pulso27\/","https:\/\/x.com\/Pulso_27","https:\/\/www.youtube.com\/@Pulso27","https:\/\/www.tiktok.com\/@pulso_27"]},{"@type":"Person","@id":"https:\/\/pulso27.com\/en\/#\/schema\/person\/a0930a7f318e7d9d83bd7cffed9f34f6","name":"El Muki","image":{"@type":"ImageObject","inLanguage":"es-PE","@id":"https:\/\/secure.gravatar.com\/avatar\/dc91c2607c5eebda74cbb40d13031f489096c96ead89c4c30c17db262267b2b3?s=96&d=mm&r=g","url":"https:\/\/secure.gravatar.com\/avatar\/dc91c2607c5eebda74cbb40d13031f489096c96ead89c4c30c17db262267b2b3?s=96&d=mm&r=g","contentUrl":"https:\/\/secure.gravatar.com\/avatar\/dc91c2607c5eebda74cbb40d13031f489096c96ead89c4c30c17db262267b2b3?s=96&d=mm&r=g","caption":"El Muki"},"sameAs":["http:\/\/www.pulso27.com"],"url":"https:\/\/pulso27.com\/es\/author\/elcuervo\/"}]}},"amp_enabled":true,"_links":{"self":[{"href":"https:\/\/pulso27.com\/es\/wp-json\/wp\/v2\/posts\/1648","targetHints":{"allow":["GET"]}}],"collection":[{"href":"https:\/\/pulso27.com\/es\/wp-json\/wp\/v2\/posts"}],"about":[{"href":"https:\/\/pulso27.com\/es\/wp-json\/wp\/v2\/types\/post"}],"author":[{"embeddable":true,"href":"https:\/\/pulso27.com\/es\/wp-json\/wp\/v2\/users\/10"}],"replies":[{"embeddable":true,"href":"https:\/\/pulso27.com\/es\/wp-json\/wp\/v2\/comments?post=1648"}],"version-history":[{"count":1,"href":"https:\/\/pulso27.com\/es\/wp-json\/wp\/v2\/posts\/1648\/revisions"}],"predecessor-version":[{"id":1654,"href":"https:\/\/pulso27.com\/es\/wp-json\/wp\/v2\/posts\/1648\/revisions\/1654"}],"wp:featuredmedia":[{"embeddable":true,"href":"https:\/\/pulso27.com\/es\/wp-json\/wp\/v2\/media\/1650"}],"wp:attachment":[{"href":"https:\/\/pulso27.com\/es\/wp-json\/wp\/v2\/media?parent=1648"}],"wp:term":[{"taxonomy":"category","embeddable":true,"href":"https:\/\/pulso27.com\/es\/wp-json\/wp\/v2\/categories?post=1648"},{"taxonomy":"post_tag","embeddable":true,"href":"https:\/\/pulso27.com\/es\/wp-json\/wp\/v2\/tags?post=1648"}],"curies":[{"name":"wp","href":"https:\/\/api.w.org\/{rel}","templated":true}]}}