{"id":1655,"date":"2024-05-09T03:12:11","date_gmt":"2024-05-08T22:12:11","guid":{"rendered":"https:\/\/pulso27.com\/?p=1655"},"modified":"2024-05-09T03:12:12","modified_gmt":"2024-05-08T22:12:12","slug":"pension-vitalicia-de-alberto-fujimori-y-pedro-castillo","status":"publish","type":"post","link":"https:\/\/pulso27.com\/es\/actualidad\/politica\/pension-vitalicia-de-alberto-fujimori-y-pedro-castillo\/","title":{"rendered":"Pensi\u00f3n vitalicia de Alberto Fujimori y Pedro Castillo"},"content":{"rendered":"\n<p>Ante la petici\u00f3n de la pensi\u00f3n vitalicia de Alberto Fujimori y la negaci\u00f3n de la misma a Pedro Castillo, contrast\u00e1ndolo con las leyes constitucionales peruanas.<\/p>\n\n\n\n<p>Seg\u00fan el art\u00edculo 121 de la Constituci\u00f3n Pol\u00edtica del Per\u00fa, los expresidentes tienen derecho a una pensi\u00f3n vitalicia pagada por el Estado, luego de haber cesado en sus funciones. Sin embargo, esta pensi\u00f3n puede ser suspendida si el Congreso formula una acusaci\u00f3n constitucional contra el ex mandatario, tal como ocurri\u00f3 en el caso de Pedro Castillo.<\/p>\n\n\n\n<p>La decisi\u00f3n del Congreso de negar la pensi\u00f3n a Pedro Castillo se sustenta en el procedimiento de acusaci\u00f3n constitucional iniciado en su contra. Esto estar\u00eda alineado con la Constituci\u00f3n.<br>No obstante, el pedido de pensi\u00f3n de Alberto Fujimori genera una contradicci\u00f3n, ya que tambi\u00e9n fue objeto de un proceso de acusaci\u00f3n constitucional durante su gobierno y fue condenado penalmente por delitos graves contra los derechos humanos.<\/p>\n\n\n\n<p>La bancada de Fuerza Popular argumenta que Fujimori tiene \u00ableg\u00edtimo derecho\u00bb a la pensi\u00f3n por haber \u00abderrotado al terrorismo\u00bb. Sin embargo, este argumento no parece tener sustento legal, ya que la Constituci\u00f3n no establece excepciones basadas en m\u00e9ritos para acceder a la pensi\u00f3n vitalicia.<\/p>\n\n\n\n<p>Adicionalmente, cabe mencionar que Alberto Fujimori a\u00fan mantiene una deuda de reparaci\u00f3n civil de 15 millones de d\u00f3lares con el Estado peruano, lo cual podr\u00eda representar un obst\u00e1culo adicional para acceder a beneficios estatales.<\/p>\n\n\n\n<p>Si bien es cierto, la negaci\u00f3n de la pensi\u00f3n a Pedro Castillo parece ajustarse a la Constituci\u00f3n, el pedido de pensi\u00f3n de Alberto Fujimori genera una aparente contradicci\u00f3n y desigualdad en la aplicaci\u00f3n de la ley, dado que tambi\u00e9n enfrent\u00f3 un proceso de acusaci\u00f3n constitucional y fue condenado penalmente.<\/p>\n\n\n\n<p>Esta situaci\u00f3n evidencia la necesidad de una aplicaci\u00f3n coherente y equitativa de las normas constitucionales, independientemente de consideraciones pol\u00edticas o m\u00e9ritos alegados.<\/p>\n","protected":false},"excerpt":{"rendered":"<p>Ante la petici\u00f3n de la pensi\u00f3n vitalicia de Alberto Fujimori y la negaci\u00f3n de la misma a Pedro Castillo, contrast\u00e1ndolo con las leyes constitucionales peruanas. Seg\u00fan el art\u00edculo 121 de la Constituci\u00f3n Pol\u00edtica del Per\u00fa, los expresidentes tienen derecho a una pensi\u00f3n vitalicia pagada por el Estado, luego de haber cesado en sus funciones. Sin [&hellip;]<\/p>\n","protected":false},"author":7,"featured_media":1656,"comment_status":"open","ping_status":"open","sticky":false,"template":"","format":"standard","meta":{"footnotes":""},"categories":[180],"tags":[563,699],"class_list":["post-1655","post","type-post","status-publish","format-standard","has-post-thumbnail","hentry","category-politica","tag-pedro-castillo","tag-pension-vitalicia"],"yoast_head":"<!-- This site is optimized with the Yoast SEO plugin v27.4 - https:\/\/yoast.com\/product\/yoast-seo-wordpress\/ -->\n<title>Pensi\u00f3n vitalicia de Alberto Fujimori y Pedro Castillo - Pulso27<\/title>\n<meta name=\"robots\" content=\"index, follow, max-snippet:-1, max-image-preview:large, max-video-preview:-1\" \/>\n<link rel=\"canonical\" href=\"https:\/\/pulso27.com\/es\/politica\/pension-vitalicia-de-alberto-fujimori-y-pedro-castillo\/\" \/>\n<meta property=\"og:locale\" content=\"es_ES\" \/>\n<meta property=\"og:type\" content=\"article\" \/>\n<meta property=\"og:title\" content=\"Pensi\u00f3n vitalicia de Alberto Fujimori y Pedro Castillo - Pulso27\" \/>\n<meta property=\"og:description\" content=\"Ante la petici\u00f3n de la pensi\u00f3n vitalicia de Alberto Fujimori y la negaci\u00f3n de la misma a Pedro Castillo, contrast\u00e1ndolo con las leyes constitucionales peruanas. Seg\u00fan el art\u00edculo 121 de la Constituci\u00f3n Pol\u00edtica del Per\u00fa, los expresidentes tienen derecho a una pensi\u00f3n vitalicia pagada por el Estado, luego de haber cesado en sus funciones. Sin [&hellip;]\" \/>\n<meta property=\"og:url\" content=\"https:\/\/pulso27.com\/es\/politica\/pension-vitalicia-de-alberto-fujimori-y-pedro-castillo\/\" \/>\n<meta property=\"og:site_name\" content=\"Pulso27\" \/>\n<meta property=\"article:publisher\" content=\"https:\/\/www.facebook.com\/pulso27\/\" \/>\n<meta property=\"article:published_time\" content=\"2024-05-08T22:12:11+00:00\" \/>\n<meta property=\"article:modified_time\" content=\"2024-05-08T22:12:12+00:00\" \/>\n<meta property=\"og:image\" content=\"https:\/\/pulso27.com\/wp-content\/uploads\/2024\/05\/Pensi.jpg.jpeg\" \/>\n\t<meta property=\"og:image:width\" content=\"1494\" \/>\n\t<meta property=\"og:image:height\" content=\"862\" \/>\n\t<meta property=\"og:image:type\" content=\"image\/jpeg\" \/>\n<meta name=\"author\" content=\"Tupaq\" \/>\n<meta name=\"twitter:card\" content=\"summary_large_image\" \/>\n<meta name=\"twitter:creator\" content=\"@Pulso_27\" \/>\n<meta name=\"twitter:site\" content=\"@Pulso_27\" \/>\n<meta name=\"twitter:label1\" content=\"Written by\" \/>\n\t<meta name=\"twitter:data1\" content=\"Tupaq\" \/>\n\t<meta name=\"twitter:label2\" content=\"Est. reading time\" \/>\n\t<meta name=\"twitter:data2\" content=\"2 minutos\" \/>\n<script type=\"application\/ld+json\" class=\"yoast-schema-graph\">{\"@context\":\"https:\\\/\\\/schema.org\",\"@graph\":[{\"@type\":\"Article\",\"@id\":\"https:\\\/\\\/pulso27.com\\\/politica\\\/pension-vitalicia-de-alberto-fujimori-y-pedro-castillo\\\/#article\",\"isPartOf\":{\"@id\":\"https:\\\/\\\/pulso27.com\\\/politica\\\/pension-vitalicia-de-alberto-fujimori-y-pedro-castillo\\\/\"},\"author\":{\"name\":\"Tupaq\",\"@id\":\"https:\\\/\\\/pulso27.com\\\/en\\\/#\\\/schema\\\/person\\\/d20fd7f5bc7f2e53fd150d43fca07a78\"},\"headline\":\"Pensi\u00f3n vitalicia de Alberto Fujimori y Pedro Castillo\",\"datePublished\":\"2024-05-08T22:12:11+00:00\",\"dateModified\":\"2024-05-08T22:12:12+00:00\",\"mainEntityOfPage\":{\"@id\":\"https:\\\/\\\/pulso27.com\\\/politica\\\/pension-vitalicia-de-alberto-fujimori-y-pedro-castillo\\\/\"},\"wordCount\":345,\"commentCount\":0,\"publisher\":{\"@id\":\"https:\\\/\\\/pulso27.com\\\/en\\\/#organization\"},\"image\":{\"@id\":\"https:\\\/\\\/pulso27.com\\\/politica\\\/pension-vitalicia-de-alberto-fujimori-y-pedro-castillo\\\/#primaryimage\"},\"thumbnailUrl\":\"https:\\\/\\\/pulso27.com\\\/wp-content\\\/uploads\\\/2024\\\/05\\\/Pensi.jpg.jpeg\",\"keywords\":[\"Pedro Castillo\",\"Pensi\u00f3n Vitalicia\"],\"articleSection\":[\"Pol\u00edtica\"],\"inLanguage\":\"es-PE\",\"potentialAction\":[{\"@type\":\"CommentAction\",\"name\":\"Comment\",\"target\":[\"https:\\\/\\\/pulso27.com\\\/politica\\\/pension-vitalicia-de-alberto-fujimori-y-pedro-castillo\\\/#respond\"]}]},{\"@type\":\"WebPage\",\"@id\":\"https:\\\/\\\/pulso27.com\\\/politica\\\/pension-vitalicia-de-alberto-fujimori-y-pedro-castillo\\\/\",\"url\":\"https:\\\/\\\/pulso27.com\\\/politica\\\/pension-vitalicia-de-alberto-fujimori-y-pedro-castillo\\\/\",\"name\":\"Pensi\u00f3n vitalicia de Alberto Fujimori y Pedro Castillo - Pulso27\",\"isPartOf\":{\"@id\":\"https:\\\/\\\/pulso27.com\\\/en\\\/#website\"},\"primaryImageOfPage\":{\"@id\":\"https:\\\/\\\/pulso27.com\\\/politica\\\/pension-vitalicia-de-alberto-fujimori-y-pedro-castillo\\\/#primaryimage\"},\"image\":{\"@id\":\"https:\\\/\\\/pulso27.com\\\/politica\\\/pension-vitalicia-de-alberto-fujimori-y-pedro-castillo\\\/#primaryimage\"},\"thumbnailUrl\":\"https:\\\/\\\/pulso27.com\\\/wp-content\\\/uploads\\\/2024\\\/05\\\/Pensi.jpg.jpeg\",\"datePublished\":\"2024-05-08T22:12:11+00:00\",\"dateModified\":\"2024-05-08T22:12:12+00:00\",\"breadcrumb\":{\"@id\":\"https:\\\/\\\/pulso27.com\\\/politica\\\/pension-vitalicia-de-alberto-fujimori-y-pedro-castillo\\\/#breadcrumb\"},\"inLanguage\":\"es-PE\",\"potentialAction\":[{\"@type\":\"ReadAction\",\"target\":[\"https:\\\/\\\/pulso27.com\\\/politica\\\/pension-vitalicia-de-alberto-fujimori-y-pedro-castillo\\\/\"]}]},{\"@type\":\"ImageObject\",\"inLanguage\":\"es-PE\",\"@id\":\"https:\\\/\\\/pulso27.com\\\/politica\\\/pension-vitalicia-de-alberto-fujimori-y-pedro-castillo\\\/#primaryimage\",\"url\":\"https:\\\/\\\/pulso27.com\\\/wp-content\\\/uploads\\\/2024\\\/05\\\/Pensi.jpg.jpeg\",\"contentUrl\":\"https:\\\/\\\/pulso27.com\\\/wp-content\\\/uploads\\\/2024\\\/05\\\/Pensi.jpg.jpeg\",\"width\":1494,\"height\":862},{\"@type\":\"BreadcrumbList\",\"@id\":\"https:\\\/\\\/pulso27.com\\\/politica\\\/pension-vitalicia-de-alberto-fujimori-y-pedro-castillo\\\/#breadcrumb\",\"itemListElement\":[{\"@type\":\"ListItem\",\"position\":1,\"name\":\"Portada\",\"item\":\"https:\\\/\\\/pulso27.com\\\/\"},{\"@type\":\"ListItem\",\"position\":2,\"name\":\"Pensi\u00f3n vitalicia de Alberto Fujimori y Pedro Castillo\"}]},{\"@type\":\"WebSite\",\"@id\":\"https:\\\/\\\/pulso27.com\\\/en\\\/#website\",\"url\":\"https:\\\/\\\/pulso27.com\\\/en\\\/\",\"name\":\"Pulso27\",\"description\":\"Web de noticias y publicidad\",\"publisher\":{\"@id\":\"https:\\\/\\\/pulso27.com\\\/en\\\/#organization\"},\"alternateName\":\"El pulso del pueblo\",\"potentialAction\":[{\"@type\":\"SearchAction\",\"target\":{\"@type\":\"EntryPoint\",\"urlTemplate\":\"https:\\\/\\\/pulso27.com\\\/en\\\/?s={search_term_string}\"},\"query-input\":{\"@type\":\"PropertyValueSpecification\",\"valueRequired\":true,\"valueName\":\"search_term_string\"}}],\"inLanguage\":\"es-PE\"},{\"@type\":\"Organization\",\"@id\":\"https:\\\/\\\/pulso27.com\\\/en\\\/#organization\",\"name\":\"Pulso27\",\"url\":\"https:\\\/\\\/pulso27.com\\\/en\\\/\",\"logo\":{\"@type\":\"ImageObject\",\"inLanguage\":\"es-PE\",\"@id\":\"https:\\\/\\\/pulso27.com\\\/en\\\/#\\\/schema\\\/logo\\\/image\\\/\",\"url\":\"https:\\\/\\\/pulso27.com\\\/wp-content\\\/uploads\\\/2026\\\/02\\\/Logotipo-de-la-organizacion-696-x-696-px-ok.png\",\"contentUrl\":\"https:\\\/\\\/pulso27.com\\\/wp-content\\\/uploads\\\/2026\\\/02\\\/Logotipo-de-la-organizacion-696-x-696-px-ok.png\",\"width\":696,\"height\":696,\"caption\":\"Pulso27\"},\"image\":{\"@id\":\"https:\\\/\\\/pulso27.com\\\/en\\\/#\\\/schema\\\/logo\\\/image\\\/\"},\"sameAs\":[\"https:\\\/\\\/www.facebook.com\\\/pulso27\\\/\",\"https:\\\/\\\/x.com\\\/Pulso_27\",\"https:\\\/\\\/www.youtube.com\\\/@Pulso27\",\"https:\\\/\\\/www.tiktok.com\\\/@pulso_27\"]},{\"@type\":\"Person\",\"@id\":\"https:\\\/\\\/pulso27.com\\\/en\\\/#\\\/schema\\\/person\\\/d20fd7f5bc7f2e53fd150d43fca07a78\",\"name\":\"Tupaq\",\"image\":{\"@type\":\"ImageObject\",\"inLanguage\":\"es-PE\",\"@id\":\"https:\\\/\\\/secure.gravatar.com\\\/avatar\\\/7929e9b034aeea560319a601e4f04c59eb5f45a79eafe192adabb67e9604e7e7?s=96&d=mm&r=g\",\"url\":\"https:\\\/\\\/secure.gravatar.com\\\/avatar\\\/7929e9b034aeea560319a601e4f04c59eb5f45a79eafe192adabb67e9604e7e7?s=96&d=mm&r=g\",\"contentUrl\":\"https:\\\/\\\/secure.gravatar.com\\\/avatar\\\/7929e9b034aeea560319a601e4f04c59eb5f45a79eafe192adabb67e9604e7e7?s=96&d=mm&r=g\",\"caption\":\"Tupaq\"},\"url\":\"https:\\\/\\\/pulso27.com\\\/es\\\/author\\\/tupaq\\\/\"}]}<\/script>\n<!-- \/ Yoast SEO plugin. -->","yoast_head_json":{"title":"Pensi\u00f3n vitalicia de Alberto Fujimori y Pedro Castillo - Pulso27","robots":{"index":"index","follow":"follow","max-snippet":"max-snippet:-1","max-image-preview":"max-image-preview:large","max-video-preview":"max-video-preview:-1"},"canonical":"https:\/\/pulso27.com\/es\/politica\/pension-vitalicia-de-alberto-fujimori-y-pedro-castillo\/","og_locale":"es_ES","og_type":"article","og_title":"Pensi\u00f3n vitalicia de Alberto Fujimori y Pedro Castillo - Pulso27","og_description":"Ante la petici\u00f3n de la pensi\u00f3n vitalicia de Alberto Fujimori y la negaci\u00f3n de la misma a Pedro Castillo, contrast\u00e1ndolo con las leyes constitucionales peruanas. Seg\u00fan el art\u00edculo 121 de la Constituci\u00f3n Pol\u00edtica del Per\u00fa, los expresidentes tienen derecho a una pensi\u00f3n vitalicia pagada por el Estado, luego de haber cesado en sus funciones. Sin [&hellip;]","og_url":"https:\/\/pulso27.com\/es\/politica\/pension-vitalicia-de-alberto-fujimori-y-pedro-castillo\/","og_site_name":"Pulso27","article_publisher":"https:\/\/www.facebook.com\/pulso27\/","article_published_time":"2024-05-08T22:12:11+00:00","article_modified_time":"2024-05-08T22:12:12+00:00","og_image":[{"width":1494,"height":862,"url":"https:\/\/pulso27.com\/wp-content\/uploads\/2024\/05\/Pensi.jpg.jpeg","type":"image\/jpeg"}],"author":"Tupaq","twitter_card":"summary_large_image","twitter_creator":"@Pulso_27","twitter_site":"@Pulso_27","twitter_misc":{"Written by":"Tupaq","Est. reading time":"2 minutos"},"schema":{"@context":"https:\/\/schema.org","@graph":[{"@type":"Article","@id":"https:\/\/pulso27.com\/politica\/pension-vitalicia-de-alberto-fujimori-y-pedro-castillo\/#article","isPartOf":{"@id":"https:\/\/pulso27.com\/politica\/pension-vitalicia-de-alberto-fujimori-y-pedro-castillo\/"},"author":{"name":"Tupaq","@id":"https:\/\/pulso27.com\/en\/#\/schema\/person\/d20fd7f5bc7f2e53fd150d43fca07a78"},"headline":"Pensi\u00f3n vitalicia de Alberto Fujimori y Pedro Castillo","datePublished":"2024-05-08T22:12:11+00:00","dateModified":"2024-05-08T22:12:12+00:00","mainEntityOfPage":{"@id":"https:\/\/pulso27.com\/politica\/pension-vitalicia-de-alberto-fujimori-y-pedro-castillo\/"},"wordCount":345,"commentCount":0,"publisher":{"@id":"https:\/\/pulso27.com\/en\/#organization"},"image":{"@id":"https:\/\/pulso27.com\/politica\/pension-vitalicia-de-alberto-fujimori-y-pedro-castillo\/#primaryimage"},"thumbnailUrl":"https:\/\/pulso27.com\/wp-content\/uploads\/2024\/05\/Pensi.jpg.jpeg","keywords":["Pedro Castillo","Pensi\u00f3n Vitalicia"],"articleSection":["Pol\u00edtica"],"inLanguage":"es-PE","potentialAction":[{"@type":"CommentAction","name":"Comment","target":["https:\/\/pulso27.com\/politica\/pension-vitalicia-de-alberto-fujimori-y-pedro-castillo\/#respond"]}]},{"@type":"WebPage","@id":"https:\/\/pulso27.com\/politica\/pension-vitalicia-de-alberto-fujimori-y-pedro-castillo\/","url":"https:\/\/pulso27.com\/politica\/pension-vitalicia-de-alberto-fujimori-y-pedro-castillo\/","name":"Pensi\u00f3n vitalicia de Alberto Fujimori y Pedro Castillo - Pulso27","isPartOf":{"@id":"https:\/\/pulso27.com\/en\/#website"},"primaryImageOfPage":{"@id":"https:\/\/pulso27.com\/politica\/pension-vitalicia-de-alberto-fujimori-y-pedro-castillo\/#primaryimage"},"image":{"@id":"https:\/\/pulso27.com\/politica\/pension-vitalicia-de-alberto-fujimori-y-pedro-castillo\/#primaryimage"},"thumbnailUrl":"https:\/\/pulso27.com\/wp-content\/uploads\/2024\/05\/Pensi.jpg.jpeg","datePublished":"2024-05-08T22:12:11+00:00","dateModified":"2024-05-08T22:12:12+00:00","breadcrumb":{"@id":"https:\/\/pulso27.com\/politica\/pension-vitalicia-de-alberto-fujimori-y-pedro-castillo\/#breadcrumb"},"inLanguage":"es-PE","potentialAction":[{"@type":"ReadAction","target":["https:\/\/pulso27.com\/politica\/pension-vitalicia-de-alberto-fujimori-y-pedro-castillo\/"]}]},{"@type":"ImageObject","inLanguage":"es-PE","@id":"https:\/\/pulso27.com\/politica\/pension-vitalicia-de-alberto-fujimori-y-pedro-castillo\/#primaryimage","url":"https:\/\/pulso27.com\/wp-content\/uploads\/2024\/05\/Pensi.jpg.jpeg","contentUrl":"https:\/\/pulso27.com\/wp-content\/uploads\/2024\/05\/Pensi.jpg.jpeg","width":1494,"height":862},{"@type":"BreadcrumbList","@id":"https:\/\/pulso27.com\/politica\/pension-vitalicia-de-alberto-fujimori-y-pedro-castillo\/#breadcrumb","itemListElement":[{"@type":"ListItem","position":1,"name":"Portada","item":"https:\/\/pulso27.com\/"},{"@type":"ListItem","position":2,"name":"Pensi\u00f3n vitalicia de Alberto Fujimori y Pedro Castillo"}]},{"@type":"WebSite","@id":"https:\/\/pulso27.com\/en\/#website","url":"https:\/\/pulso27.com\/en\/","name":"Pulso27","description":"Web de noticias y publicidad","publisher":{"@id":"https:\/\/pulso27.com\/en\/#organization"},"alternateName":"El pulso del pueblo","potentialAction":[{"@type":"SearchAction","target":{"@type":"EntryPoint","urlTemplate":"https:\/\/pulso27.com\/en\/?s={search_term_string}"},"query-input":{"@type":"PropertyValueSpecification","valueRequired":true,"valueName":"search_term_string"}}],"inLanguage":"es-PE"},{"@type":"Organization","@id":"https:\/\/pulso27.com\/en\/#organization","name":"Pulso27","url":"https:\/\/pulso27.com\/en\/","logo":{"@type":"ImageObject","inLanguage":"es-PE","@id":"https:\/\/pulso27.com\/en\/#\/schema\/logo\/image\/","url":"https:\/\/pulso27.com\/wp-content\/uploads\/2026\/02\/Logotipo-de-la-organizacion-696-x-696-px-ok.png","contentUrl":"https:\/\/pulso27.com\/wp-content\/uploads\/2026\/02\/Logotipo-de-la-organizacion-696-x-696-px-ok.png","width":696,"height":696,"caption":"Pulso27"},"image":{"@id":"https:\/\/pulso27.com\/en\/#\/schema\/logo\/image\/"},"sameAs":["https:\/\/www.facebook.com\/pulso27\/","https:\/\/x.com\/Pulso_27","https:\/\/www.youtube.com\/@Pulso27","https:\/\/www.tiktok.com\/@pulso_27"]},{"@type":"Person","@id":"https:\/\/pulso27.com\/en\/#\/schema\/person\/d20fd7f5bc7f2e53fd150d43fca07a78","name":"Tupaq","image":{"@type":"ImageObject","inLanguage":"es-PE","@id":"https:\/\/secure.gravatar.com\/avatar\/7929e9b034aeea560319a601e4f04c59eb5f45a79eafe192adabb67e9604e7e7?s=96&d=mm&r=g","url":"https:\/\/secure.gravatar.com\/avatar\/7929e9b034aeea560319a601e4f04c59eb5f45a79eafe192adabb67e9604e7e7?s=96&d=mm&r=g","contentUrl":"https:\/\/secure.gravatar.com\/avatar\/7929e9b034aeea560319a601e4f04c59eb5f45a79eafe192adabb67e9604e7e7?s=96&d=mm&r=g","caption":"Tupaq"},"url":"https:\/\/pulso27.com\/es\/author\/tupaq\/"}]}},"amp_enabled":true,"_links":{"self":[{"href":"https:\/\/pulso27.com\/es\/wp-json\/wp\/v2\/posts\/1655","targetHints":{"allow":["GET"]}}],"collection":[{"href":"https:\/\/pulso27.com\/es\/wp-json\/wp\/v2\/posts"}],"about":[{"href":"https:\/\/pulso27.com\/es\/wp-json\/wp\/v2\/types\/post"}],"author":[{"embeddable":true,"href":"https:\/\/pulso27.com\/es\/wp-json\/wp\/v2\/users\/7"}],"replies":[{"embeddable":true,"href":"https:\/\/pulso27.com\/es\/wp-json\/wp\/v2\/comments?post=1655"}],"version-history":[{"count":1,"href":"https:\/\/pulso27.com\/es\/wp-json\/wp\/v2\/posts\/1655\/revisions"}],"predecessor-version":[{"id":1657,"href":"https:\/\/pulso27.com\/es\/wp-json\/wp\/v2\/posts\/1655\/revisions\/1657"}],"wp:featuredmedia":[{"embeddable":true,"href":"https:\/\/pulso27.com\/es\/wp-json\/wp\/v2\/media\/1656"}],"wp:attachment":[{"href":"https:\/\/pulso27.com\/es\/wp-json\/wp\/v2\/media?parent=1655"}],"wp:term":[{"taxonomy":"category","embeddable":true,"href":"https:\/\/pulso27.com\/es\/wp-json\/wp\/v2\/categories?post=1655"},{"taxonomy":"post_tag","embeddable":true,"href":"https:\/\/pulso27.com\/es\/wp-json\/wp\/v2\/tags?post=1655"}],"curies":[{"name":"wp","href":"https:\/\/api.w.org\/{rel}","templated":true}]}}