{"id":1658,"date":"2024-05-11T02:38:45","date_gmt":"2024-05-10T21:38:45","guid":{"rendered":"https:\/\/pulso27.com\/?p=1658"},"modified":"2024-05-11T02:55:17","modified_gmt":"2024-05-10T21:55:17","slug":"pobladores-de-melgar-exigen-soluciones-urgentes-a-la-contaminacion-de-la-cuenca-llallimayo","status":"publish","type":"post","link":"https:\/\/pulso27.com\/es\/nacional\/pobladores-de-melgar-exigen-soluciones-urgentes-a-la-contaminacion-de-la-cuenca-llallimayo\/","title":{"rendered":"Puno: Pobladores de Melgar exigen soluciones urgentes a la contaminaci\u00f3n de la cuenca Llallimayo"},"content":{"rendered":"\n<p><br>Lima, 10 de mayo de 2024 . &#8211; Alcaldes y representantes de organizaciones sociales de la cuenca Llallimayo de la provincia de Melgar (Puno), llegaron a Lima ayer para reunirse con autoridades del Gobierno Central y exigir soluciones urgentes a la grave contaminaci\u00f3n de la cuenca del r\u00edo Llallimayo, causada por la empresa minera Aruntani S. A. C.<\/p>\n\n\n\n<p>En las reuniones sostenidas con la PCM y el MIDAGRI, los representantes de Melgar solo recibieron un informe de la ANA sobre estudio hidrol\u00f3gico realizado hace meses atr\u00e1s y algunas alternativas de soluci\u00f3n identificadas, sin ning\u00fan proyecto o actividad con presupuesto asignado para su ejecuci\u00f3n durante este a\u00f1o, por lo que, mostraron su extra\u00f1eza y desaz\u00f3n. <\/p>\n\n\n\n<p>Asimismo, durante las reuniones no estuvieron los ministros del MINEM, MINAM y MINSA, los sectores directamente involucrados en la problem\u00e1tica y la soluci\u00f3n del mismo. Confirmando que el actual gobierno de Dina Boluarte no tiene inter\u00e9s en atender a las poblaciones de las zonas contaminados por la actividad minera irresponsable. <\/p>\n\n\n\n<figure class=\"wp-block-image size-full is-resized\"><img loading=\"lazy\" decoding=\"async\" width=\"500\" height=\"261\" src=\"https:\/\/pulso27.com\/wp-content\/uploads\/2024\/05\/Llallim.jpg\" alt=\"\" class=\"wp-image-1659\" style=\"width:740px;height:auto\" srcset=\"https:\/\/pulso27.com\/wp-content\/uploads\/2024\/05\/Llallim.jpg 500w, https:\/\/pulso27.com\/wp-content\/uploads\/2024\/05\/Llallim-300x157.jpg 300w, https:\/\/pulso27.com\/wp-content\/uploads\/2024\/05\/Llallim-18x9.jpg 18w\" sizes=\"auto, (max-width: 500px) 100vw, 500px\" \/><figcaption class=\"wp-element-caption\"><em>R\u00edo Llalli contaminado por la minera ARASI SAC<\/em><\/figcaption><\/figure>\n\n\n\n<p><strong>Llamado al gobernador regional<\/strong><\/p>\n\n\n\n<p>El presidente del Frente de Defensa de la Cuenca Llallimayo, Hern\u00e1n Nina, hizo un llamado al gobernador regional de Puno, Richard Hancco, a tomar concretas para atender la problem\u00e1tica. Critic\u00f3 la ausencia de funcionarios y t\u00e9cnicos del Gobierno Regional en las reuniones y gestiones relacionadas con la contaminaci\u00f3n.<\/p>\n\n\n\n<p>Nina denunci\u00f3 que la empresa Aruntani S. A. C. no estar\u00eda cumpliendo con el cierre de la mina Arasi, programado para este a\u00f1o, y que la contaminaci\u00f3n contin\u00faa afectando a la cuenca Llallimayo. Sabiendo del tema, el gobernador regional de Puno, no habr\u00eda hecho nada al respecto, ni siquiera sus funcionarios estar\u00edan acompa\u00f1\u00e1ndoles en sus gestiones ante el Ejecutivo.<\/p>\n\n\n\n<p><strong>\u00daltima reuni\u00f3n en Lima<\/strong><\/p>\n\n\n\n<p>Los representantes de Melgar advirtieron que esta ser\u00eda su \u00faltima reuni\u00f3n en Lima y que, de no obtener respuestas concretas del Gobierno, tomar\u00e1n medidas de lucha. Lo que significar\u00eda el bloqueo de v\u00edas hacia Bolivia, Arequipa y Cusco.<\/p>\n\n\n\n<figure class=\"wp-block-image size-large\"><img loading=\"lazy\" decoding=\"async\" width=\"1024\" height=\"535\" src=\"https:\/\/pulso27.com\/wp-content\/uploads\/2024\/05\/Llallimm-1-1024x535.png\" alt=\"\" class=\"wp-image-1662\" srcset=\"https:\/\/pulso27.com\/wp-content\/uploads\/2024\/05\/Llallimm-1-1024x535.png 1024w, https:\/\/pulso27.com\/wp-content\/uploads\/2024\/05\/Llallimm-1-300x157.png 300w, https:\/\/pulso27.com\/wp-content\/uploads\/2024\/05\/Llallimm-1-768x401.png 768w, https:\/\/pulso27.com\/wp-content\/uploads\/2024\/05\/Llallimm-1-18x9.png 18w, https:\/\/pulso27.com\/wp-content\/uploads\/2024\/05\/Llallimm-1.png 1204w\" sizes=\"auto, (max-width: 1024px) 100vw, 1024px\" \/><figcaption class=\"wp-element-caption\"><em>Hern\u00e1n Nina, dirigente de la cuenca Llallimayo, exige atenci\u00f3n de la contaminaci\u00f3n.<\/em><\/figcaption><\/figure>\n\n\n\n<p><strong>Pobladores exigen intervenci\u00f3n del Congreso<\/strong><\/p>\n\n\n\n<p>En Ayaviri, Melgar, se realiz\u00f3 una reuni\u00f3n con la congresista Margot Palacios, donde los pobladores le expusieron la problem\u00e1tica y solicitaron su intervenci\u00f3n para impulsar iniciativas legislativas que permitan atender la situaci\u00f3n.<\/p>\n\n\n\n<p><strong>Las principales demandas de los pobladores de Melgar son:<\/strong><\/p>\n\n\n\n<p>Soluciones urgentes a la contaminaci\u00f3n de la cuenca Llallimayo.<br>Presupuesto para la construcci\u00f3n de plantas de tratamiento de aguas \u00e1cidas.<br>Atenci\u00f3n m\u00e9dica para los ni\u00f1os y madres gestantes afectados por metales pesados.<br>Cierre definitivo de la mina Arasi.<\/p>\n\n\n\n<p>Mayor participaci\u00f3n del Gobierno Regional de Puno en la atenci\u00f3n de la problem\u00e1tica.<br>La situaci\u00f3n en la cuenca Llallimayo es cr\u00edtica y requiere acciones urgentes por parte del Gobierno para proteger la salud de la poblaci\u00f3n y el medio ambiente.<\/p>\n","protected":false},"excerpt":{"rendered":"<p>Lima, 10 de mayo de 2024 . &#8211; Alcaldes y representantes de organizaciones sociales de la cuenca Llallimayo de la provincia de Melgar (Puno), llegaron a Lima ayer para reunirse con autoridades del Gobierno Central y exigir soluciones urgentes a la grave contaminaci\u00f3n de la cuenca del r\u00edo Llallimayo, causada por la empresa minera Aruntani [&hellip;]<\/p>\n","protected":false},"author":8,"featured_media":1660,"comment_status":"open","ping_status":"open","sticky":false,"template":"","format":"standard","meta":{"footnotes":""},"categories":[183,174,202],"tags":[701,702,700,307],"class_list":["post-1658","post","type-post","status-publish","format-standard","has-post-thumbnail","hentry","category-actualidad","category-nacional","category-sociedad","tag-contaminacion","tag-justicia","tag-llallimayo","tag-puno"],"yoast_head":"<!-- This site is optimized with the Yoast SEO plugin v27.4 - https:\/\/yoast.com\/product\/yoast-seo-wordpress\/ -->\n<title>Puno: Pobladores de Melgar exigen soluciones urgentes a la contaminaci\u00f3n de la cuenca Llallimayo - Pulso27<\/title>\n<meta name=\"robots\" content=\"index, follow, max-snippet:-1, max-image-preview:large, max-video-preview:-1\" \/>\n<link rel=\"canonical\" href=\"https:\/\/pulso27.com\/es\/nacional\/pobladores-de-melgar-exigen-soluciones-urgentes-a-la-contaminacion-de-la-cuenca-llallimayo\/\" \/>\n<meta property=\"og:locale\" content=\"es_ES\" \/>\n<meta property=\"og:type\" content=\"article\" \/>\n<meta property=\"og:title\" content=\"Puno: Pobladores de Melgar exigen soluciones urgentes a la contaminaci\u00f3n de la cuenca Llallimayo - Pulso27\" \/>\n<meta property=\"og:description\" content=\"Lima, 10 de mayo de 2024 . &#8211; Alcaldes y representantes de organizaciones sociales de la cuenca Llallimayo de la provincia de Melgar (Puno), llegaron a Lima ayer para reunirse con autoridades del Gobierno Central y exigir soluciones urgentes a la grave contaminaci\u00f3n de la cuenca del r\u00edo Llallimayo, causada por la empresa minera Aruntani [&hellip;]\" \/>\n<meta property=\"og:url\" content=\"https:\/\/pulso27.com\/es\/nacional\/pobladores-de-melgar-exigen-soluciones-urgentes-a-la-contaminacion-de-la-cuenca-llallimayo\/\" \/>\n<meta property=\"og:site_name\" content=\"Pulso27\" \/>\n<meta property=\"article:publisher\" content=\"https:\/\/www.facebook.com\/pulso27\/\" \/>\n<meta property=\"article:published_time\" content=\"2024-05-10T21:38:45+00:00\" \/>\n<meta property=\"article:modified_time\" content=\"2024-05-10T21:55:17+00:00\" \/>\n<meta property=\"og:image\" content=\"https:\/\/pulso27.com\/wp-content\/uploads\/2024\/05\/Llallimas.png\" \/>\n\t<meta property=\"og:image:width\" content=\"1349\" \/>\n\t<meta property=\"og:image:height\" content=\"719\" \/>\n\t<meta property=\"og:image:type\" content=\"image\/png\" \/>\n<meta name=\"author\" content=\"Maga\" \/>\n<meta name=\"twitter:card\" content=\"summary_large_image\" \/>\n<meta name=\"twitter:creator\" content=\"@Pulso_27\" \/>\n<meta name=\"twitter:site\" content=\"@Pulso_27\" \/>\n<meta name=\"twitter:label1\" content=\"Written by\" \/>\n\t<meta name=\"twitter:data1\" content=\"Maga\" \/>\n\t<meta name=\"twitter:label2\" content=\"Est. reading time\" \/>\n\t<meta name=\"twitter:data2\" content=\"3 minutos\" \/>\n<script type=\"application\/ld+json\" class=\"yoast-schema-graph\">{\"@context\":\"https:\\\/\\\/schema.org\",\"@graph\":[{\"@type\":\"Article\",\"@id\":\"https:\\\/\\\/pulso27.com\\\/nacional\\\/pobladores-de-melgar-exigen-soluciones-urgentes-a-la-contaminacion-de-la-cuenca-llallimayo\\\/#article\",\"isPartOf\":{\"@id\":\"https:\\\/\\\/pulso27.com\\\/nacional\\\/pobladores-de-melgar-exigen-soluciones-urgentes-a-la-contaminacion-de-la-cuenca-llallimayo\\\/\"},\"author\":{\"name\":\"Maga\",\"@id\":\"https:\\\/\\\/pulso27.com\\\/en\\\/#\\\/schema\\\/person\\\/92f5059eb04cb644a32d22c9bc998684\"},\"headline\":\"Puno: Pobladores de Melgar exigen soluciones urgentes a la contaminaci\u00f3n de la cuenca Llallimayo\",\"datePublished\":\"2024-05-10T21:38:45+00:00\",\"dateModified\":\"2024-05-10T21:55:17+00:00\",\"mainEntityOfPage\":{\"@id\":\"https:\\\/\\\/pulso27.com\\\/nacional\\\/pobladores-de-melgar-exigen-soluciones-urgentes-a-la-contaminacion-de-la-cuenca-llallimayo\\\/\"},\"wordCount\":523,\"commentCount\":0,\"publisher\":{\"@id\":\"https:\\\/\\\/pulso27.com\\\/en\\\/#organization\"},\"image\":{\"@id\":\"https:\\\/\\\/pulso27.com\\\/nacional\\\/pobladores-de-melgar-exigen-soluciones-urgentes-a-la-contaminacion-de-la-cuenca-llallimayo\\\/#primaryimage\"},\"thumbnailUrl\":\"https:\\\/\\\/pulso27.com\\\/wp-content\\\/uploads\\\/2024\\\/05\\\/Llallimas.png\",\"keywords\":[\"Contaminaci\u00f3n\",\"Justicia\",\"Llallimayo\",\"Puno\"],\"articleSection\":[\"Actualidad\",\"Nacional\",\"Sociedad\"],\"inLanguage\":\"es-PE\",\"potentialAction\":[{\"@type\":\"CommentAction\",\"name\":\"Comment\",\"target\":[\"https:\\\/\\\/pulso27.com\\\/nacional\\\/pobladores-de-melgar-exigen-soluciones-urgentes-a-la-contaminacion-de-la-cuenca-llallimayo\\\/#respond\"]}]},{\"@type\":\"WebPage\",\"@id\":\"https:\\\/\\\/pulso27.com\\\/nacional\\\/pobladores-de-melgar-exigen-soluciones-urgentes-a-la-contaminacion-de-la-cuenca-llallimayo\\\/\",\"url\":\"https:\\\/\\\/pulso27.com\\\/nacional\\\/pobladores-de-melgar-exigen-soluciones-urgentes-a-la-contaminacion-de-la-cuenca-llallimayo\\\/\",\"name\":\"Puno: Pobladores de Melgar exigen soluciones urgentes a la contaminaci\u00f3n de la cuenca Llallimayo - Pulso27\",\"isPartOf\":{\"@id\":\"https:\\\/\\\/pulso27.com\\\/en\\\/#website\"},\"primaryImageOfPage\":{\"@id\":\"https:\\\/\\\/pulso27.com\\\/nacional\\\/pobladores-de-melgar-exigen-soluciones-urgentes-a-la-contaminacion-de-la-cuenca-llallimayo\\\/#primaryimage\"},\"image\":{\"@id\":\"https:\\\/\\\/pulso27.com\\\/nacional\\\/pobladores-de-melgar-exigen-soluciones-urgentes-a-la-contaminacion-de-la-cuenca-llallimayo\\\/#primaryimage\"},\"thumbnailUrl\":\"https:\\\/\\\/pulso27.com\\\/wp-content\\\/uploads\\\/2024\\\/05\\\/Llallimas.png\",\"datePublished\":\"2024-05-10T21:38:45+00:00\",\"dateModified\":\"2024-05-10T21:55:17+00:00\",\"breadcrumb\":{\"@id\":\"https:\\\/\\\/pulso27.com\\\/nacional\\\/pobladores-de-melgar-exigen-soluciones-urgentes-a-la-contaminacion-de-la-cuenca-llallimayo\\\/#breadcrumb\"},\"inLanguage\":\"es-PE\",\"potentialAction\":[{\"@type\":\"ReadAction\",\"target\":[\"https:\\\/\\\/pulso27.com\\\/nacional\\\/pobladores-de-melgar-exigen-soluciones-urgentes-a-la-contaminacion-de-la-cuenca-llallimayo\\\/\"]}]},{\"@type\":\"ImageObject\",\"inLanguage\":\"es-PE\",\"@id\":\"https:\\\/\\\/pulso27.com\\\/nacional\\\/pobladores-de-melgar-exigen-soluciones-urgentes-a-la-contaminacion-de-la-cuenca-llallimayo\\\/#primaryimage\",\"url\":\"https:\\\/\\\/pulso27.com\\\/wp-content\\\/uploads\\\/2024\\\/05\\\/Llallimas.png\",\"contentUrl\":\"https:\\\/\\\/pulso27.com\\\/wp-content\\\/uploads\\\/2024\\\/05\\\/Llallimas.png\",\"width\":1349,\"height\":719},{\"@type\":\"BreadcrumbList\",\"@id\":\"https:\\\/\\\/pulso27.com\\\/nacional\\\/pobladores-de-melgar-exigen-soluciones-urgentes-a-la-contaminacion-de-la-cuenca-llallimayo\\\/#breadcrumb\",\"itemListElement\":[{\"@type\":\"ListItem\",\"position\":1,\"name\":\"Portada\",\"item\":\"https:\\\/\\\/pulso27.com\\\/\"},{\"@type\":\"ListItem\",\"position\":2,\"name\":\"Puno: Pobladores de Melgar exigen soluciones urgentes a la contaminaci\u00f3n de la cuenca Llallimayo\"}]},{\"@type\":\"WebSite\",\"@id\":\"https:\\\/\\\/pulso27.com\\\/en\\\/#website\",\"url\":\"https:\\\/\\\/pulso27.com\\\/en\\\/\",\"name\":\"Pulso27\",\"description\":\"Web de noticias y publicidad\",\"publisher\":{\"@id\":\"https:\\\/\\\/pulso27.com\\\/en\\\/#organization\"},\"alternateName\":\"El pulso del pueblo\",\"potentialAction\":[{\"@type\":\"SearchAction\",\"target\":{\"@type\":\"EntryPoint\",\"urlTemplate\":\"https:\\\/\\\/pulso27.com\\\/en\\\/?s={search_term_string}\"},\"query-input\":{\"@type\":\"PropertyValueSpecification\",\"valueRequired\":true,\"valueName\":\"search_term_string\"}}],\"inLanguage\":\"es-PE\"},{\"@type\":\"Organization\",\"@id\":\"https:\\\/\\\/pulso27.com\\\/en\\\/#organization\",\"name\":\"Pulso27\",\"url\":\"https:\\\/\\\/pulso27.com\\\/en\\\/\",\"logo\":{\"@type\":\"ImageObject\",\"inLanguage\":\"es-PE\",\"@id\":\"https:\\\/\\\/pulso27.com\\\/en\\\/#\\\/schema\\\/logo\\\/image\\\/\",\"url\":\"https:\\\/\\\/pulso27.com\\\/wp-content\\\/uploads\\\/2026\\\/02\\\/Logotipo-de-la-organizacion-696-x-696-px-ok.png\",\"contentUrl\":\"https:\\\/\\\/pulso27.com\\\/wp-content\\\/uploads\\\/2026\\\/02\\\/Logotipo-de-la-organizacion-696-x-696-px-ok.png\",\"width\":696,\"height\":696,\"caption\":\"Pulso27\"},\"image\":{\"@id\":\"https:\\\/\\\/pulso27.com\\\/en\\\/#\\\/schema\\\/logo\\\/image\\\/\"},\"sameAs\":[\"https:\\\/\\\/www.facebook.com\\\/pulso27\\\/\",\"https:\\\/\\\/x.com\\\/Pulso_27\",\"https:\\\/\\\/www.youtube.com\\\/@Pulso27\",\"https:\\\/\\\/www.tiktok.com\\\/@pulso_27\"]},{\"@type\":\"Person\",\"@id\":\"https:\\\/\\\/pulso27.com\\\/en\\\/#\\\/schema\\\/person\\\/92f5059eb04cb644a32d22c9bc998684\",\"name\":\"Maga\",\"image\":{\"@type\":\"ImageObject\",\"inLanguage\":\"es-PE\",\"@id\":\"https:\\\/\\\/secure.gravatar.com\\\/avatar\\\/c4d5224d4227e7c057cd5793ba910425cc902f3aef97cda3eccc7acba8be2edc?s=96&d=mm&r=g\",\"url\":\"https:\\\/\\\/secure.gravatar.com\\\/avatar\\\/c4d5224d4227e7c057cd5793ba910425cc902f3aef97cda3eccc7acba8be2edc?s=96&d=mm&r=g\",\"contentUrl\":\"https:\\\/\\\/secure.gravatar.com\\\/avatar\\\/c4d5224d4227e7c057cd5793ba910425cc902f3aef97cda3eccc7acba8be2edc?s=96&d=mm&r=g\",\"caption\":\"Maga\"},\"sameAs\":[\"http:\\\/\\\/www.pulso27.com\"],\"url\":\"https:\\\/\\\/pulso27.com\\\/es\\\/author\\\/maga\\\/\"}]}<\/script>\n<!-- \/ Yoast SEO plugin. -->","yoast_head_json":{"title":"Puno: Pobladores de Melgar exigen soluciones urgentes a la contaminaci\u00f3n de la cuenca Llallimayo - Pulso27","robots":{"index":"index","follow":"follow","max-snippet":"max-snippet:-1","max-image-preview":"max-image-preview:large","max-video-preview":"max-video-preview:-1"},"canonical":"https:\/\/pulso27.com\/es\/nacional\/pobladores-de-melgar-exigen-soluciones-urgentes-a-la-contaminacion-de-la-cuenca-llallimayo\/","og_locale":"es_ES","og_type":"article","og_title":"Puno: Pobladores de Melgar exigen soluciones urgentes a la contaminaci\u00f3n de la cuenca Llallimayo - Pulso27","og_description":"Lima, 10 de mayo de 2024 . &#8211; Alcaldes y representantes de organizaciones sociales de la cuenca Llallimayo de la provincia de Melgar (Puno), llegaron a Lima ayer para reunirse con autoridades del Gobierno Central y exigir soluciones urgentes a la grave contaminaci\u00f3n de la cuenca del r\u00edo Llallimayo, causada por la empresa minera Aruntani [&hellip;]","og_url":"https:\/\/pulso27.com\/es\/nacional\/pobladores-de-melgar-exigen-soluciones-urgentes-a-la-contaminacion-de-la-cuenca-llallimayo\/","og_site_name":"Pulso27","article_publisher":"https:\/\/www.facebook.com\/pulso27\/","article_published_time":"2024-05-10T21:38:45+00:00","article_modified_time":"2024-05-10T21:55:17+00:00","og_image":[{"width":1349,"height":719,"url":"https:\/\/pulso27.com\/wp-content\/uploads\/2024\/05\/Llallimas.png","type":"image\/png"}],"author":"Maga","twitter_card":"summary_large_image","twitter_creator":"@Pulso_27","twitter_site":"@Pulso_27","twitter_misc":{"Written by":"Maga","Est. reading time":"3 minutos"},"schema":{"@context":"https:\/\/schema.org","@graph":[{"@type":"Article","@id":"https:\/\/pulso27.com\/nacional\/pobladores-de-melgar-exigen-soluciones-urgentes-a-la-contaminacion-de-la-cuenca-llallimayo\/#article","isPartOf":{"@id":"https:\/\/pulso27.com\/nacional\/pobladores-de-melgar-exigen-soluciones-urgentes-a-la-contaminacion-de-la-cuenca-llallimayo\/"},"author":{"name":"Maga","@id":"https:\/\/pulso27.com\/en\/#\/schema\/person\/92f5059eb04cb644a32d22c9bc998684"},"headline":"Puno: Pobladores de Melgar exigen soluciones urgentes a la contaminaci\u00f3n de la cuenca Llallimayo","datePublished":"2024-05-10T21:38:45+00:00","dateModified":"2024-05-10T21:55:17+00:00","mainEntityOfPage":{"@id":"https:\/\/pulso27.com\/nacional\/pobladores-de-melgar-exigen-soluciones-urgentes-a-la-contaminacion-de-la-cuenca-llallimayo\/"},"wordCount":523,"commentCount":0,"publisher":{"@id":"https:\/\/pulso27.com\/en\/#organization"},"image":{"@id":"https:\/\/pulso27.com\/nacional\/pobladores-de-melgar-exigen-soluciones-urgentes-a-la-contaminacion-de-la-cuenca-llallimayo\/#primaryimage"},"thumbnailUrl":"https:\/\/pulso27.com\/wp-content\/uploads\/2024\/05\/Llallimas.png","keywords":["Contaminaci\u00f3n","Justicia","Llallimayo","Puno"],"articleSection":["Actualidad","Nacional","Sociedad"],"inLanguage":"es-PE","potentialAction":[{"@type":"CommentAction","name":"Comment","target":["https:\/\/pulso27.com\/nacional\/pobladores-de-melgar-exigen-soluciones-urgentes-a-la-contaminacion-de-la-cuenca-llallimayo\/#respond"]}]},{"@type":"WebPage","@id":"https:\/\/pulso27.com\/nacional\/pobladores-de-melgar-exigen-soluciones-urgentes-a-la-contaminacion-de-la-cuenca-llallimayo\/","url":"https:\/\/pulso27.com\/nacional\/pobladores-de-melgar-exigen-soluciones-urgentes-a-la-contaminacion-de-la-cuenca-llallimayo\/","name":"Puno: Pobladores de Melgar exigen soluciones urgentes a la contaminaci\u00f3n de la cuenca Llallimayo - Pulso27","isPartOf":{"@id":"https:\/\/pulso27.com\/en\/#website"},"primaryImageOfPage":{"@id":"https:\/\/pulso27.com\/nacional\/pobladores-de-melgar-exigen-soluciones-urgentes-a-la-contaminacion-de-la-cuenca-llallimayo\/#primaryimage"},"image":{"@id":"https:\/\/pulso27.com\/nacional\/pobladores-de-melgar-exigen-soluciones-urgentes-a-la-contaminacion-de-la-cuenca-llallimayo\/#primaryimage"},"thumbnailUrl":"https:\/\/pulso27.com\/wp-content\/uploads\/2024\/05\/Llallimas.png","datePublished":"2024-05-10T21:38:45+00:00","dateModified":"2024-05-10T21:55:17+00:00","breadcrumb":{"@id":"https:\/\/pulso27.com\/nacional\/pobladores-de-melgar-exigen-soluciones-urgentes-a-la-contaminacion-de-la-cuenca-llallimayo\/#breadcrumb"},"inLanguage":"es-PE","potentialAction":[{"@type":"ReadAction","target":["https:\/\/pulso27.com\/nacional\/pobladores-de-melgar-exigen-soluciones-urgentes-a-la-contaminacion-de-la-cuenca-llallimayo\/"]}]},{"@type":"ImageObject","inLanguage":"es-PE","@id":"https:\/\/pulso27.com\/nacional\/pobladores-de-melgar-exigen-soluciones-urgentes-a-la-contaminacion-de-la-cuenca-llallimayo\/#primaryimage","url":"https:\/\/pulso27.com\/wp-content\/uploads\/2024\/05\/Llallimas.png","contentUrl":"https:\/\/pulso27.com\/wp-content\/uploads\/2024\/05\/Llallimas.png","width":1349,"height":719},{"@type":"BreadcrumbList","@id":"https:\/\/pulso27.com\/nacional\/pobladores-de-melgar-exigen-soluciones-urgentes-a-la-contaminacion-de-la-cuenca-llallimayo\/#breadcrumb","itemListElement":[{"@type":"ListItem","position":1,"name":"Portada","item":"https:\/\/pulso27.com\/"},{"@type":"ListItem","position":2,"name":"Puno: Pobladores de Melgar exigen soluciones urgentes a la contaminaci\u00f3n de la cuenca Llallimayo"}]},{"@type":"WebSite","@id":"https:\/\/pulso27.com\/en\/#website","url":"https:\/\/pulso27.com\/en\/","name":"Pulso27","description":"Web de noticias y publicidad","publisher":{"@id":"https:\/\/pulso27.com\/en\/#organization"},"alternateName":"El pulso del pueblo","potentialAction":[{"@type":"SearchAction","target":{"@type":"EntryPoint","urlTemplate":"https:\/\/pulso27.com\/en\/?s={search_term_string}"},"query-input":{"@type":"PropertyValueSpecification","valueRequired":true,"valueName":"search_term_string"}}],"inLanguage":"es-PE"},{"@type":"Organization","@id":"https:\/\/pulso27.com\/en\/#organization","name":"Pulso27","url":"https:\/\/pulso27.com\/en\/","logo":{"@type":"ImageObject","inLanguage":"es-PE","@id":"https:\/\/pulso27.com\/en\/#\/schema\/logo\/image\/","url":"https:\/\/pulso27.com\/wp-content\/uploads\/2026\/02\/Logotipo-de-la-organizacion-696-x-696-px-ok.png","contentUrl":"https:\/\/pulso27.com\/wp-content\/uploads\/2026\/02\/Logotipo-de-la-organizacion-696-x-696-px-ok.png","width":696,"height":696,"caption":"Pulso27"},"image":{"@id":"https:\/\/pulso27.com\/en\/#\/schema\/logo\/image\/"},"sameAs":["https:\/\/www.facebook.com\/pulso27\/","https:\/\/x.com\/Pulso_27","https:\/\/www.youtube.com\/@Pulso27","https:\/\/www.tiktok.com\/@pulso_27"]},{"@type":"Person","@id":"https:\/\/pulso27.com\/en\/#\/schema\/person\/92f5059eb04cb644a32d22c9bc998684","name":"Maga","image":{"@type":"ImageObject","inLanguage":"es-PE","@id":"https:\/\/secure.gravatar.com\/avatar\/c4d5224d4227e7c057cd5793ba910425cc902f3aef97cda3eccc7acba8be2edc?s=96&d=mm&r=g","url":"https:\/\/secure.gravatar.com\/avatar\/c4d5224d4227e7c057cd5793ba910425cc902f3aef97cda3eccc7acba8be2edc?s=96&d=mm&r=g","contentUrl":"https:\/\/secure.gravatar.com\/avatar\/c4d5224d4227e7c057cd5793ba910425cc902f3aef97cda3eccc7acba8be2edc?s=96&d=mm&r=g","caption":"Maga"},"sameAs":["http:\/\/www.pulso27.com"],"url":"https:\/\/pulso27.com\/es\/author\/maga\/"}]}},"amp_enabled":true,"_links":{"self":[{"href":"https:\/\/pulso27.com\/es\/wp-json\/wp\/v2\/posts\/1658","targetHints":{"allow":["GET"]}}],"collection":[{"href":"https:\/\/pulso27.com\/es\/wp-json\/wp\/v2\/posts"}],"about":[{"href":"https:\/\/pulso27.com\/es\/wp-json\/wp\/v2\/types\/post"}],"author":[{"embeddable":true,"href":"https:\/\/pulso27.com\/es\/wp-json\/wp\/v2\/users\/8"}],"replies":[{"embeddable":true,"href":"https:\/\/pulso27.com\/es\/wp-json\/wp\/v2\/comments?post=1658"}],"version-history":[{"count":2,"href":"https:\/\/pulso27.com\/es\/wp-json\/wp\/v2\/posts\/1658\/revisions"}],"predecessor-version":[{"id":1664,"href":"https:\/\/pulso27.com\/es\/wp-json\/wp\/v2\/posts\/1658\/revisions\/1664"}],"wp:featuredmedia":[{"embeddable":true,"href":"https:\/\/pulso27.com\/es\/wp-json\/wp\/v2\/media\/1660"}],"wp:attachment":[{"href":"https:\/\/pulso27.com\/es\/wp-json\/wp\/v2\/media?parent=1658"}],"wp:term":[{"taxonomy":"category","embeddable":true,"href":"https:\/\/pulso27.com\/es\/wp-json\/wp\/v2\/categories?post=1658"},{"taxonomy":"post_tag","embeddable":true,"href":"https:\/\/pulso27.com\/es\/wp-json\/wp\/v2\/tags?post=1658"}],"curies":[{"name":"wp","href":"https:\/\/api.w.org\/{rel}","templated":true}]}}