{"id":1684,"date":"2024-05-14T23:58:13","date_gmt":"2024-05-14T18:58:13","guid":{"rendered":"https:\/\/pulso27.com\/?p=1684"},"modified":"2024-05-14T23:58:14","modified_gmt":"2024-05-14T18:58:14","slug":"via-libertadores-una-tragedia-evitable-producto-de-la-negligencia-de-las-autoridades","status":"publish","type":"post","link":"https:\/\/pulso27.com\/es\/nacional\/via-libertadores-una-tragedia-evitable-producto-de-la-negligencia-de-las-autoridades\/","title":{"rendered":"V\u00eda Libertadores: Una tragedia evitable producto de la negligencia de las autoridades"},"content":{"rendered":"\n<p>El reciente y lamentable accidente de un bus interprovincial en la V\u00eda Libertadores, espec\u00edficamente en el sector Apacheta, donde perecieron 13 personas, entre ellas el ex contralor general Edgar Alarc\u00f3n, no es m\u00e1s que la cruda consecuencia del abandono y la falta de mantenimiento en esta vital carretera que une varias regiones del pa\u00eds.<\/p>\n\n\n\n<p>A pesar de las advertencias y reclamos de la poblaci\u00f3n, las autoridades competentes han hecho o\u00eddos sordos ante la urgente necesidad de intervenir en la V\u00eda Libertadores, cuyo deterioro avanza inconteniblemente. Las reparaciones temporales realizadas antes de la festividad religiosa no son m\u00e1s que parches que no resuelven el problema de fondo.<\/p>\n\n\n\n<p>Esta carretera, que ha cumplido su tiempo de vida \u00fatil de 30 a\u00f1os, requiere con urgencia un nuevo asfaltado y mantenimiento integral. Sin embargo, el Ministerio de Transportes y Comunicaciones, que hab\u00eda previsto su mantenimiento desde el a\u00f1o 2021 con el consorcio Santa Gabriela, se encuentra estancado debido a problemas legales, paralizando las obras y poniendo en riesgo la vida de miles de usuarios.<\/p>\n\n\n\n<figure class=\"wp-block-image size-large\"><img loading=\"lazy\" decoding=\"async\" width=\"1024\" height=\"576\" src=\"https:\/\/pulso27.com\/wp-content\/uploads\/2024\/05\/Civas-1024x576.jpg\" alt=\"\" class=\"wp-image-1686\" srcset=\"https:\/\/pulso27.com\/wp-content\/uploads\/2024\/05\/Civas-1024x576.jpg 1024w, https:\/\/pulso27.com\/wp-content\/uploads\/2024\/05\/Civas-300x169.jpg 300w, https:\/\/pulso27.com\/wp-content\/uploads\/2024\/05\/Civas-768x432.jpg 768w, https:\/\/pulso27.com\/wp-content\/uploads\/2024\/05\/Civas-18x10.jpg 18w, https:\/\/pulso27.com\/wp-content\/uploads\/2024\/05\/Civas.jpg 1300w\" sizes=\"auto, (max-width: 1024px) 100vw, 1024px\" \/><figcaption class=\"wp-element-caption\"><em>Excontralor Edgar Alarc\u00f3n Tejada, entre los fallecidos del accidente<\/em><\/figcaption><\/figure>\n\n\n\n<p>Es inadmisible que, ante una situaci\u00f3n tan cr\u00edtica, las autoridades no hayan tomado las medidas necesarias para garantizar la seguridad de los ciudadanos. La falta de acci\u00f3n coordinada entre el Ejecutivo, el Congreso, el gobierno regional y las municipalidades ha sido evidente, permitiendo que la negligencia se apodere de una infraestructura vital para la conectividad del pa\u00eds.<\/p>\n\n\n\n<p>Las muertes y el sufrimiento de las familias enlutadas por este tr\u00e1gico accidente son el resultado directo de la inacci\u00f3n y la desidia de quienes tienen la responsabilidad de velar por el bienestar de la poblaci\u00f3n. Es hora de que las autoridades asuman su responsabilidad y act\u00faen con urgencia para garantizar que tragedias como esta no vuelvan a repetirse.<\/p>\n\n\n\n<p>La sociedad civil exige soluciones inmediatas y contundentes. No se puede seguir postergando el mantenimiento y la rehabilitaci\u00f3n de la V\u00eda Libertadores. Cada d\u00eda que pasa sin tomar medidas, se pone en riesgo la vida de m\u00e1s peruanos. Es momento de que las autoridades dejen de lado las excusas y prioricen la seguridad de los ciudadanos por encima de cualquier inter\u00e9s particular.<\/p>\n\n\n\n<p><\/p>\n","protected":false},"excerpt":{"rendered":"<p>El reciente y lamentable accidente de un bus interprovincial en la V\u00eda Libertadores, espec\u00edficamente en el sector Apacheta, donde perecieron 13 personas, entre ellas el ex contralor general Edgar Alarc\u00f3n, no es m\u00e1s que la cruda consecuencia del abandono y la falta de mantenimiento en esta vital carretera que une varias regiones del pa\u00eds. A [&hellip;]<\/p>\n","protected":false},"author":7,"featured_media":1685,"comment_status":"open","ping_status":"open","sticky":false,"template":"","format":"standard","meta":{"footnotes":""},"categories":[183,174,178],"tags":[707,203,706,708],"class_list":["post-1684","post","type-post","status-publish","format-standard","has-post-thumbnail","hentry","category-actualidad","category-nacional","category-policial","tag-accidente","tag-ayacucho","tag-civa","tag-edgar-alarcon"],"yoast_head":"<!-- This site is optimized with the Yoast SEO plugin v27.4 - https:\/\/yoast.com\/product\/yoast-seo-wordpress\/ -->\n<title>V\u00eda Libertadores: Una tragedia evitable producto de la negligencia de las autoridades - Pulso27<\/title>\n<meta name=\"robots\" content=\"index, follow, max-snippet:-1, max-image-preview:large, max-video-preview:-1\" \/>\n<link rel=\"canonical\" href=\"https:\/\/pulso27.com\/es\/nacional\/via-libertadores-una-tragedia-evitable-producto-de-la-negligencia-de-las-autoridades\/\" \/>\n<meta property=\"og:locale\" content=\"es_ES\" \/>\n<meta property=\"og:type\" content=\"article\" \/>\n<meta property=\"og:title\" content=\"V\u00eda Libertadores: Una tragedia evitable producto de la negligencia de las autoridades - Pulso27\" \/>\n<meta property=\"og:description\" content=\"El reciente y lamentable accidente de un bus interprovincial en la V\u00eda Libertadores, espec\u00edficamente en el sector Apacheta, donde perecieron 13 personas, entre ellas el ex contralor general Edgar Alarc\u00f3n, no es m\u00e1s que la cruda consecuencia del abandono y la falta de mantenimiento en esta vital carretera que une varias regiones del pa\u00eds. A [&hellip;]\" \/>\n<meta property=\"og:url\" content=\"https:\/\/pulso27.com\/es\/nacional\/via-libertadores-una-tragedia-evitable-producto-de-la-negligencia-de-las-autoridades\/\" \/>\n<meta property=\"og:site_name\" content=\"Pulso27\" \/>\n<meta property=\"article:publisher\" content=\"https:\/\/www.facebook.com\/pulso27\/\" \/>\n<meta property=\"article:published_time\" content=\"2024-05-14T18:58:13+00:00\" \/>\n<meta property=\"article:modified_time\" content=\"2024-05-14T18:58:14+00:00\" \/>\n<meta property=\"og:image\" content=\"https:\/\/pulso27.com\/wp-content\/uploads\/2024\/05\/CIVa.jpg\" \/>\n\t<meta property=\"og:image:width\" content=\"2048\" \/>\n\t<meta property=\"og:image:height\" content=\"922\" \/>\n\t<meta property=\"og:image:type\" content=\"image\/jpeg\" \/>\n<meta name=\"author\" content=\"Tupaq\" \/>\n<meta name=\"twitter:card\" content=\"summary_large_image\" \/>\n<meta name=\"twitter:creator\" content=\"@Pulso_27\" \/>\n<meta name=\"twitter:site\" content=\"@Pulso_27\" \/>\n<meta name=\"twitter:label1\" content=\"Written by\" \/>\n\t<meta name=\"twitter:data1\" content=\"Tupaq\" \/>\n\t<meta name=\"twitter:label2\" content=\"Est. reading time\" \/>\n\t<meta name=\"twitter:data2\" content=\"2 minutos\" \/>\n<script type=\"application\/ld+json\" class=\"yoast-schema-graph\">{\"@context\":\"https:\\\/\\\/schema.org\",\"@graph\":[{\"@type\":\"Article\",\"@id\":\"https:\\\/\\\/pulso27.com\\\/nacional\\\/via-libertadores-una-tragedia-evitable-producto-de-la-negligencia-de-las-autoridades\\\/#article\",\"isPartOf\":{\"@id\":\"https:\\\/\\\/pulso27.com\\\/nacional\\\/via-libertadores-una-tragedia-evitable-producto-de-la-negligencia-de-las-autoridades\\\/\"},\"author\":{\"name\":\"Tupaq\",\"@id\":\"https:\\\/\\\/pulso27.com\\\/en\\\/#\\\/schema\\\/person\\\/d20fd7f5bc7f2e53fd150d43fca07a78\"},\"headline\":\"V\u00eda Libertadores: Una tragedia evitable producto de la negligencia de las autoridades\",\"datePublished\":\"2024-05-14T18:58:13+00:00\",\"dateModified\":\"2024-05-14T18:58:14+00:00\",\"mainEntityOfPage\":{\"@id\":\"https:\\\/\\\/pulso27.com\\\/nacional\\\/via-libertadores-una-tragedia-evitable-producto-de-la-negligencia-de-las-autoridades\\\/\"},\"wordCount\":393,\"commentCount\":0,\"publisher\":{\"@id\":\"https:\\\/\\\/pulso27.com\\\/en\\\/#organization\"},\"image\":{\"@id\":\"https:\\\/\\\/pulso27.com\\\/nacional\\\/via-libertadores-una-tragedia-evitable-producto-de-la-negligencia-de-las-autoridades\\\/#primaryimage\"},\"thumbnailUrl\":\"https:\\\/\\\/pulso27.com\\\/wp-content\\\/uploads\\\/2024\\\/05\\\/CIVa.jpg\",\"keywords\":[\"Accidente\",\"Ayacucho\",\"CIVA\",\"Edgar Alarc\u00f3n\"],\"articleSection\":[\"Actualidad\",\"Nacional\",\"Policial\"],\"inLanguage\":\"es-PE\",\"potentialAction\":[{\"@type\":\"CommentAction\",\"name\":\"Comment\",\"target\":[\"https:\\\/\\\/pulso27.com\\\/nacional\\\/via-libertadores-una-tragedia-evitable-producto-de-la-negligencia-de-las-autoridades\\\/#respond\"]}]},{\"@type\":\"WebPage\",\"@id\":\"https:\\\/\\\/pulso27.com\\\/nacional\\\/via-libertadores-una-tragedia-evitable-producto-de-la-negligencia-de-las-autoridades\\\/\",\"url\":\"https:\\\/\\\/pulso27.com\\\/nacional\\\/via-libertadores-una-tragedia-evitable-producto-de-la-negligencia-de-las-autoridades\\\/\",\"name\":\"V\u00eda Libertadores: Una tragedia evitable producto de la negligencia de las autoridades - Pulso27\",\"isPartOf\":{\"@id\":\"https:\\\/\\\/pulso27.com\\\/en\\\/#website\"},\"primaryImageOfPage\":{\"@id\":\"https:\\\/\\\/pulso27.com\\\/nacional\\\/via-libertadores-una-tragedia-evitable-producto-de-la-negligencia-de-las-autoridades\\\/#primaryimage\"},\"image\":{\"@id\":\"https:\\\/\\\/pulso27.com\\\/nacional\\\/via-libertadores-una-tragedia-evitable-producto-de-la-negligencia-de-las-autoridades\\\/#primaryimage\"},\"thumbnailUrl\":\"https:\\\/\\\/pulso27.com\\\/wp-content\\\/uploads\\\/2024\\\/05\\\/CIVa.jpg\",\"datePublished\":\"2024-05-14T18:58:13+00:00\",\"dateModified\":\"2024-05-14T18:58:14+00:00\",\"breadcrumb\":{\"@id\":\"https:\\\/\\\/pulso27.com\\\/nacional\\\/via-libertadores-una-tragedia-evitable-producto-de-la-negligencia-de-las-autoridades\\\/#breadcrumb\"},\"inLanguage\":\"es-PE\",\"potentialAction\":[{\"@type\":\"ReadAction\",\"target\":[\"https:\\\/\\\/pulso27.com\\\/nacional\\\/via-libertadores-una-tragedia-evitable-producto-de-la-negligencia-de-las-autoridades\\\/\"]}]},{\"@type\":\"ImageObject\",\"inLanguage\":\"es-PE\",\"@id\":\"https:\\\/\\\/pulso27.com\\\/nacional\\\/via-libertadores-una-tragedia-evitable-producto-de-la-negligencia-de-las-autoridades\\\/#primaryimage\",\"url\":\"https:\\\/\\\/pulso27.com\\\/wp-content\\\/uploads\\\/2024\\\/05\\\/CIVa.jpg\",\"contentUrl\":\"https:\\\/\\\/pulso27.com\\\/wp-content\\\/uploads\\\/2024\\\/05\\\/CIVa.jpg\",\"width\":2048,\"height\":922},{\"@type\":\"BreadcrumbList\",\"@id\":\"https:\\\/\\\/pulso27.com\\\/nacional\\\/via-libertadores-una-tragedia-evitable-producto-de-la-negligencia-de-las-autoridades\\\/#breadcrumb\",\"itemListElement\":[{\"@type\":\"ListItem\",\"position\":1,\"name\":\"Portada\",\"item\":\"https:\\\/\\\/pulso27.com\\\/\"},{\"@type\":\"ListItem\",\"position\":2,\"name\":\"V\u00eda Libertadores: Una tragedia evitable producto de la negligencia de las autoridades\"}]},{\"@type\":\"WebSite\",\"@id\":\"https:\\\/\\\/pulso27.com\\\/en\\\/#website\",\"url\":\"https:\\\/\\\/pulso27.com\\\/en\\\/\",\"name\":\"Pulso27\",\"description\":\"Web de noticias y publicidad\",\"publisher\":{\"@id\":\"https:\\\/\\\/pulso27.com\\\/en\\\/#organization\"},\"alternateName\":\"El pulso del pueblo\",\"potentialAction\":[{\"@type\":\"SearchAction\",\"target\":{\"@type\":\"EntryPoint\",\"urlTemplate\":\"https:\\\/\\\/pulso27.com\\\/en\\\/?s={search_term_string}\"},\"query-input\":{\"@type\":\"PropertyValueSpecification\",\"valueRequired\":true,\"valueName\":\"search_term_string\"}}],\"inLanguage\":\"es-PE\"},{\"@type\":\"Organization\",\"@id\":\"https:\\\/\\\/pulso27.com\\\/en\\\/#organization\",\"name\":\"Pulso27\",\"url\":\"https:\\\/\\\/pulso27.com\\\/en\\\/\",\"logo\":{\"@type\":\"ImageObject\",\"inLanguage\":\"es-PE\",\"@id\":\"https:\\\/\\\/pulso27.com\\\/en\\\/#\\\/schema\\\/logo\\\/image\\\/\",\"url\":\"https:\\\/\\\/pulso27.com\\\/wp-content\\\/uploads\\\/2026\\\/02\\\/Logotipo-de-la-organizacion-696-x-696-px-ok.png\",\"contentUrl\":\"https:\\\/\\\/pulso27.com\\\/wp-content\\\/uploads\\\/2026\\\/02\\\/Logotipo-de-la-organizacion-696-x-696-px-ok.png\",\"width\":696,\"height\":696,\"caption\":\"Pulso27\"},\"image\":{\"@id\":\"https:\\\/\\\/pulso27.com\\\/en\\\/#\\\/schema\\\/logo\\\/image\\\/\"},\"sameAs\":[\"https:\\\/\\\/www.facebook.com\\\/pulso27\\\/\",\"https:\\\/\\\/x.com\\\/Pulso_27\",\"https:\\\/\\\/www.youtube.com\\\/@Pulso27\",\"https:\\\/\\\/www.tiktok.com\\\/@pulso_27\"]},{\"@type\":\"Person\",\"@id\":\"https:\\\/\\\/pulso27.com\\\/en\\\/#\\\/schema\\\/person\\\/d20fd7f5bc7f2e53fd150d43fca07a78\",\"name\":\"Tupaq\",\"image\":{\"@type\":\"ImageObject\",\"inLanguage\":\"es-PE\",\"@id\":\"https:\\\/\\\/secure.gravatar.com\\\/avatar\\\/7929e9b034aeea560319a601e4f04c59eb5f45a79eafe192adabb67e9604e7e7?s=96&d=mm&r=g\",\"url\":\"https:\\\/\\\/secure.gravatar.com\\\/avatar\\\/7929e9b034aeea560319a601e4f04c59eb5f45a79eafe192adabb67e9604e7e7?s=96&d=mm&r=g\",\"contentUrl\":\"https:\\\/\\\/secure.gravatar.com\\\/avatar\\\/7929e9b034aeea560319a601e4f04c59eb5f45a79eafe192adabb67e9604e7e7?s=96&d=mm&r=g\",\"caption\":\"Tupaq\"},\"url\":\"https:\\\/\\\/pulso27.com\\\/es\\\/author\\\/tupaq\\\/\"}]}<\/script>\n<!-- \/ Yoast SEO plugin. -->","yoast_head_json":{"title":"V\u00eda Libertadores: Una tragedia evitable producto de la negligencia de las autoridades - Pulso27","robots":{"index":"index","follow":"follow","max-snippet":"max-snippet:-1","max-image-preview":"max-image-preview:large","max-video-preview":"max-video-preview:-1"},"canonical":"https:\/\/pulso27.com\/es\/nacional\/via-libertadores-una-tragedia-evitable-producto-de-la-negligencia-de-las-autoridades\/","og_locale":"es_ES","og_type":"article","og_title":"V\u00eda Libertadores: Una tragedia evitable producto de la negligencia de las autoridades - Pulso27","og_description":"El reciente y lamentable accidente de un bus interprovincial en la V\u00eda Libertadores, espec\u00edficamente en el sector Apacheta, donde perecieron 13 personas, entre ellas el ex contralor general Edgar Alarc\u00f3n, no es m\u00e1s que la cruda consecuencia del abandono y la falta de mantenimiento en esta vital carretera que une varias regiones del pa\u00eds. A [&hellip;]","og_url":"https:\/\/pulso27.com\/es\/nacional\/via-libertadores-una-tragedia-evitable-producto-de-la-negligencia-de-las-autoridades\/","og_site_name":"Pulso27","article_publisher":"https:\/\/www.facebook.com\/pulso27\/","article_published_time":"2024-05-14T18:58:13+00:00","article_modified_time":"2024-05-14T18:58:14+00:00","og_image":[{"width":2048,"height":922,"url":"https:\/\/pulso27.com\/wp-content\/uploads\/2024\/05\/CIVa.jpg","type":"image\/jpeg"}],"author":"Tupaq","twitter_card":"summary_large_image","twitter_creator":"@Pulso_27","twitter_site":"@Pulso_27","twitter_misc":{"Written by":"Tupaq","Est. reading time":"2 minutos"},"schema":{"@context":"https:\/\/schema.org","@graph":[{"@type":"Article","@id":"https:\/\/pulso27.com\/nacional\/via-libertadores-una-tragedia-evitable-producto-de-la-negligencia-de-las-autoridades\/#article","isPartOf":{"@id":"https:\/\/pulso27.com\/nacional\/via-libertadores-una-tragedia-evitable-producto-de-la-negligencia-de-las-autoridades\/"},"author":{"name":"Tupaq","@id":"https:\/\/pulso27.com\/en\/#\/schema\/person\/d20fd7f5bc7f2e53fd150d43fca07a78"},"headline":"V\u00eda Libertadores: Una tragedia evitable producto de la negligencia de las autoridades","datePublished":"2024-05-14T18:58:13+00:00","dateModified":"2024-05-14T18:58:14+00:00","mainEntityOfPage":{"@id":"https:\/\/pulso27.com\/nacional\/via-libertadores-una-tragedia-evitable-producto-de-la-negligencia-de-las-autoridades\/"},"wordCount":393,"commentCount":0,"publisher":{"@id":"https:\/\/pulso27.com\/en\/#organization"},"image":{"@id":"https:\/\/pulso27.com\/nacional\/via-libertadores-una-tragedia-evitable-producto-de-la-negligencia-de-las-autoridades\/#primaryimage"},"thumbnailUrl":"https:\/\/pulso27.com\/wp-content\/uploads\/2024\/05\/CIVa.jpg","keywords":["Accidente","Ayacucho","CIVA","Edgar Alarc\u00f3n"],"articleSection":["Actualidad","Nacional","Policial"],"inLanguage":"es-PE","potentialAction":[{"@type":"CommentAction","name":"Comment","target":["https:\/\/pulso27.com\/nacional\/via-libertadores-una-tragedia-evitable-producto-de-la-negligencia-de-las-autoridades\/#respond"]}]},{"@type":"WebPage","@id":"https:\/\/pulso27.com\/nacional\/via-libertadores-una-tragedia-evitable-producto-de-la-negligencia-de-las-autoridades\/","url":"https:\/\/pulso27.com\/nacional\/via-libertadores-una-tragedia-evitable-producto-de-la-negligencia-de-las-autoridades\/","name":"V\u00eda Libertadores: Una tragedia evitable producto de la negligencia de las autoridades - Pulso27","isPartOf":{"@id":"https:\/\/pulso27.com\/en\/#website"},"primaryImageOfPage":{"@id":"https:\/\/pulso27.com\/nacional\/via-libertadores-una-tragedia-evitable-producto-de-la-negligencia-de-las-autoridades\/#primaryimage"},"image":{"@id":"https:\/\/pulso27.com\/nacional\/via-libertadores-una-tragedia-evitable-producto-de-la-negligencia-de-las-autoridades\/#primaryimage"},"thumbnailUrl":"https:\/\/pulso27.com\/wp-content\/uploads\/2024\/05\/CIVa.jpg","datePublished":"2024-05-14T18:58:13+00:00","dateModified":"2024-05-14T18:58:14+00:00","breadcrumb":{"@id":"https:\/\/pulso27.com\/nacional\/via-libertadores-una-tragedia-evitable-producto-de-la-negligencia-de-las-autoridades\/#breadcrumb"},"inLanguage":"es-PE","potentialAction":[{"@type":"ReadAction","target":["https:\/\/pulso27.com\/nacional\/via-libertadores-una-tragedia-evitable-producto-de-la-negligencia-de-las-autoridades\/"]}]},{"@type":"ImageObject","inLanguage":"es-PE","@id":"https:\/\/pulso27.com\/nacional\/via-libertadores-una-tragedia-evitable-producto-de-la-negligencia-de-las-autoridades\/#primaryimage","url":"https:\/\/pulso27.com\/wp-content\/uploads\/2024\/05\/CIVa.jpg","contentUrl":"https:\/\/pulso27.com\/wp-content\/uploads\/2024\/05\/CIVa.jpg","width":2048,"height":922},{"@type":"BreadcrumbList","@id":"https:\/\/pulso27.com\/nacional\/via-libertadores-una-tragedia-evitable-producto-de-la-negligencia-de-las-autoridades\/#breadcrumb","itemListElement":[{"@type":"ListItem","position":1,"name":"Portada","item":"https:\/\/pulso27.com\/"},{"@type":"ListItem","position":2,"name":"V\u00eda Libertadores: Una tragedia evitable producto de la negligencia de las autoridades"}]},{"@type":"WebSite","@id":"https:\/\/pulso27.com\/en\/#website","url":"https:\/\/pulso27.com\/en\/","name":"Pulso27","description":"Web de noticias y publicidad","publisher":{"@id":"https:\/\/pulso27.com\/en\/#organization"},"alternateName":"El pulso del pueblo","potentialAction":[{"@type":"SearchAction","target":{"@type":"EntryPoint","urlTemplate":"https:\/\/pulso27.com\/en\/?s={search_term_string}"},"query-input":{"@type":"PropertyValueSpecification","valueRequired":true,"valueName":"search_term_string"}}],"inLanguage":"es-PE"},{"@type":"Organization","@id":"https:\/\/pulso27.com\/en\/#organization","name":"Pulso27","url":"https:\/\/pulso27.com\/en\/","logo":{"@type":"ImageObject","inLanguage":"es-PE","@id":"https:\/\/pulso27.com\/en\/#\/schema\/logo\/image\/","url":"https:\/\/pulso27.com\/wp-content\/uploads\/2026\/02\/Logotipo-de-la-organizacion-696-x-696-px-ok.png","contentUrl":"https:\/\/pulso27.com\/wp-content\/uploads\/2026\/02\/Logotipo-de-la-organizacion-696-x-696-px-ok.png","width":696,"height":696,"caption":"Pulso27"},"image":{"@id":"https:\/\/pulso27.com\/en\/#\/schema\/logo\/image\/"},"sameAs":["https:\/\/www.facebook.com\/pulso27\/","https:\/\/x.com\/Pulso_27","https:\/\/www.youtube.com\/@Pulso27","https:\/\/www.tiktok.com\/@pulso_27"]},{"@type":"Person","@id":"https:\/\/pulso27.com\/en\/#\/schema\/person\/d20fd7f5bc7f2e53fd150d43fca07a78","name":"Tupaq","image":{"@type":"ImageObject","inLanguage":"es-PE","@id":"https:\/\/secure.gravatar.com\/avatar\/7929e9b034aeea560319a601e4f04c59eb5f45a79eafe192adabb67e9604e7e7?s=96&d=mm&r=g","url":"https:\/\/secure.gravatar.com\/avatar\/7929e9b034aeea560319a601e4f04c59eb5f45a79eafe192adabb67e9604e7e7?s=96&d=mm&r=g","contentUrl":"https:\/\/secure.gravatar.com\/avatar\/7929e9b034aeea560319a601e4f04c59eb5f45a79eafe192adabb67e9604e7e7?s=96&d=mm&r=g","caption":"Tupaq"},"url":"https:\/\/pulso27.com\/es\/author\/tupaq\/"}]}},"amp_enabled":true,"_links":{"self":[{"href":"https:\/\/pulso27.com\/es\/wp-json\/wp\/v2\/posts\/1684","targetHints":{"allow":["GET"]}}],"collection":[{"href":"https:\/\/pulso27.com\/es\/wp-json\/wp\/v2\/posts"}],"about":[{"href":"https:\/\/pulso27.com\/es\/wp-json\/wp\/v2\/types\/post"}],"author":[{"embeddable":true,"href":"https:\/\/pulso27.com\/es\/wp-json\/wp\/v2\/users\/7"}],"replies":[{"embeddable":true,"href":"https:\/\/pulso27.com\/es\/wp-json\/wp\/v2\/comments?post=1684"}],"version-history":[{"count":1,"href":"https:\/\/pulso27.com\/es\/wp-json\/wp\/v2\/posts\/1684\/revisions"}],"predecessor-version":[{"id":1687,"href":"https:\/\/pulso27.com\/es\/wp-json\/wp\/v2\/posts\/1684\/revisions\/1687"}],"wp:featuredmedia":[{"embeddable":true,"href":"https:\/\/pulso27.com\/es\/wp-json\/wp\/v2\/media\/1685"}],"wp:attachment":[{"href":"https:\/\/pulso27.com\/es\/wp-json\/wp\/v2\/media?parent=1684"}],"wp:term":[{"taxonomy":"category","embeddable":true,"href":"https:\/\/pulso27.com\/es\/wp-json\/wp\/v2\/categories?post=1684"},{"taxonomy":"post_tag","embeddable":true,"href":"https:\/\/pulso27.com\/es\/wp-json\/wp\/v2\/tags?post=1684"}],"curies":[{"name":"wp","href":"https:\/\/api.w.org\/{rel}","templated":true}]}}