{"id":1697,"date":"2024-05-15T20:10:35","date_gmt":"2024-05-15T15:10:35","guid":{"rendered":"https:\/\/pulso27.com\/?p=1697"},"modified":"2024-05-15T20:10:36","modified_gmt":"2024-05-15T15:10:36","slug":"reincorporan-a-zoraida-avalos-tras-revocacion-de-inhabilitacion-politica-del-congreso-de-la-republica","status":"publish","type":"post","link":"https:\/\/pulso27.com\/es\/actualidad\/politica\/reincorporan-a-zoraida-avalos-tras-revocacion-de-inhabilitacion-politica-del-congreso-de-la-republica\/","title":{"rendered":"Reincorporan a Zoraida \u00c1valos tras revocaci\u00f3n de inhabilitaci\u00f3n pol\u00edtica del Congreso de la Rep\u00fablica"},"content":{"rendered":"\n<p>Zoraida \u00c1valos, figura prominente en el \u00e1mbito judicial, ha regresado al centro de la escena p\u00fablica tras la anulaci\u00f3n de su inhabilitaci\u00f3n pol\u00edtica por parte del Poder Judicial. Esta decisi\u00f3n, que llega tras una prolongada batalla legal, marca el fin de un periodo tumultuoso para la exfiscal de la Naci\u00f3n.<\/p>\n\n\n\n<p>La resoluci\u00f3n emitida por la Tercera Sala Constitucional ha revocado la medida del Congreso que la apartaba de la funci\u00f3n p\u00fablica por un periodo de cinco a\u00f1os. En medio de expresiones de gratitud y satisfacci\u00f3n, \u00c1valos se pronunci\u00f3 a trav\u00e9s de sus redes sociales y medios de comunicaci\u00f3n, destacando la importancia de la justicia y el respeto a los derechos fundamentales.<\/p>\n\n\n\n<p>\u00abEstoy de vuelta. Mientras m\u00e1s grande es la tormenta, m\u00e1s fuerte es el resplandor del sol al amanecer\u2026\u00bb, expres\u00f3 \u00c1valos, evidenciando su alivio tras once meses de inhabilitaci\u00f3n que considera injusta. En sus declaraciones, critic\u00f3 la actuaci\u00f3n del Congreso, acus\u00e1ndolo de sancionarla pol\u00edticamente con argumentos abstractos, con el \u00fanico prop\u00f3sito de apartarla del Ministerio P\u00fablico.<\/p>\n\n\n\n<figure class=\"wp-block-image size-large\"><img loading=\"lazy\" decoding=\"async\" width=\"1024\" height=\"824\" src=\"https:\/\/pulso27.com\/wp-content\/uploads\/2024\/05\/ZoAre-1024x824.png\" alt=\"\" class=\"wp-image-1698\" srcset=\"https:\/\/pulso27.com\/wp-content\/uploads\/2024\/05\/ZoAre-1024x824.png 1024w, https:\/\/pulso27.com\/wp-content\/uploads\/2024\/05\/ZoAre-300x241.png 300w, https:\/\/pulso27.com\/wp-content\/uploads\/2024\/05\/ZoAre-768x618.png 768w, https:\/\/pulso27.com\/wp-content\/uploads\/2024\/05\/ZoAre-15x12.png 15w, https:\/\/pulso27.com\/wp-content\/uploads\/2024\/05\/ZoAre.png 1234w\" sizes=\"auto, (max-width: 1024px) 100vw, 1024px\" \/><\/figure>\n\n\n\n<p><em>Resoluci\u00f3n del Poder Judicial a favor de Zoraida \u00c1valos<\/em><\/p>\n\n\n\n<p>La exfiscal enfatiz\u00f3 el papel del Poder Judicial como garante de la autonom\u00eda e independencia, subrayando la necesidad de respetar el debido proceso y los derechos individuales en todo momento. Asimismo, record\u00f3 que su reposici\u00f3n es inmediata y que espera ser notificada oficialmente a m\u00e1s tardar el 15 de mayo.<\/p>\n\n\n\n<p>Es importante recordar que \u00c1valos hab\u00eda interpuesto una demanda de amparo tras la medida del Congreso en junio de 2023, argumentando una presunta infracci\u00f3n constitucional. Esta resoluci\u00f3n del Poder Judicial restablece su posici\u00f3n en la Junta de Fiscales Supremos, despu\u00e9s de que fuera acusada de suspender investigaciones contra el expresidente Pedro Castillo en enero de 2022.<\/p>\n\n\n\n<p>La resoluci\u00f3n judicial tambi\u00e9n ha dejado a salvo la facultad del Congreso para proceder conforme a sus atribuciones constitucionales en relaci\u00f3n con los actos imputados a \u00c1valos, garantizando el respeto a sus derechos fundamentales. Sin embargo, se ha cuestionado la motivaci\u00f3n y consistencia de la medida del Congreso, concluyendo que se vulner\u00f3 el derecho al debido proceso formal de la demandante.<\/p>\n\n\n\n<p>Este \u00faltimo cap\u00edtulo en la saga legal de Zoraida \u00c1valos destaca el papel crucial de la justicia en la protecci\u00f3n de los derechos individuales y la preservaci\u00f3n de la independencia de los \u00f3rganos judiciales. Con su reinstalaci\u00f3n inminente, se espera que \u00c1valos retome sus funciones con renovado vigor y compromiso hacia la justicia y el Estado de derecho.<\/p>\n","protected":false},"excerpt":{"rendered":"<p>Zoraida \u00c1valos, figura prominente en el \u00e1mbito judicial, ha regresado al centro de la escena p\u00fablica tras la anulaci\u00f3n de su inhabilitaci\u00f3n pol\u00edtica por parte del Poder Judicial. Esta decisi\u00f3n, que llega tras una prolongada batalla legal, marca el fin de un periodo tumultuoso para la exfiscal de la Naci\u00f3n. La resoluci\u00f3n emitida por la [&hellip;]<\/p>\n","protected":false},"author":7,"featured_media":1699,"comment_status":"open","ping_status":"open","sticky":false,"template":"","format":"standard","meta":{"footnotes":""},"categories":[183,180],"tags":[719,595,196],"class_list":["post-1697","post","type-post","status-publish","format-standard","has-post-thumbnail","hentry","category-actualidad","category-politica","tag-congreso-de-la-republica-2","tag-ministerio-publico-2","tag-poder-judicial"],"yoast_head":"<!-- This site is optimized with the Yoast SEO plugin v27.4 - https:\/\/yoast.com\/product\/yoast-seo-wordpress\/ -->\n<title>Reincorporan a Zoraida \u00c1valos tras revocaci\u00f3n de inhabilitaci\u00f3n pol\u00edtica del Congreso de la Rep\u00fablica - Pulso27<\/title>\n<meta name=\"robots\" content=\"index, follow, max-snippet:-1, max-image-preview:large, max-video-preview:-1\" \/>\n<link rel=\"canonical\" href=\"https:\/\/pulso27.com\/es\/politica\/reincorporan-a-zoraida-avalos-tras-revocacion-de-inhabilitacion-politica-del-congreso-de-la-republica\/\" \/>\n<meta property=\"og:locale\" content=\"es_ES\" \/>\n<meta property=\"og:type\" content=\"article\" \/>\n<meta property=\"og:title\" content=\"Reincorporan a Zoraida \u00c1valos tras revocaci\u00f3n de inhabilitaci\u00f3n pol\u00edtica del Congreso de la Rep\u00fablica - Pulso27\" \/>\n<meta property=\"og:description\" content=\"Zoraida \u00c1valos, figura prominente en el \u00e1mbito judicial, ha regresado al centro de la escena p\u00fablica tras la anulaci\u00f3n de su inhabilitaci\u00f3n pol\u00edtica por parte del Poder Judicial. Esta decisi\u00f3n, que llega tras una prolongada batalla legal, marca el fin de un periodo tumultuoso para la exfiscal de la Naci\u00f3n. La resoluci\u00f3n emitida por la [&hellip;]\" \/>\n<meta property=\"og:url\" content=\"https:\/\/pulso27.com\/es\/politica\/reincorporan-a-zoraida-avalos-tras-revocacion-de-inhabilitacion-politica-del-congreso-de-la-republica\/\" \/>\n<meta property=\"og:site_name\" content=\"Pulso27\" \/>\n<meta property=\"article:publisher\" content=\"https:\/\/www.facebook.com\/pulso27\/\" \/>\n<meta property=\"article:published_time\" content=\"2024-05-15T15:10:35+00:00\" \/>\n<meta property=\"article:modified_time\" content=\"2024-05-15T15:10:36+00:00\" \/>\n<meta property=\"og:image\" content=\"https:\/\/pulso27.com\/wp-content\/uploads\/2024\/05\/ZoAval.png\" \/>\n\t<meta property=\"og:image:width\" content=\"1324\" \/>\n\t<meta property=\"og:image:height\" content=\"993\" \/>\n\t<meta property=\"og:image:type\" content=\"image\/png\" \/>\n<meta name=\"author\" content=\"Tupaq\" \/>\n<meta name=\"twitter:card\" content=\"summary_large_image\" \/>\n<meta name=\"twitter:creator\" content=\"@Pulso_27\" \/>\n<meta name=\"twitter:site\" content=\"@Pulso_27\" \/>\n<meta name=\"twitter:label1\" content=\"Written by\" \/>\n\t<meta name=\"twitter:data1\" content=\"Tupaq\" \/>\n\t<meta name=\"twitter:label2\" content=\"Est. reading time\" \/>\n\t<meta name=\"twitter:data2\" content=\"2 minutos\" \/>\n<script type=\"application\/ld+json\" class=\"yoast-schema-graph\">{\"@context\":\"https:\\\/\\\/schema.org\",\"@graph\":[{\"@type\":\"Article\",\"@id\":\"https:\\\/\\\/pulso27.com\\\/politica\\\/reincorporan-a-zoraida-avalos-tras-revocacion-de-inhabilitacion-politica-del-congreso-de-la-republica\\\/#article\",\"isPartOf\":{\"@id\":\"https:\\\/\\\/pulso27.com\\\/politica\\\/reincorporan-a-zoraida-avalos-tras-revocacion-de-inhabilitacion-politica-del-congreso-de-la-republica\\\/\"},\"author\":{\"name\":\"Tupaq\",\"@id\":\"https:\\\/\\\/pulso27.com\\\/en\\\/#\\\/schema\\\/person\\\/d20fd7f5bc7f2e53fd150d43fca07a78\"},\"headline\":\"Reincorporan a Zoraida \u00c1valos tras revocaci\u00f3n de inhabilitaci\u00f3n pol\u00edtica del Congreso de la Rep\u00fablica\",\"datePublished\":\"2024-05-15T15:10:35+00:00\",\"dateModified\":\"2024-05-15T15:10:36+00:00\",\"mainEntityOfPage\":{\"@id\":\"https:\\\/\\\/pulso27.com\\\/politica\\\/reincorporan-a-zoraida-avalos-tras-revocacion-de-inhabilitacion-politica-del-congreso-de-la-republica\\\/\"},\"wordCount\":453,\"commentCount\":0,\"publisher\":{\"@id\":\"https:\\\/\\\/pulso27.com\\\/en\\\/#organization\"},\"image\":{\"@id\":\"https:\\\/\\\/pulso27.com\\\/politica\\\/reincorporan-a-zoraida-avalos-tras-revocacion-de-inhabilitacion-politica-del-congreso-de-la-republica\\\/#primaryimage\"},\"thumbnailUrl\":\"https:\\\/\\\/pulso27.com\\\/wp-content\\\/uploads\\\/2024\\\/05\\\/ZoAval.png\",\"keywords\":[\"Congreso de la Rep\u00fablica\",\"Ministerio P\u00fablico\",\"Poder judicial\"],\"articleSection\":[\"Actualidad\",\"Pol\u00edtica\"],\"inLanguage\":\"es-PE\",\"potentialAction\":[{\"@type\":\"CommentAction\",\"name\":\"Comment\",\"target\":[\"https:\\\/\\\/pulso27.com\\\/politica\\\/reincorporan-a-zoraida-avalos-tras-revocacion-de-inhabilitacion-politica-del-congreso-de-la-republica\\\/#respond\"]}]},{\"@type\":\"WebPage\",\"@id\":\"https:\\\/\\\/pulso27.com\\\/politica\\\/reincorporan-a-zoraida-avalos-tras-revocacion-de-inhabilitacion-politica-del-congreso-de-la-republica\\\/\",\"url\":\"https:\\\/\\\/pulso27.com\\\/politica\\\/reincorporan-a-zoraida-avalos-tras-revocacion-de-inhabilitacion-politica-del-congreso-de-la-republica\\\/\",\"name\":\"Reincorporan a Zoraida \u00c1valos tras revocaci\u00f3n de inhabilitaci\u00f3n pol\u00edtica del Congreso de la Rep\u00fablica - Pulso27\",\"isPartOf\":{\"@id\":\"https:\\\/\\\/pulso27.com\\\/en\\\/#website\"},\"primaryImageOfPage\":{\"@id\":\"https:\\\/\\\/pulso27.com\\\/politica\\\/reincorporan-a-zoraida-avalos-tras-revocacion-de-inhabilitacion-politica-del-congreso-de-la-republica\\\/#primaryimage\"},\"image\":{\"@id\":\"https:\\\/\\\/pulso27.com\\\/politica\\\/reincorporan-a-zoraida-avalos-tras-revocacion-de-inhabilitacion-politica-del-congreso-de-la-republica\\\/#primaryimage\"},\"thumbnailUrl\":\"https:\\\/\\\/pulso27.com\\\/wp-content\\\/uploads\\\/2024\\\/05\\\/ZoAval.png\",\"datePublished\":\"2024-05-15T15:10:35+00:00\",\"dateModified\":\"2024-05-15T15:10:36+00:00\",\"breadcrumb\":{\"@id\":\"https:\\\/\\\/pulso27.com\\\/politica\\\/reincorporan-a-zoraida-avalos-tras-revocacion-de-inhabilitacion-politica-del-congreso-de-la-republica\\\/#breadcrumb\"},\"inLanguage\":\"es-PE\",\"potentialAction\":[{\"@type\":\"ReadAction\",\"target\":[\"https:\\\/\\\/pulso27.com\\\/politica\\\/reincorporan-a-zoraida-avalos-tras-revocacion-de-inhabilitacion-politica-del-congreso-de-la-republica\\\/\"]}]},{\"@type\":\"ImageObject\",\"inLanguage\":\"es-PE\",\"@id\":\"https:\\\/\\\/pulso27.com\\\/politica\\\/reincorporan-a-zoraida-avalos-tras-revocacion-de-inhabilitacion-politica-del-congreso-de-la-republica\\\/#primaryimage\",\"url\":\"https:\\\/\\\/pulso27.com\\\/wp-content\\\/uploads\\\/2024\\\/05\\\/ZoAval.png\",\"contentUrl\":\"https:\\\/\\\/pulso27.com\\\/wp-content\\\/uploads\\\/2024\\\/05\\\/ZoAval.png\",\"width\":1324,\"height\":993},{\"@type\":\"BreadcrumbList\",\"@id\":\"https:\\\/\\\/pulso27.com\\\/politica\\\/reincorporan-a-zoraida-avalos-tras-revocacion-de-inhabilitacion-politica-del-congreso-de-la-republica\\\/#breadcrumb\",\"itemListElement\":[{\"@type\":\"ListItem\",\"position\":1,\"name\":\"Portada\",\"item\":\"https:\\\/\\\/pulso27.com\\\/\"},{\"@type\":\"ListItem\",\"position\":2,\"name\":\"Reincorporan a Zoraida \u00c1valos tras revocaci\u00f3n de inhabilitaci\u00f3n pol\u00edtica del Congreso de la Rep\u00fablica\"}]},{\"@type\":\"WebSite\",\"@id\":\"https:\\\/\\\/pulso27.com\\\/en\\\/#website\",\"url\":\"https:\\\/\\\/pulso27.com\\\/en\\\/\",\"name\":\"Pulso27\",\"description\":\"Web de noticias y publicidad\",\"publisher\":{\"@id\":\"https:\\\/\\\/pulso27.com\\\/en\\\/#organization\"},\"alternateName\":\"El pulso del pueblo\",\"potentialAction\":[{\"@type\":\"SearchAction\",\"target\":{\"@type\":\"EntryPoint\",\"urlTemplate\":\"https:\\\/\\\/pulso27.com\\\/en\\\/?s={search_term_string}\"},\"query-input\":{\"@type\":\"PropertyValueSpecification\",\"valueRequired\":true,\"valueName\":\"search_term_string\"}}],\"inLanguage\":\"es-PE\"},{\"@type\":\"Organization\",\"@id\":\"https:\\\/\\\/pulso27.com\\\/en\\\/#organization\",\"name\":\"Pulso27\",\"url\":\"https:\\\/\\\/pulso27.com\\\/en\\\/\",\"logo\":{\"@type\":\"ImageObject\",\"inLanguage\":\"es-PE\",\"@id\":\"https:\\\/\\\/pulso27.com\\\/en\\\/#\\\/schema\\\/logo\\\/image\\\/\",\"url\":\"https:\\\/\\\/pulso27.com\\\/wp-content\\\/uploads\\\/2026\\\/02\\\/Logotipo-de-la-organizacion-696-x-696-px-ok.png\",\"contentUrl\":\"https:\\\/\\\/pulso27.com\\\/wp-content\\\/uploads\\\/2026\\\/02\\\/Logotipo-de-la-organizacion-696-x-696-px-ok.png\",\"width\":696,\"height\":696,\"caption\":\"Pulso27\"},\"image\":{\"@id\":\"https:\\\/\\\/pulso27.com\\\/en\\\/#\\\/schema\\\/logo\\\/image\\\/\"},\"sameAs\":[\"https:\\\/\\\/www.facebook.com\\\/pulso27\\\/\",\"https:\\\/\\\/x.com\\\/Pulso_27\",\"https:\\\/\\\/www.youtube.com\\\/@Pulso27\",\"https:\\\/\\\/www.tiktok.com\\\/@pulso_27\"]},{\"@type\":\"Person\",\"@id\":\"https:\\\/\\\/pulso27.com\\\/en\\\/#\\\/schema\\\/person\\\/d20fd7f5bc7f2e53fd150d43fca07a78\",\"name\":\"Tupaq\",\"image\":{\"@type\":\"ImageObject\",\"inLanguage\":\"es-PE\",\"@id\":\"https:\\\/\\\/secure.gravatar.com\\\/avatar\\\/7929e9b034aeea560319a601e4f04c59eb5f45a79eafe192adabb67e9604e7e7?s=96&d=mm&r=g\",\"url\":\"https:\\\/\\\/secure.gravatar.com\\\/avatar\\\/7929e9b034aeea560319a601e4f04c59eb5f45a79eafe192adabb67e9604e7e7?s=96&d=mm&r=g\",\"contentUrl\":\"https:\\\/\\\/secure.gravatar.com\\\/avatar\\\/7929e9b034aeea560319a601e4f04c59eb5f45a79eafe192adabb67e9604e7e7?s=96&d=mm&r=g\",\"caption\":\"Tupaq\"},\"url\":\"https:\\\/\\\/pulso27.com\\\/es\\\/author\\\/tupaq\\\/\"}]}<\/script>\n<!-- \/ Yoast SEO plugin. -->","yoast_head_json":{"title":"Reincorporan a Zoraida \u00c1valos tras revocaci\u00f3n de inhabilitaci\u00f3n pol\u00edtica del Congreso de la Rep\u00fablica - Pulso27","robots":{"index":"index","follow":"follow","max-snippet":"max-snippet:-1","max-image-preview":"max-image-preview:large","max-video-preview":"max-video-preview:-1"},"canonical":"https:\/\/pulso27.com\/es\/politica\/reincorporan-a-zoraida-avalos-tras-revocacion-de-inhabilitacion-politica-del-congreso-de-la-republica\/","og_locale":"es_ES","og_type":"article","og_title":"Reincorporan a Zoraida \u00c1valos tras revocaci\u00f3n de inhabilitaci\u00f3n pol\u00edtica del Congreso de la Rep\u00fablica - Pulso27","og_description":"Zoraida \u00c1valos, figura prominente en el \u00e1mbito judicial, ha regresado al centro de la escena p\u00fablica tras la anulaci\u00f3n de su inhabilitaci\u00f3n pol\u00edtica por parte del Poder Judicial. Esta decisi\u00f3n, que llega tras una prolongada batalla legal, marca el fin de un periodo tumultuoso para la exfiscal de la Naci\u00f3n. La resoluci\u00f3n emitida por la [&hellip;]","og_url":"https:\/\/pulso27.com\/es\/politica\/reincorporan-a-zoraida-avalos-tras-revocacion-de-inhabilitacion-politica-del-congreso-de-la-republica\/","og_site_name":"Pulso27","article_publisher":"https:\/\/www.facebook.com\/pulso27\/","article_published_time":"2024-05-15T15:10:35+00:00","article_modified_time":"2024-05-15T15:10:36+00:00","og_image":[{"width":1324,"height":993,"url":"https:\/\/pulso27.com\/wp-content\/uploads\/2024\/05\/ZoAval.png","type":"image\/png"}],"author":"Tupaq","twitter_card":"summary_large_image","twitter_creator":"@Pulso_27","twitter_site":"@Pulso_27","twitter_misc":{"Written by":"Tupaq","Est. reading time":"2 minutos"},"schema":{"@context":"https:\/\/schema.org","@graph":[{"@type":"Article","@id":"https:\/\/pulso27.com\/politica\/reincorporan-a-zoraida-avalos-tras-revocacion-de-inhabilitacion-politica-del-congreso-de-la-republica\/#article","isPartOf":{"@id":"https:\/\/pulso27.com\/politica\/reincorporan-a-zoraida-avalos-tras-revocacion-de-inhabilitacion-politica-del-congreso-de-la-republica\/"},"author":{"name":"Tupaq","@id":"https:\/\/pulso27.com\/en\/#\/schema\/person\/d20fd7f5bc7f2e53fd150d43fca07a78"},"headline":"Reincorporan a Zoraida \u00c1valos tras revocaci\u00f3n de inhabilitaci\u00f3n pol\u00edtica del Congreso de la Rep\u00fablica","datePublished":"2024-05-15T15:10:35+00:00","dateModified":"2024-05-15T15:10:36+00:00","mainEntityOfPage":{"@id":"https:\/\/pulso27.com\/politica\/reincorporan-a-zoraida-avalos-tras-revocacion-de-inhabilitacion-politica-del-congreso-de-la-republica\/"},"wordCount":453,"commentCount":0,"publisher":{"@id":"https:\/\/pulso27.com\/en\/#organization"},"image":{"@id":"https:\/\/pulso27.com\/politica\/reincorporan-a-zoraida-avalos-tras-revocacion-de-inhabilitacion-politica-del-congreso-de-la-republica\/#primaryimage"},"thumbnailUrl":"https:\/\/pulso27.com\/wp-content\/uploads\/2024\/05\/ZoAval.png","keywords":["Congreso de la Rep\u00fablica","Ministerio P\u00fablico","Poder judicial"],"articleSection":["Actualidad","Pol\u00edtica"],"inLanguage":"es-PE","potentialAction":[{"@type":"CommentAction","name":"Comment","target":["https:\/\/pulso27.com\/politica\/reincorporan-a-zoraida-avalos-tras-revocacion-de-inhabilitacion-politica-del-congreso-de-la-republica\/#respond"]}]},{"@type":"WebPage","@id":"https:\/\/pulso27.com\/politica\/reincorporan-a-zoraida-avalos-tras-revocacion-de-inhabilitacion-politica-del-congreso-de-la-republica\/","url":"https:\/\/pulso27.com\/politica\/reincorporan-a-zoraida-avalos-tras-revocacion-de-inhabilitacion-politica-del-congreso-de-la-republica\/","name":"Reincorporan a Zoraida \u00c1valos tras revocaci\u00f3n de inhabilitaci\u00f3n pol\u00edtica del Congreso de la Rep\u00fablica - Pulso27","isPartOf":{"@id":"https:\/\/pulso27.com\/en\/#website"},"primaryImageOfPage":{"@id":"https:\/\/pulso27.com\/politica\/reincorporan-a-zoraida-avalos-tras-revocacion-de-inhabilitacion-politica-del-congreso-de-la-republica\/#primaryimage"},"image":{"@id":"https:\/\/pulso27.com\/politica\/reincorporan-a-zoraida-avalos-tras-revocacion-de-inhabilitacion-politica-del-congreso-de-la-republica\/#primaryimage"},"thumbnailUrl":"https:\/\/pulso27.com\/wp-content\/uploads\/2024\/05\/ZoAval.png","datePublished":"2024-05-15T15:10:35+00:00","dateModified":"2024-05-15T15:10:36+00:00","breadcrumb":{"@id":"https:\/\/pulso27.com\/politica\/reincorporan-a-zoraida-avalos-tras-revocacion-de-inhabilitacion-politica-del-congreso-de-la-republica\/#breadcrumb"},"inLanguage":"es-PE","potentialAction":[{"@type":"ReadAction","target":["https:\/\/pulso27.com\/politica\/reincorporan-a-zoraida-avalos-tras-revocacion-de-inhabilitacion-politica-del-congreso-de-la-republica\/"]}]},{"@type":"ImageObject","inLanguage":"es-PE","@id":"https:\/\/pulso27.com\/politica\/reincorporan-a-zoraida-avalos-tras-revocacion-de-inhabilitacion-politica-del-congreso-de-la-republica\/#primaryimage","url":"https:\/\/pulso27.com\/wp-content\/uploads\/2024\/05\/ZoAval.png","contentUrl":"https:\/\/pulso27.com\/wp-content\/uploads\/2024\/05\/ZoAval.png","width":1324,"height":993},{"@type":"BreadcrumbList","@id":"https:\/\/pulso27.com\/politica\/reincorporan-a-zoraida-avalos-tras-revocacion-de-inhabilitacion-politica-del-congreso-de-la-republica\/#breadcrumb","itemListElement":[{"@type":"ListItem","position":1,"name":"Portada","item":"https:\/\/pulso27.com\/"},{"@type":"ListItem","position":2,"name":"Reincorporan a Zoraida \u00c1valos tras revocaci\u00f3n de inhabilitaci\u00f3n pol\u00edtica del Congreso de la Rep\u00fablica"}]},{"@type":"WebSite","@id":"https:\/\/pulso27.com\/en\/#website","url":"https:\/\/pulso27.com\/en\/","name":"Pulso27","description":"Web de noticias y publicidad","publisher":{"@id":"https:\/\/pulso27.com\/en\/#organization"},"alternateName":"El pulso del pueblo","potentialAction":[{"@type":"SearchAction","target":{"@type":"EntryPoint","urlTemplate":"https:\/\/pulso27.com\/en\/?s={search_term_string}"},"query-input":{"@type":"PropertyValueSpecification","valueRequired":true,"valueName":"search_term_string"}}],"inLanguage":"es-PE"},{"@type":"Organization","@id":"https:\/\/pulso27.com\/en\/#organization","name":"Pulso27","url":"https:\/\/pulso27.com\/en\/","logo":{"@type":"ImageObject","inLanguage":"es-PE","@id":"https:\/\/pulso27.com\/en\/#\/schema\/logo\/image\/","url":"https:\/\/pulso27.com\/wp-content\/uploads\/2026\/02\/Logotipo-de-la-organizacion-696-x-696-px-ok.png","contentUrl":"https:\/\/pulso27.com\/wp-content\/uploads\/2026\/02\/Logotipo-de-la-organizacion-696-x-696-px-ok.png","width":696,"height":696,"caption":"Pulso27"},"image":{"@id":"https:\/\/pulso27.com\/en\/#\/schema\/logo\/image\/"},"sameAs":["https:\/\/www.facebook.com\/pulso27\/","https:\/\/x.com\/Pulso_27","https:\/\/www.youtube.com\/@Pulso27","https:\/\/www.tiktok.com\/@pulso_27"]},{"@type":"Person","@id":"https:\/\/pulso27.com\/en\/#\/schema\/person\/d20fd7f5bc7f2e53fd150d43fca07a78","name":"Tupaq","image":{"@type":"ImageObject","inLanguage":"es-PE","@id":"https:\/\/secure.gravatar.com\/avatar\/7929e9b034aeea560319a601e4f04c59eb5f45a79eafe192adabb67e9604e7e7?s=96&d=mm&r=g","url":"https:\/\/secure.gravatar.com\/avatar\/7929e9b034aeea560319a601e4f04c59eb5f45a79eafe192adabb67e9604e7e7?s=96&d=mm&r=g","contentUrl":"https:\/\/secure.gravatar.com\/avatar\/7929e9b034aeea560319a601e4f04c59eb5f45a79eafe192adabb67e9604e7e7?s=96&d=mm&r=g","caption":"Tupaq"},"url":"https:\/\/pulso27.com\/es\/author\/tupaq\/"}]}},"amp_enabled":true,"_links":{"self":[{"href":"https:\/\/pulso27.com\/es\/wp-json\/wp\/v2\/posts\/1697","targetHints":{"allow":["GET"]}}],"collection":[{"href":"https:\/\/pulso27.com\/es\/wp-json\/wp\/v2\/posts"}],"about":[{"href":"https:\/\/pulso27.com\/es\/wp-json\/wp\/v2\/types\/post"}],"author":[{"embeddable":true,"href":"https:\/\/pulso27.com\/es\/wp-json\/wp\/v2\/users\/7"}],"replies":[{"embeddable":true,"href":"https:\/\/pulso27.com\/es\/wp-json\/wp\/v2\/comments?post=1697"}],"version-history":[{"count":1,"href":"https:\/\/pulso27.com\/es\/wp-json\/wp\/v2\/posts\/1697\/revisions"}],"predecessor-version":[{"id":1700,"href":"https:\/\/pulso27.com\/es\/wp-json\/wp\/v2\/posts\/1697\/revisions\/1700"}],"wp:featuredmedia":[{"embeddable":true,"href":"https:\/\/pulso27.com\/es\/wp-json\/wp\/v2\/media\/1699"}],"wp:attachment":[{"href":"https:\/\/pulso27.com\/es\/wp-json\/wp\/v2\/media?parent=1697"}],"wp:term":[{"taxonomy":"category","embeddable":true,"href":"https:\/\/pulso27.com\/es\/wp-json\/wp\/v2\/categories?post=1697"},{"taxonomy":"post_tag","embeddable":true,"href":"https:\/\/pulso27.com\/es\/wp-json\/wp\/v2\/tags?post=1697"}],"curies":[{"name":"wp","href":"https:\/\/api.w.org\/{rel}","templated":true}]}}