{"id":1711,"date":"2024-05-17T04:20:19","date_gmt":"2024-05-16T23:20:19","guid":{"rendered":"https:\/\/pulso27.com\/?p=1711"},"modified":"2024-05-17T04:39:50","modified_gmt":"2024-05-16T23:39:50","slug":"contundente-mocion-para-vacar-a-presidenta-dina-boluarte","status":"publish","type":"post","link":"https:\/\/pulso27.com\/es\/nacional\/contundente-mocion-para-vacar-a-presidenta-dina-boluarte\/","title":{"rendered":"Presentan contundente moci\u00f3n de vacancia contra presidenta Dina Boluarte"},"content":{"rendered":"\n<p>La bancada de Per\u00fa Libre encabezada por la congresista Margot Palacios Huam\u00e1n, present\u00f3 hoy ante el Congreso de la Rep\u00fablica una s\u00f3lida moci\u00f3n para remover a la presidenta Dina Ercilla Boluarte Zegarra, debido a su permanente incapacidad moral para el ejercicio de la funci\u00f3n p\u00fablica como Jefa de Estado. La moci\u00f3n, sustentada en el art\u00edculo 113, inciso 2 de la Constituci\u00f3n Peruana, cit\u00f3 una larga lista de faltas \u00e9ticas, mentiras y conductas inapropiadas que vulneran valores, principios y bienes jur\u00eddicos constitucionales.<\/p>\n\n\n\n<figure class=\"wp-block-image size-large\"><img loading=\"lazy\" decoding=\"async\" width=\"1024\" height=\"576\" src=\"https:\/\/pulso27.com\/wp-content\/uploads\/2024\/05\/Mocion.jpg-1-1024x576.jpeg\" alt=\"\" class=\"wp-image-1719\" srcset=\"https:\/\/pulso27.com\/wp-content\/uploads\/2024\/05\/Mocion.jpg-1-1024x576.jpeg 1024w, https:\/\/pulso27.com\/wp-content\/uploads\/2024\/05\/Mocion.jpg-1-300x169.jpeg 300w, https:\/\/pulso27.com\/wp-content\/uploads\/2024\/05\/Mocion.jpg-1-768x432.jpeg 768w, https:\/\/pulso27.com\/wp-content\/uploads\/2024\/05\/Mocion.jpg-1-18x10.jpeg 18w, https:\/\/pulso27.com\/wp-content\/uploads\/2024\/05\/Mocion.jpg-1.jpeg 1280w\" sizes=\"auto, (max-width: 1024px) 100vw, 1024px\" \/><figcaption class=\"wp-element-caption\"><em>Congresista Margot Palacios, lidera la contundente vacancia contra Dina Boluarte<\/em><\/figcaption><\/figure>\n\n\n\n<p>Las principales acusaciones presentadas contra Boluarte incluyen:<\/p>\n\n\n\n<p>\u2022 Obstruir las investigaciones sobre su posesi\u00f3n de numerosos relojes Rolex de lujo valorados en m\u00e1s de $14,000 cada uno que no fueron declarados. Ha brindado explicaciones comprobadamente falsas sobre que los relojes eran \u00abprestados\u00bb.<br>\u2022 La represi\u00f3n letal de su gobierno contra las protestas tras la destituci\u00f3n del ex presidente Castillo, dejando 48 civiles muertos, lo que podr\u00eda constituir cr\u00edmenes de lesa humanidad.<br>\u2022 Abandonar inconstitucionalmente su cargo al viajar al extranjero sin designar a alguien a cargo del despacho presidencial.<br>\u2022 Aceptar ilegalmente la condecoraci\u00f3n de la Orden del Trabajo del presidente del Poder Judicial, violando las leyes que proh\u00edben al Poder Judicial recibir honores de litigantes.<br>\u2022 Acusaciones sobre haber conocido previamente, las preguntas de su interrogatorio por los fiscales que investigan las muertes en protestas.<br>\u2022 Evidencias de que uno de sus relojes Rolex fue comprado en EE.UU. pero ingresado de contrabando al Per\u00fa sin pasar por aduanas.<br>\u2022 La detenci\u00f3n de su hermano Nicanor Boluarte por cargos de tr\u00e1fico de influencias en el caso de corrupci\u00f3n \u00abLos Waikis a la Sombra\u00bb.<\/p>\n\n\n\n<p>\u00abBoluarte ha demostrado incapacidad moral permanente a trav\u00e9s de su aparentemente interminable ciclo de mentiras, abusos de poder y obstrucci\u00f3n a la justicia\u00bb, se\u00f1al\u00f3 la congresista Margot Palacios, una de las impulsoras de la moci\u00f3n.<\/p>\n\n\n\n<p>La moci\u00f3n establece que juristas y acad\u00e9micos peruanos definen la \u00abincapacidad moral permanente\u00bb como conductas poco \u00e9ticas e indignidades de tal gravedad que la presidenta no puede permanecer en el cargo. La renuncia o destituci\u00f3n de Boluarte es necesaria para restaurar la dignidad del m\u00e1s alto cargo del pa\u00eds, arguye la moci\u00f3n de vacancia.<\/p>\n\n\n\n<p>Se espera que el Congreso debata y vote sobre la moci\u00f3n de vacancia en las pr\u00f3ximas semanas. De ser aprobada por dos tercios de votos, Boluarte ser\u00eda removida de la presidencia.<\/p>\n","protected":false},"excerpt":{"rendered":"<p>La bancada de Per\u00fa Libre encabezada por la congresista Margot Palacios Huam\u00e1n, present\u00f3 hoy ante el Congreso de la Rep\u00fablica una s\u00f3lida moci\u00f3n para remover a la presidenta Dina Ercilla Boluarte Zegarra, debido a su permanente incapacidad moral para el ejercicio de la funci\u00f3n p\u00fablica como Jefa de Estado. La moci\u00f3n, sustentada en el art\u00edculo [&hellip;]<\/p>\n","protected":false},"author":11,"featured_media":1718,"comment_status":"open","ping_status":"open","sticky":false,"template":"","format":"standard","meta":{"footnotes":""},"categories":[183,394,174,180],"tags":[572,663,627],"class_list":["post-1711","post","type-post","status-publish","format-standard","has-post-thumbnail","hentry","category-actualidad","category-destape","category-nacional","category-politica","tag-dina-boluarte","tag-margot-palacios","tag-vacancia"],"yoast_head":"<!-- This site is optimized with the Yoast SEO plugin v27.4 - https:\/\/yoast.com\/product\/yoast-seo-wordpress\/ -->\n<title>Presentan contundente moci\u00f3n de vacancia contra presidenta Dina Boluarte - Pulso27<\/title>\n<meta name=\"robots\" content=\"index, follow, max-snippet:-1, max-image-preview:large, max-video-preview:-1\" \/>\n<link rel=\"canonical\" href=\"https:\/\/pulso27.com\/es\/nacional\/contundente-mocion-para-vacar-a-presidenta-dina-boluarte\/\" \/>\n<meta property=\"og:locale\" content=\"es_ES\" \/>\n<meta property=\"og:type\" content=\"article\" \/>\n<meta property=\"og:title\" content=\"Presentan contundente moci\u00f3n de vacancia contra presidenta Dina Boluarte - Pulso27\" \/>\n<meta property=\"og:description\" content=\"La bancada de Per\u00fa Libre encabezada por la congresista Margot Palacios Huam\u00e1n, present\u00f3 hoy ante el Congreso de la Rep\u00fablica una s\u00f3lida moci\u00f3n para remover a la presidenta Dina Ercilla Boluarte Zegarra, debido a su permanente incapacidad moral para el ejercicio de la funci\u00f3n p\u00fablica como Jefa de Estado. La moci\u00f3n, sustentada en el art\u00edculo [&hellip;]\" \/>\n<meta property=\"og:url\" content=\"https:\/\/pulso27.com\/es\/nacional\/contundente-mocion-para-vacar-a-presidenta-dina-boluarte\/\" \/>\n<meta property=\"og:site_name\" content=\"Pulso27\" \/>\n<meta property=\"article:publisher\" content=\"https:\/\/www.facebook.com\/pulso27\/\" \/>\n<meta property=\"article:author\" content=\"https:\/\/www.facebook.com\/pulso27\" \/>\n<meta property=\"article:published_time\" content=\"2024-05-16T23:20:19+00:00\" \/>\n<meta property=\"article:modified_time\" content=\"2024-05-16T23:39:50+00:00\" \/>\n<meta property=\"og:image\" content=\"https:\/\/pulso27.com\/wp-content\/uploads\/2024\/05\/Dinass.jpg\" \/>\n\t<meta property=\"og:image:width\" content=\"1920\" \/>\n\t<meta property=\"og:image:height\" content=\"1280\" \/>\n\t<meta property=\"og:image:type\" content=\"image\/jpeg\" \/>\n<meta name=\"author\" content=\"Editor\" \/>\n<meta name=\"twitter:card\" content=\"summary_large_image\" \/>\n<meta name=\"twitter:creator\" content=\"@https:\/\/x.com\/Pulso_27\" \/>\n<meta name=\"twitter:site\" content=\"@Pulso_27\" \/>\n<meta name=\"twitter:label1\" content=\"Written by\" \/>\n\t<meta name=\"twitter:data1\" content=\"Editor\" \/>\n\t<meta name=\"twitter:label2\" content=\"Est. reading time\" \/>\n\t<meta name=\"twitter:data2\" content=\"2 minutos\" \/>\n<script type=\"application\/ld+json\" class=\"yoast-schema-graph\">{\"@context\":\"https:\\\/\\\/schema.org\",\"@graph\":[{\"@type\":\"Article\",\"@id\":\"https:\\\/\\\/pulso27.com\\\/nacional\\\/contundente-mocion-para-vacar-a-presidenta-dina-boluarte\\\/#article\",\"isPartOf\":{\"@id\":\"https:\\\/\\\/pulso27.com\\\/nacional\\\/contundente-mocion-para-vacar-a-presidenta-dina-boluarte\\\/\"},\"author\":{\"name\":\"Editor\",\"@id\":\"https:\\\/\\\/pulso27.com\\\/en\\\/#\\\/schema\\\/person\\\/e0da4cfacbab724cbf4ab44bcc030735\"},\"headline\":\"Presentan contundente moci\u00f3n de vacancia contra presidenta Dina Boluarte\",\"datePublished\":\"2024-05-16T23:20:19+00:00\",\"dateModified\":\"2024-05-16T23:39:50+00:00\",\"mainEntityOfPage\":{\"@id\":\"https:\\\/\\\/pulso27.com\\\/nacional\\\/contundente-mocion-para-vacar-a-presidenta-dina-boluarte\\\/\"},\"wordCount\":428,\"commentCount\":0,\"publisher\":{\"@id\":\"https:\\\/\\\/pulso27.com\\\/en\\\/#organization\"},\"image\":{\"@id\":\"https:\\\/\\\/pulso27.com\\\/nacional\\\/contundente-mocion-para-vacar-a-presidenta-dina-boluarte\\\/#primaryimage\"},\"thumbnailUrl\":\"https:\\\/\\\/pulso27.com\\\/wp-content\\\/uploads\\\/2024\\\/05\\\/Dinass.jpg\",\"keywords\":[\"Dina Boluarte\",\"Margot Palacios\",\"Vacancia\"],\"articleSection\":[\"Actualidad\",\"Destape\",\"Nacional\",\"Pol\u00edtica\"],\"inLanguage\":\"es-PE\",\"potentialAction\":[{\"@type\":\"CommentAction\",\"name\":\"Comment\",\"target\":[\"https:\\\/\\\/pulso27.com\\\/nacional\\\/contundente-mocion-para-vacar-a-presidenta-dina-boluarte\\\/#respond\"]}]},{\"@type\":\"WebPage\",\"@id\":\"https:\\\/\\\/pulso27.com\\\/nacional\\\/contundente-mocion-para-vacar-a-presidenta-dina-boluarte\\\/\",\"url\":\"https:\\\/\\\/pulso27.com\\\/nacional\\\/contundente-mocion-para-vacar-a-presidenta-dina-boluarte\\\/\",\"name\":\"Presentan contundente moci\u00f3n de vacancia contra presidenta Dina Boluarte - Pulso27\",\"isPartOf\":{\"@id\":\"https:\\\/\\\/pulso27.com\\\/en\\\/#website\"},\"primaryImageOfPage\":{\"@id\":\"https:\\\/\\\/pulso27.com\\\/nacional\\\/contundente-mocion-para-vacar-a-presidenta-dina-boluarte\\\/#primaryimage\"},\"image\":{\"@id\":\"https:\\\/\\\/pulso27.com\\\/nacional\\\/contundente-mocion-para-vacar-a-presidenta-dina-boluarte\\\/#primaryimage\"},\"thumbnailUrl\":\"https:\\\/\\\/pulso27.com\\\/wp-content\\\/uploads\\\/2024\\\/05\\\/Dinass.jpg\",\"datePublished\":\"2024-05-16T23:20:19+00:00\",\"dateModified\":\"2024-05-16T23:39:50+00:00\",\"breadcrumb\":{\"@id\":\"https:\\\/\\\/pulso27.com\\\/nacional\\\/contundente-mocion-para-vacar-a-presidenta-dina-boluarte\\\/#breadcrumb\"},\"inLanguage\":\"es-PE\",\"potentialAction\":[{\"@type\":\"ReadAction\",\"target\":[\"https:\\\/\\\/pulso27.com\\\/nacional\\\/contundente-mocion-para-vacar-a-presidenta-dina-boluarte\\\/\"]}]},{\"@type\":\"ImageObject\",\"inLanguage\":\"es-PE\",\"@id\":\"https:\\\/\\\/pulso27.com\\\/nacional\\\/contundente-mocion-para-vacar-a-presidenta-dina-boluarte\\\/#primaryimage\",\"url\":\"https:\\\/\\\/pulso27.com\\\/wp-content\\\/uploads\\\/2024\\\/05\\\/Dinass.jpg\",\"contentUrl\":\"https:\\\/\\\/pulso27.com\\\/wp-content\\\/uploads\\\/2024\\\/05\\\/Dinass.jpg\",\"width\":1920,\"height\":1280,\"caption\":\"10 December 2022, Peru, Lima: Peruvian new President Dina Boluarte waves during the swearing-in ceremony of cabinet members at the Government Palace. Photo: Lucas Aguayo Araos\\\/dpa 10\\\/12\\\/2022 ONLY FOR USE IN SPAIN\"},{\"@type\":\"BreadcrumbList\",\"@id\":\"https:\\\/\\\/pulso27.com\\\/nacional\\\/contundente-mocion-para-vacar-a-presidenta-dina-boluarte\\\/#breadcrumb\",\"itemListElement\":[{\"@type\":\"ListItem\",\"position\":1,\"name\":\"Portada\",\"item\":\"https:\\\/\\\/pulso27.com\\\/\"},{\"@type\":\"ListItem\",\"position\":2,\"name\":\"Presentan contundente moci\u00f3n de vacancia contra presidenta Dina Boluarte\"}]},{\"@type\":\"WebSite\",\"@id\":\"https:\\\/\\\/pulso27.com\\\/en\\\/#website\",\"url\":\"https:\\\/\\\/pulso27.com\\\/en\\\/\",\"name\":\"Pulso27\",\"description\":\"Web de noticias y publicidad\",\"publisher\":{\"@id\":\"https:\\\/\\\/pulso27.com\\\/en\\\/#organization\"},\"alternateName\":\"El pulso del pueblo\",\"potentialAction\":[{\"@type\":\"SearchAction\",\"target\":{\"@type\":\"EntryPoint\",\"urlTemplate\":\"https:\\\/\\\/pulso27.com\\\/en\\\/?s={search_term_string}\"},\"query-input\":{\"@type\":\"PropertyValueSpecification\",\"valueRequired\":true,\"valueName\":\"search_term_string\"}}],\"inLanguage\":\"es-PE\"},{\"@type\":\"Organization\",\"@id\":\"https:\\\/\\\/pulso27.com\\\/en\\\/#organization\",\"name\":\"Pulso27\",\"url\":\"https:\\\/\\\/pulso27.com\\\/en\\\/\",\"logo\":{\"@type\":\"ImageObject\",\"inLanguage\":\"es-PE\",\"@id\":\"https:\\\/\\\/pulso27.com\\\/en\\\/#\\\/schema\\\/logo\\\/image\\\/\",\"url\":\"https:\\\/\\\/pulso27.com\\\/wp-content\\\/uploads\\\/2026\\\/02\\\/Logotipo-de-la-organizacion-696-x-696-px-ok.png\",\"contentUrl\":\"https:\\\/\\\/pulso27.com\\\/wp-content\\\/uploads\\\/2026\\\/02\\\/Logotipo-de-la-organizacion-696-x-696-px-ok.png\",\"width\":696,\"height\":696,\"caption\":\"Pulso27\"},\"image\":{\"@id\":\"https:\\\/\\\/pulso27.com\\\/en\\\/#\\\/schema\\\/logo\\\/image\\\/\"},\"sameAs\":[\"https:\\\/\\\/www.facebook.com\\\/pulso27\\\/\",\"https:\\\/\\\/x.com\\\/Pulso_27\",\"https:\\\/\\\/www.youtube.com\\\/@Pulso27\",\"https:\\\/\\\/www.tiktok.com\\\/@pulso_27\"]},{\"@type\":\"Person\",\"@id\":\"https:\\\/\\\/pulso27.com\\\/en\\\/#\\\/schema\\\/person\\\/e0da4cfacbab724cbf4ab44bcc030735\",\"name\":\"Editor\",\"image\":{\"@type\":\"ImageObject\",\"inLanguage\":\"es-PE\",\"@id\":\"https:\\\/\\\/pulso27.com\\\/wp-content\\\/uploads\\\/2025\\\/03\\\/c-150x150.png\",\"url\":\"https:\\\/\\\/pulso27.com\\\/wp-content\\\/uploads\\\/2025\\\/03\\\/c-150x150.png\",\"contentUrl\":\"https:\\\/\\\/pulso27.com\\\/wp-content\\\/uploads\\\/2025\\\/03\\\/c-150x150.png\",\"caption\":\"Editor\"},\"sameAs\":[\"http:\\\/\\\/www.pulso27.com\",\"https:\\\/\\\/www.facebook.com\\\/pulso27\",\"https:\\\/\\\/x.com\\\/https:\\\/\\\/x.com\\\/Pulso_27\",\"https:\\\/\\\/www.youtube.com\\\/@Pulso27\"],\"url\":\"https:\\\/\\\/pulso27.com\\\/es\\\/author\\\/editor\\\/\"}]}<\/script>\n<!-- \/ Yoast SEO plugin. -->","yoast_head_json":{"title":"Presentan contundente moci\u00f3n de vacancia contra presidenta Dina Boluarte - Pulso27","robots":{"index":"index","follow":"follow","max-snippet":"max-snippet:-1","max-image-preview":"max-image-preview:large","max-video-preview":"max-video-preview:-1"},"canonical":"https:\/\/pulso27.com\/es\/nacional\/contundente-mocion-para-vacar-a-presidenta-dina-boluarte\/","og_locale":"es_ES","og_type":"article","og_title":"Presentan contundente moci\u00f3n de vacancia contra presidenta Dina Boluarte - Pulso27","og_description":"La bancada de Per\u00fa Libre encabezada por la congresista Margot Palacios Huam\u00e1n, present\u00f3 hoy ante el Congreso de la Rep\u00fablica una s\u00f3lida moci\u00f3n para remover a la presidenta Dina Ercilla Boluarte Zegarra, debido a su permanente incapacidad moral para el ejercicio de la funci\u00f3n p\u00fablica como Jefa de Estado. La moci\u00f3n, sustentada en el art\u00edculo [&hellip;]","og_url":"https:\/\/pulso27.com\/es\/nacional\/contundente-mocion-para-vacar-a-presidenta-dina-boluarte\/","og_site_name":"Pulso27","article_publisher":"https:\/\/www.facebook.com\/pulso27\/","article_author":"https:\/\/www.facebook.com\/pulso27","article_published_time":"2024-05-16T23:20:19+00:00","article_modified_time":"2024-05-16T23:39:50+00:00","og_image":[{"width":1920,"height":1280,"url":"https:\/\/pulso27.com\/wp-content\/uploads\/2024\/05\/Dinass.jpg","type":"image\/jpeg"}],"author":"Editor","twitter_card":"summary_large_image","twitter_creator":"@https:\/\/x.com\/Pulso_27","twitter_site":"@Pulso_27","twitter_misc":{"Written by":"Editor","Est. reading time":"2 minutos"},"schema":{"@context":"https:\/\/schema.org","@graph":[{"@type":"Article","@id":"https:\/\/pulso27.com\/nacional\/contundente-mocion-para-vacar-a-presidenta-dina-boluarte\/#article","isPartOf":{"@id":"https:\/\/pulso27.com\/nacional\/contundente-mocion-para-vacar-a-presidenta-dina-boluarte\/"},"author":{"name":"Editor","@id":"https:\/\/pulso27.com\/en\/#\/schema\/person\/e0da4cfacbab724cbf4ab44bcc030735"},"headline":"Presentan contundente moci\u00f3n de vacancia contra presidenta Dina Boluarte","datePublished":"2024-05-16T23:20:19+00:00","dateModified":"2024-05-16T23:39:50+00:00","mainEntityOfPage":{"@id":"https:\/\/pulso27.com\/nacional\/contundente-mocion-para-vacar-a-presidenta-dina-boluarte\/"},"wordCount":428,"commentCount":0,"publisher":{"@id":"https:\/\/pulso27.com\/en\/#organization"},"image":{"@id":"https:\/\/pulso27.com\/nacional\/contundente-mocion-para-vacar-a-presidenta-dina-boluarte\/#primaryimage"},"thumbnailUrl":"https:\/\/pulso27.com\/wp-content\/uploads\/2024\/05\/Dinass.jpg","keywords":["Dina Boluarte","Margot Palacios","Vacancia"],"articleSection":["Actualidad","Destape","Nacional","Pol\u00edtica"],"inLanguage":"es-PE","potentialAction":[{"@type":"CommentAction","name":"Comment","target":["https:\/\/pulso27.com\/nacional\/contundente-mocion-para-vacar-a-presidenta-dina-boluarte\/#respond"]}]},{"@type":"WebPage","@id":"https:\/\/pulso27.com\/nacional\/contundente-mocion-para-vacar-a-presidenta-dina-boluarte\/","url":"https:\/\/pulso27.com\/nacional\/contundente-mocion-para-vacar-a-presidenta-dina-boluarte\/","name":"Presentan contundente moci\u00f3n de vacancia contra presidenta Dina Boluarte - Pulso27","isPartOf":{"@id":"https:\/\/pulso27.com\/en\/#website"},"primaryImageOfPage":{"@id":"https:\/\/pulso27.com\/nacional\/contundente-mocion-para-vacar-a-presidenta-dina-boluarte\/#primaryimage"},"image":{"@id":"https:\/\/pulso27.com\/nacional\/contundente-mocion-para-vacar-a-presidenta-dina-boluarte\/#primaryimage"},"thumbnailUrl":"https:\/\/pulso27.com\/wp-content\/uploads\/2024\/05\/Dinass.jpg","datePublished":"2024-05-16T23:20:19+00:00","dateModified":"2024-05-16T23:39:50+00:00","breadcrumb":{"@id":"https:\/\/pulso27.com\/nacional\/contundente-mocion-para-vacar-a-presidenta-dina-boluarte\/#breadcrumb"},"inLanguage":"es-PE","potentialAction":[{"@type":"ReadAction","target":["https:\/\/pulso27.com\/nacional\/contundente-mocion-para-vacar-a-presidenta-dina-boluarte\/"]}]},{"@type":"ImageObject","inLanguage":"es-PE","@id":"https:\/\/pulso27.com\/nacional\/contundente-mocion-para-vacar-a-presidenta-dina-boluarte\/#primaryimage","url":"https:\/\/pulso27.com\/wp-content\/uploads\/2024\/05\/Dinass.jpg","contentUrl":"https:\/\/pulso27.com\/wp-content\/uploads\/2024\/05\/Dinass.jpg","width":1920,"height":1280,"caption":"10 December 2022, Peru, Lima: Peruvian new President Dina Boluarte waves during the swearing-in ceremony of cabinet members at the Government Palace. Photo: Lucas Aguayo Araos\/dpa 10\/12\/2022 ONLY FOR USE IN SPAIN"},{"@type":"BreadcrumbList","@id":"https:\/\/pulso27.com\/nacional\/contundente-mocion-para-vacar-a-presidenta-dina-boluarte\/#breadcrumb","itemListElement":[{"@type":"ListItem","position":1,"name":"Portada","item":"https:\/\/pulso27.com\/"},{"@type":"ListItem","position":2,"name":"Presentan contundente moci\u00f3n de vacancia contra presidenta Dina Boluarte"}]},{"@type":"WebSite","@id":"https:\/\/pulso27.com\/en\/#website","url":"https:\/\/pulso27.com\/en\/","name":"Pulso27","description":"Web de noticias y publicidad","publisher":{"@id":"https:\/\/pulso27.com\/en\/#organization"},"alternateName":"El pulso del pueblo","potentialAction":[{"@type":"SearchAction","target":{"@type":"EntryPoint","urlTemplate":"https:\/\/pulso27.com\/en\/?s={search_term_string}"},"query-input":{"@type":"PropertyValueSpecification","valueRequired":true,"valueName":"search_term_string"}}],"inLanguage":"es-PE"},{"@type":"Organization","@id":"https:\/\/pulso27.com\/en\/#organization","name":"Pulso27","url":"https:\/\/pulso27.com\/en\/","logo":{"@type":"ImageObject","inLanguage":"es-PE","@id":"https:\/\/pulso27.com\/en\/#\/schema\/logo\/image\/","url":"https:\/\/pulso27.com\/wp-content\/uploads\/2026\/02\/Logotipo-de-la-organizacion-696-x-696-px-ok.png","contentUrl":"https:\/\/pulso27.com\/wp-content\/uploads\/2026\/02\/Logotipo-de-la-organizacion-696-x-696-px-ok.png","width":696,"height":696,"caption":"Pulso27"},"image":{"@id":"https:\/\/pulso27.com\/en\/#\/schema\/logo\/image\/"},"sameAs":["https:\/\/www.facebook.com\/pulso27\/","https:\/\/x.com\/Pulso_27","https:\/\/www.youtube.com\/@Pulso27","https:\/\/www.tiktok.com\/@pulso_27"]},{"@type":"Person","@id":"https:\/\/pulso27.com\/en\/#\/schema\/person\/e0da4cfacbab724cbf4ab44bcc030735","name":"Editor","image":{"@type":"ImageObject","inLanguage":"es-PE","@id":"https:\/\/pulso27.com\/wp-content\/uploads\/2025\/03\/c-150x150.png","url":"https:\/\/pulso27.com\/wp-content\/uploads\/2025\/03\/c-150x150.png","contentUrl":"https:\/\/pulso27.com\/wp-content\/uploads\/2025\/03\/c-150x150.png","caption":"Editor"},"sameAs":["http:\/\/www.pulso27.com","https:\/\/www.facebook.com\/pulso27","https:\/\/x.com\/https:\/\/x.com\/Pulso_27","https:\/\/www.youtube.com\/@Pulso27"],"url":"https:\/\/pulso27.com\/es\/author\/editor\/"}]}},"amp_enabled":true,"_links":{"self":[{"href":"https:\/\/pulso27.com\/es\/wp-json\/wp\/v2\/posts\/1711","targetHints":{"allow":["GET"]}}],"collection":[{"href":"https:\/\/pulso27.com\/es\/wp-json\/wp\/v2\/posts"}],"about":[{"href":"https:\/\/pulso27.com\/es\/wp-json\/wp\/v2\/types\/post"}],"author":[{"embeddable":true,"href":"https:\/\/pulso27.com\/es\/wp-json\/wp\/v2\/users\/11"}],"replies":[{"embeddable":true,"href":"https:\/\/pulso27.com\/es\/wp-json\/wp\/v2\/comments?post=1711"}],"version-history":[{"count":3,"href":"https:\/\/pulso27.com\/es\/wp-json\/wp\/v2\/posts\/1711\/revisions"}],"predecessor-version":[{"id":1720,"href":"https:\/\/pulso27.com\/es\/wp-json\/wp\/v2\/posts\/1711\/revisions\/1720"}],"wp:featuredmedia":[{"embeddable":true,"href":"https:\/\/pulso27.com\/es\/wp-json\/wp\/v2\/media\/1718"}],"wp:attachment":[{"href":"https:\/\/pulso27.com\/es\/wp-json\/wp\/v2\/media?parent=1711"}],"wp:term":[{"taxonomy":"category","embeddable":true,"href":"https:\/\/pulso27.com\/es\/wp-json\/wp\/v2\/categories?post=1711"},{"taxonomy":"post_tag","embeddable":true,"href":"https:\/\/pulso27.com\/es\/wp-json\/wp\/v2\/tags?post=1711"}],"curies":[{"name":"wp","href":"https:\/\/api.w.org\/{rel}","templated":true}]}}