{"id":1769,"date":"2024-05-23T07:52:37","date_gmt":"2024-05-23T02:52:37","guid":{"rendered":"https:\/\/pulso27.com\/?p=1769"},"modified":"2024-05-23T07:54:10","modified_gmt":"2024-05-23T02:54:10","slug":"junta-nacional-de-justicia-destituye-a-patricia-benavides-como-fiscal-suprema","status":"publish","type":"post","link":"https:\/\/pulso27.com\/es\/nacional\/junta-nacional-de-justicia-destituye-a-patricia-benavides-como-fiscal-suprema\/","title":{"rendered":"Junta Nacional de Justicia destituye a Patricia Benavides como fiscal Suprema"},"content":{"rendered":"\n<p>La Junta Nacional de Justicia (JNJ) de Per\u00fa tom\u00f3 la decisi\u00f3n este mi\u00e9rcoles de destituir a la fiscal general del pa\u00eds, Patricia Benavides, quien se encontraba suspendida temporalmente por intervenir en una investigaci\u00f3n relacionada con su hermana, la jueza Enma Benavides. La medida fue adoptada por unanimidad tras considerar que Benavides cometi\u00f3 faltas muy graves en el ejercicio de su cargo. Como se puede apreciar en el reporte del Diario La Rep\u00fablica: <a href=\"https:\/\/youtu.be\/v18r3Uky8qw\" data-type=\"link\" data-id=\"https:\/\/youtu.be\/v18r3Uky8qw\">https:\/\/youtu.be\/v18r3Uky8qw<\/a><\/p>\n\n\n\n<p>El \u00f3rgano acept\u00f3 la propuesta realizada por la magistrada Mar\u00eda Zavala, respaldada por el presidente Antonio de la Haza Barrantes y los consejeros Imelda Tumial\u00e1n Pinto, Guillermo Thornberry Villar\u00e1n y Marco Falcon\u00ed Picardo. Seg\u00fan el informe final, Benavides fue separada por interferir en la investigaci\u00f3n al remover a la fiscal suprema provisional Bersabeth Revilla sin justificaci\u00f3n, con el objetivo de beneficiar a su hermana.<\/p>\n\n\n\n<p>El documento revela que la fiscal Azucena Solari emiti\u00f3 informes sin sustento probatorio para respaldar la remoci\u00f3n de Revilla, alegando una baja productividad en su despacho. Sin embargo, datos de la Oficina de Control de Productividad de los fiscales y los fiscales adjuntos contradicen esta afirmaci\u00f3n, demostrando que el despacho de Revilla ten\u00eda una alta producci\u00f3n.<\/p>\n\n\n\n<p>La destituci\u00f3n de Benavides tambi\u00e9n se basa en su presunta participaci\u00f3n en una trama para obtener apoyo pol\u00edtico a cambio de archivar causas pendientes en el Congreso. Aunque la JNJ ha tomado esta decisi\u00f3n, el respaldo de Benavides en el Congreso a\u00fan persiste, ya que su salida se considera un procedimiento administrativo. La denuncia penal en su contra por liderar una supuesta organizaci\u00f3n criminal en el Ministerio P\u00fablico a\u00fan debe ser evaluada por el Legislativo.<\/p>\n\n\n\n<p>A pesar de la resoluci\u00f3n de la JNJ, el apoyo pol\u00edtico hacia Benavides contin\u00faa, generando un escenario complejo en el que el futuro de la exfiscal general est\u00e1 en manos del Poder Legislativo.<\/p>\n","protected":false},"excerpt":{"rendered":"<p>La Junta Nacional de Justicia (JNJ) de Per\u00fa tom\u00f3 la decisi\u00f3n este mi\u00e9rcoles de destituir a la fiscal general del pa\u00eds, Patricia Benavides, quien se encontraba suspendida temporalmente por intervenir en una investigaci\u00f3n relacionada con su hermana, la jueza Enma Benavides. La medida fue adoptada por unanimidad tras considerar que Benavides cometi\u00f3 faltas muy graves [&hellip;]<\/p>\n","protected":false},"author":10,"featured_media":1770,"comment_status":"open","ping_status":"open","sticky":false,"template":"","format":"standard","meta":{"footnotes":""},"categories":[183,174,180],"tags":[719,732,724,195,375],"class_list":["post-1769","post","type-post","status-publish","format-standard","has-post-thumbnail","hentry","category-actualidad","category-nacional","category-politica","tag-congreso-de-la-republica-2","tag-destitucion","tag-fiscalia-de-la-nacion","tag-jnj","tag-patricia-benavides"],"yoast_head":"<!-- This site is optimized with the Yoast SEO plugin v27.4 - https:\/\/yoast.com\/product\/yoast-seo-wordpress\/ -->\n<title>Junta Nacional de Justicia destituye a Patricia Benavides como fiscal Suprema - Pulso27<\/title>\n<meta name=\"robots\" content=\"index, follow, max-snippet:-1, max-image-preview:large, max-video-preview:-1\" \/>\n<link rel=\"canonical\" href=\"https:\/\/pulso27.com\/es\/nacional\/junta-nacional-de-justicia-destituye-a-patricia-benavides-como-fiscal-suprema\/\" \/>\n<meta property=\"og:locale\" content=\"es_ES\" \/>\n<meta property=\"og:type\" content=\"article\" \/>\n<meta property=\"og:title\" content=\"Junta Nacional de Justicia destituye a Patricia Benavides como fiscal Suprema - Pulso27\" \/>\n<meta property=\"og:description\" content=\"La Junta Nacional de Justicia (JNJ) de Per\u00fa tom\u00f3 la decisi\u00f3n este mi\u00e9rcoles de destituir a la fiscal general del pa\u00eds, Patricia Benavides, quien se encontraba suspendida temporalmente por intervenir en una investigaci\u00f3n relacionada con su hermana, la jueza Enma Benavides. La medida fue adoptada por unanimidad tras considerar que Benavides cometi\u00f3 faltas muy graves [&hellip;]\" \/>\n<meta property=\"og:url\" content=\"https:\/\/pulso27.com\/es\/nacional\/junta-nacional-de-justicia-destituye-a-patricia-benavides-como-fiscal-suprema\/\" \/>\n<meta property=\"og:site_name\" content=\"Pulso27\" \/>\n<meta property=\"article:publisher\" content=\"https:\/\/www.facebook.com\/pulso27\/\" \/>\n<meta property=\"article:published_time\" content=\"2024-05-23T02:52:37+00:00\" \/>\n<meta property=\"article:modified_time\" content=\"2024-05-23T02:54:10+00:00\" \/>\n<meta property=\"og:image\" content=\"https:\/\/pulso27.com\/wp-content\/uploads\/2024\/05\/PAtricia.jpg\" \/>\n\t<meta property=\"og:image:width\" content=\"1280\" \/>\n\t<meta property=\"og:image:height\" content=\"720\" \/>\n\t<meta property=\"og:image:type\" content=\"image\/jpeg\" \/>\n<meta name=\"author\" content=\"El Muki\" \/>\n<meta name=\"twitter:card\" content=\"summary_large_image\" \/>\n<meta name=\"twitter:creator\" content=\"@Pulso_27\" \/>\n<meta name=\"twitter:site\" content=\"@Pulso_27\" \/>\n<meta name=\"twitter:label1\" content=\"Written by\" \/>\n\t<meta name=\"twitter:data1\" content=\"El Muki\" \/>\n\t<meta name=\"twitter:label2\" content=\"Est. reading time\" \/>\n\t<meta name=\"twitter:data2\" content=\"2 minutos\" \/>\n<script type=\"application\/ld+json\" class=\"yoast-schema-graph\">{\"@context\":\"https:\\\/\\\/schema.org\",\"@graph\":[{\"@type\":\"Article\",\"@id\":\"https:\\\/\\\/pulso27.com\\\/nacional\\\/junta-nacional-de-justicia-destituye-a-patricia-benavides-como-fiscal-suprema\\\/#article\",\"isPartOf\":{\"@id\":\"https:\\\/\\\/pulso27.com\\\/nacional\\\/junta-nacional-de-justicia-destituye-a-patricia-benavides-como-fiscal-suprema\\\/\"},\"author\":{\"name\":\"El Muki\",\"@id\":\"https:\\\/\\\/pulso27.com\\\/en\\\/#\\\/schema\\\/person\\\/a0930a7f318e7d9d83bd7cffed9f34f6\"},\"headline\":\"Junta Nacional de Justicia destituye a Patricia Benavides como fiscal Suprema\",\"datePublished\":\"2024-05-23T02:52:37+00:00\",\"dateModified\":\"2024-05-23T02:54:10+00:00\",\"mainEntityOfPage\":{\"@id\":\"https:\\\/\\\/pulso27.com\\\/nacional\\\/junta-nacional-de-justicia-destituye-a-patricia-benavides-como-fiscal-suprema\\\/\"},\"wordCount\":345,\"commentCount\":0,\"publisher\":{\"@id\":\"https:\\\/\\\/pulso27.com\\\/en\\\/#organization\"},\"image\":{\"@id\":\"https:\\\/\\\/pulso27.com\\\/nacional\\\/junta-nacional-de-justicia-destituye-a-patricia-benavides-como-fiscal-suprema\\\/#primaryimage\"},\"thumbnailUrl\":\"https:\\\/\\\/pulso27.com\\\/wp-content\\\/uploads\\\/2024\\\/05\\\/PAtricia.jpg\",\"keywords\":[\"Congreso de la Rep\u00fablica\",\"Destituci\u00f3n\",\"Fiscal\u00eda de la Naci\u00f3n\",\"JNJ\",\"Patricia Benavides\"],\"articleSection\":[\"Actualidad\",\"Nacional\",\"Pol\u00edtica\"],\"inLanguage\":\"es-PE\",\"potentialAction\":[{\"@type\":\"CommentAction\",\"name\":\"Comment\",\"target\":[\"https:\\\/\\\/pulso27.com\\\/nacional\\\/junta-nacional-de-justicia-destituye-a-patricia-benavides-como-fiscal-suprema\\\/#respond\"]}]},{\"@type\":\"WebPage\",\"@id\":\"https:\\\/\\\/pulso27.com\\\/nacional\\\/junta-nacional-de-justicia-destituye-a-patricia-benavides-como-fiscal-suprema\\\/\",\"url\":\"https:\\\/\\\/pulso27.com\\\/nacional\\\/junta-nacional-de-justicia-destituye-a-patricia-benavides-como-fiscal-suprema\\\/\",\"name\":\"Junta Nacional de Justicia destituye a Patricia Benavides como fiscal Suprema - Pulso27\",\"isPartOf\":{\"@id\":\"https:\\\/\\\/pulso27.com\\\/en\\\/#website\"},\"primaryImageOfPage\":{\"@id\":\"https:\\\/\\\/pulso27.com\\\/nacional\\\/junta-nacional-de-justicia-destituye-a-patricia-benavides-como-fiscal-suprema\\\/#primaryimage\"},\"image\":{\"@id\":\"https:\\\/\\\/pulso27.com\\\/nacional\\\/junta-nacional-de-justicia-destituye-a-patricia-benavides-como-fiscal-suprema\\\/#primaryimage\"},\"thumbnailUrl\":\"https:\\\/\\\/pulso27.com\\\/wp-content\\\/uploads\\\/2024\\\/05\\\/PAtricia.jpg\",\"datePublished\":\"2024-05-23T02:52:37+00:00\",\"dateModified\":\"2024-05-23T02:54:10+00:00\",\"breadcrumb\":{\"@id\":\"https:\\\/\\\/pulso27.com\\\/nacional\\\/junta-nacional-de-justicia-destituye-a-patricia-benavides-como-fiscal-suprema\\\/#breadcrumb\"},\"inLanguage\":\"es-PE\",\"potentialAction\":[{\"@type\":\"ReadAction\",\"target\":[\"https:\\\/\\\/pulso27.com\\\/nacional\\\/junta-nacional-de-justicia-destituye-a-patricia-benavides-como-fiscal-suprema\\\/\"]}]},{\"@type\":\"ImageObject\",\"inLanguage\":\"es-PE\",\"@id\":\"https:\\\/\\\/pulso27.com\\\/nacional\\\/junta-nacional-de-justicia-destituye-a-patricia-benavides-como-fiscal-suprema\\\/#primaryimage\",\"url\":\"https:\\\/\\\/pulso27.com\\\/wp-content\\\/uploads\\\/2024\\\/05\\\/PAtricia.jpg\",\"contentUrl\":\"https:\\\/\\\/pulso27.com\\\/wp-content\\\/uploads\\\/2024\\\/05\\\/PAtricia.jpg\",\"width\":1280,\"height\":720,\"caption\":\"xr:d:DAFAhKsDCqE:13917,j:3898286851240970954,t:24031120\"},{\"@type\":\"BreadcrumbList\",\"@id\":\"https:\\\/\\\/pulso27.com\\\/nacional\\\/junta-nacional-de-justicia-destituye-a-patricia-benavides-como-fiscal-suprema\\\/#breadcrumb\",\"itemListElement\":[{\"@type\":\"ListItem\",\"position\":1,\"name\":\"Portada\",\"item\":\"https:\\\/\\\/pulso27.com\\\/\"},{\"@type\":\"ListItem\",\"position\":2,\"name\":\"Junta Nacional de Justicia destituye a Patricia Benavides como fiscal Suprema\"}]},{\"@type\":\"WebSite\",\"@id\":\"https:\\\/\\\/pulso27.com\\\/en\\\/#website\",\"url\":\"https:\\\/\\\/pulso27.com\\\/en\\\/\",\"name\":\"Pulso27\",\"description\":\"Web de noticias y publicidad\",\"publisher\":{\"@id\":\"https:\\\/\\\/pulso27.com\\\/en\\\/#organization\"},\"alternateName\":\"El pulso del pueblo\",\"potentialAction\":[{\"@type\":\"SearchAction\",\"target\":{\"@type\":\"EntryPoint\",\"urlTemplate\":\"https:\\\/\\\/pulso27.com\\\/en\\\/?s={search_term_string}\"},\"query-input\":{\"@type\":\"PropertyValueSpecification\",\"valueRequired\":true,\"valueName\":\"search_term_string\"}}],\"inLanguage\":\"es-PE\"},{\"@type\":\"Organization\",\"@id\":\"https:\\\/\\\/pulso27.com\\\/en\\\/#organization\",\"name\":\"Pulso27\",\"url\":\"https:\\\/\\\/pulso27.com\\\/en\\\/\",\"logo\":{\"@type\":\"ImageObject\",\"inLanguage\":\"es-PE\",\"@id\":\"https:\\\/\\\/pulso27.com\\\/en\\\/#\\\/schema\\\/logo\\\/image\\\/\",\"url\":\"https:\\\/\\\/pulso27.com\\\/wp-content\\\/uploads\\\/2026\\\/02\\\/Logotipo-de-la-organizacion-696-x-696-px-ok.png\",\"contentUrl\":\"https:\\\/\\\/pulso27.com\\\/wp-content\\\/uploads\\\/2026\\\/02\\\/Logotipo-de-la-organizacion-696-x-696-px-ok.png\",\"width\":696,\"height\":696,\"caption\":\"Pulso27\"},\"image\":{\"@id\":\"https:\\\/\\\/pulso27.com\\\/en\\\/#\\\/schema\\\/logo\\\/image\\\/\"},\"sameAs\":[\"https:\\\/\\\/www.facebook.com\\\/pulso27\\\/\",\"https:\\\/\\\/x.com\\\/Pulso_27\",\"https:\\\/\\\/www.youtube.com\\\/@Pulso27\",\"https:\\\/\\\/www.tiktok.com\\\/@pulso_27\"]},{\"@type\":\"Person\",\"@id\":\"https:\\\/\\\/pulso27.com\\\/en\\\/#\\\/schema\\\/person\\\/a0930a7f318e7d9d83bd7cffed9f34f6\",\"name\":\"El Muki\",\"image\":{\"@type\":\"ImageObject\",\"inLanguage\":\"es-PE\",\"@id\":\"https:\\\/\\\/secure.gravatar.com\\\/avatar\\\/dc91c2607c5eebda74cbb40d13031f489096c96ead89c4c30c17db262267b2b3?s=96&d=mm&r=g\",\"url\":\"https:\\\/\\\/secure.gravatar.com\\\/avatar\\\/dc91c2607c5eebda74cbb40d13031f489096c96ead89c4c30c17db262267b2b3?s=96&d=mm&r=g\",\"contentUrl\":\"https:\\\/\\\/secure.gravatar.com\\\/avatar\\\/dc91c2607c5eebda74cbb40d13031f489096c96ead89c4c30c17db262267b2b3?s=96&d=mm&r=g\",\"caption\":\"El Muki\"},\"sameAs\":[\"http:\\\/\\\/www.pulso27.com\"],\"url\":\"https:\\\/\\\/pulso27.com\\\/es\\\/author\\\/elcuervo\\\/\"}]}<\/script>\n<!-- \/ Yoast SEO plugin. -->","yoast_head_json":{"title":"Junta Nacional de Justicia destituye a Patricia Benavides como fiscal Suprema - Pulso27","robots":{"index":"index","follow":"follow","max-snippet":"max-snippet:-1","max-image-preview":"max-image-preview:large","max-video-preview":"max-video-preview:-1"},"canonical":"https:\/\/pulso27.com\/es\/nacional\/junta-nacional-de-justicia-destituye-a-patricia-benavides-como-fiscal-suprema\/","og_locale":"es_ES","og_type":"article","og_title":"Junta Nacional de Justicia destituye a Patricia Benavides como fiscal Suprema - Pulso27","og_description":"La Junta Nacional de Justicia (JNJ) de Per\u00fa tom\u00f3 la decisi\u00f3n este mi\u00e9rcoles de destituir a la fiscal general del pa\u00eds, Patricia Benavides, quien se encontraba suspendida temporalmente por intervenir en una investigaci\u00f3n relacionada con su hermana, la jueza Enma Benavides. La medida fue adoptada por unanimidad tras considerar que Benavides cometi\u00f3 faltas muy graves [&hellip;]","og_url":"https:\/\/pulso27.com\/es\/nacional\/junta-nacional-de-justicia-destituye-a-patricia-benavides-como-fiscal-suprema\/","og_site_name":"Pulso27","article_publisher":"https:\/\/www.facebook.com\/pulso27\/","article_published_time":"2024-05-23T02:52:37+00:00","article_modified_time":"2024-05-23T02:54:10+00:00","og_image":[{"width":1280,"height":720,"url":"https:\/\/pulso27.com\/wp-content\/uploads\/2024\/05\/PAtricia.jpg","type":"image\/jpeg"}],"author":"El Muki","twitter_card":"summary_large_image","twitter_creator":"@Pulso_27","twitter_site":"@Pulso_27","twitter_misc":{"Written by":"El Muki","Est. reading time":"2 minutos"},"schema":{"@context":"https:\/\/schema.org","@graph":[{"@type":"Article","@id":"https:\/\/pulso27.com\/nacional\/junta-nacional-de-justicia-destituye-a-patricia-benavides-como-fiscal-suprema\/#article","isPartOf":{"@id":"https:\/\/pulso27.com\/nacional\/junta-nacional-de-justicia-destituye-a-patricia-benavides-como-fiscal-suprema\/"},"author":{"name":"El Muki","@id":"https:\/\/pulso27.com\/en\/#\/schema\/person\/a0930a7f318e7d9d83bd7cffed9f34f6"},"headline":"Junta Nacional de Justicia destituye a Patricia Benavides como fiscal Suprema","datePublished":"2024-05-23T02:52:37+00:00","dateModified":"2024-05-23T02:54:10+00:00","mainEntityOfPage":{"@id":"https:\/\/pulso27.com\/nacional\/junta-nacional-de-justicia-destituye-a-patricia-benavides-como-fiscal-suprema\/"},"wordCount":345,"commentCount":0,"publisher":{"@id":"https:\/\/pulso27.com\/en\/#organization"},"image":{"@id":"https:\/\/pulso27.com\/nacional\/junta-nacional-de-justicia-destituye-a-patricia-benavides-como-fiscal-suprema\/#primaryimage"},"thumbnailUrl":"https:\/\/pulso27.com\/wp-content\/uploads\/2024\/05\/PAtricia.jpg","keywords":["Congreso de la Rep\u00fablica","Destituci\u00f3n","Fiscal\u00eda de la Naci\u00f3n","JNJ","Patricia Benavides"],"articleSection":["Actualidad","Nacional","Pol\u00edtica"],"inLanguage":"es-PE","potentialAction":[{"@type":"CommentAction","name":"Comment","target":["https:\/\/pulso27.com\/nacional\/junta-nacional-de-justicia-destituye-a-patricia-benavides-como-fiscal-suprema\/#respond"]}]},{"@type":"WebPage","@id":"https:\/\/pulso27.com\/nacional\/junta-nacional-de-justicia-destituye-a-patricia-benavides-como-fiscal-suprema\/","url":"https:\/\/pulso27.com\/nacional\/junta-nacional-de-justicia-destituye-a-patricia-benavides-como-fiscal-suprema\/","name":"Junta Nacional de Justicia destituye a Patricia Benavides como fiscal Suprema - Pulso27","isPartOf":{"@id":"https:\/\/pulso27.com\/en\/#website"},"primaryImageOfPage":{"@id":"https:\/\/pulso27.com\/nacional\/junta-nacional-de-justicia-destituye-a-patricia-benavides-como-fiscal-suprema\/#primaryimage"},"image":{"@id":"https:\/\/pulso27.com\/nacional\/junta-nacional-de-justicia-destituye-a-patricia-benavides-como-fiscal-suprema\/#primaryimage"},"thumbnailUrl":"https:\/\/pulso27.com\/wp-content\/uploads\/2024\/05\/PAtricia.jpg","datePublished":"2024-05-23T02:52:37+00:00","dateModified":"2024-05-23T02:54:10+00:00","breadcrumb":{"@id":"https:\/\/pulso27.com\/nacional\/junta-nacional-de-justicia-destituye-a-patricia-benavides-como-fiscal-suprema\/#breadcrumb"},"inLanguage":"es-PE","potentialAction":[{"@type":"ReadAction","target":["https:\/\/pulso27.com\/nacional\/junta-nacional-de-justicia-destituye-a-patricia-benavides-como-fiscal-suprema\/"]}]},{"@type":"ImageObject","inLanguage":"es-PE","@id":"https:\/\/pulso27.com\/nacional\/junta-nacional-de-justicia-destituye-a-patricia-benavides-como-fiscal-suprema\/#primaryimage","url":"https:\/\/pulso27.com\/wp-content\/uploads\/2024\/05\/PAtricia.jpg","contentUrl":"https:\/\/pulso27.com\/wp-content\/uploads\/2024\/05\/PAtricia.jpg","width":1280,"height":720,"caption":"xr:d:DAFAhKsDCqE:13917,j:3898286851240970954,t:24031120"},{"@type":"BreadcrumbList","@id":"https:\/\/pulso27.com\/nacional\/junta-nacional-de-justicia-destituye-a-patricia-benavides-como-fiscal-suprema\/#breadcrumb","itemListElement":[{"@type":"ListItem","position":1,"name":"Portada","item":"https:\/\/pulso27.com\/"},{"@type":"ListItem","position":2,"name":"Junta Nacional de Justicia destituye a Patricia Benavides como fiscal Suprema"}]},{"@type":"WebSite","@id":"https:\/\/pulso27.com\/en\/#website","url":"https:\/\/pulso27.com\/en\/","name":"Pulso27","description":"Web de noticias y publicidad","publisher":{"@id":"https:\/\/pulso27.com\/en\/#organization"},"alternateName":"El pulso del pueblo","potentialAction":[{"@type":"SearchAction","target":{"@type":"EntryPoint","urlTemplate":"https:\/\/pulso27.com\/en\/?s={search_term_string}"},"query-input":{"@type":"PropertyValueSpecification","valueRequired":true,"valueName":"search_term_string"}}],"inLanguage":"es-PE"},{"@type":"Organization","@id":"https:\/\/pulso27.com\/en\/#organization","name":"Pulso27","url":"https:\/\/pulso27.com\/en\/","logo":{"@type":"ImageObject","inLanguage":"es-PE","@id":"https:\/\/pulso27.com\/en\/#\/schema\/logo\/image\/","url":"https:\/\/pulso27.com\/wp-content\/uploads\/2026\/02\/Logotipo-de-la-organizacion-696-x-696-px-ok.png","contentUrl":"https:\/\/pulso27.com\/wp-content\/uploads\/2026\/02\/Logotipo-de-la-organizacion-696-x-696-px-ok.png","width":696,"height":696,"caption":"Pulso27"},"image":{"@id":"https:\/\/pulso27.com\/en\/#\/schema\/logo\/image\/"},"sameAs":["https:\/\/www.facebook.com\/pulso27\/","https:\/\/x.com\/Pulso_27","https:\/\/www.youtube.com\/@Pulso27","https:\/\/www.tiktok.com\/@pulso_27"]},{"@type":"Person","@id":"https:\/\/pulso27.com\/en\/#\/schema\/person\/a0930a7f318e7d9d83bd7cffed9f34f6","name":"El Muki","image":{"@type":"ImageObject","inLanguage":"es-PE","@id":"https:\/\/secure.gravatar.com\/avatar\/dc91c2607c5eebda74cbb40d13031f489096c96ead89c4c30c17db262267b2b3?s=96&d=mm&r=g","url":"https:\/\/secure.gravatar.com\/avatar\/dc91c2607c5eebda74cbb40d13031f489096c96ead89c4c30c17db262267b2b3?s=96&d=mm&r=g","contentUrl":"https:\/\/secure.gravatar.com\/avatar\/dc91c2607c5eebda74cbb40d13031f489096c96ead89c4c30c17db262267b2b3?s=96&d=mm&r=g","caption":"El Muki"},"sameAs":["http:\/\/www.pulso27.com"],"url":"https:\/\/pulso27.com\/es\/author\/elcuervo\/"}]}},"amp_enabled":true,"_links":{"self":[{"href":"https:\/\/pulso27.com\/es\/wp-json\/wp\/v2\/posts\/1769","targetHints":{"allow":["GET"]}}],"collection":[{"href":"https:\/\/pulso27.com\/es\/wp-json\/wp\/v2\/posts"}],"about":[{"href":"https:\/\/pulso27.com\/es\/wp-json\/wp\/v2\/types\/post"}],"author":[{"embeddable":true,"href":"https:\/\/pulso27.com\/es\/wp-json\/wp\/v2\/users\/10"}],"replies":[{"embeddable":true,"href":"https:\/\/pulso27.com\/es\/wp-json\/wp\/v2\/comments?post=1769"}],"version-history":[{"count":6,"href":"https:\/\/pulso27.com\/es\/wp-json\/wp\/v2\/posts\/1769\/revisions"}],"predecessor-version":[{"id":1780,"href":"https:\/\/pulso27.com\/es\/wp-json\/wp\/v2\/posts\/1769\/revisions\/1780"}],"wp:featuredmedia":[{"embeddable":true,"href":"https:\/\/pulso27.com\/es\/wp-json\/wp\/v2\/media\/1770"}],"wp:attachment":[{"href":"https:\/\/pulso27.com\/es\/wp-json\/wp\/v2\/media?parent=1769"}],"wp:term":[{"taxonomy":"category","embeddable":true,"href":"https:\/\/pulso27.com\/es\/wp-json\/wp\/v2\/categories?post=1769"},{"taxonomy":"post_tag","embeddable":true,"href":"https:\/\/pulso27.com\/es\/wp-json\/wp\/v2\/tags?post=1769"}],"curies":[{"name":"wp","href":"https:\/\/api.w.org\/{rel}","templated":true}]}}