{"id":1802,"date":"2024-05-23T22:09:18","date_gmt":"2024-05-23T17:09:18","guid":{"rendered":"https:\/\/pulso27.com\/?p=1802"},"modified":"2024-05-23T22:09:19","modified_gmt":"2024-05-23T17:09:19","slug":"en-defensa-de-pedro-castillo-terrones","status":"publish","type":"post","link":"https:\/\/pulso27.com\/es\/actualidad\/politica\/en-defensa-de-pedro-castillo-terrones\/","title":{"rendered":"En defensa de Pedro Castillo Terrones"},"content":{"rendered":"\n<p><br>El Congreso de la Rep\u00fablica de Per\u00fa ha rechazado la apelaci\u00f3n que presento el expresidente Pedro Castillo, en contra de una resoluci\u00f3n administrativa que en primera instancia le neg\u00f3 la pensi\u00f3n vitalicia de 15,600 soles mensuales que corresponde a los expresidentes constitucionales del pa\u00eds.<\/p>\n\n\n\n<p>En febrero de 2023, el Congreso aprob\u00f3 acusar a Castillo por los presuntos delitos de organizaci\u00f3n criminal, corrupci\u00f3n y tr\u00e1fico de influencias. De acuerdo con la ley que regula la pensi\u00f3n vitalicia, este derecho se suspende cuando el beneficiario es acusado constitucionalmente.<\/p>\n\n\n\n<p>Al respecto, el abogado defensor de Castillo, Walter Ayala, anunci\u00f3 que presentar\u00e1 una acci\u00f3n de amparo ante una Sala Constitucional del Poder Judicial en contra de esta resoluci\u00f3n.<\/p>\n\n\n\n<p>Esta decisi\u00f3n del Congreso ha generado un debate sobre su constitucionalidad y el respeto a los derechos fundamentales. Por un lado, la Constituci\u00f3n Pol\u00edtica de Per\u00fa establece que los expresidentes tienen derecho a una pensi\u00f3n vitalicia, sin hacer excepciones expl\u00edcitas. Sin embargo, la ley que regula esta pensi\u00f3n contempla la suspensi\u00f3n del beneficio en caso de acusaciones constitucionales.<\/p>\n\n\n\n<figure class=\"wp-block-image size-large\"><img loading=\"lazy\" decoding=\"async\" width=\"1024\" height=\"601\" src=\"https:\/\/pulso27.com\/wp-content\/uploads\/2024\/05\/Pcs-1024x601.png\" alt=\"\" class=\"wp-image-1804\" srcset=\"https:\/\/pulso27.com\/wp-content\/uploads\/2024\/05\/Pcs-1024x601.png 1024w, https:\/\/pulso27.com\/wp-content\/uploads\/2024\/05\/Pcs-300x176.png 300w, https:\/\/pulso27.com\/wp-content\/uploads\/2024\/05\/Pcs-768x451.png 768w, https:\/\/pulso27.com\/wp-content\/uploads\/2024\/05\/Pcs-18x12.png 18w, https:\/\/pulso27.com\/wp-content\/uploads\/2024\/05\/Pcs.png 1293w\" sizes=\"auto, (max-width: 1024px) 100vw, 1024px\" \/><figcaption class=\"wp-element-caption\"><em>El Congreso de la Rep\u00fablica, compuesto por la mayor\u00eda parlamentaria de derechistas y social dem\u00f3cratas act\u00faa de manera vengativa y discriminatoria<\/em><\/figcaption><\/figure>\n\n\n\n<p>Desde una perspectiva de vulneraci\u00f3n de derechos, organismos internacionales como la Corte Interamericana de Derechos Humanos han establecido que las pensiones son un derecho adquirido que no puede ser vulnerado arbitrariamente por los Estados.<\/p>\n\n\n\n<p>Finalmente ser\u00e1 el Poder Judicial quien deber\u00e1 evaluar si la suspensi\u00f3n de la pensi\u00f3n a Castillo se ajusta a los principios constitucionales y a los est\u00e1ndares internacionales de derechos humanos.<\/p>\n\n\n\n<p>Es importante destacar que esta situaci\u00f3n se produce en un contexto de polarizaci\u00f3n pol\u00edtica en Per\u00fa, lo que puede influir en las decisiones de las autoridades. Por lo tanto, ser\u00e1 fundamental que el Poder Judicial act\u00fae con imparcialidad y apegado a la ley para garantizar el respeto a los derechos fundamentales y el Estado de Derecho.<\/p>\n\n\n\n<p><strong>LA VENGANZA DE LA DERECHA<\/strong><\/p>\n\n\n\n<p>Lo cierto es, que la negativa del Congreso a otorgar la pensi\u00f3n vitalicia a Pedro Castillo ha sido interpretada por algunos sectores como una represalia pol\u00edtica contra el exmandatario. Prueba de ellos son los informes presentados por diversos organismos internacionales los cuales reiteraron su preocupaci\u00f3n ante los ataques viscerales de la derecha contra el gobierno de Castillo.<\/p>\n\n\n\n<figure class=\"wp-block-image size-large\"><img loading=\"lazy\" decoding=\"async\" width=\"1024\" height=\"576\" src=\"https:\/\/pulso27.com\/wp-content\/uploads\/2024\/05\/Pensi.jpg-3-1024x576.jpeg\" alt=\"\" class=\"wp-image-1808\" srcset=\"https:\/\/pulso27.com\/wp-content\/uploads\/2024\/05\/Pensi.jpg-3-1024x576.jpeg 1024w, https:\/\/pulso27.com\/wp-content\/uploads\/2024\/05\/Pensi.jpg-3-300x169.jpeg 300w, https:\/\/pulso27.com\/wp-content\/uploads\/2024\/05\/Pensi.jpg-3-768x432.jpeg 768w, https:\/\/pulso27.com\/wp-content\/uploads\/2024\/05\/Pensi.jpg-3-1536x864.jpeg 1536w, https:\/\/pulso27.com\/wp-content\/uploads\/2024\/05\/Pensi.jpg-3-18x10.jpeg 18w, https:\/\/pulso27.com\/wp-content\/uploads\/2024\/05\/Pensi.jpg-3.jpeg 1920w\" sizes=\"auto, (max-width: 1024px) 100vw, 1024px\" \/><figcaption class=\"wp-element-caption\"><em>Ninguna comparaci\u00f3n entre el gobierno dictatorial de Alberto Fujimori y  el gobierno popular de Pedro Castillo<\/em><\/figcaption><\/figure>\n\n\n\n<p>Un Informe de la Comisi\u00f3n Interamericana de Derechos Humanos (CIDH):<\/p>\n\n\n\n<p>Expresaba su preocupaci\u00f3n por \u00abla sucesi\u00f3n de hechos que revelaron una falta de voluntad pol\u00edtica para permitir que el expresidente Castillo ejerciera su mandato con normalidad\u00bb. Se\u00f1alando que estuvo sometido a una \u00abcampa\u00f1a de desestabilizaci\u00f3n desde su llegada al poder\u00bb.<\/p>\n\n\n\n<p>Por su parte las Declaraciones de la Misi\u00f3n de Observaci\u00f3n Electoral de la OEA, se\u00f1alaba que \u00ablos intentos de desestabilizaci\u00f3n del gobierno democr\u00e1ticamente electo del presidente Castillo comenzaron desde el mismo d\u00eda de su investidura\u00bb, seg\u00fan declaraciones de su jefe de misi\u00f3n, Gerardo Ichalal\u00e1.<\/p>\n\n\n\n<p>Un Informe anual de la ONG Human Rights Watch, anunciaba que \u00abdesde que asumi\u00f3 el cargo en julio de 2021, el presidente Castillo enfrent\u00f3 intentos de desestabilizaci\u00f3n de su gobierno por parte de actores que cuestionaron su legitimidad\u00bb.<\/p>\n\n\n\n<p>Desde EE.UU., Art\u00edculo de The New York Times, enunciaba que \u00ablos legisladores de oposici\u00f3n, junto con sectores de la \u00e9lite econ\u00f3mica y los medios de comunicaci\u00f3n, libraron una campa\u00f1a implacable para sabotear la presidencia de Castillo desde el principio\u00bb.<\/p>\n\n\n\n<p>Declaraciones de analistas y expertos:<\/p>\n\n\n\n<p>Analistas pol\u00edticos como Gonzalo Banda, de la Universidad del Pac\u00edfico, afirmaba que \u00abhubo una campa\u00f1a sistem\u00e1tica para deslegitimar a Castillo desde antes de que asumiera el cargo, lo que dificult\u00f3 su gesti\u00f3n\u00bb.<\/p>\n\n\n\n<p>Lo cierto de todo es que Pedro Castillo enfrent\u00f3 una fuerte oposici\u00f3n y acciones desestabilizadoras desde el inicio de su mandato, lo que eventualmente llev\u00f3 a su destituci\u00f3n por parte del Congreso en diciembre de 2022. La negativa a otorgarle la pensi\u00f3n vitalicia a Castillo, no es otra cosa que la continuaci\u00f3n de sus acciones desestabilizadoras de una clase pol\u00edtica fascista, que obedeciendo a las \u00e9lites econ\u00f3micas tradicionales libraron una despiadada campa\u00f1a hacia los sectores populares y sus leg\u00edtimos representantes.<\/p>\n\n\n\n<figure class=\"wp-block-image size-full\"><img loading=\"lazy\" decoding=\"async\" width=\"1024\" height=\"768\" src=\"https:\/\/pulso27.com\/wp-content\/uploads\/2024\/05\/PCss.jpg\" alt=\"\" class=\"wp-image-1806\" srcset=\"https:\/\/pulso27.com\/wp-content\/uploads\/2024\/05\/PCss.jpg 1024w, https:\/\/pulso27.com\/wp-content\/uploads\/2024\/05\/PCss-300x225.jpg 300w, https:\/\/pulso27.com\/wp-content\/uploads\/2024\/05\/PCss-768x576.jpg 768w, https:\/\/pulso27.com\/wp-content\/uploads\/2024\/05\/PCss-16x12.jpg 16w\" sizes=\"auto, (max-width: 1024px) 100vw, 1024px\" \/><figcaption class=\"wp-element-caption\"><em>Pedro Castillo fue respaldado por el pueblo hasta que el r\u00e9gimen de Dina Boluarte empez\u00f3 a reprimir y matar con el uso de armas letales, seg\u00fan las propias necropsias de Ley<\/em><\/figcaption><\/figure>\n\n\n\n<p>A pesar de los intentos desestabilizadores, el pueblo peruano permaneci\u00f3 firme en su respaldo a Castillo, viendo en \u00e9l la posibilidad de un cambio profundo que beneficiara a los hist\u00f3ricamente excluidos. Sin embargo, las fuerzas conservadoras no estaban dispuestas a aceptar un gobierno que desafiara sus intereses.<\/p>\n\n\n\n<p>La negativa a otorgar la pensi\u00f3n vitalicia a Castillo es un acto de revancha pol\u00edtica, un castigo ejemplar para aquel que os\u00f3 desafiar su statu quo, representando los anhelos de las grandes mayor\u00edas nacionales.<\/p>\n\n\n\n<p>Esta decisi\u00f3n no s\u00f3lo viola los derechos constitucionales de Castillo, sino que constituye una afrenta a la voluntad popular que lo eligi\u00f3 como presidente. Es un mensaje intimidatorio para aquellos sectores populares que buscan cambios estructurales en favor de la justicia social.<br>Las fuerzas democr\u00e1ticas y progresistas deben permanecer alertas ante estos ataques contra quienes representan los intereses de las grandes mayor\u00edas. El odio de clase de la derecha no debe prevalecer sobre los derechos y la voluntad soberana del pueblo peruano.<\/p>\n\n\n\n<p>En momentos como este, m\u00e1s que nunca, es necesaria la movilizaci\u00f3n popular en defensa de la democracia y la justicia social. No permitamos que los sectores reaccionarios impongan su agenda retr\u00f3grada y excluyente.<\/p>\n\n\n\n<p>La lucha por una sociedad m\u00e1s justa e igualitaria, contin\u00faa.<\/p>\n","protected":false},"excerpt":{"rendered":"<p>El Congreso de la Rep\u00fablica de Per\u00fa ha rechazado la apelaci\u00f3n que presento el expresidente Pedro Castillo, en contra de una resoluci\u00f3n administrativa que en primera instancia le neg\u00f3 la pensi\u00f3n vitalicia de 15,600 soles mensuales que corresponde a los expresidentes constitucionales del pa\u00eds. En febrero de 2023, el Congreso aprob\u00f3 acusar a Castillo por [&hellip;]<\/p>\n","protected":false},"author":13,"featured_media":1803,"comment_status":"open","ping_status":"open","sticky":false,"template":"","format":"standard","meta":{"footnotes":""},"categories":[183,394,180,202],"tags":[719,563,699],"class_list":["post-1802","post","type-post","status-publish","format-standard","has-post-thumbnail","hentry","category-actualidad","category-destape","category-politica","category-sociedad","tag-congreso-de-la-republica-2","tag-pedro-castillo","tag-pension-vitalicia"],"yoast_head":"<!-- This site is optimized with the Yoast SEO plugin v27.4 - https:\/\/yoast.com\/product\/yoast-seo-wordpress\/ -->\n<title>En defensa de Pedro Castillo Terrones - Pulso27<\/title>\n<meta name=\"robots\" content=\"index, follow, max-snippet:-1, max-image-preview:large, max-video-preview:-1\" \/>\n<link rel=\"canonical\" href=\"https:\/\/pulso27.com\/es\/politica\/en-defensa-de-pedro-castillo-terrones\/\" \/>\n<meta property=\"og:locale\" content=\"es_ES\" \/>\n<meta property=\"og:type\" content=\"article\" \/>\n<meta property=\"og:title\" content=\"En defensa de Pedro Castillo Terrones - Pulso27\" \/>\n<meta property=\"og:description\" content=\"El Congreso de la Rep\u00fablica de Per\u00fa ha rechazado la apelaci\u00f3n que presento el expresidente Pedro Castillo, en contra de una resoluci\u00f3n administrativa que en primera instancia le neg\u00f3 la pensi\u00f3n vitalicia de 15,600 soles mensuales que corresponde a los expresidentes constitucionales del pa\u00eds. En febrero de 2023, el Congreso aprob\u00f3 acusar a Castillo por [&hellip;]\" \/>\n<meta property=\"og:url\" content=\"https:\/\/pulso27.com\/es\/politica\/en-defensa-de-pedro-castillo-terrones\/\" \/>\n<meta property=\"og:site_name\" content=\"Pulso27\" \/>\n<meta property=\"article:publisher\" content=\"https:\/\/www.facebook.com\/pulso27\/\" \/>\n<meta property=\"article:published_time\" content=\"2024-05-23T17:09:18+00:00\" \/>\n<meta property=\"article:modified_time\" content=\"2024-05-23T17:09:19+00:00\" \/>\n<meta property=\"og:image\" content=\"https:\/\/pulso27.com\/wp-content\/uploads\/2024\/05\/PC.png\" \/>\n\t<meta property=\"og:image:width\" content=\"1331\" \/>\n\t<meta property=\"og:image:height\" content=\"748\" \/>\n\t<meta property=\"og:image:type\" content=\"image\/png\" \/>\n<meta name=\"author\" content=\"Redactor\" \/>\n<meta name=\"twitter:card\" content=\"summary_large_image\" \/>\n<meta name=\"twitter:creator\" content=\"@Pulso_27\" \/>\n<meta name=\"twitter:site\" content=\"@Pulso_27\" \/>\n<meta name=\"twitter:label1\" content=\"Written by\" \/>\n\t<meta name=\"twitter:data1\" content=\"Redactor\" \/>\n\t<meta name=\"twitter:label2\" content=\"Est. reading time\" \/>\n\t<meta name=\"twitter:data2\" content=\"5 minutos\" \/>\n<script type=\"application\/ld+json\" class=\"yoast-schema-graph\">{\"@context\":\"https:\\\/\\\/schema.org\",\"@graph\":[{\"@type\":\"Article\",\"@id\":\"https:\\\/\\\/pulso27.com\\\/politica\\\/en-defensa-de-pedro-castillo-terrones\\\/#article\",\"isPartOf\":{\"@id\":\"https:\\\/\\\/pulso27.com\\\/politica\\\/en-defensa-de-pedro-castillo-terrones\\\/\"},\"author\":{\"name\":\"Redactor\",\"@id\":\"https:\\\/\\\/pulso27.com\\\/en\\\/#\\\/schema\\\/person\\\/bf5ee161e6c87f6c7d57f5e689ef8526\"},\"headline\":\"En defensa de Pedro Castillo Terrones\",\"datePublished\":\"2024-05-23T17:09:18+00:00\",\"dateModified\":\"2024-05-23T17:09:19+00:00\",\"mainEntityOfPage\":{\"@id\":\"https:\\\/\\\/pulso27.com\\\/politica\\\/en-defensa-de-pedro-castillo-terrones\\\/\"},\"wordCount\":1002,\"commentCount\":0,\"publisher\":{\"@id\":\"https:\\\/\\\/pulso27.com\\\/en\\\/#organization\"},\"image\":{\"@id\":\"https:\\\/\\\/pulso27.com\\\/politica\\\/en-defensa-de-pedro-castillo-terrones\\\/#primaryimage\"},\"thumbnailUrl\":\"https:\\\/\\\/pulso27.com\\\/wp-content\\\/uploads\\\/2024\\\/05\\\/PC.png\",\"keywords\":[\"Congreso de la Rep\u00fablica\",\"Pedro Castillo\",\"Pensi\u00f3n Vitalicia\"],\"articleSection\":[\"Actualidad\",\"Destape\",\"Pol\u00edtica\",\"Sociedad\"],\"inLanguage\":\"es-PE\",\"potentialAction\":[{\"@type\":\"CommentAction\",\"name\":\"Comment\",\"target\":[\"https:\\\/\\\/pulso27.com\\\/politica\\\/en-defensa-de-pedro-castillo-terrones\\\/#respond\"]}]},{\"@type\":\"WebPage\",\"@id\":\"https:\\\/\\\/pulso27.com\\\/politica\\\/en-defensa-de-pedro-castillo-terrones\\\/\",\"url\":\"https:\\\/\\\/pulso27.com\\\/politica\\\/en-defensa-de-pedro-castillo-terrones\\\/\",\"name\":\"En defensa de Pedro Castillo Terrones - Pulso27\",\"isPartOf\":{\"@id\":\"https:\\\/\\\/pulso27.com\\\/en\\\/#website\"},\"primaryImageOfPage\":{\"@id\":\"https:\\\/\\\/pulso27.com\\\/politica\\\/en-defensa-de-pedro-castillo-terrones\\\/#primaryimage\"},\"image\":{\"@id\":\"https:\\\/\\\/pulso27.com\\\/politica\\\/en-defensa-de-pedro-castillo-terrones\\\/#primaryimage\"},\"thumbnailUrl\":\"https:\\\/\\\/pulso27.com\\\/wp-content\\\/uploads\\\/2024\\\/05\\\/PC.png\",\"datePublished\":\"2024-05-23T17:09:18+00:00\",\"dateModified\":\"2024-05-23T17:09:19+00:00\",\"breadcrumb\":{\"@id\":\"https:\\\/\\\/pulso27.com\\\/politica\\\/en-defensa-de-pedro-castillo-terrones\\\/#breadcrumb\"},\"inLanguage\":\"es-PE\",\"potentialAction\":[{\"@type\":\"ReadAction\",\"target\":[\"https:\\\/\\\/pulso27.com\\\/politica\\\/en-defensa-de-pedro-castillo-terrones\\\/\"]}]},{\"@type\":\"ImageObject\",\"inLanguage\":\"es-PE\",\"@id\":\"https:\\\/\\\/pulso27.com\\\/politica\\\/en-defensa-de-pedro-castillo-terrones\\\/#primaryimage\",\"url\":\"https:\\\/\\\/pulso27.com\\\/wp-content\\\/uploads\\\/2024\\\/05\\\/PC.png\",\"contentUrl\":\"https:\\\/\\\/pulso27.com\\\/wp-content\\\/uploads\\\/2024\\\/05\\\/PC.png\",\"width\":1331,\"height\":748},{\"@type\":\"BreadcrumbList\",\"@id\":\"https:\\\/\\\/pulso27.com\\\/politica\\\/en-defensa-de-pedro-castillo-terrones\\\/#breadcrumb\",\"itemListElement\":[{\"@type\":\"ListItem\",\"position\":1,\"name\":\"Portada\",\"item\":\"https:\\\/\\\/pulso27.com\\\/\"},{\"@type\":\"ListItem\",\"position\":2,\"name\":\"En defensa de Pedro Castillo Terrones\"}]},{\"@type\":\"WebSite\",\"@id\":\"https:\\\/\\\/pulso27.com\\\/en\\\/#website\",\"url\":\"https:\\\/\\\/pulso27.com\\\/en\\\/\",\"name\":\"Pulso27\",\"description\":\"Web de noticias y publicidad\",\"publisher\":{\"@id\":\"https:\\\/\\\/pulso27.com\\\/en\\\/#organization\"},\"alternateName\":\"El pulso del pueblo\",\"potentialAction\":[{\"@type\":\"SearchAction\",\"target\":{\"@type\":\"EntryPoint\",\"urlTemplate\":\"https:\\\/\\\/pulso27.com\\\/en\\\/?s={search_term_string}\"},\"query-input\":{\"@type\":\"PropertyValueSpecification\",\"valueRequired\":true,\"valueName\":\"search_term_string\"}}],\"inLanguage\":\"es-PE\"},{\"@type\":\"Organization\",\"@id\":\"https:\\\/\\\/pulso27.com\\\/en\\\/#organization\",\"name\":\"Pulso27\",\"url\":\"https:\\\/\\\/pulso27.com\\\/en\\\/\",\"logo\":{\"@type\":\"ImageObject\",\"inLanguage\":\"es-PE\",\"@id\":\"https:\\\/\\\/pulso27.com\\\/en\\\/#\\\/schema\\\/logo\\\/image\\\/\",\"url\":\"https:\\\/\\\/pulso27.com\\\/wp-content\\\/uploads\\\/2026\\\/02\\\/Logotipo-de-la-organizacion-696-x-696-px-ok.png\",\"contentUrl\":\"https:\\\/\\\/pulso27.com\\\/wp-content\\\/uploads\\\/2026\\\/02\\\/Logotipo-de-la-organizacion-696-x-696-px-ok.png\",\"width\":696,\"height\":696,\"caption\":\"Pulso27\"},\"image\":{\"@id\":\"https:\\\/\\\/pulso27.com\\\/en\\\/#\\\/schema\\\/logo\\\/image\\\/\"},\"sameAs\":[\"https:\\\/\\\/www.facebook.com\\\/pulso27\\\/\",\"https:\\\/\\\/x.com\\\/Pulso_27\",\"https:\\\/\\\/www.youtube.com\\\/@Pulso27\",\"https:\\\/\\\/www.tiktok.com\\\/@pulso_27\"]},{\"@type\":\"Person\",\"@id\":\"https:\\\/\\\/pulso27.com\\\/en\\\/#\\\/schema\\\/person\\\/bf5ee161e6c87f6c7d57f5e689ef8526\",\"name\":\"Redactor\",\"image\":{\"@type\":\"ImageObject\",\"inLanguage\":\"es-PE\",\"@id\":\"https:\\\/\\\/pulso27.com\\\/wp-content\\\/uploads\\\/2025\\\/03\\\/a-150x150.png\",\"url\":\"https:\\\/\\\/pulso27.com\\\/wp-content\\\/uploads\\\/2025\\\/03\\\/a-150x150.png\",\"contentUrl\":\"https:\\\/\\\/pulso27.com\\\/wp-content\\\/uploads\\\/2025\\\/03\\\/a-150x150.png\",\"caption\":\"Redactor\"},\"sameAs\":[\"http:\\\/\\\/www.pulso27.com\"],\"url\":\"https:\\\/\\\/pulso27.com\\\/es\\\/author\\\/redactor\\\/\"}]}<\/script>\n<!-- \/ Yoast SEO plugin. -->","yoast_head_json":{"title":"En defensa de Pedro Castillo Terrones - Pulso27","robots":{"index":"index","follow":"follow","max-snippet":"max-snippet:-1","max-image-preview":"max-image-preview:large","max-video-preview":"max-video-preview:-1"},"canonical":"https:\/\/pulso27.com\/es\/politica\/en-defensa-de-pedro-castillo-terrones\/","og_locale":"es_ES","og_type":"article","og_title":"En defensa de Pedro Castillo Terrones - Pulso27","og_description":"El Congreso de la Rep\u00fablica de Per\u00fa ha rechazado la apelaci\u00f3n que presento el expresidente Pedro Castillo, en contra de una resoluci\u00f3n administrativa que en primera instancia le neg\u00f3 la pensi\u00f3n vitalicia de 15,600 soles mensuales que corresponde a los expresidentes constitucionales del pa\u00eds. En febrero de 2023, el Congreso aprob\u00f3 acusar a Castillo por [&hellip;]","og_url":"https:\/\/pulso27.com\/es\/politica\/en-defensa-de-pedro-castillo-terrones\/","og_site_name":"Pulso27","article_publisher":"https:\/\/www.facebook.com\/pulso27\/","article_published_time":"2024-05-23T17:09:18+00:00","article_modified_time":"2024-05-23T17:09:19+00:00","og_image":[{"width":1331,"height":748,"url":"https:\/\/pulso27.com\/wp-content\/uploads\/2024\/05\/PC.png","type":"image\/png"}],"author":"Redactor","twitter_card":"summary_large_image","twitter_creator":"@Pulso_27","twitter_site":"@Pulso_27","twitter_misc":{"Written by":"Redactor","Est. reading time":"5 minutos"},"schema":{"@context":"https:\/\/schema.org","@graph":[{"@type":"Article","@id":"https:\/\/pulso27.com\/politica\/en-defensa-de-pedro-castillo-terrones\/#article","isPartOf":{"@id":"https:\/\/pulso27.com\/politica\/en-defensa-de-pedro-castillo-terrones\/"},"author":{"name":"Redactor","@id":"https:\/\/pulso27.com\/en\/#\/schema\/person\/bf5ee161e6c87f6c7d57f5e689ef8526"},"headline":"En defensa de Pedro Castillo Terrones","datePublished":"2024-05-23T17:09:18+00:00","dateModified":"2024-05-23T17:09:19+00:00","mainEntityOfPage":{"@id":"https:\/\/pulso27.com\/politica\/en-defensa-de-pedro-castillo-terrones\/"},"wordCount":1002,"commentCount":0,"publisher":{"@id":"https:\/\/pulso27.com\/en\/#organization"},"image":{"@id":"https:\/\/pulso27.com\/politica\/en-defensa-de-pedro-castillo-terrones\/#primaryimage"},"thumbnailUrl":"https:\/\/pulso27.com\/wp-content\/uploads\/2024\/05\/PC.png","keywords":["Congreso de la Rep\u00fablica","Pedro Castillo","Pensi\u00f3n Vitalicia"],"articleSection":["Actualidad","Destape","Pol\u00edtica","Sociedad"],"inLanguage":"es-PE","potentialAction":[{"@type":"CommentAction","name":"Comment","target":["https:\/\/pulso27.com\/politica\/en-defensa-de-pedro-castillo-terrones\/#respond"]}]},{"@type":"WebPage","@id":"https:\/\/pulso27.com\/politica\/en-defensa-de-pedro-castillo-terrones\/","url":"https:\/\/pulso27.com\/politica\/en-defensa-de-pedro-castillo-terrones\/","name":"En defensa de Pedro Castillo Terrones - Pulso27","isPartOf":{"@id":"https:\/\/pulso27.com\/en\/#website"},"primaryImageOfPage":{"@id":"https:\/\/pulso27.com\/politica\/en-defensa-de-pedro-castillo-terrones\/#primaryimage"},"image":{"@id":"https:\/\/pulso27.com\/politica\/en-defensa-de-pedro-castillo-terrones\/#primaryimage"},"thumbnailUrl":"https:\/\/pulso27.com\/wp-content\/uploads\/2024\/05\/PC.png","datePublished":"2024-05-23T17:09:18+00:00","dateModified":"2024-05-23T17:09:19+00:00","breadcrumb":{"@id":"https:\/\/pulso27.com\/politica\/en-defensa-de-pedro-castillo-terrones\/#breadcrumb"},"inLanguage":"es-PE","potentialAction":[{"@type":"ReadAction","target":["https:\/\/pulso27.com\/politica\/en-defensa-de-pedro-castillo-terrones\/"]}]},{"@type":"ImageObject","inLanguage":"es-PE","@id":"https:\/\/pulso27.com\/politica\/en-defensa-de-pedro-castillo-terrones\/#primaryimage","url":"https:\/\/pulso27.com\/wp-content\/uploads\/2024\/05\/PC.png","contentUrl":"https:\/\/pulso27.com\/wp-content\/uploads\/2024\/05\/PC.png","width":1331,"height":748},{"@type":"BreadcrumbList","@id":"https:\/\/pulso27.com\/politica\/en-defensa-de-pedro-castillo-terrones\/#breadcrumb","itemListElement":[{"@type":"ListItem","position":1,"name":"Portada","item":"https:\/\/pulso27.com\/"},{"@type":"ListItem","position":2,"name":"En defensa de Pedro Castillo Terrones"}]},{"@type":"WebSite","@id":"https:\/\/pulso27.com\/en\/#website","url":"https:\/\/pulso27.com\/en\/","name":"Pulso27","description":"Web de noticias y publicidad","publisher":{"@id":"https:\/\/pulso27.com\/en\/#organization"},"alternateName":"El pulso del pueblo","potentialAction":[{"@type":"SearchAction","target":{"@type":"EntryPoint","urlTemplate":"https:\/\/pulso27.com\/en\/?s={search_term_string}"},"query-input":{"@type":"PropertyValueSpecification","valueRequired":true,"valueName":"search_term_string"}}],"inLanguage":"es-PE"},{"@type":"Organization","@id":"https:\/\/pulso27.com\/en\/#organization","name":"Pulso27","url":"https:\/\/pulso27.com\/en\/","logo":{"@type":"ImageObject","inLanguage":"es-PE","@id":"https:\/\/pulso27.com\/en\/#\/schema\/logo\/image\/","url":"https:\/\/pulso27.com\/wp-content\/uploads\/2026\/02\/Logotipo-de-la-organizacion-696-x-696-px-ok.png","contentUrl":"https:\/\/pulso27.com\/wp-content\/uploads\/2026\/02\/Logotipo-de-la-organizacion-696-x-696-px-ok.png","width":696,"height":696,"caption":"Pulso27"},"image":{"@id":"https:\/\/pulso27.com\/en\/#\/schema\/logo\/image\/"},"sameAs":["https:\/\/www.facebook.com\/pulso27\/","https:\/\/x.com\/Pulso_27","https:\/\/www.youtube.com\/@Pulso27","https:\/\/www.tiktok.com\/@pulso_27"]},{"@type":"Person","@id":"https:\/\/pulso27.com\/en\/#\/schema\/person\/bf5ee161e6c87f6c7d57f5e689ef8526","name":"Redactor","image":{"@type":"ImageObject","inLanguage":"es-PE","@id":"https:\/\/pulso27.com\/wp-content\/uploads\/2025\/03\/a-150x150.png","url":"https:\/\/pulso27.com\/wp-content\/uploads\/2025\/03\/a-150x150.png","contentUrl":"https:\/\/pulso27.com\/wp-content\/uploads\/2025\/03\/a-150x150.png","caption":"Redactor"},"sameAs":["http:\/\/www.pulso27.com"],"url":"https:\/\/pulso27.com\/es\/author\/redactor\/"}]}},"amp_enabled":true,"_links":{"self":[{"href":"https:\/\/pulso27.com\/es\/wp-json\/wp\/v2\/posts\/1802","targetHints":{"allow":["GET"]}}],"collection":[{"href":"https:\/\/pulso27.com\/es\/wp-json\/wp\/v2\/posts"}],"about":[{"href":"https:\/\/pulso27.com\/es\/wp-json\/wp\/v2\/types\/post"}],"author":[{"embeddable":true,"href":"https:\/\/pulso27.com\/es\/wp-json\/wp\/v2\/users\/13"}],"replies":[{"embeddable":true,"href":"https:\/\/pulso27.com\/es\/wp-json\/wp\/v2\/comments?post=1802"}],"version-history":[{"count":2,"href":"https:\/\/pulso27.com\/es\/wp-json\/wp\/v2\/posts\/1802\/revisions"}],"predecessor-version":[{"id":1811,"href":"https:\/\/pulso27.com\/es\/wp-json\/wp\/v2\/posts\/1802\/revisions\/1811"}],"wp:featuredmedia":[{"embeddable":true,"href":"https:\/\/pulso27.com\/es\/wp-json\/wp\/v2\/media\/1803"}],"wp:attachment":[{"href":"https:\/\/pulso27.com\/es\/wp-json\/wp\/v2\/media?parent=1802"}],"wp:term":[{"taxonomy":"category","embeddable":true,"href":"https:\/\/pulso27.com\/es\/wp-json\/wp\/v2\/categories?post=1802"},{"taxonomy":"post_tag","embeddable":true,"href":"https:\/\/pulso27.com\/es\/wp-json\/wp\/v2\/tags?post=1802"}],"curies":[{"name":"wp","href":"https:\/\/api.w.org\/{rel}","templated":true}]}}