{"id":1826,"date":"2024-05-26T23:31:54","date_gmt":"2024-05-26T18:31:54","guid":{"rendered":"https:\/\/pulso27.com\/?p=1826"},"modified":"2024-05-26T23:42:53","modified_gmt":"2024-05-26T18:42:53","slug":"wilfredo-oscorima-enfrenta-revocatoria-del-cargo-voces-en-contra-de-su-gestion-se-alzan-con-fuerza","status":"publish","type":"post","link":"https:\/\/pulso27.com\/es\/nacional\/wilfredo-oscorima-enfrenta-revocatoria-del-cargo-voces-en-contra-de-su-gestion-se-alzan-con-fuerza\/","title":{"rendered":"Wilfredo Oscorima enfrenta revocatoria del cargo: Voces en contra de su gesti\u00f3n se alzan con fuerza"},"content":{"rendered":"\n<p>Ayacucho, 26 de mayo de 2024 &#8211; El gobernador regional de Ayacucho, Wilfredo Oscorima, se encuentra en el ojo de la tormenta tras la formaci\u00f3n de un comit\u00e9 pro revocatoria que busca su destituci\u00f3n del cargo. Las voces en contra de su gesti\u00f3n se alzan con fuerza, denunciando presuntos actos de corrupci\u00f3n, complicidad en las matanzas de parte del r\u00e9gimen de Dina Boluarte, ineficacia e incumplimiento de promesas.<\/p>\n\n\n\n<figure class=\"wp-block-image size-full\"><img loading=\"lazy\" decoding=\"async\" width=\"739\" height=\"415\" src=\"https:\/\/pulso27.com\/wp-content\/uploads\/2024\/05\/ParoAyacc.jpg\" alt=\"\" class=\"wp-image-1828\" srcset=\"https:\/\/pulso27.com\/wp-content\/uploads\/2024\/05\/ParoAyacc.jpg 739w, https:\/\/pulso27.com\/wp-content\/uploads\/2024\/05\/ParoAyacc-300x168.jpg 300w, https:\/\/pulso27.com\/wp-content\/uploads\/2024\/05\/ParoAyacc-18x10.jpg 18w\" sizes=\"auto, (max-width: 739px) 100vw, 739px\" \/><figcaption class=\"wp-element-caption\"><em>Los mayor\u00eda de los ayacuchanos estar\u00edan de acuerdo con la salida de Wilfredo Oscorima del cargo de gobernador regional de Ayacucho<\/em><\/figcaption><\/figure>\n\n\n\n<p>John Lapa Or\u00e9, presidente del Frente de Defensa del Pueblo Ayacucho, se\u00f1ala que Oscorima ha admitido ser \u00abc\u00f3mplice de la masacre\u00bb en la regi\u00f3n y que se encuentra involucrado en \u00abuna cantidad tremenda de actos de corrupci\u00f3n\u00bb. Acusa al gobernador de incumplir promesas de campa\u00f1a, inaugurar obras sin presupuesto y sumir a Ayacucho en la pobreza. Por lo mismo, habr\u00edan decidido conformar el comit\u00e9 pro revocatoria, que tendr\u00eda algunas observaciones por estar liderado por un conocido pol\u00edtico que estuvo afiliado en diversos partidos y movimientos pol\u00edticos y tener relaciones cercanas con algunos funcionarios importantes designados por Oscorima.<\/p>\n\n\n\n<p>Flora Janampa Gonzal\u00e9s, secretaria general del Sindicato de Trabajadores del Gobierno Regional de Ayacucho (Sutgray) , lamenta las constantes ausencias de Oscorima en el departamento, debilitando la instituci\u00f3n y la gesti\u00f3n. Afirma que el Gobierno Regional \u00abviene trabajando en autom\u00e1tico\u00bb y que los funcionarios no tienen capacidad de decisi\u00f3n, generando retrasos hasta cuando ellos van en representaci\u00f3n de la instituci\u00f3n a eventos p\u00fablicos donde ser\u00edan objeto de cr\u00edticas y burla por los temas de corrupci\u00f3n y el caso Rolex de Oscorima. Critica la falta de atenci\u00f3n a las demandas laborales del sindicato, que habr\u00eda solicitado sostener una reuni\u00f3n sin ser atendidos.<\/p>\n\n\n\n<figure class=\"wp-block-image size-full is-resized\"><img loading=\"lazy\" decoding=\"async\" width=\"586\" height=\"388\" src=\"https:\/\/pulso27.com\/wp-content\/uploads\/2024\/05\/Jachis.jpg-1.jpeg\" alt=\"\" class=\"wp-image-1830\" style=\"width:740px;height:auto\" srcset=\"https:\/\/pulso27.com\/wp-content\/uploads\/2024\/05\/Jachis.jpg-1.jpeg 586w, https:\/\/pulso27.com\/wp-content\/uploads\/2024\/05\/Jachis.jpg-1-300x199.jpeg 300w, https:\/\/pulso27.com\/wp-content\/uploads\/2024\/05\/Jachis.jpg-1-18x12.jpeg 18w\" sizes=\"auto, (max-width: 586px) 100vw, 586px\" \/><figcaption class=\"wp-element-caption\"><em>La entrega de relojes Rolex y otras d\u00e1divas a Dina Boluarte por parte de Oscorima, presumiblemente, a cambios de presupuesto para obras es el tema que m\u00e1s rechazo genera<\/em><\/figcaption><\/figure>\n\n\n\n<p>Richard Ortega, coordinador regional del comit\u00e9 pro revocatoria , enumera los motivos para impulsar la destituci\u00f3n de Oscorima: incumplimiento de obras, incapacidad moral, esc\u00e1ndalos por su v\u00ednculo con Dina Boluarte y presuntos actos de corrupci\u00f3n. Busca recaudar fondos para comprar kits electorales y conseguir las 120 mil firmas necesarias.<\/p>\n\n\n\n<p>Wilfredo Oscorima, por su parte, se defiende de las acusaciones , alegando que es v\u00edctima de una campa\u00f1a de difamaci\u00f3n. Afirma que no le preocupa la cobertura medi\u00e1tica y que est\u00e1 comprometido a traer m\u00e1s de mil millones de soles de presupuesto para Ayacucho en 2025 de los 100 millones que ya habr\u00eda sido retra\u00eddo por el Ejecutivo a ra\u00edz del esc\u00e1ndalo de corrupci\u00f3n del caso Rolex que est\u00e1 en proceso de investigaci\u00f3n, pero, a su estilo, Oscorima piensa hacer uso de sus recursos propios para callar las protestas y la revocatoria.<\/p>\n\n\n\n<figure class=\"wp-block-image size-full\"><img loading=\"lazy\" decoding=\"async\" width=\"1024\" height=\"570\" src=\"https:\/\/pulso27.com\/wp-content\/uploads\/2024\/05\/Masacress.png\" alt=\"\" class=\"wp-image-1831\" srcset=\"https:\/\/pulso27.com\/wp-content\/uploads\/2024\/05\/Masacress.png 1024w, https:\/\/pulso27.com\/wp-content\/uploads\/2024\/05\/Masacress-300x167.png 300w, https:\/\/pulso27.com\/wp-content\/uploads\/2024\/05\/Masacress-768x428.png 768w, https:\/\/pulso27.com\/wp-content\/uploads\/2024\/05\/Masacress-18x10.png 18w\" sizes=\"auto, (max-width: 1024px) 100vw, 1024px\" \/><figcaption class=\"wp-element-caption\"><em>Los ayacuchanos tambi\u00e9n creen que Wilfredo Oscorima tuvo algo que ver con la matanza del 15 de diciembre de 2022<\/em><\/figcaption><\/figure>\n\n\n\n<p>Las investigaciones por el caso Rolex contin\u00faan, con la Fiscal\u00eda de la Naci\u00f3n sosteniendo la hip\u00f3tesis de un presunto favorecimiento econ\u00f3mico al Gobierno Regional de Ayacucho a cambio de la compra de joyas a la presidenta Dina Boluarte. Oscorima tambi\u00e9n enfrenta una investigaci\u00f3n por el caso Obrainsa y deber\u00e1 cumplir con control biom\u00e9trico en Ayacucho y en caso de incumplimiento podr\u00edan ordenar su prisi\u00f3n preventiva nuevamente. <\/p>\n\n\n\n<p>En suma, la situaci\u00f3n en Ayacucho es tensa, con la poblaci\u00f3n dividida entre los cada vez m[as pocos ayacuchanos que apoyan a Oscorima y quienes exigen su revocatoria. El futuro del gobernador depender\u00e1 del avance de las investigaciones en el ministerio p\u00fablico y las medidas que podr\u00eda establecer el Poder Judicial, y de la capacidad del comit\u00e9 pro revocatoria para recolectar las firmas necesarias para dejarlo fuera del cargo.<\/p>\n\n\n\n<p>Fuente: Webs y redes de noticias<\/p>\n","protected":false},"excerpt":{"rendered":"<p>Ayacucho, 26 de mayo de 2024 &#8211; El gobernador regional de Ayacucho, Wilfredo Oscorima, se encuentra en el ojo de la tormenta tras la formaci\u00f3n de un comit\u00e9 pro revocatoria que busca su destituci\u00f3n del cargo. Las voces en contra de su gesti\u00f3n se alzan con fuerza, denunciando presuntos actos de corrupci\u00f3n, complicidad en las [&hellip;]<\/p>\n","protected":false},"author":11,"featured_media":1834,"comment_status":"open","ping_status":"open","sticky":false,"template":"","format":"standard","meta":{"footnotes":""},"categories":[183,174,180],"tags":[740,590,628],"class_list":["post-1826","post","type-post","status-publish","format-standard","has-post-thumbnail","hentry","category-actualidad","category-nacional","category-politica","tag-gobierno-regional-de-ayacucho","tag-revocatoria","tag-rolex"],"yoast_head":"<!-- This site is optimized with the Yoast SEO plugin v27.4 - https:\/\/yoast.com\/product\/yoast-seo-wordpress\/ -->\n<title>Wilfredo Oscorima enfrenta revocatoria del cargo: Voces en contra de su gesti\u00f3n se alzan con fuerza - Pulso27<\/title>\n<meta name=\"robots\" content=\"index, follow, max-snippet:-1, max-image-preview:large, max-video-preview:-1\" \/>\n<link rel=\"canonical\" href=\"https:\/\/pulso27.com\/es\/nacional\/wilfredo-oscorima-enfrenta-revocatoria-del-cargo-voces-en-contra-de-su-gestion-se-alzan-con-fuerza\/\" \/>\n<meta property=\"og:locale\" content=\"es_ES\" \/>\n<meta property=\"og:type\" content=\"article\" \/>\n<meta property=\"og:title\" content=\"Wilfredo Oscorima enfrenta revocatoria del cargo: Voces en contra de su gesti\u00f3n se alzan con fuerza - Pulso27\" \/>\n<meta property=\"og:description\" content=\"Ayacucho, 26 de mayo de 2024 &#8211; El gobernador regional de Ayacucho, Wilfredo Oscorima, se encuentra en el ojo de la tormenta tras la formaci\u00f3n de un comit\u00e9 pro revocatoria que busca su destituci\u00f3n del cargo. Las voces en contra de su gesti\u00f3n se alzan con fuerza, denunciando presuntos actos de corrupci\u00f3n, complicidad en las [&hellip;]\" \/>\n<meta property=\"og:url\" content=\"https:\/\/pulso27.com\/es\/nacional\/wilfredo-oscorima-enfrenta-revocatoria-del-cargo-voces-en-contra-de-su-gestion-se-alzan-con-fuerza\/\" \/>\n<meta property=\"og:site_name\" content=\"Pulso27\" \/>\n<meta property=\"article:publisher\" content=\"https:\/\/www.facebook.com\/pulso27\/\" \/>\n<meta property=\"article:author\" content=\"https:\/\/www.facebook.com\/pulso27\" \/>\n<meta property=\"article:published_time\" content=\"2024-05-26T18:31:54+00:00\" \/>\n<meta property=\"article:modified_time\" content=\"2024-05-26T18:42:53+00:00\" \/>\n<meta property=\"og:image\" content=\"https:\/\/pulso27.com\/wp-content\/uploads\/2024\/05\/RevocatAyac-1024x538.jpg\" \/>\n\t<meta property=\"og:image:width\" content=\"1024\" \/>\n\t<meta property=\"og:image:height\" content=\"538\" \/>\n\t<meta property=\"og:image:type\" content=\"image\/jpeg\" \/>\n<meta name=\"author\" content=\"Editor\" \/>\n<meta name=\"twitter:card\" content=\"summary_large_image\" \/>\n<meta name=\"twitter:creator\" content=\"@https:\/\/x.com\/Pulso_27\" \/>\n<meta name=\"twitter:site\" content=\"@Pulso_27\" \/>\n<meta name=\"twitter:label1\" content=\"Written by\" \/>\n\t<meta name=\"twitter:data1\" content=\"Editor\" \/>\n\t<meta name=\"twitter:label2\" content=\"Est. reading time\" \/>\n\t<meta name=\"twitter:data2\" content=\"3 minutos\" \/>\n<script type=\"application\/ld+json\" class=\"yoast-schema-graph\">{\"@context\":\"https:\\\/\\\/schema.org\",\"@graph\":[{\"@type\":\"Article\",\"@id\":\"https:\\\/\\\/pulso27.com\\\/nacional\\\/wilfredo-oscorima-enfrenta-revocatoria-del-cargo-voces-en-contra-de-su-gestion-se-alzan-con-fuerza\\\/#article\",\"isPartOf\":{\"@id\":\"https:\\\/\\\/pulso27.com\\\/nacional\\\/wilfredo-oscorima-enfrenta-revocatoria-del-cargo-voces-en-contra-de-su-gestion-se-alzan-con-fuerza\\\/\"},\"author\":{\"name\":\"Editor\",\"@id\":\"https:\\\/\\\/pulso27.com\\\/en\\\/#\\\/schema\\\/person\\\/e0da4cfacbab724cbf4ab44bcc030735\"},\"headline\":\"Wilfredo Oscorima enfrenta revocatoria del cargo: Voces en contra de su gesti\u00f3n se alzan con fuerza\",\"datePublished\":\"2024-05-26T18:31:54+00:00\",\"dateModified\":\"2024-05-26T18:42:53+00:00\",\"mainEntityOfPage\":{\"@id\":\"https:\\\/\\\/pulso27.com\\\/nacional\\\/wilfredo-oscorima-enfrenta-revocatoria-del-cargo-voces-en-contra-de-su-gestion-se-alzan-con-fuerza\\\/\"},\"wordCount\":688,\"commentCount\":0,\"publisher\":{\"@id\":\"https:\\\/\\\/pulso27.com\\\/en\\\/#organization\"},\"image\":{\"@id\":\"https:\\\/\\\/pulso27.com\\\/nacional\\\/wilfredo-oscorima-enfrenta-revocatoria-del-cargo-voces-en-contra-de-su-gestion-se-alzan-con-fuerza\\\/#primaryimage\"},\"thumbnailUrl\":\"https:\\\/\\\/pulso27.com\\\/wp-content\\\/uploads\\\/2024\\\/05\\\/RevocatAyac.jpg\",\"keywords\":[\"Gobierno Regional de Ayacucho\",\"Revocatoria\",\"Rolex\"],\"articleSection\":[\"Actualidad\",\"Nacional\",\"Pol\u00edtica\"],\"inLanguage\":\"es-PE\",\"potentialAction\":[{\"@type\":\"CommentAction\",\"name\":\"Comment\",\"target\":[\"https:\\\/\\\/pulso27.com\\\/nacional\\\/wilfredo-oscorima-enfrenta-revocatoria-del-cargo-voces-en-contra-de-su-gestion-se-alzan-con-fuerza\\\/#respond\"]}]},{\"@type\":\"WebPage\",\"@id\":\"https:\\\/\\\/pulso27.com\\\/nacional\\\/wilfredo-oscorima-enfrenta-revocatoria-del-cargo-voces-en-contra-de-su-gestion-se-alzan-con-fuerza\\\/\",\"url\":\"https:\\\/\\\/pulso27.com\\\/nacional\\\/wilfredo-oscorima-enfrenta-revocatoria-del-cargo-voces-en-contra-de-su-gestion-se-alzan-con-fuerza\\\/\",\"name\":\"Wilfredo Oscorima enfrenta revocatoria del cargo: Voces en contra de su gesti\u00f3n se alzan con fuerza - Pulso27\",\"isPartOf\":{\"@id\":\"https:\\\/\\\/pulso27.com\\\/en\\\/#website\"},\"primaryImageOfPage\":{\"@id\":\"https:\\\/\\\/pulso27.com\\\/nacional\\\/wilfredo-oscorima-enfrenta-revocatoria-del-cargo-voces-en-contra-de-su-gestion-se-alzan-con-fuerza\\\/#primaryimage\"},\"image\":{\"@id\":\"https:\\\/\\\/pulso27.com\\\/nacional\\\/wilfredo-oscorima-enfrenta-revocatoria-del-cargo-voces-en-contra-de-su-gestion-se-alzan-con-fuerza\\\/#primaryimage\"},\"thumbnailUrl\":\"https:\\\/\\\/pulso27.com\\\/wp-content\\\/uploads\\\/2024\\\/05\\\/RevocatAyac.jpg\",\"datePublished\":\"2024-05-26T18:31:54+00:00\",\"dateModified\":\"2024-05-26T18:42:53+00:00\",\"breadcrumb\":{\"@id\":\"https:\\\/\\\/pulso27.com\\\/nacional\\\/wilfredo-oscorima-enfrenta-revocatoria-del-cargo-voces-en-contra-de-su-gestion-se-alzan-con-fuerza\\\/#breadcrumb\"},\"inLanguage\":\"es-PE\",\"potentialAction\":[{\"@type\":\"ReadAction\",\"target\":[\"https:\\\/\\\/pulso27.com\\\/nacional\\\/wilfredo-oscorima-enfrenta-revocatoria-del-cargo-voces-en-contra-de-su-gestion-se-alzan-con-fuerza\\\/\"]}]},{\"@type\":\"ImageObject\",\"inLanguage\":\"es-PE\",\"@id\":\"https:\\\/\\\/pulso27.com\\\/nacional\\\/wilfredo-oscorima-enfrenta-revocatoria-del-cargo-voces-en-contra-de-su-gestion-se-alzan-con-fuerza\\\/#primaryimage\",\"url\":\"https:\\\/\\\/pulso27.com\\\/wp-content\\\/uploads\\\/2024\\\/05\\\/RevocatAyac.jpg\",\"contentUrl\":\"https:\\\/\\\/pulso27.com\\\/wp-content\\\/uploads\\\/2024\\\/05\\\/RevocatAyac.jpg\",\"width\":1200,\"height\":630},{\"@type\":\"BreadcrumbList\",\"@id\":\"https:\\\/\\\/pulso27.com\\\/nacional\\\/wilfredo-oscorima-enfrenta-revocatoria-del-cargo-voces-en-contra-de-su-gestion-se-alzan-con-fuerza\\\/#breadcrumb\",\"itemListElement\":[{\"@type\":\"ListItem\",\"position\":1,\"name\":\"Portada\",\"item\":\"https:\\\/\\\/pulso27.com\\\/\"},{\"@type\":\"ListItem\",\"position\":2,\"name\":\"Wilfredo Oscorima enfrenta revocatoria del cargo: Voces en contra de su gesti\u00f3n se alzan con fuerza\"}]},{\"@type\":\"WebSite\",\"@id\":\"https:\\\/\\\/pulso27.com\\\/en\\\/#website\",\"url\":\"https:\\\/\\\/pulso27.com\\\/en\\\/\",\"name\":\"Pulso27\",\"description\":\"Web de noticias y publicidad\",\"publisher\":{\"@id\":\"https:\\\/\\\/pulso27.com\\\/en\\\/#organization\"},\"alternateName\":\"El pulso del pueblo\",\"potentialAction\":[{\"@type\":\"SearchAction\",\"target\":{\"@type\":\"EntryPoint\",\"urlTemplate\":\"https:\\\/\\\/pulso27.com\\\/en\\\/?s={search_term_string}\"},\"query-input\":{\"@type\":\"PropertyValueSpecification\",\"valueRequired\":true,\"valueName\":\"search_term_string\"}}],\"inLanguage\":\"es-PE\"},{\"@type\":\"Organization\",\"@id\":\"https:\\\/\\\/pulso27.com\\\/en\\\/#organization\",\"name\":\"Pulso27\",\"url\":\"https:\\\/\\\/pulso27.com\\\/en\\\/\",\"logo\":{\"@type\":\"ImageObject\",\"inLanguage\":\"es-PE\",\"@id\":\"https:\\\/\\\/pulso27.com\\\/en\\\/#\\\/schema\\\/logo\\\/image\\\/\",\"url\":\"https:\\\/\\\/pulso27.com\\\/wp-content\\\/uploads\\\/2026\\\/02\\\/Logotipo-de-la-organizacion-696-x-696-px-ok.png\",\"contentUrl\":\"https:\\\/\\\/pulso27.com\\\/wp-content\\\/uploads\\\/2026\\\/02\\\/Logotipo-de-la-organizacion-696-x-696-px-ok.png\",\"width\":696,\"height\":696,\"caption\":\"Pulso27\"},\"image\":{\"@id\":\"https:\\\/\\\/pulso27.com\\\/en\\\/#\\\/schema\\\/logo\\\/image\\\/\"},\"sameAs\":[\"https:\\\/\\\/www.facebook.com\\\/pulso27\\\/\",\"https:\\\/\\\/x.com\\\/Pulso_27\",\"https:\\\/\\\/www.youtube.com\\\/@Pulso27\",\"https:\\\/\\\/www.tiktok.com\\\/@pulso_27\"]},{\"@type\":\"Person\",\"@id\":\"https:\\\/\\\/pulso27.com\\\/en\\\/#\\\/schema\\\/person\\\/e0da4cfacbab724cbf4ab44bcc030735\",\"name\":\"Editor\",\"image\":{\"@type\":\"ImageObject\",\"inLanguage\":\"es-PE\",\"@id\":\"https:\\\/\\\/pulso27.com\\\/wp-content\\\/uploads\\\/2025\\\/03\\\/c-150x150.png\",\"url\":\"https:\\\/\\\/pulso27.com\\\/wp-content\\\/uploads\\\/2025\\\/03\\\/c-150x150.png\",\"contentUrl\":\"https:\\\/\\\/pulso27.com\\\/wp-content\\\/uploads\\\/2025\\\/03\\\/c-150x150.png\",\"caption\":\"Editor\"},\"sameAs\":[\"http:\\\/\\\/www.pulso27.com\",\"https:\\\/\\\/www.facebook.com\\\/pulso27\",\"https:\\\/\\\/x.com\\\/https:\\\/\\\/x.com\\\/Pulso_27\",\"https:\\\/\\\/www.youtube.com\\\/@Pulso27\"],\"url\":\"https:\\\/\\\/pulso27.com\\\/es\\\/author\\\/editor\\\/\"}]}<\/script>\n<!-- \/ Yoast SEO plugin. -->","yoast_head_json":{"title":"Wilfredo Oscorima enfrenta revocatoria del cargo: Voces en contra de su gesti\u00f3n se alzan con fuerza - Pulso27","robots":{"index":"index","follow":"follow","max-snippet":"max-snippet:-1","max-image-preview":"max-image-preview:large","max-video-preview":"max-video-preview:-1"},"canonical":"https:\/\/pulso27.com\/es\/nacional\/wilfredo-oscorima-enfrenta-revocatoria-del-cargo-voces-en-contra-de-su-gestion-se-alzan-con-fuerza\/","og_locale":"es_ES","og_type":"article","og_title":"Wilfredo Oscorima enfrenta revocatoria del cargo: Voces en contra de su gesti\u00f3n se alzan con fuerza - Pulso27","og_description":"Ayacucho, 26 de mayo de 2024 &#8211; El gobernador regional de Ayacucho, Wilfredo Oscorima, se encuentra en el ojo de la tormenta tras la formaci\u00f3n de un comit\u00e9 pro revocatoria que busca su destituci\u00f3n del cargo. Las voces en contra de su gesti\u00f3n se alzan con fuerza, denunciando presuntos actos de corrupci\u00f3n, complicidad en las [&hellip;]","og_url":"https:\/\/pulso27.com\/es\/nacional\/wilfredo-oscorima-enfrenta-revocatoria-del-cargo-voces-en-contra-de-su-gestion-se-alzan-con-fuerza\/","og_site_name":"Pulso27","article_publisher":"https:\/\/www.facebook.com\/pulso27\/","article_author":"https:\/\/www.facebook.com\/pulso27","article_published_time":"2024-05-26T18:31:54+00:00","article_modified_time":"2024-05-26T18:42:53+00:00","og_image":[{"width":1024,"height":538,"url":"https:\/\/pulso27.com\/wp-content\/uploads\/2024\/05\/RevocatAyac-1024x538.jpg","type":"image\/jpeg"}],"author":"Editor","twitter_card":"summary_large_image","twitter_creator":"@https:\/\/x.com\/Pulso_27","twitter_site":"@Pulso_27","twitter_misc":{"Written by":"Editor","Est. reading time":"3 minutos"},"schema":{"@context":"https:\/\/schema.org","@graph":[{"@type":"Article","@id":"https:\/\/pulso27.com\/nacional\/wilfredo-oscorima-enfrenta-revocatoria-del-cargo-voces-en-contra-de-su-gestion-se-alzan-con-fuerza\/#article","isPartOf":{"@id":"https:\/\/pulso27.com\/nacional\/wilfredo-oscorima-enfrenta-revocatoria-del-cargo-voces-en-contra-de-su-gestion-se-alzan-con-fuerza\/"},"author":{"name":"Editor","@id":"https:\/\/pulso27.com\/en\/#\/schema\/person\/e0da4cfacbab724cbf4ab44bcc030735"},"headline":"Wilfredo Oscorima enfrenta revocatoria del cargo: Voces en contra de su gesti\u00f3n se alzan con fuerza","datePublished":"2024-05-26T18:31:54+00:00","dateModified":"2024-05-26T18:42:53+00:00","mainEntityOfPage":{"@id":"https:\/\/pulso27.com\/nacional\/wilfredo-oscorima-enfrenta-revocatoria-del-cargo-voces-en-contra-de-su-gestion-se-alzan-con-fuerza\/"},"wordCount":688,"commentCount":0,"publisher":{"@id":"https:\/\/pulso27.com\/en\/#organization"},"image":{"@id":"https:\/\/pulso27.com\/nacional\/wilfredo-oscorima-enfrenta-revocatoria-del-cargo-voces-en-contra-de-su-gestion-se-alzan-con-fuerza\/#primaryimage"},"thumbnailUrl":"https:\/\/pulso27.com\/wp-content\/uploads\/2024\/05\/RevocatAyac.jpg","keywords":["Gobierno Regional de Ayacucho","Revocatoria","Rolex"],"articleSection":["Actualidad","Nacional","Pol\u00edtica"],"inLanguage":"es-PE","potentialAction":[{"@type":"CommentAction","name":"Comment","target":["https:\/\/pulso27.com\/nacional\/wilfredo-oscorima-enfrenta-revocatoria-del-cargo-voces-en-contra-de-su-gestion-se-alzan-con-fuerza\/#respond"]}]},{"@type":"WebPage","@id":"https:\/\/pulso27.com\/nacional\/wilfredo-oscorima-enfrenta-revocatoria-del-cargo-voces-en-contra-de-su-gestion-se-alzan-con-fuerza\/","url":"https:\/\/pulso27.com\/nacional\/wilfredo-oscorima-enfrenta-revocatoria-del-cargo-voces-en-contra-de-su-gestion-se-alzan-con-fuerza\/","name":"Wilfredo Oscorima enfrenta revocatoria del cargo: Voces en contra de su gesti\u00f3n se alzan con fuerza - Pulso27","isPartOf":{"@id":"https:\/\/pulso27.com\/en\/#website"},"primaryImageOfPage":{"@id":"https:\/\/pulso27.com\/nacional\/wilfredo-oscorima-enfrenta-revocatoria-del-cargo-voces-en-contra-de-su-gestion-se-alzan-con-fuerza\/#primaryimage"},"image":{"@id":"https:\/\/pulso27.com\/nacional\/wilfredo-oscorima-enfrenta-revocatoria-del-cargo-voces-en-contra-de-su-gestion-se-alzan-con-fuerza\/#primaryimage"},"thumbnailUrl":"https:\/\/pulso27.com\/wp-content\/uploads\/2024\/05\/RevocatAyac.jpg","datePublished":"2024-05-26T18:31:54+00:00","dateModified":"2024-05-26T18:42:53+00:00","breadcrumb":{"@id":"https:\/\/pulso27.com\/nacional\/wilfredo-oscorima-enfrenta-revocatoria-del-cargo-voces-en-contra-de-su-gestion-se-alzan-con-fuerza\/#breadcrumb"},"inLanguage":"es-PE","potentialAction":[{"@type":"ReadAction","target":["https:\/\/pulso27.com\/nacional\/wilfredo-oscorima-enfrenta-revocatoria-del-cargo-voces-en-contra-de-su-gestion-se-alzan-con-fuerza\/"]}]},{"@type":"ImageObject","inLanguage":"es-PE","@id":"https:\/\/pulso27.com\/nacional\/wilfredo-oscorima-enfrenta-revocatoria-del-cargo-voces-en-contra-de-su-gestion-se-alzan-con-fuerza\/#primaryimage","url":"https:\/\/pulso27.com\/wp-content\/uploads\/2024\/05\/RevocatAyac.jpg","contentUrl":"https:\/\/pulso27.com\/wp-content\/uploads\/2024\/05\/RevocatAyac.jpg","width":1200,"height":630},{"@type":"BreadcrumbList","@id":"https:\/\/pulso27.com\/nacional\/wilfredo-oscorima-enfrenta-revocatoria-del-cargo-voces-en-contra-de-su-gestion-se-alzan-con-fuerza\/#breadcrumb","itemListElement":[{"@type":"ListItem","position":1,"name":"Portada","item":"https:\/\/pulso27.com\/"},{"@type":"ListItem","position":2,"name":"Wilfredo Oscorima enfrenta revocatoria del cargo: Voces en contra de su gesti\u00f3n se alzan con fuerza"}]},{"@type":"WebSite","@id":"https:\/\/pulso27.com\/en\/#website","url":"https:\/\/pulso27.com\/en\/","name":"Pulso27","description":"Web de noticias y publicidad","publisher":{"@id":"https:\/\/pulso27.com\/en\/#organization"},"alternateName":"El pulso del pueblo","potentialAction":[{"@type":"SearchAction","target":{"@type":"EntryPoint","urlTemplate":"https:\/\/pulso27.com\/en\/?s={search_term_string}"},"query-input":{"@type":"PropertyValueSpecification","valueRequired":true,"valueName":"search_term_string"}}],"inLanguage":"es-PE"},{"@type":"Organization","@id":"https:\/\/pulso27.com\/en\/#organization","name":"Pulso27","url":"https:\/\/pulso27.com\/en\/","logo":{"@type":"ImageObject","inLanguage":"es-PE","@id":"https:\/\/pulso27.com\/en\/#\/schema\/logo\/image\/","url":"https:\/\/pulso27.com\/wp-content\/uploads\/2026\/02\/Logotipo-de-la-organizacion-696-x-696-px-ok.png","contentUrl":"https:\/\/pulso27.com\/wp-content\/uploads\/2026\/02\/Logotipo-de-la-organizacion-696-x-696-px-ok.png","width":696,"height":696,"caption":"Pulso27"},"image":{"@id":"https:\/\/pulso27.com\/en\/#\/schema\/logo\/image\/"},"sameAs":["https:\/\/www.facebook.com\/pulso27\/","https:\/\/x.com\/Pulso_27","https:\/\/www.youtube.com\/@Pulso27","https:\/\/www.tiktok.com\/@pulso_27"]},{"@type":"Person","@id":"https:\/\/pulso27.com\/en\/#\/schema\/person\/e0da4cfacbab724cbf4ab44bcc030735","name":"Editor","image":{"@type":"ImageObject","inLanguage":"es-PE","@id":"https:\/\/pulso27.com\/wp-content\/uploads\/2025\/03\/c-150x150.png","url":"https:\/\/pulso27.com\/wp-content\/uploads\/2025\/03\/c-150x150.png","contentUrl":"https:\/\/pulso27.com\/wp-content\/uploads\/2025\/03\/c-150x150.png","caption":"Editor"},"sameAs":["http:\/\/www.pulso27.com","https:\/\/www.facebook.com\/pulso27","https:\/\/x.com\/https:\/\/x.com\/Pulso_27","https:\/\/www.youtube.com\/@Pulso27"],"url":"https:\/\/pulso27.com\/es\/author\/editor\/"}]}},"amp_enabled":true,"_links":{"self":[{"href":"https:\/\/pulso27.com\/es\/wp-json\/wp\/v2\/posts\/1826","targetHints":{"allow":["GET"]}}],"collection":[{"href":"https:\/\/pulso27.com\/es\/wp-json\/wp\/v2\/posts"}],"about":[{"href":"https:\/\/pulso27.com\/es\/wp-json\/wp\/v2\/types\/post"}],"author":[{"embeddable":true,"href":"https:\/\/pulso27.com\/es\/wp-json\/wp\/v2\/users\/11"}],"replies":[{"embeddable":true,"href":"https:\/\/pulso27.com\/es\/wp-json\/wp\/v2\/comments?post=1826"}],"version-history":[{"count":1,"href":"https:\/\/pulso27.com\/es\/wp-json\/wp\/v2\/posts\/1826\/revisions"}],"predecessor-version":[{"id":1832,"href":"https:\/\/pulso27.com\/es\/wp-json\/wp\/v2\/posts\/1826\/revisions\/1832"}],"wp:featuredmedia":[{"embeddable":true,"href":"https:\/\/pulso27.com\/es\/wp-json\/wp\/v2\/media\/1834"}],"wp:attachment":[{"href":"https:\/\/pulso27.com\/es\/wp-json\/wp\/v2\/media?parent=1826"}],"wp:term":[{"taxonomy":"category","embeddable":true,"href":"https:\/\/pulso27.com\/es\/wp-json\/wp\/v2\/categories?post=1826"},{"taxonomy":"post_tag","embeddable":true,"href":"https:\/\/pulso27.com\/es\/wp-json\/wp\/v2\/tags?post=1826"}],"curies":[{"name":"wp","href":"https:\/\/api.w.org\/{rel}","templated":true}]}}