{"id":1860,"date":"2024-06-08T03:15:00","date_gmt":"2024-06-07T22:15:00","guid":{"rendered":"https:\/\/pulso27.com\/?p=1860"},"modified":"2024-06-08T03:15:01","modified_gmt":"2024-06-07T22:15:01","slug":"peruanos-soportan-frios-intensos-en-costa-sierra-y-amazonia","status":"publish","type":"post","link":"https:\/\/pulso27.com\/es\/nacional\/peruanos-soportan-frios-intensos-en-costa-sierra-y-amazonia\/","title":{"rendered":"Peruanos soportan fr\u00edos intensos en Costa, Sierra y Amazon\u00eda"},"content":{"rendered":"\n<p>El Servicio Nacional de Meteorolog\u00eda e Hidrolog\u00eda del Per\u00fa (Senamhi) ha emitido un pron\u00f3stico detallado sobre las condiciones clim\u00e1ticas que se esperan en el pa\u00eds durante los pr\u00f3ximos d\u00edas de junio. Se anticipa la llegada de una serie de frentes fr\u00edos que est\u00e1n afectando diversas regiones, lo cual se atribuye a la transici\u00f3n hacia el invierno 2024.<\/p>\n\n\n\n<p>Pero, este descenso en las temperaturas podr\u00eda agravarse debido a la posible influencia de un fen\u00f3meno La Ni\u00f1a, seg\u00fan advertencias de la Organizaci\u00f3n Meteorol\u00f3gica Mundial (OMM).<\/p>\n\n\n\n<p>Desde el s\u00e1bado 8 de junio hasta el martes 11, se prev\u00e9 un marcado descenso en las temperaturas en las zonas costeras del pa\u00eds, abarcando los departamentos de Piura, Lambayeque, La Libertad, \u00c1ncash, Lima, Ica, Arequipa, Moquegua y Tacna.<\/p>\n\n\n\n<figure class=\"wp-block-image size-large\"><img loading=\"lazy\" decoding=\"async\" width=\"1024\" height=\"628\" src=\"https:\/\/pulso27.com\/wp-content\/uploads\/2024\/06\/Friosie-1024x628.jpg\" alt=\"\" class=\"wp-image-1862\" srcset=\"https:\/\/pulso27.com\/wp-content\/uploads\/2024\/06\/Friosie-1024x628.jpg 1024w, https:\/\/pulso27.com\/wp-content\/uploads\/2024\/06\/Friosie-300x184.jpg 300w, https:\/\/pulso27.com\/wp-content\/uploads\/2024\/06\/Friosie-768x471.jpg 768w, https:\/\/pulso27.com\/wp-content\/uploads\/2024\/06\/Friosie-18x12.jpg 18w, https:\/\/pulso27.com\/wp-content\/uploads\/2024\/06\/Friosie.jpg 1200w\" sizes=\"auto, (max-width: 1024px) 100vw, 1024px\" \/><figcaption class=\"wp-element-caption\"><em>Pobladores de la sierra soportan bajas temperaturas que afectan sus ganados<\/em><\/figcaption><\/figure>\n\n\n\n<p>El Senamhi tambi\u00e9n ha declarado alerta naranja en varias ciudades ubicadas a elevadas altitudes sobre el nivel del mar, especialmente en la cordillera pune\u00f1a, donde se han reportado un incremento en los casos de enfermedades respiratorias.<\/p>\n\n\n\n<p>Por su parte, los expertos del Senamhi explican que estas bajas temperaturas se deben principalmente a la influencia de la baja temperatura superficial del mar, combinada con vientos del sur y un aumento en la humedad ambiental. Esta combinaci\u00f3n de factores genera mayor cobertura nubosa durante el d\u00eda, as\u00ed como presencia de niebla o neblina y lloviznas ligeras durante la noche y primeras horas de la ma\u00f1ana, lo que provoca una sensaci\u00f3n de fr\u00edo, especialmente en los distritos cercanos al litoral. No obstante, se prev\u00e9 la presencia de periodos de sol, principalmente en los distritos m\u00e1s alejados de la costa.<\/p>\n\n\n\n<figure class=\"wp-block-image size-large\"><img loading=\"lazy\" decoding=\"async\" width=\"1024\" height=\"606\" src=\"https:\/\/pulso27.com\/wp-content\/uploads\/2024\/06\/Friaje-1024x606.jpg\" alt=\"\" class=\"wp-image-1863\" srcset=\"https:\/\/pulso27.com\/wp-content\/uploads\/2024\/06\/Friaje-1024x606.jpg 1024w, https:\/\/pulso27.com\/wp-content\/uploads\/2024\/06\/Friaje-300x178.jpg 300w, https:\/\/pulso27.com\/wp-content\/uploads\/2024\/06\/Friaje-768x454.jpg 768w, https:\/\/pulso27.com\/wp-content\/uploads\/2024\/06\/Friaje-18x12.jpg 18w, https:\/\/pulso27.com\/wp-content\/uploads\/2024\/06\/Friaje.jpg 1200w\" sizes=\"auto, (max-width: 1024px) 100vw, 1024px\" \/><figcaption class=\"wp-element-caption\"><em>La Amazon\u00eda peruana ya viene soportando el friaje en varios departamentos<\/em><\/figcaption><\/figure>\n\n\n\n<p>La posible llegada de La Ni\u00f1a podr\u00eda agravar la situaci\u00f3n en el pa\u00eds, alterando los patrones habituales de precipitaciones y temperaturas. Seg\u00fan el Senamhi, este fen\u00f3meno podr\u00eda intensificar el fr\u00edo a partir de julio, afectando principalmente las regiones andinas y la costa sur del pa\u00eds. Esto podr\u00eda incrementar el riesgo de heladas y tener un impacto negativo en la agricultura local, seg\u00fan se\u00f1ala un portavoz del Senamhi.<\/p>\n\n\n\n<p>La Ni\u00f1a se caracteriza por un enfriamiento inusual de las aguas superficiales en el oc\u00e9ano Pac\u00edfico ecuatorial central y oriental, y es considerado el fen\u00f3meno contrario a El Ni\u00f1o. La Organizaci\u00f3n Meteorol\u00f3gica Mundial (OMM) indica que este evento puede provocar temperaturas del mar m\u00e1s fr\u00edas y un aumento en las precipitaciones en ciertas \u00e1reas, mientras que en otras puede causar sequ\u00edas.<\/p>\n\n\n\n<p>Fuente: Webs y redes de noticias<\/p>\n","protected":false},"excerpt":{"rendered":"<p>El Servicio Nacional de Meteorolog\u00eda e Hidrolog\u00eda del Per\u00fa (Senamhi) ha emitido un pron\u00f3stico detallado sobre las condiciones clim\u00e1ticas que se esperan en el pa\u00eds durante los pr\u00f3ximos d\u00edas de junio. Se anticipa la llegada de una serie de frentes fr\u00edos que est\u00e1n afectando diversas regiones, lo cual se atribuye a la transici\u00f3n hacia el [&hellip;]<\/p>\n","protected":false},"author":10,"featured_media":1861,"comment_status":"open","ping_status":"open","sticky":false,"template":"","format":"standard","meta":{"footnotes":""},"categories":[183,174],"tags":[755,752,751,754,753],"class_list":["post-1860","post","type-post","status-publish","format-standard","has-post-thumbnail","hentry","category-actualidad","category-nacional","tag-bajas-temperaturas","tag-friaje","tag-frio","tag-omm","tag-senamhi"],"yoast_head":"<!-- This site is optimized with the Yoast SEO plugin v27.4 - https:\/\/yoast.com\/product\/yoast-seo-wordpress\/ -->\n<title>Peruanos soportan fr\u00edos intensos en Costa, Sierra y Amazon\u00eda - Pulso27<\/title>\n<meta name=\"robots\" content=\"index, follow, max-snippet:-1, max-image-preview:large, max-video-preview:-1\" \/>\n<link rel=\"canonical\" href=\"https:\/\/pulso27.com\/es\/nacional\/peruanos-soportan-frios-intensos-en-costa-sierra-y-amazonia\/\" \/>\n<meta property=\"og:locale\" content=\"es_ES\" \/>\n<meta property=\"og:type\" content=\"article\" \/>\n<meta property=\"og:title\" content=\"Peruanos soportan fr\u00edos intensos en Costa, Sierra y Amazon\u00eda - Pulso27\" \/>\n<meta property=\"og:description\" content=\"El Servicio Nacional de Meteorolog\u00eda e Hidrolog\u00eda del Per\u00fa (Senamhi) ha emitido un pron\u00f3stico detallado sobre las condiciones clim\u00e1ticas que se esperan en el pa\u00eds durante los pr\u00f3ximos d\u00edas de junio. Se anticipa la llegada de una serie de frentes fr\u00edos que est\u00e1n afectando diversas regiones, lo cual se atribuye a la transici\u00f3n hacia el [&hellip;]\" \/>\n<meta property=\"og:url\" content=\"https:\/\/pulso27.com\/es\/nacional\/peruanos-soportan-frios-intensos-en-costa-sierra-y-amazonia\/\" \/>\n<meta property=\"og:site_name\" content=\"Pulso27\" \/>\n<meta property=\"article:publisher\" content=\"https:\/\/www.facebook.com\/pulso27\/\" \/>\n<meta property=\"article:published_time\" content=\"2024-06-07T22:15:00+00:00\" \/>\n<meta property=\"article:modified_time\" content=\"2024-06-07T22:15:01+00:00\" \/>\n<meta property=\"og:image\" content=\"https:\/\/pulso27.com\/wp-content\/uploads\/2024\/06\/Frio.jpg\" \/>\n\t<meta property=\"og:image:width\" content=\"1200\" \/>\n\t<meta property=\"og:image:height\" content=\"681\" \/>\n\t<meta property=\"og:image:type\" content=\"image\/jpeg\" \/>\n<meta name=\"author\" content=\"El Muki\" \/>\n<meta name=\"twitter:card\" content=\"summary_large_image\" \/>\n<meta name=\"twitter:creator\" content=\"@Pulso_27\" \/>\n<meta name=\"twitter:site\" content=\"@Pulso_27\" \/>\n<meta name=\"twitter:label1\" content=\"Written by\" \/>\n\t<meta name=\"twitter:data1\" content=\"El Muki\" \/>\n\t<meta name=\"twitter:label2\" content=\"Est. reading time\" \/>\n\t<meta name=\"twitter:data2\" content=\"2 minutos\" \/>\n<script type=\"application\/ld+json\" class=\"yoast-schema-graph\">{\"@context\":\"https:\\\/\\\/schema.org\",\"@graph\":[{\"@type\":\"Article\",\"@id\":\"https:\\\/\\\/pulso27.com\\\/nacional\\\/peruanos-soportan-frios-intensos-en-costa-sierra-y-amazonia\\\/#article\",\"isPartOf\":{\"@id\":\"https:\\\/\\\/pulso27.com\\\/nacional\\\/peruanos-soportan-frios-intensos-en-costa-sierra-y-amazonia\\\/\"},\"author\":{\"name\":\"El Muki\",\"@id\":\"https:\\\/\\\/pulso27.com\\\/en\\\/#\\\/schema\\\/person\\\/a0930a7f318e7d9d83bd7cffed9f34f6\"},\"headline\":\"Peruanos soportan fr\u00edos intensos en Costa, Sierra y Amazon\u00eda\",\"datePublished\":\"2024-06-07T22:15:00+00:00\",\"dateModified\":\"2024-06-07T22:15:01+00:00\",\"mainEntityOfPage\":{\"@id\":\"https:\\\/\\\/pulso27.com\\\/nacional\\\/peruanos-soportan-frios-intensos-en-costa-sierra-y-amazonia\\\/\"},\"wordCount\":471,\"commentCount\":0,\"publisher\":{\"@id\":\"https:\\\/\\\/pulso27.com\\\/en\\\/#organization\"},\"image\":{\"@id\":\"https:\\\/\\\/pulso27.com\\\/nacional\\\/peruanos-soportan-frios-intensos-en-costa-sierra-y-amazonia\\\/#primaryimage\"},\"thumbnailUrl\":\"https:\\\/\\\/pulso27.com\\\/wp-content\\\/uploads\\\/2024\\\/06\\\/Frio.jpg\",\"keywords\":[\"Bajas temperaturas\",\"Friaje\",\"Fr\u00edo\",\"OMM\",\"Senamhi\"],\"articleSection\":[\"Actualidad\",\"Nacional\"],\"inLanguage\":\"es-PE\",\"potentialAction\":[{\"@type\":\"CommentAction\",\"name\":\"Comment\",\"target\":[\"https:\\\/\\\/pulso27.com\\\/nacional\\\/peruanos-soportan-frios-intensos-en-costa-sierra-y-amazonia\\\/#respond\"]}]},{\"@type\":\"WebPage\",\"@id\":\"https:\\\/\\\/pulso27.com\\\/nacional\\\/peruanos-soportan-frios-intensos-en-costa-sierra-y-amazonia\\\/\",\"url\":\"https:\\\/\\\/pulso27.com\\\/nacional\\\/peruanos-soportan-frios-intensos-en-costa-sierra-y-amazonia\\\/\",\"name\":\"Peruanos soportan fr\u00edos intensos en Costa, Sierra y Amazon\u00eda - Pulso27\",\"isPartOf\":{\"@id\":\"https:\\\/\\\/pulso27.com\\\/en\\\/#website\"},\"primaryImageOfPage\":{\"@id\":\"https:\\\/\\\/pulso27.com\\\/nacional\\\/peruanos-soportan-frios-intensos-en-costa-sierra-y-amazonia\\\/#primaryimage\"},\"image\":{\"@id\":\"https:\\\/\\\/pulso27.com\\\/nacional\\\/peruanos-soportan-frios-intensos-en-costa-sierra-y-amazonia\\\/#primaryimage\"},\"thumbnailUrl\":\"https:\\\/\\\/pulso27.com\\\/wp-content\\\/uploads\\\/2024\\\/06\\\/Frio.jpg\",\"datePublished\":\"2024-06-07T22:15:00+00:00\",\"dateModified\":\"2024-06-07T22:15:01+00:00\",\"breadcrumb\":{\"@id\":\"https:\\\/\\\/pulso27.com\\\/nacional\\\/peruanos-soportan-frios-intensos-en-costa-sierra-y-amazonia\\\/#breadcrumb\"},\"inLanguage\":\"es-PE\",\"potentialAction\":[{\"@type\":\"ReadAction\",\"target\":[\"https:\\\/\\\/pulso27.com\\\/nacional\\\/peruanos-soportan-frios-intensos-en-costa-sierra-y-amazonia\\\/\"]}]},{\"@type\":\"ImageObject\",\"inLanguage\":\"es-PE\",\"@id\":\"https:\\\/\\\/pulso27.com\\\/nacional\\\/peruanos-soportan-frios-intensos-en-costa-sierra-y-amazonia\\\/#primaryimage\",\"url\":\"https:\\\/\\\/pulso27.com\\\/wp-content\\\/uploads\\\/2024\\\/06\\\/Frio.jpg\",\"contentUrl\":\"https:\\\/\\\/pulso27.com\\\/wp-content\\\/uploads\\\/2024\\\/06\\\/Frio.jpg\",\"width\":1200,\"height\":681},{\"@type\":\"BreadcrumbList\",\"@id\":\"https:\\\/\\\/pulso27.com\\\/nacional\\\/peruanos-soportan-frios-intensos-en-costa-sierra-y-amazonia\\\/#breadcrumb\",\"itemListElement\":[{\"@type\":\"ListItem\",\"position\":1,\"name\":\"Portada\",\"item\":\"https:\\\/\\\/pulso27.com\\\/\"},{\"@type\":\"ListItem\",\"position\":2,\"name\":\"Peruanos soportan fr\u00edos intensos en Costa, Sierra y Amazon\u00eda\"}]},{\"@type\":\"WebSite\",\"@id\":\"https:\\\/\\\/pulso27.com\\\/en\\\/#website\",\"url\":\"https:\\\/\\\/pulso27.com\\\/en\\\/\",\"name\":\"Pulso27\",\"description\":\"Web de noticias y publicidad\",\"publisher\":{\"@id\":\"https:\\\/\\\/pulso27.com\\\/en\\\/#organization\"},\"alternateName\":\"El pulso del pueblo\",\"potentialAction\":[{\"@type\":\"SearchAction\",\"target\":{\"@type\":\"EntryPoint\",\"urlTemplate\":\"https:\\\/\\\/pulso27.com\\\/en\\\/?s={search_term_string}\"},\"query-input\":{\"@type\":\"PropertyValueSpecification\",\"valueRequired\":true,\"valueName\":\"search_term_string\"}}],\"inLanguage\":\"es-PE\"},{\"@type\":\"Organization\",\"@id\":\"https:\\\/\\\/pulso27.com\\\/en\\\/#organization\",\"name\":\"Pulso27\",\"url\":\"https:\\\/\\\/pulso27.com\\\/en\\\/\",\"logo\":{\"@type\":\"ImageObject\",\"inLanguage\":\"es-PE\",\"@id\":\"https:\\\/\\\/pulso27.com\\\/en\\\/#\\\/schema\\\/logo\\\/image\\\/\",\"url\":\"https:\\\/\\\/pulso27.com\\\/wp-content\\\/uploads\\\/2026\\\/02\\\/Logotipo-de-la-organizacion-696-x-696-px-ok.png\",\"contentUrl\":\"https:\\\/\\\/pulso27.com\\\/wp-content\\\/uploads\\\/2026\\\/02\\\/Logotipo-de-la-organizacion-696-x-696-px-ok.png\",\"width\":696,\"height\":696,\"caption\":\"Pulso27\"},\"image\":{\"@id\":\"https:\\\/\\\/pulso27.com\\\/en\\\/#\\\/schema\\\/logo\\\/image\\\/\"},\"sameAs\":[\"https:\\\/\\\/www.facebook.com\\\/pulso27\\\/\",\"https:\\\/\\\/x.com\\\/Pulso_27\",\"https:\\\/\\\/www.youtube.com\\\/@Pulso27\",\"https:\\\/\\\/www.tiktok.com\\\/@pulso_27\"]},{\"@type\":\"Person\",\"@id\":\"https:\\\/\\\/pulso27.com\\\/en\\\/#\\\/schema\\\/person\\\/a0930a7f318e7d9d83bd7cffed9f34f6\",\"name\":\"El Muki\",\"image\":{\"@type\":\"ImageObject\",\"inLanguage\":\"es-PE\",\"@id\":\"https:\\\/\\\/secure.gravatar.com\\\/avatar\\\/dc91c2607c5eebda74cbb40d13031f489096c96ead89c4c30c17db262267b2b3?s=96&d=mm&r=g\",\"url\":\"https:\\\/\\\/secure.gravatar.com\\\/avatar\\\/dc91c2607c5eebda74cbb40d13031f489096c96ead89c4c30c17db262267b2b3?s=96&d=mm&r=g\",\"contentUrl\":\"https:\\\/\\\/secure.gravatar.com\\\/avatar\\\/dc91c2607c5eebda74cbb40d13031f489096c96ead89c4c30c17db262267b2b3?s=96&d=mm&r=g\",\"caption\":\"El Muki\"},\"sameAs\":[\"http:\\\/\\\/www.pulso27.com\"],\"url\":\"https:\\\/\\\/pulso27.com\\\/es\\\/author\\\/elcuervo\\\/\"}]}<\/script>\n<!-- \/ Yoast SEO plugin. -->","yoast_head_json":{"title":"Peruanos soportan fr\u00edos intensos en Costa, Sierra y Amazon\u00eda - Pulso27","robots":{"index":"index","follow":"follow","max-snippet":"max-snippet:-1","max-image-preview":"max-image-preview:large","max-video-preview":"max-video-preview:-1"},"canonical":"https:\/\/pulso27.com\/es\/nacional\/peruanos-soportan-frios-intensos-en-costa-sierra-y-amazonia\/","og_locale":"es_ES","og_type":"article","og_title":"Peruanos soportan fr\u00edos intensos en Costa, Sierra y Amazon\u00eda - Pulso27","og_description":"El Servicio Nacional de Meteorolog\u00eda e Hidrolog\u00eda del Per\u00fa (Senamhi) ha emitido un pron\u00f3stico detallado sobre las condiciones clim\u00e1ticas que se esperan en el pa\u00eds durante los pr\u00f3ximos d\u00edas de junio. Se anticipa la llegada de una serie de frentes fr\u00edos que est\u00e1n afectando diversas regiones, lo cual se atribuye a la transici\u00f3n hacia el [&hellip;]","og_url":"https:\/\/pulso27.com\/es\/nacional\/peruanos-soportan-frios-intensos-en-costa-sierra-y-amazonia\/","og_site_name":"Pulso27","article_publisher":"https:\/\/www.facebook.com\/pulso27\/","article_published_time":"2024-06-07T22:15:00+00:00","article_modified_time":"2024-06-07T22:15:01+00:00","og_image":[{"width":1200,"height":681,"url":"https:\/\/pulso27.com\/wp-content\/uploads\/2024\/06\/Frio.jpg","type":"image\/jpeg"}],"author":"El Muki","twitter_card":"summary_large_image","twitter_creator":"@Pulso_27","twitter_site":"@Pulso_27","twitter_misc":{"Written by":"El Muki","Est. reading time":"2 minutos"},"schema":{"@context":"https:\/\/schema.org","@graph":[{"@type":"Article","@id":"https:\/\/pulso27.com\/nacional\/peruanos-soportan-frios-intensos-en-costa-sierra-y-amazonia\/#article","isPartOf":{"@id":"https:\/\/pulso27.com\/nacional\/peruanos-soportan-frios-intensos-en-costa-sierra-y-amazonia\/"},"author":{"name":"El Muki","@id":"https:\/\/pulso27.com\/en\/#\/schema\/person\/a0930a7f318e7d9d83bd7cffed9f34f6"},"headline":"Peruanos soportan fr\u00edos intensos en Costa, Sierra y Amazon\u00eda","datePublished":"2024-06-07T22:15:00+00:00","dateModified":"2024-06-07T22:15:01+00:00","mainEntityOfPage":{"@id":"https:\/\/pulso27.com\/nacional\/peruanos-soportan-frios-intensos-en-costa-sierra-y-amazonia\/"},"wordCount":471,"commentCount":0,"publisher":{"@id":"https:\/\/pulso27.com\/en\/#organization"},"image":{"@id":"https:\/\/pulso27.com\/nacional\/peruanos-soportan-frios-intensos-en-costa-sierra-y-amazonia\/#primaryimage"},"thumbnailUrl":"https:\/\/pulso27.com\/wp-content\/uploads\/2024\/06\/Frio.jpg","keywords":["Bajas temperaturas","Friaje","Fr\u00edo","OMM","Senamhi"],"articleSection":["Actualidad","Nacional"],"inLanguage":"es-PE","potentialAction":[{"@type":"CommentAction","name":"Comment","target":["https:\/\/pulso27.com\/nacional\/peruanos-soportan-frios-intensos-en-costa-sierra-y-amazonia\/#respond"]}]},{"@type":"WebPage","@id":"https:\/\/pulso27.com\/nacional\/peruanos-soportan-frios-intensos-en-costa-sierra-y-amazonia\/","url":"https:\/\/pulso27.com\/nacional\/peruanos-soportan-frios-intensos-en-costa-sierra-y-amazonia\/","name":"Peruanos soportan fr\u00edos intensos en Costa, Sierra y Amazon\u00eda - Pulso27","isPartOf":{"@id":"https:\/\/pulso27.com\/en\/#website"},"primaryImageOfPage":{"@id":"https:\/\/pulso27.com\/nacional\/peruanos-soportan-frios-intensos-en-costa-sierra-y-amazonia\/#primaryimage"},"image":{"@id":"https:\/\/pulso27.com\/nacional\/peruanos-soportan-frios-intensos-en-costa-sierra-y-amazonia\/#primaryimage"},"thumbnailUrl":"https:\/\/pulso27.com\/wp-content\/uploads\/2024\/06\/Frio.jpg","datePublished":"2024-06-07T22:15:00+00:00","dateModified":"2024-06-07T22:15:01+00:00","breadcrumb":{"@id":"https:\/\/pulso27.com\/nacional\/peruanos-soportan-frios-intensos-en-costa-sierra-y-amazonia\/#breadcrumb"},"inLanguage":"es-PE","potentialAction":[{"@type":"ReadAction","target":["https:\/\/pulso27.com\/nacional\/peruanos-soportan-frios-intensos-en-costa-sierra-y-amazonia\/"]}]},{"@type":"ImageObject","inLanguage":"es-PE","@id":"https:\/\/pulso27.com\/nacional\/peruanos-soportan-frios-intensos-en-costa-sierra-y-amazonia\/#primaryimage","url":"https:\/\/pulso27.com\/wp-content\/uploads\/2024\/06\/Frio.jpg","contentUrl":"https:\/\/pulso27.com\/wp-content\/uploads\/2024\/06\/Frio.jpg","width":1200,"height":681},{"@type":"BreadcrumbList","@id":"https:\/\/pulso27.com\/nacional\/peruanos-soportan-frios-intensos-en-costa-sierra-y-amazonia\/#breadcrumb","itemListElement":[{"@type":"ListItem","position":1,"name":"Portada","item":"https:\/\/pulso27.com\/"},{"@type":"ListItem","position":2,"name":"Peruanos soportan fr\u00edos intensos en Costa, Sierra y Amazon\u00eda"}]},{"@type":"WebSite","@id":"https:\/\/pulso27.com\/en\/#website","url":"https:\/\/pulso27.com\/en\/","name":"Pulso27","description":"Web de noticias y publicidad","publisher":{"@id":"https:\/\/pulso27.com\/en\/#organization"},"alternateName":"El pulso del pueblo","potentialAction":[{"@type":"SearchAction","target":{"@type":"EntryPoint","urlTemplate":"https:\/\/pulso27.com\/en\/?s={search_term_string}"},"query-input":{"@type":"PropertyValueSpecification","valueRequired":true,"valueName":"search_term_string"}}],"inLanguage":"es-PE"},{"@type":"Organization","@id":"https:\/\/pulso27.com\/en\/#organization","name":"Pulso27","url":"https:\/\/pulso27.com\/en\/","logo":{"@type":"ImageObject","inLanguage":"es-PE","@id":"https:\/\/pulso27.com\/en\/#\/schema\/logo\/image\/","url":"https:\/\/pulso27.com\/wp-content\/uploads\/2026\/02\/Logotipo-de-la-organizacion-696-x-696-px-ok.png","contentUrl":"https:\/\/pulso27.com\/wp-content\/uploads\/2026\/02\/Logotipo-de-la-organizacion-696-x-696-px-ok.png","width":696,"height":696,"caption":"Pulso27"},"image":{"@id":"https:\/\/pulso27.com\/en\/#\/schema\/logo\/image\/"},"sameAs":["https:\/\/www.facebook.com\/pulso27\/","https:\/\/x.com\/Pulso_27","https:\/\/www.youtube.com\/@Pulso27","https:\/\/www.tiktok.com\/@pulso_27"]},{"@type":"Person","@id":"https:\/\/pulso27.com\/en\/#\/schema\/person\/a0930a7f318e7d9d83bd7cffed9f34f6","name":"El Muki","image":{"@type":"ImageObject","inLanguage":"es-PE","@id":"https:\/\/secure.gravatar.com\/avatar\/dc91c2607c5eebda74cbb40d13031f489096c96ead89c4c30c17db262267b2b3?s=96&d=mm&r=g","url":"https:\/\/secure.gravatar.com\/avatar\/dc91c2607c5eebda74cbb40d13031f489096c96ead89c4c30c17db262267b2b3?s=96&d=mm&r=g","contentUrl":"https:\/\/secure.gravatar.com\/avatar\/dc91c2607c5eebda74cbb40d13031f489096c96ead89c4c30c17db262267b2b3?s=96&d=mm&r=g","caption":"El Muki"},"sameAs":["http:\/\/www.pulso27.com"],"url":"https:\/\/pulso27.com\/es\/author\/elcuervo\/"}]}},"amp_enabled":true,"_links":{"self":[{"href":"https:\/\/pulso27.com\/es\/wp-json\/wp\/v2\/posts\/1860","targetHints":{"allow":["GET"]}}],"collection":[{"href":"https:\/\/pulso27.com\/es\/wp-json\/wp\/v2\/posts"}],"about":[{"href":"https:\/\/pulso27.com\/es\/wp-json\/wp\/v2\/types\/post"}],"author":[{"embeddable":true,"href":"https:\/\/pulso27.com\/es\/wp-json\/wp\/v2\/users\/10"}],"replies":[{"embeddable":true,"href":"https:\/\/pulso27.com\/es\/wp-json\/wp\/v2\/comments?post=1860"}],"version-history":[{"count":1,"href":"https:\/\/pulso27.com\/es\/wp-json\/wp\/v2\/posts\/1860\/revisions"}],"predecessor-version":[{"id":1864,"href":"https:\/\/pulso27.com\/es\/wp-json\/wp\/v2\/posts\/1860\/revisions\/1864"}],"wp:featuredmedia":[{"embeddable":true,"href":"https:\/\/pulso27.com\/es\/wp-json\/wp\/v2\/media\/1861"}],"wp:attachment":[{"href":"https:\/\/pulso27.com\/es\/wp-json\/wp\/v2\/media?parent=1860"}],"wp:term":[{"taxonomy":"category","embeddable":true,"href":"https:\/\/pulso27.com\/es\/wp-json\/wp\/v2\/categories?post=1860"},{"taxonomy":"post_tag","embeddable":true,"href":"https:\/\/pulso27.com\/es\/wp-json\/wp\/v2\/tags?post=1860"}],"curies":[{"name":"wp","href":"https:\/\/api.w.org\/{rel}","templated":true}]}}