{"id":1873,"date":"2024-06-12T02:55:34","date_gmt":"2024-06-11T21:55:34","guid":{"rendered":"https:\/\/pulso27.com\/?p=1873"},"modified":"2024-06-12T02:55:34","modified_gmt":"2024-06-11T21:55:34","slug":"la-triangulacion-de-la-verguenza","status":"publish","type":"post","link":"https:\/\/pulso27.com\/es\/nacional\/la-triangulacion-de-la-verguenza\/","title":{"rendered":"La triangulaci\u00f3n de la verg\u00fcenza"},"content":{"rendered":"\n<p>Este lunes, el Gobierno de Dina Boluarte promulg\u00f3 la ley que excluye de responsabilidad penal a los partidos pol\u00edticos. <\/p>\n\n\n\n<p>Esta Ley es una verdadera afrenta a la lucha contra la corrupci\u00f3n y la impunidad en el Per\u00fa. Es indignante ver c\u00f3mo una iniciativa nefasta promovida inicialmente por Waldemar Cerr\u00f3n de Per\u00fa Libre, con el pretexto rid\u00edculo de evitar la \u00abcriminalizaci\u00f3n\u00bb de los partidos, termina siendo aprobada y promulgada por la presidenta Dina Boluarte.<\/p>\n\n\n\n<p>Esta norma no es m\u00e1s que un intento desesperado de Fuerza Popular, Per\u00fa Libre y otros partidos investigados por delitos graves como lavado de activos o financiamiento ilegal de campa\u00f1as, de evadir la acci\u00f3n de la justicia y mantener intactas sus estructuras criminales. Es inaceptable que se modifique la ley para blindar a organizaciones pol\u00edticas potencialmente corruptas, socavando los principios b\u00e1sicos del Estado de derecho.<\/p>\n\n\n\n<p>La triangulaci\u00f3n c\u00ednica entre el fujicerronismo corrupto y una presidenta que se hace llamar \u00abdemocr\u00e1tica\u00bb ha dado como resultado esta ley inmoral que solo beneficia a las mafias enquistadas en los partidos tradicionales. Es clara la intenci\u00f3n de proteger la intangibilidad de sus bienes y capitales mal habidos cuando sus militantes est\u00e1n siendo investigados. Esta norma abre las puertas a la impunidad y es un duro rev\u00e9s en la lucha contra la corrupci\u00f3n estructural que corroe al pa\u00eds.<\/p>\n\n\n\n<p>Los peruanos de bien no podemos quedarnos callados ante este pacto desvergonzado, inmoral e indignante que busca encubrir los negociados de la partidocracia corrupta.<\/p>\n","protected":false},"excerpt":{"rendered":"<p>Este lunes, el Gobierno de Dina Boluarte promulg\u00f3 la ley que excluye de responsabilidad penal a los partidos pol\u00edticos. Esta Ley es una verdadera afrenta a la lucha contra la corrupci\u00f3n y la impunidad en el Per\u00fa. Es indignante ver c\u00f3mo una iniciativa nefasta promovida inicialmente por Waldemar Cerr\u00f3n de Per\u00fa Libre, con el pretexto [&hellip;]<\/p>\n","protected":false},"author":7,"featured_media":1874,"comment_status":"open","ping_status":"open","sticky":false,"template":"","format":"standard","meta":{"footnotes":""},"categories":[183,174,180,202],"tags":[760,761,626,759],"class_list":["post-1873","post","type-post","status-publish","format-standard","has-post-thumbnail","hentry","category-actualidad","category-nacional","category-politica","category-sociedad","tag-fuerza-popular","tag-keiko-fujimori","tag-peru-libre","tag-vladimir-cerron"],"yoast_head":"<!-- This site is optimized with the Yoast SEO plugin v27.4 - https:\/\/yoast.com\/product\/yoast-seo-wordpress\/ -->\n<title>La triangulaci\u00f3n de la verg\u00fcenza - Pulso27<\/title>\n<meta name=\"robots\" content=\"index, follow, max-snippet:-1, max-image-preview:large, max-video-preview:-1\" \/>\n<link rel=\"canonical\" href=\"https:\/\/pulso27.com\/es\/nacional\/la-triangulacion-de-la-verguenza\/\" \/>\n<meta property=\"og:locale\" content=\"es_ES\" \/>\n<meta property=\"og:type\" content=\"article\" \/>\n<meta property=\"og:title\" content=\"La triangulaci\u00f3n de la verg\u00fcenza - Pulso27\" \/>\n<meta property=\"og:description\" content=\"Este lunes, el Gobierno de Dina Boluarte promulg\u00f3 la ley que excluye de responsabilidad penal a los partidos pol\u00edticos. Esta Ley es una verdadera afrenta a la lucha contra la corrupci\u00f3n y la impunidad en el Per\u00fa. Es indignante ver c\u00f3mo una iniciativa nefasta promovida inicialmente por Waldemar Cerr\u00f3n de Per\u00fa Libre, con el pretexto [&hellip;]\" \/>\n<meta property=\"og:url\" content=\"https:\/\/pulso27.com\/es\/nacional\/la-triangulacion-de-la-verguenza\/\" \/>\n<meta property=\"og:site_name\" content=\"Pulso27\" \/>\n<meta property=\"article:publisher\" content=\"https:\/\/www.facebook.com\/pulso27\/\" \/>\n<meta property=\"article:published_time\" content=\"2024-06-11T21:55:34+00:00\" \/>\n<meta property=\"og:image\" content=\"https:\/\/pulso27.com\/wp-content\/uploads\/2024\/06\/PLyFP.jpg\" \/>\n\t<meta property=\"og:image:width\" content=\"613\" \/>\n\t<meta property=\"og:image:height\" content=\"522\" \/>\n\t<meta property=\"og:image:type\" content=\"image\/jpeg\" \/>\n<meta name=\"author\" content=\"Tupaq\" \/>\n<meta name=\"twitter:card\" content=\"summary_large_image\" \/>\n<meta name=\"twitter:creator\" content=\"@Pulso_27\" \/>\n<meta name=\"twitter:site\" content=\"@Pulso_27\" \/>\n<meta name=\"twitter:label1\" content=\"Written by\" \/>\n\t<meta name=\"twitter:data1\" content=\"Tupaq\" \/>\n\t<meta name=\"twitter:label2\" content=\"Est. reading time\" \/>\n\t<meta name=\"twitter:data2\" content=\"1 minuto\" \/>\n<script type=\"application\/ld+json\" class=\"yoast-schema-graph\">{\"@context\":\"https:\\\/\\\/schema.org\",\"@graph\":[{\"@type\":\"Article\",\"@id\":\"https:\\\/\\\/pulso27.com\\\/nacional\\\/la-triangulacion-de-la-verguenza\\\/#article\",\"isPartOf\":{\"@id\":\"https:\\\/\\\/pulso27.com\\\/nacional\\\/la-triangulacion-de-la-verguenza\\\/\"},\"author\":{\"name\":\"Tupaq\",\"@id\":\"https:\\\/\\\/pulso27.com\\\/en\\\/#\\\/schema\\\/person\\\/d20fd7f5bc7f2e53fd150d43fca07a78\"},\"headline\":\"La triangulaci\u00f3n de la verg\u00fcenza\",\"datePublished\":\"2024-06-11T21:55:34+00:00\",\"mainEntityOfPage\":{\"@id\":\"https:\\\/\\\/pulso27.com\\\/nacional\\\/la-triangulacion-de-la-verguenza\\\/\"},\"wordCount\":266,\"commentCount\":0,\"publisher\":{\"@id\":\"https:\\\/\\\/pulso27.com\\\/en\\\/#organization\"},\"image\":{\"@id\":\"https:\\\/\\\/pulso27.com\\\/nacional\\\/la-triangulacion-de-la-verguenza\\\/#primaryimage\"},\"thumbnailUrl\":\"https:\\\/\\\/pulso27.com\\\/wp-content\\\/uploads\\\/2024\\\/06\\\/PLyFP.jpg\",\"keywords\":[\"Fuerza Popular\",\"Keiko Fujimori\",\"Per\u00fa Libre\",\"Vladimir Cerr\u00f3n\"],\"articleSection\":[\"Actualidad\",\"Nacional\",\"Pol\u00edtica\",\"Sociedad\"],\"inLanguage\":\"es-PE\",\"potentialAction\":[{\"@type\":\"CommentAction\",\"name\":\"Comment\",\"target\":[\"https:\\\/\\\/pulso27.com\\\/nacional\\\/la-triangulacion-de-la-verguenza\\\/#respond\"]}]},{\"@type\":\"WebPage\",\"@id\":\"https:\\\/\\\/pulso27.com\\\/nacional\\\/la-triangulacion-de-la-verguenza\\\/\",\"url\":\"https:\\\/\\\/pulso27.com\\\/nacional\\\/la-triangulacion-de-la-verguenza\\\/\",\"name\":\"La triangulaci\u00f3n de la verg\u00fcenza - Pulso27\",\"isPartOf\":{\"@id\":\"https:\\\/\\\/pulso27.com\\\/en\\\/#website\"},\"primaryImageOfPage\":{\"@id\":\"https:\\\/\\\/pulso27.com\\\/nacional\\\/la-triangulacion-de-la-verguenza\\\/#primaryimage\"},\"image\":{\"@id\":\"https:\\\/\\\/pulso27.com\\\/nacional\\\/la-triangulacion-de-la-verguenza\\\/#primaryimage\"},\"thumbnailUrl\":\"https:\\\/\\\/pulso27.com\\\/wp-content\\\/uploads\\\/2024\\\/06\\\/PLyFP.jpg\",\"datePublished\":\"2024-06-11T21:55:34+00:00\",\"breadcrumb\":{\"@id\":\"https:\\\/\\\/pulso27.com\\\/nacional\\\/la-triangulacion-de-la-verguenza\\\/#breadcrumb\"},\"inLanguage\":\"es-PE\",\"potentialAction\":[{\"@type\":\"ReadAction\",\"target\":[\"https:\\\/\\\/pulso27.com\\\/nacional\\\/la-triangulacion-de-la-verguenza\\\/\"]}]},{\"@type\":\"ImageObject\",\"inLanguage\":\"es-PE\",\"@id\":\"https:\\\/\\\/pulso27.com\\\/nacional\\\/la-triangulacion-de-la-verguenza\\\/#primaryimage\",\"url\":\"https:\\\/\\\/pulso27.com\\\/wp-content\\\/uploads\\\/2024\\\/06\\\/PLyFP.jpg\",\"contentUrl\":\"https:\\\/\\\/pulso27.com\\\/wp-content\\\/uploads\\\/2024\\\/06\\\/PLyFP.jpg\",\"width\":613,\"height\":522},{\"@type\":\"BreadcrumbList\",\"@id\":\"https:\\\/\\\/pulso27.com\\\/nacional\\\/la-triangulacion-de-la-verguenza\\\/#breadcrumb\",\"itemListElement\":[{\"@type\":\"ListItem\",\"position\":1,\"name\":\"Portada\",\"item\":\"https:\\\/\\\/pulso27.com\\\/\"},{\"@type\":\"ListItem\",\"position\":2,\"name\":\"La triangulaci\u00f3n de la verg\u00fcenza\"}]},{\"@type\":\"WebSite\",\"@id\":\"https:\\\/\\\/pulso27.com\\\/en\\\/#website\",\"url\":\"https:\\\/\\\/pulso27.com\\\/en\\\/\",\"name\":\"Pulso27\",\"description\":\"Web de noticias y publicidad\",\"publisher\":{\"@id\":\"https:\\\/\\\/pulso27.com\\\/en\\\/#organization\"},\"alternateName\":\"El pulso del pueblo\",\"potentialAction\":[{\"@type\":\"SearchAction\",\"target\":{\"@type\":\"EntryPoint\",\"urlTemplate\":\"https:\\\/\\\/pulso27.com\\\/en\\\/?s={search_term_string}\"},\"query-input\":{\"@type\":\"PropertyValueSpecification\",\"valueRequired\":true,\"valueName\":\"search_term_string\"}}],\"inLanguage\":\"es-PE\"},{\"@type\":\"Organization\",\"@id\":\"https:\\\/\\\/pulso27.com\\\/en\\\/#organization\",\"name\":\"Pulso27\",\"url\":\"https:\\\/\\\/pulso27.com\\\/en\\\/\",\"logo\":{\"@type\":\"ImageObject\",\"inLanguage\":\"es-PE\",\"@id\":\"https:\\\/\\\/pulso27.com\\\/en\\\/#\\\/schema\\\/logo\\\/image\\\/\",\"url\":\"https:\\\/\\\/pulso27.com\\\/wp-content\\\/uploads\\\/2026\\\/02\\\/Logotipo-de-la-organizacion-696-x-696-px-ok.png\",\"contentUrl\":\"https:\\\/\\\/pulso27.com\\\/wp-content\\\/uploads\\\/2026\\\/02\\\/Logotipo-de-la-organizacion-696-x-696-px-ok.png\",\"width\":696,\"height\":696,\"caption\":\"Pulso27\"},\"image\":{\"@id\":\"https:\\\/\\\/pulso27.com\\\/en\\\/#\\\/schema\\\/logo\\\/image\\\/\"},\"sameAs\":[\"https:\\\/\\\/www.facebook.com\\\/pulso27\\\/\",\"https:\\\/\\\/x.com\\\/Pulso_27\",\"https:\\\/\\\/www.youtube.com\\\/@Pulso27\",\"https:\\\/\\\/www.tiktok.com\\\/@pulso_27\"]},{\"@type\":\"Person\",\"@id\":\"https:\\\/\\\/pulso27.com\\\/en\\\/#\\\/schema\\\/person\\\/d20fd7f5bc7f2e53fd150d43fca07a78\",\"name\":\"Tupaq\",\"image\":{\"@type\":\"ImageObject\",\"inLanguage\":\"es-PE\",\"@id\":\"https:\\\/\\\/secure.gravatar.com\\\/avatar\\\/7929e9b034aeea560319a601e4f04c59eb5f45a79eafe192adabb67e9604e7e7?s=96&d=mm&r=g\",\"url\":\"https:\\\/\\\/secure.gravatar.com\\\/avatar\\\/7929e9b034aeea560319a601e4f04c59eb5f45a79eafe192adabb67e9604e7e7?s=96&d=mm&r=g\",\"contentUrl\":\"https:\\\/\\\/secure.gravatar.com\\\/avatar\\\/7929e9b034aeea560319a601e4f04c59eb5f45a79eafe192adabb67e9604e7e7?s=96&d=mm&r=g\",\"caption\":\"Tupaq\"},\"url\":\"https:\\\/\\\/pulso27.com\\\/es\\\/author\\\/tupaq\\\/\"}]}<\/script>\n<!-- \/ Yoast SEO plugin. -->","yoast_head_json":{"title":"La triangulaci\u00f3n de la verg\u00fcenza - Pulso27","robots":{"index":"index","follow":"follow","max-snippet":"max-snippet:-1","max-image-preview":"max-image-preview:large","max-video-preview":"max-video-preview:-1"},"canonical":"https:\/\/pulso27.com\/es\/nacional\/la-triangulacion-de-la-verguenza\/","og_locale":"es_ES","og_type":"article","og_title":"La triangulaci\u00f3n de la verg\u00fcenza - Pulso27","og_description":"Este lunes, el Gobierno de Dina Boluarte promulg\u00f3 la ley que excluye de responsabilidad penal a los partidos pol\u00edticos. Esta Ley es una verdadera afrenta a la lucha contra la corrupci\u00f3n y la impunidad en el Per\u00fa. Es indignante ver c\u00f3mo una iniciativa nefasta promovida inicialmente por Waldemar Cerr\u00f3n de Per\u00fa Libre, con el pretexto [&hellip;]","og_url":"https:\/\/pulso27.com\/es\/nacional\/la-triangulacion-de-la-verguenza\/","og_site_name":"Pulso27","article_publisher":"https:\/\/www.facebook.com\/pulso27\/","article_published_time":"2024-06-11T21:55:34+00:00","og_image":[{"width":613,"height":522,"url":"https:\/\/pulso27.com\/wp-content\/uploads\/2024\/06\/PLyFP.jpg","type":"image\/jpeg"}],"author":"Tupaq","twitter_card":"summary_large_image","twitter_creator":"@Pulso_27","twitter_site":"@Pulso_27","twitter_misc":{"Written by":"Tupaq","Est. reading time":"1 minuto"},"schema":{"@context":"https:\/\/schema.org","@graph":[{"@type":"Article","@id":"https:\/\/pulso27.com\/nacional\/la-triangulacion-de-la-verguenza\/#article","isPartOf":{"@id":"https:\/\/pulso27.com\/nacional\/la-triangulacion-de-la-verguenza\/"},"author":{"name":"Tupaq","@id":"https:\/\/pulso27.com\/en\/#\/schema\/person\/d20fd7f5bc7f2e53fd150d43fca07a78"},"headline":"La triangulaci\u00f3n de la verg\u00fcenza","datePublished":"2024-06-11T21:55:34+00:00","mainEntityOfPage":{"@id":"https:\/\/pulso27.com\/nacional\/la-triangulacion-de-la-verguenza\/"},"wordCount":266,"commentCount":0,"publisher":{"@id":"https:\/\/pulso27.com\/en\/#organization"},"image":{"@id":"https:\/\/pulso27.com\/nacional\/la-triangulacion-de-la-verguenza\/#primaryimage"},"thumbnailUrl":"https:\/\/pulso27.com\/wp-content\/uploads\/2024\/06\/PLyFP.jpg","keywords":["Fuerza Popular","Keiko Fujimori","Per\u00fa Libre","Vladimir Cerr\u00f3n"],"articleSection":["Actualidad","Nacional","Pol\u00edtica","Sociedad"],"inLanguage":"es-PE","potentialAction":[{"@type":"CommentAction","name":"Comment","target":["https:\/\/pulso27.com\/nacional\/la-triangulacion-de-la-verguenza\/#respond"]}]},{"@type":"WebPage","@id":"https:\/\/pulso27.com\/nacional\/la-triangulacion-de-la-verguenza\/","url":"https:\/\/pulso27.com\/nacional\/la-triangulacion-de-la-verguenza\/","name":"La triangulaci\u00f3n de la verg\u00fcenza - Pulso27","isPartOf":{"@id":"https:\/\/pulso27.com\/en\/#website"},"primaryImageOfPage":{"@id":"https:\/\/pulso27.com\/nacional\/la-triangulacion-de-la-verguenza\/#primaryimage"},"image":{"@id":"https:\/\/pulso27.com\/nacional\/la-triangulacion-de-la-verguenza\/#primaryimage"},"thumbnailUrl":"https:\/\/pulso27.com\/wp-content\/uploads\/2024\/06\/PLyFP.jpg","datePublished":"2024-06-11T21:55:34+00:00","breadcrumb":{"@id":"https:\/\/pulso27.com\/nacional\/la-triangulacion-de-la-verguenza\/#breadcrumb"},"inLanguage":"es-PE","potentialAction":[{"@type":"ReadAction","target":["https:\/\/pulso27.com\/nacional\/la-triangulacion-de-la-verguenza\/"]}]},{"@type":"ImageObject","inLanguage":"es-PE","@id":"https:\/\/pulso27.com\/nacional\/la-triangulacion-de-la-verguenza\/#primaryimage","url":"https:\/\/pulso27.com\/wp-content\/uploads\/2024\/06\/PLyFP.jpg","contentUrl":"https:\/\/pulso27.com\/wp-content\/uploads\/2024\/06\/PLyFP.jpg","width":613,"height":522},{"@type":"BreadcrumbList","@id":"https:\/\/pulso27.com\/nacional\/la-triangulacion-de-la-verguenza\/#breadcrumb","itemListElement":[{"@type":"ListItem","position":1,"name":"Portada","item":"https:\/\/pulso27.com\/"},{"@type":"ListItem","position":2,"name":"La triangulaci\u00f3n de la verg\u00fcenza"}]},{"@type":"WebSite","@id":"https:\/\/pulso27.com\/en\/#website","url":"https:\/\/pulso27.com\/en\/","name":"Pulso27","description":"Web de noticias y publicidad","publisher":{"@id":"https:\/\/pulso27.com\/en\/#organization"},"alternateName":"El pulso del pueblo","potentialAction":[{"@type":"SearchAction","target":{"@type":"EntryPoint","urlTemplate":"https:\/\/pulso27.com\/en\/?s={search_term_string}"},"query-input":{"@type":"PropertyValueSpecification","valueRequired":true,"valueName":"search_term_string"}}],"inLanguage":"es-PE"},{"@type":"Organization","@id":"https:\/\/pulso27.com\/en\/#organization","name":"Pulso27","url":"https:\/\/pulso27.com\/en\/","logo":{"@type":"ImageObject","inLanguage":"es-PE","@id":"https:\/\/pulso27.com\/en\/#\/schema\/logo\/image\/","url":"https:\/\/pulso27.com\/wp-content\/uploads\/2026\/02\/Logotipo-de-la-organizacion-696-x-696-px-ok.png","contentUrl":"https:\/\/pulso27.com\/wp-content\/uploads\/2026\/02\/Logotipo-de-la-organizacion-696-x-696-px-ok.png","width":696,"height":696,"caption":"Pulso27"},"image":{"@id":"https:\/\/pulso27.com\/en\/#\/schema\/logo\/image\/"},"sameAs":["https:\/\/www.facebook.com\/pulso27\/","https:\/\/x.com\/Pulso_27","https:\/\/www.youtube.com\/@Pulso27","https:\/\/www.tiktok.com\/@pulso_27"]},{"@type":"Person","@id":"https:\/\/pulso27.com\/en\/#\/schema\/person\/d20fd7f5bc7f2e53fd150d43fca07a78","name":"Tupaq","image":{"@type":"ImageObject","inLanguage":"es-PE","@id":"https:\/\/secure.gravatar.com\/avatar\/7929e9b034aeea560319a601e4f04c59eb5f45a79eafe192adabb67e9604e7e7?s=96&d=mm&r=g","url":"https:\/\/secure.gravatar.com\/avatar\/7929e9b034aeea560319a601e4f04c59eb5f45a79eafe192adabb67e9604e7e7?s=96&d=mm&r=g","contentUrl":"https:\/\/secure.gravatar.com\/avatar\/7929e9b034aeea560319a601e4f04c59eb5f45a79eafe192adabb67e9604e7e7?s=96&d=mm&r=g","caption":"Tupaq"},"url":"https:\/\/pulso27.com\/es\/author\/tupaq\/"}]}},"amp_enabled":true,"_links":{"self":[{"href":"https:\/\/pulso27.com\/es\/wp-json\/wp\/v2\/posts\/1873","targetHints":{"allow":["GET"]}}],"collection":[{"href":"https:\/\/pulso27.com\/es\/wp-json\/wp\/v2\/posts"}],"about":[{"href":"https:\/\/pulso27.com\/es\/wp-json\/wp\/v2\/types\/post"}],"author":[{"embeddable":true,"href":"https:\/\/pulso27.com\/es\/wp-json\/wp\/v2\/users\/7"}],"replies":[{"embeddable":true,"href":"https:\/\/pulso27.com\/es\/wp-json\/wp\/v2\/comments?post=1873"}],"version-history":[{"count":2,"href":"https:\/\/pulso27.com\/es\/wp-json\/wp\/v2\/posts\/1873\/revisions"}],"predecessor-version":[{"id":1876,"href":"https:\/\/pulso27.com\/es\/wp-json\/wp\/v2\/posts\/1873\/revisions\/1876"}],"wp:featuredmedia":[{"embeddable":true,"href":"https:\/\/pulso27.com\/es\/wp-json\/wp\/v2\/media\/1874"}],"wp:attachment":[{"href":"https:\/\/pulso27.com\/es\/wp-json\/wp\/v2\/media?parent=1873"}],"wp:term":[{"taxonomy":"category","embeddable":true,"href":"https:\/\/pulso27.com\/es\/wp-json\/wp\/v2\/categories?post=1873"},{"taxonomy":"post_tag","embeddable":true,"href":"https:\/\/pulso27.com\/es\/wp-json\/wp\/v2\/tags?post=1873"}],"curies":[{"name":"wp","href":"https:\/\/api.w.org\/{rel}","templated":true}]}}