{"id":1884,"date":"2024-06-13T22:50:41","date_gmt":"2024-06-13T17:50:41","guid":{"rendered":"https:\/\/pulso27.com\/?p=1884"},"modified":"2024-06-14T01:20:37","modified_gmt":"2024-06-13T20:20:37","slug":"la-doble-moral-de-la-justicia-y-la-solidaridad","status":"publish","type":"post","link":"https:\/\/pulso27.com\/es\/nacional\/la-doble-moral-de-la-justicia-y-la-solidaridad\/","title":{"rendered":"La doble moral de la justicia y la solidaridad"},"content":{"rendered":"\n<p><br>Una vez m\u00e1s, la justicia peruana demuestra su doble rasero y su abyecta sumisi\u00f3n a los intereses de una clase corrupta y vendepatria que defiende ferozmente el sistema neoliberal. Mientras se niega encarcelar nuevamente a Keiko Fujimori pese a las solicitudes fiscales, se prolonga inmisericordemente la prisi\u00f3n preventiva del expresidente Pedro Castillo, aut\u00e9ntico hijo del pueblo que os\u00f3 desafiar al orden establecido.<\/p>\n\n\n\n<p>Es indignante presenciar c\u00f3mo la mal llamada justicia act\u00faa con dos varas distintas. Por un lado, protege a la heredera de una dinast\u00eda acusada de lavar activos producto de la corrupci\u00f3n m\u00e1s descarnada y por otro lado, castiga sin contemplaciones a quien desde las entra\u00f1as populares busc\u00f3 transformar las estructuras opresivas que ahogan a las grandes mayor\u00edas nacionales.<\/p>\n\n\n\n<p>Esta hip\u00f3crita postura no hace m\u00e1s que confirmar el car\u00e1cter clasista de un sistema judicial que defiende los privilegios de una minor\u00eda enquistada en el poder. Una justicia maniatada que se inclina siempre del lado de los opresores y aplasta sin miramientos a quienes osan levantar la voz por una verdadera redistribuci\u00f3n de la riqueza nacional.<\/p>\n\n\n\n<figure class=\"wp-block-image size-large\"><img loading=\"lazy\" decoding=\"async\" width=\"1024\" height=\"575\" src=\"https:\/\/pulso27.com\/wp-content\/uploads\/2024\/06\/PC-1024x575.png\" alt=\"\" class=\"wp-image-1886\" srcset=\"https:\/\/pulso27.com\/wp-content\/uploads\/2024\/06\/PC-1024x575.png 1024w, https:\/\/pulso27.com\/wp-content\/uploads\/2024\/06\/PC-300x169.png 300w, https:\/\/pulso27.com\/wp-content\/uploads\/2024\/06\/PC-768x432.png 768w, https:\/\/pulso27.com\/wp-content\/uploads\/2024\/06\/PC-18x10.png 18w, https:\/\/pulso27.com\/wp-content\/uploads\/2024\/06\/PC.png 1331w\" sizes=\"auto, (max-width: 1024px) 100vw, 1024px\" \/><figcaption class=\"wp-element-caption\"><em>El profesor Pedro Castillo Terrones, goza de respaldo mayoritario de los peruanos<\/em><\/figcaption><\/figure>\n\n\n\n<p>El odio de clase destila por los poros de cada resoluci\u00f3n judicial. Mientras los corruptos que saquean el pa\u00eds son tratados con guante de seda, los luchadores sociales que abogan por el bienestar del pueblo sufren el m\u00e1s inmisericorde escarnio. \u00bfD\u00f3nde queda la tan mentada igualdad ante la ley?<\/p>\n\n\n\n<p>Esta flagrante injusticia no hace m\u00e1s que avivar la llama revolucionaria que arde en el coraz\u00f3n de los oprimidos. Desde el fundo Barbadillo, donde purga condena por cr\u00edmenes inexistentes, el compa\u00f1ero Pedro Castillo ha recibido la solidaridad de luchadores como Margot Palacios y Pasi\u00f3n D\u00e1vila, dispuestos a denunciar las arbitrariedades de un poder judicial entregado en cuerpo y alma a la defensa cerril del gran capital.<\/p>\n","protected":false},"excerpt":{"rendered":"<p>Una vez m\u00e1s, la justicia peruana demuestra su doble rasero y su abyecta sumisi\u00f3n a los intereses de una clase corrupta y vendepatria que defiende ferozmente el sistema neoliberal. Mientras se niega encarcelar nuevamente a Keiko Fujimori pese a las solicitudes fiscales, se prolonga inmisericordemente la prisi\u00f3n preventiva del expresidente Pedro Castillo, aut\u00e9ntico hijo del [&hellip;]<\/p>\n","protected":false},"author":5,"featured_media":1890,"comment_status":"open","ping_status":"open","sticky":false,"template":"","format":"standard","meta":{"footnotes":""},"categories":[183,174,202],"tags":[719,663,764,563],"class_list":["post-1884","post","type-post","status-publish","format-standard","has-post-thumbnail","hentry","category-actualidad","category-nacional","category-sociedad","tag-congreso-de-la-republica-2","tag-margot-palacios","tag-pasion-davila","tag-pedro-castillo"],"yoast_head":"<!-- This site is optimized with the Yoast SEO plugin v27.4 - https:\/\/yoast.com\/product\/yoast-seo-wordpress\/ -->\n<title>La doble moral de la justicia y la solidaridad - Pulso27<\/title>\n<meta name=\"robots\" content=\"index, follow, max-snippet:-1, max-image-preview:large, max-video-preview:-1\" \/>\n<link rel=\"canonical\" href=\"https:\/\/pulso27.com\/es\/nacional\/la-doble-moral-de-la-justicia-y-la-solidaridad\/\" \/>\n<meta property=\"og:locale\" content=\"es_ES\" \/>\n<meta property=\"og:type\" content=\"article\" \/>\n<meta property=\"og:title\" content=\"La doble moral de la justicia y la solidaridad - Pulso27\" \/>\n<meta property=\"og:description\" content=\"Una vez m\u00e1s, la justicia peruana demuestra su doble rasero y su abyecta sumisi\u00f3n a los intereses de una clase corrupta y vendepatria que defiende ferozmente el sistema neoliberal. Mientras se niega encarcelar nuevamente a Keiko Fujimori pese a las solicitudes fiscales, se prolonga inmisericordemente la prisi\u00f3n preventiva del expresidente Pedro Castillo, aut\u00e9ntico hijo del [&hellip;]\" \/>\n<meta property=\"og:url\" content=\"https:\/\/pulso27.com\/es\/nacional\/la-doble-moral-de-la-justicia-y-la-solidaridad\/\" \/>\n<meta property=\"og:site_name\" content=\"Pulso27\" \/>\n<meta property=\"article:publisher\" content=\"https:\/\/www.facebook.com\/pulso27\/\" \/>\n<meta property=\"article:published_time\" content=\"2024-06-13T17:50:41+00:00\" \/>\n<meta property=\"article:modified_time\" content=\"2024-06-13T20:20:37+00:00\" \/>\n<meta property=\"og:image\" content=\"https:\/\/pulso27.com\/wp-content\/uploads\/2024\/06\/PCTx.png\" \/>\n\t<meta property=\"og:image:width\" content=\"544\" \/>\n\t<meta property=\"og:image:height\" content=\"338\" \/>\n\t<meta property=\"og:image:type\" content=\"image\/png\" \/>\n<meta name=\"author\" content=\"admin\" \/>\n<meta name=\"twitter:card\" content=\"summary_large_image\" \/>\n<meta name=\"twitter:creator\" content=\"@Pulso_27\" \/>\n<meta name=\"twitter:site\" content=\"@Pulso_27\" \/>\n<meta name=\"twitter:label1\" content=\"Written by\" \/>\n\t<meta name=\"twitter:data1\" content=\"admin\" \/>\n\t<meta name=\"twitter:label2\" content=\"Est. reading time\" \/>\n\t<meta name=\"twitter:data2\" content=\"2 minutos\" \/>\n<script type=\"application\/ld+json\" class=\"yoast-schema-graph\">{\"@context\":\"https:\\\/\\\/schema.org\",\"@graph\":[{\"@type\":\"Article\",\"@id\":\"https:\\\/\\\/pulso27.com\\\/nacional\\\/la-doble-moral-de-la-justicia-y-la-solidaridad\\\/#article\",\"isPartOf\":{\"@id\":\"https:\\\/\\\/pulso27.com\\\/nacional\\\/la-doble-moral-de-la-justicia-y-la-solidaridad\\\/\"},\"author\":{\"name\":\"admin\",\"@id\":\"https:\\\/\\\/pulso27.com\\\/en\\\/#\\\/schema\\\/person\\\/df15ecbcbba89b8627097bc602dc9e15\"},\"headline\":\"La doble moral de la justicia y la solidaridad\",\"datePublished\":\"2024-06-13T17:50:41+00:00\",\"dateModified\":\"2024-06-13T20:20:37+00:00\",\"mainEntityOfPage\":{\"@id\":\"https:\\\/\\\/pulso27.com\\\/nacional\\\/la-doble-moral-de-la-justicia-y-la-solidaridad\\\/\"},\"wordCount\":338,\"commentCount\":0,\"publisher\":{\"@id\":\"https:\\\/\\\/pulso27.com\\\/en\\\/#organization\"},\"image\":{\"@id\":\"https:\\\/\\\/pulso27.com\\\/nacional\\\/la-doble-moral-de-la-justicia-y-la-solidaridad\\\/#primaryimage\"},\"thumbnailUrl\":\"https:\\\/\\\/pulso27.com\\\/wp-content\\\/uploads\\\/2024\\\/06\\\/PCTx.png\",\"keywords\":[\"Congreso de la Rep\u00fablica\",\"Margot Palacios\",\"Pasi\u00f3n D\u00e1vila\",\"Pedro Castillo\"],\"articleSection\":[\"Actualidad\",\"Nacional\",\"Sociedad\"],\"inLanguage\":\"es-PE\",\"potentialAction\":[{\"@type\":\"CommentAction\",\"name\":\"Comment\",\"target\":[\"https:\\\/\\\/pulso27.com\\\/nacional\\\/la-doble-moral-de-la-justicia-y-la-solidaridad\\\/#respond\"]}]},{\"@type\":\"WebPage\",\"@id\":\"https:\\\/\\\/pulso27.com\\\/nacional\\\/la-doble-moral-de-la-justicia-y-la-solidaridad\\\/\",\"url\":\"https:\\\/\\\/pulso27.com\\\/nacional\\\/la-doble-moral-de-la-justicia-y-la-solidaridad\\\/\",\"name\":\"La doble moral de la justicia y la solidaridad - Pulso27\",\"isPartOf\":{\"@id\":\"https:\\\/\\\/pulso27.com\\\/en\\\/#website\"},\"primaryImageOfPage\":{\"@id\":\"https:\\\/\\\/pulso27.com\\\/nacional\\\/la-doble-moral-de-la-justicia-y-la-solidaridad\\\/#primaryimage\"},\"image\":{\"@id\":\"https:\\\/\\\/pulso27.com\\\/nacional\\\/la-doble-moral-de-la-justicia-y-la-solidaridad\\\/#primaryimage\"},\"thumbnailUrl\":\"https:\\\/\\\/pulso27.com\\\/wp-content\\\/uploads\\\/2024\\\/06\\\/PCTx.png\",\"datePublished\":\"2024-06-13T17:50:41+00:00\",\"dateModified\":\"2024-06-13T20:20:37+00:00\",\"breadcrumb\":{\"@id\":\"https:\\\/\\\/pulso27.com\\\/nacional\\\/la-doble-moral-de-la-justicia-y-la-solidaridad\\\/#breadcrumb\"},\"inLanguage\":\"es-PE\",\"potentialAction\":[{\"@type\":\"ReadAction\",\"target\":[\"https:\\\/\\\/pulso27.com\\\/nacional\\\/la-doble-moral-de-la-justicia-y-la-solidaridad\\\/\"]}]},{\"@type\":\"ImageObject\",\"inLanguage\":\"es-PE\",\"@id\":\"https:\\\/\\\/pulso27.com\\\/nacional\\\/la-doble-moral-de-la-justicia-y-la-solidaridad\\\/#primaryimage\",\"url\":\"https:\\\/\\\/pulso27.com\\\/wp-content\\\/uploads\\\/2024\\\/06\\\/PCTx.png\",\"contentUrl\":\"https:\\\/\\\/pulso27.com\\\/wp-content\\\/uploads\\\/2024\\\/06\\\/PCTx.png\",\"width\":544,\"height\":338},{\"@type\":\"BreadcrumbList\",\"@id\":\"https:\\\/\\\/pulso27.com\\\/nacional\\\/la-doble-moral-de-la-justicia-y-la-solidaridad\\\/#breadcrumb\",\"itemListElement\":[{\"@type\":\"ListItem\",\"position\":1,\"name\":\"Portada\",\"item\":\"https:\\\/\\\/pulso27.com\\\/\"},{\"@type\":\"ListItem\",\"position\":2,\"name\":\"La doble moral de la justicia y la solidaridad\"}]},{\"@type\":\"WebSite\",\"@id\":\"https:\\\/\\\/pulso27.com\\\/en\\\/#website\",\"url\":\"https:\\\/\\\/pulso27.com\\\/en\\\/\",\"name\":\"Pulso27\",\"description\":\"Web de noticias y publicidad\",\"publisher\":{\"@id\":\"https:\\\/\\\/pulso27.com\\\/en\\\/#organization\"},\"alternateName\":\"El pulso del pueblo\",\"potentialAction\":[{\"@type\":\"SearchAction\",\"target\":{\"@type\":\"EntryPoint\",\"urlTemplate\":\"https:\\\/\\\/pulso27.com\\\/en\\\/?s={search_term_string}\"},\"query-input\":{\"@type\":\"PropertyValueSpecification\",\"valueRequired\":true,\"valueName\":\"search_term_string\"}}],\"inLanguage\":\"es-PE\"},{\"@type\":\"Organization\",\"@id\":\"https:\\\/\\\/pulso27.com\\\/en\\\/#organization\",\"name\":\"Pulso27\",\"url\":\"https:\\\/\\\/pulso27.com\\\/en\\\/\",\"logo\":{\"@type\":\"ImageObject\",\"inLanguage\":\"es-PE\",\"@id\":\"https:\\\/\\\/pulso27.com\\\/en\\\/#\\\/schema\\\/logo\\\/image\\\/\",\"url\":\"https:\\\/\\\/pulso27.com\\\/wp-content\\\/uploads\\\/2026\\\/02\\\/Logotipo-de-la-organizacion-696-x-696-px-ok.png\",\"contentUrl\":\"https:\\\/\\\/pulso27.com\\\/wp-content\\\/uploads\\\/2026\\\/02\\\/Logotipo-de-la-organizacion-696-x-696-px-ok.png\",\"width\":696,\"height\":696,\"caption\":\"Pulso27\"},\"image\":{\"@id\":\"https:\\\/\\\/pulso27.com\\\/en\\\/#\\\/schema\\\/logo\\\/image\\\/\"},\"sameAs\":[\"https:\\\/\\\/www.facebook.com\\\/pulso27\\\/\",\"https:\\\/\\\/x.com\\\/Pulso_27\",\"https:\\\/\\\/www.youtube.com\\\/@Pulso27\",\"https:\\\/\\\/www.tiktok.com\\\/@pulso_27\"]},{\"@type\":\"Person\",\"@id\":\"https:\\\/\\\/pulso27.com\\\/en\\\/#\\\/schema\\\/person\\\/df15ecbcbba89b8627097bc602dc9e15\",\"name\":\"admin\",\"image\":{\"@type\":\"ImageObject\",\"inLanguage\":\"es-PE\",\"@id\":\"https:\\\/\\\/secure.gravatar.com\\\/avatar\\\/828f4a09ba8ce37cfca622f580fec4411ddb2550515ba4e452fa5d850713b8d1?s=96&d=mm&r=g\",\"url\":\"https:\\\/\\\/secure.gravatar.com\\\/avatar\\\/828f4a09ba8ce37cfca622f580fec4411ddb2550515ba4e452fa5d850713b8d1?s=96&d=mm&r=g\",\"contentUrl\":\"https:\\\/\\\/secure.gravatar.com\\\/avatar\\\/828f4a09ba8ce37cfca622f580fec4411ddb2550515ba4e452fa5d850713b8d1?s=96&d=mm&r=g\",\"caption\":\"admin\"},\"sameAs\":[\"http:\\\/\\\/www.pulso27.com\"],\"url\":\"https:\\\/\\\/pulso27.com\\\/es\\\/author\\\/admin-2\\\/\"}]}<\/script>\n<!-- \/ Yoast SEO plugin. -->","yoast_head_json":{"title":"La doble moral de la justicia y la solidaridad - Pulso27","robots":{"index":"index","follow":"follow","max-snippet":"max-snippet:-1","max-image-preview":"max-image-preview:large","max-video-preview":"max-video-preview:-1"},"canonical":"https:\/\/pulso27.com\/es\/nacional\/la-doble-moral-de-la-justicia-y-la-solidaridad\/","og_locale":"es_ES","og_type":"article","og_title":"La doble moral de la justicia y la solidaridad - Pulso27","og_description":"Una vez m\u00e1s, la justicia peruana demuestra su doble rasero y su abyecta sumisi\u00f3n a los intereses de una clase corrupta y vendepatria que defiende ferozmente el sistema neoliberal. Mientras se niega encarcelar nuevamente a Keiko Fujimori pese a las solicitudes fiscales, se prolonga inmisericordemente la prisi\u00f3n preventiva del expresidente Pedro Castillo, aut\u00e9ntico hijo del [&hellip;]","og_url":"https:\/\/pulso27.com\/es\/nacional\/la-doble-moral-de-la-justicia-y-la-solidaridad\/","og_site_name":"Pulso27","article_publisher":"https:\/\/www.facebook.com\/pulso27\/","article_published_time":"2024-06-13T17:50:41+00:00","article_modified_time":"2024-06-13T20:20:37+00:00","og_image":[{"width":544,"height":338,"url":"https:\/\/pulso27.com\/wp-content\/uploads\/2024\/06\/PCTx.png","type":"image\/png"}],"author":"admin","twitter_card":"summary_large_image","twitter_creator":"@Pulso_27","twitter_site":"@Pulso_27","twitter_misc":{"Written by":"admin","Est. reading time":"2 minutos"},"schema":{"@context":"https:\/\/schema.org","@graph":[{"@type":"Article","@id":"https:\/\/pulso27.com\/nacional\/la-doble-moral-de-la-justicia-y-la-solidaridad\/#article","isPartOf":{"@id":"https:\/\/pulso27.com\/nacional\/la-doble-moral-de-la-justicia-y-la-solidaridad\/"},"author":{"name":"admin","@id":"https:\/\/pulso27.com\/en\/#\/schema\/person\/df15ecbcbba89b8627097bc602dc9e15"},"headline":"La doble moral de la justicia y la solidaridad","datePublished":"2024-06-13T17:50:41+00:00","dateModified":"2024-06-13T20:20:37+00:00","mainEntityOfPage":{"@id":"https:\/\/pulso27.com\/nacional\/la-doble-moral-de-la-justicia-y-la-solidaridad\/"},"wordCount":338,"commentCount":0,"publisher":{"@id":"https:\/\/pulso27.com\/en\/#organization"},"image":{"@id":"https:\/\/pulso27.com\/nacional\/la-doble-moral-de-la-justicia-y-la-solidaridad\/#primaryimage"},"thumbnailUrl":"https:\/\/pulso27.com\/wp-content\/uploads\/2024\/06\/PCTx.png","keywords":["Congreso de la Rep\u00fablica","Margot Palacios","Pasi\u00f3n D\u00e1vila","Pedro Castillo"],"articleSection":["Actualidad","Nacional","Sociedad"],"inLanguage":"es-PE","potentialAction":[{"@type":"CommentAction","name":"Comment","target":["https:\/\/pulso27.com\/nacional\/la-doble-moral-de-la-justicia-y-la-solidaridad\/#respond"]}]},{"@type":"WebPage","@id":"https:\/\/pulso27.com\/nacional\/la-doble-moral-de-la-justicia-y-la-solidaridad\/","url":"https:\/\/pulso27.com\/nacional\/la-doble-moral-de-la-justicia-y-la-solidaridad\/","name":"La doble moral de la justicia y la solidaridad - Pulso27","isPartOf":{"@id":"https:\/\/pulso27.com\/en\/#website"},"primaryImageOfPage":{"@id":"https:\/\/pulso27.com\/nacional\/la-doble-moral-de-la-justicia-y-la-solidaridad\/#primaryimage"},"image":{"@id":"https:\/\/pulso27.com\/nacional\/la-doble-moral-de-la-justicia-y-la-solidaridad\/#primaryimage"},"thumbnailUrl":"https:\/\/pulso27.com\/wp-content\/uploads\/2024\/06\/PCTx.png","datePublished":"2024-06-13T17:50:41+00:00","dateModified":"2024-06-13T20:20:37+00:00","breadcrumb":{"@id":"https:\/\/pulso27.com\/nacional\/la-doble-moral-de-la-justicia-y-la-solidaridad\/#breadcrumb"},"inLanguage":"es-PE","potentialAction":[{"@type":"ReadAction","target":["https:\/\/pulso27.com\/nacional\/la-doble-moral-de-la-justicia-y-la-solidaridad\/"]}]},{"@type":"ImageObject","inLanguage":"es-PE","@id":"https:\/\/pulso27.com\/nacional\/la-doble-moral-de-la-justicia-y-la-solidaridad\/#primaryimage","url":"https:\/\/pulso27.com\/wp-content\/uploads\/2024\/06\/PCTx.png","contentUrl":"https:\/\/pulso27.com\/wp-content\/uploads\/2024\/06\/PCTx.png","width":544,"height":338},{"@type":"BreadcrumbList","@id":"https:\/\/pulso27.com\/nacional\/la-doble-moral-de-la-justicia-y-la-solidaridad\/#breadcrumb","itemListElement":[{"@type":"ListItem","position":1,"name":"Portada","item":"https:\/\/pulso27.com\/"},{"@type":"ListItem","position":2,"name":"La doble moral de la justicia y la solidaridad"}]},{"@type":"WebSite","@id":"https:\/\/pulso27.com\/en\/#website","url":"https:\/\/pulso27.com\/en\/","name":"Pulso27","description":"Web de noticias y publicidad","publisher":{"@id":"https:\/\/pulso27.com\/en\/#organization"},"alternateName":"El pulso del pueblo","potentialAction":[{"@type":"SearchAction","target":{"@type":"EntryPoint","urlTemplate":"https:\/\/pulso27.com\/en\/?s={search_term_string}"},"query-input":{"@type":"PropertyValueSpecification","valueRequired":true,"valueName":"search_term_string"}}],"inLanguage":"es-PE"},{"@type":"Organization","@id":"https:\/\/pulso27.com\/en\/#organization","name":"Pulso27","url":"https:\/\/pulso27.com\/en\/","logo":{"@type":"ImageObject","inLanguage":"es-PE","@id":"https:\/\/pulso27.com\/en\/#\/schema\/logo\/image\/","url":"https:\/\/pulso27.com\/wp-content\/uploads\/2026\/02\/Logotipo-de-la-organizacion-696-x-696-px-ok.png","contentUrl":"https:\/\/pulso27.com\/wp-content\/uploads\/2026\/02\/Logotipo-de-la-organizacion-696-x-696-px-ok.png","width":696,"height":696,"caption":"Pulso27"},"image":{"@id":"https:\/\/pulso27.com\/en\/#\/schema\/logo\/image\/"},"sameAs":["https:\/\/www.facebook.com\/pulso27\/","https:\/\/x.com\/Pulso_27","https:\/\/www.youtube.com\/@Pulso27","https:\/\/www.tiktok.com\/@pulso_27"]},{"@type":"Person","@id":"https:\/\/pulso27.com\/en\/#\/schema\/person\/df15ecbcbba89b8627097bc602dc9e15","name":"admin","image":{"@type":"ImageObject","inLanguage":"es-PE","@id":"https:\/\/secure.gravatar.com\/avatar\/828f4a09ba8ce37cfca622f580fec4411ddb2550515ba4e452fa5d850713b8d1?s=96&d=mm&r=g","url":"https:\/\/secure.gravatar.com\/avatar\/828f4a09ba8ce37cfca622f580fec4411ddb2550515ba4e452fa5d850713b8d1?s=96&d=mm&r=g","contentUrl":"https:\/\/secure.gravatar.com\/avatar\/828f4a09ba8ce37cfca622f580fec4411ddb2550515ba4e452fa5d850713b8d1?s=96&d=mm&r=g","caption":"admin"},"sameAs":["http:\/\/www.pulso27.com"],"url":"https:\/\/pulso27.com\/es\/author\/admin-2\/"}]}},"amp_enabled":true,"_links":{"self":[{"href":"https:\/\/pulso27.com\/es\/wp-json\/wp\/v2\/posts\/1884","targetHints":{"allow":["GET"]}}],"collection":[{"href":"https:\/\/pulso27.com\/es\/wp-json\/wp\/v2\/posts"}],"about":[{"href":"https:\/\/pulso27.com\/es\/wp-json\/wp\/v2\/types\/post"}],"author":[{"embeddable":true,"href":"https:\/\/pulso27.com\/es\/wp-json\/wp\/v2\/users\/5"}],"replies":[{"embeddable":true,"href":"https:\/\/pulso27.com\/es\/wp-json\/wp\/v2\/comments?post=1884"}],"version-history":[{"count":1,"href":"https:\/\/pulso27.com\/es\/wp-json\/wp\/v2\/posts\/1884\/revisions"}],"predecessor-version":[{"id":1887,"href":"https:\/\/pulso27.com\/es\/wp-json\/wp\/v2\/posts\/1884\/revisions\/1887"}],"wp:featuredmedia":[{"embeddable":true,"href":"https:\/\/pulso27.com\/es\/wp-json\/wp\/v2\/media\/1890"}],"wp:attachment":[{"href":"https:\/\/pulso27.com\/es\/wp-json\/wp\/v2\/media?parent=1884"}],"wp:term":[{"taxonomy":"category","embeddable":true,"href":"https:\/\/pulso27.com\/es\/wp-json\/wp\/v2\/categories?post=1884"},{"taxonomy":"post_tag","embeddable":true,"href":"https:\/\/pulso27.com\/es\/wp-json\/wp\/v2\/tags?post=1884"}],"curies":[{"name":"wp","href":"https:\/\/api.w.org\/{rel}","templated":true}]}}