{"id":1897,"date":"2024-06-14T03:13:16","date_gmt":"2024-06-13T22:13:16","guid":{"rendered":"https:\/\/pulso27.com\/?p=1897"},"modified":"2024-06-14T03:13:17","modified_gmt":"2024-06-13T22:13:17","slug":"majes-siguas-un-proyecto-entre-incertidumbre-y-esperanza","status":"publish","type":"post","link":"https:\/\/pulso27.com\/es\/nacional\/majes-siguas-un-proyecto-entre-incertidumbre-y-esperanza\/","title":{"rendered":"Majes Siguas: Un Proyecto Entre Incertidumbre y Esperanza"},"content":{"rendered":"\n<p>El proyecto Majes  Siguas, que busca impulsar el desarrollo agroindustrial en la regi\u00f3n de Arequipa, se encuentra en medio de una encrucijada entre la incertidumbre y la ilusi\u00f3n de su avance.<\/p>\n\n\n\n<p>El presidente del Consejo Regional de Arequipa (CRA), Fernando Cornejo, ha elevado una solicitud al Ministerio de Desarrollo Agrario y Riego (Midagri), pidiendo que asuman \u00fanicamente la primera etapa del proyecto, conocida como Majes I, en lugar de tratar de hacerse cargo de la totalidad del proyecto a trav\u00e9s de un convenio de transferencia.<\/p>\n\n\n\n<p>Cornejo ha expresado su preocupaci\u00f3n, cuestionando los motivos detr\u00e1s del inter\u00e9s del gobierno nacional en llevar a cabo la totalidad del proyecto, se\u00f1alando que esto podr\u00eda tener tintes pol\u00edticos. Ha dejado claro que el Pleno regional no tiene un inter\u00e9s pol\u00edtico en el tema y que el enfoque deber\u00eda centrarse en el desarrollo y beneficio para la regi\u00f3n.<\/p>\n\n\n\n<figure class=\"wp-block-image size-large\"><img loading=\"lazy\" decoding=\"async\" width=\"1024\" height=\"576\" src=\"https:\/\/pulso27.com\/wp-content\/uploads\/2024\/06\/Majessihua-1024x576.jpg\" alt=\"\" class=\"wp-image-1899\" srcset=\"https:\/\/pulso27.com\/wp-content\/uploads\/2024\/06\/Majessihua-1024x576.jpg 1024w, https:\/\/pulso27.com\/wp-content\/uploads\/2024\/06\/Majessihua-300x169.jpg 300w, https:\/\/pulso27.com\/wp-content\/uploads\/2024\/06\/Majessihua-768x432.jpg 768w, https:\/\/pulso27.com\/wp-content\/uploads\/2024\/06\/Majessihua-18x10.jpg 18w, https:\/\/pulso27.com\/wp-content\/uploads\/2024\/06\/Majessihua.jpg 1200w\" sizes=\"auto, (max-width: 1024px) 100vw, 1024px\" \/><figcaption class=\"wp-element-caption\"><em>Reuni\u00f3n en Caylloma con presencia del ministro de Desarrollo Agrario y Riego<\/em><\/figcaption><\/figure>\n\n\n\n<p>En una reuni\u00f3n reciente entre el titular del Midagri, \u00c1ngel Manero, y los dirigentes y autoridades de Caylloma, se discuti\u00f3 el traspaso del proyecto. Sin embargo, Cornejo ha observado que aunque se prometi\u00f3 un nuevo convenio que incluir\u00eda los pedidos locales, a\u00fan no se han alcanzado acuerdos concretos en beneficio de la provincia.<\/p>\n\n\n\n<p>Por su parte, el ministro Manero ha manifestado su preocupaci\u00f3n por lo que considera obst\u00e1culos pol\u00edticos por parte del consejo regional, demorando as\u00ed el avance del proyecto. Reconoci\u00f3 que el reinicio del proyecto demandar\u00e1 tiempo y esfuerzo, especialmente en la actualizaci\u00f3n de costos y arbitraje. Sin embargo, tambi\u00e9n ha reconocido la falta de atenci\u00f3n del Gobierno central en la regi\u00f3n para impulsar este importante proyecto de desarrollo.<\/p>\n\n\n\n<figure class=\"wp-block-image size-large\"><img loading=\"lazy\" decoding=\"async\" width=\"1024\" height=\"576\" src=\"https:\/\/pulso27.com\/wp-content\/uploads\/2024\/06\/Majes-1024x576.jpg\" alt=\"\" class=\"wp-image-1901\" srcset=\"https:\/\/pulso27.com\/wp-content\/uploads\/2024\/06\/Majes-1024x576.jpg 1024w, https:\/\/pulso27.com\/wp-content\/uploads\/2024\/06\/Majes-300x169.jpg 300w, https:\/\/pulso27.com\/wp-content\/uploads\/2024\/06\/Majes-768x432.jpg 768w, https:\/\/pulso27.com\/wp-content\/uploads\/2024\/06\/Majes-18x10.jpg 18w, https:\/\/pulso27.com\/wp-content\/uploads\/2024\/06\/Majes.jpg 1200w\" sizes=\"auto, (max-width: 1024px) 100vw, 1024px\" \/><figcaption class=\"wp-element-caption\"><em>El desarrollo agroindustrial de la zona podr\u00e1 seguir esperando<\/em><\/figcaption><\/figure>\n\n\n\n<p>En respuesta, la presidencia del CRA ha se\u00f1alado que no pueden aprobar un convenio incompleto y que una parte significativa de la poblaci\u00f3n cayllomina se opone a la transferencia. Cornejo ha lamentado la falta de avances concretos en la reuni\u00f3n con Manero y ha criticado el env\u00edo de un convenio incompleto que no aborda puntos importantes planteados por la comunidad.<\/p>\n\n\n\n<p>Se espera que en los pr\u00f3ximos 30 d\u00edas se presente una propuesta final de convenio que incluya los pedidos de la comunidad, entre ellos, el reasentamiento de poblaciones como Pusa Pusa, Tarucamarca y Tisco en terrenos de Majes I.<\/p>\n\n\n\n<p>Mientras tanto, la incertidumbre persiste en torno al futuro del proyecto Majes \u2013 Siguas, que sigue siendo un punto crucial para el desarrollo econ\u00f3mico y social de la regi\u00f3n de Arequipa.<\/p>\n\n\n\n<p>Fuente: Webs y redes de noticias<\/p>\n","protected":false},"excerpt":{"rendered":"<p>El proyecto Majes Siguas, que busca impulsar el desarrollo agroindustrial en la regi\u00f3n de Arequipa, se encuentra en medio de una encrucijada entre la incertidumbre y la ilusi\u00f3n de su avance. El presidente del Consejo Regional de Arequipa (CRA), Fernando Cornejo, ha elevado una solicitud al Ministerio de Desarrollo Agrario y Riego (Midagri), pidiendo que [&hellip;]<\/p>\n","protected":false},"author":11,"featured_media":1898,"comment_status":"open","ping_status":"open","sticky":false,"template":"","format":"standard","meta":{"footnotes":""},"categories":[183,177,174],"tags":[616,692,768,617],"class_list":["post-1897","post","type-post","status-publish","format-standard","has-post-thumbnail","hentry","category-actualidad","category-economia","category-nacional","tag-arequipa","tag-majes-siguas-ii","tag-midagri","tag-proyecto"],"yoast_head":"<!-- This site is optimized with the Yoast SEO plugin v27.4 - https:\/\/yoast.com\/product\/yoast-seo-wordpress\/ -->\n<title>Majes Siguas: Un Proyecto Entre Incertidumbre y Esperanza - Pulso27<\/title>\n<meta name=\"robots\" content=\"index, follow, max-snippet:-1, max-image-preview:large, max-video-preview:-1\" \/>\n<link rel=\"canonical\" href=\"https:\/\/pulso27.com\/es\/nacional\/majes-siguas-un-proyecto-entre-incertidumbre-y-esperanza\/\" \/>\n<meta property=\"og:locale\" content=\"es_ES\" \/>\n<meta property=\"og:type\" content=\"article\" \/>\n<meta property=\"og:title\" content=\"Majes Siguas: Un Proyecto Entre Incertidumbre y Esperanza - Pulso27\" \/>\n<meta property=\"og:description\" content=\"El proyecto Majes Siguas, que busca impulsar el desarrollo agroindustrial en la regi\u00f3n de Arequipa, se encuentra en medio de una encrucijada entre la incertidumbre y la ilusi\u00f3n de su avance. El presidente del Consejo Regional de Arequipa (CRA), Fernando Cornejo, ha elevado una solicitud al Ministerio de Desarrollo Agrario y Riego (Midagri), pidiendo que [&hellip;]\" \/>\n<meta property=\"og:url\" content=\"https:\/\/pulso27.com\/es\/nacional\/majes-siguas-un-proyecto-entre-incertidumbre-y-esperanza\/\" \/>\n<meta property=\"og:site_name\" content=\"Pulso27\" \/>\n<meta property=\"article:publisher\" content=\"https:\/\/www.facebook.com\/pulso27\/\" \/>\n<meta property=\"article:author\" content=\"https:\/\/www.facebook.com\/pulso27\" \/>\n<meta property=\"article:published_time\" content=\"2024-06-13T22:13:16+00:00\" \/>\n<meta property=\"article:modified_time\" content=\"2024-06-13T22:13:17+00:00\" \/>\n<meta property=\"og:image\" content=\"https:\/\/pulso27.com\/wp-content\/uploads\/2024\/06\/Majesult.jpg\" \/>\n\t<meta property=\"og:image:width\" content=\"1200\" \/>\n\t<meta property=\"og:image:height\" content=\"675\" \/>\n\t<meta property=\"og:image:type\" content=\"image\/jpeg\" \/>\n<meta name=\"author\" content=\"Editor\" \/>\n<meta name=\"twitter:card\" content=\"summary_large_image\" \/>\n<meta name=\"twitter:creator\" content=\"@https:\/\/x.com\/Pulso_27\" \/>\n<meta name=\"twitter:site\" content=\"@Pulso_27\" \/>\n<meta name=\"twitter:label1\" content=\"Written by\" \/>\n\t<meta name=\"twitter:data1\" content=\"Editor\" \/>\n\t<meta name=\"twitter:label2\" content=\"Est. reading time\" \/>\n\t<meta name=\"twitter:data2\" content=\"2 minutos\" \/>\n<script type=\"application\/ld+json\" class=\"yoast-schema-graph\">{\"@context\":\"https:\\\/\\\/schema.org\",\"@graph\":[{\"@type\":\"Article\",\"@id\":\"https:\\\/\\\/pulso27.com\\\/nacional\\\/majes-siguas-un-proyecto-entre-incertidumbre-y-esperanza\\\/#article\",\"isPartOf\":{\"@id\":\"https:\\\/\\\/pulso27.com\\\/nacional\\\/majes-siguas-un-proyecto-entre-incertidumbre-y-esperanza\\\/\"},\"author\":{\"name\":\"Editor\",\"@id\":\"https:\\\/\\\/pulso27.com\\\/en\\\/#\\\/schema\\\/person\\\/e0da4cfacbab724cbf4ab44bcc030735\"},\"headline\":\"Majes Siguas: Un Proyecto Entre Incertidumbre y Esperanza\",\"datePublished\":\"2024-06-13T22:13:16+00:00\",\"dateModified\":\"2024-06-13T22:13:17+00:00\",\"mainEntityOfPage\":{\"@id\":\"https:\\\/\\\/pulso27.com\\\/nacional\\\/majes-siguas-un-proyecto-entre-incertidumbre-y-esperanza\\\/\"},\"wordCount\":458,\"commentCount\":0,\"publisher\":{\"@id\":\"https:\\\/\\\/pulso27.com\\\/en\\\/#organization\"},\"image\":{\"@id\":\"https:\\\/\\\/pulso27.com\\\/nacional\\\/majes-siguas-un-proyecto-entre-incertidumbre-y-esperanza\\\/#primaryimage\"},\"thumbnailUrl\":\"https:\\\/\\\/pulso27.com\\\/wp-content\\\/uploads\\\/2024\\\/06\\\/Majesult.jpg\",\"keywords\":[\"Arequipa\",\"Majes Siguas II\",\"MIDAGRI\",\"Proyecto\"],\"articleSection\":[\"Actualidad\",\"Econom\u00eda\",\"Nacional\"],\"inLanguage\":\"es-PE\",\"potentialAction\":[{\"@type\":\"CommentAction\",\"name\":\"Comment\",\"target\":[\"https:\\\/\\\/pulso27.com\\\/nacional\\\/majes-siguas-un-proyecto-entre-incertidumbre-y-esperanza\\\/#respond\"]}]},{\"@type\":\"WebPage\",\"@id\":\"https:\\\/\\\/pulso27.com\\\/nacional\\\/majes-siguas-un-proyecto-entre-incertidumbre-y-esperanza\\\/\",\"url\":\"https:\\\/\\\/pulso27.com\\\/nacional\\\/majes-siguas-un-proyecto-entre-incertidumbre-y-esperanza\\\/\",\"name\":\"Majes Siguas: Un Proyecto Entre Incertidumbre y Esperanza - Pulso27\",\"isPartOf\":{\"@id\":\"https:\\\/\\\/pulso27.com\\\/en\\\/#website\"},\"primaryImageOfPage\":{\"@id\":\"https:\\\/\\\/pulso27.com\\\/nacional\\\/majes-siguas-un-proyecto-entre-incertidumbre-y-esperanza\\\/#primaryimage\"},\"image\":{\"@id\":\"https:\\\/\\\/pulso27.com\\\/nacional\\\/majes-siguas-un-proyecto-entre-incertidumbre-y-esperanza\\\/#primaryimage\"},\"thumbnailUrl\":\"https:\\\/\\\/pulso27.com\\\/wp-content\\\/uploads\\\/2024\\\/06\\\/Majesult.jpg\",\"datePublished\":\"2024-06-13T22:13:16+00:00\",\"dateModified\":\"2024-06-13T22:13:17+00:00\",\"breadcrumb\":{\"@id\":\"https:\\\/\\\/pulso27.com\\\/nacional\\\/majes-siguas-un-proyecto-entre-incertidumbre-y-esperanza\\\/#breadcrumb\"},\"inLanguage\":\"es-PE\",\"potentialAction\":[{\"@type\":\"ReadAction\",\"target\":[\"https:\\\/\\\/pulso27.com\\\/nacional\\\/majes-siguas-un-proyecto-entre-incertidumbre-y-esperanza\\\/\"]}]},{\"@type\":\"ImageObject\",\"inLanguage\":\"es-PE\",\"@id\":\"https:\\\/\\\/pulso27.com\\\/nacional\\\/majes-siguas-un-proyecto-entre-incertidumbre-y-esperanza\\\/#primaryimage\",\"url\":\"https:\\\/\\\/pulso27.com\\\/wp-content\\\/uploads\\\/2024\\\/06\\\/Majesult.jpg\",\"contentUrl\":\"https:\\\/\\\/pulso27.com\\\/wp-content\\\/uploads\\\/2024\\\/06\\\/Majesult.jpg\",\"width\":1200,\"height\":675},{\"@type\":\"BreadcrumbList\",\"@id\":\"https:\\\/\\\/pulso27.com\\\/nacional\\\/majes-siguas-un-proyecto-entre-incertidumbre-y-esperanza\\\/#breadcrumb\",\"itemListElement\":[{\"@type\":\"ListItem\",\"position\":1,\"name\":\"Portada\",\"item\":\"https:\\\/\\\/pulso27.com\\\/\"},{\"@type\":\"ListItem\",\"position\":2,\"name\":\"Majes Siguas: Un Proyecto Entre Incertidumbre y Esperanza\"}]},{\"@type\":\"WebSite\",\"@id\":\"https:\\\/\\\/pulso27.com\\\/en\\\/#website\",\"url\":\"https:\\\/\\\/pulso27.com\\\/en\\\/\",\"name\":\"Pulso27\",\"description\":\"Web de noticias y publicidad\",\"publisher\":{\"@id\":\"https:\\\/\\\/pulso27.com\\\/en\\\/#organization\"},\"alternateName\":\"El pulso del pueblo\",\"potentialAction\":[{\"@type\":\"SearchAction\",\"target\":{\"@type\":\"EntryPoint\",\"urlTemplate\":\"https:\\\/\\\/pulso27.com\\\/en\\\/?s={search_term_string}\"},\"query-input\":{\"@type\":\"PropertyValueSpecification\",\"valueRequired\":true,\"valueName\":\"search_term_string\"}}],\"inLanguage\":\"es-PE\"},{\"@type\":\"Organization\",\"@id\":\"https:\\\/\\\/pulso27.com\\\/en\\\/#organization\",\"name\":\"Pulso27\",\"url\":\"https:\\\/\\\/pulso27.com\\\/en\\\/\",\"logo\":{\"@type\":\"ImageObject\",\"inLanguage\":\"es-PE\",\"@id\":\"https:\\\/\\\/pulso27.com\\\/en\\\/#\\\/schema\\\/logo\\\/image\\\/\",\"url\":\"https:\\\/\\\/pulso27.com\\\/wp-content\\\/uploads\\\/2026\\\/02\\\/Logotipo-de-la-organizacion-696-x-696-px-ok.png\",\"contentUrl\":\"https:\\\/\\\/pulso27.com\\\/wp-content\\\/uploads\\\/2026\\\/02\\\/Logotipo-de-la-organizacion-696-x-696-px-ok.png\",\"width\":696,\"height\":696,\"caption\":\"Pulso27\"},\"image\":{\"@id\":\"https:\\\/\\\/pulso27.com\\\/en\\\/#\\\/schema\\\/logo\\\/image\\\/\"},\"sameAs\":[\"https:\\\/\\\/www.facebook.com\\\/pulso27\\\/\",\"https:\\\/\\\/x.com\\\/Pulso_27\",\"https:\\\/\\\/www.youtube.com\\\/@Pulso27\",\"https:\\\/\\\/www.tiktok.com\\\/@pulso_27\"]},{\"@type\":\"Person\",\"@id\":\"https:\\\/\\\/pulso27.com\\\/en\\\/#\\\/schema\\\/person\\\/e0da4cfacbab724cbf4ab44bcc030735\",\"name\":\"Editor\",\"image\":{\"@type\":\"ImageObject\",\"inLanguage\":\"es-PE\",\"@id\":\"https:\\\/\\\/pulso27.com\\\/wp-content\\\/uploads\\\/2025\\\/03\\\/c-150x150.png\",\"url\":\"https:\\\/\\\/pulso27.com\\\/wp-content\\\/uploads\\\/2025\\\/03\\\/c-150x150.png\",\"contentUrl\":\"https:\\\/\\\/pulso27.com\\\/wp-content\\\/uploads\\\/2025\\\/03\\\/c-150x150.png\",\"caption\":\"Editor\"},\"sameAs\":[\"http:\\\/\\\/www.pulso27.com\",\"https:\\\/\\\/www.facebook.com\\\/pulso27\",\"https:\\\/\\\/x.com\\\/https:\\\/\\\/x.com\\\/Pulso_27\",\"https:\\\/\\\/www.youtube.com\\\/@Pulso27\"],\"url\":\"https:\\\/\\\/pulso27.com\\\/es\\\/author\\\/editor\\\/\"}]}<\/script>\n<!-- \/ Yoast SEO plugin. -->","yoast_head_json":{"title":"Majes Siguas: Un Proyecto Entre Incertidumbre y Esperanza - Pulso27","robots":{"index":"index","follow":"follow","max-snippet":"max-snippet:-1","max-image-preview":"max-image-preview:large","max-video-preview":"max-video-preview:-1"},"canonical":"https:\/\/pulso27.com\/es\/nacional\/majes-siguas-un-proyecto-entre-incertidumbre-y-esperanza\/","og_locale":"es_ES","og_type":"article","og_title":"Majes Siguas: Un Proyecto Entre Incertidumbre y Esperanza - Pulso27","og_description":"El proyecto Majes Siguas, que busca impulsar el desarrollo agroindustrial en la regi\u00f3n de Arequipa, se encuentra en medio de una encrucijada entre la incertidumbre y la ilusi\u00f3n de su avance. El presidente del Consejo Regional de Arequipa (CRA), Fernando Cornejo, ha elevado una solicitud al Ministerio de Desarrollo Agrario y Riego (Midagri), pidiendo que [&hellip;]","og_url":"https:\/\/pulso27.com\/es\/nacional\/majes-siguas-un-proyecto-entre-incertidumbre-y-esperanza\/","og_site_name":"Pulso27","article_publisher":"https:\/\/www.facebook.com\/pulso27\/","article_author":"https:\/\/www.facebook.com\/pulso27","article_published_time":"2024-06-13T22:13:16+00:00","article_modified_time":"2024-06-13T22:13:17+00:00","og_image":[{"width":1200,"height":675,"url":"https:\/\/pulso27.com\/wp-content\/uploads\/2024\/06\/Majesult.jpg","type":"image\/jpeg"}],"author":"Editor","twitter_card":"summary_large_image","twitter_creator":"@https:\/\/x.com\/Pulso_27","twitter_site":"@Pulso_27","twitter_misc":{"Written by":"Editor","Est. reading time":"2 minutos"},"schema":{"@context":"https:\/\/schema.org","@graph":[{"@type":"Article","@id":"https:\/\/pulso27.com\/nacional\/majes-siguas-un-proyecto-entre-incertidumbre-y-esperanza\/#article","isPartOf":{"@id":"https:\/\/pulso27.com\/nacional\/majes-siguas-un-proyecto-entre-incertidumbre-y-esperanza\/"},"author":{"name":"Editor","@id":"https:\/\/pulso27.com\/en\/#\/schema\/person\/e0da4cfacbab724cbf4ab44bcc030735"},"headline":"Majes Siguas: Un Proyecto Entre Incertidumbre y Esperanza","datePublished":"2024-06-13T22:13:16+00:00","dateModified":"2024-06-13T22:13:17+00:00","mainEntityOfPage":{"@id":"https:\/\/pulso27.com\/nacional\/majes-siguas-un-proyecto-entre-incertidumbre-y-esperanza\/"},"wordCount":458,"commentCount":0,"publisher":{"@id":"https:\/\/pulso27.com\/en\/#organization"},"image":{"@id":"https:\/\/pulso27.com\/nacional\/majes-siguas-un-proyecto-entre-incertidumbre-y-esperanza\/#primaryimage"},"thumbnailUrl":"https:\/\/pulso27.com\/wp-content\/uploads\/2024\/06\/Majesult.jpg","keywords":["Arequipa","Majes Siguas II","MIDAGRI","Proyecto"],"articleSection":["Actualidad","Econom\u00eda","Nacional"],"inLanguage":"es-PE","potentialAction":[{"@type":"CommentAction","name":"Comment","target":["https:\/\/pulso27.com\/nacional\/majes-siguas-un-proyecto-entre-incertidumbre-y-esperanza\/#respond"]}]},{"@type":"WebPage","@id":"https:\/\/pulso27.com\/nacional\/majes-siguas-un-proyecto-entre-incertidumbre-y-esperanza\/","url":"https:\/\/pulso27.com\/nacional\/majes-siguas-un-proyecto-entre-incertidumbre-y-esperanza\/","name":"Majes Siguas: Un Proyecto Entre Incertidumbre y Esperanza - Pulso27","isPartOf":{"@id":"https:\/\/pulso27.com\/en\/#website"},"primaryImageOfPage":{"@id":"https:\/\/pulso27.com\/nacional\/majes-siguas-un-proyecto-entre-incertidumbre-y-esperanza\/#primaryimage"},"image":{"@id":"https:\/\/pulso27.com\/nacional\/majes-siguas-un-proyecto-entre-incertidumbre-y-esperanza\/#primaryimage"},"thumbnailUrl":"https:\/\/pulso27.com\/wp-content\/uploads\/2024\/06\/Majesult.jpg","datePublished":"2024-06-13T22:13:16+00:00","dateModified":"2024-06-13T22:13:17+00:00","breadcrumb":{"@id":"https:\/\/pulso27.com\/nacional\/majes-siguas-un-proyecto-entre-incertidumbre-y-esperanza\/#breadcrumb"},"inLanguage":"es-PE","potentialAction":[{"@type":"ReadAction","target":["https:\/\/pulso27.com\/nacional\/majes-siguas-un-proyecto-entre-incertidumbre-y-esperanza\/"]}]},{"@type":"ImageObject","inLanguage":"es-PE","@id":"https:\/\/pulso27.com\/nacional\/majes-siguas-un-proyecto-entre-incertidumbre-y-esperanza\/#primaryimage","url":"https:\/\/pulso27.com\/wp-content\/uploads\/2024\/06\/Majesult.jpg","contentUrl":"https:\/\/pulso27.com\/wp-content\/uploads\/2024\/06\/Majesult.jpg","width":1200,"height":675},{"@type":"BreadcrumbList","@id":"https:\/\/pulso27.com\/nacional\/majes-siguas-un-proyecto-entre-incertidumbre-y-esperanza\/#breadcrumb","itemListElement":[{"@type":"ListItem","position":1,"name":"Portada","item":"https:\/\/pulso27.com\/"},{"@type":"ListItem","position":2,"name":"Majes Siguas: Un Proyecto Entre Incertidumbre y Esperanza"}]},{"@type":"WebSite","@id":"https:\/\/pulso27.com\/en\/#website","url":"https:\/\/pulso27.com\/en\/","name":"Pulso27","description":"Web de noticias y publicidad","publisher":{"@id":"https:\/\/pulso27.com\/en\/#organization"},"alternateName":"El pulso del pueblo","potentialAction":[{"@type":"SearchAction","target":{"@type":"EntryPoint","urlTemplate":"https:\/\/pulso27.com\/en\/?s={search_term_string}"},"query-input":{"@type":"PropertyValueSpecification","valueRequired":true,"valueName":"search_term_string"}}],"inLanguage":"es-PE"},{"@type":"Organization","@id":"https:\/\/pulso27.com\/en\/#organization","name":"Pulso27","url":"https:\/\/pulso27.com\/en\/","logo":{"@type":"ImageObject","inLanguage":"es-PE","@id":"https:\/\/pulso27.com\/en\/#\/schema\/logo\/image\/","url":"https:\/\/pulso27.com\/wp-content\/uploads\/2026\/02\/Logotipo-de-la-organizacion-696-x-696-px-ok.png","contentUrl":"https:\/\/pulso27.com\/wp-content\/uploads\/2026\/02\/Logotipo-de-la-organizacion-696-x-696-px-ok.png","width":696,"height":696,"caption":"Pulso27"},"image":{"@id":"https:\/\/pulso27.com\/en\/#\/schema\/logo\/image\/"},"sameAs":["https:\/\/www.facebook.com\/pulso27\/","https:\/\/x.com\/Pulso_27","https:\/\/www.youtube.com\/@Pulso27","https:\/\/www.tiktok.com\/@pulso_27"]},{"@type":"Person","@id":"https:\/\/pulso27.com\/en\/#\/schema\/person\/e0da4cfacbab724cbf4ab44bcc030735","name":"Editor","image":{"@type":"ImageObject","inLanguage":"es-PE","@id":"https:\/\/pulso27.com\/wp-content\/uploads\/2025\/03\/c-150x150.png","url":"https:\/\/pulso27.com\/wp-content\/uploads\/2025\/03\/c-150x150.png","contentUrl":"https:\/\/pulso27.com\/wp-content\/uploads\/2025\/03\/c-150x150.png","caption":"Editor"},"sameAs":["http:\/\/www.pulso27.com","https:\/\/www.facebook.com\/pulso27","https:\/\/x.com\/https:\/\/x.com\/Pulso_27","https:\/\/www.youtube.com\/@Pulso27"],"url":"https:\/\/pulso27.com\/es\/author\/editor\/"}]}},"amp_enabled":true,"_links":{"self":[{"href":"https:\/\/pulso27.com\/es\/wp-json\/wp\/v2\/posts\/1897","targetHints":{"allow":["GET"]}}],"collection":[{"href":"https:\/\/pulso27.com\/es\/wp-json\/wp\/v2\/posts"}],"about":[{"href":"https:\/\/pulso27.com\/es\/wp-json\/wp\/v2\/types\/post"}],"author":[{"embeddable":true,"href":"https:\/\/pulso27.com\/es\/wp-json\/wp\/v2\/users\/11"}],"replies":[{"embeddable":true,"href":"https:\/\/pulso27.com\/es\/wp-json\/wp\/v2\/comments?post=1897"}],"version-history":[{"count":1,"href":"https:\/\/pulso27.com\/es\/wp-json\/wp\/v2\/posts\/1897\/revisions"}],"predecessor-version":[{"id":1902,"href":"https:\/\/pulso27.com\/es\/wp-json\/wp\/v2\/posts\/1897\/revisions\/1902"}],"wp:featuredmedia":[{"embeddable":true,"href":"https:\/\/pulso27.com\/es\/wp-json\/wp\/v2\/media\/1898"}],"wp:attachment":[{"href":"https:\/\/pulso27.com\/es\/wp-json\/wp\/v2\/media?parent=1897"}],"wp:term":[{"taxonomy":"category","embeddable":true,"href":"https:\/\/pulso27.com\/es\/wp-json\/wp\/v2\/categories?post=1897"},{"taxonomy":"post_tag","embeddable":true,"href":"https:\/\/pulso27.com\/es\/wp-json\/wp\/v2\/tags?post=1897"}],"curies":[{"name":"wp","href":"https:\/\/api.w.org\/{rel}","templated":true}]}}