{"id":1905,"date":"2024-06-20T01:10:09","date_gmt":"2024-06-19T20:10:09","guid":{"rendered":"https:\/\/pulso27.com\/?p=1905"},"modified":"2024-06-20T02:02:16","modified_gmt":"2024-06-19T21:02:16","slug":"poblacion-de-cotabambas-acata-paro-de-48-horas-contra-minera-las-bambas","status":"publish","type":"post","link":"https:\/\/pulso27.com\/es\/nacional\/poblacion-de-cotabambas-acata-paro-de-48-horas-contra-minera-las-bambas\/","title":{"rendered":"Poblaci\u00f3n de Cotabambas acata paro de 48 horas contra minera Las Bambas"},"content":{"rendered":"\n<p>Las Bambas, Apur\u00edmac, 19 de junio de 2024 . &#8211; Las comunidades de la provincia de Cotabambas y Grau acatan un paro preventivo de 48 horas contra la empresa minera MMG Las Bambas, exigiendo la firma de un convenio econ\u00f3mico que beneficia a la poblaci\u00f3n local. En horas de la tarde del segundo d\u00eda, los dirigentes dieron a conocer la culminaci\u00f3n de la medida de fuerza, anunciando que dar\u00e1n una tregua de tres d\u00edas y s\u00ed la empresa minera Las Bambas y el Ejecutivo no atienden sus demandas continuar\u00e1n con el paro indefinido a partir del s\u00e1bado 22 de junio de 2024.<\/p>\n\n\n\n<p>El paro, que comenz\u00f3 ayer, ha tenido una mayor acogida este mi\u00e9rcoles. Las comunidades de Tambobamba y Coyllurqui han paralizado completamente sus actividades, mientras que en Cotabambas se ha bloqueado la carretera que conecta con Tambobamba durante varias horas. En Mara, la participaci\u00f3n ha sido menor, pero se ha bloqueado el corredor minero en Pisaccasa de forma temporal.<\/p>\n\n\n\n<figure class=\"wp-block-image size-large\"><img loading=\"lazy\" decoding=\"async\" width=\"1024\" height=\"768\" src=\"https:\/\/pulso27.com\/wp-content\/uploads\/2024\/06\/ParoCotab-1024x768.jpg\" alt=\"\" class=\"wp-image-1907\" srcset=\"https:\/\/pulso27.com\/wp-content\/uploads\/2024\/06\/ParoCotab-1024x768.jpg 1024w, https:\/\/pulso27.com\/wp-content\/uploads\/2024\/06\/ParoCotab-300x225.jpg 300w, https:\/\/pulso27.com\/wp-content\/uploads\/2024\/06\/ParoCotab-768x576.jpg 768w, https:\/\/pulso27.com\/wp-content\/uploads\/2024\/06\/ParoCotab-16x12.jpg 16w, https:\/\/pulso27.com\/wp-content\/uploads\/2024\/06\/ParoCotab.jpg 1152w\" sizes=\"auto, (max-width: 1024px) 100vw, 1024px\" \/><figcaption class=\"wp-element-caption\">Pobladores de los 5 distritos <em>de Cotabambas y uno de Grau, se movilizan por las calles<\/em><\/figcaption><\/figure>\n\n\n\n<p>Los manifestantes exigen a la empresa un aporte social anual de S\/ 100 millones, cifra que la minera considera injustificada. Las Bambas ha presentado propuestas alternativas, como un programa de asistencia t\u00e9cnica para las municipalidades, aportes econ\u00f3micos voluntarios, fondos para la inversi\u00f3n p\u00fablica y un fondo para proyectos educativos bajo el mecanismo de obras por impuestos.<\/p>\n\n\n\n<p>Las autoridades locales de Cotabambas han rechazado las propuestas de la minera y exigen la creaci\u00f3n del fondo anual de S\/100 millones. De no llegarse a un acuerdo, no se descarta que el paro se torne indefinido.<\/p>\n\n\n\n<p>Diversas autoridades han hecho un llamado al di\u00e1logo entre las partes para encontrar una soluci\u00f3n pac\u00edfica al conflicto. La Defensor\u00eda del Pueblo ha lamentado los hechos de violencia ocurridos durante las protestas y ha pedido a la empresa y al gobierno que atiendan las demandas de la poblaci\u00f3n.<\/p>\n\n\n\n<figure class=\"wp-block-image size-large\"><img loading=\"lazy\" decoding=\"async\" width=\"1024\" height=\"576\" src=\"https:\/\/pulso27.com\/wp-content\/uploads\/2024\/06\/ParoCot-1024x576.jpg\" alt=\"\" class=\"wp-image-1908\" srcset=\"https:\/\/pulso27.com\/wp-content\/uploads\/2024\/06\/ParoCot-1024x576.jpg 1024w, https:\/\/pulso27.com\/wp-content\/uploads\/2024\/06\/ParoCot-300x169.jpg 300w, https:\/\/pulso27.com\/wp-content\/uploads\/2024\/06\/ParoCot-768x432.jpg 768w, https:\/\/pulso27.com\/wp-content\/uploads\/2024\/06\/ParoCot-1536x864.jpg 1536w, https:\/\/pulso27.com\/wp-content\/uploads\/2024\/06\/ParoCot-18x10.jpg 18w, https:\/\/pulso27.com\/wp-content\/uploads\/2024\/06\/ParoCot.jpg 1599w\" sizes=\"auto, (max-width: 1024px) 100vw, 1024px\" \/><figcaption class=\"wp-element-caption\"><em>Piquetes bloquean de v\u00edas de transporte a los distritos de Cotabambas<\/em><\/figcaption><\/figure>\n\n\n\n<p>El paro est\u00e1 teniendo un impacto negativo en la econom\u00eda local, ya que ha paralizado el transporte y las actividades comerciales en la zona.<\/p>\n\n\n\n<p>En estos momentos, las v\u00edas de acceso a la minera Las Bambas contin\u00faan bloqueadas. Se espera que en las pr\u00f3ximas horas se reanuden las conversaciones entre las partes para buscar una soluci\u00f3n al conflicto.<\/p>\n\n\n\n<p>El paro ha sido convocado por el Frente de Defensa de los Intereses de la Provincia de Cotabambas (Fredipco).<\/p>\n\n\n\n<p>La minera Las Bambas es una de las m\u00e1s importantes del pa\u00eds y produce cobre, molibdeno y oro.<\/p>\n\n\n\n<p>El conflicto entre la minera y las comunidades se viene fortaleciendo desde el a\u00f1o 2019.<br>Se espera que en las pr\u00f3ximas horas se brinden m\u00e1s detalles sobre la situaci\u00f3n y el desarrollo de las conversaciones entre las partes.<\/p>\n\n\n\n<p>Fuente: Webs y redes de noticias<\/p>\n","protected":false},"excerpt":{"rendered":"<p>Las Bambas, Apur\u00edmac, 19 de junio de 2024 . &#8211; Las comunidades de la provincia de Cotabambas y Grau acatan un paro preventivo de 48 horas contra la empresa minera MMG Las Bambas, exigiendo la firma de un convenio econ\u00f3mico que beneficia a la poblaci\u00f3n local. En horas de la tarde del segundo d\u00eda, los [&hellip;]<\/p>\n","protected":false},"author":10,"featured_media":1906,"comment_status":"open","ping_status":"open","sticky":false,"template":"","format":"standard","meta":{"footnotes":""},"categories":[183,174,202],"tags":[771,770,769,598,205],"class_list":["post-1905","post","type-post","status-publish","format-standard","has-post-thumbnail","hentry","category-actualidad","category-nacional","category-sociedad","tag-cobre","tag-cotabambas","tag-las-bambas","tag-minera","tag-paro"],"yoast_head":"<!-- This site is optimized with the Yoast SEO plugin v27.4 - https:\/\/yoast.com\/product\/yoast-seo-wordpress\/ -->\n<title>Poblaci\u00f3n de Cotabambas acata paro de 48 horas contra minera Las Bambas - Pulso27<\/title>\n<meta name=\"robots\" content=\"index, follow, max-snippet:-1, max-image-preview:large, max-video-preview:-1\" \/>\n<link rel=\"canonical\" href=\"https:\/\/pulso27.com\/es\/nacional\/poblacion-de-cotabambas-acata-paro-de-48-horas-contra-minera-las-bambas\/\" \/>\n<meta property=\"og:locale\" content=\"es_ES\" \/>\n<meta property=\"og:type\" content=\"article\" \/>\n<meta property=\"og:title\" content=\"Poblaci\u00f3n de Cotabambas acata paro de 48 horas contra minera Las Bambas - Pulso27\" \/>\n<meta property=\"og:description\" content=\"Las Bambas, Apur\u00edmac, 19 de junio de 2024 . &#8211; Las comunidades de la provincia de Cotabambas y Grau acatan un paro preventivo de 48 horas contra la empresa minera MMG Las Bambas, exigiendo la firma de un convenio econ\u00f3mico que beneficia a la poblaci\u00f3n local. En horas de la tarde del segundo d\u00eda, los [&hellip;]\" \/>\n<meta property=\"og:url\" content=\"https:\/\/pulso27.com\/es\/nacional\/poblacion-de-cotabambas-acata-paro-de-48-horas-contra-minera-las-bambas\/\" \/>\n<meta property=\"og:site_name\" content=\"Pulso27\" \/>\n<meta property=\"article:publisher\" content=\"https:\/\/www.facebook.com\/pulso27\/\" \/>\n<meta property=\"article:published_time\" content=\"2024-06-19T20:10:09+00:00\" \/>\n<meta property=\"article:modified_time\" content=\"2024-06-19T21:02:16+00:00\" \/>\n<meta property=\"og:image\" content=\"https:\/\/pulso27.com\/wp-content\/uploads\/2024\/06\/ParoCta.jpg\" \/>\n\t<meta property=\"og:image:width\" content=\"1281\" \/>\n\t<meta property=\"og:image:height\" content=\"720\" \/>\n\t<meta property=\"og:image:type\" content=\"image\/jpeg\" \/>\n<meta name=\"author\" content=\"El Muki\" \/>\n<meta name=\"twitter:card\" content=\"summary_large_image\" \/>\n<meta name=\"twitter:creator\" content=\"@Pulso_27\" \/>\n<meta name=\"twitter:site\" content=\"@Pulso_27\" \/>\n<meta name=\"twitter:label1\" content=\"Written by\" \/>\n\t<meta name=\"twitter:data1\" content=\"El Muki\" \/>\n\t<meta name=\"twitter:label2\" content=\"Est. reading time\" \/>\n\t<meta name=\"twitter:data2\" content=\"2 minutos\" \/>\n<script type=\"application\/ld+json\" class=\"yoast-schema-graph\">{\"@context\":\"https:\\\/\\\/schema.org\",\"@graph\":[{\"@type\":\"Article\",\"@id\":\"https:\\\/\\\/pulso27.com\\\/nacional\\\/poblacion-de-cotabambas-acata-paro-de-48-horas-contra-minera-las-bambas\\\/#article\",\"isPartOf\":{\"@id\":\"https:\\\/\\\/pulso27.com\\\/nacional\\\/poblacion-de-cotabambas-acata-paro-de-48-horas-contra-minera-las-bambas\\\/\"},\"author\":{\"name\":\"El Muki\",\"@id\":\"https:\\\/\\\/pulso27.com\\\/en\\\/#\\\/schema\\\/person\\\/a0930a7f318e7d9d83bd7cffed9f34f6\"},\"headline\":\"Poblaci\u00f3n de Cotabambas acata paro de 48 horas contra minera Las Bambas\",\"datePublished\":\"2024-06-19T20:10:09+00:00\",\"dateModified\":\"2024-06-19T21:02:16+00:00\",\"mainEntityOfPage\":{\"@id\":\"https:\\\/\\\/pulso27.com\\\/nacional\\\/poblacion-de-cotabambas-acata-paro-de-48-horas-contra-minera-las-bambas\\\/\"},\"wordCount\":503,\"commentCount\":0,\"publisher\":{\"@id\":\"https:\\\/\\\/pulso27.com\\\/en\\\/#organization\"},\"image\":{\"@id\":\"https:\\\/\\\/pulso27.com\\\/nacional\\\/poblacion-de-cotabambas-acata-paro-de-48-horas-contra-minera-las-bambas\\\/#primaryimage\"},\"thumbnailUrl\":\"https:\\\/\\\/pulso27.com\\\/wp-content\\\/uploads\\\/2024\\\/06\\\/ParoCta.jpg\",\"keywords\":[\"Cobre\",\"Cotabambas\",\"Las Bambas\",\"Minera\",\"Paro\"],\"articleSection\":[\"Actualidad\",\"Nacional\",\"Sociedad\"],\"inLanguage\":\"es-PE\",\"potentialAction\":[{\"@type\":\"CommentAction\",\"name\":\"Comment\",\"target\":[\"https:\\\/\\\/pulso27.com\\\/nacional\\\/poblacion-de-cotabambas-acata-paro-de-48-horas-contra-minera-las-bambas\\\/#respond\"]}]},{\"@type\":\"WebPage\",\"@id\":\"https:\\\/\\\/pulso27.com\\\/nacional\\\/poblacion-de-cotabambas-acata-paro-de-48-horas-contra-minera-las-bambas\\\/\",\"url\":\"https:\\\/\\\/pulso27.com\\\/nacional\\\/poblacion-de-cotabambas-acata-paro-de-48-horas-contra-minera-las-bambas\\\/\",\"name\":\"Poblaci\u00f3n de Cotabambas acata paro de 48 horas contra minera Las Bambas - Pulso27\",\"isPartOf\":{\"@id\":\"https:\\\/\\\/pulso27.com\\\/en\\\/#website\"},\"primaryImageOfPage\":{\"@id\":\"https:\\\/\\\/pulso27.com\\\/nacional\\\/poblacion-de-cotabambas-acata-paro-de-48-horas-contra-minera-las-bambas\\\/#primaryimage\"},\"image\":{\"@id\":\"https:\\\/\\\/pulso27.com\\\/nacional\\\/poblacion-de-cotabambas-acata-paro-de-48-horas-contra-minera-las-bambas\\\/#primaryimage\"},\"thumbnailUrl\":\"https:\\\/\\\/pulso27.com\\\/wp-content\\\/uploads\\\/2024\\\/06\\\/ParoCta.jpg\",\"datePublished\":\"2024-06-19T20:10:09+00:00\",\"dateModified\":\"2024-06-19T21:02:16+00:00\",\"breadcrumb\":{\"@id\":\"https:\\\/\\\/pulso27.com\\\/nacional\\\/poblacion-de-cotabambas-acata-paro-de-48-horas-contra-minera-las-bambas\\\/#breadcrumb\"},\"inLanguage\":\"es-PE\",\"potentialAction\":[{\"@type\":\"ReadAction\",\"target\":[\"https:\\\/\\\/pulso27.com\\\/nacional\\\/poblacion-de-cotabambas-acata-paro-de-48-horas-contra-minera-las-bambas\\\/\"]}]},{\"@type\":\"ImageObject\",\"inLanguage\":\"es-PE\",\"@id\":\"https:\\\/\\\/pulso27.com\\\/nacional\\\/poblacion-de-cotabambas-acata-paro-de-48-horas-contra-minera-las-bambas\\\/#primaryimage\",\"url\":\"https:\\\/\\\/pulso27.com\\\/wp-content\\\/uploads\\\/2024\\\/06\\\/ParoCta.jpg\",\"contentUrl\":\"https:\\\/\\\/pulso27.com\\\/wp-content\\\/uploads\\\/2024\\\/06\\\/ParoCta.jpg\",\"width\":1281,\"height\":720},{\"@type\":\"BreadcrumbList\",\"@id\":\"https:\\\/\\\/pulso27.com\\\/nacional\\\/poblacion-de-cotabambas-acata-paro-de-48-horas-contra-minera-las-bambas\\\/#breadcrumb\",\"itemListElement\":[{\"@type\":\"ListItem\",\"position\":1,\"name\":\"Portada\",\"item\":\"https:\\\/\\\/pulso27.com\\\/\"},{\"@type\":\"ListItem\",\"position\":2,\"name\":\"Poblaci\u00f3n de Cotabambas acata paro de 48 horas contra minera Las Bambas\"}]},{\"@type\":\"WebSite\",\"@id\":\"https:\\\/\\\/pulso27.com\\\/en\\\/#website\",\"url\":\"https:\\\/\\\/pulso27.com\\\/en\\\/\",\"name\":\"Pulso27\",\"description\":\"Web de noticias y publicidad\",\"publisher\":{\"@id\":\"https:\\\/\\\/pulso27.com\\\/en\\\/#organization\"},\"alternateName\":\"El pulso del pueblo\",\"potentialAction\":[{\"@type\":\"SearchAction\",\"target\":{\"@type\":\"EntryPoint\",\"urlTemplate\":\"https:\\\/\\\/pulso27.com\\\/en\\\/?s={search_term_string}\"},\"query-input\":{\"@type\":\"PropertyValueSpecification\",\"valueRequired\":true,\"valueName\":\"search_term_string\"}}],\"inLanguage\":\"es-PE\"},{\"@type\":\"Organization\",\"@id\":\"https:\\\/\\\/pulso27.com\\\/en\\\/#organization\",\"name\":\"Pulso27\",\"url\":\"https:\\\/\\\/pulso27.com\\\/en\\\/\",\"logo\":{\"@type\":\"ImageObject\",\"inLanguage\":\"es-PE\",\"@id\":\"https:\\\/\\\/pulso27.com\\\/en\\\/#\\\/schema\\\/logo\\\/image\\\/\",\"url\":\"https:\\\/\\\/pulso27.com\\\/wp-content\\\/uploads\\\/2026\\\/02\\\/Logotipo-de-la-organizacion-696-x-696-px-ok.png\",\"contentUrl\":\"https:\\\/\\\/pulso27.com\\\/wp-content\\\/uploads\\\/2026\\\/02\\\/Logotipo-de-la-organizacion-696-x-696-px-ok.png\",\"width\":696,\"height\":696,\"caption\":\"Pulso27\"},\"image\":{\"@id\":\"https:\\\/\\\/pulso27.com\\\/en\\\/#\\\/schema\\\/logo\\\/image\\\/\"},\"sameAs\":[\"https:\\\/\\\/www.facebook.com\\\/pulso27\\\/\",\"https:\\\/\\\/x.com\\\/Pulso_27\",\"https:\\\/\\\/www.youtube.com\\\/@Pulso27\",\"https:\\\/\\\/www.tiktok.com\\\/@pulso_27\"]},{\"@type\":\"Person\",\"@id\":\"https:\\\/\\\/pulso27.com\\\/en\\\/#\\\/schema\\\/person\\\/a0930a7f318e7d9d83bd7cffed9f34f6\",\"name\":\"El Muki\",\"image\":{\"@type\":\"ImageObject\",\"inLanguage\":\"es-PE\",\"@id\":\"https:\\\/\\\/secure.gravatar.com\\\/avatar\\\/dc91c2607c5eebda74cbb40d13031f489096c96ead89c4c30c17db262267b2b3?s=96&d=mm&r=g\",\"url\":\"https:\\\/\\\/secure.gravatar.com\\\/avatar\\\/dc91c2607c5eebda74cbb40d13031f489096c96ead89c4c30c17db262267b2b3?s=96&d=mm&r=g\",\"contentUrl\":\"https:\\\/\\\/secure.gravatar.com\\\/avatar\\\/dc91c2607c5eebda74cbb40d13031f489096c96ead89c4c30c17db262267b2b3?s=96&d=mm&r=g\",\"caption\":\"El Muki\"},\"sameAs\":[\"http:\\\/\\\/www.pulso27.com\"],\"url\":\"https:\\\/\\\/pulso27.com\\\/es\\\/author\\\/elcuervo\\\/\"}]}<\/script>\n<!-- \/ Yoast SEO plugin. -->","yoast_head_json":{"title":"Poblaci\u00f3n de Cotabambas acata paro de 48 horas contra minera Las Bambas - Pulso27","robots":{"index":"index","follow":"follow","max-snippet":"max-snippet:-1","max-image-preview":"max-image-preview:large","max-video-preview":"max-video-preview:-1"},"canonical":"https:\/\/pulso27.com\/es\/nacional\/poblacion-de-cotabambas-acata-paro-de-48-horas-contra-minera-las-bambas\/","og_locale":"es_ES","og_type":"article","og_title":"Poblaci\u00f3n de Cotabambas acata paro de 48 horas contra minera Las Bambas - Pulso27","og_description":"Las Bambas, Apur\u00edmac, 19 de junio de 2024 . &#8211; Las comunidades de la provincia de Cotabambas y Grau acatan un paro preventivo de 48 horas contra la empresa minera MMG Las Bambas, exigiendo la firma de un convenio econ\u00f3mico que beneficia a la poblaci\u00f3n local. En horas de la tarde del segundo d\u00eda, los [&hellip;]","og_url":"https:\/\/pulso27.com\/es\/nacional\/poblacion-de-cotabambas-acata-paro-de-48-horas-contra-minera-las-bambas\/","og_site_name":"Pulso27","article_publisher":"https:\/\/www.facebook.com\/pulso27\/","article_published_time":"2024-06-19T20:10:09+00:00","article_modified_time":"2024-06-19T21:02:16+00:00","og_image":[{"width":1281,"height":720,"url":"https:\/\/pulso27.com\/wp-content\/uploads\/2024\/06\/ParoCta.jpg","type":"image\/jpeg"}],"author":"El Muki","twitter_card":"summary_large_image","twitter_creator":"@Pulso_27","twitter_site":"@Pulso_27","twitter_misc":{"Written by":"El Muki","Est. reading time":"2 minutos"},"schema":{"@context":"https:\/\/schema.org","@graph":[{"@type":"Article","@id":"https:\/\/pulso27.com\/nacional\/poblacion-de-cotabambas-acata-paro-de-48-horas-contra-minera-las-bambas\/#article","isPartOf":{"@id":"https:\/\/pulso27.com\/nacional\/poblacion-de-cotabambas-acata-paro-de-48-horas-contra-minera-las-bambas\/"},"author":{"name":"El Muki","@id":"https:\/\/pulso27.com\/en\/#\/schema\/person\/a0930a7f318e7d9d83bd7cffed9f34f6"},"headline":"Poblaci\u00f3n de Cotabambas acata paro de 48 horas contra minera Las Bambas","datePublished":"2024-06-19T20:10:09+00:00","dateModified":"2024-06-19T21:02:16+00:00","mainEntityOfPage":{"@id":"https:\/\/pulso27.com\/nacional\/poblacion-de-cotabambas-acata-paro-de-48-horas-contra-minera-las-bambas\/"},"wordCount":503,"commentCount":0,"publisher":{"@id":"https:\/\/pulso27.com\/en\/#organization"},"image":{"@id":"https:\/\/pulso27.com\/nacional\/poblacion-de-cotabambas-acata-paro-de-48-horas-contra-minera-las-bambas\/#primaryimage"},"thumbnailUrl":"https:\/\/pulso27.com\/wp-content\/uploads\/2024\/06\/ParoCta.jpg","keywords":["Cobre","Cotabambas","Las Bambas","Minera","Paro"],"articleSection":["Actualidad","Nacional","Sociedad"],"inLanguage":"es-PE","potentialAction":[{"@type":"CommentAction","name":"Comment","target":["https:\/\/pulso27.com\/nacional\/poblacion-de-cotabambas-acata-paro-de-48-horas-contra-minera-las-bambas\/#respond"]}]},{"@type":"WebPage","@id":"https:\/\/pulso27.com\/nacional\/poblacion-de-cotabambas-acata-paro-de-48-horas-contra-minera-las-bambas\/","url":"https:\/\/pulso27.com\/nacional\/poblacion-de-cotabambas-acata-paro-de-48-horas-contra-minera-las-bambas\/","name":"Poblaci\u00f3n de Cotabambas acata paro de 48 horas contra minera Las Bambas - Pulso27","isPartOf":{"@id":"https:\/\/pulso27.com\/en\/#website"},"primaryImageOfPage":{"@id":"https:\/\/pulso27.com\/nacional\/poblacion-de-cotabambas-acata-paro-de-48-horas-contra-minera-las-bambas\/#primaryimage"},"image":{"@id":"https:\/\/pulso27.com\/nacional\/poblacion-de-cotabambas-acata-paro-de-48-horas-contra-minera-las-bambas\/#primaryimage"},"thumbnailUrl":"https:\/\/pulso27.com\/wp-content\/uploads\/2024\/06\/ParoCta.jpg","datePublished":"2024-06-19T20:10:09+00:00","dateModified":"2024-06-19T21:02:16+00:00","breadcrumb":{"@id":"https:\/\/pulso27.com\/nacional\/poblacion-de-cotabambas-acata-paro-de-48-horas-contra-minera-las-bambas\/#breadcrumb"},"inLanguage":"es-PE","potentialAction":[{"@type":"ReadAction","target":["https:\/\/pulso27.com\/nacional\/poblacion-de-cotabambas-acata-paro-de-48-horas-contra-minera-las-bambas\/"]}]},{"@type":"ImageObject","inLanguage":"es-PE","@id":"https:\/\/pulso27.com\/nacional\/poblacion-de-cotabambas-acata-paro-de-48-horas-contra-minera-las-bambas\/#primaryimage","url":"https:\/\/pulso27.com\/wp-content\/uploads\/2024\/06\/ParoCta.jpg","contentUrl":"https:\/\/pulso27.com\/wp-content\/uploads\/2024\/06\/ParoCta.jpg","width":1281,"height":720},{"@type":"BreadcrumbList","@id":"https:\/\/pulso27.com\/nacional\/poblacion-de-cotabambas-acata-paro-de-48-horas-contra-minera-las-bambas\/#breadcrumb","itemListElement":[{"@type":"ListItem","position":1,"name":"Portada","item":"https:\/\/pulso27.com\/"},{"@type":"ListItem","position":2,"name":"Poblaci\u00f3n de Cotabambas acata paro de 48 horas contra minera Las Bambas"}]},{"@type":"WebSite","@id":"https:\/\/pulso27.com\/en\/#website","url":"https:\/\/pulso27.com\/en\/","name":"Pulso27","description":"Web de noticias y publicidad","publisher":{"@id":"https:\/\/pulso27.com\/en\/#organization"},"alternateName":"El pulso del pueblo","potentialAction":[{"@type":"SearchAction","target":{"@type":"EntryPoint","urlTemplate":"https:\/\/pulso27.com\/en\/?s={search_term_string}"},"query-input":{"@type":"PropertyValueSpecification","valueRequired":true,"valueName":"search_term_string"}}],"inLanguage":"es-PE"},{"@type":"Organization","@id":"https:\/\/pulso27.com\/en\/#organization","name":"Pulso27","url":"https:\/\/pulso27.com\/en\/","logo":{"@type":"ImageObject","inLanguage":"es-PE","@id":"https:\/\/pulso27.com\/en\/#\/schema\/logo\/image\/","url":"https:\/\/pulso27.com\/wp-content\/uploads\/2026\/02\/Logotipo-de-la-organizacion-696-x-696-px-ok.png","contentUrl":"https:\/\/pulso27.com\/wp-content\/uploads\/2026\/02\/Logotipo-de-la-organizacion-696-x-696-px-ok.png","width":696,"height":696,"caption":"Pulso27"},"image":{"@id":"https:\/\/pulso27.com\/en\/#\/schema\/logo\/image\/"},"sameAs":["https:\/\/www.facebook.com\/pulso27\/","https:\/\/x.com\/Pulso_27","https:\/\/www.youtube.com\/@Pulso27","https:\/\/www.tiktok.com\/@pulso_27"]},{"@type":"Person","@id":"https:\/\/pulso27.com\/en\/#\/schema\/person\/a0930a7f318e7d9d83bd7cffed9f34f6","name":"El Muki","image":{"@type":"ImageObject","inLanguage":"es-PE","@id":"https:\/\/secure.gravatar.com\/avatar\/dc91c2607c5eebda74cbb40d13031f489096c96ead89c4c30c17db262267b2b3?s=96&d=mm&r=g","url":"https:\/\/secure.gravatar.com\/avatar\/dc91c2607c5eebda74cbb40d13031f489096c96ead89c4c30c17db262267b2b3?s=96&d=mm&r=g","contentUrl":"https:\/\/secure.gravatar.com\/avatar\/dc91c2607c5eebda74cbb40d13031f489096c96ead89c4c30c17db262267b2b3?s=96&d=mm&r=g","caption":"El Muki"},"sameAs":["http:\/\/www.pulso27.com"],"url":"https:\/\/pulso27.com\/es\/author\/elcuervo\/"}]}},"amp_enabled":true,"_links":{"self":[{"href":"https:\/\/pulso27.com\/es\/wp-json\/wp\/v2\/posts\/1905","targetHints":{"allow":["GET"]}}],"collection":[{"href":"https:\/\/pulso27.com\/es\/wp-json\/wp\/v2\/posts"}],"about":[{"href":"https:\/\/pulso27.com\/es\/wp-json\/wp\/v2\/types\/post"}],"author":[{"embeddable":true,"href":"https:\/\/pulso27.com\/es\/wp-json\/wp\/v2\/users\/10"}],"replies":[{"embeddable":true,"href":"https:\/\/pulso27.com\/es\/wp-json\/wp\/v2\/comments?post=1905"}],"version-history":[{"count":2,"href":"https:\/\/pulso27.com\/es\/wp-json\/wp\/v2\/posts\/1905\/revisions"}],"predecessor-version":[{"id":1920,"href":"https:\/\/pulso27.com\/es\/wp-json\/wp\/v2\/posts\/1905\/revisions\/1920"}],"wp:featuredmedia":[{"embeddable":true,"href":"https:\/\/pulso27.com\/es\/wp-json\/wp\/v2\/media\/1906"}],"wp:attachment":[{"href":"https:\/\/pulso27.com\/es\/wp-json\/wp\/v2\/media?parent=1905"}],"wp:term":[{"taxonomy":"category","embeddable":true,"href":"https:\/\/pulso27.com\/es\/wp-json\/wp\/v2\/categories?post=1905"},{"taxonomy":"post_tag","embeddable":true,"href":"https:\/\/pulso27.com\/es\/wp-json\/wp\/v2\/tags?post=1905"}],"curies":[{"name":"wp","href":"https:\/\/api.w.org\/{rel}","templated":true}]}}