{"id":1940,"date":"2024-08-16T23:16:14","date_gmt":"2024-08-16T18:16:14","guid":{"rendered":"https:\/\/pulso27.com\/?p=1940"},"modified":"2024-08-18T18:35:06","modified_gmt":"2024-08-18T13:35:06","slug":"la-doble-moral-del-cerronismo","status":"publish","type":"post","link":"https:\/\/pulso27.com\/es\/nacional\/la-doble-moral-del-cerronismo\/","title":{"rendered":"LA DOBLE MORAL DEL CERRONISMO"},"content":{"rendered":"\n<p>Waldemar Cerr\u00f3n Solicita Anulaci\u00f3n de Acusaci\u00f3n por Organizaci\u00f3n Criminal Contra Vladimir Cerr\u00f3n y Los Din\u00e1micos del Centro: Un Acto Que Busca Impunidad<\/p>\n\n\n\n<p>En un acto que levanta serias interrogantes sobre la integridad y transparencia en el ejercicio del poder pol\u00edtico, el congresista Waldemar Cerr\u00f3n ha solicitado la anulaci\u00f3n de la acusaci\u00f3n por organizaci\u00f3n criminal que pesa sobre Vladimir Cerr\u00f3n, l\u00edder del partido pol\u00edtico Per\u00fa Libre, y los denominados \u00abDin\u00e1micos del Centro\u00bb. Esta petici\u00f3n no solo afecta la percepci\u00f3n p\u00fablica sobre el manejo de la justicia en el pa\u00eds, sino que adem\u00e1s pone en tela de juicio la \u00e9tica y la moralidad que deber\u00edan guiar a quienes ocupan cargos de representaci\u00f3n popular.<\/p>\n\n\n\n<p>La solicitud de Waldemar Cerr\u00f3n no es un hecho aislado; se enmarca en una estrategia m\u00e1s amplia que, desde hace tiempo, ha sido interpretada como un intento de proteger a los miembros de su partido, quienes han sido acusados de graves delitos de corrupci\u00f3n. Esta maniobra, al buscar la impunidad para su hermano Vladimir Cerr\u00f3n y otros allegados, contradice directamente los principios de transparencia y responsabilidad que deben regir en una democracia. Cuestionando la Doble Moral<\/p>\n\n\n\n<p>Resulta preocupante que el segundo vice presidente del congreso, quien deber\u00eda velar por los intereses de la ciudadan\u00eda y el respeto al Estado de Derecho, utilice su posici\u00f3n para beneficiar a los integrantes de su partido pol\u00edtico, incluidos aquellos acusados de ser parte de una organizaci\u00f3n criminal. Esta acci\u00f3n refleja una doble moral inaceptable: mientras en el discurso se promueve la lucha contra la corrupci\u00f3n, en la pr\u00e1ctica se busca entorpecer el accionar de la justicia cuando esta afecta a los cercanos al poder.<\/p>\n\n\n\n<p>La presentaci\u00f3n de una ley que favorece directamente a los miembros de su partido no es m\u00e1s que otro intento de blindaje que atenta contra la confianza p\u00fablica y la credibilidad del sistema judicial. Este tipo de acciones solo contribuyen a perpetuar la percepci\u00f3n de que algunos pol\u00edticos est\u00e1n dispuestos a utilizar todos los medios a su disposici\u00f3n para evadir la justicia y proteger sus propios intereses.<\/p>\n\n\n\n<p>Es imperativo que la sociedad peruana, as\u00ed como las instituciones encargadas de garantizar la justicia, se mantengan vigilantes ante este tipo de maniobras.<\/p>\n\n\n\n<p>La democracia se fortalece cuando todos, sin excepci\u00f3n, son responsables ante la ley. Las acciones de Waldemar Cerr\u00f3n, al tratar de anular las acusaciones contra su hermano y otros miembros de su partido, no solo son un insulto a la inteligencia del pueblo peruano, sino que tambi\u00e9n subrayan la necesidad urgente de reformas que impidan el uso del poder pol\u00edtico para garantizar la impunidad.<\/p>\n\n\n\n<p>La justicia no debe ser un privilegio reservado para unos pocos, y los peruanos merecen un pa\u00eds donde la ley se aplique con igualdad para todos. Es momento de condenar con firmeza cualquier intento de socavar el Estado de Derecho y de exigir que aquellos que buscan protegerse tras el manto del poder pol\u00edtico sean llevados ante la justicia, sin excepciones.<\/p>\n","protected":false},"excerpt":{"rendered":"<p>Waldemar Cerr\u00f3n Solicita Anulaci\u00f3n de Acusaci\u00f3n por Organizaci\u00f3n Criminal Contra Vladimir Cerr\u00f3n y Los Din\u00e1micos del Centro: Un Acto Que Busca Impunidad En un acto que levanta serias interrogantes sobre la integridad y transparencia en el ejercicio del poder pol\u00edtico, el congresista Waldemar Cerr\u00f3n ha solicitado la anulaci\u00f3n de la acusaci\u00f3n por organizaci\u00f3n criminal que [&hellip;]<\/p>\n","protected":false},"author":10,"featured_media":1941,"comment_status":"open","ping_status":"open","sticky":false,"template":"","format":"standard","meta":{"footnotes":""},"categories":[174,180],"tags":[777,778,626,759],"class_list":["post-1940","post","type-post","status-publish","format-standard","has-post-thumbnail","hentry","category-nacional","category-politica","tag-cerronismo","tag-impunidad","tag-peru-libre","tag-vladimir-cerron"],"yoast_head":"<!-- This site is optimized with the Yoast SEO plugin v27.4 - https:\/\/yoast.com\/product\/yoast-seo-wordpress\/ -->\n<title>LA DOBLE MORAL DEL CERRONISMO - Pulso27<\/title>\n<meta name=\"robots\" content=\"index, follow, max-snippet:-1, max-image-preview:large, max-video-preview:-1\" \/>\n<link rel=\"canonical\" href=\"https:\/\/pulso27.com\/es\/nacional\/la-doble-moral-del-cerronismo\/\" \/>\n<meta property=\"og:locale\" content=\"es_ES\" \/>\n<meta property=\"og:type\" content=\"article\" \/>\n<meta property=\"og:title\" content=\"LA DOBLE MORAL DEL CERRONISMO - Pulso27\" \/>\n<meta property=\"og:description\" content=\"Waldemar Cerr\u00f3n Solicita Anulaci\u00f3n de Acusaci\u00f3n por Organizaci\u00f3n Criminal Contra Vladimir Cerr\u00f3n y Los Din\u00e1micos del Centro: Un Acto Que Busca Impunidad En un acto que levanta serias interrogantes sobre la integridad y transparencia en el ejercicio del poder pol\u00edtico, el congresista Waldemar Cerr\u00f3n ha solicitado la anulaci\u00f3n de la acusaci\u00f3n por organizaci\u00f3n criminal que [&hellip;]\" \/>\n<meta property=\"og:url\" content=\"https:\/\/pulso27.com\/es\/nacional\/la-doble-moral-del-cerronismo\/\" \/>\n<meta property=\"og:site_name\" content=\"Pulso27\" \/>\n<meta property=\"article:publisher\" content=\"https:\/\/www.facebook.com\/pulso27\/\" \/>\n<meta property=\"article:published_time\" content=\"2024-08-16T18:16:14+00:00\" \/>\n<meta property=\"article:modified_time\" content=\"2024-08-18T13:35:06+00:00\" \/>\n<meta property=\"og:image\" content=\"https:\/\/pulso27.com\/wp-content\/uploads\/2024\/08\/CERRONISMO.jpg\" \/>\n\t<meta property=\"og:image:width\" content=\"1200\" \/>\n\t<meta property=\"og:image:height\" content=\"630\" \/>\n\t<meta property=\"og:image:type\" content=\"image\/jpeg\" \/>\n<meta name=\"author\" content=\"El Muki\" \/>\n<meta name=\"twitter:card\" content=\"summary_large_image\" \/>\n<meta name=\"twitter:creator\" content=\"@Pulso_27\" \/>\n<meta name=\"twitter:site\" content=\"@Pulso_27\" \/>\n<meta name=\"twitter:label1\" content=\"Written by\" \/>\n\t<meta name=\"twitter:data1\" content=\"El Muki\" \/>\n\t<meta name=\"twitter:label2\" content=\"Est. reading time\" \/>\n\t<meta name=\"twitter:data2\" content=\"3 minutos\" \/>\n<script type=\"application\/ld+json\" class=\"yoast-schema-graph\">{\"@context\":\"https:\\\/\\\/schema.org\",\"@graph\":[{\"@type\":\"Article\",\"@id\":\"https:\\\/\\\/pulso27.com\\\/nacional\\\/la-doble-moral-del-cerronismo\\\/#article\",\"isPartOf\":{\"@id\":\"https:\\\/\\\/pulso27.com\\\/nacional\\\/la-doble-moral-del-cerronismo\\\/\"},\"author\":{\"name\":\"El Muki\",\"@id\":\"https:\\\/\\\/pulso27.com\\\/en\\\/#\\\/schema\\\/person\\\/a0930a7f318e7d9d83bd7cffed9f34f6\"},\"headline\":\"LA DOBLE MORAL DEL CERRONISMO\",\"datePublished\":\"2024-08-16T18:16:14+00:00\",\"dateModified\":\"2024-08-18T13:35:06+00:00\",\"mainEntityOfPage\":{\"@id\":\"https:\\\/\\\/pulso27.com\\\/nacional\\\/la-doble-moral-del-cerronismo\\\/\"},\"wordCount\":538,\"commentCount\":0,\"publisher\":{\"@id\":\"https:\\\/\\\/pulso27.com\\\/en\\\/#organization\"},\"image\":{\"@id\":\"https:\\\/\\\/pulso27.com\\\/nacional\\\/la-doble-moral-del-cerronismo\\\/#primaryimage\"},\"thumbnailUrl\":\"https:\\\/\\\/pulso27.com\\\/wp-content\\\/uploads\\\/2024\\\/08\\\/CERRONISMO.jpg\",\"keywords\":[\"Cerronismo\",\"Impunidad\",\"Per\u00fa Libre\",\"Vladimir Cerr\u00f3n\"],\"articleSection\":[\"Nacional\",\"Pol\u00edtica\"],\"inLanguage\":\"es-PE\",\"potentialAction\":[{\"@type\":\"CommentAction\",\"name\":\"Comment\",\"target\":[\"https:\\\/\\\/pulso27.com\\\/nacional\\\/la-doble-moral-del-cerronismo\\\/#respond\"]}]},{\"@type\":\"WebPage\",\"@id\":\"https:\\\/\\\/pulso27.com\\\/nacional\\\/la-doble-moral-del-cerronismo\\\/\",\"url\":\"https:\\\/\\\/pulso27.com\\\/nacional\\\/la-doble-moral-del-cerronismo\\\/\",\"name\":\"LA DOBLE MORAL DEL CERRONISMO - Pulso27\",\"isPartOf\":{\"@id\":\"https:\\\/\\\/pulso27.com\\\/en\\\/#website\"},\"primaryImageOfPage\":{\"@id\":\"https:\\\/\\\/pulso27.com\\\/nacional\\\/la-doble-moral-del-cerronismo\\\/#primaryimage\"},\"image\":{\"@id\":\"https:\\\/\\\/pulso27.com\\\/nacional\\\/la-doble-moral-del-cerronismo\\\/#primaryimage\"},\"thumbnailUrl\":\"https:\\\/\\\/pulso27.com\\\/wp-content\\\/uploads\\\/2024\\\/08\\\/CERRONISMO.jpg\",\"datePublished\":\"2024-08-16T18:16:14+00:00\",\"dateModified\":\"2024-08-18T13:35:06+00:00\",\"breadcrumb\":{\"@id\":\"https:\\\/\\\/pulso27.com\\\/nacional\\\/la-doble-moral-del-cerronismo\\\/#breadcrumb\"},\"inLanguage\":\"es-PE\",\"potentialAction\":[{\"@type\":\"ReadAction\",\"target\":[\"https:\\\/\\\/pulso27.com\\\/nacional\\\/la-doble-moral-del-cerronismo\\\/\"]}]},{\"@type\":\"ImageObject\",\"inLanguage\":\"es-PE\",\"@id\":\"https:\\\/\\\/pulso27.com\\\/nacional\\\/la-doble-moral-del-cerronismo\\\/#primaryimage\",\"url\":\"https:\\\/\\\/pulso27.com\\\/wp-content\\\/uploads\\\/2024\\\/08\\\/CERRONISMO.jpg\",\"contentUrl\":\"https:\\\/\\\/pulso27.com\\\/wp-content\\\/uploads\\\/2024\\\/08\\\/CERRONISMO.jpg\",\"width\":1200,\"height\":630},{\"@type\":\"BreadcrumbList\",\"@id\":\"https:\\\/\\\/pulso27.com\\\/nacional\\\/la-doble-moral-del-cerronismo\\\/#breadcrumb\",\"itemListElement\":[{\"@type\":\"ListItem\",\"position\":1,\"name\":\"Portada\",\"item\":\"https:\\\/\\\/pulso27.com\\\/\"},{\"@type\":\"ListItem\",\"position\":2,\"name\":\"LA DOBLE MORAL DEL CERRONISMO\"}]},{\"@type\":\"WebSite\",\"@id\":\"https:\\\/\\\/pulso27.com\\\/en\\\/#website\",\"url\":\"https:\\\/\\\/pulso27.com\\\/en\\\/\",\"name\":\"Pulso27\",\"description\":\"Web de noticias y publicidad\",\"publisher\":{\"@id\":\"https:\\\/\\\/pulso27.com\\\/en\\\/#organization\"},\"alternateName\":\"El pulso del pueblo\",\"potentialAction\":[{\"@type\":\"SearchAction\",\"target\":{\"@type\":\"EntryPoint\",\"urlTemplate\":\"https:\\\/\\\/pulso27.com\\\/en\\\/?s={search_term_string}\"},\"query-input\":{\"@type\":\"PropertyValueSpecification\",\"valueRequired\":true,\"valueName\":\"search_term_string\"}}],\"inLanguage\":\"es-PE\"},{\"@type\":\"Organization\",\"@id\":\"https:\\\/\\\/pulso27.com\\\/en\\\/#organization\",\"name\":\"Pulso27\",\"url\":\"https:\\\/\\\/pulso27.com\\\/en\\\/\",\"logo\":{\"@type\":\"ImageObject\",\"inLanguage\":\"es-PE\",\"@id\":\"https:\\\/\\\/pulso27.com\\\/en\\\/#\\\/schema\\\/logo\\\/image\\\/\",\"url\":\"https:\\\/\\\/pulso27.com\\\/wp-content\\\/uploads\\\/2026\\\/02\\\/Logotipo-de-la-organizacion-696-x-696-px-ok.png\",\"contentUrl\":\"https:\\\/\\\/pulso27.com\\\/wp-content\\\/uploads\\\/2026\\\/02\\\/Logotipo-de-la-organizacion-696-x-696-px-ok.png\",\"width\":696,\"height\":696,\"caption\":\"Pulso27\"},\"image\":{\"@id\":\"https:\\\/\\\/pulso27.com\\\/en\\\/#\\\/schema\\\/logo\\\/image\\\/\"},\"sameAs\":[\"https:\\\/\\\/www.facebook.com\\\/pulso27\\\/\",\"https:\\\/\\\/x.com\\\/Pulso_27\",\"https:\\\/\\\/www.youtube.com\\\/@Pulso27\",\"https:\\\/\\\/www.tiktok.com\\\/@pulso_27\"]},{\"@type\":\"Person\",\"@id\":\"https:\\\/\\\/pulso27.com\\\/en\\\/#\\\/schema\\\/person\\\/a0930a7f318e7d9d83bd7cffed9f34f6\",\"name\":\"El Muki\",\"image\":{\"@type\":\"ImageObject\",\"inLanguage\":\"es-PE\",\"@id\":\"https:\\\/\\\/secure.gravatar.com\\\/avatar\\\/dc91c2607c5eebda74cbb40d13031f489096c96ead89c4c30c17db262267b2b3?s=96&d=mm&r=g\",\"url\":\"https:\\\/\\\/secure.gravatar.com\\\/avatar\\\/dc91c2607c5eebda74cbb40d13031f489096c96ead89c4c30c17db262267b2b3?s=96&d=mm&r=g\",\"contentUrl\":\"https:\\\/\\\/secure.gravatar.com\\\/avatar\\\/dc91c2607c5eebda74cbb40d13031f489096c96ead89c4c30c17db262267b2b3?s=96&d=mm&r=g\",\"caption\":\"El Muki\"},\"sameAs\":[\"http:\\\/\\\/www.pulso27.com\"],\"url\":\"https:\\\/\\\/pulso27.com\\\/es\\\/author\\\/elcuervo\\\/\"}]}<\/script>\n<!-- \/ Yoast SEO plugin. -->","yoast_head_json":{"title":"LA DOBLE MORAL DEL CERRONISMO - Pulso27","robots":{"index":"index","follow":"follow","max-snippet":"max-snippet:-1","max-image-preview":"max-image-preview:large","max-video-preview":"max-video-preview:-1"},"canonical":"https:\/\/pulso27.com\/es\/nacional\/la-doble-moral-del-cerronismo\/","og_locale":"es_ES","og_type":"article","og_title":"LA DOBLE MORAL DEL CERRONISMO - Pulso27","og_description":"Waldemar Cerr\u00f3n Solicita Anulaci\u00f3n de Acusaci\u00f3n por Organizaci\u00f3n Criminal Contra Vladimir Cerr\u00f3n y Los Din\u00e1micos del Centro: Un Acto Que Busca Impunidad En un acto que levanta serias interrogantes sobre la integridad y transparencia en el ejercicio del poder pol\u00edtico, el congresista Waldemar Cerr\u00f3n ha solicitado la anulaci\u00f3n de la acusaci\u00f3n por organizaci\u00f3n criminal que [&hellip;]","og_url":"https:\/\/pulso27.com\/es\/nacional\/la-doble-moral-del-cerronismo\/","og_site_name":"Pulso27","article_publisher":"https:\/\/www.facebook.com\/pulso27\/","article_published_time":"2024-08-16T18:16:14+00:00","article_modified_time":"2024-08-18T13:35:06+00:00","og_image":[{"width":1200,"height":630,"url":"https:\/\/pulso27.com\/wp-content\/uploads\/2024\/08\/CERRONISMO.jpg","type":"image\/jpeg"}],"author":"El Muki","twitter_card":"summary_large_image","twitter_creator":"@Pulso_27","twitter_site":"@Pulso_27","twitter_misc":{"Written by":"El Muki","Est. reading time":"3 minutos"},"schema":{"@context":"https:\/\/schema.org","@graph":[{"@type":"Article","@id":"https:\/\/pulso27.com\/nacional\/la-doble-moral-del-cerronismo\/#article","isPartOf":{"@id":"https:\/\/pulso27.com\/nacional\/la-doble-moral-del-cerronismo\/"},"author":{"name":"El Muki","@id":"https:\/\/pulso27.com\/en\/#\/schema\/person\/a0930a7f318e7d9d83bd7cffed9f34f6"},"headline":"LA DOBLE MORAL DEL CERRONISMO","datePublished":"2024-08-16T18:16:14+00:00","dateModified":"2024-08-18T13:35:06+00:00","mainEntityOfPage":{"@id":"https:\/\/pulso27.com\/nacional\/la-doble-moral-del-cerronismo\/"},"wordCount":538,"commentCount":0,"publisher":{"@id":"https:\/\/pulso27.com\/en\/#organization"},"image":{"@id":"https:\/\/pulso27.com\/nacional\/la-doble-moral-del-cerronismo\/#primaryimage"},"thumbnailUrl":"https:\/\/pulso27.com\/wp-content\/uploads\/2024\/08\/CERRONISMO.jpg","keywords":["Cerronismo","Impunidad","Per\u00fa Libre","Vladimir Cerr\u00f3n"],"articleSection":["Nacional","Pol\u00edtica"],"inLanguage":"es-PE","potentialAction":[{"@type":"CommentAction","name":"Comment","target":["https:\/\/pulso27.com\/nacional\/la-doble-moral-del-cerronismo\/#respond"]}]},{"@type":"WebPage","@id":"https:\/\/pulso27.com\/nacional\/la-doble-moral-del-cerronismo\/","url":"https:\/\/pulso27.com\/nacional\/la-doble-moral-del-cerronismo\/","name":"LA DOBLE MORAL DEL CERRONISMO - Pulso27","isPartOf":{"@id":"https:\/\/pulso27.com\/en\/#website"},"primaryImageOfPage":{"@id":"https:\/\/pulso27.com\/nacional\/la-doble-moral-del-cerronismo\/#primaryimage"},"image":{"@id":"https:\/\/pulso27.com\/nacional\/la-doble-moral-del-cerronismo\/#primaryimage"},"thumbnailUrl":"https:\/\/pulso27.com\/wp-content\/uploads\/2024\/08\/CERRONISMO.jpg","datePublished":"2024-08-16T18:16:14+00:00","dateModified":"2024-08-18T13:35:06+00:00","breadcrumb":{"@id":"https:\/\/pulso27.com\/nacional\/la-doble-moral-del-cerronismo\/#breadcrumb"},"inLanguage":"es-PE","potentialAction":[{"@type":"ReadAction","target":["https:\/\/pulso27.com\/nacional\/la-doble-moral-del-cerronismo\/"]}]},{"@type":"ImageObject","inLanguage":"es-PE","@id":"https:\/\/pulso27.com\/nacional\/la-doble-moral-del-cerronismo\/#primaryimage","url":"https:\/\/pulso27.com\/wp-content\/uploads\/2024\/08\/CERRONISMO.jpg","contentUrl":"https:\/\/pulso27.com\/wp-content\/uploads\/2024\/08\/CERRONISMO.jpg","width":1200,"height":630},{"@type":"BreadcrumbList","@id":"https:\/\/pulso27.com\/nacional\/la-doble-moral-del-cerronismo\/#breadcrumb","itemListElement":[{"@type":"ListItem","position":1,"name":"Portada","item":"https:\/\/pulso27.com\/"},{"@type":"ListItem","position":2,"name":"LA DOBLE MORAL DEL CERRONISMO"}]},{"@type":"WebSite","@id":"https:\/\/pulso27.com\/en\/#website","url":"https:\/\/pulso27.com\/en\/","name":"Pulso27","description":"Web de noticias y publicidad","publisher":{"@id":"https:\/\/pulso27.com\/en\/#organization"},"alternateName":"El pulso del pueblo","potentialAction":[{"@type":"SearchAction","target":{"@type":"EntryPoint","urlTemplate":"https:\/\/pulso27.com\/en\/?s={search_term_string}"},"query-input":{"@type":"PropertyValueSpecification","valueRequired":true,"valueName":"search_term_string"}}],"inLanguage":"es-PE"},{"@type":"Organization","@id":"https:\/\/pulso27.com\/en\/#organization","name":"Pulso27","url":"https:\/\/pulso27.com\/en\/","logo":{"@type":"ImageObject","inLanguage":"es-PE","@id":"https:\/\/pulso27.com\/en\/#\/schema\/logo\/image\/","url":"https:\/\/pulso27.com\/wp-content\/uploads\/2026\/02\/Logotipo-de-la-organizacion-696-x-696-px-ok.png","contentUrl":"https:\/\/pulso27.com\/wp-content\/uploads\/2026\/02\/Logotipo-de-la-organizacion-696-x-696-px-ok.png","width":696,"height":696,"caption":"Pulso27"},"image":{"@id":"https:\/\/pulso27.com\/en\/#\/schema\/logo\/image\/"},"sameAs":["https:\/\/www.facebook.com\/pulso27\/","https:\/\/x.com\/Pulso_27","https:\/\/www.youtube.com\/@Pulso27","https:\/\/www.tiktok.com\/@pulso_27"]},{"@type":"Person","@id":"https:\/\/pulso27.com\/en\/#\/schema\/person\/a0930a7f318e7d9d83bd7cffed9f34f6","name":"El Muki","image":{"@type":"ImageObject","inLanguage":"es-PE","@id":"https:\/\/secure.gravatar.com\/avatar\/dc91c2607c5eebda74cbb40d13031f489096c96ead89c4c30c17db262267b2b3?s=96&d=mm&r=g","url":"https:\/\/secure.gravatar.com\/avatar\/dc91c2607c5eebda74cbb40d13031f489096c96ead89c4c30c17db262267b2b3?s=96&d=mm&r=g","contentUrl":"https:\/\/secure.gravatar.com\/avatar\/dc91c2607c5eebda74cbb40d13031f489096c96ead89c4c30c17db262267b2b3?s=96&d=mm&r=g","caption":"El Muki"},"sameAs":["http:\/\/www.pulso27.com"],"url":"https:\/\/pulso27.com\/es\/author\/elcuervo\/"}]}},"amp_enabled":true,"_links":{"self":[{"href":"https:\/\/pulso27.com\/es\/wp-json\/wp\/v2\/posts\/1940","targetHints":{"allow":["GET"]}}],"collection":[{"href":"https:\/\/pulso27.com\/es\/wp-json\/wp\/v2\/posts"}],"about":[{"href":"https:\/\/pulso27.com\/es\/wp-json\/wp\/v2\/types\/post"}],"author":[{"embeddable":true,"href":"https:\/\/pulso27.com\/es\/wp-json\/wp\/v2\/users\/10"}],"replies":[{"embeddable":true,"href":"https:\/\/pulso27.com\/es\/wp-json\/wp\/v2\/comments?post=1940"}],"version-history":[{"count":2,"href":"https:\/\/pulso27.com\/es\/wp-json\/wp\/v2\/posts\/1940\/revisions"}],"predecessor-version":[{"id":1944,"href":"https:\/\/pulso27.com\/es\/wp-json\/wp\/v2\/posts\/1940\/revisions\/1944"}],"wp:featuredmedia":[{"embeddable":true,"href":"https:\/\/pulso27.com\/es\/wp-json\/wp\/v2\/media\/1941"}],"wp:attachment":[{"href":"https:\/\/pulso27.com\/es\/wp-json\/wp\/v2\/media?parent=1940"}],"wp:term":[{"taxonomy":"category","embeddable":true,"href":"https:\/\/pulso27.com\/es\/wp-json\/wp\/v2\/categories?post=1940"},{"taxonomy":"post_tag","embeddable":true,"href":"https:\/\/pulso27.com\/es\/wp-json\/wp\/v2\/tags?post=1940"}],"curies":[{"name":"wp","href":"https:\/\/api.w.org\/{rel}","templated":true}]}}