{"id":1953,"date":"2024-08-18T19:38:25","date_gmt":"2024-08-18T14:38:25","guid":{"rendered":"https:\/\/pulso27.com\/?p=1953"},"modified":"2024-08-18T19:48:04","modified_gmt":"2024-08-18T14:48:04","slug":"controversias-en-el-escenario-politico-y-juridico","status":"publish","type":"post","link":"https:\/\/pulso27.com\/es\/nacional\/controversias-en-el-escenario-politico-y-juridico\/","title":{"rendered":"CONTROVERSIAS EN EL ESCENARIO POL\u00cdTICO Y JUR\u00cdDICO"},"content":{"rendered":"\n<p><strong><em>El Defensor del Pueblo, Josu\u00e9 Guti\u00e9rrez, y su reciente demanda de inconstitucionalidad contra algunos art\u00edculos del Decreto Legislativo n.\u00b0 1373 sobre Extinci\u00f3n de Dominio.<\/em><\/strong><\/p>\n\n\n\n<p>Esta acci\u00f3n ha desencadenado un intenso debate sobre el papel del Defensor del Pueblo, la integridad de las instituciones p\u00fablicas y la lucha contra la criminalidad en el Per\u00fa.<\/p>\n\n\n\n<p>La demanda del Defensor del Pueblo podr\u00eda debilitar los esfuerzos internacionales en la lucha contra el narcotr\u00e1fico, el crimen organizado, el terrorismo y la corrupci\u00f3n, pues contraviene tratados internacionales como las Convenciones de Viena, Palermo y M\u00e9rida.<\/p>\n\n\n\n<p>El Decreto Legislativo n.\u00b0 1373, promulgado con el objetivo de fortalecer la capacidad del Estado para combatir el crimen organizado, la corrupci\u00f3n y otros delitos graves, se ha convertido en el centro de una controversia que trasciende lo meramente legal para adentrarse en cuestiones de \u00e9tica p\u00fablica y gobernanza. La demanda presentada por Guti\u00e9rrez no solo cuestiona aspectos espec\u00edficos de la ley, sino que tambi\u00e9n pone en tela de juicio la alineaci\u00f3n de las acciones del Defensor del Pueblo con el inter\u00e9s p\u00fablico y la seguridad nacional.<\/p>\n\n\n\n<p>La presentaci\u00f3n de esta demanda por parte de Guti\u00e9rrez, genera suspicacias. El hecho de que admitiera no haber consultado con especialistas externos a la Defensor\u00eda para desarrollar el informe y la demanda, levanta cuestionamientos sobre la objetividad y rigurosidad del proceso.<\/p>\n\n\n\n<p><strong>Algunos aspectos controversiales<\/strong><\/p>\n\n\n\n<p>La naturaleza del Decreto Legislativo n.\u00b0 1373, busca combatir la adquisici\u00f3n il\u00edcita de bienes y fondos de procedencia ilegal. La oposici\u00f3n del Defensor a esta ley podr\u00eda interpretarse como una protecci\u00f3n indirecta a las actividades il\u00edcitas.<\/p>\n\n\n\n<p>El Ministerio P\u00fablico (MP) argumenta que la Constituci\u00f3n no protege la propiedad adquirida il\u00edcitamente, mientras que la posici\u00f3n del Defensor del Pueblo (DP), ignora este principio fundamental, haciendo una interpretaci\u00f3n sesgada de la Constituci\u00f3n.<\/p>\n\n\n\n<p>El MP enfatiza que la extinci\u00f3n de dominio no es una confiscaci\u00f3n ni expropiaci\u00f3n, sino una restauraci\u00f3n del orden jur\u00eddico. La oposici\u00f3n del DP a este concepto podr\u00eda interpretarse como una falta de comprensi\u00f3n de esta distinci\u00f3n legal crucial.<\/p>\n\n\n\n<p>Mientras el MP sostiene que el proceso no viola este principio, ya que solo aborda situaciones preexistentes de origen il\u00edcito, la posici\u00f3n del DP, malinterpreta la aplicaci\u00f3n de este principio en el contexto de la extinci\u00f3n de dominio.<\/p>\n\n\n\n<p>Se subraya que la ley incluye garant\u00edas del debido proceso. La demanda del DP subestima estas salvaguardias legales existentes.<\/p>\n\n\n\n<p>El MP advierte que el \u00e9xito de la demanda representar\u00eda un retroceso significativo en la lucha contra la criminalidad y la informalidad econ\u00f3mica, por ello la acci\u00f3n del DP, nos plantea serias preocupaciones sobre las motivaciones y el impacto de la acci\u00f3n<\/p>\n\n\n\n<p><strong>Cuestionamiento de motivos:<\/strong><\/p>\n\n\n\n<p>1) La demanda del Defensor genera dudas sobre sus verdaderas motivaciones, especialmente considerando los casos anteriormente mencionados que lo involucran.<\/p>\n\n\n\n<p>2) La acci\u00f3n del Defensor podr\u00eda interpretarse como un intento de obstaculizar herramientas legales importantes para combatir la criminalidad.<\/p>\n\n\n\n<p>3) La posici\u00f3n del Defensor parece basarse en una interpretaci\u00f3n discutible de la Constituci\u00f3n y las leyes, lo que podr\u00eda indicar una falta de rigor jur\u00eddico o una intenci\u00f3n deliberada de tergiversar la ley.<\/p>\n\n\n\n<p>4) De prosperar la demanda, podr\u00eda debilitar significativamente la capacidad del Estado para combatir delitos graves, lo que tendr\u00eda implicaciones serias para la seguridad nacional.<\/p>\n\n\n\n<p>5) Esta acci\u00f3n del Defensor del Pueblo podr\u00eda da\u00f1ar seriamente la credibilidad de la instituci\u00f3n que representa, cuyo prop\u00f3sito es proteger los derechos de los ciudadanos, no potencialmente facilitar actividades il\u00edcitas.<\/p>\n\n\n\n<p>6) En conclusi\u00f3n, la demanda de inconstitucionalidad presentada por el Defensor del Pueblo contra la Ley de Extinci\u00f3n de Dominio parece ir en contra de los intereses de la justicia y la seguridad nacional. Esta acci\u00f3n, junto con los casos anteriormente mencionados, plantea serias dudas sobre la idoneidad de Josu\u00e9 Guti\u00e9rrez para ocupar el cargo de Defensor del Pueblo y sugiere la necesidad de una revisi\u00f3n urgente de su posici\u00f3n y acciones en este importante cargo p\u00fablico.<\/p>\n\n\n\n<p><strong>Finalmente<\/strong><\/p>\n\n\n\n<p>La demanda de inconstitucionalidad presentada por el Defensor del Pueblo contra aspectos clave del Decreto Legislativo n.\u00b0 1373 sobre Extinci\u00f3n de Dominio representa un momento cr\u00edtico en la historia reciente del Per\u00fa. Esta acci\u00f3n no solo desaf\u00eda una herramienta legal crucial en la lucha contra el crimen organizado y la corrupci\u00f3n, sino que tambi\u00e9n pone de manifiesto preocupantes interrogantes sobre la integridad y las motivaciones de una de las figuras que deber\u00eda ser garante de los derechos y el bienestar de los ciudadanos.<\/p>\n\n\n\n<p>El rechazo categ\u00f3rico de esta demanda por parte del Ministerio P\u00fablico, respaldado por argumentos s\u00f3lidos basados en el derecho nacional e internacional, subraya la gravedad de la situaci\u00f3n. La posici\u00f3n del Defensor del Pueblo no solo parece ir en contra de los intereses de la justicia y la seguridad nacional, sino que tambi\u00e9n amenaza con socavar a\u00f1os de esfuerzos en la lucha contra la criminalidad y la informalidad econ\u00f3mica en el pa\u00eds.<\/p>\n\n\n\n<p>Este episodio sirve como un llamado de atenci\u00f3n sobre la importancia de mantener la integridad y la independencia de las instituciones p\u00fablicas. Tambi\u00e9n resalta la necesidad urgente de reevaluar los mecanismos de selecci\u00f3n y supervisi\u00f3n de altos funcionarios p\u00fablicos, para asegurar que quienes ocupan cargos de tal relevancia act\u00faen siempre en beneficio del inter\u00e9s com\u00fan y no en funci\u00f3n de agendas personales o pol\u00edticas cuestionables.<\/p>\n\n\n\n<p>En \u00faltima instancia, el desenlace de esta controversia no solo determinar\u00e1 el futuro de una importante herramienta legal, sino que tambi\u00e9n pondr\u00e1 a prueba la solidez del sistema democr\u00e1tico peruano y su capacidad para defender el estado de derecho frente a acciones que podr\u00edan comprometer la seguridad y el bienestar de todos los ciudadanos.<\/p>\n","protected":false},"excerpt":{"rendered":"<p>El Defensor del Pueblo, Josu\u00e9 Guti\u00e9rrez, y su reciente demanda de inconstitucionalidad contra algunos art\u00edculos del Decreto Legislativo n.\u00b0 1373 sobre Extinci\u00f3n de Dominio. Esta acci\u00f3n ha desencadenado un intenso debate sobre el papel del Defensor del Pueblo, la integridad de las instituciones p\u00fablicas y la lucha contra la criminalidad en el Per\u00fa. La demanda [&hellip;]<\/p>\n","protected":false},"author":10,"featured_media":1954,"comment_status":"open","ping_status":"open","sticky":false,"template":"","format":"standard","meta":{"footnotes":""},"categories":[183,639,174,180],"tags":[779,781,782],"class_list":["post-1953","post","type-post","status-publish","format-standard","has-post-thumbnail","hentry","category-actualidad","category-editorial","category-nacional","category-politica","tag-defensor-del-pueblo","tag-extincion-de-dominio","tag-inconstitucionalidad"],"yoast_head":"<!-- This site is optimized with the Yoast SEO plugin v27.4 - https:\/\/yoast.com\/product\/yoast-seo-wordpress\/ -->\n<title>CONTROVERSIAS EN EL ESCENARIO POL\u00cdTICO Y JUR\u00cdDICO - Pulso27<\/title>\n<meta name=\"robots\" content=\"index, follow, max-snippet:-1, max-image-preview:large, max-video-preview:-1\" \/>\n<link rel=\"canonical\" href=\"https:\/\/pulso27.com\/es\/nacional\/controversias-en-el-escenario-politico-y-juridico\/\" \/>\n<meta property=\"og:locale\" content=\"es_ES\" \/>\n<meta property=\"og:type\" content=\"article\" \/>\n<meta property=\"og:title\" content=\"CONTROVERSIAS EN EL ESCENARIO POL\u00cdTICO Y JUR\u00cdDICO - Pulso27\" \/>\n<meta property=\"og:description\" content=\"El Defensor del Pueblo, Josu\u00e9 Guti\u00e9rrez, y su reciente demanda de inconstitucionalidad contra algunos art\u00edculos del Decreto Legislativo n.\u00b0 1373 sobre Extinci\u00f3n de Dominio. Esta acci\u00f3n ha desencadenado un intenso debate sobre el papel del Defensor del Pueblo, la integridad de las instituciones p\u00fablicas y la lucha contra la criminalidad en el Per\u00fa. La demanda [&hellip;]\" \/>\n<meta property=\"og:url\" content=\"https:\/\/pulso27.com\/es\/nacional\/controversias-en-el-escenario-politico-y-juridico\/\" \/>\n<meta property=\"og:site_name\" content=\"Pulso27\" \/>\n<meta property=\"article:publisher\" content=\"https:\/\/www.facebook.com\/pulso27\/\" \/>\n<meta property=\"article:published_time\" content=\"2024-08-18T14:38:25+00:00\" \/>\n<meta property=\"article:modified_time\" content=\"2024-08-18T14:48:04+00:00\" \/>\n<meta property=\"og:image\" content=\"https:\/\/pulso27.com\/wp-content\/uploads\/2024\/08\/DefensorExtinsionDominio.jpg\" \/>\n\t<meta property=\"og:image:width\" content=\"1200\" \/>\n\t<meta property=\"og:image:height\" content=\"630\" \/>\n\t<meta property=\"og:image:type\" content=\"image\/jpeg\" \/>\n<meta name=\"author\" content=\"El Muki\" \/>\n<meta name=\"twitter:card\" content=\"summary_large_image\" \/>\n<meta name=\"twitter:creator\" content=\"@Pulso_27\" \/>\n<meta name=\"twitter:site\" content=\"@Pulso_27\" \/>\n<meta name=\"twitter:label1\" content=\"Written by\" \/>\n\t<meta name=\"twitter:data1\" content=\"El Muki\" \/>\n\t<meta name=\"twitter:label2\" content=\"Est. reading time\" \/>\n\t<meta name=\"twitter:data2\" content=\"5 minutos\" \/>\n<script type=\"application\/ld+json\" class=\"yoast-schema-graph\">{\"@context\":\"https:\\\/\\\/schema.org\",\"@graph\":[{\"@type\":\"Article\",\"@id\":\"https:\\\/\\\/pulso27.com\\\/nacional\\\/controversias-en-el-escenario-politico-y-juridico\\\/#article\",\"isPartOf\":{\"@id\":\"https:\\\/\\\/pulso27.com\\\/nacional\\\/controversias-en-el-escenario-politico-y-juridico\\\/\"},\"author\":{\"name\":\"El Muki\",\"@id\":\"https:\\\/\\\/pulso27.com\\\/en\\\/#\\\/schema\\\/person\\\/a0930a7f318e7d9d83bd7cffed9f34f6\"},\"headline\":\"CONTROVERSIAS EN EL ESCENARIO POL\u00cdTICO Y JUR\u00cdDICO\",\"datePublished\":\"2024-08-18T14:38:25+00:00\",\"dateModified\":\"2024-08-18T14:48:04+00:00\",\"mainEntityOfPage\":{\"@id\":\"https:\\\/\\\/pulso27.com\\\/nacional\\\/controversias-en-el-escenario-politico-y-juridico\\\/\"},\"wordCount\":1015,\"commentCount\":0,\"publisher\":{\"@id\":\"https:\\\/\\\/pulso27.com\\\/en\\\/#organization\"},\"image\":{\"@id\":\"https:\\\/\\\/pulso27.com\\\/nacional\\\/controversias-en-el-escenario-politico-y-juridico\\\/#primaryimage\"},\"thumbnailUrl\":\"https:\\\/\\\/pulso27.com\\\/wp-content\\\/uploads\\\/2024\\\/08\\\/DefensorExtinsionDominio.jpg\",\"keywords\":[\"Defensor del Pueblo\",\"Extinci\u00f3n de dominio\",\"Inconstitucionalidad\"],\"articleSection\":[\"Actualidad\",\"Editorial\",\"Nacional\",\"Pol\u00edtica\"],\"inLanguage\":\"es-PE\",\"potentialAction\":[{\"@type\":\"CommentAction\",\"name\":\"Comment\",\"target\":[\"https:\\\/\\\/pulso27.com\\\/nacional\\\/controversias-en-el-escenario-politico-y-juridico\\\/#respond\"]}]},{\"@type\":\"WebPage\",\"@id\":\"https:\\\/\\\/pulso27.com\\\/nacional\\\/controversias-en-el-escenario-politico-y-juridico\\\/\",\"url\":\"https:\\\/\\\/pulso27.com\\\/nacional\\\/controversias-en-el-escenario-politico-y-juridico\\\/\",\"name\":\"CONTROVERSIAS EN EL ESCENARIO POL\u00cdTICO Y JUR\u00cdDICO - Pulso27\",\"isPartOf\":{\"@id\":\"https:\\\/\\\/pulso27.com\\\/en\\\/#website\"},\"primaryImageOfPage\":{\"@id\":\"https:\\\/\\\/pulso27.com\\\/nacional\\\/controversias-en-el-escenario-politico-y-juridico\\\/#primaryimage\"},\"image\":{\"@id\":\"https:\\\/\\\/pulso27.com\\\/nacional\\\/controversias-en-el-escenario-politico-y-juridico\\\/#primaryimage\"},\"thumbnailUrl\":\"https:\\\/\\\/pulso27.com\\\/wp-content\\\/uploads\\\/2024\\\/08\\\/DefensorExtinsionDominio.jpg\",\"datePublished\":\"2024-08-18T14:38:25+00:00\",\"dateModified\":\"2024-08-18T14:48:04+00:00\",\"breadcrumb\":{\"@id\":\"https:\\\/\\\/pulso27.com\\\/nacional\\\/controversias-en-el-escenario-politico-y-juridico\\\/#breadcrumb\"},\"inLanguage\":\"es-PE\",\"potentialAction\":[{\"@type\":\"ReadAction\",\"target\":[\"https:\\\/\\\/pulso27.com\\\/nacional\\\/controversias-en-el-escenario-politico-y-juridico\\\/\"]}]},{\"@type\":\"ImageObject\",\"inLanguage\":\"es-PE\",\"@id\":\"https:\\\/\\\/pulso27.com\\\/nacional\\\/controversias-en-el-escenario-politico-y-juridico\\\/#primaryimage\",\"url\":\"https:\\\/\\\/pulso27.com\\\/wp-content\\\/uploads\\\/2024\\\/08\\\/DefensorExtinsionDominio.jpg\",\"contentUrl\":\"https:\\\/\\\/pulso27.com\\\/wp-content\\\/uploads\\\/2024\\\/08\\\/DefensorExtinsionDominio.jpg\",\"width\":1200,\"height\":630},{\"@type\":\"BreadcrumbList\",\"@id\":\"https:\\\/\\\/pulso27.com\\\/nacional\\\/controversias-en-el-escenario-politico-y-juridico\\\/#breadcrumb\",\"itemListElement\":[{\"@type\":\"ListItem\",\"position\":1,\"name\":\"Portada\",\"item\":\"https:\\\/\\\/pulso27.com\\\/\"},{\"@type\":\"ListItem\",\"position\":2,\"name\":\"CONTROVERSIAS EN EL ESCENARIO POL\u00cdTICO Y JUR\u00cdDICO\"}]},{\"@type\":\"WebSite\",\"@id\":\"https:\\\/\\\/pulso27.com\\\/en\\\/#website\",\"url\":\"https:\\\/\\\/pulso27.com\\\/en\\\/\",\"name\":\"Pulso27\",\"description\":\"Web de noticias y publicidad\",\"publisher\":{\"@id\":\"https:\\\/\\\/pulso27.com\\\/en\\\/#organization\"},\"alternateName\":\"El pulso del pueblo\",\"potentialAction\":[{\"@type\":\"SearchAction\",\"target\":{\"@type\":\"EntryPoint\",\"urlTemplate\":\"https:\\\/\\\/pulso27.com\\\/en\\\/?s={search_term_string}\"},\"query-input\":{\"@type\":\"PropertyValueSpecification\",\"valueRequired\":true,\"valueName\":\"search_term_string\"}}],\"inLanguage\":\"es-PE\"},{\"@type\":\"Organization\",\"@id\":\"https:\\\/\\\/pulso27.com\\\/en\\\/#organization\",\"name\":\"Pulso27\",\"url\":\"https:\\\/\\\/pulso27.com\\\/en\\\/\",\"logo\":{\"@type\":\"ImageObject\",\"inLanguage\":\"es-PE\",\"@id\":\"https:\\\/\\\/pulso27.com\\\/en\\\/#\\\/schema\\\/logo\\\/image\\\/\",\"url\":\"https:\\\/\\\/pulso27.com\\\/wp-content\\\/uploads\\\/2026\\\/02\\\/Logotipo-de-la-organizacion-696-x-696-px-ok.png\",\"contentUrl\":\"https:\\\/\\\/pulso27.com\\\/wp-content\\\/uploads\\\/2026\\\/02\\\/Logotipo-de-la-organizacion-696-x-696-px-ok.png\",\"width\":696,\"height\":696,\"caption\":\"Pulso27\"},\"image\":{\"@id\":\"https:\\\/\\\/pulso27.com\\\/en\\\/#\\\/schema\\\/logo\\\/image\\\/\"},\"sameAs\":[\"https:\\\/\\\/www.facebook.com\\\/pulso27\\\/\",\"https:\\\/\\\/x.com\\\/Pulso_27\",\"https:\\\/\\\/www.youtube.com\\\/@Pulso27\",\"https:\\\/\\\/www.tiktok.com\\\/@pulso_27\"]},{\"@type\":\"Person\",\"@id\":\"https:\\\/\\\/pulso27.com\\\/en\\\/#\\\/schema\\\/person\\\/a0930a7f318e7d9d83bd7cffed9f34f6\",\"name\":\"El Muki\",\"image\":{\"@type\":\"ImageObject\",\"inLanguage\":\"es-PE\",\"@id\":\"https:\\\/\\\/secure.gravatar.com\\\/avatar\\\/dc91c2607c5eebda74cbb40d13031f489096c96ead89c4c30c17db262267b2b3?s=96&d=mm&r=g\",\"url\":\"https:\\\/\\\/secure.gravatar.com\\\/avatar\\\/dc91c2607c5eebda74cbb40d13031f489096c96ead89c4c30c17db262267b2b3?s=96&d=mm&r=g\",\"contentUrl\":\"https:\\\/\\\/secure.gravatar.com\\\/avatar\\\/dc91c2607c5eebda74cbb40d13031f489096c96ead89c4c30c17db262267b2b3?s=96&d=mm&r=g\",\"caption\":\"El Muki\"},\"sameAs\":[\"http:\\\/\\\/www.pulso27.com\"],\"url\":\"https:\\\/\\\/pulso27.com\\\/es\\\/author\\\/elcuervo\\\/\"}]}<\/script>\n<!-- \/ Yoast SEO plugin. -->","yoast_head_json":{"title":"CONTROVERSIAS EN EL ESCENARIO POL\u00cdTICO Y JUR\u00cdDICO - Pulso27","robots":{"index":"index","follow":"follow","max-snippet":"max-snippet:-1","max-image-preview":"max-image-preview:large","max-video-preview":"max-video-preview:-1"},"canonical":"https:\/\/pulso27.com\/es\/nacional\/controversias-en-el-escenario-politico-y-juridico\/","og_locale":"es_ES","og_type":"article","og_title":"CONTROVERSIAS EN EL ESCENARIO POL\u00cdTICO Y JUR\u00cdDICO - Pulso27","og_description":"El Defensor del Pueblo, Josu\u00e9 Guti\u00e9rrez, y su reciente demanda de inconstitucionalidad contra algunos art\u00edculos del Decreto Legislativo n.\u00b0 1373 sobre Extinci\u00f3n de Dominio. Esta acci\u00f3n ha desencadenado un intenso debate sobre el papel del Defensor del Pueblo, la integridad de las instituciones p\u00fablicas y la lucha contra la criminalidad en el Per\u00fa. La demanda [&hellip;]","og_url":"https:\/\/pulso27.com\/es\/nacional\/controversias-en-el-escenario-politico-y-juridico\/","og_site_name":"Pulso27","article_publisher":"https:\/\/www.facebook.com\/pulso27\/","article_published_time":"2024-08-18T14:38:25+00:00","article_modified_time":"2024-08-18T14:48:04+00:00","og_image":[{"width":1200,"height":630,"url":"https:\/\/pulso27.com\/wp-content\/uploads\/2024\/08\/DefensorExtinsionDominio.jpg","type":"image\/jpeg"}],"author":"El Muki","twitter_card":"summary_large_image","twitter_creator":"@Pulso_27","twitter_site":"@Pulso_27","twitter_misc":{"Written by":"El Muki","Est. reading time":"5 minutos"},"schema":{"@context":"https:\/\/schema.org","@graph":[{"@type":"Article","@id":"https:\/\/pulso27.com\/nacional\/controversias-en-el-escenario-politico-y-juridico\/#article","isPartOf":{"@id":"https:\/\/pulso27.com\/nacional\/controversias-en-el-escenario-politico-y-juridico\/"},"author":{"name":"El Muki","@id":"https:\/\/pulso27.com\/en\/#\/schema\/person\/a0930a7f318e7d9d83bd7cffed9f34f6"},"headline":"CONTROVERSIAS EN EL ESCENARIO POL\u00cdTICO Y JUR\u00cdDICO","datePublished":"2024-08-18T14:38:25+00:00","dateModified":"2024-08-18T14:48:04+00:00","mainEntityOfPage":{"@id":"https:\/\/pulso27.com\/nacional\/controversias-en-el-escenario-politico-y-juridico\/"},"wordCount":1015,"commentCount":0,"publisher":{"@id":"https:\/\/pulso27.com\/en\/#organization"},"image":{"@id":"https:\/\/pulso27.com\/nacional\/controversias-en-el-escenario-politico-y-juridico\/#primaryimage"},"thumbnailUrl":"https:\/\/pulso27.com\/wp-content\/uploads\/2024\/08\/DefensorExtinsionDominio.jpg","keywords":["Defensor del Pueblo","Extinci\u00f3n de dominio","Inconstitucionalidad"],"articleSection":["Actualidad","Editorial","Nacional","Pol\u00edtica"],"inLanguage":"es-PE","potentialAction":[{"@type":"CommentAction","name":"Comment","target":["https:\/\/pulso27.com\/nacional\/controversias-en-el-escenario-politico-y-juridico\/#respond"]}]},{"@type":"WebPage","@id":"https:\/\/pulso27.com\/nacional\/controversias-en-el-escenario-politico-y-juridico\/","url":"https:\/\/pulso27.com\/nacional\/controversias-en-el-escenario-politico-y-juridico\/","name":"CONTROVERSIAS EN EL ESCENARIO POL\u00cdTICO Y JUR\u00cdDICO - Pulso27","isPartOf":{"@id":"https:\/\/pulso27.com\/en\/#website"},"primaryImageOfPage":{"@id":"https:\/\/pulso27.com\/nacional\/controversias-en-el-escenario-politico-y-juridico\/#primaryimage"},"image":{"@id":"https:\/\/pulso27.com\/nacional\/controversias-en-el-escenario-politico-y-juridico\/#primaryimage"},"thumbnailUrl":"https:\/\/pulso27.com\/wp-content\/uploads\/2024\/08\/DefensorExtinsionDominio.jpg","datePublished":"2024-08-18T14:38:25+00:00","dateModified":"2024-08-18T14:48:04+00:00","breadcrumb":{"@id":"https:\/\/pulso27.com\/nacional\/controversias-en-el-escenario-politico-y-juridico\/#breadcrumb"},"inLanguage":"es-PE","potentialAction":[{"@type":"ReadAction","target":["https:\/\/pulso27.com\/nacional\/controversias-en-el-escenario-politico-y-juridico\/"]}]},{"@type":"ImageObject","inLanguage":"es-PE","@id":"https:\/\/pulso27.com\/nacional\/controversias-en-el-escenario-politico-y-juridico\/#primaryimage","url":"https:\/\/pulso27.com\/wp-content\/uploads\/2024\/08\/DefensorExtinsionDominio.jpg","contentUrl":"https:\/\/pulso27.com\/wp-content\/uploads\/2024\/08\/DefensorExtinsionDominio.jpg","width":1200,"height":630},{"@type":"BreadcrumbList","@id":"https:\/\/pulso27.com\/nacional\/controversias-en-el-escenario-politico-y-juridico\/#breadcrumb","itemListElement":[{"@type":"ListItem","position":1,"name":"Portada","item":"https:\/\/pulso27.com\/"},{"@type":"ListItem","position":2,"name":"CONTROVERSIAS EN EL ESCENARIO POL\u00cdTICO Y JUR\u00cdDICO"}]},{"@type":"WebSite","@id":"https:\/\/pulso27.com\/en\/#website","url":"https:\/\/pulso27.com\/en\/","name":"Pulso27","description":"Web de noticias y publicidad","publisher":{"@id":"https:\/\/pulso27.com\/en\/#organization"},"alternateName":"El pulso del pueblo","potentialAction":[{"@type":"SearchAction","target":{"@type":"EntryPoint","urlTemplate":"https:\/\/pulso27.com\/en\/?s={search_term_string}"},"query-input":{"@type":"PropertyValueSpecification","valueRequired":true,"valueName":"search_term_string"}}],"inLanguage":"es-PE"},{"@type":"Organization","@id":"https:\/\/pulso27.com\/en\/#organization","name":"Pulso27","url":"https:\/\/pulso27.com\/en\/","logo":{"@type":"ImageObject","inLanguage":"es-PE","@id":"https:\/\/pulso27.com\/en\/#\/schema\/logo\/image\/","url":"https:\/\/pulso27.com\/wp-content\/uploads\/2026\/02\/Logotipo-de-la-organizacion-696-x-696-px-ok.png","contentUrl":"https:\/\/pulso27.com\/wp-content\/uploads\/2026\/02\/Logotipo-de-la-organizacion-696-x-696-px-ok.png","width":696,"height":696,"caption":"Pulso27"},"image":{"@id":"https:\/\/pulso27.com\/en\/#\/schema\/logo\/image\/"},"sameAs":["https:\/\/www.facebook.com\/pulso27\/","https:\/\/x.com\/Pulso_27","https:\/\/www.youtube.com\/@Pulso27","https:\/\/www.tiktok.com\/@pulso_27"]},{"@type":"Person","@id":"https:\/\/pulso27.com\/en\/#\/schema\/person\/a0930a7f318e7d9d83bd7cffed9f34f6","name":"El Muki","image":{"@type":"ImageObject","inLanguage":"es-PE","@id":"https:\/\/secure.gravatar.com\/avatar\/dc91c2607c5eebda74cbb40d13031f489096c96ead89c4c30c17db262267b2b3?s=96&d=mm&r=g","url":"https:\/\/secure.gravatar.com\/avatar\/dc91c2607c5eebda74cbb40d13031f489096c96ead89c4c30c17db262267b2b3?s=96&d=mm&r=g","contentUrl":"https:\/\/secure.gravatar.com\/avatar\/dc91c2607c5eebda74cbb40d13031f489096c96ead89c4c30c17db262267b2b3?s=96&d=mm&r=g","caption":"El Muki"},"sameAs":["http:\/\/www.pulso27.com"],"url":"https:\/\/pulso27.com\/es\/author\/elcuervo\/"}]}},"amp_enabled":true,"_links":{"self":[{"href":"https:\/\/pulso27.com\/es\/wp-json\/wp\/v2\/posts\/1953","targetHints":{"allow":["GET"]}}],"collection":[{"href":"https:\/\/pulso27.com\/es\/wp-json\/wp\/v2\/posts"}],"about":[{"href":"https:\/\/pulso27.com\/es\/wp-json\/wp\/v2\/types\/post"}],"author":[{"embeddable":true,"href":"https:\/\/pulso27.com\/es\/wp-json\/wp\/v2\/users\/10"}],"replies":[{"embeddable":true,"href":"https:\/\/pulso27.com\/es\/wp-json\/wp\/v2\/comments?post=1953"}],"version-history":[{"count":2,"href":"https:\/\/pulso27.com\/es\/wp-json\/wp\/v2\/posts\/1953\/revisions"}],"predecessor-version":[{"id":1956,"href":"https:\/\/pulso27.com\/es\/wp-json\/wp\/v2\/posts\/1953\/revisions\/1956"}],"wp:featuredmedia":[{"embeddable":true,"href":"https:\/\/pulso27.com\/es\/wp-json\/wp\/v2\/media\/1954"}],"wp:attachment":[{"href":"https:\/\/pulso27.com\/es\/wp-json\/wp\/v2\/media?parent=1953"}],"wp:term":[{"taxonomy":"category","embeddable":true,"href":"https:\/\/pulso27.com\/es\/wp-json\/wp\/v2\/categories?post=1953"},{"taxonomy":"post_tag","embeddable":true,"href":"https:\/\/pulso27.com\/es\/wp-json\/wp\/v2\/tags?post=1953"}],"curies":[{"name":"wp","href":"https:\/\/api.w.org\/{rel}","templated":true}]}}