{"id":1961,"date":"2024-08-22T03:37:00","date_gmt":"2024-08-21T22:37:00","guid":{"rendered":"https:\/\/pulso27.com\/?p=1961"},"modified":"2024-08-30T01:06:54","modified_gmt":"2024-08-29T20:06:54","slug":"congreso-peruano-promulga-ley-de-impunidad-una-estrategia-para-librar-a-dina-boluarte-de-acusaciones-de-crimenes-de-lesa-humanidad","status":"publish","type":"post","link":"https:\/\/pulso27.com\/es\/nacional\/congreso-peruano-promulga-ley-de-impunidad-una-estrategia-para-librar-a-dina-boluarte-de-acusaciones-de-crimenes-de-lesa-humanidad\/","title":{"rendered":"Congreso Peruano Promulga Ley de Impunidad Para Librar a acusados de Cr\u00edmenes de Lesa Humanidad"},"content":{"rendered":"\n<p><strong>Lima, Per\u00fa \u2013 21 de agosto de 2024<\/strong> \u2013 En un giro controvertido y de amplio impacto, el Congreso de Per\u00fa ha promulgado la Ley 32107, conocida como la ley de impunidad. Esta legislaci\u00f3n ha generado un intenso debate al buscar liberar a un grupo reducido de militares condenados por graves violaciones a los derechos humanos durante el conflicto armado interno en el pa\u00eds, que han sido calificados por los tribunales como cr\u00edmenes de lesa humanidad. La medida ha suscitado preocupaci\u00f3n tanto a nivel nacional como internacional, planteando serias dudas sobre el respeto a los derechos humanos y la justicia en Per\u00fa.<\/p>\n\n\n\n<p><strong>La Ley 32107 y su Contenido<\/strong><\/p>\n\n\n\n<p>La Ley 32107, aprobada con una mayor\u00eda en el Congreso, se enfoca en liberar a ciertos militares condenados por violaciones graves a los derechos humanos. Desde la creaci\u00f3n del subsistema penal de derechos humanos en septiembre de 2004, se han dictado 108 sentencias relacionadas con violaciones de derechos humanos cometidas durante el conflicto armado interno. De estas, aproximadamente un 60% han resultado en condenas, y 25 de estos casos han sido calificados como cr\u00edmenes de lesa humanidad, de acuerdo con el derecho internacional.<\/p>\n\n\n\n<figure class=\"wp-block-image size-large\"><img loading=\"lazy\" decoding=\"async\" width=\"1024\" height=\"591\" src=\"https:\/\/pulso27.com\/wp-content\/uploads\/2024\/08\/Lesah-1024x591.png\" alt=\"\" class=\"wp-image-1964\" srcset=\"https:\/\/pulso27.com\/wp-content\/uploads\/2024\/08\/Lesah-1024x591.png 1024w, https:\/\/pulso27.com\/wp-content\/uploads\/2024\/08\/Lesah-300x173.png 300w, https:\/\/pulso27.com\/wp-content\/uploads\/2024\/08\/Lesah-768x443.png 768w, https:\/\/pulso27.com\/wp-content\/uploads\/2024\/08\/Lesah-18x10.png 18w, https:\/\/pulso27.com\/wp-content\/uploads\/2024\/08\/Lesah.png 1202w\" sizes=\"auto, (max-width: 1024px) 100vw, 1024px\" \/><figcaption class=\"wp-element-caption\"><em>Fuerza Popular y aliados del Congreso del Per\u00fa impulsaron dicha Ley<\/em><\/figcaption><\/figure>\n\n\n\n<p>Estos cr\u00edmenes incluyen eventos atroces como la masacre de Accomarca, El Front\u00f3n, Cayara, Barrios Altos, el asesinato del periodista Hugo Bust\u00edos, y violaciones sexuales en Manta y Vilca. Los tribunales han determinado que estos hechos no son delitos comunes, sino cr\u00edmenes que atentan contra la humanidad en su conjunto.<\/p>\n\n\n\n<p><strong>Controversia y Cr\u00edticas<\/strong><\/p>\n\n\n\n<p>La promulgaci\u00f3n de la ley ha sido defendida por sus promotores bajo el argumento de que fiscales y jueces han violado el principio de legalidad al calificar hechos hist\u00f3ricos como cr\u00edmenes de lesa humanidad, alegando que estos delitos no estaban tipificados en el momento en que ocurrieron. Esta interpretaci\u00f3n ha sido rechazada por diversos sectores, que consideran que los cr\u00edmenes de lesa humanidad, reconocidos internacionalmente como una norma de ius cogens, est\u00e1n sujetos a persecuci\u00f3n y sanci\u00f3n independientemente de las leyes locales vigentes en el momento de la comisi\u00f3n de los delitos.<\/p>\n\n\n\n<p>La ley ha provocado una reacci\u00f3n inmediata de la comunidad internacional y de organizaciones de derechos humanos. La Federaci\u00f3n Internacional por los Derechos Humanos (FIDH) y la Asociaci\u00f3n Pro-Derechos Humanos (APRODEH) han presentado denuncias ante la Corte Penal Internacional (CPI) contra las autoridades peruanas por los eventos ocurridos entre diciembre de 2022 y febrero de 2023, cuando 49 personas murieron durante las protestas sociales. Estas denuncias argumentan que existi\u00f3 un ataque sistem\u00e1tico contra la poblaci\u00f3n civil, lo que califica estos hechos como cr\u00edmenes de lesa humanidad.<\/p>\n\n\n\n<p><strong>Reacciones Nacionales e Internacionales<\/strong><\/p>\n\n\n\n<p>La denuncia ante la CPI ha sido respaldada por Harold Forsyth, exembajador peruano ante la OEA, quien aclara que el objetivo no es dividir m\u00e1s a los peruanos, sino buscar justicia. Forsyth subraya que el Per\u00fa, como Estado parte del Estatuto de Roma, tiene la obligaci\u00f3n de perseguir y sancionar estos cr\u00edmenes. La denuncia se suma a una creciente preocupaci\u00f3n sobre la impunidad y la falta de avances en la justicia para las v\u00edctimas de las protestas.<\/p>\n\n\n\n<p>\u00d3scar Vidarte, internacionalista y docente en la Pontificia Universidad Cat\u00f3lica del Per\u00fa, se\u00f1ala que la demora en las investigaciones a nivel nacional justifica la intervenci\u00f3n de la CPI. Seg\u00fan Vidarte, la naturaleza de los cr\u00edmenes perpetrados durante las protestas cumple con el criterio del art\u00edculo 7 del Estatuto de Roma, que define el asesinato como crimen de lesa humanidad cuando se comete como parte de un ataque sistem\u00e1tico contra una poblaci\u00f3n civil.<\/p>\n\n\n\n<p><strong>Posici\u00f3n de la Corte Suprema y de los Oficiales Militares<\/strong><\/p>\n\n\n\n<p>El juez supremo C\u00e9sar San Mart\u00edn ha indicado que la Ley 32107 presenta un desaf\u00edo legal significativo, dado que los cr\u00edmenes de lesa humanidad est\u00e1n regulados por el derecho internacional penal. San Mart\u00edn destaca que la Corte Suprema deber\u00e1 decidir si aplicar o no las disposiciones de esta nueva ley, mientras que la Sala Penal Permanente a\u00fan no ha abordado un caso similar.<\/p>\n\n\n\n<p>Por otro lado, los oficiales militares implicados en las violaciones han cuestionado las afirmaciones de los fiscales sobre la vulneraci\u00f3n de la autonom\u00eda judicial, argumentando que dicha autonom\u00eda est\u00e1 sujeta a las normas legales que deben cumplirse.<\/p>\n\n\n\n<figure class=\"wp-block-image size-full\"><img loading=\"lazy\" decoding=\"async\" width=\"750\" height=\"379\" src=\"https:\/\/pulso27.com\/wp-content\/uploads\/2024\/08\/Lesa-humanidad.png\" alt=\"\" class=\"wp-image-1963\" srcset=\"https:\/\/pulso27.com\/wp-content\/uploads\/2024\/08\/Lesa-humanidad.png 750w, https:\/\/pulso27.com\/wp-content\/uploads\/2024\/08\/Lesa-humanidad-300x152.png 300w, https:\/\/pulso27.com\/wp-content\/uploads\/2024\/08\/Lesa-humanidad-18x9.png 18w\" sizes=\"auto, (max-width: 750px) 100vw, 750px\" \/><figcaption class=\"wp-element-caption\"><em>Los deudos de las v\u00edctimas del r\u00e9gimen de Dina Boluarte esperan justicia<\/em><\/figcaption><\/figure>\n\n\n\n<p><strong>Situaci\u00f3n Pol\u00edtica y Social en Per\u00fa<\/strong><\/p>\n\n\n\n<p>La reciente encuesta del Instituto de Estudios Peruanos (IEP) muestra una alta insatisfacci\u00f3n con la democracia en Per\u00fa, con m\u00e1s de la mitad de los encuestados expresando falta de apoyo al sistema democr\u00e1tico actual. Este descontento refleja una creciente demanda por una democracia m\u00e1s genuina y participativa.<\/p>\n\n\n\n<p>En un contexto de crisis pol\u00edtica y social, la promulgaci\u00f3n de la Ley 32107 a\u00f1ade una capa de complejidad al ya fracturado panorama peruano. La ley no solo afecta a los militares condenados, sino que tambi\u00e9n plantea serias preguntas sobre el compromiso del pa\u00eds con los derechos humanos y la justicia internacional. A medida que la comunidad internacional observa de cerca, Per\u00fa se enfrenta al desaf\u00edo de reconciliar su historia reciente con los est\u00e1ndares globales de derechos humanos.<\/p>\n\n\n\n<p>Fuente: Webs y redes de noticias<\/p>\n","protected":false},"excerpt":{"rendered":"<p>Lima, Per\u00fa \u2013 21 de agosto de 2024 \u2013 En un giro controvertido y de amplio impacto, el Congreso de Per\u00fa ha promulgado la Ley 32107, conocida como la ley de impunidad. Esta legislaci\u00f3n ha generado un intenso debate al buscar liberar a un grupo reducido de militares condenados por graves violaciones a los derechos [&hellip;]<\/p>\n","protected":false},"author":10,"featured_media":1962,"comment_status":"open","ping_status":"open","sticky":false,"template":"","format":"standard","meta":{"footnotes":""},"categories":[183,174,202],"tags":[719,572,748],"class_list":["post-1961","post","type-post","status-publish","format-standard","has-post-thumbnail","hentry","category-actualidad","category-nacional","category-sociedad","tag-congreso-de-la-republica-2","tag-dina-boluarte","tag-lesa-humanidad"],"yoast_head":"<!-- This site is optimized with the Yoast SEO plugin v27.4 - https:\/\/yoast.com\/product\/yoast-seo-wordpress\/ -->\n<title>Congreso Peruano Promulga Ley de Impunidad Para Librar a acusados de Cr\u00edmenes de Lesa Humanidad - Pulso27<\/title>\n<meta name=\"robots\" content=\"index, follow, max-snippet:-1, max-image-preview:large, max-video-preview:-1\" \/>\n<link rel=\"canonical\" href=\"https:\/\/pulso27.com\/es\/nacional\/congreso-peruano-promulga-ley-de-impunidad-una-estrategia-para-librar-a-dina-boluarte-de-acusaciones-de-crimenes-de-lesa-humanidad\/\" \/>\n<meta property=\"og:locale\" content=\"es_ES\" \/>\n<meta property=\"og:type\" content=\"article\" \/>\n<meta property=\"og:title\" content=\"Congreso Peruano Promulga Ley de Impunidad Para Librar a acusados de Cr\u00edmenes de Lesa Humanidad - Pulso27\" \/>\n<meta property=\"og:description\" content=\"Lima, Per\u00fa \u2013 21 de agosto de 2024 \u2013 En un giro controvertido y de amplio impacto, el Congreso de Per\u00fa ha promulgado la Ley 32107, conocida como la ley de impunidad. Esta legislaci\u00f3n ha generado un intenso debate al buscar liberar a un grupo reducido de militares condenados por graves violaciones a los derechos [&hellip;]\" \/>\n<meta property=\"og:url\" content=\"https:\/\/pulso27.com\/es\/nacional\/congreso-peruano-promulga-ley-de-impunidad-una-estrategia-para-librar-a-dina-boluarte-de-acusaciones-de-crimenes-de-lesa-humanidad\/\" \/>\n<meta property=\"og:site_name\" content=\"Pulso27\" \/>\n<meta property=\"article:publisher\" content=\"https:\/\/www.facebook.com\/pulso27\/\" \/>\n<meta property=\"article:published_time\" content=\"2024-08-21T22:37:00+00:00\" \/>\n<meta property=\"article:modified_time\" content=\"2024-08-29T20:06:54+00:00\" \/>\n<meta property=\"og:image\" content=\"https:\/\/pulso27.com\/wp-content\/uploads\/2024\/08\/66b2c3200bdc147e390057da.webp\" \/>\n\t<meta property=\"og:image:width\" content=\"640\" \/>\n\t<meta property=\"og:image:height\" content=\"371\" \/>\n\t<meta property=\"og:image:type\" content=\"image\/webp\" \/>\n<meta name=\"author\" content=\"El Muki\" \/>\n<meta name=\"twitter:card\" content=\"summary_large_image\" \/>\n<meta name=\"twitter:creator\" content=\"@Pulso_27\" \/>\n<meta name=\"twitter:site\" content=\"@Pulso_27\" \/>\n<meta name=\"twitter:label1\" content=\"Written by\" \/>\n\t<meta name=\"twitter:data1\" content=\"El Muki\" \/>\n\t<meta name=\"twitter:label2\" content=\"Est. reading time\" \/>\n\t<meta name=\"twitter:data2\" content=\"4 minutos\" \/>\n<script type=\"application\/ld+json\" class=\"yoast-schema-graph\">{\"@context\":\"https:\\\/\\\/schema.org\",\"@graph\":[{\"@type\":\"Article\",\"@id\":\"https:\\\/\\\/pulso27.com\\\/nacional\\\/congreso-peruano-promulga-ley-de-impunidad-una-estrategia-para-librar-a-dina-boluarte-de-acusaciones-de-crimenes-de-lesa-humanidad\\\/#article\",\"isPartOf\":{\"@id\":\"https:\\\/\\\/pulso27.com\\\/nacional\\\/congreso-peruano-promulga-ley-de-impunidad-una-estrategia-para-librar-a-dina-boluarte-de-acusaciones-de-crimenes-de-lesa-humanidad\\\/\"},\"author\":{\"name\":\"El Muki\",\"@id\":\"https:\\\/\\\/pulso27.com\\\/en\\\/#\\\/schema\\\/person\\\/a0930a7f318e7d9d83bd7cffed9f34f6\"},\"headline\":\"Congreso Peruano Promulga Ley de Impunidad Para Librar a acusados de Cr\u00edmenes de Lesa Humanidad\",\"datePublished\":\"2024-08-21T22:37:00+00:00\",\"dateModified\":\"2024-08-29T20:06:54+00:00\",\"mainEntityOfPage\":{\"@id\":\"https:\\\/\\\/pulso27.com\\\/nacional\\\/congreso-peruano-promulga-ley-de-impunidad-una-estrategia-para-librar-a-dina-boluarte-de-acusaciones-de-crimenes-de-lesa-humanidad\\\/\"},\"wordCount\":909,\"commentCount\":0,\"publisher\":{\"@id\":\"https:\\\/\\\/pulso27.com\\\/en\\\/#organization\"},\"image\":{\"@id\":\"https:\\\/\\\/pulso27.com\\\/nacional\\\/congreso-peruano-promulga-ley-de-impunidad-una-estrategia-para-librar-a-dina-boluarte-de-acusaciones-de-crimenes-de-lesa-humanidad\\\/#primaryimage\"},\"thumbnailUrl\":\"https:\\\/\\\/pulso27.com\\\/wp-content\\\/uploads\\\/2024\\\/08\\\/66b2c3200bdc147e390057da.webp\",\"keywords\":[\"Congreso de la Rep\u00fablica\",\"Dina Boluarte\",\"Lesa humanidad\"],\"articleSection\":[\"Actualidad\",\"Nacional\",\"Sociedad\"],\"inLanguage\":\"es-PE\",\"potentialAction\":[{\"@type\":\"CommentAction\",\"name\":\"Comment\",\"target\":[\"https:\\\/\\\/pulso27.com\\\/nacional\\\/congreso-peruano-promulga-ley-de-impunidad-una-estrategia-para-librar-a-dina-boluarte-de-acusaciones-de-crimenes-de-lesa-humanidad\\\/#respond\"]}]},{\"@type\":\"WebPage\",\"@id\":\"https:\\\/\\\/pulso27.com\\\/nacional\\\/congreso-peruano-promulga-ley-de-impunidad-una-estrategia-para-librar-a-dina-boluarte-de-acusaciones-de-crimenes-de-lesa-humanidad\\\/\",\"url\":\"https:\\\/\\\/pulso27.com\\\/nacional\\\/congreso-peruano-promulga-ley-de-impunidad-una-estrategia-para-librar-a-dina-boluarte-de-acusaciones-de-crimenes-de-lesa-humanidad\\\/\",\"name\":\"Congreso Peruano Promulga Ley de Impunidad Para Librar a acusados de Cr\u00edmenes de Lesa Humanidad - Pulso27\",\"isPartOf\":{\"@id\":\"https:\\\/\\\/pulso27.com\\\/en\\\/#website\"},\"primaryImageOfPage\":{\"@id\":\"https:\\\/\\\/pulso27.com\\\/nacional\\\/congreso-peruano-promulga-ley-de-impunidad-una-estrategia-para-librar-a-dina-boluarte-de-acusaciones-de-crimenes-de-lesa-humanidad\\\/#primaryimage\"},\"image\":{\"@id\":\"https:\\\/\\\/pulso27.com\\\/nacional\\\/congreso-peruano-promulga-ley-de-impunidad-una-estrategia-para-librar-a-dina-boluarte-de-acusaciones-de-crimenes-de-lesa-humanidad\\\/#primaryimage\"},\"thumbnailUrl\":\"https:\\\/\\\/pulso27.com\\\/wp-content\\\/uploads\\\/2024\\\/08\\\/66b2c3200bdc147e390057da.webp\",\"datePublished\":\"2024-08-21T22:37:00+00:00\",\"dateModified\":\"2024-08-29T20:06:54+00:00\",\"breadcrumb\":{\"@id\":\"https:\\\/\\\/pulso27.com\\\/nacional\\\/congreso-peruano-promulga-ley-de-impunidad-una-estrategia-para-librar-a-dina-boluarte-de-acusaciones-de-crimenes-de-lesa-humanidad\\\/#breadcrumb\"},\"inLanguage\":\"es-PE\",\"potentialAction\":[{\"@type\":\"ReadAction\",\"target\":[\"https:\\\/\\\/pulso27.com\\\/nacional\\\/congreso-peruano-promulga-ley-de-impunidad-una-estrategia-para-librar-a-dina-boluarte-de-acusaciones-de-crimenes-de-lesa-humanidad\\\/\"]}]},{\"@type\":\"ImageObject\",\"inLanguage\":\"es-PE\",\"@id\":\"https:\\\/\\\/pulso27.com\\\/nacional\\\/congreso-peruano-promulga-ley-de-impunidad-una-estrategia-para-librar-a-dina-boluarte-de-acusaciones-de-crimenes-de-lesa-humanidad\\\/#primaryimage\",\"url\":\"https:\\\/\\\/pulso27.com\\\/wp-content\\\/uploads\\\/2024\\\/08\\\/66b2c3200bdc147e390057da.webp\",\"contentUrl\":\"https:\\\/\\\/pulso27.com\\\/wp-content\\\/uploads\\\/2024\\\/08\\\/66b2c3200bdc147e390057da.webp\",\"width\":640,\"height\":371},{\"@type\":\"BreadcrumbList\",\"@id\":\"https:\\\/\\\/pulso27.com\\\/nacional\\\/congreso-peruano-promulga-ley-de-impunidad-una-estrategia-para-librar-a-dina-boluarte-de-acusaciones-de-crimenes-de-lesa-humanidad\\\/#breadcrumb\",\"itemListElement\":[{\"@type\":\"ListItem\",\"position\":1,\"name\":\"Portada\",\"item\":\"https:\\\/\\\/pulso27.com\\\/\"},{\"@type\":\"ListItem\",\"position\":2,\"name\":\"Congreso Peruano Promulga Ley de Impunidad Para Librar a acusados de Cr\u00edmenes de Lesa Humanidad\"}]},{\"@type\":\"WebSite\",\"@id\":\"https:\\\/\\\/pulso27.com\\\/en\\\/#website\",\"url\":\"https:\\\/\\\/pulso27.com\\\/en\\\/\",\"name\":\"Pulso27\",\"description\":\"Web de noticias y publicidad\",\"publisher\":{\"@id\":\"https:\\\/\\\/pulso27.com\\\/en\\\/#organization\"},\"alternateName\":\"El pulso del pueblo\",\"potentialAction\":[{\"@type\":\"SearchAction\",\"target\":{\"@type\":\"EntryPoint\",\"urlTemplate\":\"https:\\\/\\\/pulso27.com\\\/en\\\/?s={search_term_string}\"},\"query-input\":{\"@type\":\"PropertyValueSpecification\",\"valueRequired\":true,\"valueName\":\"search_term_string\"}}],\"inLanguage\":\"es-PE\"},{\"@type\":\"Organization\",\"@id\":\"https:\\\/\\\/pulso27.com\\\/en\\\/#organization\",\"name\":\"Pulso27\",\"url\":\"https:\\\/\\\/pulso27.com\\\/en\\\/\",\"logo\":{\"@type\":\"ImageObject\",\"inLanguage\":\"es-PE\",\"@id\":\"https:\\\/\\\/pulso27.com\\\/en\\\/#\\\/schema\\\/logo\\\/image\\\/\",\"url\":\"https:\\\/\\\/pulso27.com\\\/wp-content\\\/uploads\\\/2026\\\/02\\\/Logotipo-de-la-organizacion-696-x-696-px-ok.png\",\"contentUrl\":\"https:\\\/\\\/pulso27.com\\\/wp-content\\\/uploads\\\/2026\\\/02\\\/Logotipo-de-la-organizacion-696-x-696-px-ok.png\",\"width\":696,\"height\":696,\"caption\":\"Pulso27\"},\"image\":{\"@id\":\"https:\\\/\\\/pulso27.com\\\/en\\\/#\\\/schema\\\/logo\\\/image\\\/\"},\"sameAs\":[\"https:\\\/\\\/www.facebook.com\\\/pulso27\\\/\",\"https:\\\/\\\/x.com\\\/Pulso_27\",\"https:\\\/\\\/www.youtube.com\\\/@Pulso27\",\"https:\\\/\\\/www.tiktok.com\\\/@pulso_27\"]},{\"@type\":\"Person\",\"@id\":\"https:\\\/\\\/pulso27.com\\\/en\\\/#\\\/schema\\\/person\\\/a0930a7f318e7d9d83bd7cffed9f34f6\",\"name\":\"El Muki\",\"image\":{\"@type\":\"ImageObject\",\"inLanguage\":\"es-PE\",\"@id\":\"https:\\\/\\\/secure.gravatar.com\\\/avatar\\\/dc91c2607c5eebda74cbb40d13031f489096c96ead89c4c30c17db262267b2b3?s=96&d=mm&r=g\",\"url\":\"https:\\\/\\\/secure.gravatar.com\\\/avatar\\\/dc91c2607c5eebda74cbb40d13031f489096c96ead89c4c30c17db262267b2b3?s=96&d=mm&r=g\",\"contentUrl\":\"https:\\\/\\\/secure.gravatar.com\\\/avatar\\\/dc91c2607c5eebda74cbb40d13031f489096c96ead89c4c30c17db262267b2b3?s=96&d=mm&r=g\",\"caption\":\"El Muki\"},\"sameAs\":[\"http:\\\/\\\/www.pulso27.com\"],\"url\":\"https:\\\/\\\/pulso27.com\\\/es\\\/author\\\/elcuervo\\\/\"}]}<\/script>\n<!-- \/ Yoast SEO plugin. -->","yoast_head_json":{"title":"Congreso Peruano Promulga Ley de Impunidad Para Librar a acusados de Cr\u00edmenes de Lesa Humanidad - Pulso27","robots":{"index":"index","follow":"follow","max-snippet":"max-snippet:-1","max-image-preview":"max-image-preview:large","max-video-preview":"max-video-preview:-1"},"canonical":"https:\/\/pulso27.com\/es\/nacional\/congreso-peruano-promulga-ley-de-impunidad-una-estrategia-para-librar-a-dina-boluarte-de-acusaciones-de-crimenes-de-lesa-humanidad\/","og_locale":"es_ES","og_type":"article","og_title":"Congreso Peruano Promulga Ley de Impunidad Para Librar a acusados de Cr\u00edmenes de Lesa Humanidad - Pulso27","og_description":"Lima, Per\u00fa \u2013 21 de agosto de 2024 \u2013 En un giro controvertido y de amplio impacto, el Congreso de Per\u00fa ha promulgado la Ley 32107, conocida como la ley de impunidad. Esta legislaci\u00f3n ha generado un intenso debate al buscar liberar a un grupo reducido de militares condenados por graves violaciones a los derechos [&hellip;]","og_url":"https:\/\/pulso27.com\/es\/nacional\/congreso-peruano-promulga-ley-de-impunidad-una-estrategia-para-librar-a-dina-boluarte-de-acusaciones-de-crimenes-de-lesa-humanidad\/","og_site_name":"Pulso27","article_publisher":"https:\/\/www.facebook.com\/pulso27\/","article_published_time":"2024-08-21T22:37:00+00:00","article_modified_time":"2024-08-29T20:06:54+00:00","og_image":[{"width":640,"height":371,"url":"https:\/\/pulso27.com\/wp-content\/uploads\/2024\/08\/66b2c3200bdc147e390057da.webp","type":"image\/webp"}],"author":"El Muki","twitter_card":"summary_large_image","twitter_creator":"@Pulso_27","twitter_site":"@Pulso_27","twitter_misc":{"Written by":"El Muki","Est. reading time":"4 minutos"},"schema":{"@context":"https:\/\/schema.org","@graph":[{"@type":"Article","@id":"https:\/\/pulso27.com\/nacional\/congreso-peruano-promulga-ley-de-impunidad-una-estrategia-para-librar-a-dina-boluarte-de-acusaciones-de-crimenes-de-lesa-humanidad\/#article","isPartOf":{"@id":"https:\/\/pulso27.com\/nacional\/congreso-peruano-promulga-ley-de-impunidad-una-estrategia-para-librar-a-dina-boluarte-de-acusaciones-de-crimenes-de-lesa-humanidad\/"},"author":{"name":"El Muki","@id":"https:\/\/pulso27.com\/en\/#\/schema\/person\/a0930a7f318e7d9d83bd7cffed9f34f6"},"headline":"Congreso Peruano Promulga Ley de Impunidad Para Librar a acusados de Cr\u00edmenes de Lesa Humanidad","datePublished":"2024-08-21T22:37:00+00:00","dateModified":"2024-08-29T20:06:54+00:00","mainEntityOfPage":{"@id":"https:\/\/pulso27.com\/nacional\/congreso-peruano-promulga-ley-de-impunidad-una-estrategia-para-librar-a-dina-boluarte-de-acusaciones-de-crimenes-de-lesa-humanidad\/"},"wordCount":909,"commentCount":0,"publisher":{"@id":"https:\/\/pulso27.com\/en\/#organization"},"image":{"@id":"https:\/\/pulso27.com\/nacional\/congreso-peruano-promulga-ley-de-impunidad-una-estrategia-para-librar-a-dina-boluarte-de-acusaciones-de-crimenes-de-lesa-humanidad\/#primaryimage"},"thumbnailUrl":"https:\/\/pulso27.com\/wp-content\/uploads\/2024\/08\/66b2c3200bdc147e390057da.webp","keywords":["Congreso de la Rep\u00fablica","Dina Boluarte","Lesa humanidad"],"articleSection":["Actualidad","Nacional","Sociedad"],"inLanguage":"es-PE","potentialAction":[{"@type":"CommentAction","name":"Comment","target":["https:\/\/pulso27.com\/nacional\/congreso-peruano-promulga-ley-de-impunidad-una-estrategia-para-librar-a-dina-boluarte-de-acusaciones-de-crimenes-de-lesa-humanidad\/#respond"]}]},{"@type":"WebPage","@id":"https:\/\/pulso27.com\/nacional\/congreso-peruano-promulga-ley-de-impunidad-una-estrategia-para-librar-a-dina-boluarte-de-acusaciones-de-crimenes-de-lesa-humanidad\/","url":"https:\/\/pulso27.com\/nacional\/congreso-peruano-promulga-ley-de-impunidad-una-estrategia-para-librar-a-dina-boluarte-de-acusaciones-de-crimenes-de-lesa-humanidad\/","name":"Congreso Peruano Promulga Ley de Impunidad Para Librar a acusados de Cr\u00edmenes de Lesa Humanidad - Pulso27","isPartOf":{"@id":"https:\/\/pulso27.com\/en\/#website"},"primaryImageOfPage":{"@id":"https:\/\/pulso27.com\/nacional\/congreso-peruano-promulga-ley-de-impunidad-una-estrategia-para-librar-a-dina-boluarte-de-acusaciones-de-crimenes-de-lesa-humanidad\/#primaryimage"},"image":{"@id":"https:\/\/pulso27.com\/nacional\/congreso-peruano-promulga-ley-de-impunidad-una-estrategia-para-librar-a-dina-boluarte-de-acusaciones-de-crimenes-de-lesa-humanidad\/#primaryimage"},"thumbnailUrl":"https:\/\/pulso27.com\/wp-content\/uploads\/2024\/08\/66b2c3200bdc147e390057da.webp","datePublished":"2024-08-21T22:37:00+00:00","dateModified":"2024-08-29T20:06:54+00:00","breadcrumb":{"@id":"https:\/\/pulso27.com\/nacional\/congreso-peruano-promulga-ley-de-impunidad-una-estrategia-para-librar-a-dina-boluarte-de-acusaciones-de-crimenes-de-lesa-humanidad\/#breadcrumb"},"inLanguage":"es-PE","potentialAction":[{"@type":"ReadAction","target":["https:\/\/pulso27.com\/nacional\/congreso-peruano-promulga-ley-de-impunidad-una-estrategia-para-librar-a-dina-boluarte-de-acusaciones-de-crimenes-de-lesa-humanidad\/"]}]},{"@type":"ImageObject","inLanguage":"es-PE","@id":"https:\/\/pulso27.com\/nacional\/congreso-peruano-promulga-ley-de-impunidad-una-estrategia-para-librar-a-dina-boluarte-de-acusaciones-de-crimenes-de-lesa-humanidad\/#primaryimage","url":"https:\/\/pulso27.com\/wp-content\/uploads\/2024\/08\/66b2c3200bdc147e390057da.webp","contentUrl":"https:\/\/pulso27.com\/wp-content\/uploads\/2024\/08\/66b2c3200bdc147e390057da.webp","width":640,"height":371},{"@type":"BreadcrumbList","@id":"https:\/\/pulso27.com\/nacional\/congreso-peruano-promulga-ley-de-impunidad-una-estrategia-para-librar-a-dina-boluarte-de-acusaciones-de-crimenes-de-lesa-humanidad\/#breadcrumb","itemListElement":[{"@type":"ListItem","position":1,"name":"Portada","item":"https:\/\/pulso27.com\/"},{"@type":"ListItem","position":2,"name":"Congreso Peruano Promulga Ley de Impunidad Para Librar a acusados de Cr\u00edmenes de Lesa Humanidad"}]},{"@type":"WebSite","@id":"https:\/\/pulso27.com\/en\/#website","url":"https:\/\/pulso27.com\/en\/","name":"Pulso27","description":"Web de noticias y publicidad","publisher":{"@id":"https:\/\/pulso27.com\/en\/#organization"},"alternateName":"El pulso del pueblo","potentialAction":[{"@type":"SearchAction","target":{"@type":"EntryPoint","urlTemplate":"https:\/\/pulso27.com\/en\/?s={search_term_string}"},"query-input":{"@type":"PropertyValueSpecification","valueRequired":true,"valueName":"search_term_string"}}],"inLanguage":"es-PE"},{"@type":"Organization","@id":"https:\/\/pulso27.com\/en\/#organization","name":"Pulso27","url":"https:\/\/pulso27.com\/en\/","logo":{"@type":"ImageObject","inLanguage":"es-PE","@id":"https:\/\/pulso27.com\/en\/#\/schema\/logo\/image\/","url":"https:\/\/pulso27.com\/wp-content\/uploads\/2026\/02\/Logotipo-de-la-organizacion-696-x-696-px-ok.png","contentUrl":"https:\/\/pulso27.com\/wp-content\/uploads\/2026\/02\/Logotipo-de-la-organizacion-696-x-696-px-ok.png","width":696,"height":696,"caption":"Pulso27"},"image":{"@id":"https:\/\/pulso27.com\/en\/#\/schema\/logo\/image\/"},"sameAs":["https:\/\/www.facebook.com\/pulso27\/","https:\/\/x.com\/Pulso_27","https:\/\/www.youtube.com\/@Pulso27","https:\/\/www.tiktok.com\/@pulso_27"]},{"@type":"Person","@id":"https:\/\/pulso27.com\/en\/#\/schema\/person\/a0930a7f318e7d9d83bd7cffed9f34f6","name":"El Muki","image":{"@type":"ImageObject","inLanguage":"es-PE","@id":"https:\/\/secure.gravatar.com\/avatar\/dc91c2607c5eebda74cbb40d13031f489096c96ead89c4c30c17db262267b2b3?s=96&d=mm&r=g","url":"https:\/\/secure.gravatar.com\/avatar\/dc91c2607c5eebda74cbb40d13031f489096c96ead89c4c30c17db262267b2b3?s=96&d=mm&r=g","contentUrl":"https:\/\/secure.gravatar.com\/avatar\/dc91c2607c5eebda74cbb40d13031f489096c96ead89c4c30c17db262267b2b3?s=96&d=mm&r=g","caption":"El Muki"},"sameAs":["http:\/\/www.pulso27.com"],"url":"https:\/\/pulso27.com\/es\/author\/elcuervo\/"}]}},"amp_enabled":true,"_links":{"self":[{"href":"https:\/\/pulso27.com\/es\/wp-json\/wp\/v2\/posts\/1961","targetHints":{"allow":["GET"]}}],"collection":[{"href":"https:\/\/pulso27.com\/es\/wp-json\/wp\/v2\/posts"}],"about":[{"href":"https:\/\/pulso27.com\/es\/wp-json\/wp\/v2\/types\/post"}],"author":[{"embeddable":true,"href":"https:\/\/pulso27.com\/es\/wp-json\/wp\/v2\/users\/10"}],"replies":[{"embeddable":true,"href":"https:\/\/pulso27.com\/es\/wp-json\/wp\/v2\/comments?post=1961"}],"version-history":[{"count":2,"href":"https:\/\/pulso27.com\/es\/wp-json\/wp\/v2\/posts\/1961\/revisions"}],"predecessor-version":[{"id":1971,"href":"https:\/\/pulso27.com\/es\/wp-json\/wp\/v2\/posts\/1961\/revisions\/1971"}],"wp:featuredmedia":[{"embeddable":true,"href":"https:\/\/pulso27.com\/es\/wp-json\/wp\/v2\/media\/1962"}],"wp:attachment":[{"href":"https:\/\/pulso27.com\/es\/wp-json\/wp\/v2\/media?parent=1961"}],"wp:term":[{"taxonomy":"category","embeddable":true,"href":"https:\/\/pulso27.com\/es\/wp-json\/wp\/v2\/categories?post=1961"},{"taxonomy":"post_tag","embeddable":true,"href":"https:\/\/pulso27.com\/es\/wp-json\/wp\/v2\/tags?post=1961"}],"curies":[{"name":"wp","href":"https:\/\/api.w.org\/{rel}","templated":true}]}}