{"id":1984,"date":"2024-09-07T02:55:24","date_gmt":"2024-09-06T21:55:24","guid":{"rendered":"https:\/\/pulso27.com\/?p=1984"},"modified":"2024-09-07T02:55:25","modified_gmt":"2024-09-06T21:55:25","slug":"rafael-lopez-aliaga-es-abucheado-y-agredido-en-puno","status":"publish","type":"post","link":"https:\/\/pulso27.com\/es\/nacional\/rafael-lopez-aliaga-es-abucheado-y-agredido-en-puno\/","title":{"rendered":"Rafael L\u00f3pez Aliaga es abucheado y agredido en Puno"},"content":{"rendered":"\n<p>El alcalde de Lima, Rafael L\u00f3pez Aliaga, fue duramente rechazado por los ciudadanos de Juliaca, regi\u00f3n Puno, tras su llegada para la inauguraci\u00f3n del hospital Solidaridad. En un incidente que r\u00e1pidamente escal\u00f3, el precandidato de uno de los partidos de la derecha peruana fue rociado con orina por uno de los manifestantes, mientras que familiares de las v\u00edctimas de las protestas de 2023 lo abucheaban y exig\u00edan su retiro inmediato.<\/p>\n\n\n\n<p>L\u00f3pez Aliaga, quien ingres\u00f3 al jir\u00f3n Ra\u00fal Porras acompa\u00f1ado de un contingente policial, fue recibido con gritos de \u00ab\u00a1Fuera!\u00bb, \u00ab\u00a1Porky asesino!\u00bb y \u00ab\u00a1Porky traidor!\u00bb. La hostilidad creci\u00f3 cuando una persona entre la multitud le arroj\u00f3 orina, forzando al alcalde a retirarse r\u00e1pidamente de la zona. Como se puede ver en Sin Fronteras, https:\/\/www.facebook.com\/share\/v\/14bzurFVMR\/.<\/p>\n\n\n\n<figure class=\"wp-block-image size-full is-resized\"><img loading=\"lazy\" decoding=\"async\" width=\"580\" height=\"330\" src=\"https:\/\/pulso27.com\/wp-content\/uploads\/2024\/09\/image-1.png\" alt=\"\" class=\"wp-image-1989\" style=\"width:740px;height:auto\" srcset=\"https:\/\/pulso27.com\/wp-content\/uploads\/2024\/09\/image-1.png 580w, https:\/\/pulso27.com\/wp-content\/uploads\/2024\/09\/image-1-300x171.png 300w, https:\/\/pulso27.com\/wp-content\/uploads\/2024\/09\/image-1-18x10.png 18w\" sizes=\"auto, (max-width: 580px) 100vw, 580px\" \/><figcaption class=\"wp-element-caption\"><em>Familiares de v\u00edctimas del r\u00e9gimen de Dina Boluarte tambi\u00e9n protestaron<\/em><\/figcaption><\/figure>\n\n\n\n<p>El descontento de los ciudadanos de Juliaca se remonta a las protestas ocurridas en Lima a inicios de 2023, en las que murieron casi 20 personas debido a la represi\u00f3n policial. En aquella ocasi\u00f3n, L\u00f3pez Aliaga se opuso firmemente a las movilizaciones y minimiz\u00f3 las demandas de los manifestantes, lo que gener\u00f3 resentimiento entre los pobladores de Puno.<\/p>\n\n\n\n<p><strong>Testimonios de la indignaci\u00f3n popular<\/strong><\/p>\n\n\n\n<p>Isabel Samillan, hermana de uno de los fallecidos en las protestas, fue contundente en su rechazo: \u201cCuando los pueblos han ido a Lima, ese miserable los ha terruqueado y asesinado. \u00bfQu\u00e9 hace ac\u00e1? Que se preocupe de los problemas de Lima\u201d.<\/p>\n\n\n\n<p>Por su parte, Mariela Callo record\u00f3 los agravios cometidos contra las comunidades quechuas y aimaras: \u00abJuliaca no olvida las humillaciones. La sangre derramada jam\u00e1s ser\u00e1 olvidada\u00bb.<\/p>\n\n\n\n<p><strong>Respuesta de Rafael L\u00f3pez Aliaga<\/strong><\/p>\n\n\n\n<p>Tras el incidente, L\u00f3pez Aliaga se dirigi\u00f3 a la prensa y afirm\u00f3 que su presencia en Puno es un derecho que no le ser\u00e1 arrebatado. \u201cVoy a venir las veces que me d\u00e9 la gana a Puno. Es la tierra de mi madre y por honor a ella voy a regresar\u201d, se\u00f1al\u00f3. Adem\u00e1s, el alcalde sugiri\u00f3 que el ataque fue producto de intereses pol\u00edticos, deslizando que los manifestantes habr\u00edan sido pagados para generar caos.<\/p>\n\n\n\n<figure class=\"wp-block-image size-large\"><img loading=\"lazy\" decoding=\"async\" width=\"1024\" height=\"683\" src=\"https:\/\/pulso27.com\/wp-content\/uploads\/2024\/09\/image-1024x683.png\" alt=\"\" class=\"wp-image-1986\" srcset=\"https:\/\/pulso27.com\/wp-content\/uploads\/2024\/09\/image-1024x683.png 1024w, https:\/\/pulso27.com\/wp-content\/uploads\/2024\/09\/image-300x200.png 300w, https:\/\/pulso27.com\/wp-content\/uploads\/2024\/09\/image-768x512.png 768w, https:\/\/pulso27.com\/wp-content\/uploads\/2024\/09\/image-18x12.png 18w, https:\/\/pulso27.com\/wp-content\/uploads\/2024\/09\/image.png 1200w\" sizes=\"auto, (max-width: 1024px) 100vw, 1024px\" \/><figcaption class=\"wp-element-caption\"><em>Conferencia de prensa del derechista Rafael L\u00f3pez Aliaga, luego del rechazo en Puno<\/em><\/figcaption><\/figure>\n\n\n\n<p>A pesar del fuerte rechazo, L\u00f3pez Aliaga reiter\u00f3 su intenci\u00f3n de regresar a la regi\u00f3n, minimizando los hechos como actos de \u00abgrupitos\u00bb que, seg\u00fan \u00e9l, siembran odio en el pa\u00eds.<\/p>\n","protected":false},"excerpt":{"rendered":"<p>El alcalde de Lima, Rafael L\u00f3pez Aliaga, fue duramente rechazado por los ciudadanos de Juliaca, regi\u00f3n Puno, tras su llegada para la inauguraci\u00f3n del hospital Solidaridad. En un incidente que r\u00e1pidamente escal\u00f3, el precandidato de uno de los partidos de la derecha peruana fue rociado con orina por uno de los manifestantes, mientras que familiares [&hellip;]<\/p>\n","protected":false},"author":13,"featured_media":1988,"comment_status":"open","ping_status":"open","sticky":false,"template":"","format":"standard","meta":{"footnotes":""},"categories":[183,174,180],"tags":[789,307,788],"class_list":["post-1984","post","type-post","status-publish","format-standard","has-post-thumbnail","hentry","category-actualidad","category-nacional","category-politica","tag-abucheado","tag-puno","tag-rafael-lopez-aliaga"],"yoast_head":"<!-- This site is optimized with the Yoast SEO plugin v27.4 - https:\/\/yoast.com\/product\/yoast-seo-wordpress\/ -->\n<title>Rafael L\u00f3pez Aliaga es abucheado y agredido en Puno - Pulso27<\/title>\n<meta name=\"robots\" content=\"index, follow, max-snippet:-1, max-image-preview:large, max-video-preview:-1\" \/>\n<link rel=\"canonical\" href=\"https:\/\/pulso27.com\/es\/nacional\/rafael-lopez-aliaga-es-abucheado-y-agredido-en-puno\/\" \/>\n<meta property=\"og:locale\" content=\"es_ES\" \/>\n<meta property=\"og:type\" content=\"article\" \/>\n<meta property=\"og:title\" content=\"Rafael L\u00f3pez Aliaga es abucheado y agredido en Puno - Pulso27\" \/>\n<meta property=\"og:description\" content=\"El alcalde de Lima, Rafael L\u00f3pez Aliaga, fue duramente rechazado por los ciudadanos de Juliaca, regi\u00f3n Puno, tras su llegada para la inauguraci\u00f3n del hospital Solidaridad. En un incidente que r\u00e1pidamente escal\u00f3, el precandidato de uno de los partidos de la derecha peruana fue rociado con orina por uno de los manifestantes, mientras que familiares [&hellip;]\" \/>\n<meta property=\"og:url\" content=\"https:\/\/pulso27.com\/es\/nacional\/rafael-lopez-aliaga-es-abucheado-y-agredido-en-puno\/\" \/>\n<meta property=\"og:site_name\" content=\"Pulso27\" \/>\n<meta property=\"article:publisher\" content=\"https:\/\/www.facebook.com\/pulso27\/\" \/>\n<meta property=\"article:published_time\" content=\"2024-09-06T21:55:24+00:00\" \/>\n<meta property=\"article:modified_time\" content=\"2024-09-06T21:55:25+00:00\" \/>\n<meta property=\"og:image\" content=\"https:\/\/pulso27.com\/wp-content\/uploads\/2024\/09\/Porkis.png\" \/>\n\t<meta property=\"og:image:width\" content=\"1132\" \/>\n\t<meta property=\"og:image:height\" content=\"628\" \/>\n\t<meta property=\"og:image:type\" content=\"image\/png\" \/>\n<meta name=\"author\" content=\"Redactor\" \/>\n<meta name=\"twitter:card\" content=\"summary_large_image\" \/>\n<meta name=\"twitter:creator\" content=\"@Pulso_27\" \/>\n<meta name=\"twitter:site\" content=\"@Pulso_27\" \/>\n<meta name=\"twitter:label1\" content=\"Written by\" \/>\n\t<meta name=\"twitter:data1\" content=\"Redactor\" \/>\n\t<meta name=\"twitter:label2\" content=\"Est. reading time\" \/>\n\t<meta name=\"twitter:data2\" content=\"2 minutos\" \/>\n<script type=\"application\/ld+json\" class=\"yoast-schema-graph\">{\"@context\":\"https:\\\/\\\/schema.org\",\"@graph\":[{\"@type\":\"Article\",\"@id\":\"https:\\\/\\\/pulso27.com\\\/nacional\\\/rafael-lopez-aliaga-es-abucheado-y-agredido-en-puno\\\/#article\",\"isPartOf\":{\"@id\":\"https:\\\/\\\/pulso27.com\\\/nacional\\\/rafael-lopez-aliaga-es-abucheado-y-agredido-en-puno\\\/\"},\"author\":{\"name\":\"Redactor\",\"@id\":\"https:\\\/\\\/pulso27.com\\\/en\\\/#\\\/schema\\\/person\\\/bf5ee161e6c87f6c7d57f5e689ef8526\"},\"headline\":\"Rafael L\u00f3pez Aliaga es abucheado y agredido en Puno\",\"datePublished\":\"2024-09-06T21:55:24+00:00\",\"dateModified\":\"2024-09-06T21:55:25+00:00\",\"mainEntityOfPage\":{\"@id\":\"https:\\\/\\\/pulso27.com\\\/nacional\\\/rafael-lopez-aliaga-es-abucheado-y-agredido-en-puno\\\/\"},\"wordCount\":429,\"commentCount\":0,\"publisher\":{\"@id\":\"https:\\\/\\\/pulso27.com\\\/en\\\/#organization\"},\"image\":{\"@id\":\"https:\\\/\\\/pulso27.com\\\/nacional\\\/rafael-lopez-aliaga-es-abucheado-y-agredido-en-puno\\\/#primaryimage\"},\"thumbnailUrl\":\"https:\\\/\\\/pulso27.com\\\/wp-content\\\/uploads\\\/2024\\\/09\\\/Porkis.png\",\"keywords\":[\"Abucheado\",\"Puno\",\"Rafael L\u00f3pez Aliaga\"],\"articleSection\":[\"Actualidad\",\"Nacional\",\"Pol\u00edtica\"],\"inLanguage\":\"es-PE\",\"potentialAction\":[{\"@type\":\"CommentAction\",\"name\":\"Comment\",\"target\":[\"https:\\\/\\\/pulso27.com\\\/nacional\\\/rafael-lopez-aliaga-es-abucheado-y-agredido-en-puno\\\/#respond\"]}]},{\"@type\":\"WebPage\",\"@id\":\"https:\\\/\\\/pulso27.com\\\/nacional\\\/rafael-lopez-aliaga-es-abucheado-y-agredido-en-puno\\\/\",\"url\":\"https:\\\/\\\/pulso27.com\\\/nacional\\\/rafael-lopez-aliaga-es-abucheado-y-agredido-en-puno\\\/\",\"name\":\"Rafael L\u00f3pez Aliaga es abucheado y agredido en Puno - Pulso27\",\"isPartOf\":{\"@id\":\"https:\\\/\\\/pulso27.com\\\/en\\\/#website\"},\"primaryImageOfPage\":{\"@id\":\"https:\\\/\\\/pulso27.com\\\/nacional\\\/rafael-lopez-aliaga-es-abucheado-y-agredido-en-puno\\\/#primaryimage\"},\"image\":{\"@id\":\"https:\\\/\\\/pulso27.com\\\/nacional\\\/rafael-lopez-aliaga-es-abucheado-y-agredido-en-puno\\\/#primaryimage\"},\"thumbnailUrl\":\"https:\\\/\\\/pulso27.com\\\/wp-content\\\/uploads\\\/2024\\\/09\\\/Porkis.png\",\"datePublished\":\"2024-09-06T21:55:24+00:00\",\"dateModified\":\"2024-09-06T21:55:25+00:00\",\"breadcrumb\":{\"@id\":\"https:\\\/\\\/pulso27.com\\\/nacional\\\/rafael-lopez-aliaga-es-abucheado-y-agredido-en-puno\\\/#breadcrumb\"},\"inLanguage\":\"es-PE\",\"potentialAction\":[{\"@type\":\"ReadAction\",\"target\":[\"https:\\\/\\\/pulso27.com\\\/nacional\\\/rafael-lopez-aliaga-es-abucheado-y-agredido-en-puno\\\/\"]}]},{\"@type\":\"ImageObject\",\"inLanguage\":\"es-PE\",\"@id\":\"https:\\\/\\\/pulso27.com\\\/nacional\\\/rafael-lopez-aliaga-es-abucheado-y-agredido-en-puno\\\/#primaryimage\",\"url\":\"https:\\\/\\\/pulso27.com\\\/wp-content\\\/uploads\\\/2024\\\/09\\\/Porkis.png\",\"contentUrl\":\"https:\\\/\\\/pulso27.com\\\/wp-content\\\/uploads\\\/2024\\\/09\\\/Porkis.png\",\"width\":1132,\"height\":628,\"caption\":\"Abucheado y agredido en Puno\"},{\"@type\":\"BreadcrumbList\",\"@id\":\"https:\\\/\\\/pulso27.com\\\/nacional\\\/rafael-lopez-aliaga-es-abucheado-y-agredido-en-puno\\\/#breadcrumb\",\"itemListElement\":[{\"@type\":\"ListItem\",\"position\":1,\"name\":\"Portada\",\"item\":\"https:\\\/\\\/pulso27.com\\\/\"},{\"@type\":\"ListItem\",\"position\":2,\"name\":\"Rafael L\u00f3pez Aliaga es abucheado y agredido en Puno\"}]},{\"@type\":\"WebSite\",\"@id\":\"https:\\\/\\\/pulso27.com\\\/en\\\/#website\",\"url\":\"https:\\\/\\\/pulso27.com\\\/en\\\/\",\"name\":\"Pulso27\",\"description\":\"Web de noticias y publicidad\",\"publisher\":{\"@id\":\"https:\\\/\\\/pulso27.com\\\/en\\\/#organization\"},\"alternateName\":\"El pulso del pueblo\",\"potentialAction\":[{\"@type\":\"SearchAction\",\"target\":{\"@type\":\"EntryPoint\",\"urlTemplate\":\"https:\\\/\\\/pulso27.com\\\/en\\\/?s={search_term_string}\"},\"query-input\":{\"@type\":\"PropertyValueSpecification\",\"valueRequired\":true,\"valueName\":\"search_term_string\"}}],\"inLanguage\":\"es-PE\"},{\"@type\":\"Organization\",\"@id\":\"https:\\\/\\\/pulso27.com\\\/en\\\/#organization\",\"name\":\"Pulso27\",\"url\":\"https:\\\/\\\/pulso27.com\\\/en\\\/\",\"logo\":{\"@type\":\"ImageObject\",\"inLanguage\":\"es-PE\",\"@id\":\"https:\\\/\\\/pulso27.com\\\/en\\\/#\\\/schema\\\/logo\\\/image\\\/\",\"url\":\"https:\\\/\\\/pulso27.com\\\/wp-content\\\/uploads\\\/2026\\\/02\\\/Logotipo-de-la-organizacion-696-x-696-px-ok.png\",\"contentUrl\":\"https:\\\/\\\/pulso27.com\\\/wp-content\\\/uploads\\\/2026\\\/02\\\/Logotipo-de-la-organizacion-696-x-696-px-ok.png\",\"width\":696,\"height\":696,\"caption\":\"Pulso27\"},\"image\":{\"@id\":\"https:\\\/\\\/pulso27.com\\\/en\\\/#\\\/schema\\\/logo\\\/image\\\/\"},\"sameAs\":[\"https:\\\/\\\/www.facebook.com\\\/pulso27\\\/\",\"https:\\\/\\\/x.com\\\/Pulso_27\",\"https:\\\/\\\/www.youtube.com\\\/@Pulso27\",\"https:\\\/\\\/www.tiktok.com\\\/@pulso_27\"]},{\"@type\":\"Person\",\"@id\":\"https:\\\/\\\/pulso27.com\\\/en\\\/#\\\/schema\\\/person\\\/bf5ee161e6c87f6c7d57f5e689ef8526\",\"name\":\"Redactor\",\"image\":{\"@type\":\"ImageObject\",\"inLanguage\":\"es-PE\",\"@id\":\"https:\\\/\\\/pulso27.com\\\/wp-content\\\/uploads\\\/2025\\\/03\\\/a-150x150.png\",\"url\":\"https:\\\/\\\/pulso27.com\\\/wp-content\\\/uploads\\\/2025\\\/03\\\/a-150x150.png\",\"contentUrl\":\"https:\\\/\\\/pulso27.com\\\/wp-content\\\/uploads\\\/2025\\\/03\\\/a-150x150.png\",\"caption\":\"Redactor\"},\"sameAs\":[\"http:\\\/\\\/www.pulso27.com\"],\"url\":\"https:\\\/\\\/pulso27.com\\\/es\\\/author\\\/redactor\\\/\"}]}<\/script>\n<!-- \/ Yoast SEO plugin. -->","yoast_head_json":{"title":"Rafael L\u00f3pez Aliaga es abucheado y agredido en Puno - Pulso27","robots":{"index":"index","follow":"follow","max-snippet":"max-snippet:-1","max-image-preview":"max-image-preview:large","max-video-preview":"max-video-preview:-1"},"canonical":"https:\/\/pulso27.com\/es\/nacional\/rafael-lopez-aliaga-es-abucheado-y-agredido-en-puno\/","og_locale":"es_ES","og_type":"article","og_title":"Rafael L\u00f3pez Aliaga es abucheado y agredido en Puno - Pulso27","og_description":"El alcalde de Lima, Rafael L\u00f3pez Aliaga, fue duramente rechazado por los ciudadanos de Juliaca, regi\u00f3n Puno, tras su llegada para la inauguraci\u00f3n del hospital Solidaridad. En un incidente que r\u00e1pidamente escal\u00f3, el precandidato de uno de los partidos de la derecha peruana fue rociado con orina por uno de los manifestantes, mientras que familiares [&hellip;]","og_url":"https:\/\/pulso27.com\/es\/nacional\/rafael-lopez-aliaga-es-abucheado-y-agredido-en-puno\/","og_site_name":"Pulso27","article_publisher":"https:\/\/www.facebook.com\/pulso27\/","article_published_time":"2024-09-06T21:55:24+00:00","article_modified_time":"2024-09-06T21:55:25+00:00","og_image":[{"width":1132,"height":628,"url":"https:\/\/pulso27.com\/wp-content\/uploads\/2024\/09\/Porkis.png","type":"image\/png"}],"author":"Redactor","twitter_card":"summary_large_image","twitter_creator":"@Pulso_27","twitter_site":"@Pulso_27","twitter_misc":{"Written by":"Redactor","Est. reading time":"2 minutos"},"schema":{"@context":"https:\/\/schema.org","@graph":[{"@type":"Article","@id":"https:\/\/pulso27.com\/nacional\/rafael-lopez-aliaga-es-abucheado-y-agredido-en-puno\/#article","isPartOf":{"@id":"https:\/\/pulso27.com\/nacional\/rafael-lopez-aliaga-es-abucheado-y-agredido-en-puno\/"},"author":{"name":"Redactor","@id":"https:\/\/pulso27.com\/en\/#\/schema\/person\/bf5ee161e6c87f6c7d57f5e689ef8526"},"headline":"Rafael L\u00f3pez Aliaga es abucheado y agredido en Puno","datePublished":"2024-09-06T21:55:24+00:00","dateModified":"2024-09-06T21:55:25+00:00","mainEntityOfPage":{"@id":"https:\/\/pulso27.com\/nacional\/rafael-lopez-aliaga-es-abucheado-y-agredido-en-puno\/"},"wordCount":429,"commentCount":0,"publisher":{"@id":"https:\/\/pulso27.com\/en\/#organization"},"image":{"@id":"https:\/\/pulso27.com\/nacional\/rafael-lopez-aliaga-es-abucheado-y-agredido-en-puno\/#primaryimage"},"thumbnailUrl":"https:\/\/pulso27.com\/wp-content\/uploads\/2024\/09\/Porkis.png","keywords":["Abucheado","Puno","Rafael L\u00f3pez Aliaga"],"articleSection":["Actualidad","Nacional","Pol\u00edtica"],"inLanguage":"es-PE","potentialAction":[{"@type":"CommentAction","name":"Comment","target":["https:\/\/pulso27.com\/nacional\/rafael-lopez-aliaga-es-abucheado-y-agredido-en-puno\/#respond"]}]},{"@type":"WebPage","@id":"https:\/\/pulso27.com\/nacional\/rafael-lopez-aliaga-es-abucheado-y-agredido-en-puno\/","url":"https:\/\/pulso27.com\/nacional\/rafael-lopez-aliaga-es-abucheado-y-agredido-en-puno\/","name":"Rafael L\u00f3pez Aliaga es abucheado y agredido en Puno - Pulso27","isPartOf":{"@id":"https:\/\/pulso27.com\/en\/#website"},"primaryImageOfPage":{"@id":"https:\/\/pulso27.com\/nacional\/rafael-lopez-aliaga-es-abucheado-y-agredido-en-puno\/#primaryimage"},"image":{"@id":"https:\/\/pulso27.com\/nacional\/rafael-lopez-aliaga-es-abucheado-y-agredido-en-puno\/#primaryimage"},"thumbnailUrl":"https:\/\/pulso27.com\/wp-content\/uploads\/2024\/09\/Porkis.png","datePublished":"2024-09-06T21:55:24+00:00","dateModified":"2024-09-06T21:55:25+00:00","breadcrumb":{"@id":"https:\/\/pulso27.com\/nacional\/rafael-lopez-aliaga-es-abucheado-y-agredido-en-puno\/#breadcrumb"},"inLanguage":"es-PE","potentialAction":[{"@type":"ReadAction","target":["https:\/\/pulso27.com\/nacional\/rafael-lopez-aliaga-es-abucheado-y-agredido-en-puno\/"]}]},{"@type":"ImageObject","inLanguage":"es-PE","@id":"https:\/\/pulso27.com\/nacional\/rafael-lopez-aliaga-es-abucheado-y-agredido-en-puno\/#primaryimage","url":"https:\/\/pulso27.com\/wp-content\/uploads\/2024\/09\/Porkis.png","contentUrl":"https:\/\/pulso27.com\/wp-content\/uploads\/2024\/09\/Porkis.png","width":1132,"height":628,"caption":"Abucheado y agredido en Puno"},{"@type":"BreadcrumbList","@id":"https:\/\/pulso27.com\/nacional\/rafael-lopez-aliaga-es-abucheado-y-agredido-en-puno\/#breadcrumb","itemListElement":[{"@type":"ListItem","position":1,"name":"Portada","item":"https:\/\/pulso27.com\/"},{"@type":"ListItem","position":2,"name":"Rafael L\u00f3pez Aliaga es abucheado y agredido en Puno"}]},{"@type":"WebSite","@id":"https:\/\/pulso27.com\/en\/#website","url":"https:\/\/pulso27.com\/en\/","name":"Pulso27","description":"Web de noticias y publicidad","publisher":{"@id":"https:\/\/pulso27.com\/en\/#organization"},"alternateName":"El pulso del pueblo","potentialAction":[{"@type":"SearchAction","target":{"@type":"EntryPoint","urlTemplate":"https:\/\/pulso27.com\/en\/?s={search_term_string}"},"query-input":{"@type":"PropertyValueSpecification","valueRequired":true,"valueName":"search_term_string"}}],"inLanguage":"es-PE"},{"@type":"Organization","@id":"https:\/\/pulso27.com\/en\/#organization","name":"Pulso27","url":"https:\/\/pulso27.com\/en\/","logo":{"@type":"ImageObject","inLanguage":"es-PE","@id":"https:\/\/pulso27.com\/en\/#\/schema\/logo\/image\/","url":"https:\/\/pulso27.com\/wp-content\/uploads\/2026\/02\/Logotipo-de-la-organizacion-696-x-696-px-ok.png","contentUrl":"https:\/\/pulso27.com\/wp-content\/uploads\/2026\/02\/Logotipo-de-la-organizacion-696-x-696-px-ok.png","width":696,"height":696,"caption":"Pulso27"},"image":{"@id":"https:\/\/pulso27.com\/en\/#\/schema\/logo\/image\/"},"sameAs":["https:\/\/www.facebook.com\/pulso27\/","https:\/\/x.com\/Pulso_27","https:\/\/www.youtube.com\/@Pulso27","https:\/\/www.tiktok.com\/@pulso_27"]},{"@type":"Person","@id":"https:\/\/pulso27.com\/en\/#\/schema\/person\/bf5ee161e6c87f6c7d57f5e689ef8526","name":"Redactor","image":{"@type":"ImageObject","inLanguage":"es-PE","@id":"https:\/\/pulso27.com\/wp-content\/uploads\/2025\/03\/a-150x150.png","url":"https:\/\/pulso27.com\/wp-content\/uploads\/2025\/03\/a-150x150.png","contentUrl":"https:\/\/pulso27.com\/wp-content\/uploads\/2025\/03\/a-150x150.png","caption":"Redactor"},"sameAs":["http:\/\/www.pulso27.com"],"url":"https:\/\/pulso27.com\/es\/author\/redactor\/"}]}},"amp_enabled":true,"_links":{"self":[{"href":"https:\/\/pulso27.com\/es\/wp-json\/wp\/v2\/posts\/1984","targetHints":{"allow":["GET"]}}],"collection":[{"href":"https:\/\/pulso27.com\/es\/wp-json\/wp\/v2\/posts"}],"about":[{"href":"https:\/\/pulso27.com\/es\/wp-json\/wp\/v2\/types\/post"}],"author":[{"embeddable":true,"href":"https:\/\/pulso27.com\/es\/wp-json\/wp\/v2\/users\/13"}],"replies":[{"embeddable":true,"href":"https:\/\/pulso27.com\/es\/wp-json\/wp\/v2\/comments?post=1984"}],"version-history":[{"count":1,"href":"https:\/\/pulso27.com\/es\/wp-json\/wp\/v2\/posts\/1984\/revisions"}],"predecessor-version":[{"id":1990,"href":"https:\/\/pulso27.com\/es\/wp-json\/wp\/v2\/posts\/1984\/revisions\/1990"}],"wp:featuredmedia":[{"embeddable":true,"href":"https:\/\/pulso27.com\/es\/wp-json\/wp\/v2\/media\/1988"}],"wp:attachment":[{"href":"https:\/\/pulso27.com\/es\/wp-json\/wp\/v2\/media?parent=1984"}],"wp:term":[{"taxonomy":"category","embeddable":true,"href":"https:\/\/pulso27.com\/es\/wp-json\/wp\/v2\/categories?post=1984"},{"taxonomy":"post_tag","embeddable":true,"href":"https:\/\/pulso27.com\/es\/wp-json\/wp\/v2\/tags?post=1984"}],"curies":[{"name":"wp","href":"https:\/\/api.w.org\/{rel}","templated":true}]}}