{"id":201,"date":"2023-10-22T13:28:00","date_gmt":"2023-10-22T13:28:00","guid":{"rendered":"http:\/\/www.mvpthemes.com\/zoxnews\/?p=201"},"modified":"2024-10-14T10:09:04","modified_gmt":"2024-10-14T05:09:04","slug":"disneys-live-action-aladdin-finally-finds-its-stars","status":"publish","type":"post","link":"https:\/\/pulso27.com\/es\/cultura\/musica\/disneys-live-action-aladdin-finally-finds-its-stars\/","title":{"rendered":"Cecilia Barraza: luego de 17 a\u00f1os regreso con &#8216;Mediod\u00eda criollo&#8217;"},"content":{"rendered":"<p>La <strong>interprete <\/strong>de m\u00fasica criolla, regres\u00f3 a las pantallas de televisi\u00f3n este domingo 4 de noviembre y lo hizo a lo grande con su recordado programa &#8216;<strong>Mediod\u00eda criollo<\/strong>&#8216;, emitido por la se\u00f1al estatal de TV Per\u00fa. Como se recuerda, en el 2001 se emiti\u00f3 la primera versi\u00f3n del programa que se volvi\u00f3 una vitrina para los m\u00e1ximos exponentes de la m\u00fasica peruana y, tambi\u00e9n, para los nuevos talentos. Es as\u00ed que, tras m\u00e1s de una d\u00e9cada, la artista de 70 a\u00f1os regres\u00f3 para seguir impulsando este g\u00e9nero musical.<\/p>\n<p><a href=\"https:\/\/larepublica.pe\/tag\/cecilia-barraza\" target=\"_blank\" rel=\"noreferrer noopener\" aria-label=\"Cecilia Barraza (opens in a new tab)\" data-mrf-recirculation=\"La Rep\u00fablica - Recomendaciones In-Article\" data-mrf-link=\"https:\/\/larepublica.pe\/tag\/cecilia-barraza\">Cecilia Barraza<\/a> arranc\u00f3 la primera edici\u00f3n de &#8216;<strong>Mediod\u00eda criollo&#8217; <\/strong>cantando y bailando acompa\u00f1ada por un elenco de bailarines de m\u00fasica peruana. Adem\u00e1s, la puesta en escena se complement\u00f3 con una orquesta en vivo.<\/p>\n<p>De igual manera, decenas de personas llegaron hasta las instalaciones del Parque de la Exposici\u00f3n para disfrutar de un show lleno de arte con los mejores exponentes del g\u00e9nero, para conservar la esencia del programa que sali\u00f3 al aire hace m\u00e1s de dos d\u00e9cadas.<\/p>\n","protected":false},"excerpt":{"rendered":"<p>La interprete de m\u00fasica criolla, regres\u00f3 a las pantallas de televisi\u00f3n este domingo 4 de noviembre y lo hizo a lo grande con su recordado programa &#8216;Mediod\u00eda criollo&#8217;.<\/p>\n","protected":false},"author":8,"featured_media":485,"comment_status":"open","ping_status":"open","sticky":false,"template":"","format":"standard","meta":{"footnotes":""},"categories":[393,814],"tags":[1458,49,640,155],"class_list":["post-201","post","type-post","status-publish","format-standard","has-post-thumbnail","hentry","category-cultura","category-musica","tag-ceciliabarraza","tag-disney","tag-musica","tag-tv"],"yoast_head":"<!-- This site is optimized with the Yoast SEO plugin v27.4 - https:\/\/yoast.com\/product\/yoast-seo-wordpress\/ -->\n<title>Cecilia Barraza: luego de 17 a\u00f1os regreso con &#039;Mediod\u00eda criollo&#039; - Pulso27<\/title>\n<meta name=\"robots\" content=\"index, follow, max-snippet:-1, max-image-preview:large, max-video-preview:-1\" \/>\n<link rel=\"canonical\" href=\"https:\/\/pulso27.com\/es\/cultura\/musica\/disneys-live-action-aladdin-finally-finds-its-stars\/\" \/>\n<meta property=\"og:locale\" content=\"es_ES\" \/>\n<meta property=\"og:type\" content=\"article\" \/>\n<meta property=\"og:title\" content=\"Cecilia Barraza: luego de 17 a\u00f1os regreso con &#039;Mediod\u00eda criollo&#039; - Pulso27\" \/>\n<meta property=\"og:description\" content=\"La interprete de m\u00fasica criolla, regres\u00f3 a las pantallas de televisi\u00f3n este domingo 4 de noviembre y lo hizo a lo grande con su recordado programa &#039;Mediod\u00eda criollo&#039;.\" \/>\n<meta property=\"og:url\" content=\"https:\/\/pulso27.com\/es\/cultura\/musica\/disneys-live-action-aladdin-finally-finds-its-stars\/\" \/>\n<meta property=\"og:site_name\" content=\"Pulso27\" \/>\n<meta property=\"article:publisher\" content=\"https:\/\/www.facebook.com\/pulso27\/\" \/>\n<meta property=\"article:published_time\" content=\"2023-10-22T13:28:00+00:00\" \/>\n<meta property=\"article:modified_time\" content=\"2024-10-14T05:09:04+00:00\" \/>\n<meta property=\"og:image\" content=\"https:\/\/pulso27.com\/wp-content\/uploads\/2017\/07\/cecilia-b-1.png\" \/>\n\t<meta property=\"og:image:width\" content=\"632\" \/>\n\t<meta property=\"og:image:height\" content=\"449\" \/>\n\t<meta property=\"og:image:type\" content=\"image\/png\" \/>\n<meta name=\"author\" content=\"Maga\" \/>\n<meta name=\"twitter:card\" content=\"summary_large_image\" \/>\n<meta name=\"twitter:creator\" content=\"@Pulso_27\" \/>\n<meta name=\"twitter:site\" content=\"@Pulso_27\" \/>\n<meta name=\"twitter:label1\" content=\"Written by\" \/>\n\t<meta name=\"twitter:data1\" content=\"Maga\" \/>\n\t<meta name=\"twitter:label2\" content=\"Est. reading time\" \/>\n\t<meta name=\"twitter:data2\" content=\"1 minuto\" \/>\n<script type=\"application\/ld+json\" class=\"yoast-schema-graph\">{\"@context\":\"https:\\\/\\\/schema.org\",\"@graph\":[{\"@type\":\"Article\",\"@id\":\"https:\\\/\\\/pulso27.com\\\/cultura\\\/musica\\\/disneys-live-action-aladdin-finally-finds-its-stars\\\/#article\",\"isPartOf\":{\"@id\":\"https:\\\/\\\/pulso27.com\\\/cultura\\\/musica\\\/disneys-live-action-aladdin-finally-finds-its-stars\\\/\"},\"author\":{\"name\":\"Maga\",\"@id\":\"https:\\\/\\\/pulso27.com\\\/en\\\/#\\\/schema\\\/person\\\/92f5059eb04cb644a32d22c9bc998684\"},\"headline\":\"Cecilia Barraza: luego de 17 a\u00f1os regreso con &#8216;Mediod\u00eda criollo&#8217;\",\"datePublished\":\"2023-10-22T13:28:00+00:00\",\"dateModified\":\"2024-10-14T05:09:04+00:00\",\"mainEntityOfPage\":{\"@id\":\"https:\\\/\\\/pulso27.com\\\/cultura\\\/musica\\\/disneys-live-action-aladdin-finally-finds-its-stars\\\/\"},\"wordCount\":194,\"commentCount\":0,\"publisher\":{\"@id\":\"https:\\\/\\\/pulso27.com\\\/en\\\/#organization\"},\"image\":{\"@id\":\"https:\\\/\\\/pulso27.com\\\/cultura\\\/musica\\\/disneys-live-action-aladdin-finally-finds-its-stars\\\/#primaryimage\"},\"thumbnailUrl\":\"https:\\\/\\\/pulso27.com\\\/wp-content\\\/uploads\\\/2017\\\/07\\\/cecilia-b-1.png\",\"keywords\":[\"CeciliaBarraza\",\"Disney\",\"M\u00fasica\",\"TV\"],\"articleSection\":[\"Cultura\",\"M\u00fasica\"],\"inLanguage\":\"es-PE\",\"potentialAction\":[{\"@type\":\"CommentAction\",\"name\":\"Comment\",\"target\":[\"https:\\\/\\\/pulso27.com\\\/cultura\\\/musica\\\/disneys-live-action-aladdin-finally-finds-its-stars\\\/#respond\"]}]},{\"@type\":\"WebPage\",\"@id\":\"https:\\\/\\\/pulso27.com\\\/cultura\\\/musica\\\/disneys-live-action-aladdin-finally-finds-its-stars\\\/\",\"url\":\"https:\\\/\\\/pulso27.com\\\/cultura\\\/musica\\\/disneys-live-action-aladdin-finally-finds-its-stars\\\/\",\"name\":\"Cecilia Barraza: luego de 17 a\u00f1os regreso con 'Mediod\u00eda criollo' - Pulso27\",\"isPartOf\":{\"@id\":\"https:\\\/\\\/pulso27.com\\\/en\\\/#website\"},\"primaryImageOfPage\":{\"@id\":\"https:\\\/\\\/pulso27.com\\\/cultura\\\/musica\\\/disneys-live-action-aladdin-finally-finds-its-stars\\\/#primaryimage\"},\"image\":{\"@id\":\"https:\\\/\\\/pulso27.com\\\/cultura\\\/musica\\\/disneys-live-action-aladdin-finally-finds-its-stars\\\/#primaryimage\"},\"thumbnailUrl\":\"https:\\\/\\\/pulso27.com\\\/wp-content\\\/uploads\\\/2017\\\/07\\\/cecilia-b-1.png\",\"datePublished\":\"2023-10-22T13:28:00+00:00\",\"dateModified\":\"2024-10-14T05:09:04+00:00\",\"breadcrumb\":{\"@id\":\"https:\\\/\\\/pulso27.com\\\/cultura\\\/musica\\\/disneys-live-action-aladdin-finally-finds-its-stars\\\/#breadcrumb\"},\"inLanguage\":\"es-PE\",\"potentialAction\":[{\"@type\":\"ReadAction\",\"target\":[\"https:\\\/\\\/pulso27.com\\\/cultura\\\/musica\\\/disneys-live-action-aladdin-finally-finds-its-stars\\\/\"]}]},{\"@type\":\"ImageObject\",\"inLanguage\":\"es-PE\",\"@id\":\"https:\\\/\\\/pulso27.com\\\/cultura\\\/musica\\\/disneys-live-action-aladdin-finally-finds-its-stars\\\/#primaryimage\",\"url\":\"https:\\\/\\\/pulso27.com\\\/wp-content\\\/uploads\\\/2017\\\/07\\\/cecilia-b-1.png\",\"contentUrl\":\"https:\\\/\\\/pulso27.com\\\/wp-content\\\/uploads\\\/2017\\\/07\\\/cecilia-b-1.png\",\"width\":632,\"height\":449},{\"@type\":\"BreadcrumbList\",\"@id\":\"https:\\\/\\\/pulso27.com\\\/cultura\\\/musica\\\/disneys-live-action-aladdin-finally-finds-its-stars\\\/#breadcrumb\",\"itemListElement\":[{\"@type\":\"ListItem\",\"position\":1,\"name\":\"Portada\",\"item\":\"https:\\\/\\\/pulso27.com\\\/\"},{\"@type\":\"ListItem\",\"position\":2,\"name\":\"Cecilia Barraza: luego de 17 a\u00f1os regreso con &#8216;Mediod\u00eda criollo&#8217;\"}]},{\"@type\":\"WebSite\",\"@id\":\"https:\\\/\\\/pulso27.com\\\/en\\\/#website\",\"url\":\"https:\\\/\\\/pulso27.com\\\/en\\\/\",\"name\":\"Pulso27\",\"description\":\"Web de noticias y publicidad\",\"publisher\":{\"@id\":\"https:\\\/\\\/pulso27.com\\\/en\\\/#organization\"},\"alternateName\":\"El pulso del pueblo\",\"potentialAction\":[{\"@type\":\"SearchAction\",\"target\":{\"@type\":\"EntryPoint\",\"urlTemplate\":\"https:\\\/\\\/pulso27.com\\\/en\\\/?s={search_term_string}\"},\"query-input\":{\"@type\":\"PropertyValueSpecification\",\"valueRequired\":true,\"valueName\":\"search_term_string\"}}],\"inLanguage\":\"es-PE\"},{\"@type\":\"Organization\",\"@id\":\"https:\\\/\\\/pulso27.com\\\/en\\\/#organization\",\"name\":\"Pulso27\",\"url\":\"https:\\\/\\\/pulso27.com\\\/en\\\/\",\"logo\":{\"@type\":\"ImageObject\",\"inLanguage\":\"es-PE\",\"@id\":\"https:\\\/\\\/pulso27.com\\\/en\\\/#\\\/schema\\\/logo\\\/image\\\/\",\"url\":\"https:\\\/\\\/pulso27.com\\\/wp-content\\\/uploads\\\/2026\\\/02\\\/Logotipo-de-la-organizacion-696-x-696-px-ok.png\",\"contentUrl\":\"https:\\\/\\\/pulso27.com\\\/wp-content\\\/uploads\\\/2026\\\/02\\\/Logotipo-de-la-organizacion-696-x-696-px-ok.png\",\"width\":696,\"height\":696,\"caption\":\"Pulso27\"},\"image\":{\"@id\":\"https:\\\/\\\/pulso27.com\\\/en\\\/#\\\/schema\\\/logo\\\/image\\\/\"},\"sameAs\":[\"https:\\\/\\\/www.facebook.com\\\/pulso27\\\/\",\"https:\\\/\\\/x.com\\\/Pulso_27\",\"https:\\\/\\\/www.youtube.com\\\/@Pulso27\",\"https:\\\/\\\/www.tiktok.com\\\/@pulso_27\"]},{\"@type\":\"Person\",\"@id\":\"https:\\\/\\\/pulso27.com\\\/en\\\/#\\\/schema\\\/person\\\/92f5059eb04cb644a32d22c9bc998684\",\"name\":\"Maga\",\"image\":{\"@type\":\"ImageObject\",\"inLanguage\":\"es-PE\",\"@id\":\"https:\\\/\\\/secure.gravatar.com\\\/avatar\\\/c4d5224d4227e7c057cd5793ba910425cc902f3aef97cda3eccc7acba8be2edc?s=96&d=mm&r=g\",\"url\":\"https:\\\/\\\/secure.gravatar.com\\\/avatar\\\/c4d5224d4227e7c057cd5793ba910425cc902f3aef97cda3eccc7acba8be2edc?s=96&d=mm&r=g\",\"contentUrl\":\"https:\\\/\\\/secure.gravatar.com\\\/avatar\\\/c4d5224d4227e7c057cd5793ba910425cc902f3aef97cda3eccc7acba8be2edc?s=96&d=mm&r=g\",\"caption\":\"Maga\"},\"sameAs\":[\"http:\\\/\\\/www.pulso27.com\"],\"url\":\"https:\\\/\\\/pulso27.com\\\/es\\\/author\\\/maga\\\/\"}]}<\/script>\n<!-- \/ Yoast SEO plugin. -->","yoast_head_json":{"title":"Cecilia Barraza: luego de 17 a\u00f1os regreso con 'Mediod\u00eda criollo' - Pulso27","robots":{"index":"index","follow":"follow","max-snippet":"max-snippet:-1","max-image-preview":"max-image-preview:large","max-video-preview":"max-video-preview:-1"},"canonical":"https:\/\/pulso27.com\/es\/cultura\/musica\/disneys-live-action-aladdin-finally-finds-its-stars\/","og_locale":"es_ES","og_type":"article","og_title":"Cecilia Barraza: luego de 17 a\u00f1os regreso con 'Mediod\u00eda criollo' - Pulso27","og_description":"La interprete de m\u00fasica criolla, regres\u00f3 a las pantallas de televisi\u00f3n este domingo 4 de noviembre y lo hizo a lo grande con su recordado programa 'Mediod\u00eda criollo'.","og_url":"https:\/\/pulso27.com\/es\/cultura\/musica\/disneys-live-action-aladdin-finally-finds-its-stars\/","og_site_name":"Pulso27","article_publisher":"https:\/\/www.facebook.com\/pulso27\/","article_published_time":"2023-10-22T13:28:00+00:00","article_modified_time":"2024-10-14T05:09:04+00:00","og_image":[{"width":632,"height":449,"url":"https:\/\/pulso27.com\/wp-content\/uploads\/2017\/07\/cecilia-b-1.png","type":"image\/png"}],"author":"Maga","twitter_card":"summary_large_image","twitter_creator":"@Pulso_27","twitter_site":"@Pulso_27","twitter_misc":{"Written by":"Maga","Est. reading time":"1 minuto"},"schema":{"@context":"https:\/\/schema.org","@graph":[{"@type":"Article","@id":"https:\/\/pulso27.com\/cultura\/musica\/disneys-live-action-aladdin-finally-finds-its-stars\/#article","isPartOf":{"@id":"https:\/\/pulso27.com\/cultura\/musica\/disneys-live-action-aladdin-finally-finds-its-stars\/"},"author":{"name":"Maga","@id":"https:\/\/pulso27.com\/en\/#\/schema\/person\/92f5059eb04cb644a32d22c9bc998684"},"headline":"Cecilia Barraza: luego de 17 a\u00f1os regreso con &#8216;Mediod\u00eda criollo&#8217;","datePublished":"2023-10-22T13:28:00+00:00","dateModified":"2024-10-14T05:09:04+00:00","mainEntityOfPage":{"@id":"https:\/\/pulso27.com\/cultura\/musica\/disneys-live-action-aladdin-finally-finds-its-stars\/"},"wordCount":194,"commentCount":0,"publisher":{"@id":"https:\/\/pulso27.com\/en\/#organization"},"image":{"@id":"https:\/\/pulso27.com\/cultura\/musica\/disneys-live-action-aladdin-finally-finds-its-stars\/#primaryimage"},"thumbnailUrl":"https:\/\/pulso27.com\/wp-content\/uploads\/2017\/07\/cecilia-b-1.png","keywords":["CeciliaBarraza","Disney","M\u00fasica","TV"],"articleSection":["Cultura","M\u00fasica"],"inLanguage":"es-PE","potentialAction":[{"@type":"CommentAction","name":"Comment","target":["https:\/\/pulso27.com\/cultura\/musica\/disneys-live-action-aladdin-finally-finds-its-stars\/#respond"]}]},{"@type":"WebPage","@id":"https:\/\/pulso27.com\/cultura\/musica\/disneys-live-action-aladdin-finally-finds-its-stars\/","url":"https:\/\/pulso27.com\/cultura\/musica\/disneys-live-action-aladdin-finally-finds-its-stars\/","name":"Cecilia Barraza: luego de 17 a\u00f1os regreso con 'Mediod\u00eda criollo' - Pulso27","isPartOf":{"@id":"https:\/\/pulso27.com\/en\/#website"},"primaryImageOfPage":{"@id":"https:\/\/pulso27.com\/cultura\/musica\/disneys-live-action-aladdin-finally-finds-its-stars\/#primaryimage"},"image":{"@id":"https:\/\/pulso27.com\/cultura\/musica\/disneys-live-action-aladdin-finally-finds-its-stars\/#primaryimage"},"thumbnailUrl":"https:\/\/pulso27.com\/wp-content\/uploads\/2017\/07\/cecilia-b-1.png","datePublished":"2023-10-22T13:28:00+00:00","dateModified":"2024-10-14T05:09:04+00:00","breadcrumb":{"@id":"https:\/\/pulso27.com\/cultura\/musica\/disneys-live-action-aladdin-finally-finds-its-stars\/#breadcrumb"},"inLanguage":"es-PE","potentialAction":[{"@type":"ReadAction","target":["https:\/\/pulso27.com\/cultura\/musica\/disneys-live-action-aladdin-finally-finds-its-stars\/"]}]},{"@type":"ImageObject","inLanguage":"es-PE","@id":"https:\/\/pulso27.com\/cultura\/musica\/disneys-live-action-aladdin-finally-finds-its-stars\/#primaryimage","url":"https:\/\/pulso27.com\/wp-content\/uploads\/2017\/07\/cecilia-b-1.png","contentUrl":"https:\/\/pulso27.com\/wp-content\/uploads\/2017\/07\/cecilia-b-1.png","width":632,"height":449},{"@type":"BreadcrumbList","@id":"https:\/\/pulso27.com\/cultura\/musica\/disneys-live-action-aladdin-finally-finds-its-stars\/#breadcrumb","itemListElement":[{"@type":"ListItem","position":1,"name":"Portada","item":"https:\/\/pulso27.com\/"},{"@type":"ListItem","position":2,"name":"Cecilia Barraza: luego de 17 a\u00f1os regreso con &#8216;Mediod\u00eda criollo&#8217;"}]},{"@type":"WebSite","@id":"https:\/\/pulso27.com\/en\/#website","url":"https:\/\/pulso27.com\/en\/","name":"Pulso27","description":"Web de noticias y publicidad","publisher":{"@id":"https:\/\/pulso27.com\/en\/#organization"},"alternateName":"El pulso del pueblo","potentialAction":[{"@type":"SearchAction","target":{"@type":"EntryPoint","urlTemplate":"https:\/\/pulso27.com\/en\/?s={search_term_string}"},"query-input":{"@type":"PropertyValueSpecification","valueRequired":true,"valueName":"search_term_string"}}],"inLanguage":"es-PE"},{"@type":"Organization","@id":"https:\/\/pulso27.com\/en\/#organization","name":"Pulso27","url":"https:\/\/pulso27.com\/en\/","logo":{"@type":"ImageObject","inLanguage":"es-PE","@id":"https:\/\/pulso27.com\/en\/#\/schema\/logo\/image\/","url":"https:\/\/pulso27.com\/wp-content\/uploads\/2026\/02\/Logotipo-de-la-organizacion-696-x-696-px-ok.png","contentUrl":"https:\/\/pulso27.com\/wp-content\/uploads\/2026\/02\/Logotipo-de-la-organizacion-696-x-696-px-ok.png","width":696,"height":696,"caption":"Pulso27"},"image":{"@id":"https:\/\/pulso27.com\/en\/#\/schema\/logo\/image\/"},"sameAs":["https:\/\/www.facebook.com\/pulso27\/","https:\/\/x.com\/Pulso_27","https:\/\/www.youtube.com\/@Pulso27","https:\/\/www.tiktok.com\/@pulso_27"]},{"@type":"Person","@id":"https:\/\/pulso27.com\/en\/#\/schema\/person\/92f5059eb04cb644a32d22c9bc998684","name":"Maga","image":{"@type":"ImageObject","inLanguage":"es-PE","@id":"https:\/\/secure.gravatar.com\/avatar\/c4d5224d4227e7c057cd5793ba910425cc902f3aef97cda3eccc7acba8be2edc?s=96&d=mm&r=g","url":"https:\/\/secure.gravatar.com\/avatar\/c4d5224d4227e7c057cd5793ba910425cc902f3aef97cda3eccc7acba8be2edc?s=96&d=mm&r=g","contentUrl":"https:\/\/secure.gravatar.com\/avatar\/c4d5224d4227e7c057cd5793ba910425cc902f3aef97cda3eccc7acba8be2edc?s=96&d=mm&r=g","caption":"Maga"},"sameAs":["http:\/\/www.pulso27.com"],"url":"https:\/\/pulso27.com\/es\/author\/maga\/"}]}},"amp_enabled":true,"_links":{"self":[{"href":"https:\/\/pulso27.com\/es\/wp-json\/wp\/v2\/posts\/201","targetHints":{"allow":["GET"]}}],"collection":[{"href":"https:\/\/pulso27.com\/es\/wp-json\/wp\/v2\/posts"}],"about":[{"href":"https:\/\/pulso27.com\/es\/wp-json\/wp\/v2\/types\/post"}],"author":[{"embeddable":true,"href":"https:\/\/pulso27.com\/es\/wp-json\/wp\/v2\/users\/8"}],"replies":[{"embeddable":true,"href":"https:\/\/pulso27.com\/es\/wp-json\/wp\/v2\/comments?post=201"}],"version-history":[{"count":3,"href":"https:\/\/pulso27.com\/es\/wp-json\/wp\/v2\/posts\/201\/revisions"}],"predecessor-version":[{"id":911,"href":"https:\/\/pulso27.com\/es\/wp-json\/wp\/v2\/posts\/201\/revisions\/911"}],"wp:featuredmedia":[{"embeddable":true,"href":"https:\/\/pulso27.com\/es\/wp-json\/wp\/v2\/media\/485"}],"wp:attachment":[{"href":"https:\/\/pulso27.com\/es\/wp-json\/wp\/v2\/media?parent=201"}],"wp:term":[{"taxonomy":"category","embeddable":true,"href":"https:\/\/pulso27.com\/es\/wp-json\/wp\/v2\/categories?post=201"},{"taxonomy":"post_tag","embeddable":true,"href":"https:\/\/pulso27.com\/es\/wp-json\/wp\/v2\/tags?post=201"}],"curies":[{"name":"wp","href":"https:\/\/api.w.org\/{rel}","templated":true}]}}