{"id":2038,"date":"2024-09-13T11:11:44","date_gmt":"2024-09-13T06:11:44","guid":{"rendered":"https:\/\/pulso27.com\/?p=2038"},"modified":"2024-09-15T12:55:10","modified_gmt":"2024-09-15T07:55:10","slug":"murio-el-dictador-genocida-y-corrupto-alberto-fujimori","status":"publish","type":"post","link":"https:\/\/pulso27.com\/es\/nacional\/murio-el-dictador-genocida-y-corrupto-alberto-fujimori\/","title":{"rendered":"Muri\u00f3 el dictador, genocida y corrupto Alberto Fujimori"},"content":{"rendered":"\n<p>Alberto Fujimori Fujimori, quien gobern\u00f3 el Per\u00fa entre 1990 y 2000, falleci\u00f3 este mi\u00e9rcoles 11 de septiembre, en la casa de su hija Keiko Fujimori, en el distrito de San Borja, meses despu\u00e9s de haber recuperado su libertad que purgaba por delitos de lesa humanidad, corrupci\u00f3n y otros, luego de sufrir diversas complicaciones m\u00e9dicas desde que ingres\u00f3 a la c\u00e1rcel a mediados de 2007. Fue beneficiado con un indulto humanitario indebido por el gobierno de Pedro Pablo Kuczynski, por lo que, regres\u00f3 a prisi\u00f3n por las irregularidades en el proceso, pero no por mucho tiempo, porque a finales de 2023, el Tribunal Constitucional del Per\u00fa lo dej\u00f3 en libertad.<\/p>\n\n\n\n<p>Hijo de japoneses, pero apodado \u201cEl chino\u201d por sus amigos y partidarios, Fujimori era ingeniero agr\u00f3nomo y al momento de lanzarse a la pol\u00edtica se desempe\u00f1aba como profesor de matem\u00e1tica en la Universidad Agraria de La Molina del Per\u00fa. Sus padres, nacidos en la provincia japonesa de Kumamoto, trabajaron en Per\u00fa como costureros, reparadores de neum\u00e1ticos, repartidores de rosas y una granja av\u00edcola para que les permiti\u00f3 mantener a sus tres hijos y dos hijas.<\/p>\n\n\n\n<figure class=\"wp-block-image size-large\"><img loading=\"lazy\" decoding=\"async\" width=\"1024\" height=\"683\" src=\"https:\/\/pulso27.com\/wp-content\/uploads\/2024\/09\/image-6-1024x683.png\" alt=\"\" class=\"wp-image-2041\" srcset=\"https:\/\/pulso27.com\/wp-content\/uploads\/2024\/09\/image-6-1024x683.png 1024w, https:\/\/pulso27.com\/wp-content\/uploads\/2024\/09\/image-6-300x200.png 300w, https:\/\/pulso27.com\/wp-content\/uploads\/2024\/09\/image-6-768x512.png 768w, https:\/\/pulso27.com\/wp-content\/uploads\/2024\/09\/image-6-18x12.png 18w, https:\/\/pulso27.com\/wp-content\/uploads\/2024\/09\/image-6.png 1200w\" sizes=\"auto, (max-width: 1024px) 100vw, 1024px\" \/><figcaption class=\"wp-element-caption\">Alberto Fujimori Fuj<em>imori durante la campa\u00f1a presidencial <\/em><\/figcaption><\/figure>\n\n\n\n<p>Con el slogan \u201chonradez, tecnolog\u00eda, trabajo\u201d, Fujimori se lanz\u00f3 a convertirse en presidente de la Rep\u00fablica, prometiendo traer la inversi\u00f3n y la tecnolog\u00eda japonesa e integrar Per\u00fa de la cuenca del Pac\u00edfico en la floreciente econom\u00eda transpac\u00edfica de entonces. Se present\u00f3 como un pol\u00edtico de centro derecha, prometiendo reactivar la agricultura y mantener un sistema de grandes empresas estatales, con lo que, logr\u00f3 articular una ins\u00f3lita base de apoyo entre los cristianos evang\u00e9licos, los empresarios, los estudiantes y profesores universitarios, y los pobres de Lima y las principales ciudades de las capitales de departamentos de la costa peruana. Prometi\u00f3 acabar con la subversi\u00f3n, el narcotr\u00e1fico, y el estancamiento econ\u00f3mico que hab\u00edan lastrado a Per\u00fa durante d\u00e9cadas pasadas, pero especialmente durante el desastroso gobierno de su antecesor Alan Garc\u00eda P\u00e9rez.<\/p>\n\n\n\n<p>Fujimori (62.5%) gan\u00f3 la presidencia del Per\u00fa en 1990 con un discurso antiliberal con el que derrot\u00f3 en segunda vuelta a su contrincante, Mario Vargas Llosa (37.2%), del liberal Frente Democr\u00e1tico.<\/p>\n\n\n\n<p>Durante su campa\u00f1a, Fujimori dijo que reducir\u00eda la inflaci\u00f3n sin la necesidad de un programa de shock, pero fue lo primero que hizo a los diez d\u00edas de asumir el gobierno. Fue su ministro de Econom\u00eda, Juan Carlos Hurtado Miller, quien se encarg\u00f3 de anunciar las medidas del programa m\u00e1s dr\u00e1stico de ajuste de la historia peruana: Unific\u00f3 el tipo de cambio, dej\u00f3 crecer la moneda, regul\u00f3 el comercio y elimin\u00f3 los subsidios. El precio de la gasolina se increment\u00f3 32 veces, el pan cuadruplic\u00f3 su precio en un d\u00eda. En 1990, el a\u00f1o del \u201cFujishock\u201d, la inflaci\u00f3n alcanz\u00f3 el 7.650%. Varios meses despu\u00e9s de las medidas no se detuvo la ca\u00edda del PBI, no se elimin\u00f3 la inflaci\u00f3n y aument\u00f3 el desempleo y el n\u00famero de pobres. Los resultados fueron traum\u00e1ticos y dolorosos porque las anunciadas mejoras tardaron m\u00e1s de lo previsto.<\/p>\n\n\n\n<p>La pol\u00edtica ultraliberal del gobierno fujimorista, la lucha contra Sendero Luminoso y el Movimiento Revolucionario Tupac Amaru, y la corrupci\u00f3n generalizada cada vez m\u00e1s evidente estaba despertando una amplia oposici\u00f3n, y no solo social sino tambi\u00e9n dentro de las instituciones del propio Estado. Para acallar y eliminar esas voces discordantes, el 5 de abril de 1992, Fujimori disolvi\u00f3 el Congreso, ech\u00f3 a los miembros de la Corte Suprema, al fiscal de la Naci\u00f3n, a los miembros del Tribunal de Garant\u00edas Constitucionales y al 20% de todos los jueces del pa\u00eds para sustituirlos en apenas unos d\u00edas con personas afines a su Gobierno, convertido desde entonces en una dictadura corrupta y asesina. Al d\u00eda siguiente del autogolpe autoriz\u00f3 por decreto la publicaci\u00f3n de 772 leyes neoliberales, que le permiti\u00f3 implementar un plan meticuloso de corrupci\u00f3n sistem\u00e1tica, apropiaci\u00f3n de fondos p\u00fablicos para comprar medios de comunicaci\u00f3n, jueces y fiscales que le permiti\u00f3 ocultar no solo el hecho de haber roto el orden constitucional, sino los cr\u00edmenes que ahora se sabe que hab\u00edan estado cometiendo Alberto Fujimori, su familia y su gente cercana. Ese mismo a\u00f1o, el l\u00edder de Sendero Luminoso, Abimael Guzm\u00e1n, ca\u00eda detenido y Fujimori consegu\u00eda la foto del \u201cpresidente Gonzalo\u201d en una teatral jaula vestido con un cinematogr\u00e1fico traje de presidiario a rayas. El reparto clientelar de ayudas en los barrios y zonas rurales m\u00e1s pobres consigui\u00f3 mantener silenciada la indignaci\u00f3n popular, por buen tiempo.<\/p>\n\n\n\n<p>A nivel mundial, Fujimori es considerado el s\u00e9ptimo mandatario m\u00e1s corrupto entre los diez jefes de Estado m\u00e1s corruptos, de acuerdo con el Informe Global sobre la Corrupci\u00f3n 2004 que fue elaborado por la ONG Transparencia Internacional. La entidad internacional estim\u00f3 que Fujimori Fujimori hab\u00eda robado durante su gobierno aproximadamente 600 millones de d\u00f3lares. En 2009 fue condenado a 25 a\u00f1os de prisi\u00f3n considerado como autor mediato de homicidio calificado con alevos\u00eda, lesiones graves y secuestro agravado en las matanzas de Barrios Altos, La Cantuta y los secuestros del periodista Gustavo Gorriti y el empresario Samuel Dyer.<\/p>\n\n\n\n<figure class=\"wp-block-image size-full\"><img loading=\"lazy\" decoding=\"async\" width=\"827\" height=\"475\" src=\"https:\/\/pulso27.com\/wp-content\/uploads\/2024\/09\/Golpe.jpeg\" alt=\"\" class=\"wp-image-2042\" srcset=\"https:\/\/pulso27.com\/wp-content\/uploads\/2024\/09\/Golpe.jpeg 827w, https:\/\/pulso27.com\/wp-content\/uploads\/2024\/09\/Golpe-300x172.jpeg 300w, https:\/\/pulso27.com\/wp-content\/uploads\/2024\/09\/Golpe-768x441.jpeg 768w, https:\/\/pulso27.com\/wp-content\/uploads\/2024\/09\/Golpe-18x10.jpeg 18w\" sizes=\"auto, (max-width: 827px) 100vw, 827px\" \/><figcaption class=\"wp-element-caption\"><em>Golpe de Estado de 1992 para tomar el control del Estado<\/em> <\/figcaption><\/figure>\n\n\n\n<p>A partir del 1990, Alberto Fujimori puso en marcha un programa de privatizaci\u00f3n de empresas estatales de los sectores de miner\u00eda, energ\u00eda, telecomunicaciones y banca, bajo la Ley de Promoci\u00f3n de la Inversi\u00f3n Privada en Empresas del Estado. Entre 1992 y 1996 se privatizaron m\u00e1s de 228 empresas estatales. Entre las empresas privatizadas se encuentran Petromar por Petrotech Internacional; Compa\u00f1\u00eda Peruana de Tel\u00e9fonos y Empresa Nacional de Telecomunicaciones por Telef\u00f3nica Espa\u00f1a, entre otras. En 1995 el 60% de acciones de Banco Continental fueron vendidas al consorcio conformado por el Banco Vizcaya de Espa\u00f1a y empresas locales del Grupo Brescia. En 1996, el proyecto minero Antamina de la empresa estatal Centromin tambi\u00e9n fue vendido, al igual que la Empresa Sider\u00fargica del Per\u00fa. Entre 1995 y 1999, se vendi\u00f3 la refiner\u00eda de zinc de Cajamarquilla, Empresa Metal\u00fargica de La Oroya, entre otras. Es decir, entre 1990 y 2000, el gobierno de Alberto Fujimori impuls\u00f3 una pol\u00edtica para anular la actividad empresarial del Estado. Por eso, uno de los casos m\u00e1s emblem\u00e1ticos analizados por el Congreso en 2001 fue la privatizaci\u00f3n de las empresas p\u00fablicas y su transferencia a manos privadas.<\/p>\n\n\n\n<p>Se hall\u00f3 que fueron privatizadas empresas mineras (90%); de manufactura (85.5%), hidrocarburos (68%), electricidad (68%) y agricultura (35%). El monto total de las transacciones alcanz\u00f3 los 9 mil 221 millones de d\u00f3lares; las investigaciones parlamentarias determinaron que solo 6 mil 445 millones de d\u00f3lares ingresaron al tesoro p\u00fablico. Es decir, unos 2 mil 776 millones de d\u00f3lares se quedaron en el camino, esto equival\u00eda a unos 6 mil 495 millones 840 mil nuevos soles. Adem\u00e1s de los m\u00e1s de 6 mil millones de nuevos soles \u201cperdidos\u201d de la privatizaci\u00f3n, se debe sumar que, del monto que s\u00ed ingres\u00f3 al tesoro p\u00fablico, unos 11 mil 419 millones 200 mil nuevos soles fueron destinados a las compras secretas e irregulares de armamento a grupos de traficantes que, como demostraron las investigaciones posteriores al r\u00e9gimen, devolv\u00edan parte del dinero a manera de \u201ccomisi\u00f3n\u201d para Vladimiro Montesinos y altos funcionarios del Estado.<\/p>\n\n\n\n<figure class=\"wp-block-image size-full\"><img loading=\"lazy\" decoding=\"async\" width=\"892\" height=\"501\" src=\"https:\/\/pulso27.com\/wp-content\/uploads\/2024\/09\/Extradicion.jpeg\" alt=\"\" class=\"wp-image-2043\" srcset=\"https:\/\/pulso27.com\/wp-content\/uploads\/2024\/09\/Extradicion.jpeg 892w, https:\/\/pulso27.com\/wp-content\/uploads\/2024\/09\/Extradicion-300x168.jpeg 300w, https:\/\/pulso27.com\/wp-content\/uploads\/2024\/09\/Extradicion-768x431.jpeg 768w, https:\/\/pulso27.com\/wp-content\/uploads\/2024\/09\/Extradicion-18x10.jpeg 18w\" sizes=\"auto, (max-width: 892px) 100vw, 892px\" \/><figcaption class=\"wp-element-caption\"><em>Campa\u00f1a de extradici\u00f3n por cr\u00edmenes de lesa humanidad y corrupci\u00f3n<\/em><\/figcaption><\/figure>\n\n\n\n<p>Barrios Altos: La primera de estas matanzas cometidas por un escuadr\u00f3n del ej\u00e9rcito, el paramilitar Grupo Colina, se perpetr\u00f3 en la noche del 3 de noviembre de 1991 en un antiguo vecindario del centro de Lima denominado Barrios Altos. Ocho individuos armados con metralletas, con los rostros cubiertos con pasamonta\u00f1as, irrumpieron en un solar donde los vecinos realizaban una fiesta, oblig\u00e1ndolos a arrojarse al suelo. Luego, les dispararon r\u00e1fagas, utilizando silenciadores y, finalmente, uno de los atacantes remat\u00f3 con tiros de gracia a los moribundos. Quince personas murieron, entre ellos un ni\u00f1o de 8 a\u00f1os que hu\u00eda en busca de su padre, seg\u00fan relataron supervivientes a la Comisi\u00f3n de la Verdad y Reconciliaci\u00f3n, que investig\u00f3 los a\u00f1os de violencia pol\u00edtica en Per\u00fa. Precisamente, el rostro infantil de Javier R\u00edos es hasta ahora una de las caras m\u00e1s emblem\u00e1ticas del crimen, presente en fotos al frente de manifestaciones como las realizadas contra el temporal indulto que entre 2017 y 2018 goz\u00f3 Fujimori sobre su condena por este caso, junto a otras violaciones a los derechos humanos. Junto a Fujimori fueron declarados culpables, el exasesor presidencial Vladimiro Montesinos y los ex generales Nicol\u00e1s Hermoza R\u00edos, Juan Rivero Lazo y Julio Salazar Monroe, adem\u00e1s de todos los integrantes del grupo Colina, incluido el mayor Santiago Mart\u00edn Rivas, responsable del operativo en Barrios Altos.<\/p>\n\n\n\n<p>La Cantuta: La otra matanza ocurri\u00f3 en la madrugada del 18 de julio de 1992, en la Universidad La Cantuta, donde nueve estudiantes y un profesor fueron secuestrados y llevados por el Grupo Colina a una zona abandonada al este de Lima, donde fueron ejecutados con disparos en la nuca. Los cad\u00e1veres fueron enterrados clandestinamente en tres fosas, y luego desenterrados y llevados a otro lugar, donde finalmente fueron encontrados tras investigaciones de la prensa. Primero el Gobierno y las Fuerzas Armadas atribuyeron la masacre a un atentado terrorista de Sendero Luminoso (SL) o del Movimiento Revolucionario T\u00fapac Amaru (MRTA), pero las investigaciones period\u00edsticas ya apuntaban a un grupo de militares adscritos al Servicio de Inteligencia del Ej\u00e9rcito (SIE), como se confirmar\u00eda finalmente.<\/p>\n\n\n\n<p>Casos Gorriti y Dyer: La Justicia tambi\u00e9n conden\u00f3 a Fujimori por los casos del periodista Gustavo Gorriti y el empresario Samuel Dyer, detenidos en la noche del 5 de abril de 1992 (cuando Fujimori disolvi\u00f3 el Congreso) y llevados al cuartel general del Ej\u00e9rcito donde se encontraba el Servicio de Inteligencia del Estado. Tanto Gorriti como Dyer fueron liberados d\u00edas despu\u00e9s. Fujimori utiliz\u00f3 secuestros para silenciar voces cr\u00edticas y consolidar su poder. El periodista Gustavo Gorriti y el empresario Samuel Dyer fueron secuestrados en 1992, un acto que subray\u00f3 la represi\u00f3n gubernamental. Estos casos demostraron la disposici\u00f3n del r\u00e9gimen para utilizar medidas dr\u00e1sticas y violentas contra sus opositores. Los secuestros de Gorriti y Dyer fueron una clara se\u00f1al del control autoritario ejercido por Fujimori. La intervenci\u00f3n internacional y la presi\u00f3n medi\u00e1tica fueron cruciales para la liberaci\u00f3n de ambos, pero estos eventos dejaron una marca indeleble sobre la libertad de expresi\u00f3n en el pa\u00eds.<\/p>\n\n\n\n<p>Caso Pativilca: La reciente muerte de Alberto Fujimori tambi\u00e9n ha vuelto a abrir las heridas de las v\u00edctimas de su r\u00e9gimen, que sienten que la justicia sigue incompleta. Seg\u00fan APRODEH, una de las heridas m\u00e1s significativas es el caso de Pativilca, en el cual Fujimori, uno de los principales acusados, falleci\u00f3 sin ser sentenciado. Fujimori, quien fue condenado por delitos de lesa humanidad, ser\u00e1 recordado como el l\u00edder de un gobierno acusado de generar muerte, dolor y corrupci\u00f3n en Per\u00fa. La decisi\u00f3n de realizar funerales con honores para \u00e9l ha sido vista como una violaci\u00f3n a la memoria de las v\u00edctimas y una muestra de desprecio por su sufrimiento, seg\u00fan APRODEH. El r\u00e9gimen de Dina Boluarte, es criticado tambi\u00e9n por priorizar alianzas pol\u00edticas para asegurar su supervivencia en lugar de defender los derechos de quienes a\u00fan buscan verdad y justicia. APRODEH subraya que la administraci\u00f3n de Boluarte ha demostrado un comportamiento similar, evidenciado por los 49 muertos que se le atribuyen sin muestra de remordimiento. Al respecto, El Poder Judicial hab\u00eda rechazado la prescripci\u00f3n del delito de asociaci\u00f3n il\u00edcita para delinquir para el exdictador Alberto Fujimori (1990-2000) y su exasesor, Vladimiro Montesinos, por su presunta intervenci\u00f3n en los casos Pativilca y La Cantuta. La decisi\u00f3n adoptada por la Sala Penal Transitoria de la Corte Suprema fue hecha p\u00fablica el jueves 5 de setiembre del presente e implica tambi\u00e9n al exjefe del Comando Conjunto de las Fuerzas Armadas, Nicol\u00e1s de Bari Hermoza, y el exoficial del Ej\u00e9rcito, Luis P\u00e9rez Documet. Dicho fallo declar\u00f3 nula la resoluci\u00f3n emitida en octubre de 2023 por la Cuarta Sala Penal Superior Nacional Liquidadora, que hab\u00eda aceptado esta prescripci\u00f3n. Sin embargo, el Procurador P\u00fablico Especializado en Delitos contra el Orden P\u00fablico del Ministerio del Interior apel\u00f3 la decisi\u00f3n. En el caso Pativilca, Fujimori est\u00e1 acusado de haber aprobado e implementado una pol\u00edtica antiterrorista, dise\u00f1ada por Montesinos, que incluy\u00f3 la reestructuraci\u00f3n del Sistema de Defensa Nacional y la emisi\u00f3n de nuevas leyes que otorgaban al jefe del Servicio de Inteligencia Nacional (SIN) la m\u00e1xima autoridad en el sistema. Bajo este marco, seg\u00fan la acusaci\u00f3n, se ordenaron \u201cOperaciones Especiales de Inteligencia\u201d (OEI) para eliminar presuntos elementos terroristas. Una de estas operaciones fue ejecutada en 1992 por el grupo encubierto Colina en la localidad de Pativilca, donde seis campesinos fueron asesinados. Montesinos propuso el nombramiento de personas de su confianza en puestos claves de las instituciones armadas y comparti\u00f3 el control del SIN.<\/p>\n\n\n\n<figure class=\"wp-block-image size-full is-resized\"><img loading=\"lazy\" decoding=\"async\" width=\"516\" height=\"342\" src=\"https:\/\/pulso27.com\/wp-content\/uploads\/2024\/09\/Farc.jpeg\" alt=\"\" class=\"wp-image-2044\" style=\"width:740px;height:auto\" srcset=\"https:\/\/pulso27.com\/wp-content\/uploads\/2024\/09\/Farc.jpeg 516w, https:\/\/pulso27.com\/wp-content\/uploads\/2024\/09\/Farc-300x199.jpeg 300w, https:\/\/pulso27.com\/wp-content\/uploads\/2024\/09\/Farc-18x12.jpeg 18w\" sizes=\"auto, (max-width: 516px) 100vw, 516px\" \/><figcaption class=\"wp-element-caption\"><em>Tr\u00e1fico de armas a las Fuerzas Armadas Revolucionarias de Colombia (FARC)<\/em><\/figcaption><\/figure>\n\n\n\n<p>Caso esterilizaciones forzadas: En marzo de 2021, el juez Rafael Mart\u00ednez del Juzgado Penal Supraprovincial Liquidador Transitorio de la Corte Superior Nacional Especial abri\u00f3 el proceso penal contra Alberto Fujimori y otros investigados por el Caso de las Esterilizaciones Forzadas. La fiscal\u00eda denunci\u00f3 al exdictador como autor mediato por la presunta comisi\u00f3n del delito contra la vida, el cuerpo y la salud, espec\u00edficamente lesiones graves seguidas de muerte. Esta acusaci\u00f3n se enmarca en un contexto de graves violaciones a los derechos humanos y afecta a las v\u00edctimas Mam\u00e9rita Mestanza, Alejandra Aguirre, y otras personas. De acuerdo con el Ministerio P\u00fablico, Fujimori y sus exministros establecieron una pol\u00edtica de salud p\u00fablica que en realidad se trataba de un programa de \u201cesterilizaciones\u201d que habr\u00edan sido practicadas sin el consentimiento de las mujeres v\u00edctimas.<\/p>\n\n\n\n<p>Caso Chavimochic: El exdictador tambi\u00e9n enfrenta acusaciones en el Caso Chavimochic, que a\u00fan est\u00e1 pendiente de iniciar. Se le imputa haber entregado 800 mil d\u00f3lares de los fondos p\u00fablicos del Servicio de Inteligencia Nacional (SIN) al empresario Augusto Miyagusuku. Este dinero habr\u00eda sido utilizado por Miyagusuku para adquirir terrenos en el sector III del Proyecto de Irrigaci\u00f3n Chavimochic del Valle de Vir\u00fa, ubicado en La Libertad. Seg\u00fan la tesis fiscal, la compra de estos terrenos fue el resultado directo de las actividades delictivas en las que ambos, Miyagusuku y Fujimori, estar\u00edan involucrados. Se sostiene que Miyagusuku actu\u00f3 como testaferro de Fujimori en estas transacciones il\u00edcitas.<\/p>\n\n\n\n<p>Tr\u00e1fico de Armas para las FARC: El 11 de septiembre de 2024, Alberto Fujimori, expresidente de Per\u00fa, falleci\u00f3 a causa de un c\u00e1ncer, un hecho que revitaliz\u00f3 el inter\u00e9s en uno de los episodios m\u00e1s oscuros de su administraci\u00f3n: el esc\u00e1ndalo del Plan Siberia. Este episodio, que comenz\u00f3 a desarrollarse en 2000, dej\u00f3 una marca imborrable en la historia pol\u00edtica de Per\u00fa y Colombia. En agosto de 2000, en un acto p\u00fablico junto a su asesor Vladimiro Montesinos, Fujimori anunci\u00f3 con gran bombo que el Servicio de Inteligencia Nacional (SIN) hab\u00eda desarticulado una red de contrabando de armas que abastec\u00eda a las Fuerzas Armadas Revolucionarias de Colombia (Farc). Seg\u00fan su relato, las armas, adquiridas en Jordania, eran transportadas por las Islas Canarias y Guyana antes de ser lanzadas en paraca\u00eddas en territorio colombiano, espec\u00edficamente en la zona de Barrancominas, en el departamento de Guain\u00eda. Luego, se supon\u00eda que el avi\u00f3n que transportaba las armas, disfrazado de carguero de madera, aterrizaba en Iquitos, Per\u00fa. El Plan Siberia fue presentado como un triunfo estrat\u00e9gico en la lucha contra el terrorismo en Am\u00e9rica Latina, y se utiliz\u00f3 para mostrar el compromiso del Gobierno peruano con la seguridad regional. Sin embargo, pronto se descubri\u00f3 que esta operaci\u00f3n no era lo que parec\u00eda. Una investigaci\u00f3n revel\u00f3 que el supuesto Plan Siberia era en realidad un elaborado fraude dise\u00f1ado para encubrir la verdadera implicaci\u00f3n de Fujimori y Montesinos en el tr\u00e1fico de armas. El esc\u00e1ndalo se desvel\u00f3 cuando el liban\u00e9s Sarkis Soghanalian, colaborador de la Agencia Central de Inteligencia (CIA), confes\u00f3 que \u00e9l hab\u00eda coordinado la venta de fusiles AK-47 directamente con el r\u00e9gimen peruano. En lugar de ser una operaci\u00f3n para combatir el tr\u00e1fico de armas, el plan era un intento de desviar la atenci\u00f3n de la verdadera implicaci\u00f3n de Fujimori y Montesinos en la venta de armas a las Farc. Se descubri\u00f3 que el teniente del Ej\u00e9rcito Jos\u00e9 Aybar, quien fue falsamente acusado de dirigir la operaci\u00f3n ilegal, no era el responsable. En cambio, Montesinos estaba detr\u00e1s de la operaci\u00f3n. La magnitud del fraude qued\u00f3 expuesta en 2006, cuando Montesinos fue condenado a 20 a\u00f1os de prisi\u00f3n por su papel en el tr\u00e1fico de armas, junto con otros 35 implicados. Sin embargo, la verdadera dimensi\u00f3n del esc\u00e1ndalo tambi\u00e9n fue evidente en las acusaciones del entonces presidente colombiano Andr\u00e9s Pastrana. En su libro Memorias Olvidadas, Pastrana revel\u00f3 que el narcotraficante brasile\u00f1o Fernandinho hab\u00eda obtenido la droga necesaria para pagar al gobierno peruano por las armas, en un esquema que en realidad hab\u00eda rearmado a las Farc en lugar de debilitar su capacidad militar. Este esc\u00e1ndalo no solo afect\u00f3 a la pol\u00edtica interna de Per\u00fa, tambi\u00e9n tuvo repercusiones internacionales. En octubre de 2000, apenas dos meses despu\u00e9s del anuncio del Plan Siberia, Pastrana confront\u00f3 a Fujimori en una cumbre en Brasilia. Pastrana expres\u00f3 su indignaci\u00f3n por lo que describi\u00f3 como un acto perverso, acusando a Per\u00fa de haber servido de intermediario clandestino para rearmar a un grupo guerrillero en Colombia. La furia de Pastrana reflejaba el malestar de la comunidad internacional frente a las maniobras de Fujimori y Montesinos. El legado de Fujimori est\u00e1 marcado por su implicaci\u00f3n en uno de los fraudes m\u00e1s notorios en la historia pol\u00edtica de Am\u00e9rica Latina. Su administraci\u00f3n, que comenz\u00f3 con promesas de reforma y lucha contra el terrorismo, termin\u00f3 envuelta en un esc\u00e1ndalo de tr\u00e1fico de armas que desafi\u00f3 la confianza en las instituciones peruanas y revel\u00f3 el alcance de la corrupci\u00f3n en su gobierno.<\/p>\n\n\n\n<p>Vladimiro Montesinos, \u201cEl doc\u201d: se inform\u00f3 que en Suiza ten\u00eda varias cuentas bancarias, un aproximado de 48 millones de d\u00f3lares, por lo que lo acusaron de lavado de activos. Por su parte, el gobierno peruano abri\u00f3 una investigaci\u00f3n y design\u00f3 un abogado especial encargado del caso. El 6 de noviembre de 2024 la justicia peruana orden\u00f3 el embargo preventivo de sus bienes. Por otro lado, su c\u00f3mplice, Alberto Fujimori revel\u00f3 la existencia de otras cuentas bancarias de su exasesor en la isla caribe\u00f1a de Gran Caim\u00e1n, Montevideo y Nueva York. De lujosos viajes a una c\u00e1rcel. De bebidas caras a aguas de cebada y de relojes Rolex, a 25 a\u00f1os de prisi\u00f3n privativa. As\u00ed fue el final del gran conspirador peruano, el mismo que cumple pena en la Base Naval de la Marina de Guerra desde 2001. Lo que jam\u00e1s olvidar\u00e1n los peruanos son las sentencias condenatorias contra el Vladimiro Montesinos &#8211; que suman m\u00e1s de treinta &#8211; y todo lo que hizo cuando estuvo a cargo del SIN. Entre los delitos resaltan: usurpaci\u00f3n de funciones, delitos de violaciones a los derechos humanos por su responsabilidad en las matanzas de Barrios Altos y El Santa, sumado al asesinato del periodista Pedro Yauri. Tambi\u00e9n fue juzgado por la desaparici\u00f3n e incineraci\u00f3n de tres personas, crimen perpetrado en el s\u00f3tano de la sede del Servicio de Inteligencia del Ej\u00e9rcito; y la venta ilegal de armas de procedencia jordana al grupo colombiano terrorista de las Fuerzas Armadas Revolucionarias de Colombia (FARC). No cabe de que Vladimiro Montesinos fue un gran conspirador cuya hambre de poder lo llev\u00f3 a cometer diversos actos de corrupci\u00f3n, los cuales hoy paga tras las rejas.<\/p>\n\n\n\n<figure class=\"wp-block-image size-large\"><img loading=\"lazy\" decoding=\"async\" width=\"1024\" height=\"576\" src=\"https:\/\/pulso27.com\/wp-content\/uploads\/2024\/09\/image-8-1024x576.png\" alt=\"\" class=\"wp-image-2050\" srcset=\"https:\/\/pulso27.com\/wp-content\/uploads\/2024\/09\/image-8-1024x576.png 1024w, https:\/\/pulso27.com\/wp-content\/uploads\/2024\/09\/image-8-300x169.png 300w, https:\/\/pulso27.com\/wp-content\/uploads\/2024\/09\/image-8-768x432.png 768w, https:\/\/pulso27.com\/wp-content\/uploads\/2024\/09\/image-8-18x10.png 18w, https:\/\/pulso27.com\/wp-content\/uploads\/2024\/09\/image-8.png 1200w\" sizes=\"auto, (max-width: 1024px) 100vw, 1024px\" \/><figcaption class=\"wp-element-caption\"><em>Penosa enfermedad que agrav\u00f3 su situaci\u00f3n hasta su deceso el 11 de setiembre de 2024<\/em><\/figcaption><\/figure>\n\n\n\n<p>La ca\u00edda de Fujimori. Luego de su tercera elecci\u00f3n fraudulenta, gan\u00e1ndole a Alejandro Toledo Manrique de Per\u00fa Posible, gracias al control total que ejerc\u00eda en los organismos electorales como el Jurando Nacional de Elecci\u00f3n (JNE), la Oficina Nacional de Procesos Electorales (ONPE) y el Registro Nacional de Identificaci\u00f3n y Estado Civil (RENIEC). La debacle de Alberto Fujimori no se hizo esperar, a las siete semanas de su nuevo mandato, el 14 de septiembre de 2000, un canal de televisi\u00f3n por cable transmiti\u00f3 una cinta de video de 58 minutos que mostraba a Montesinos entregando 15.000 d\u00f3lares a un pol\u00edtico de la oposici\u00f3n, Alberto Kouri, para que desertara y se pasara al partido de Fujimori. urgieron m\u00e1s cintas que mostraban sobornos. M\u00e1s tarde se revel\u00f3 que Montesinos &#8211; encarcelado desde 2003 &#8211; hab\u00eda orquestado no solo la represi\u00f3n pol\u00edtica, sino tambi\u00e9n una lucrativa serie de malversaciones, tr\u00e1fico de influencias y esquemas de sobornos. Tambi\u00e9n hab\u00eda filmado muchas, si no todas, sus reuniones para posibles chantajes; las cintas se convertir\u00edan en la prueba en decenas de juicios por corrupci\u00f3n tras la renuncia de Fujimori. El esc\u00e1ndalo llev\u00f3 r\u00e1pidamente a Fujimori a anunciar que convocar\u00eda nuevas elecciones y que no se presentar\u00eda a un nuevo mandato, donde sali\u00f3 victorioso Alejandro Toledo. Tambi\u00e9n dijo que desmantelar\u00eda el temido servicio de inteligencia que hab\u00eda dirigido Montesinos. Con la intenci\u00f3n de reforzar el apoyo a la transici\u00f3n pol\u00edtica, Fujimori visit\u00f3 Washington y luego Tokio, desde donde present\u00f3 su renuncia. En una \u00faltima bofetada al presidente, el Congreso rechaz\u00f3 la dimisi\u00f3n y declar\u00f3 vacante la presidencia, diciendo que Fujimori era \u201cmoralmente incapaz\u201d de ejercer el cargo. Con permiso para establecerse en Jap\u00f3n &#8211; ten\u00eda derecho a la ciudadan\u00eda por sus padres-, Fujimori trat\u00f3 de presentarse como comentarista sobre el terrorismo. Se present\u00f3 como candidato a senador del Parlamento en Jap\u00f3n.<\/p>\n\n\n\n<p>Mientras el gobierno peruano intentaba infructuosamente extraditar a Fujimori, una comisi\u00f3n de la verdad nombrada por el gobierno concluy\u00f3 que 69.000 personas hab\u00edan muerto entre 1980 y 2000 en conflictos entre insurgentes y el gobierno. Aunque la Comisi\u00f3n concluy\u00f3 que Sendero Luminoso era responsable de la mayor\u00eda de las muertes, tambi\u00e9n acus\u00f3 a Fujimori y a sus dos predecesores, Fernando Bela\u00fande y Alan Garc\u00eda, de abusos generalizados. El informe concluy\u00f3 que tres de cada cuatro v\u00edctimas mortales eran ind\u00edgenas quechua hablantes, en su mayor\u00eda civiles inocentes atrapados en los combates.<\/p>\n\n\n\n<p>No contento con el exilio, Fujimori planific\u00f3 su regreso al poder en Per\u00fa. Pero horas despu\u00e9s de aterrizar en Chile, en lo que iba a ser la primera etapa de un regreso triunfal, fue detenido por una antigua orden internacional. Perdi\u00f3 su candidatura a un esca\u00f1o en el Parlamento de Jap\u00f3n mientras se encontraba bajo arresto domiciliario, y fue enviado de regreso a Per\u00fa en 2007. En su juicio, que comenz\u00f3 aquel diciembre e incluy\u00f3 el testimonio de m\u00e1s de 80 testigos y casi dos decenas de expertos externos, los fiscales argumentaron que Fujimori no hizo nada para impedir que un escuadr\u00f3n de la muerte militar, el grupo Colina, cometiera dos atrocidades: la masacre de 15 personas en noviembre de 1991, incluido un ni\u00f1o de 8 a\u00f1os, en una pollada en Lima, y el asalto a la Universidad La Cantuta en julio de 1992, en el que murieron nueve estudiantes y un profesor. \u201cSoy inocente\u201d, insisti\u00f3 Fujimori ante el tribunal. \u201cEl Per\u00fa que yo hered\u00e9 era un desastre. Estaba en una situaci\u00f3n ca\u00f3tica por donde se le mirara\u201d. La campa\u00f1a contra el terrorismo, insisti\u00f3, fue \u201celiminar la sensaci\u00f3n de desorden y anarqu\u00eda que se hab\u00eda instalado en el Per\u00fa\u201d. En abril de 2009, Fujimori fue condenado por asesinato, secuestro agravado y lesiones, as\u00ed como por cr\u00edmenes contra la humanidad. Recibi\u00f3 una condena de 25 a\u00f1os. Pero ah\u00ed no acabaron sus problemas legales. M\u00e1s tarde, ese mismo a\u00f1o, admiti\u00f3 haber realizado un pago de 15 millones de d\u00f3lares a Montesinos para evitar un golpe de Estado, y tambi\u00e9n admiti\u00f3 haber autorizado escuchas telef\u00f3nicas ilegales y sobornos. En 2015, fue condenado por utilizar dinero p\u00fablico para influir en la cobertura period\u00edstica durante su campa\u00f1a de reelecci\u00f3n en 2000.<\/p>\n\n\n\n<p>Las condenas de Alberto Fujimori: Alberto Fujimori ha enfrentado diversas condenas por sus actos durante su presidencia, comenzando con su primera condena el 11 de diciembre de 2007. En ese d\u00eda, fue sentenciado a seis a\u00f1os de prisi\u00f3n por usurpaci\u00f3n de funciones debido al allanamiento ilegal de la casa de Trinidad Becerra, esposa de su asesor Vladimiro Montesinos, ocurrido el 7 de noviembre de 2000. Este allanamiento fue realizado con la intenci\u00f3n de ocultar evidencia tras la difusi\u00f3n del primer \u201cvladivideo\u201d, y Fujimori fue hallado responsable de haber ordenado la suplantaci\u00f3n de un fiscal y el saqueo de documentos comprometidos. Luego, el 20 de julio de 2009, Fujimori recibi\u00f3 una condena de 7 a\u00f1os y medio de prisi\u00f3n por peculado doloso y falsedad ideol\u00f3gica. Esta condena se debi\u00f3 al pago de 15 millones de d\u00f3lares de fondos estatales a Montesinos como compensaci\u00f3n de tiempo de servicios (CTS). Aunque Fujimori admiti\u00f3 la apropiaci\u00f3n del dinero y su uso para que Montesinos abandonara el pa\u00eds, no mostr\u00f3 arrepentimiento por su conducta, y el proceso se resolvi\u00f3 r\u00e1pidamente al acogerse a la terminaci\u00f3n anticipada. M\u00e1s tarde, el 7 de abril de 2009, Fujimori fue condenado a 25 a\u00f1os de prisi\u00f3n por homicidio calificado con alevos\u00eda y secuestro agravado, relacionados con las matanzas de Barrios Altos y La Cantuta, as\u00ed como las detenciones de Gustavo Gorriti y Samuel Dyer. La Sala Penal Especial, presidida por el juez C\u00e9sar San Mart\u00edn, destac\u00f3 que estas violaciones a los derechos humanos formaban parte de una estrategia sistem\u00e1tica de \u201cguerra de baja intensidad\u201d del gobierno de Fujimori, en colaboraci\u00f3n con Montesinos y el ex comandante general de las Fuerzas Armadas Nicol\u00e1s Hermoza R\u00edos. Finalmente, el 30 de septiembre de 2009, Fujimori fue condenado a seis a\u00f1os de prisi\u00f3n por corrupci\u00f3n relacionada con pagos ilegales a congresistas tr\u00e1nsfugas, espionaje y la compra de medios de comunicaci\u00f3n. Sin embargo, el 8 de enero de 2015, fue condenado nuevamente, esta vez por peculado relacionado con el desv\u00edo de 122 millones de soles al Servicio de Inteligencia Nacional (SIN) para financiar los \u201cdiarios chicha\u201d. Esta \u00faltima condena fue anulada en agosto de 2016 por la Sala Permanente de la Corte Suprema, presidida por Javier Villa Stein, quien absolvi\u00f3 a Fujimori.<\/p>\n\n\n\n<figure class=\"wp-block-image size-full\"><img loading=\"lazy\" decoding=\"async\" width=\"640\" height=\"373\" src=\"https:\/\/pulso27.com\/wp-content\/uploads\/2024\/09\/Estirilizaciones.jpeg\" alt=\"\" class=\"wp-image-2045\" srcset=\"https:\/\/pulso27.com\/wp-content\/uploads\/2024\/09\/Estirilizaciones.jpeg 640w, https:\/\/pulso27.com\/wp-content\/uploads\/2024\/09\/Estirilizaciones-300x175.jpeg 300w, https:\/\/pulso27.com\/wp-content\/uploads\/2024\/09\/Estirilizaciones-18x10.jpeg 18w\" sizes=\"auto, (max-width: 640px) 100vw, 640px\" \/><figcaption class=\"wp-element-caption\"><em>Caso de las esterilizaciones forzadas a peruanas y peruanos humildes<\/em><\/figcaption><\/figure>\n\n\n\n<p>Fujimori no pag\u00f3 millonaria reparaci\u00f3n civil: Javier Pacheco, actual Procurador General del Estado, convers\u00f3 con periodistas de varios medios de Lima, para informar que el exdictador Alberto Fujimori mantiene una millonaria deuda por reparaci\u00f3n civil por la que \u201cno ha pagado ni un sol\u201d. \u201c\u00c9l fue sentenciado por siete casos. De los cuales, tres est\u00e1n vinculados a corrupci\u00f3n, y uno de estos fue el famoso pago de la CTS a Vladimiro Montesinos por 7 millones. Entonces, respecto a eso, se le impuso en suma un total de 27 millones de soles, dentro de los cuales, m\u00e1s los intereses al d\u00eda de hoy suman 57 millones, de los cuales no ha pagado ni un sol\u201d, expres\u00f3 Pacheco para el mencionado medio.<\/p>\n\n\n\n<p>Indulto insultante: En diciembre de 2023, el Tribunal Constitucional revalid\u00f3 el indulto supuestamente a ra\u00edz de su delicada salud, permitiendo su excarcelaci\u00f3n nueve a\u00f1os antes de cumplir su pena. Fujimori, quien tuvo que enfrentar un juicio oral por la matanza de campesinos en Pativilca en 1992, no logr\u00f3 evadir todos los procesos penales pendientes. A pesar de la gracia presidencial, la Corte Interamericana de Derechos Humanos orden\u00f3 la anulaci\u00f3n del indulto. No obstante, el gobierno de Dina Boluarte desacat\u00f3 esta orden, ejecutando la liberaci\u00f3n. El indulto, seg\u00fan el Tribunal Constitucional, se justific\u00f3 debido a condiciones de salud como hipertensi\u00f3n, frecuencia cardiaca irregular y riesgo de c\u00e1ncer de lengua. En libertad, Fujimori se mud\u00f3 con su hija Keiko Fujimori, quien ha sido investigada por lavado de activos y aspir\u00f3 a la presidencia en tres ocasiones. En esos meses finales, el expresidente renov\u00f3 su documento de identidad e incluso se mostr\u00f3 ambiguo sobre una posible candidatura presidencial. Desde su indulto en 2017 hasta su fallecimiento, las protestas en Per\u00fa reflejaron el descontento de miles de personas que consideraban este acto como una muestra de impunidad. Fujimori, quien pas\u00f3 15 a\u00f1os encarcelado por asesinato, viv\u00eda en una celda de 800 metros cuadrados con m\u00faltiples comodidades como pintar, jardiner\u00eda, escuchar \u00f3peras, y recibir visitas. La Corte Interamericana de Derechos Humanos le record\u00f3 al Estado peruano su deber de abstenerse de conceder beneficios a Fujimori, dado que se trata de un caso de cr\u00edmenes de lesa humanidad. Este recordatorio llega en un contexto en el que, desde la anulaci\u00f3n del indulto en 2018, varios actores pol\u00edticos han intentado la excarcelaci\u00f3n de Fujimori apelando al mismo h\u00e1beas corpus.<\/p>\n\n\n\n<figure class=\"wp-block-image size-full\"><img loading=\"lazy\" decoding=\"async\" width=\"846\" height=\"560\" src=\"https:\/\/pulso27.com\/wp-content\/uploads\/2024\/09\/Montesinos.jpeg\" alt=\"\" class=\"wp-image-2046\" srcset=\"https:\/\/pulso27.com\/wp-content\/uploads\/2024\/09\/Montesinos.jpeg 846w, https:\/\/pulso27.com\/wp-content\/uploads\/2024\/09\/Montesinos-300x199.jpeg 300w, https:\/\/pulso27.com\/wp-content\/uploads\/2024\/09\/Montesinos-768x508.jpeg 768w, https:\/\/pulso27.com\/wp-content\/uploads\/2024\/09\/Montesinos-18x12.jpeg 18w\" sizes=\"auto, (max-width: 846px) 100vw, 846px\" \/><figcaption class=\"wp-element-caption\"><em>Ex asesor Vladimiro Montesinos es internado en la c\u00e1rcel por sus delitos<\/em><\/figcaption><\/figure>\n\n\n\n<p>La pensi\u00f3n vitalicia cuestionada: En mayo pasado, Fujimori anunci\u00f3 que sufr\u00eda el tumor maligno, tras padecer por casi tres d\u00e9cadas una lesi\u00f3n cancer\u00edgena en el mismo \u00f3rgano. El 10 de julio, en medio de un hermetismo absoluto, se supo que un \u00e1rea administrativa del Congreso de la Rep\u00fablica del Per\u00fa le hab\u00eda otorgado una pensi\u00f3n vitalicia de 4.216 d\u00f3lares por haber ejercicio como presidente. Algo que caus\u00f3 una gran pol\u00e9mica y el rechazo de constitucionalistas, que objetaron todo el aspecto legal. Elio Riera, abogado de Fujimori, defendi\u00f3 ese beneficio, se\u00f1alando que el expresidente \u201cno registra una acusaci\u00f3n constitucional vigente que se lo impida y que su petici\u00f3n ha seguido el curso regular\u201d. Eduardo Salhuana, del partido derechista Alianza Para el Progreso (APP), presidente del Congreso y elegido durante aquellos d\u00edas, juntamente con vicepresidente del Congreso Waldemar Cerr\u00f3n Rojas del partido de izquierda liberal Per\u00fa Libre (PL), se\u00f1al\u00f3 que desconoc\u00eda el tema y que se enter\u00f3 \u201ccuando ya se hab\u00eda decidido\u201d, pero la mayor\u00eda de peruanos saben que realmente existi\u00f3 una complicidad convenida de los miembros de la Mesa Directiva.<\/p>\n\n\n\n<p>Coincidencias de dos extremistas: El exdictador y ultraliberal Alberto Fujimori falleci\u00f3 el mi\u00e9rcoles 11 de septiembre de 2024, a la edad de 86 a\u00f1os. Esta fecha, sin embargo, est\u00e1 cargada de simbolismo, porque es el mismo d\u00eda en que se cumplen tres a\u00f1os de la muerte de otro genocida ultraizquierdista Abimael Guzm\u00e1n, l\u00edder del grupo terrorista Sendero Luminoso, ocurrida tres a\u00f1os antes. La coincidencia en la fecha de fallecimiento entre Fujimori y Guzm\u00e1n, sin embargo, no pasa desapercibida. Abimael Guzm\u00e1n, el ex cabecilla de Sendero Luminoso, muri\u00f3 el 11 de septiembre de 2021, tambi\u00e9n a los 86 a\u00f1os, mientras cumpl\u00eda cadena perpetua en una prisi\u00f3n de m\u00e1xima seguridad. Como se recuerda, Guzm\u00e1n falleci\u00f3 a las 6:40 hora local debido a complicaciones en su estado de salud, seg\u00fan inform\u00f3 el Comit\u00e9 T\u00e9cnico del Centro de Reclusi\u00f3n de M\u00e1xima Seguridad de la Base Naval del Callao. Su muerte ocurri\u00f3 un d\u00eda antes del vig\u00e9simo noveno aniversario de su captura. Es importante anotar que Sendero Luminoso, bajo el liderazgo de Guzm\u00e1n, fue se\u00f1alado por la Comisi\u00f3n de la Verdad y Reconciliaci\u00f3n como el principal responsable de cr\u00edmenes y violaciones de derechos humanos durante el conflicto armado interno en Per\u00fa.<\/p>\n\n\n\n<figure class=\"wp-block-image size-full\"><img loading=\"lazy\" decoding=\"async\" width=\"849\" height=\"623\" src=\"https:\/\/pulso27.com\/wp-content\/uploads\/2024\/09\/Indulto-1.jpeg\" alt=\"\" class=\"wp-image-2048\" srcset=\"https:\/\/pulso27.com\/wp-content\/uploads\/2024\/09\/Indulto-1.jpeg 849w, https:\/\/pulso27.com\/wp-content\/uploads\/2024\/09\/Indulto-1-300x220.jpeg 300w, https:\/\/pulso27.com\/wp-content\/uploads\/2024\/09\/Indulto-1-768x564.jpeg 768w, https:\/\/pulso27.com\/wp-content\/uploads\/2024\/09\/Indulto-1-16x12.jpeg 16w\" sizes=\"auto, (max-width: 849px) 100vw, 849px\" \/><figcaption class=\"wp-element-caption\"><em>El indulto es un insulto, marcha contra el indulto otorgado a Alberto Fujimori<\/em><\/figcaption><\/figure>\n\n\n\n<p>Fujimori, quien gobern\u00f3 el pa\u00eds de 1990 a 2000, fue condenado en 2007 a 25 a\u00f1os de prisi\u00f3n por violaciones a los derechos humanos y corrupci\u00f3n durante su mandato. Su indulto en 2017, revocado en 2018, ha sido objeto de m\u00faltiples litigios y maniobras legales por parte de sus defensores, quienes buscan su liberaci\u00f3n definitiva. Pero en julio, para sorpresa de los propios peruanos, el defensor del Pueblo, Josu\u00e9 Guti\u00e9rrez, se pronunci\u00f3 sobre la posibilidad de que Alberto Fujimori pueda acogerse a la norma aprobada por el Parlamento que delimita la prescripci\u00f3n de los cr\u00edmenes de lesa humanidad cometidos antes del 2002. y dijo que \u201cSobre \u00e9l, creo que no hay ninguna imputaci\u00f3n sobre delitos de lesa humanidad, pero con relaci\u00f3n con los militares que est\u00e1n procesados probablemente s\u00ed, pero, en todo caso, nosotros no nos pronunciamos a qui\u00e9n beneficia o a qui\u00e9n perjudica, porque eso ser\u00eda individualizar una ley\u201d. Aunque no sorprendi\u00f3 mucho dichos comentarios, porque es un ex militante de Per\u00fa Libre de Vladimir Cerr\u00f3n, organizaci\u00f3n aliada de Fuerza Popular de Keiko Fujimori, solamente ratifica la complicidad p\u00fablica de los dirigentes del \u201cFujimocerronistas\u201d, cercano al descaro de liderazgos mafiosos por el poder y el dinero mal habido.<\/p>\n","protected":false},"excerpt":{"rendered":"<p>Alberto Fujimori Fujimori, quien gobern\u00f3 el Per\u00fa entre 1990 y 2000, falleci\u00f3 este mi\u00e9rcoles 11 de septiembre, en la casa de su hija Keiko Fujimori, en el distrito de San Borja, meses despu\u00e9s de haber recuperado su libertad que purgaba por delitos de lesa humanidad, corrupci\u00f3n y otros, luego de sufrir diversas complicaciones m\u00e9dicas desde [&hellip;]<\/p>\n","protected":false},"author":13,"featured_media":2120,"comment_status":"open","ping_status":"open","sticky":false,"template":"","format":"standard","meta":{"footnotes":""},"categories":[392,174,180],"tags":[804,806,805,807],"class_list":["post-2038","post","type-post","status-publish","format-standard","has-post-thumbnail","hentry","category-cronica","category-nacional","category-politica","tag-albertofujimori","tag-dictadorfujimori","tag-fallecido","tag-fujimorinuncamas"],"yoast_head":"<!-- This site is optimized with the Yoast SEO plugin v27.4 - https:\/\/yoast.com\/product\/yoast-seo-wordpress\/ -->\n<title>Muri\u00f3 el dictador, genocida y corrupto Alberto Fujimori - Pulso27<\/title>\n<meta name=\"robots\" content=\"index, follow, max-snippet:-1, max-image-preview:large, max-video-preview:-1\" \/>\n<link rel=\"canonical\" href=\"https:\/\/pulso27.com\/es\/nacional\/murio-el-dictador-genocida-y-corrupto-alberto-fujimori\/\" \/>\n<meta property=\"og:locale\" content=\"es_ES\" \/>\n<meta property=\"og:type\" content=\"article\" \/>\n<meta property=\"og:title\" content=\"Muri\u00f3 el dictador, genocida y corrupto Alberto Fujimori - Pulso27\" \/>\n<meta property=\"og:description\" content=\"Alberto Fujimori Fujimori, quien gobern\u00f3 el Per\u00fa entre 1990 y 2000, falleci\u00f3 este mi\u00e9rcoles 11 de septiembre, en la casa de su hija Keiko Fujimori, en el distrito de San Borja, meses despu\u00e9s de haber recuperado su libertad que purgaba por delitos de lesa humanidad, corrupci\u00f3n y otros, luego de sufrir diversas complicaciones m\u00e9dicas desde [&hellip;]\" \/>\n<meta property=\"og:url\" content=\"https:\/\/pulso27.com\/es\/nacional\/murio-el-dictador-genocida-y-corrupto-alberto-fujimori\/\" \/>\n<meta property=\"og:site_name\" content=\"Pulso27\" \/>\n<meta property=\"article:publisher\" content=\"https:\/\/www.facebook.com\/pulso27\/\" \/>\n<meta property=\"article:published_time\" content=\"2024-09-13T06:11:44+00:00\" \/>\n<meta property=\"article:modified_time\" content=\"2024-09-15T07:55:10+00:00\" \/>\n<meta property=\"og:image\" content=\"https:\/\/pulso27.com\/wp-content\/uploads\/2024\/09\/AF1000x800.png\" \/>\n\t<meta property=\"og:image:width\" content=\"1000\" \/>\n\t<meta property=\"og:image:height\" content=\"800\" \/>\n\t<meta property=\"og:image:type\" content=\"image\/png\" \/>\n<meta name=\"author\" content=\"Redactor\" \/>\n<meta name=\"twitter:card\" content=\"summary_large_image\" \/>\n<meta name=\"twitter:creator\" content=\"@Pulso_27\" \/>\n<meta name=\"twitter:site\" content=\"@Pulso_27\" \/>\n<meta name=\"twitter:label1\" content=\"Written by\" \/>\n\t<meta name=\"twitter:data1\" content=\"Redactor\" \/>\n\t<meta name=\"twitter:label2\" content=\"Est. reading time\" \/>\n\t<meta name=\"twitter:data2\" content=\"28 minutos\" \/>\n<script type=\"application\/ld+json\" class=\"yoast-schema-graph\">{\"@context\":\"https:\\\/\\\/schema.org\",\"@graph\":[{\"@type\":\"Article\",\"@id\":\"https:\\\/\\\/pulso27.com\\\/nacional\\\/murio-el-dictador-genocida-y-corrupto-alberto-fujimori\\\/#article\",\"isPartOf\":{\"@id\":\"https:\\\/\\\/pulso27.com\\\/nacional\\\/murio-el-dictador-genocida-y-corrupto-alberto-fujimori\\\/\"},\"author\":{\"name\":\"Redactor\",\"@id\":\"https:\\\/\\\/pulso27.com\\\/en\\\/#\\\/schema\\\/person\\\/bf5ee161e6c87f6c7d57f5e689ef8526\"},\"headline\":\"Muri\u00f3 el dictador, genocida y corrupto Alberto Fujimori\",\"datePublished\":\"2024-09-13T06:11:44+00:00\",\"dateModified\":\"2024-09-15T07:55:10+00:00\",\"mainEntityOfPage\":{\"@id\":\"https:\\\/\\\/pulso27.com\\\/nacional\\\/murio-el-dictador-genocida-y-corrupto-alberto-fujimori\\\/\"},\"wordCount\":5601,\"commentCount\":0,\"publisher\":{\"@id\":\"https:\\\/\\\/pulso27.com\\\/en\\\/#organization\"},\"image\":{\"@id\":\"https:\\\/\\\/pulso27.com\\\/nacional\\\/murio-el-dictador-genocida-y-corrupto-alberto-fujimori\\\/#primaryimage\"},\"thumbnailUrl\":\"https:\\\/\\\/pulso27.com\\\/wp-content\\\/uploads\\\/2024\\\/09\\\/AF1000x800.png\",\"keywords\":[\"AlbertoFujimori\",\"DictadorFujimori\",\"Fallecido\",\"FujimoriNuncaMas\"],\"articleSection\":[\"Cr\u00f3nica\",\"Nacional\",\"Pol\u00edtica\"],\"inLanguage\":\"es-PE\",\"potentialAction\":[{\"@type\":\"CommentAction\",\"name\":\"Comment\",\"target\":[\"https:\\\/\\\/pulso27.com\\\/nacional\\\/murio-el-dictador-genocida-y-corrupto-alberto-fujimori\\\/#respond\"]}]},{\"@type\":\"WebPage\",\"@id\":\"https:\\\/\\\/pulso27.com\\\/nacional\\\/murio-el-dictador-genocida-y-corrupto-alberto-fujimori\\\/\",\"url\":\"https:\\\/\\\/pulso27.com\\\/nacional\\\/murio-el-dictador-genocida-y-corrupto-alberto-fujimori\\\/\",\"name\":\"Muri\u00f3 el dictador, genocida y corrupto Alberto Fujimori - Pulso27\",\"isPartOf\":{\"@id\":\"https:\\\/\\\/pulso27.com\\\/en\\\/#website\"},\"primaryImageOfPage\":{\"@id\":\"https:\\\/\\\/pulso27.com\\\/nacional\\\/murio-el-dictador-genocida-y-corrupto-alberto-fujimori\\\/#primaryimage\"},\"image\":{\"@id\":\"https:\\\/\\\/pulso27.com\\\/nacional\\\/murio-el-dictador-genocida-y-corrupto-alberto-fujimori\\\/#primaryimage\"},\"thumbnailUrl\":\"https:\\\/\\\/pulso27.com\\\/wp-content\\\/uploads\\\/2024\\\/09\\\/AF1000x800.png\",\"datePublished\":\"2024-09-13T06:11:44+00:00\",\"dateModified\":\"2024-09-15T07:55:10+00:00\",\"breadcrumb\":{\"@id\":\"https:\\\/\\\/pulso27.com\\\/nacional\\\/murio-el-dictador-genocida-y-corrupto-alberto-fujimori\\\/#breadcrumb\"},\"inLanguage\":\"es-PE\",\"potentialAction\":[{\"@type\":\"ReadAction\",\"target\":[\"https:\\\/\\\/pulso27.com\\\/nacional\\\/murio-el-dictador-genocida-y-corrupto-alberto-fujimori\\\/\"]}]},{\"@type\":\"ImageObject\",\"inLanguage\":\"es-PE\",\"@id\":\"https:\\\/\\\/pulso27.com\\\/nacional\\\/murio-el-dictador-genocida-y-corrupto-alberto-fujimori\\\/#primaryimage\",\"url\":\"https:\\\/\\\/pulso27.com\\\/wp-content\\\/uploads\\\/2024\\\/09\\\/AF1000x800.png\",\"contentUrl\":\"https:\\\/\\\/pulso27.com\\\/wp-content\\\/uploads\\\/2024\\\/09\\\/AF1000x800.png\",\"width\":1000,\"height\":800},{\"@type\":\"BreadcrumbList\",\"@id\":\"https:\\\/\\\/pulso27.com\\\/nacional\\\/murio-el-dictador-genocida-y-corrupto-alberto-fujimori\\\/#breadcrumb\",\"itemListElement\":[{\"@type\":\"ListItem\",\"position\":1,\"name\":\"Portada\",\"item\":\"https:\\\/\\\/pulso27.com\\\/\"},{\"@type\":\"ListItem\",\"position\":2,\"name\":\"Muri\u00f3 el dictador, genocida y corrupto Alberto Fujimori\"}]},{\"@type\":\"WebSite\",\"@id\":\"https:\\\/\\\/pulso27.com\\\/en\\\/#website\",\"url\":\"https:\\\/\\\/pulso27.com\\\/en\\\/\",\"name\":\"Pulso27\",\"description\":\"Web de noticias y publicidad\",\"publisher\":{\"@id\":\"https:\\\/\\\/pulso27.com\\\/en\\\/#organization\"},\"alternateName\":\"El pulso del pueblo\",\"potentialAction\":[{\"@type\":\"SearchAction\",\"target\":{\"@type\":\"EntryPoint\",\"urlTemplate\":\"https:\\\/\\\/pulso27.com\\\/en\\\/?s={search_term_string}\"},\"query-input\":{\"@type\":\"PropertyValueSpecification\",\"valueRequired\":true,\"valueName\":\"search_term_string\"}}],\"inLanguage\":\"es-PE\"},{\"@type\":\"Organization\",\"@id\":\"https:\\\/\\\/pulso27.com\\\/en\\\/#organization\",\"name\":\"Pulso27\",\"url\":\"https:\\\/\\\/pulso27.com\\\/en\\\/\",\"logo\":{\"@type\":\"ImageObject\",\"inLanguage\":\"es-PE\",\"@id\":\"https:\\\/\\\/pulso27.com\\\/en\\\/#\\\/schema\\\/logo\\\/image\\\/\",\"url\":\"https:\\\/\\\/pulso27.com\\\/wp-content\\\/uploads\\\/2026\\\/02\\\/Logotipo-de-la-organizacion-696-x-696-px-ok.png\",\"contentUrl\":\"https:\\\/\\\/pulso27.com\\\/wp-content\\\/uploads\\\/2026\\\/02\\\/Logotipo-de-la-organizacion-696-x-696-px-ok.png\",\"width\":696,\"height\":696,\"caption\":\"Pulso27\"},\"image\":{\"@id\":\"https:\\\/\\\/pulso27.com\\\/en\\\/#\\\/schema\\\/logo\\\/image\\\/\"},\"sameAs\":[\"https:\\\/\\\/www.facebook.com\\\/pulso27\\\/\",\"https:\\\/\\\/x.com\\\/Pulso_27\",\"https:\\\/\\\/www.youtube.com\\\/@Pulso27\",\"https:\\\/\\\/www.tiktok.com\\\/@pulso_27\"]},{\"@type\":\"Person\",\"@id\":\"https:\\\/\\\/pulso27.com\\\/en\\\/#\\\/schema\\\/person\\\/bf5ee161e6c87f6c7d57f5e689ef8526\",\"name\":\"Redactor\",\"image\":{\"@type\":\"ImageObject\",\"inLanguage\":\"es-PE\",\"@id\":\"https:\\\/\\\/pulso27.com\\\/wp-content\\\/uploads\\\/2025\\\/03\\\/a-150x150.png\",\"url\":\"https:\\\/\\\/pulso27.com\\\/wp-content\\\/uploads\\\/2025\\\/03\\\/a-150x150.png\",\"contentUrl\":\"https:\\\/\\\/pulso27.com\\\/wp-content\\\/uploads\\\/2025\\\/03\\\/a-150x150.png\",\"caption\":\"Redactor\"},\"sameAs\":[\"http:\\\/\\\/www.pulso27.com\"],\"url\":\"https:\\\/\\\/pulso27.com\\\/es\\\/author\\\/redactor\\\/\"}]}<\/script>\n<!-- \/ Yoast SEO plugin. -->","yoast_head_json":{"title":"Muri\u00f3 el dictador, genocida y corrupto Alberto Fujimori - Pulso27","robots":{"index":"index","follow":"follow","max-snippet":"max-snippet:-1","max-image-preview":"max-image-preview:large","max-video-preview":"max-video-preview:-1"},"canonical":"https:\/\/pulso27.com\/es\/nacional\/murio-el-dictador-genocida-y-corrupto-alberto-fujimori\/","og_locale":"es_ES","og_type":"article","og_title":"Muri\u00f3 el dictador, genocida y corrupto Alberto Fujimori - Pulso27","og_description":"Alberto Fujimori Fujimori, quien gobern\u00f3 el Per\u00fa entre 1990 y 2000, falleci\u00f3 este mi\u00e9rcoles 11 de septiembre, en la casa de su hija Keiko Fujimori, en el distrito de San Borja, meses despu\u00e9s de haber recuperado su libertad que purgaba por delitos de lesa humanidad, corrupci\u00f3n y otros, luego de sufrir diversas complicaciones m\u00e9dicas desde [&hellip;]","og_url":"https:\/\/pulso27.com\/es\/nacional\/murio-el-dictador-genocida-y-corrupto-alberto-fujimori\/","og_site_name":"Pulso27","article_publisher":"https:\/\/www.facebook.com\/pulso27\/","article_published_time":"2024-09-13T06:11:44+00:00","article_modified_time":"2024-09-15T07:55:10+00:00","og_image":[{"width":1000,"height":800,"url":"https:\/\/pulso27.com\/wp-content\/uploads\/2024\/09\/AF1000x800.png","type":"image\/png"}],"author":"Redactor","twitter_card":"summary_large_image","twitter_creator":"@Pulso_27","twitter_site":"@Pulso_27","twitter_misc":{"Written by":"Redactor","Est. reading time":"28 minutos"},"schema":{"@context":"https:\/\/schema.org","@graph":[{"@type":"Article","@id":"https:\/\/pulso27.com\/nacional\/murio-el-dictador-genocida-y-corrupto-alberto-fujimori\/#article","isPartOf":{"@id":"https:\/\/pulso27.com\/nacional\/murio-el-dictador-genocida-y-corrupto-alberto-fujimori\/"},"author":{"name":"Redactor","@id":"https:\/\/pulso27.com\/en\/#\/schema\/person\/bf5ee161e6c87f6c7d57f5e689ef8526"},"headline":"Muri\u00f3 el dictador, genocida y corrupto Alberto Fujimori","datePublished":"2024-09-13T06:11:44+00:00","dateModified":"2024-09-15T07:55:10+00:00","mainEntityOfPage":{"@id":"https:\/\/pulso27.com\/nacional\/murio-el-dictador-genocida-y-corrupto-alberto-fujimori\/"},"wordCount":5601,"commentCount":0,"publisher":{"@id":"https:\/\/pulso27.com\/en\/#organization"},"image":{"@id":"https:\/\/pulso27.com\/nacional\/murio-el-dictador-genocida-y-corrupto-alberto-fujimori\/#primaryimage"},"thumbnailUrl":"https:\/\/pulso27.com\/wp-content\/uploads\/2024\/09\/AF1000x800.png","keywords":["AlbertoFujimori","DictadorFujimori","Fallecido","FujimoriNuncaMas"],"articleSection":["Cr\u00f3nica","Nacional","Pol\u00edtica"],"inLanguage":"es-PE","potentialAction":[{"@type":"CommentAction","name":"Comment","target":["https:\/\/pulso27.com\/nacional\/murio-el-dictador-genocida-y-corrupto-alberto-fujimori\/#respond"]}]},{"@type":"WebPage","@id":"https:\/\/pulso27.com\/nacional\/murio-el-dictador-genocida-y-corrupto-alberto-fujimori\/","url":"https:\/\/pulso27.com\/nacional\/murio-el-dictador-genocida-y-corrupto-alberto-fujimori\/","name":"Muri\u00f3 el dictador, genocida y corrupto Alberto Fujimori - Pulso27","isPartOf":{"@id":"https:\/\/pulso27.com\/en\/#website"},"primaryImageOfPage":{"@id":"https:\/\/pulso27.com\/nacional\/murio-el-dictador-genocida-y-corrupto-alberto-fujimori\/#primaryimage"},"image":{"@id":"https:\/\/pulso27.com\/nacional\/murio-el-dictador-genocida-y-corrupto-alberto-fujimori\/#primaryimage"},"thumbnailUrl":"https:\/\/pulso27.com\/wp-content\/uploads\/2024\/09\/AF1000x800.png","datePublished":"2024-09-13T06:11:44+00:00","dateModified":"2024-09-15T07:55:10+00:00","breadcrumb":{"@id":"https:\/\/pulso27.com\/nacional\/murio-el-dictador-genocida-y-corrupto-alberto-fujimori\/#breadcrumb"},"inLanguage":"es-PE","potentialAction":[{"@type":"ReadAction","target":["https:\/\/pulso27.com\/nacional\/murio-el-dictador-genocida-y-corrupto-alberto-fujimori\/"]}]},{"@type":"ImageObject","inLanguage":"es-PE","@id":"https:\/\/pulso27.com\/nacional\/murio-el-dictador-genocida-y-corrupto-alberto-fujimori\/#primaryimage","url":"https:\/\/pulso27.com\/wp-content\/uploads\/2024\/09\/AF1000x800.png","contentUrl":"https:\/\/pulso27.com\/wp-content\/uploads\/2024\/09\/AF1000x800.png","width":1000,"height":800},{"@type":"BreadcrumbList","@id":"https:\/\/pulso27.com\/nacional\/murio-el-dictador-genocida-y-corrupto-alberto-fujimori\/#breadcrumb","itemListElement":[{"@type":"ListItem","position":1,"name":"Portada","item":"https:\/\/pulso27.com\/"},{"@type":"ListItem","position":2,"name":"Muri\u00f3 el dictador, genocida y corrupto Alberto Fujimori"}]},{"@type":"WebSite","@id":"https:\/\/pulso27.com\/en\/#website","url":"https:\/\/pulso27.com\/en\/","name":"Pulso27","description":"Web de noticias y publicidad","publisher":{"@id":"https:\/\/pulso27.com\/en\/#organization"},"alternateName":"El pulso del pueblo","potentialAction":[{"@type":"SearchAction","target":{"@type":"EntryPoint","urlTemplate":"https:\/\/pulso27.com\/en\/?s={search_term_string}"},"query-input":{"@type":"PropertyValueSpecification","valueRequired":true,"valueName":"search_term_string"}}],"inLanguage":"es-PE"},{"@type":"Organization","@id":"https:\/\/pulso27.com\/en\/#organization","name":"Pulso27","url":"https:\/\/pulso27.com\/en\/","logo":{"@type":"ImageObject","inLanguage":"es-PE","@id":"https:\/\/pulso27.com\/en\/#\/schema\/logo\/image\/","url":"https:\/\/pulso27.com\/wp-content\/uploads\/2026\/02\/Logotipo-de-la-organizacion-696-x-696-px-ok.png","contentUrl":"https:\/\/pulso27.com\/wp-content\/uploads\/2026\/02\/Logotipo-de-la-organizacion-696-x-696-px-ok.png","width":696,"height":696,"caption":"Pulso27"},"image":{"@id":"https:\/\/pulso27.com\/en\/#\/schema\/logo\/image\/"},"sameAs":["https:\/\/www.facebook.com\/pulso27\/","https:\/\/x.com\/Pulso_27","https:\/\/www.youtube.com\/@Pulso27","https:\/\/www.tiktok.com\/@pulso_27"]},{"@type":"Person","@id":"https:\/\/pulso27.com\/en\/#\/schema\/person\/bf5ee161e6c87f6c7d57f5e689ef8526","name":"Redactor","image":{"@type":"ImageObject","inLanguage":"es-PE","@id":"https:\/\/pulso27.com\/wp-content\/uploads\/2025\/03\/a-150x150.png","url":"https:\/\/pulso27.com\/wp-content\/uploads\/2025\/03\/a-150x150.png","contentUrl":"https:\/\/pulso27.com\/wp-content\/uploads\/2025\/03\/a-150x150.png","caption":"Redactor"},"sameAs":["http:\/\/www.pulso27.com"],"url":"https:\/\/pulso27.com\/es\/author\/redactor\/"}]}},"amp_enabled":true,"_links":{"self":[{"href":"https:\/\/pulso27.com\/es\/wp-json\/wp\/v2\/posts\/2038","targetHints":{"allow":["GET"]}}],"collection":[{"href":"https:\/\/pulso27.com\/es\/wp-json\/wp\/v2\/posts"}],"about":[{"href":"https:\/\/pulso27.com\/es\/wp-json\/wp\/v2\/types\/post"}],"author":[{"embeddable":true,"href":"https:\/\/pulso27.com\/es\/wp-json\/wp\/v2\/users\/13"}],"replies":[{"embeddable":true,"href":"https:\/\/pulso27.com\/es\/wp-json\/wp\/v2\/comments?post=2038"}],"version-history":[{"count":1,"href":"https:\/\/pulso27.com\/es\/wp-json\/wp\/v2\/posts\/2038\/revisions"}],"predecessor-version":[{"id":2051,"href":"https:\/\/pulso27.com\/es\/wp-json\/wp\/v2\/posts\/2038\/revisions\/2051"}],"wp:featuredmedia":[{"embeddable":true,"href":"https:\/\/pulso27.com\/es\/wp-json\/wp\/v2\/media\/2120"}],"wp:attachment":[{"href":"https:\/\/pulso27.com\/es\/wp-json\/wp\/v2\/media?parent=2038"}],"wp:term":[{"taxonomy":"category","embeddable":true,"href":"https:\/\/pulso27.com\/es\/wp-json\/wp\/v2\/categories?post=2038"},{"taxonomy":"post_tag","embeddable":true,"href":"https:\/\/pulso27.com\/es\/wp-json\/wp\/v2\/tags?post=2038"}],"curies":[{"name":"wp","href":"https:\/\/api.w.org\/{rel}","templated":true}]}}