{"id":2134,"date":"2024-09-16T11:41:56","date_gmt":"2024-09-16T06:41:56","guid":{"rendered":"https:\/\/pulso27.com\/?p=2134"},"modified":"2024-09-16T11:42:00","modified_gmt":"2024-09-16T06:42:00","slug":"amlo-encabeza-su-ultimo-grito-de-independencia-en-el-214-aniversario-de-la-independencia-de-mexico","status":"publish","type":"post","link":"https:\/\/pulso27.com\/es\/internacional\/amlo-encabeza-su-ultimo-grito-de-independencia-en-el-214-aniversario-de-la-independencia-de-mexico\/","title":{"rendered":"AMLO Encabeza su \u00daltimo Grito de Independencia en el 214 Aniversario de la Independencia de M\u00e9xico"},"content":{"rendered":"\n<p>El presidente de M\u00e9xico, Andr\u00e9s Manuel L\u00f3pez Obrador, celebr\u00f3 la noche del 15 de septiembre su \u00faltimo Grito de Independencia como mandatario, en un Z\u00f3calo repleto de millas de ciudadanos que acudieron a conmemorar el 214 aniversario del inicio de la lucha por la independencia del pa\u00eds. <\/p>\n\n\n\n<p>Desde el balc\u00f3n del Palacio Nacional, portando la banda presidencial, AMLO, como es conocido popularmente, estuvo acompa\u00f1ado de su esposa Beatriz Guti\u00e9rrez M\u00fcller en una emotiva ceremonia que marca el final de su sexenio.<\/p>\n\n\n\n<figure class=\"wp-block-image size-full\"><img loading=\"lazy\" decoding=\"async\" width=\"1000\" height=\"800\" src=\"https:\/\/pulso27.com\/wp-content\/uploads\/2024\/09\/AMBLO.png\" alt=\"\" class=\"wp-image-2139\" srcset=\"https:\/\/pulso27.com\/wp-content\/uploads\/2024\/09\/AMBLO.png 1000w, https:\/\/pulso27.com\/wp-content\/uploads\/2024\/09\/AMBLO-300x240.png 300w, https:\/\/pulso27.com\/wp-content\/uploads\/2024\/09\/AMBLO-768x614.png 768w, https:\/\/pulso27.com\/wp-content\/uploads\/2024\/09\/AMBLO-15x12.png 15w\" sizes=\"auto, (max-width: 1000px) 100vw, 1000px\" \/><figcaption class=\"wp-element-caption\"><em>El \u00faltimo Grito de Independencia de Andr\u00e9s Manuel L\u00f3pez Obrador junto a su esposa<\/em><\/figcaption><\/figure>\n\n\n\n<p>L\u00f3pez Obrador recibi\u00f3 la bandera de M\u00e9xico por parte de una escolta de cadetes y, como ha hecho durante sus cinco a\u00f1os de mandato, modific\u00f3 el discurso tradicional para incorporar elementos de su visi\u00f3n pol\u00edtica. En sus \u201cvivas\u201d proclam\u00f3: \u00ab\u00a1Viva la justicia! \u00a1Viva la democracia! \u00a1Viva la libertad!\u00bb, y lanz\u00f3 arengas que reflejaban su lucha contra la corrupci\u00f3n, la desigualdad y la discriminaci\u00f3n, diciendo con fuerza: \u00ab\u00a1Que muera!\u00bb \u00a1Muera la avaricia!<\/p>\n\n\n\n<p>Uno de los puntos destacados de su discurso fue el reconocimiento a los sectores m\u00e1s vulnerables y trabajadores de dicho pa\u00eds. Hizo menci\u00f3n especial a los migrantes y a los pueblos ind\u00edgenas, sectores que ha priorizado a lo largo de su gobierno. \u00ab\u00a1Vivan nuestros hermanos migrantes! \u00a1Vivan los pueblos ind\u00edgenas! \u00a1Vivan los trabajadores mexicanos, que son de los mejores del mundo!\u00bb, exclam\u00f3 ante un p\u00fablico que coreando a viva voz.<\/p>\n\n\n\n<figure class=\"wp-block-image size-large\"><img loading=\"lazy\" decoding=\"async\" width=\"1024\" height=\"576\" src=\"https:\/\/pulso27.com\/wp-content\/uploads\/2024\/09\/image-12-1024x576.png\" alt=\"\" class=\"wp-image-2138\" srcset=\"https:\/\/pulso27.com\/wp-content\/uploads\/2024\/09\/image-12-1024x576.png 1024w, https:\/\/pulso27.com\/wp-content\/uploads\/2024\/09\/image-12-300x169.png 300w, https:\/\/pulso27.com\/wp-content\/uploads\/2024\/09\/image-12-768x432.png 768w, https:\/\/pulso27.com\/wp-content\/uploads\/2024\/09\/image-12-1536x864.png 1536w, https:\/\/pulso27.com\/wp-content\/uploads\/2024\/09\/image-12-18x10.png 18w, https:\/\/pulso27.com\/wp-content\/uploads\/2024\/09\/image-12.png 1960w\" sizes=\"auto, (max-width: 1024px) 100vw, 1024px\" \/><figcaption class=\"wp-element-caption\"><em>Miles de mexicanos se dieron cita para celebrar el gripo de independencia<\/em><\/figcaption><\/figure>\n\n\n\n<p>El mandatario tambi\u00e9n rindi\u00f3 homenaje a las figuras hist\u00f3ricas que iniciaron la lucha por la independencia de M\u00e9xico, como Miguel Hidalgo, Josefa Ort\u00edz de Dom\u00ednguez, Ignacio Allende, Leona Vicario y Vicente Guerrero, y no dej\u00f3 de lado la menci\u00f3n de las hero\u00ednas y h\u00e9roes an\u00f3nimos, resaltando los valores de libertad, igualdad y soberan\u00eda nacional.<\/p>\n\n\n\n<p>Fuentes: Webs y redes de noticias<\/p>\n","protected":false},"excerpt":{"rendered":"<p>El presidente de M\u00e9xico, Andr\u00e9s Manuel L\u00f3pez Obrador, celebr\u00f3 la noche del 15 de septiembre su \u00faltimo Grito de Independencia como mandatario, en un Z\u00f3calo repleto de millas de ciudadanos que acudieron a conmemorar el 214 aniversario del inicio de la lucha por la independencia del pa\u00eds. Desde el balc\u00f3n del Palacio Nacional, portando la [&hellip;]<\/p>\n","protected":false},"author":8,"featured_media":2137,"comment_status":"open","ping_status":"open","sticky":false,"template":"","format":"standard","meta":{"footnotes":""},"categories":[183,173,180],"tags":[824,827,826,825],"class_list":["post-2134","post","type-post","status-publish","format-standard","has-post-thumbnail","hentry","category-actualidad","category-internacional","category-politica","tag-amblo","tag-andresmanuellopezobrador","tag-independenciademexico","tag-mexico"],"yoast_head":"<!-- This site is optimized with the Yoast SEO plugin v27.4 - https:\/\/yoast.com\/product\/yoast-seo-wordpress\/ -->\n<title>AMLO Encabeza su \u00daltimo Grito de Independencia en el 214 Aniversario de la Independencia de M\u00e9xico - Pulso27<\/title>\n<meta name=\"robots\" content=\"index, follow, max-snippet:-1, max-image-preview:large, max-video-preview:-1\" \/>\n<link rel=\"canonical\" href=\"https:\/\/pulso27.com\/es\/internacional\/amlo-encabeza-su-ultimo-grito-de-independencia-en-el-214-aniversario-de-la-independencia-de-mexico\/\" \/>\n<meta property=\"og:locale\" content=\"es_ES\" \/>\n<meta property=\"og:type\" content=\"article\" \/>\n<meta property=\"og:title\" content=\"AMLO Encabeza su \u00daltimo Grito de Independencia en el 214 Aniversario de la Independencia de M\u00e9xico - Pulso27\" \/>\n<meta property=\"og:description\" content=\"El presidente de M\u00e9xico, Andr\u00e9s Manuel L\u00f3pez Obrador, celebr\u00f3 la noche del 15 de septiembre su \u00faltimo Grito de Independencia como mandatario, en un Z\u00f3calo repleto de millas de ciudadanos que acudieron a conmemorar el 214 aniversario del inicio de la lucha por la independencia del pa\u00eds. Desde el balc\u00f3n del Palacio Nacional, portando la [&hellip;]\" \/>\n<meta property=\"og:url\" content=\"https:\/\/pulso27.com\/es\/internacional\/amlo-encabeza-su-ultimo-grito-de-independencia-en-el-214-aniversario-de-la-independencia-de-mexico\/\" \/>\n<meta property=\"og:site_name\" content=\"Pulso27\" \/>\n<meta property=\"article:publisher\" content=\"https:\/\/www.facebook.com\/pulso27\/\" \/>\n<meta property=\"article:published_time\" content=\"2024-09-16T06:41:56+00:00\" \/>\n<meta property=\"article:modified_time\" content=\"2024-09-16T06:42:00+00:00\" \/>\n<meta property=\"og:image\" content=\"https:\/\/pulso27.com\/wp-content\/uploads\/2024\/09\/AMBLO2.png\" \/>\n\t<meta property=\"og:image:width\" content=\"1000\" \/>\n\t<meta property=\"og:image:height\" content=\"800\" \/>\n\t<meta property=\"og:image:type\" content=\"image\/png\" \/>\n<meta name=\"author\" content=\"Maga\" \/>\n<meta name=\"twitter:card\" content=\"summary_large_image\" \/>\n<meta name=\"twitter:creator\" content=\"@Pulso_27\" \/>\n<meta name=\"twitter:site\" content=\"@Pulso_27\" \/>\n<meta name=\"twitter:label1\" content=\"Written by\" \/>\n\t<meta name=\"twitter:data1\" content=\"Maga\" \/>\n\t<meta name=\"twitter:label2\" content=\"Est. reading time\" \/>\n\t<meta name=\"twitter:data2\" content=\"2 minutos\" \/>\n<script type=\"application\/ld+json\" class=\"yoast-schema-graph\">{\"@context\":\"https:\\\/\\\/schema.org\",\"@graph\":[{\"@type\":\"Article\",\"@id\":\"https:\\\/\\\/pulso27.com\\\/internacional\\\/amlo-encabeza-su-ultimo-grito-de-independencia-en-el-214-aniversario-de-la-independencia-de-mexico\\\/#article\",\"isPartOf\":{\"@id\":\"https:\\\/\\\/pulso27.com\\\/internacional\\\/amlo-encabeza-su-ultimo-grito-de-independencia-en-el-214-aniversario-de-la-independencia-de-mexico\\\/\"},\"author\":{\"name\":\"Maga\",\"@id\":\"https:\\\/\\\/pulso27.com\\\/en\\\/#\\\/schema\\\/person\\\/92f5059eb04cb644a32d22c9bc998684\"},\"headline\":\"AMLO Encabeza su \u00daltimo Grito de Independencia en el 214 Aniversario de la Independencia de M\u00e9xico\",\"datePublished\":\"2024-09-16T06:41:56+00:00\",\"dateModified\":\"2024-09-16T06:42:00+00:00\",\"mainEntityOfPage\":{\"@id\":\"https:\\\/\\\/pulso27.com\\\/internacional\\\/amlo-encabeza-su-ultimo-grito-de-independencia-en-el-214-aniversario-de-la-independencia-de-mexico\\\/\"},\"wordCount\":356,\"commentCount\":0,\"publisher\":{\"@id\":\"https:\\\/\\\/pulso27.com\\\/en\\\/#organization\"},\"image\":{\"@id\":\"https:\\\/\\\/pulso27.com\\\/internacional\\\/amlo-encabeza-su-ultimo-grito-de-independencia-en-el-214-aniversario-de-la-independencia-de-mexico\\\/#primaryimage\"},\"thumbnailUrl\":\"https:\\\/\\\/pulso27.com\\\/wp-content\\\/uploads\\\/2024\\\/09\\\/AMBLO2.png\",\"keywords\":[\"AMBLO\",\"Andr\u00e9sManuelL\u00f3pezObrador\",\"IndependenciaDeM\u00e9xico\",\"M\u00e9xico\"],\"articleSection\":[\"Actualidad\",\"Internacional\",\"Pol\u00edtica\"],\"inLanguage\":\"es-PE\",\"potentialAction\":[{\"@type\":\"CommentAction\",\"name\":\"Comment\",\"target\":[\"https:\\\/\\\/pulso27.com\\\/internacional\\\/amlo-encabeza-su-ultimo-grito-de-independencia-en-el-214-aniversario-de-la-independencia-de-mexico\\\/#respond\"]}]},{\"@type\":\"WebPage\",\"@id\":\"https:\\\/\\\/pulso27.com\\\/internacional\\\/amlo-encabeza-su-ultimo-grito-de-independencia-en-el-214-aniversario-de-la-independencia-de-mexico\\\/\",\"url\":\"https:\\\/\\\/pulso27.com\\\/internacional\\\/amlo-encabeza-su-ultimo-grito-de-independencia-en-el-214-aniversario-de-la-independencia-de-mexico\\\/\",\"name\":\"AMLO Encabeza su \u00daltimo Grito de Independencia en el 214 Aniversario de la Independencia de M\u00e9xico - Pulso27\",\"isPartOf\":{\"@id\":\"https:\\\/\\\/pulso27.com\\\/en\\\/#website\"},\"primaryImageOfPage\":{\"@id\":\"https:\\\/\\\/pulso27.com\\\/internacional\\\/amlo-encabeza-su-ultimo-grito-de-independencia-en-el-214-aniversario-de-la-independencia-de-mexico\\\/#primaryimage\"},\"image\":{\"@id\":\"https:\\\/\\\/pulso27.com\\\/internacional\\\/amlo-encabeza-su-ultimo-grito-de-independencia-en-el-214-aniversario-de-la-independencia-de-mexico\\\/#primaryimage\"},\"thumbnailUrl\":\"https:\\\/\\\/pulso27.com\\\/wp-content\\\/uploads\\\/2024\\\/09\\\/AMBLO2.png\",\"datePublished\":\"2024-09-16T06:41:56+00:00\",\"dateModified\":\"2024-09-16T06:42:00+00:00\",\"breadcrumb\":{\"@id\":\"https:\\\/\\\/pulso27.com\\\/internacional\\\/amlo-encabeza-su-ultimo-grito-de-independencia-en-el-214-aniversario-de-la-independencia-de-mexico\\\/#breadcrumb\"},\"inLanguage\":\"es-PE\",\"potentialAction\":[{\"@type\":\"ReadAction\",\"target\":[\"https:\\\/\\\/pulso27.com\\\/internacional\\\/amlo-encabeza-su-ultimo-grito-de-independencia-en-el-214-aniversario-de-la-independencia-de-mexico\\\/\"]}]},{\"@type\":\"ImageObject\",\"inLanguage\":\"es-PE\",\"@id\":\"https:\\\/\\\/pulso27.com\\\/internacional\\\/amlo-encabeza-su-ultimo-grito-de-independencia-en-el-214-aniversario-de-la-independencia-de-mexico\\\/#primaryimage\",\"url\":\"https:\\\/\\\/pulso27.com\\\/wp-content\\\/uploads\\\/2024\\\/09\\\/AMBLO2.png\",\"contentUrl\":\"https:\\\/\\\/pulso27.com\\\/wp-content\\\/uploads\\\/2024\\\/09\\\/AMBLO2.png\",\"width\":1000,\"height\":800},{\"@type\":\"BreadcrumbList\",\"@id\":\"https:\\\/\\\/pulso27.com\\\/internacional\\\/amlo-encabeza-su-ultimo-grito-de-independencia-en-el-214-aniversario-de-la-independencia-de-mexico\\\/#breadcrumb\",\"itemListElement\":[{\"@type\":\"ListItem\",\"position\":1,\"name\":\"Portada\",\"item\":\"https:\\\/\\\/pulso27.com\\\/\"},{\"@type\":\"ListItem\",\"position\":2,\"name\":\"AMLO Encabeza su \u00daltimo Grito de Independencia en el 214 Aniversario de la Independencia de M\u00e9xico\"}]},{\"@type\":\"WebSite\",\"@id\":\"https:\\\/\\\/pulso27.com\\\/en\\\/#website\",\"url\":\"https:\\\/\\\/pulso27.com\\\/en\\\/\",\"name\":\"Pulso27\",\"description\":\"Web de noticias y publicidad\",\"publisher\":{\"@id\":\"https:\\\/\\\/pulso27.com\\\/en\\\/#organization\"},\"alternateName\":\"El pulso del pueblo\",\"potentialAction\":[{\"@type\":\"SearchAction\",\"target\":{\"@type\":\"EntryPoint\",\"urlTemplate\":\"https:\\\/\\\/pulso27.com\\\/en\\\/?s={search_term_string}\"},\"query-input\":{\"@type\":\"PropertyValueSpecification\",\"valueRequired\":true,\"valueName\":\"search_term_string\"}}],\"inLanguage\":\"es-PE\"},{\"@type\":\"Organization\",\"@id\":\"https:\\\/\\\/pulso27.com\\\/en\\\/#organization\",\"name\":\"Pulso27\",\"url\":\"https:\\\/\\\/pulso27.com\\\/en\\\/\",\"logo\":{\"@type\":\"ImageObject\",\"inLanguage\":\"es-PE\",\"@id\":\"https:\\\/\\\/pulso27.com\\\/en\\\/#\\\/schema\\\/logo\\\/image\\\/\",\"url\":\"https:\\\/\\\/pulso27.com\\\/wp-content\\\/uploads\\\/2026\\\/02\\\/Logotipo-de-la-organizacion-696-x-696-px-ok.png\",\"contentUrl\":\"https:\\\/\\\/pulso27.com\\\/wp-content\\\/uploads\\\/2026\\\/02\\\/Logotipo-de-la-organizacion-696-x-696-px-ok.png\",\"width\":696,\"height\":696,\"caption\":\"Pulso27\"},\"image\":{\"@id\":\"https:\\\/\\\/pulso27.com\\\/en\\\/#\\\/schema\\\/logo\\\/image\\\/\"},\"sameAs\":[\"https:\\\/\\\/www.facebook.com\\\/pulso27\\\/\",\"https:\\\/\\\/x.com\\\/Pulso_27\",\"https:\\\/\\\/www.youtube.com\\\/@Pulso27\",\"https:\\\/\\\/www.tiktok.com\\\/@pulso_27\"]},{\"@type\":\"Person\",\"@id\":\"https:\\\/\\\/pulso27.com\\\/en\\\/#\\\/schema\\\/person\\\/92f5059eb04cb644a32d22c9bc998684\",\"name\":\"Maga\",\"image\":{\"@type\":\"ImageObject\",\"inLanguage\":\"es-PE\",\"@id\":\"https:\\\/\\\/secure.gravatar.com\\\/avatar\\\/c4d5224d4227e7c057cd5793ba910425cc902f3aef97cda3eccc7acba8be2edc?s=96&d=mm&r=g\",\"url\":\"https:\\\/\\\/secure.gravatar.com\\\/avatar\\\/c4d5224d4227e7c057cd5793ba910425cc902f3aef97cda3eccc7acba8be2edc?s=96&d=mm&r=g\",\"contentUrl\":\"https:\\\/\\\/secure.gravatar.com\\\/avatar\\\/c4d5224d4227e7c057cd5793ba910425cc902f3aef97cda3eccc7acba8be2edc?s=96&d=mm&r=g\",\"caption\":\"Maga\"},\"sameAs\":[\"http:\\\/\\\/www.pulso27.com\"],\"url\":\"https:\\\/\\\/pulso27.com\\\/es\\\/author\\\/maga\\\/\"}]}<\/script>\n<!-- \/ Yoast SEO plugin. -->","yoast_head_json":{"title":"AMLO Encabeza su \u00daltimo Grito de Independencia en el 214 Aniversario de la Independencia de M\u00e9xico - Pulso27","robots":{"index":"index","follow":"follow","max-snippet":"max-snippet:-1","max-image-preview":"max-image-preview:large","max-video-preview":"max-video-preview:-1"},"canonical":"https:\/\/pulso27.com\/es\/internacional\/amlo-encabeza-su-ultimo-grito-de-independencia-en-el-214-aniversario-de-la-independencia-de-mexico\/","og_locale":"es_ES","og_type":"article","og_title":"AMLO Encabeza su \u00daltimo Grito de Independencia en el 214 Aniversario de la Independencia de M\u00e9xico - Pulso27","og_description":"El presidente de M\u00e9xico, Andr\u00e9s Manuel L\u00f3pez Obrador, celebr\u00f3 la noche del 15 de septiembre su \u00faltimo Grito de Independencia como mandatario, en un Z\u00f3calo repleto de millas de ciudadanos que acudieron a conmemorar el 214 aniversario del inicio de la lucha por la independencia del pa\u00eds. Desde el balc\u00f3n del Palacio Nacional, portando la [&hellip;]","og_url":"https:\/\/pulso27.com\/es\/internacional\/amlo-encabeza-su-ultimo-grito-de-independencia-en-el-214-aniversario-de-la-independencia-de-mexico\/","og_site_name":"Pulso27","article_publisher":"https:\/\/www.facebook.com\/pulso27\/","article_published_time":"2024-09-16T06:41:56+00:00","article_modified_time":"2024-09-16T06:42:00+00:00","og_image":[{"width":1000,"height":800,"url":"https:\/\/pulso27.com\/wp-content\/uploads\/2024\/09\/AMBLO2.png","type":"image\/png"}],"author":"Maga","twitter_card":"summary_large_image","twitter_creator":"@Pulso_27","twitter_site":"@Pulso_27","twitter_misc":{"Written by":"Maga","Est. reading time":"2 minutos"},"schema":{"@context":"https:\/\/schema.org","@graph":[{"@type":"Article","@id":"https:\/\/pulso27.com\/internacional\/amlo-encabeza-su-ultimo-grito-de-independencia-en-el-214-aniversario-de-la-independencia-de-mexico\/#article","isPartOf":{"@id":"https:\/\/pulso27.com\/internacional\/amlo-encabeza-su-ultimo-grito-de-independencia-en-el-214-aniversario-de-la-independencia-de-mexico\/"},"author":{"name":"Maga","@id":"https:\/\/pulso27.com\/en\/#\/schema\/person\/92f5059eb04cb644a32d22c9bc998684"},"headline":"AMLO Encabeza su \u00daltimo Grito de Independencia en el 214 Aniversario de la Independencia de M\u00e9xico","datePublished":"2024-09-16T06:41:56+00:00","dateModified":"2024-09-16T06:42:00+00:00","mainEntityOfPage":{"@id":"https:\/\/pulso27.com\/internacional\/amlo-encabeza-su-ultimo-grito-de-independencia-en-el-214-aniversario-de-la-independencia-de-mexico\/"},"wordCount":356,"commentCount":0,"publisher":{"@id":"https:\/\/pulso27.com\/en\/#organization"},"image":{"@id":"https:\/\/pulso27.com\/internacional\/amlo-encabeza-su-ultimo-grito-de-independencia-en-el-214-aniversario-de-la-independencia-de-mexico\/#primaryimage"},"thumbnailUrl":"https:\/\/pulso27.com\/wp-content\/uploads\/2024\/09\/AMBLO2.png","keywords":["AMBLO","Andr\u00e9sManuelL\u00f3pezObrador","IndependenciaDeM\u00e9xico","M\u00e9xico"],"articleSection":["Actualidad","Internacional","Pol\u00edtica"],"inLanguage":"es-PE","potentialAction":[{"@type":"CommentAction","name":"Comment","target":["https:\/\/pulso27.com\/internacional\/amlo-encabeza-su-ultimo-grito-de-independencia-en-el-214-aniversario-de-la-independencia-de-mexico\/#respond"]}]},{"@type":"WebPage","@id":"https:\/\/pulso27.com\/internacional\/amlo-encabeza-su-ultimo-grito-de-independencia-en-el-214-aniversario-de-la-independencia-de-mexico\/","url":"https:\/\/pulso27.com\/internacional\/amlo-encabeza-su-ultimo-grito-de-independencia-en-el-214-aniversario-de-la-independencia-de-mexico\/","name":"AMLO Encabeza su \u00daltimo Grito de Independencia en el 214 Aniversario de la Independencia de M\u00e9xico - Pulso27","isPartOf":{"@id":"https:\/\/pulso27.com\/en\/#website"},"primaryImageOfPage":{"@id":"https:\/\/pulso27.com\/internacional\/amlo-encabeza-su-ultimo-grito-de-independencia-en-el-214-aniversario-de-la-independencia-de-mexico\/#primaryimage"},"image":{"@id":"https:\/\/pulso27.com\/internacional\/amlo-encabeza-su-ultimo-grito-de-independencia-en-el-214-aniversario-de-la-independencia-de-mexico\/#primaryimage"},"thumbnailUrl":"https:\/\/pulso27.com\/wp-content\/uploads\/2024\/09\/AMBLO2.png","datePublished":"2024-09-16T06:41:56+00:00","dateModified":"2024-09-16T06:42:00+00:00","breadcrumb":{"@id":"https:\/\/pulso27.com\/internacional\/amlo-encabeza-su-ultimo-grito-de-independencia-en-el-214-aniversario-de-la-independencia-de-mexico\/#breadcrumb"},"inLanguage":"es-PE","potentialAction":[{"@type":"ReadAction","target":["https:\/\/pulso27.com\/internacional\/amlo-encabeza-su-ultimo-grito-de-independencia-en-el-214-aniversario-de-la-independencia-de-mexico\/"]}]},{"@type":"ImageObject","inLanguage":"es-PE","@id":"https:\/\/pulso27.com\/internacional\/amlo-encabeza-su-ultimo-grito-de-independencia-en-el-214-aniversario-de-la-independencia-de-mexico\/#primaryimage","url":"https:\/\/pulso27.com\/wp-content\/uploads\/2024\/09\/AMBLO2.png","contentUrl":"https:\/\/pulso27.com\/wp-content\/uploads\/2024\/09\/AMBLO2.png","width":1000,"height":800},{"@type":"BreadcrumbList","@id":"https:\/\/pulso27.com\/internacional\/amlo-encabeza-su-ultimo-grito-de-independencia-en-el-214-aniversario-de-la-independencia-de-mexico\/#breadcrumb","itemListElement":[{"@type":"ListItem","position":1,"name":"Portada","item":"https:\/\/pulso27.com\/"},{"@type":"ListItem","position":2,"name":"AMLO Encabeza su \u00daltimo Grito de Independencia en el 214 Aniversario de la Independencia de M\u00e9xico"}]},{"@type":"WebSite","@id":"https:\/\/pulso27.com\/en\/#website","url":"https:\/\/pulso27.com\/en\/","name":"Pulso27","description":"Web de noticias y publicidad","publisher":{"@id":"https:\/\/pulso27.com\/en\/#organization"},"alternateName":"El pulso del pueblo","potentialAction":[{"@type":"SearchAction","target":{"@type":"EntryPoint","urlTemplate":"https:\/\/pulso27.com\/en\/?s={search_term_string}"},"query-input":{"@type":"PropertyValueSpecification","valueRequired":true,"valueName":"search_term_string"}}],"inLanguage":"es-PE"},{"@type":"Organization","@id":"https:\/\/pulso27.com\/en\/#organization","name":"Pulso27","url":"https:\/\/pulso27.com\/en\/","logo":{"@type":"ImageObject","inLanguage":"es-PE","@id":"https:\/\/pulso27.com\/en\/#\/schema\/logo\/image\/","url":"https:\/\/pulso27.com\/wp-content\/uploads\/2026\/02\/Logotipo-de-la-organizacion-696-x-696-px-ok.png","contentUrl":"https:\/\/pulso27.com\/wp-content\/uploads\/2026\/02\/Logotipo-de-la-organizacion-696-x-696-px-ok.png","width":696,"height":696,"caption":"Pulso27"},"image":{"@id":"https:\/\/pulso27.com\/en\/#\/schema\/logo\/image\/"},"sameAs":["https:\/\/www.facebook.com\/pulso27\/","https:\/\/x.com\/Pulso_27","https:\/\/www.youtube.com\/@Pulso27","https:\/\/www.tiktok.com\/@pulso_27"]},{"@type":"Person","@id":"https:\/\/pulso27.com\/en\/#\/schema\/person\/92f5059eb04cb644a32d22c9bc998684","name":"Maga","image":{"@type":"ImageObject","inLanguage":"es-PE","@id":"https:\/\/secure.gravatar.com\/avatar\/c4d5224d4227e7c057cd5793ba910425cc902f3aef97cda3eccc7acba8be2edc?s=96&d=mm&r=g","url":"https:\/\/secure.gravatar.com\/avatar\/c4d5224d4227e7c057cd5793ba910425cc902f3aef97cda3eccc7acba8be2edc?s=96&d=mm&r=g","contentUrl":"https:\/\/secure.gravatar.com\/avatar\/c4d5224d4227e7c057cd5793ba910425cc902f3aef97cda3eccc7acba8be2edc?s=96&d=mm&r=g","caption":"Maga"},"sameAs":["http:\/\/www.pulso27.com"],"url":"https:\/\/pulso27.com\/es\/author\/maga\/"}]}},"amp_enabled":true,"_links":{"self":[{"href":"https:\/\/pulso27.com\/es\/wp-json\/wp\/v2\/posts\/2134","targetHints":{"allow":["GET"]}}],"collection":[{"href":"https:\/\/pulso27.com\/es\/wp-json\/wp\/v2\/posts"}],"about":[{"href":"https:\/\/pulso27.com\/es\/wp-json\/wp\/v2\/types\/post"}],"author":[{"embeddable":true,"href":"https:\/\/pulso27.com\/es\/wp-json\/wp\/v2\/users\/8"}],"replies":[{"embeddable":true,"href":"https:\/\/pulso27.com\/es\/wp-json\/wp\/v2\/comments?post=2134"}],"version-history":[{"count":2,"href":"https:\/\/pulso27.com\/es\/wp-json\/wp\/v2\/posts\/2134\/revisions"}],"predecessor-version":[{"id":2141,"href":"https:\/\/pulso27.com\/es\/wp-json\/wp\/v2\/posts\/2134\/revisions\/2141"}],"wp:featuredmedia":[{"embeddable":true,"href":"https:\/\/pulso27.com\/es\/wp-json\/wp\/v2\/media\/2137"}],"wp:attachment":[{"href":"https:\/\/pulso27.com\/es\/wp-json\/wp\/v2\/media?parent=2134"}],"wp:term":[{"taxonomy":"category","embeddable":true,"href":"https:\/\/pulso27.com\/es\/wp-json\/wp\/v2\/categories?post=2134"},{"taxonomy":"post_tag","embeddable":true,"href":"https:\/\/pulso27.com\/es\/wp-json\/wp\/v2\/tags?post=2134"}],"curies":[{"name":"wp","href":"https:\/\/api.w.org\/{rel}","templated":true}]}}