{"id":2165,"date":"2024-09-25T01:06:37","date_gmt":"2024-09-24T20:06:37","guid":{"rendered":"https:\/\/pulso27.com\/?p=2165"},"modified":"2024-09-25T01:06:40","modified_gmt":"2024-09-24T20:06:40","slug":"asamblea-popular-para-reinicio-de-paro-en-el-valle-de-tambo-contra-tia-maria","status":"publish","type":"post","link":"https:\/\/pulso27.com\/es\/actualidad\/sociedad\/asamblea-popular-para-reinicio-de-paro-en-el-valle-de-tambo-contra-tia-maria\/","title":{"rendered":"Asamblea popular para reinicio de paro en el Valle de Tambo contra T\u00eda Mar\u00eda"},"content":{"rendered":"\n<p>En una conferencia de prensa realizada en Arequipa, los l\u00edderes opositores al proyecto minero T\u00eda Mar\u00eda de la Southern Copper Corporation anunciaron una asamblea popular y una huelga indefinida en el Valle de Tambo. La movilizaci\u00f3n, programada para el pr\u00f3ximo 27 de septiembre, coincide con el 15\u00ba aniversario de la consulta popular de 2009, en la que la poblaci\u00f3n rechaz\u00f3 el proyecto minero.<\/p>\n\n\n\n<p>Rogger Chirapo, vocero de la protesta, explic\u00f3 que en dicha asamblea se definir\u00e1 la fecha exacta y la duraci\u00f3n de la huelga aprobada el pasado 31 de julio. Esta medida de fuerza responde a la falta de respuesta de las autoridades frente a las preocupaciones ambientales y sociales planteadas por la comunidad. Seg\u00fan Chirapo, el Estudio de Impacto Ambiental (EIA) del proyecto minero perdi\u00f3 vigencia en 2019, lo que convierte en ilegal cualquier avance sin una nueva evaluaci\u00f3n por parte de las autoridades.<\/p>\n\n\n\n<figure class=\"wp-block-image size-large\"><img loading=\"lazy\" decoding=\"async\" width=\"1024\" height=\"576\" src=\"https:\/\/pulso27.com\/wp-content\/uploads\/2024\/09\/image-23-1024x576.png\" alt=\"\" class=\"wp-image-2167\" srcset=\"https:\/\/pulso27.com\/wp-content\/uploads\/2024\/09\/image-23-1024x576.png 1024w, https:\/\/pulso27.com\/wp-content\/uploads\/2024\/09\/image-23-300x169.png 300w, https:\/\/pulso27.com\/wp-content\/uploads\/2024\/09\/image-23-768x432.png 768w, https:\/\/pulso27.com\/wp-content\/uploads\/2024\/09\/image-23-18x10.png 18w, https:\/\/pulso27.com\/wp-content\/uploads\/2024\/09\/image-23.png 1200w\" sizes=\"auto, (max-width: 1024px) 100vw, 1024px\" \/><figcaption class=\"wp-element-caption\"><em>Voceros de Valle del Tambo durante la conferencia de prensa de medios locales<\/em><\/figcaption><\/figure>\n\n\n\n<p>Por su parte, el dirigente Juan Gald\u00f3s Quispe inform\u00f3 que se ha notificado formalmente a la presidenta Dina Boluarte y a altos funcionarios del gobierno sobre el malestar creciente en la regi\u00f3n. \u00abNos dijeron que somos un grupo peque\u00f1o de 20 personas que se opone al proyecto, pero invitamos a las autoridades a venir al Valle de Tambo y comprobar cu\u00e1ntos realmente estamos en contra de T\u00eda Mar\u00eda\u00bb, declar\u00f3 Gald\u00f3s. Los opositores tambi\u00e9n planean nuevas notificaciones y movilizaciones, argumentando que los dirigentes del Ejecutivo minimizan su lucha.<\/p>\n\n\n\n<p>Entre los argumentos m\u00e1s fuertes presentados durante la conferencia, el abogado Walter Paz Valderrama se\u00f1al\u00f3 que el Informe T\u00e9cnico Sustentatorio (ITS) de T\u00eda Mar\u00eda, una modificaci\u00f3n del EIA, ha sido seriamente cuestionada, recibiendo 50 observaciones del Servicio Nacional de Certificaci\u00f3n Ambiental (SENACE). Estas incluyen la falta de permisos para el uso de agua y la invasi\u00f3n de zonas protegidas. \u00abEl plazo para subsanar estas observaciones venci\u00f3 en marzo, y al menos cuatro de ellas siguen sin ser corregidas\u00bb, apunt\u00f3 Valderrama.<\/p>\n\n\n\n<p>El especialista en inversiones Elvis Jump tambi\u00e9n denunci\u00f3 que el proyecto no se beneficiar\u00eda de manera significativa a la regi\u00f3n. Seg\u00fan \u00e9l, de los 1500 millones de d\u00f3lares de inversi\u00f3n prometida por Southern, menos del 5% se quedar\u00eda en la econom\u00eda local, argumentando que gran parte del capital estar\u00eda destinada a la compra de equipos importados. Jump inst\u00f3 a las autoridades a priorizar el desarrollo de proyectos como el Gasoducto Sur, que seg\u00fan \u00e9l, tendr\u00edan un mayor impacto positivo para la regi\u00f3n.<\/p>\n\n\n\n<figure class=\"wp-block-image size-large\"><img loading=\"lazy\" decoding=\"async\" width=\"1024\" height=\"682\" src=\"https:\/\/pulso27.com\/wp-content\/uploads\/2024\/09\/image-22-1024x682.png\" alt=\"\" class=\"wp-image-2166\" srcset=\"https:\/\/pulso27.com\/wp-content\/uploads\/2024\/09\/image-22-1024x682.png 1024w, https:\/\/pulso27.com\/wp-content\/uploads\/2024\/09\/image-22-300x200.png 300w, https:\/\/pulso27.com\/wp-content\/uploads\/2024\/09\/image-22-768x512.png 768w, https:\/\/pulso27.com\/wp-content\/uploads\/2024\/09\/image-22-18x12.png 18w, https:\/\/pulso27.com\/wp-content\/uploads\/2024\/09\/image-22.png 1280w\" sizes=\"auto, (max-width: 1024px) 100vw, 1024px\" \/><figcaption class=\"wp-element-caption\"><em>Mario Chirapo, uno de los voceros del Valle del Tambo, Islay, Arequipa<\/em><\/figcaption><\/figure>\n\n\n\n<p>En respuesta a las crecientes tensiones, Southern Copper Corporation emiti\u00f3 un comunicado reafirmando su compromiso con el desarrollo sostenible en el Valle de Tambo. La empresa empresarial rotundamente estar\u00e1 involucrada en actividades fraudulentas como la promoci\u00f3n de terrenos o pr\u00e9stamos, e inst\u00f3 a la poblaci\u00f3n a utilizar sus canales oficiales para consultas sobre oportunidades laborales y programas sociales. A su vez, invit\u00f3 a las comunidades a trabajar en conjunto para alcanzar un \u00abfuturo pr\u00f3spero y equitativo\u00bb.<\/p>\n\n\n\n<p>La tensi\u00f3n en torno al proyecto T\u00eda Mar\u00eda contin\u00faa escalando, y se espera que la movilizaci\u00f3n del 27 de septiembre marque un punto de inflexi\u00f3n en el conflicto que ya lleva m\u00e1s de una d\u00e9cada.<\/p>\n","protected":false},"excerpt":{"rendered":"<p>En una conferencia de prensa realizada en Arequipa, los l\u00edderes opositores al proyecto minero T\u00eda Mar\u00eda de la Southern Copper Corporation anunciaron una asamblea popular y una huelga indefinida en el Valle de Tambo. La movilizaci\u00f3n, programada para el pr\u00f3ximo 27 de septiembre, coincide con el 15\u00ba aniversario de la consulta popular de 2009, en [&hellip;]<\/p>\n","protected":false},"author":13,"featured_media":2168,"comment_status":"open","ping_status":"open","sticky":false,"template":"","format":"standard","meta":{"footnotes":""},"categories":[818,810,202],"tags":[593,837,836,835],"class_list":["post-2165","post","type-post","status-publish","format-standard","has-post-thumbnail","hentry","category-agricultura","category-regional","category-sociedad","tag-minem","tag-southerncoppercorporation","tag-tiamaria","tag-valledeltambo"],"yoast_head":"<!-- This site is optimized with the Yoast SEO plugin v27.4 - https:\/\/yoast.com\/product\/yoast-seo-wordpress\/ -->\n<title>Asamblea popular para reinicio de paro en el Valle de Tambo contra T\u00eda Mar\u00eda - Pulso27<\/title>\n<meta name=\"robots\" content=\"index, follow, max-snippet:-1, max-image-preview:large, max-video-preview:-1\" \/>\n<link rel=\"canonical\" href=\"https:\/\/pulso27.com\/es\/actualidad\/sociedad\/asamblea-popular-para-reinicio-de-paro-en-el-valle-de-tambo-contra-tia-maria\/\" \/>\n<meta property=\"og:locale\" content=\"es_ES\" \/>\n<meta property=\"og:type\" content=\"article\" \/>\n<meta property=\"og:title\" content=\"Asamblea popular para reinicio de paro en el Valle de Tambo contra T\u00eda Mar\u00eda - Pulso27\" \/>\n<meta property=\"og:description\" content=\"En una conferencia de prensa realizada en Arequipa, los l\u00edderes opositores al proyecto minero T\u00eda Mar\u00eda de la Southern Copper Corporation anunciaron una asamblea popular y una huelga indefinida en el Valle de Tambo. La movilizaci\u00f3n, programada para el pr\u00f3ximo 27 de septiembre, coincide con el 15\u00ba aniversario de la consulta popular de 2009, en [&hellip;]\" \/>\n<meta property=\"og:url\" content=\"https:\/\/pulso27.com\/es\/actualidad\/sociedad\/asamblea-popular-para-reinicio-de-paro-en-el-valle-de-tambo-contra-tia-maria\/\" \/>\n<meta property=\"og:site_name\" content=\"Pulso27\" \/>\n<meta property=\"article:publisher\" content=\"https:\/\/www.facebook.com\/pulso27\/\" \/>\n<meta property=\"article:published_time\" content=\"2024-09-24T20:06:37+00:00\" \/>\n<meta property=\"article:modified_time\" content=\"2024-09-24T20:06:40+00:00\" \/>\n<meta property=\"og:image\" content=\"https:\/\/pulso27.com\/wp-content\/uploads\/2024\/09\/Tia-Maria-Asamble.png\" \/>\n\t<meta property=\"og:image:width\" content=\"1000\" \/>\n\t<meta property=\"og:image:height\" content=\"800\" \/>\n\t<meta property=\"og:image:type\" content=\"image\/png\" \/>\n<meta name=\"author\" content=\"Redactor\" \/>\n<meta name=\"twitter:card\" content=\"summary_large_image\" \/>\n<meta name=\"twitter:creator\" content=\"@Pulso_27\" \/>\n<meta name=\"twitter:site\" content=\"@Pulso_27\" \/>\n<meta name=\"twitter:label1\" content=\"Written by\" \/>\n\t<meta name=\"twitter:data1\" content=\"Redactor\" \/>\n\t<meta name=\"twitter:label2\" content=\"Est. reading time\" \/>\n\t<meta name=\"twitter:data2\" content=\"3 minutos\" \/>\n<script type=\"application\/ld+json\" class=\"yoast-schema-graph\">{\"@context\":\"https:\\\/\\\/schema.org\",\"@graph\":[{\"@type\":\"Article\",\"@id\":\"https:\\\/\\\/pulso27.com\\\/actualidad\\\/sociedad\\\/asamblea-popular-para-reinicio-de-paro-en-el-valle-de-tambo-contra-tia-maria\\\/#article\",\"isPartOf\":{\"@id\":\"https:\\\/\\\/pulso27.com\\\/actualidad\\\/sociedad\\\/asamblea-popular-para-reinicio-de-paro-en-el-valle-de-tambo-contra-tia-maria\\\/\"},\"author\":{\"name\":\"Redactor\",\"@id\":\"https:\\\/\\\/pulso27.com\\\/en\\\/#\\\/schema\\\/person\\\/bf5ee161e6c87f6c7d57f5e689ef8526\"},\"headline\":\"Asamblea popular para reinicio de paro en el Valle de Tambo contra T\u00eda Mar\u00eda\",\"datePublished\":\"2024-09-24T20:06:37+00:00\",\"dateModified\":\"2024-09-24T20:06:40+00:00\",\"mainEntityOfPage\":{\"@id\":\"https:\\\/\\\/pulso27.com\\\/actualidad\\\/sociedad\\\/asamblea-popular-para-reinicio-de-paro-en-el-valle-de-tambo-contra-tia-maria\\\/\"},\"wordCount\":586,\"commentCount\":0,\"publisher\":{\"@id\":\"https:\\\/\\\/pulso27.com\\\/en\\\/#organization\"},\"image\":{\"@id\":\"https:\\\/\\\/pulso27.com\\\/actualidad\\\/sociedad\\\/asamblea-popular-para-reinicio-de-paro-en-el-valle-de-tambo-contra-tia-maria\\\/#primaryimage\"},\"thumbnailUrl\":\"https:\\\/\\\/pulso27.com\\\/wp-content\\\/uploads\\\/2024\\\/09\\\/Tia-Maria-Asamble.png\",\"keywords\":[\"MINEM\",\"SouthernCopperCorporation\",\"T\u00edaMar\u00eda\",\"ValleDelTambo\"],\"articleSection\":[\"Agricultura\",\"Regional\",\"Sociedad\"],\"inLanguage\":\"es-PE\",\"potentialAction\":[{\"@type\":\"CommentAction\",\"name\":\"Comment\",\"target\":[\"https:\\\/\\\/pulso27.com\\\/actualidad\\\/sociedad\\\/asamblea-popular-para-reinicio-de-paro-en-el-valle-de-tambo-contra-tia-maria\\\/#respond\"]}]},{\"@type\":\"WebPage\",\"@id\":\"https:\\\/\\\/pulso27.com\\\/actualidad\\\/sociedad\\\/asamblea-popular-para-reinicio-de-paro-en-el-valle-de-tambo-contra-tia-maria\\\/\",\"url\":\"https:\\\/\\\/pulso27.com\\\/actualidad\\\/sociedad\\\/asamblea-popular-para-reinicio-de-paro-en-el-valle-de-tambo-contra-tia-maria\\\/\",\"name\":\"Asamblea popular para reinicio de paro en el Valle de Tambo contra T\u00eda Mar\u00eda - Pulso27\",\"isPartOf\":{\"@id\":\"https:\\\/\\\/pulso27.com\\\/en\\\/#website\"},\"primaryImageOfPage\":{\"@id\":\"https:\\\/\\\/pulso27.com\\\/actualidad\\\/sociedad\\\/asamblea-popular-para-reinicio-de-paro-en-el-valle-de-tambo-contra-tia-maria\\\/#primaryimage\"},\"image\":{\"@id\":\"https:\\\/\\\/pulso27.com\\\/actualidad\\\/sociedad\\\/asamblea-popular-para-reinicio-de-paro-en-el-valle-de-tambo-contra-tia-maria\\\/#primaryimage\"},\"thumbnailUrl\":\"https:\\\/\\\/pulso27.com\\\/wp-content\\\/uploads\\\/2024\\\/09\\\/Tia-Maria-Asamble.png\",\"datePublished\":\"2024-09-24T20:06:37+00:00\",\"dateModified\":\"2024-09-24T20:06:40+00:00\",\"breadcrumb\":{\"@id\":\"https:\\\/\\\/pulso27.com\\\/actualidad\\\/sociedad\\\/asamblea-popular-para-reinicio-de-paro-en-el-valle-de-tambo-contra-tia-maria\\\/#breadcrumb\"},\"inLanguage\":\"es-PE\",\"potentialAction\":[{\"@type\":\"ReadAction\",\"target\":[\"https:\\\/\\\/pulso27.com\\\/actualidad\\\/sociedad\\\/asamblea-popular-para-reinicio-de-paro-en-el-valle-de-tambo-contra-tia-maria\\\/\"]}]},{\"@type\":\"ImageObject\",\"inLanguage\":\"es-PE\",\"@id\":\"https:\\\/\\\/pulso27.com\\\/actualidad\\\/sociedad\\\/asamblea-popular-para-reinicio-de-paro-en-el-valle-de-tambo-contra-tia-maria\\\/#primaryimage\",\"url\":\"https:\\\/\\\/pulso27.com\\\/wp-content\\\/uploads\\\/2024\\\/09\\\/Tia-Maria-Asamble.png\",\"contentUrl\":\"https:\\\/\\\/pulso27.com\\\/wp-content\\\/uploads\\\/2024\\\/09\\\/Tia-Maria-Asamble.png\",\"width\":1000,\"height\":800},{\"@type\":\"BreadcrumbList\",\"@id\":\"https:\\\/\\\/pulso27.com\\\/actualidad\\\/sociedad\\\/asamblea-popular-para-reinicio-de-paro-en-el-valle-de-tambo-contra-tia-maria\\\/#breadcrumb\",\"itemListElement\":[{\"@type\":\"ListItem\",\"position\":1,\"name\":\"Portada\",\"item\":\"https:\\\/\\\/pulso27.com\\\/\"},{\"@type\":\"ListItem\",\"position\":2,\"name\":\"Asamblea popular para reinicio de paro en el Valle de Tambo contra T\u00eda Mar\u00eda\"}]},{\"@type\":\"WebSite\",\"@id\":\"https:\\\/\\\/pulso27.com\\\/en\\\/#website\",\"url\":\"https:\\\/\\\/pulso27.com\\\/en\\\/\",\"name\":\"Pulso27\",\"description\":\"Web de noticias y publicidad\",\"publisher\":{\"@id\":\"https:\\\/\\\/pulso27.com\\\/en\\\/#organization\"},\"alternateName\":\"El pulso del pueblo\",\"potentialAction\":[{\"@type\":\"SearchAction\",\"target\":{\"@type\":\"EntryPoint\",\"urlTemplate\":\"https:\\\/\\\/pulso27.com\\\/en\\\/?s={search_term_string}\"},\"query-input\":{\"@type\":\"PropertyValueSpecification\",\"valueRequired\":true,\"valueName\":\"search_term_string\"}}],\"inLanguage\":\"es-PE\"},{\"@type\":\"Organization\",\"@id\":\"https:\\\/\\\/pulso27.com\\\/en\\\/#organization\",\"name\":\"Pulso27\",\"url\":\"https:\\\/\\\/pulso27.com\\\/en\\\/\",\"logo\":{\"@type\":\"ImageObject\",\"inLanguage\":\"es-PE\",\"@id\":\"https:\\\/\\\/pulso27.com\\\/en\\\/#\\\/schema\\\/logo\\\/image\\\/\",\"url\":\"https:\\\/\\\/pulso27.com\\\/wp-content\\\/uploads\\\/2026\\\/02\\\/Logotipo-de-la-organizacion-696-x-696-px-ok.png\",\"contentUrl\":\"https:\\\/\\\/pulso27.com\\\/wp-content\\\/uploads\\\/2026\\\/02\\\/Logotipo-de-la-organizacion-696-x-696-px-ok.png\",\"width\":696,\"height\":696,\"caption\":\"Pulso27\"},\"image\":{\"@id\":\"https:\\\/\\\/pulso27.com\\\/en\\\/#\\\/schema\\\/logo\\\/image\\\/\"},\"sameAs\":[\"https:\\\/\\\/www.facebook.com\\\/pulso27\\\/\",\"https:\\\/\\\/x.com\\\/Pulso_27\",\"https:\\\/\\\/www.youtube.com\\\/@Pulso27\",\"https:\\\/\\\/www.tiktok.com\\\/@pulso_27\"]},{\"@type\":\"Person\",\"@id\":\"https:\\\/\\\/pulso27.com\\\/en\\\/#\\\/schema\\\/person\\\/bf5ee161e6c87f6c7d57f5e689ef8526\",\"name\":\"Redactor\",\"image\":{\"@type\":\"ImageObject\",\"inLanguage\":\"es-PE\",\"@id\":\"https:\\\/\\\/pulso27.com\\\/wp-content\\\/uploads\\\/2025\\\/03\\\/a-150x150.png\",\"url\":\"https:\\\/\\\/pulso27.com\\\/wp-content\\\/uploads\\\/2025\\\/03\\\/a-150x150.png\",\"contentUrl\":\"https:\\\/\\\/pulso27.com\\\/wp-content\\\/uploads\\\/2025\\\/03\\\/a-150x150.png\",\"caption\":\"Redactor\"},\"sameAs\":[\"http:\\\/\\\/www.pulso27.com\"],\"url\":\"https:\\\/\\\/pulso27.com\\\/es\\\/author\\\/redactor\\\/\"}]}<\/script>\n<!-- \/ Yoast SEO plugin. -->","yoast_head_json":{"title":"Asamblea popular para reinicio de paro en el Valle de Tambo contra T\u00eda Mar\u00eda - Pulso27","robots":{"index":"index","follow":"follow","max-snippet":"max-snippet:-1","max-image-preview":"max-image-preview:large","max-video-preview":"max-video-preview:-1"},"canonical":"https:\/\/pulso27.com\/es\/actualidad\/sociedad\/asamblea-popular-para-reinicio-de-paro-en-el-valle-de-tambo-contra-tia-maria\/","og_locale":"es_ES","og_type":"article","og_title":"Asamblea popular para reinicio de paro en el Valle de Tambo contra T\u00eda Mar\u00eda - Pulso27","og_description":"En una conferencia de prensa realizada en Arequipa, los l\u00edderes opositores al proyecto minero T\u00eda Mar\u00eda de la Southern Copper Corporation anunciaron una asamblea popular y una huelga indefinida en el Valle de Tambo. La movilizaci\u00f3n, programada para el pr\u00f3ximo 27 de septiembre, coincide con el 15\u00ba aniversario de la consulta popular de 2009, en [&hellip;]","og_url":"https:\/\/pulso27.com\/es\/actualidad\/sociedad\/asamblea-popular-para-reinicio-de-paro-en-el-valle-de-tambo-contra-tia-maria\/","og_site_name":"Pulso27","article_publisher":"https:\/\/www.facebook.com\/pulso27\/","article_published_time":"2024-09-24T20:06:37+00:00","article_modified_time":"2024-09-24T20:06:40+00:00","og_image":[{"width":1000,"height":800,"url":"https:\/\/pulso27.com\/wp-content\/uploads\/2024\/09\/Tia-Maria-Asamble.png","type":"image\/png"}],"author":"Redactor","twitter_card":"summary_large_image","twitter_creator":"@Pulso_27","twitter_site":"@Pulso_27","twitter_misc":{"Written by":"Redactor","Est. reading time":"3 minutos"},"schema":{"@context":"https:\/\/schema.org","@graph":[{"@type":"Article","@id":"https:\/\/pulso27.com\/actualidad\/sociedad\/asamblea-popular-para-reinicio-de-paro-en-el-valle-de-tambo-contra-tia-maria\/#article","isPartOf":{"@id":"https:\/\/pulso27.com\/actualidad\/sociedad\/asamblea-popular-para-reinicio-de-paro-en-el-valle-de-tambo-contra-tia-maria\/"},"author":{"name":"Redactor","@id":"https:\/\/pulso27.com\/en\/#\/schema\/person\/bf5ee161e6c87f6c7d57f5e689ef8526"},"headline":"Asamblea popular para reinicio de paro en el Valle de Tambo contra T\u00eda Mar\u00eda","datePublished":"2024-09-24T20:06:37+00:00","dateModified":"2024-09-24T20:06:40+00:00","mainEntityOfPage":{"@id":"https:\/\/pulso27.com\/actualidad\/sociedad\/asamblea-popular-para-reinicio-de-paro-en-el-valle-de-tambo-contra-tia-maria\/"},"wordCount":586,"commentCount":0,"publisher":{"@id":"https:\/\/pulso27.com\/en\/#organization"},"image":{"@id":"https:\/\/pulso27.com\/actualidad\/sociedad\/asamblea-popular-para-reinicio-de-paro-en-el-valle-de-tambo-contra-tia-maria\/#primaryimage"},"thumbnailUrl":"https:\/\/pulso27.com\/wp-content\/uploads\/2024\/09\/Tia-Maria-Asamble.png","keywords":["MINEM","SouthernCopperCorporation","T\u00edaMar\u00eda","ValleDelTambo"],"articleSection":["Agricultura","Regional","Sociedad"],"inLanguage":"es-PE","potentialAction":[{"@type":"CommentAction","name":"Comment","target":["https:\/\/pulso27.com\/actualidad\/sociedad\/asamblea-popular-para-reinicio-de-paro-en-el-valle-de-tambo-contra-tia-maria\/#respond"]}]},{"@type":"WebPage","@id":"https:\/\/pulso27.com\/actualidad\/sociedad\/asamblea-popular-para-reinicio-de-paro-en-el-valle-de-tambo-contra-tia-maria\/","url":"https:\/\/pulso27.com\/actualidad\/sociedad\/asamblea-popular-para-reinicio-de-paro-en-el-valle-de-tambo-contra-tia-maria\/","name":"Asamblea popular para reinicio de paro en el Valle de Tambo contra T\u00eda Mar\u00eda - Pulso27","isPartOf":{"@id":"https:\/\/pulso27.com\/en\/#website"},"primaryImageOfPage":{"@id":"https:\/\/pulso27.com\/actualidad\/sociedad\/asamblea-popular-para-reinicio-de-paro-en-el-valle-de-tambo-contra-tia-maria\/#primaryimage"},"image":{"@id":"https:\/\/pulso27.com\/actualidad\/sociedad\/asamblea-popular-para-reinicio-de-paro-en-el-valle-de-tambo-contra-tia-maria\/#primaryimage"},"thumbnailUrl":"https:\/\/pulso27.com\/wp-content\/uploads\/2024\/09\/Tia-Maria-Asamble.png","datePublished":"2024-09-24T20:06:37+00:00","dateModified":"2024-09-24T20:06:40+00:00","breadcrumb":{"@id":"https:\/\/pulso27.com\/actualidad\/sociedad\/asamblea-popular-para-reinicio-de-paro-en-el-valle-de-tambo-contra-tia-maria\/#breadcrumb"},"inLanguage":"es-PE","potentialAction":[{"@type":"ReadAction","target":["https:\/\/pulso27.com\/actualidad\/sociedad\/asamblea-popular-para-reinicio-de-paro-en-el-valle-de-tambo-contra-tia-maria\/"]}]},{"@type":"ImageObject","inLanguage":"es-PE","@id":"https:\/\/pulso27.com\/actualidad\/sociedad\/asamblea-popular-para-reinicio-de-paro-en-el-valle-de-tambo-contra-tia-maria\/#primaryimage","url":"https:\/\/pulso27.com\/wp-content\/uploads\/2024\/09\/Tia-Maria-Asamble.png","contentUrl":"https:\/\/pulso27.com\/wp-content\/uploads\/2024\/09\/Tia-Maria-Asamble.png","width":1000,"height":800},{"@type":"BreadcrumbList","@id":"https:\/\/pulso27.com\/actualidad\/sociedad\/asamblea-popular-para-reinicio-de-paro-en-el-valle-de-tambo-contra-tia-maria\/#breadcrumb","itemListElement":[{"@type":"ListItem","position":1,"name":"Portada","item":"https:\/\/pulso27.com\/"},{"@type":"ListItem","position":2,"name":"Asamblea popular para reinicio de paro en el Valle de Tambo contra T\u00eda Mar\u00eda"}]},{"@type":"WebSite","@id":"https:\/\/pulso27.com\/en\/#website","url":"https:\/\/pulso27.com\/en\/","name":"Pulso27","description":"Web de noticias y publicidad","publisher":{"@id":"https:\/\/pulso27.com\/en\/#organization"},"alternateName":"El pulso del pueblo","potentialAction":[{"@type":"SearchAction","target":{"@type":"EntryPoint","urlTemplate":"https:\/\/pulso27.com\/en\/?s={search_term_string}"},"query-input":{"@type":"PropertyValueSpecification","valueRequired":true,"valueName":"search_term_string"}}],"inLanguage":"es-PE"},{"@type":"Organization","@id":"https:\/\/pulso27.com\/en\/#organization","name":"Pulso27","url":"https:\/\/pulso27.com\/en\/","logo":{"@type":"ImageObject","inLanguage":"es-PE","@id":"https:\/\/pulso27.com\/en\/#\/schema\/logo\/image\/","url":"https:\/\/pulso27.com\/wp-content\/uploads\/2026\/02\/Logotipo-de-la-organizacion-696-x-696-px-ok.png","contentUrl":"https:\/\/pulso27.com\/wp-content\/uploads\/2026\/02\/Logotipo-de-la-organizacion-696-x-696-px-ok.png","width":696,"height":696,"caption":"Pulso27"},"image":{"@id":"https:\/\/pulso27.com\/en\/#\/schema\/logo\/image\/"},"sameAs":["https:\/\/www.facebook.com\/pulso27\/","https:\/\/x.com\/Pulso_27","https:\/\/www.youtube.com\/@Pulso27","https:\/\/www.tiktok.com\/@pulso_27"]},{"@type":"Person","@id":"https:\/\/pulso27.com\/en\/#\/schema\/person\/bf5ee161e6c87f6c7d57f5e689ef8526","name":"Redactor","image":{"@type":"ImageObject","inLanguage":"es-PE","@id":"https:\/\/pulso27.com\/wp-content\/uploads\/2025\/03\/a-150x150.png","url":"https:\/\/pulso27.com\/wp-content\/uploads\/2025\/03\/a-150x150.png","contentUrl":"https:\/\/pulso27.com\/wp-content\/uploads\/2025\/03\/a-150x150.png","caption":"Redactor"},"sameAs":["http:\/\/www.pulso27.com"],"url":"https:\/\/pulso27.com\/es\/author\/redactor\/"}]}},"amp_enabled":true,"_links":{"self":[{"href":"https:\/\/pulso27.com\/es\/wp-json\/wp\/v2\/posts\/2165","targetHints":{"allow":["GET"]}}],"collection":[{"href":"https:\/\/pulso27.com\/es\/wp-json\/wp\/v2\/posts"}],"about":[{"href":"https:\/\/pulso27.com\/es\/wp-json\/wp\/v2\/types\/post"}],"author":[{"embeddable":true,"href":"https:\/\/pulso27.com\/es\/wp-json\/wp\/v2\/users\/13"}],"replies":[{"embeddable":true,"href":"https:\/\/pulso27.com\/es\/wp-json\/wp\/v2\/comments?post=2165"}],"version-history":[{"count":1,"href":"https:\/\/pulso27.com\/es\/wp-json\/wp\/v2\/posts\/2165\/revisions"}],"predecessor-version":[{"id":2169,"href":"https:\/\/pulso27.com\/es\/wp-json\/wp\/v2\/posts\/2165\/revisions\/2169"}],"wp:featuredmedia":[{"embeddable":true,"href":"https:\/\/pulso27.com\/es\/wp-json\/wp\/v2\/media\/2168"}],"wp:attachment":[{"href":"https:\/\/pulso27.com\/es\/wp-json\/wp\/v2\/media?parent=2165"}],"wp:term":[{"taxonomy":"category","embeddable":true,"href":"https:\/\/pulso27.com\/es\/wp-json\/wp\/v2\/categories?post=2165"},{"taxonomy":"post_tag","embeddable":true,"href":"https:\/\/pulso27.com\/es\/wp-json\/wp\/v2\/tags?post=2165"}],"curies":[{"name":"wp","href":"https:\/\/api.w.org\/{rel}","templated":true}]}}