{"id":2170,"date":"2024-09-25T01:31:45","date_gmt":"2024-09-24T20:31:45","guid":{"rendered":"https:\/\/pulso27.com\/?p=2170"},"modified":"2024-10-21T09:08:19","modified_gmt":"2024-10-21T04:08:19","slug":"paro-nacional-de-transportistas-contra-la-ola-de-extorsiones-en-lima","status":"publish","type":"post","link":"https:\/\/pulso27.com\/es\/actualidad\/policial\/paro-nacional-de-transportistas-contra-la-ola-de-extorsiones-en-lima\/","title":{"rendered":"Paro Nacional de Transportistas Contra la Ola de Extorsiones en Lima"},"content":{"rendered":"\n<p>El 26 de septiembre del a\u00f1o en curso, se llevar\u00e1 a cabo el anunciado paro nacional de transportistas, organizado por la Asociaci\u00f3n Nacional de Integraci\u00f3n de Transportistas, liderada por Mart\u00edn Valeriano. Esta medida surge como respuesta a la creciente inseguridad que enfrenta el gremio, especialmente en Lima y Callao, donde los casos de extorsi\u00f3n y violencia han afectado gravemente al sector.<\/p>\n\n\n\n<p>El paro y movilizaci\u00f3n, que incluir\u00e1 la participaci\u00f3n de 70 empresas de transporte de diversas zonas de Lima Metropolitana y Lima Provincias, tiene como punto clave una marcha hacia el Congreso de la Rep\u00fablica, exigiendo acciones concretas para garantizar la seguridad de los transportistas, quienes denuncian estar en la mira del crimen organizado. A pesar de que el ministro del Interior, Juan Jos\u00e9 Santiv\u00e1\u00f1ez, anunci\u00f3 la creaci\u00f3n de un grupo especial de la Polic\u00eda Nacional para combatir la extorsi\u00f3n.<\/p>\n\n\n\n<figure class=\"wp-block-image size-large\"><img loading=\"lazy\" decoding=\"async\" width=\"1024\" height=\"683\" src=\"https:\/\/pulso27.com\/wp-content\/uploads\/2024\/09\/image-25-1024x683.png\" alt=\"\" class=\"wp-image-2173\" srcset=\"https:\/\/pulso27.com\/wp-content\/uploads\/2024\/09\/image-25-1024x683.png 1024w, https:\/\/pulso27.com\/wp-content\/uploads\/2024\/09\/image-25-300x200.png 300w, https:\/\/pulso27.com\/wp-content\/uploads\/2024\/09\/image-25-768x512.png 768w, https:\/\/pulso27.com\/wp-content\/uploads\/2024\/09\/image-25-18x12.png 18w, https:\/\/pulso27.com\/wp-content\/uploads\/2024\/09\/image-25.png 1200w\" sizes=\"auto, (max-width: 1024px) 100vw, 1024px\" \/><figcaption class=\"wp-element-caption\"><em>Ministro del Interior prometi\u00f3 crear un equipo especial contra los extorsionadores<\/em><\/figcaption><\/figure>\n\n\n\n<p>Valeriano se\u00f1al\u00f3 que en las \u00faltimas semanas se han registrado al menos 14 atentados, lo que ha generado un clima de desprotecci\u00f3n entre los conductores. <em>\u00abNos sentimos abandonados, necesitamos seguridad real, no solo promesas\u00bb<\/em>, expres\u00f3 el dirigente.<\/p>\n\n\n\n<h3 class=\"wp-block-heading\">Impacto del Paro<\/h3>\n\n\n\n<p>El paro preventivo del 23 de septiembre, que se inici\u00f3 en Puente Piedra, ya dej\u00f3 ver la magnitud del problema. Centenares de choferes se concentraron en un plant\u00f3n para protestar contra el pago extorsivo que les exigen las mafias a cambio de dejarlos trabajar. Esta modalidad, que implica un pago diario de S\/20, ha sido denunciada por las empresas afectadas.<\/p>\n\n\n\n<p>Durante esa jornada, la polic\u00eda tuvo que intervenir con bombas lacrim\u00f3genas para dispersar a los manifestantes que bloquearon la Panamericana Norte. A pesar de la represi\u00f3n, la protesta fue contundente. Se report\u00f3 que m\u00e1s de 33 empresas de transporte dejaron de operar en Lima Norte, afectando a miles de usuarios de los distritos de Anc\u00f3n, Puente Piedra y Comas.<\/p>\n\n\n\n<h3 class=\"wp-block-heading\">Ejecutivo en Acci\u00f3n<\/h3>\n\n\n\n<p>El Ministerio del Interior emiti\u00f3 un comunicado esa ma\u00f1ana, informando que se ha destinado personal policial para apoyar a los ciudadanos afectados por la paralizaci\u00f3n del transporte. Cuatro unidades de la Polic\u00eda Nacional han sido habilitadas para cubrir rutas estrat\u00e9gicas en la Panamericana Norte. Adem\u00e1s, el ministro Santiv\u00e1\u00f1ez confirm\u00f3 la creaci\u00f3n del grupo especial de la PNP que se encargar\u00e1 de combatir las extorsiones y que, en las pr\u00f3ximas semanas, se habilitar\u00e1 la l\u00ednea 111 para recibir denuncias de manera confidencial.<\/p>\n\n\n\n<figure class=\"wp-block-image size-full\"><img loading=\"lazy\" decoding=\"async\" width=\"800\" height=\"450\" src=\"https:\/\/pulso27.com\/wp-content\/uploads\/2024\/09\/image-24.png\" alt=\"\" class=\"wp-image-2172\" srcset=\"https:\/\/pulso27.com\/wp-content\/uploads\/2024\/09\/image-24.png 800w, https:\/\/pulso27.com\/wp-content\/uploads\/2024\/09\/image-24-300x169.png 300w, https:\/\/pulso27.com\/wp-content\/uploads\/2024\/09\/image-24-768x432.png 768w, https:\/\/pulso27.com\/wp-content\/uploads\/2024\/09\/image-24-18x10.png 18w\" sizes=\"auto, (max-width: 800px) 100vw, 800px\" \/><figcaption class=\"wp-element-caption\"><em>Los lime\u00f1os se vieron en la obligaci\u00f3n de caminar por el paro de transportistas<\/em><\/figcaption><\/figure>\n\n\n\n<h3 class=\"wp-block-heading\">Pedido de Emergencia<\/h3>\n\n\n\n<p>El alcalde de Anc\u00f3n, Samuel Daza, solicit\u00f3 al Ejecutivo la declaratoria de emergencia en su distrito debido a la gravedad de la situaci\u00f3n. Las extorsiones han afectado no solo a los transportistas, sino tambi\u00e9n a los ciudadanos que dependen de este servicio para sus actividades diarias. Daza resalt\u00f3 la necesidad de una nueva comisar\u00eda en la zona para mejorar la capacidad de respuesta ante el crimen organizado.<\/p>\n\n\n\n<h3 class=\"wp-block-heading\">Un Gremio Dividido<\/h3>\n\n\n\n<p>A pesar de la unidad mostrada en la protesta, algunos transportistas no han acatado el paro. Empresas como Vipusa contin\u00faan operando parcialmente, lo que ha generado tensiones dentro del gremio. En varios casos, manifestantes obligaron a otros conductores a detener sus veh\u00edculos y sumarse a la huelga, bajo la premisa de que solo con una protesta masiva lograr\u00e1n ser escuchados.<\/p>\n\n\n\n<p>La situaci\u00f3n se mantiene tensa y el pa\u00eds espera que en los pr\u00f3ximos d\u00edas el Gobierno ofrezca soluciones efectivas a un problema que, hasta el momento, parece estar lejos de resolverse. Los transportistas, por su parte, advierten que si no se toman medidas concretas, las movilizaciones continuar\u00e1n.<\/p>\n\n\n\n<p>Fuente: Webs y redes de noticias<\/p>\n","protected":false},"excerpt":{"rendered":"<p>El 26 de septiembre del a\u00f1o en curso, se llevar\u00e1 a cabo el anunciado paro nacional de transportistas, organizado por la Asociaci\u00f3n Nacional de Integraci\u00f3n de Transportistas, liderada por Mart\u00edn Valeriano. Esta medida surge como respuesta a la creciente inseguridad que enfrenta el gremio, especialmente en Lima y Callao, donde los casos de extorsi\u00f3n y [&hellip;]<\/p>\n","protected":false},"author":7,"featured_media":2171,"comment_status":"open","ping_status":"open","sticky":false,"template":"","format":"standard","meta":{"footnotes":""},"categories":[183,178],"tags":[],"class_list":["post-2170","post","type-post","status-publish","format-standard","has-post-thumbnail","hentry","category-actualidad","category-policial"],"yoast_head":"<!-- This site is optimized with the Yoast SEO plugin v27.4 - https:\/\/yoast.com\/product\/yoast-seo-wordpress\/ -->\n<title>Paro Nacional de Transportistas Contra la Ola de Extorsiones en Lima - Pulso27<\/title>\n<meta name=\"robots\" content=\"index, follow, max-snippet:-1, max-image-preview:large, max-video-preview:-1\" \/>\n<link rel=\"canonical\" href=\"https:\/\/pulso27.com\/es\/policial\/paro-nacional-de-transportistas-contra-la-ola-de-extorsiones-en-lima\/\" \/>\n<meta property=\"og:locale\" content=\"es_ES\" \/>\n<meta property=\"og:type\" content=\"article\" \/>\n<meta property=\"og:title\" content=\"Paro Nacional de Transportistas Contra la Ola de Extorsiones en Lima - Pulso27\" \/>\n<meta property=\"og:description\" content=\"El 26 de septiembre del a\u00f1o en curso, se llevar\u00e1 a cabo el anunciado paro nacional de transportistas, organizado por la Asociaci\u00f3n Nacional de Integraci\u00f3n de Transportistas, liderada por Mart\u00edn Valeriano. Esta medida surge como respuesta a la creciente inseguridad que enfrenta el gremio, especialmente en Lima y Callao, donde los casos de extorsi\u00f3n y [&hellip;]\" \/>\n<meta property=\"og:url\" content=\"https:\/\/pulso27.com\/es\/policial\/paro-nacional-de-transportistas-contra-la-ola-de-extorsiones-en-lima\/\" \/>\n<meta property=\"og:site_name\" content=\"Pulso27\" \/>\n<meta property=\"article:publisher\" content=\"https:\/\/www.facebook.com\/pulso27\/\" \/>\n<meta property=\"article:published_time\" content=\"2024-09-24T20:31:45+00:00\" \/>\n<meta property=\"article:modified_time\" content=\"2024-10-21T04:08:19+00:00\" \/>\n<meta property=\"og:image\" content=\"https:\/\/pulso27.com\/wp-content\/uploads\/2024\/09\/TRansportes.png\" \/>\n\t<meta property=\"og:image:width\" content=\"1000\" \/>\n\t<meta property=\"og:image:height\" content=\"800\" \/>\n\t<meta property=\"og:image:type\" content=\"image\/png\" \/>\n<meta name=\"author\" content=\"Tupaq\" \/>\n<meta name=\"twitter:card\" content=\"summary_large_image\" \/>\n<meta name=\"twitter:creator\" content=\"@Pulso_27\" \/>\n<meta name=\"twitter:site\" content=\"@Pulso_27\" \/>\n<meta name=\"twitter:label1\" content=\"Written by\" \/>\n\t<meta name=\"twitter:data1\" content=\"Tupaq\" \/>\n\t<meta name=\"twitter:label2\" content=\"Est. reading time\" \/>\n\t<meta name=\"twitter:data2\" content=\"3 minutos\" \/>\n<script type=\"application\/ld+json\" class=\"yoast-schema-graph\">{\"@context\":\"https:\\\/\\\/schema.org\",\"@graph\":[{\"@type\":\"Article\",\"@id\":\"https:\\\/\\\/pulso27.com\\\/policial\\\/paro-nacional-de-transportistas-contra-la-ola-de-extorsiones-en-lima\\\/#article\",\"isPartOf\":{\"@id\":\"https:\\\/\\\/pulso27.com\\\/policial\\\/paro-nacional-de-transportistas-contra-la-ola-de-extorsiones-en-lima\\\/\"},\"author\":{\"name\":\"Tupaq\",\"@id\":\"https:\\\/\\\/pulso27.com\\\/en\\\/#\\\/schema\\\/person\\\/d20fd7f5bc7f2e53fd150d43fca07a78\"},\"headline\":\"Paro Nacional de Transportistas Contra la Ola de Extorsiones en Lima\",\"datePublished\":\"2024-09-24T20:31:45+00:00\",\"dateModified\":\"2024-10-21T04:08:19+00:00\",\"mainEntityOfPage\":{\"@id\":\"https:\\\/\\\/pulso27.com\\\/policial\\\/paro-nacional-de-transportistas-contra-la-ola-de-extorsiones-en-lima\\\/\"},\"wordCount\":643,\"commentCount\":0,\"publisher\":{\"@id\":\"https:\\\/\\\/pulso27.com\\\/en\\\/#organization\"},\"image\":{\"@id\":\"https:\\\/\\\/pulso27.com\\\/policial\\\/paro-nacional-de-transportistas-contra-la-ola-de-extorsiones-en-lima\\\/#primaryimage\"},\"thumbnailUrl\":\"https:\\\/\\\/pulso27.com\\\/wp-content\\\/uploads\\\/2024\\\/09\\\/TRansportes.png\",\"articleSection\":[\"Actualidad\",\"Policial\"],\"inLanguage\":\"es-PE\",\"potentialAction\":[{\"@type\":\"CommentAction\",\"name\":\"Comment\",\"target\":[\"https:\\\/\\\/pulso27.com\\\/policial\\\/paro-nacional-de-transportistas-contra-la-ola-de-extorsiones-en-lima\\\/#respond\"]}]},{\"@type\":\"WebPage\",\"@id\":\"https:\\\/\\\/pulso27.com\\\/policial\\\/paro-nacional-de-transportistas-contra-la-ola-de-extorsiones-en-lima\\\/\",\"url\":\"https:\\\/\\\/pulso27.com\\\/policial\\\/paro-nacional-de-transportistas-contra-la-ola-de-extorsiones-en-lima\\\/\",\"name\":\"Paro Nacional de Transportistas Contra la Ola de Extorsiones en Lima - Pulso27\",\"isPartOf\":{\"@id\":\"https:\\\/\\\/pulso27.com\\\/en\\\/#website\"},\"primaryImageOfPage\":{\"@id\":\"https:\\\/\\\/pulso27.com\\\/policial\\\/paro-nacional-de-transportistas-contra-la-ola-de-extorsiones-en-lima\\\/#primaryimage\"},\"image\":{\"@id\":\"https:\\\/\\\/pulso27.com\\\/policial\\\/paro-nacional-de-transportistas-contra-la-ola-de-extorsiones-en-lima\\\/#primaryimage\"},\"thumbnailUrl\":\"https:\\\/\\\/pulso27.com\\\/wp-content\\\/uploads\\\/2024\\\/09\\\/TRansportes.png\",\"datePublished\":\"2024-09-24T20:31:45+00:00\",\"dateModified\":\"2024-10-21T04:08:19+00:00\",\"breadcrumb\":{\"@id\":\"https:\\\/\\\/pulso27.com\\\/policial\\\/paro-nacional-de-transportistas-contra-la-ola-de-extorsiones-en-lima\\\/#breadcrumb\"},\"inLanguage\":\"es-PE\",\"potentialAction\":[{\"@type\":\"ReadAction\",\"target\":[\"https:\\\/\\\/pulso27.com\\\/policial\\\/paro-nacional-de-transportistas-contra-la-ola-de-extorsiones-en-lima\\\/\"]}]},{\"@type\":\"ImageObject\",\"inLanguage\":\"es-PE\",\"@id\":\"https:\\\/\\\/pulso27.com\\\/policial\\\/paro-nacional-de-transportistas-contra-la-ola-de-extorsiones-en-lima\\\/#primaryimage\",\"url\":\"https:\\\/\\\/pulso27.com\\\/wp-content\\\/uploads\\\/2024\\\/09\\\/TRansportes.png\",\"contentUrl\":\"https:\\\/\\\/pulso27.com\\\/wp-content\\\/uploads\\\/2024\\\/09\\\/TRansportes.png\",\"width\":1000,\"height\":800},{\"@type\":\"BreadcrumbList\",\"@id\":\"https:\\\/\\\/pulso27.com\\\/policial\\\/paro-nacional-de-transportistas-contra-la-ola-de-extorsiones-en-lima\\\/#breadcrumb\",\"itemListElement\":[{\"@type\":\"ListItem\",\"position\":1,\"name\":\"Portada\",\"item\":\"https:\\\/\\\/pulso27.com\\\/\"},{\"@type\":\"ListItem\",\"position\":2,\"name\":\"Paro Nacional de Transportistas Contra la Ola de Extorsiones en Lima\"}]},{\"@type\":\"WebSite\",\"@id\":\"https:\\\/\\\/pulso27.com\\\/en\\\/#website\",\"url\":\"https:\\\/\\\/pulso27.com\\\/en\\\/\",\"name\":\"Pulso27\",\"description\":\"Web de noticias y publicidad\",\"publisher\":{\"@id\":\"https:\\\/\\\/pulso27.com\\\/en\\\/#organization\"},\"alternateName\":\"El pulso del pueblo\",\"potentialAction\":[{\"@type\":\"SearchAction\",\"target\":{\"@type\":\"EntryPoint\",\"urlTemplate\":\"https:\\\/\\\/pulso27.com\\\/en\\\/?s={search_term_string}\"},\"query-input\":{\"@type\":\"PropertyValueSpecification\",\"valueRequired\":true,\"valueName\":\"search_term_string\"}}],\"inLanguage\":\"es-PE\"},{\"@type\":\"Organization\",\"@id\":\"https:\\\/\\\/pulso27.com\\\/en\\\/#organization\",\"name\":\"Pulso27\",\"url\":\"https:\\\/\\\/pulso27.com\\\/en\\\/\",\"logo\":{\"@type\":\"ImageObject\",\"inLanguage\":\"es-PE\",\"@id\":\"https:\\\/\\\/pulso27.com\\\/en\\\/#\\\/schema\\\/logo\\\/image\\\/\",\"url\":\"https:\\\/\\\/pulso27.com\\\/wp-content\\\/uploads\\\/2026\\\/02\\\/Logotipo-de-la-organizacion-696-x-696-px-ok.png\",\"contentUrl\":\"https:\\\/\\\/pulso27.com\\\/wp-content\\\/uploads\\\/2026\\\/02\\\/Logotipo-de-la-organizacion-696-x-696-px-ok.png\",\"width\":696,\"height\":696,\"caption\":\"Pulso27\"},\"image\":{\"@id\":\"https:\\\/\\\/pulso27.com\\\/en\\\/#\\\/schema\\\/logo\\\/image\\\/\"},\"sameAs\":[\"https:\\\/\\\/www.facebook.com\\\/pulso27\\\/\",\"https:\\\/\\\/x.com\\\/Pulso_27\",\"https:\\\/\\\/www.youtube.com\\\/@Pulso27\",\"https:\\\/\\\/www.tiktok.com\\\/@pulso_27\"]},{\"@type\":\"Person\",\"@id\":\"https:\\\/\\\/pulso27.com\\\/en\\\/#\\\/schema\\\/person\\\/d20fd7f5bc7f2e53fd150d43fca07a78\",\"name\":\"Tupaq\",\"image\":{\"@type\":\"ImageObject\",\"inLanguage\":\"es-PE\",\"@id\":\"https:\\\/\\\/secure.gravatar.com\\\/avatar\\\/7929e9b034aeea560319a601e4f04c59eb5f45a79eafe192adabb67e9604e7e7?s=96&d=mm&r=g\",\"url\":\"https:\\\/\\\/secure.gravatar.com\\\/avatar\\\/7929e9b034aeea560319a601e4f04c59eb5f45a79eafe192adabb67e9604e7e7?s=96&d=mm&r=g\",\"contentUrl\":\"https:\\\/\\\/secure.gravatar.com\\\/avatar\\\/7929e9b034aeea560319a601e4f04c59eb5f45a79eafe192adabb67e9604e7e7?s=96&d=mm&r=g\",\"caption\":\"Tupaq\"},\"url\":\"https:\\\/\\\/pulso27.com\\\/es\\\/author\\\/tupaq\\\/\"}]}<\/script>\n<!-- \/ Yoast SEO plugin. -->","yoast_head_json":{"title":"Paro Nacional de Transportistas Contra la Ola de Extorsiones en Lima - Pulso27","robots":{"index":"index","follow":"follow","max-snippet":"max-snippet:-1","max-image-preview":"max-image-preview:large","max-video-preview":"max-video-preview:-1"},"canonical":"https:\/\/pulso27.com\/es\/policial\/paro-nacional-de-transportistas-contra-la-ola-de-extorsiones-en-lima\/","og_locale":"es_ES","og_type":"article","og_title":"Paro Nacional de Transportistas Contra la Ola de Extorsiones en Lima - Pulso27","og_description":"El 26 de septiembre del a\u00f1o en curso, se llevar\u00e1 a cabo el anunciado paro nacional de transportistas, organizado por la Asociaci\u00f3n Nacional de Integraci\u00f3n de Transportistas, liderada por Mart\u00edn Valeriano. Esta medida surge como respuesta a la creciente inseguridad que enfrenta el gremio, especialmente en Lima y Callao, donde los casos de extorsi\u00f3n y [&hellip;]","og_url":"https:\/\/pulso27.com\/es\/policial\/paro-nacional-de-transportistas-contra-la-ola-de-extorsiones-en-lima\/","og_site_name":"Pulso27","article_publisher":"https:\/\/www.facebook.com\/pulso27\/","article_published_time":"2024-09-24T20:31:45+00:00","article_modified_time":"2024-10-21T04:08:19+00:00","og_image":[{"width":1000,"height":800,"url":"https:\/\/pulso27.com\/wp-content\/uploads\/2024\/09\/TRansportes.png","type":"image\/png"}],"author":"Tupaq","twitter_card":"summary_large_image","twitter_creator":"@Pulso_27","twitter_site":"@Pulso_27","twitter_misc":{"Written by":"Tupaq","Est. reading time":"3 minutos"},"schema":{"@context":"https:\/\/schema.org","@graph":[{"@type":"Article","@id":"https:\/\/pulso27.com\/policial\/paro-nacional-de-transportistas-contra-la-ola-de-extorsiones-en-lima\/#article","isPartOf":{"@id":"https:\/\/pulso27.com\/policial\/paro-nacional-de-transportistas-contra-la-ola-de-extorsiones-en-lima\/"},"author":{"name":"Tupaq","@id":"https:\/\/pulso27.com\/en\/#\/schema\/person\/d20fd7f5bc7f2e53fd150d43fca07a78"},"headline":"Paro Nacional de Transportistas Contra la Ola de Extorsiones en Lima","datePublished":"2024-09-24T20:31:45+00:00","dateModified":"2024-10-21T04:08:19+00:00","mainEntityOfPage":{"@id":"https:\/\/pulso27.com\/policial\/paro-nacional-de-transportistas-contra-la-ola-de-extorsiones-en-lima\/"},"wordCount":643,"commentCount":0,"publisher":{"@id":"https:\/\/pulso27.com\/en\/#organization"},"image":{"@id":"https:\/\/pulso27.com\/policial\/paro-nacional-de-transportistas-contra-la-ola-de-extorsiones-en-lima\/#primaryimage"},"thumbnailUrl":"https:\/\/pulso27.com\/wp-content\/uploads\/2024\/09\/TRansportes.png","articleSection":["Actualidad","Policial"],"inLanguage":"es-PE","potentialAction":[{"@type":"CommentAction","name":"Comment","target":["https:\/\/pulso27.com\/policial\/paro-nacional-de-transportistas-contra-la-ola-de-extorsiones-en-lima\/#respond"]}]},{"@type":"WebPage","@id":"https:\/\/pulso27.com\/policial\/paro-nacional-de-transportistas-contra-la-ola-de-extorsiones-en-lima\/","url":"https:\/\/pulso27.com\/policial\/paro-nacional-de-transportistas-contra-la-ola-de-extorsiones-en-lima\/","name":"Paro Nacional de Transportistas Contra la Ola de Extorsiones en Lima - Pulso27","isPartOf":{"@id":"https:\/\/pulso27.com\/en\/#website"},"primaryImageOfPage":{"@id":"https:\/\/pulso27.com\/policial\/paro-nacional-de-transportistas-contra-la-ola-de-extorsiones-en-lima\/#primaryimage"},"image":{"@id":"https:\/\/pulso27.com\/policial\/paro-nacional-de-transportistas-contra-la-ola-de-extorsiones-en-lima\/#primaryimage"},"thumbnailUrl":"https:\/\/pulso27.com\/wp-content\/uploads\/2024\/09\/TRansportes.png","datePublished":"2024-09-24T20:31:45+00:00","dateModified":"2024-10-21T04:08:19+00:00","breadcrumb":{"@id":"https:\/\/pulso27.com\/policial\/paro-nacional-de-transportistas-contra-la-ola-de-extorsiones-en-lima\/#breadcrumb"},"inLanguage":"es-PE","potentialAction":[{"@type":"ReadAction","target":["https:\/\/pulso27.com\/policial\/paro-nacional-de-transportistas-contra-la-ola-de-extorsiones-en-lima\/"]}]},{"@type":"ImageObject","inLanguage":"es-PE","@id":"https:\/\/pulso27.com\/policial\/paro-nacional-de-transportistas-contra-la-ola-de-extorsiones-en-lima\/#primaryimage","url":"https:\/\/pulso27.com\/wp-content\/uploads\/2024\/09\/TRansportes.png","contentUrl":"https:\/\/pulso27.com\/wp-content\/uploads\/2024\/09\/TRansportes.png","width":1000,"height":800},{"@type":"BreadcrumbList","@id":"https:\/\/pulso27.com\/policial\/paro-nacional-de-transportistas-contra-la-ola-de-extorsiones-en-lima\/#breadcrumb","itemListElement":[{"@type":"ListItem","position":1,"name":"Portada","item":"https:\/\/pulso27.com\/"},{"@type":"ListItem","position":2,"name":"Paro Nacional de Transportistas Contra la Ola de Extorsiones en Lima"}]},{"@type":"WebSite","@id":"https:\/\/pulso27.com\/en\/#website","url":"https:\/\/pulso27.com\/en\/","name":"Pulso27","description":"Web de noticias y publicidad","publisher":{"@id":"https:\/\/pulso27.com\/en\/#organization"},"alternateName":"El pulso del pueblo","potentialAction":[{"@type":"SearchAction","target":{"@type":"EntryPoint","urlTemplate":"https:\/\/pulso27.com\/en\/?s={search_term_string}"},"query-input":{"@type":"PropertyValueSpecification","valueRequired":true,"valueName":"search_term_string"}}],"inLanguage":"es-PE"},{"@type":"Organization","@id":"https:\/\/pulso27.com\/en\/#organization","name":"Pulso27","url":"https:\/\/pulso27.com\/en\/","logo":{"@type":"ImageObject","inLanguage":"es-PE","@id":"https:\/\/pulso27.com\/en\/#\/schema\/logo\/image\/","url":"https:\/\/pulso27.com\/wp-content\/uploads\/2026\/02\/Logotipo-de-la-organizacion-696-x-696-px-ok.png","contentUrl":"https:\/\/pulso27.com\/wp-content\/uploads\/2026\/02\/Logotipo-de-la-organizacion-696-x-696-px-ok.png","width":696,"height":696,"caption":"Pulso27"},"image":{"@id":"https:\/\/pulso27.com\/en\/#\/schema\/logo\/image\/"},"sameAs":["https:\/\/www.facebook.com\/pulso27\/","https:\/\/x.com\/Pulso_27","https:\/\/www.youtube.com\/@Pulso27","https:\/\/www.tiktok.com\/@pulso_27"]},{"@type":"Person","@id":"https:\/\/pulso27.com\/en\/#\/schema\/person\/d20fd7f5bc7f2e53fd150d43fca07a78","name":"Tupaq","image":{"@type":"ImageObject","inLanguage":"es-PE","@id":"https:\/\/secure.gravatar.com\/avatar\/7929e9b034aeea560319a601e4f04c59eb5f45a79eafe192adabb67e9604e7e7?s=96&d=mm&r=g","url":"https:\/\/secure.gravatar.com\/avatar\/7929e9b034aeea560319a601e4f04c59eb5f45a79eafe192adabb67e9604e7e7?s=96&d=mm&r=g","contentUrl":"https:\/\/secure.gravatar.com\/avatar\/7929e9b034aeea560319a601e4f04c59eb5f45a79eafe192adabb67e9604e7e7?s=96&d=mm&r=g","caption":"Tupaq"},"url":"https:\/\/pulso27.com\/es\/author\/tupaq\/"}]}},"amp_enabled":true,"_links":{"self":[{"href":"https:\/\/pulso27.com\/es\/wp-json\/wp\/v2\/posts\/2170","targetHints":{"allow":["GET"]}}],"collection":[{"href":"https:\/\/pulso27.com\/es\/wp-json\/wp\/v2\/posts"}],"about":[{"href":"https:\/\/pulso27.com\/es\/wp-json\/wp\/v2\/types\/post"}],"author":[{"embeddable":true,"href":"https:\/\/pulso27.com\/es\/wp-json\/wp\/v2\/users\/7"}],"replies":[{"embeddable":true,"href":"https:\/\/pulso27.com\/es\/wp-json\/wp\/v2\/comments?post=2170"}],"version-history":[{"count":1,"href":"https:\/\/pulso27.com\/es\/wp-json\/wp\/v2\/posts\/2170\/revisions"}],"predecessor-version":[{"id":2174,"href":"https:\/\/pulso27.com\/es\/wp-json\/wp\/v2\/posts\/2170\/revisions\/2174"}],"wp:featuredmedia":[{"embeddable":true,"href":"https:\/\/pulso27.com\/es\/wp-json\/wp\/v2\/media\/2171"}],"wp:attachment":[{"href":"https:\/\/pulso27.com\/es\/wp-json\/wp\/v2\/media?parent=2170"}],"wp:term":[{"taxonomy":"category","embeddable":true,"href":"https:\/\/pulso27.com\/es\/wp-json\/wp\/v2\/categories?post=2170"},{"taxonomy":"post_tag","embeddable":true,"href":"https:\/\/pulso27.com\/es\/wp-json\/wp\/v2\/tags?post=2170"}],"curies":[{"name":"wp","href":"https:\/\/api.w.org\/{rel}","templated":true}]}}