{"id":2181,"date":"2024-09-27T02:55:11","date_gmt":"2024-09-26T21:55:11","guid":{"rendered":"https:\/\/pulso27.com\/?p=2181"},"modified":"2024-10-21T09:08:18","modified_gmt":"2024-10-21T04:08:18","slug":"paro-de-transportistas-busca-atencion-del-gobierno-ante-la-inseguridad-y-las-extorsiones","status":"publish","type":"post","link":"https:\/\/pulso27.com\/es\/nacional\/paro-de-transportistas-busca-atencion-del-gobierno-ante-la-inseguridad-y-las-extorsiones\/","title":{"rendered":"Paro de transportistas busca atenci\u00f3n del gobierno ante la inseguridad y las extorsiones"},"content":{"rendered":"\n<p>El gremio de transportistas de Lima y Callao paraliz\u00f3 sus actividades en protesta contra la creciente inseguridad y las extorsiones que asfixian al sector. La medida, respaldada por comerciantes informales y formales, adem\u00e1s de usuarios, se realiz\u00f3 en medio de un contexto de extrema violencia, con recientes asesinatos de transportistas a manos de extorsionadores. El paro busca visibilizar el descontento con la inacci\u00f3n del gobierno de Dina Boluarte y las autoridades para enfrentar la delincuencia.<\/p>\n\n\n\n<p>La capital peruana, nuevamente, se vio impactada por largas filas de usuarios en el Metro de Lima y el Metropolitano, quienes lamentaron la situaci\u00f3n de inseguridad que tambi\u00e9n los afecta. \u201cEl Gobierno no hace nada. Los pasajeros corremos peligro ante los extorsionadores\u201d, se\u00f1al\u00f3 una usuaria.<\/p>\n\n\n\n<figure class=\"wp-block-image size-full is-resized\"><img loading=\"lazy\" decoding=\"async\" width=\"580\" height=\"330\" src=\"https:\/\/pulso27.com\/wp-content\/uploads\/2024\/09\/image-30.png\" alt=\"\" class=\"wp-image-2184\" style=\"width:740px;height:auto\" srcset=\"https:\/\/pulso27.com\/wp-content\/uploads\/2024\/09\/image-30.png 580w, https:\/\/pulso27.com\/wp-content\/uploads\/2024\/09\/image-30-300x171.png 300w, https:\/\/pulso27.com\/wp-content\/uploads\/2024\/09\/image-30-18x10.png 18w\" sizes=\"auto, (max-width: 580px) 100vw, 580px\" \/><figcaption class=\"wp-element-caption\"><em>El gobierno declar\u00f3 en estado de emergencia a cerca a una docena de distritos de Lima<\/em><\/figcaption><\/figure>\n\n\n\n<p>Mart\u00edn Valeriano, presidente de la Asociaci\u00f3n Nacional de Integraci\u00f3n de Transportistas (Anitra), lider\u00f3 una marcha hacia el Congreso, donde exigi\u00f3 acciones concretas. \u00abEstamos indignados, nos desangramos por la inseguridad. Parece tierra de nadie\u00bb, expres\u00f3 con l\u00e1grimas en los ojos, exigiendo mayor presencia policial y medidas a corto plazo para frenar la extorsi\u00f3n y la violencia.<\/p>\n\n\n\n<p>Los manifestantes advirtieron que si el gobierno no responde a sus demandas en una semana, realizar\u00e1n un paro nacional. Marco Antonio Aguirre Valencia, vocero del gremio, afirm\u00f3: \u00abSi no hay respuestas concretas, iremos al paro nacional\u00bb.<\/p>\n\n\n\n<p>El paro tambi\u00e9n cont\u00f3 con el respaldo de comerciantes del Mercado Unicachi en Los Olivos, quienes denunciaron que la extorsi\u00f3n y los ataques violentos se han vuelto habituales. \u00abEl Ej\u00e9rcito deber\u00eda apoyar\u00bb, clam\u00f3 una trabajadora del mercado, exigiendo seguridad para los peque\u00f1os empresarios y residentes.<\/p>\n\n\n\n<figure class=\"wp-block-image size-large\"><img loading=\"lazy\" decoding=\"async\" width=\"1024\" height=\"767\" src=\"https:\/\/pulso27.com\/wp-content\/uploads\/2024\/09\/image-29-1024x767.png\" alt=\"\" class=\"wp-image-2183\" srcset=\"https:\/\/pulso27.com\/wp-content\/uploads\/2024\/09\/image-29-1024x767.png 1024w, https:\/\/pulso27.com\/wp-content\/uploads\/2024\/09\/image-29-300x225.png 300w, https:\/\/pulso27.com\/wp-content\/uploads\/2024\/09\/image-29-768x575.png 768w, https:\/\/pulso27.com\/wp-content\/uploads\/2024\/09\/image-29-1536x1150.png 1536w, https:\/\/pulso27.com\/wp-content\/uploads\/2024\/09\/image-29-16x12.png 16w, https:\/\/pulso27.com\/wp-content\/uploads\/2024\/09\/image-29.png 1800w\" sizes=\"auto, (max-width: 1024px) 100vw, 1024px\" \/><figcaption class=\"wp-element-caption\"><em>La medida de fuerza de los transportistas fue respaldada por los usuarios y comerciantes<\/em><\/figcaption><\/figure>\n\n\n\n<p>Frente a la crisis, EsSalud anunci\u00f3 la reprogramaci\u00f3n de citas m\u00e9dicas para los afectados por la paralizaci\u00f3n, y el Gobierno respondi\u00f3 tarde, declarando estado de emergencia en varios distritos de Lima y Callao. Sin embargo, la medida no logr\u00f3 aplacar la indignaci\u00f3n de los manifestantes, quienes claman por una intervenci\u00f3n m\u00e1s dr\u00e1stica.<\/p>\n\n\n\n<p>El Gobierno declar\u00f3 estado de emergencia en 11 distritos de Lima y uno del Callao en el marco del paro de los transportistas que piden acciones concretas frente a ola de extorsiones en la capital. En las \u00faltimas semanas tres transportistas fueron asesinados por extorsionadores que cobran cupos. En conferencia de prensa en la sede de la Presidencia del Consejo de Ministros. Los distritos que fueron declarados en estado de emergencia son: Ate, Villa El Salvador, Anc\u00f3n, Puente Piedra, Comas, Carabayllo, Independencia, San Mart\u00edn de Porres, Los Olivos, San Juan de Lurigancho y Lurigancho-Chosica, en Lima; y el distrito de Ventanilla, en el Callao. Y no se descarta que se pueda ampliar la medida gubernamental.<\/p>\n\n\n\n<p>El paro de transportistas se extender\u00e1 hasta la medianoche de hoy, pero la amenaza de un paro nacional sigue latente si no se toman acciones inmediatas para frenar la ola de extorsiones que asola al pa\u00eds. <\/p>\n\n\n\n<p>Fuente: Webs y redes de noticias<\/p>\n","protected":false},"excerpt":{"rendered":"<p>El gremio de transportistas de Lima y Callao paraliz\u00f3 sus actividades en protesta contra la creciente inseguridad y las extorsiones que asfixian al sector. La medida, respaldada por comerciantes informales y formales, adem\u00e1s de usuarios, se realiz\u00f3 en medio de un contexto de extrema violencia, con recientes asesinatos de transportistas a manos de extorsionadores. El [&hellip;]<\/p>\n","protected":false},"author":10,"featured_media":2185,"comment_status":"open","ping_status":"open","sticky":false,"template":"","format":"standard","meta":{"footnotes":""},"categories":[183,177,174,202],"tags":[844,843,205,841,842],"class_list":["post-2181","post","type-post","status-publish","format-standard","has-post-thumbnail","hentry","category-actualidad","category-economia","category-nacional","category-sociedad","tag-extorsiones","tag-iseguridad","tag-paro","tag-tansportes","tag-transportistas"],"yoast_head":"<!-- This site is optimized with the Yoast SEO plugin v27.4 - https:\/\/yoast.com\/product\/yoast-seo-wordpress\/ -->\n<title>Paro de transportistas busca atenci\u00f3n del gobierno ante la inseguridad y las extorsiones - Pulso27<\/title>\n<meta name=\"robots\" content=\"index, follow, max-snippet:-1, max-image-preview:large, max-video-preview:-1\" \/>\n<link rel=\"canonical\" href=\"https:\/\/pulso27.com\/es\/nacional\/paro-de-transportistas-busca-atencion-del-gobierno-ante-la-inseguridad-y-las-extorsiones\/\" \/>\n<meta property=\"og:locale\" content=\"es_ES\" \/>\n<meta property=\"og:type\" content=\"article\" \/>\n<meta property=\"og:title\" content=\"Paro de transportistas busca atenci\u00f3n del gobierno ante la inseguridad y las extorsiones - Pulso27\" \/>\n<meta property=\"og:description\" content=\"El gremio de transportistas de Lima y Callao paraliz\u00f3 sus actividades en protesta contra la creciente inseguridad y las extorsiones que asfixian al sector. La medida, respaldada por comerciantes informales y formales, adem\u00e1s de usuarios, se realiz\u00f3 en medio de un contexto de extrema violencia, con recientes asesinatos de transportistas a manos de extorsionadores. El [&hellip;]\" \/>\n<meta property=\"og:url\" content=\"https:\/\/pulso27.com\/es\/nacional\/paro-de-transportistas-busca-atencion-del-gobierno-ante-la-inseguridad-y-las-extorsiones\/\" \/>\n<meta property=\"og:site_name\" content=\"Pulso27\" \/>\n<meta property=\"article:publisher\" content=\"https:\/\/www.facebook.com\/pulso27\/\" \/>\n<meta property=\"article:published_time\" content=\"2024-09-26T21:55:11+00:00\" \/>\n<meta property=\"article:modified_time\" content=\"2024-10-21T04:08:18+00:00\" \/>\n<meta property=\"og:image\" content=\"https:\/\/pulso27.com\/wp-content\/uploads\/2024\/09\/Paro-ok.png\" \/>\n\t<meta property=\"og:image:width\" content=\"1000\" \/>\n\t<meta property=\"og:image:height\" content=\"800\" \/>\n\t<meta property=\"og:image:type\" content=\"image\/png\" \/>\n<meta name=\"author\" content=\"El Muki\" \/>\n<meta name=\"twitter:card\" content=\"summary_large_image\" \/>\n<meta name=\"twitter:creator\" content=\"@Pulso_27\" \/>\n<meta name=\"twitter:site\" content=\"@Pulso_27\" \/>\n<meta name=\"twitter:label1\" content=\"Written by\" \/>\n\t<meta name=\"twitter:data1\" content=\"El Muki\" \/>\n\t<meta name=\"twitter:label2\" content=\"Est. reading time\" \/>\n\t<meta name=\"twitter:data2\" content=\"3 minutos\" \/>\n<script type=\"application\/ld+json\" class=\"yoast-schema-graph\">{\"@context\":\"https:\\\/\\\/schema.org\",\"@graph\":[{\"@type\":\"Article\",\"@id\":\"https:\\\/\\\/pulso27.com\\\/nacional\\\/paro-de-transportistas-busca-atencion-del-gobierno-ante-la-inseguridad-y-las-extorsiones\\\/#article\",\"isPartOf\":{\"@id\":\"https:\\\/\\\/pulso27.com\\\/nacional\\\/paro-de-transportistas-busca-atencion-del-gobierno-ante-la-inseguridad-y-las-extorsiones\\\/\"},\"author\":{\"name\":\"El Muki\",\"@id\":\"https:\\\/\\\/pulso27.com\\\/en\\\/#\\\/schema\\\/person\\\/a0930a7f318e7d9d83bd7cffed9f34f6\"},\"headline\":\"Paro de transportistas busca atenci\u00f3n del gobierno ante la inseguridad y las extorsiones\",\"datePublished\":\"2024-09-26T21:55:11+00:00\",\"dateModified\":\"2024-10-21T04:08:18+00:00\",\"mainEntityOfPage\":{\"@id\":\"https:\\\/\\\/pulso27.com\\\/nacional\\\/paro-de-transportistas-busca-atencion-del-gobierno-ante-la-inseguridad-y-las-extorsiones\\\/\"},\"wordCount\":534,\"commentCount\":0,\"publisher\":{\"@id\":\"https:\\\/\\\/pulso27.com\\\/en\\\/#organization\"},\"image\":{\"@id\":\"https:\\\/\\\/pulso27.com\\\/nacional\\\/paro-de-transportistas-busca-atencion-del-gobierno-ante-la-inseguridad-y-las-extorsiones\\\/#primaryimage\"},\"thumbnailUrl\":\"https:\\\/\\\/pulso27.com\\\/wp-content\\\/uploads\\\/2024\\\/09\\\/Paro-ok.png\",\"keywords\":[\"Extorsiones\",\"Iseguridad\",\"Paro\",\"Tansportes\",\"Transportistas\"],\"articleSection\":[\"Actualidad\",\"Econom\u00eda\",\"Nacional\",\"Sociedad\"],\"inLanguage\":\"es-PE\",\"potentialAction\":[{\"@type\":\"CommentAction\",\"name\":\"Comment\",\"target\":[\"https:\\\/\\\/pulso27.com\\\/nacional\\\/paro-de-transportistas-busca-atencion-del-gobierno-ante-la-inseguridad-y-las-extorsiones\\\/#respond\"]}]},{\"@type\":\"WebPage\",\"@id\":\"https:\\\/\\\/pulso27.com\\\/nacional\\\/paro-de-transportistas-busca-atencion-del-gobierno-ante-la-inseguridad-y-las-extorsiones\\\/\",\"url\":\"https:\\\/\\\/pulso27.com\\\/nacional\\\/paro-de-transportistas-busca-atencion-del-gobierno-ante-la-inseguridad-y-las-extorsiones\\\/\",\"name\":\"Paro de transportistas busca atenci\u00f3n del gobierno ante la inseguridad y las extorsiones - Pulso27\",\"isPartOf\":{\"@id\":\"https:\\\/\\\/pulso27.com\\\/en\\\/#website\"},\"primaryImageOfPage\":{\"@id\":\"https:\\\/\\\/pulso27.com\\\/nacional\\\/paro-de-transportistas-busca-atencion-del-gobierno-ante-la-inseguridad-y-las-extorsiones\\\/#primaryimage\"},\"image\":{\"@id\":\"https:\\\/\\\/pulso27.com\\\/nacional\\\/paro-de-transportistas-busca-atencion-del-gobierno-ante-la-inseguridad-y-las-extorsiones\\\/#primaryimage\"},\"thumbnailUrl\":\"https:\\\/\\\/pulso27.com\\\/wp-content\\\/uploads\\\/2024\\\/09\\\/Paro-ok.png\",\"datePublished\":\"2024-09-26T21:55:11+00:00\",\"dateModified\":\"2024-10-21T04:08:18+00:00\",\"breadcrumb\":{\"@id\":\"https:\\\/\\\/pulso27.com\\\/nacional\\\/paro-de-transportistas-busca-atencion-del-gobierno-ante-la-inseguridad-y-las-extorsiones\\\/#breadcrumb\"},\"inLanguage\":\"es-PE\",\"potentialAction\":[{\"@type\":\"ReadAction\",\"target\":[\"https:\\\/\\\/pulso27.com\\\/nacional\\\/paro-de-transportistas-busca-atencion-del-gobierno-ante-la-inseguridad-y-las-extorsiones\\\/\"]}]},{\"@type\":\"ImageObject\",\"inLanguage\":\"es-PE\",\"@id\":\"https:\\\/\\\/pulso27.com\\\/nacional\\\/paro-de-transportistas-busca-atencion-del-gobierno-ante-la-inseguridad-y-las-extorsiones\\\/#primaryimage\",\"url\":\"https:\\\/\\\/pulso27.com\\\/wp-content\\\/uploads\\\/2024\\\/09\\\/Paro-ok.png\",\"contentUrl\":\"https:\\\/\\\/pulso27.com\\\/wp-content\\\/uploads\\\/2024\\\/09\\\/Paro-ok.png\",\"width\":1000,\"height\":800},{\"@type\":\"BreadcrumbList\",\"@id\":\"https:\\\/\\\/pulso27.com\\\/nacional\\\/paro-de-transportistas-busca-atencion-del-gobierno-ante-la-inseguridad-y-las-extorsiones\\\/#breadcrumb\",\"itemListElement\":[{\"@type\":\"ListItem\",\"position\":1,\"name\":\"Portada\",\"item\":\"https:\\\/\\\/pulso27.com\\\/\"},{\"@type\":\"ListItem\",\"position\":2,\"name\":\"Paro de transportistas busca atenci\u00f3n del gobierno ante la inseguridad y las extorsiones\"}]},{\"@type\":\"WebSite\",\"@id\":\"https:\\\/\\\/pulso27.com\\\/en\\\/#website\",\"url\":\"https:\\\/\\\/pulso27.com\\\/en\\\/\",\"name\":\"Pulso27\",\"description\":\"Web de noticias y publicidad\",\"publisher\":{\"@id\":\"https:\\\/\\\/pulso27.com\\\/en\\\/#organization\"},\"alternateName\":\"El pulso del pueblo\",\"potentialAction\":[{\"@type\":\"SearchAction\",\"target\":{\"@type\":\"EntryPoint\",\"urlTemplate\":\"https:\\\/\\\/pulso27.com\\\/en\\\/?s={search_term_string}\"},\"query-input\":{\"@type\":\"PropertyValueSpecification\",\"valueRequired\":true,\"valueName\":\"search_term_string\"}}],\"inLanguage\":\"es-PE\"},{\"@type\":\"Organization\",\"@id\":\"https:\\\/\\\/pulso27.com\\\/en\\\/#organization\",\"name\":\"Pulso27\",\"url\":\"https:\\\/\\\/pulso27.com\\\/en\\\/\",\"logo\":{\"@type\":\"ImageObject\",\"inLanguage\":\"es-PE\",\"@id\":\"https:\\\/\\\/pulso27.com\\\/en\\\/#\\\/schema\\\/logo\\\/image\\\/\",\"url\":\"https:\\\/\\\/pulso27.com\\\/wp-content\\\/uploads\\\/2026\\\/02\\\/Logotipo-de-la-organizacion-696-x-696-px-ok.png\",\"contentUrl\":\"https:\\\/\\\/pulso27.com\\\/wp-content\\\/uploads\\\/2026\\\/02\\\/Logotipo-de-la-organizacion-696-x-696-px-ok.png\",\"width\":696,\"height\":696,\"caption\":\"Pulso27\"},\"image\":{\"@id\":\"https:\\\/\\\/pulso27.com\\\/en\\\/#\\\/schema\\\/logo\\\/image\\\/\"},\"sameAs\":[\"https:\\\/\\\/www.facebook.com\\\/pulso27\\\/\",\"https:\\\/\\\/x.com\\\/Pulso_27\",\"https:\\\/\\\/www.youtube.com\\\/@Pulso27\",\"https:\\\/\\\/www.tiktok.com\\\/@pulso_27\"]},{\"@type\":\"Person\",\"@id\":\"https:\\\/\\\/pulso27.com\\\/en\\\/#\\\/schema\\\/person\\\/a0930a7f318e7d9d83bd7cffed9f34f6\",\"name\":\"El Muki\",\"image\":{\"@type\":\"ImageObject\",\"inLanguage\":\"es-PE\",\"@id\":\"https:\\\/\\\/secure.gravatar.com\\\/avatar\\\/dc91c2607c5eebda74cbb40d13031f489096c96ead89c4c30c17db262267b2b3?s=96&d=mm&r=g\",\"url\":\"https:\\\/\\\/secure.gravatar.com\\\/avatar\\\/dc91c2607c5eebda74cbb40d13031f489096c96ead89c4c30c17db262267b2b3?s=96&d=mm&r=g\",\"contentUrl\":\"https:\\\/\\\/secure.gravatar.com\\\/avatar\\\/dc91c2607c5eebda74cbb40d13031f489096c96ead89c4c30c17db262267b2b3?s=96&d=mm&r=g\",\"caption\":\"El Muki\"},\"sameAs\":[\"http:\\\/\\\/www.pulso27.com\"],\"url\":\"https:\\\/\\\/pulso27.com\\\/es\\\/author\\\/elcuervo\\\/\"}]}<\/script>\n<!-- \/ Yoast SEO plugin. -->","yoast_head_json":{"title":"Paro de transportistas busca atenci\u00f3n del gobierno ante la inseguridad y las extorsiones - Pulso27","robots":{"index":"index","follow":"follow","max-snippet":"max-snippet:-1","max-image-preview":"max-image-preview:large","max-video-preview":"max-video-preview:-1"},"canonical":"https:\/\/pulso27.com\/es\/nacional\/paro-de-transportistas-busca-atencion-del-gobierno-ante-la-inseguridad-y-las-extorsiones\/","og_locale":"es_ES","og_type":"article","og_title":"Paro de transportistas busca atenci\u00f3n del gobierno ante la inseguridad y las extorsiones - Pulso27","og_description":"El gremio de transportistas de Lima y Callao paraliz\u00f3 sus actividades en protesta contra la creciente inseguridad y las extorsiones que asfixian al sector. La medida, respaldada por comerciantes informales y formales, adem\u00e1s de usuarios, se realiz\u00f3 en medio de un contexto de extrema violencia, con recientes asesinatos de transportistas a manos de extorsionadores. El [&hellip;]","og_url":"https:\/\/pulso27.com\/es\/nacional\/paro-de-transportistas-busca-atencion-del-gobierno-ante-la-inseguridad-y-las-extorsiones\/","og_site_name":"Pulso27","article_publisher":"https:\/\/www.facebook.com\/pulso27\/","article_published_time":"2024-09-26T21:55:11+00:00","article_modified_time":"2024-10-21T04:08:18+00:00","og_image":[{"width":1000,"height":800,"url":"https:\/\/pulso27.com\/wp-content\/uploads\/2024\/09\/Paro-ok.png","type":"image\/png"}],"author":"El Muki","twitter_card":"summary_large_image","twitter_creator":"@Pulso_27","twitter_site":"@Pulso_27","twitter_misc":{"Written by":"El Muki","Est. reading time":"3 minutos"},"schema":{"@context":"https:\/\/schema.org","@graph":[{"@type":"Article","@id":"https:\/\/pulso27.com\/nacional\/paro-de-transportistas-busca-atencion-del-gobierno-ante-la-inseguridad-y-las-extorsiones\/#article","isPartOf":{"@id":"https:\/\/pulso27.com\/nacional\/paro-de-transportistas-busca-atencion-del-gobierno-ante-la-inseguridad-y-las-extorsiones\/"},"author":{"name":"El Muki","@id":"https:\/\/pulso27.com\/en\/#\/schema\/person\/a0930a7f318e7d9d83bd7cffed9f34f6"},"headline":"Paro de transportistas busca atenci\u00f3n del gobierno ante la inseguridad y las extorsiones","datePublished":"2024-09-26T21:55:11+00:00","dateModified":"2024-10-21T04:08:18+00:00","mainEntityOfPage":{"@id":"https:\/\/pulso27.com\/nacional\/paro-de-transportistas-busca-atencion-del-gobierno-ante-la-inseguridad-y-las-extorsiones\/"},"wordCount":534,"commentCount":0,"publisher":{"@id":"https:\/\/pulso27.com\/en\/#organization"},"image":{"@id":"https:\/\/pulso27.com\/nacional\/paro-de-transportistas-busca-atencion-del-gobierno-ante-la-inseguridad-y-las-extorsiones\/#primaryimage"},"thumbnailUrl":"https:\/\/pulso27.com\/wp-content\/uploads\/2024\/09\/Paro-ok.png","keywords":["Extorsiones","Iseguridad","Paro","Tansportes","Transportistas"],"articleSection":["Actualidad","Econom\u00eda","Nacional","Sociedad"],"inLanguage":"es-PE","potentialAction":[{"@type":"CommentAction","name":"Comment","target":["https:\/\/pulso27.com\/nacional\/paro-de-transportistas-busca-atencion-del-gobierno-ante-la-inseguridad-y-las-extorsiones\/#respond"]}]},{"@type":"WebPage","@id":"https:\/\/pulso27.com\/nacional\/paro-de-transportistas-busca-atencion-del-gobierno-ante-la-inseguridad-y-las-extorsiones\/","url":"https:\/\/pulso27.com\/nacional\/paro-de-transportistas-busca-atencion-del-gobierno-ante-la-inseguridad-y-las-extorsiones\/","name":"Paro de transportistas busca atenci\u00f3n del gobierno ante la inseguridad y las extorsiones - Pulso27","isPartOf":{"@id":"https:\/\/pulso27.com\/en\/#website"},"primaryImageOfPage":{"@id":"https:\/\/pulso27.com\/nacional\/paro-de-transportistas-busca-atencion-del-gobierno-ante-la-inseguridad-y-las-extorsiones\/#primaryimage"},"image":{"@id":"https:\/\/pulso27.com\/nacional\/paro-de-transportistas-busca-atencion-del-gobierno-ante-la-inseguridad-y-las-extorsiones\/#primaryimage"},"thumbnailUrl":"https:\/\/pulso27.com\/wp-content\/uploads\/2024\/09\/Paro-ok.png","datePublished":"2024-09-26T21:55:11+00:00","dateModified":"2024-10-21T04:08:18+00:00","breadcrumb":{"@id":"https:\/\/pulso27.com\/nacional\/paro-de-transportistas-busca-atencion-del-gobierno-ante-la-inseguridad-y-las-extorsiones\/#breadcrumb"},"inLanguage":"es-PE","potentialAction":[{"@type":"ReadAction","target":["https:\/\/pulso27.com\/nacional\/paro-de-transportistas-busca-atencion-del-gobierno-ante-la-inseguridad-y-las-extorsiones\/"]}]},{"@type":"ImageObject","inLanguage":"es-PE","@id":"https:\/\/pulso27.com\/nacional\/paro-de-transportistas-busca-atencion-del-gobierno-ante-la-inseguridad-y-las-extorsiones\/#primaryimage","url":"https:\/\/pulso27.com\/wp-content\/uploads\/2024\/09\/Paro-ok.png","contentUrl":"https:\/\/pulso27.com\/wp-content\/uploads\/2024\/09\/Paro-ok.png","width":1000,"height":800},{"@type":"BreadcrumbList","@id":"https:\/\/pulso27.com\/nacional\/paro-de-transportistas-busca-atencion-del-gobierno-ante-la-inseguridad-y-las-extorsiones\/#breadcrumb","itemListElement":[{"@type":"ListItem","position":1,"name":"Portada","item":"https:\/\/pulso27.com\/"},{"@type":"ListItem","position":2,"name":"Paro de transportistas busca atenci\u00f3n del gobierno ante la inseguridad y las extorsiones"}]},{"@type":"WebSite","@id":"https:\/\/pulso27.com\/en\/#website","url":"https:\/\/pulso27.com\/en\/","name":"Pulso27","description":"Web de noticias y publicidad","publisher":{"@id":"https:\/\/pulso27.com\/en\/#organization"},"alternateName":"El pulso del pueblo","potentialAction":[{"@type":"SearchAction","target":{"@type":"EntryPoint","urlTemplate":"https:\/\/pulso27.com\/en\/?s={search_term_string}"},"query-input":{"@type":"PropertyValueSpecification","valueRequired":true,"valueName":"search_term_string"}}],"inLanguage":"es-PE"},{"@type":"Organization","@id":"https:\/\/pulso27.com\/en\/#organization","name":"Pulso27","url":"https:\/\/pulso27.com\/en\/","logo":{"@type":"ImageObject","inLanguage":"es-PE","@id":"https:\/\/pulso27.com\/en\/#\/schema\/logo\/image\/","url":"https:\/\/pulso27.com\/wp-content\/uploads\/2026\/02\/Logotipo-de-la-organizacion-696-x-696-px-ok.png","contentUrl":"https:\/\/pulso27.com\/wp-content\/uploads\/2026\/02\/Logotipo-de-la-organizacion-696-x-696-px-ok.png","width":696,"height":696,"caption":"Pulso27"},"image":{"@id":"https:\/\/pulso27.com\/en\/#\/schema\/logo\/image\/"},"sameAs":["https:\/\/www.facebook.com\/pulso27\/","https:\/\/x.com\/Pulso_27","https:\/\/www.youtube.com\/@Pulso27","https:\/\/www.tiktok.com\/@pulso_27"]},{"@type":"Person","@id":"https:\/\/pulso27.com\/en\/#\/schema\/person\/a0930a7f318e7d9d83bd7cffed9f34f6","name":"El Muki","image":{"@type":"ImageObject","inLanguage":"es-PE","@id":"https:\/\/secure.gravatar.com\/avatar\/dc91c2607c5eebda74cbb40d13031f489096c96ead89c4c30c17db262267b2b3?s=96&d=mm&r=g","url":"https:\/\/secure.gravatar.com\/avatar\/dc91c2607c5eebda74cbb40d13031f489096c96ead89c4c30c17db262267b2b3?s=96&d=mm&r=g","contentUrl":"https:\/\/secure.gravatar.com\/avatar\/dc91c2607c5eebda74cbb40d13031f489096c96ead89c4c30c17db262267b2b3?s=96&d=mm&r=g","caption":"El Muki"},"sameAs":["http:\/\/www.pulso27.com"],"url":"https:\/\/pulso27.com\/es\/author\/elcuervo\/"}]}},"amp_enabled":true,"_links":{"self":[{"href":"https:\/\/pulso27.com\/es\/wp-json\/wp\/v2\/posts\/2181","targetHints":{"allow":["GET"]}}],"collection":[{"href":"https:\/\/pulso27.com\/es\/wp-json\/wp\/v2\/posts"}],"about":[{"href":"https:\/\/pulso27.com\/es\/wp-json\/wp\/v2\/types\/post"}],"author":[{"embeddable":true,"href":"https:\/\/pulso27.com\/es\/wp-json\/wp\/v2\/users\/10"}],"replies":[{"embeddable":true,"href":"https:\/\/pulso27.com\/es\/wp-json\/wp\/v2\/comments?post=2181"}],"version-history":[{"count":1,"href":"https:\/\/pulso27.com\/es\/wp-json\/wp\/v2\/posts\/2181\/revisions"}],"predecessor-version":[{"id":2186,"href":"https:\/\/pulso27.com\/es\/wp-json\/wp\/v2\/posts\/2181\/revisions\/2186"}],"wp:featuredmedia":[{"embeddable":true,"href":"https:\/\/pulso27.com\/es\/wp-json\/wp\/v2\/media\/2185"}],"wp:attachment":[{"href":"https:\/\/pulso27.com\/es\/wp-json\/wp\/v2\/media?parent=2181"}],"wp:term":[{"taxonomy":"category","embeddable":true,"href":"https:\/\/pulso27.com\/es\/wp-json\/wp\/v2\/categories?post=2181"},{"taxonomy":"post_tag","embeddable":true,"href":"https:\/\/pulso27.com\/es\/wp-json\/wp\/v2\/tags?post=2181"}],"curies":[{"name":"wp","href":"https:\/\/api.w.org\/{rel}","templated":true}]}}