{"id":2206,"date":"2024-10-04T09:51:34","date_gmt":"2024-10-04T04:51:34","guid":{"rendered":"https:\/\/pulso27.com\/?p=2206"},"modified":"2024-10-21T09:08:15","modified_gmt":"2024-10-21T04:08:15","slug":"polemico-proyecto-de-ley-de-terrorismo-urbano-desata-rechazo-y-criticas-en-peru","status":"publish","type":"post","link":"https:\/\/pulso27.com\/es\/nacional\/polemico-proyecto-de-ley-de-terrorismo-urbano-desata-rechazo-y-criticas-en-peru\/","title":{"rendered":"Pol\u00e9mico proyecto de ley de \u201cTerrorismo Urbano\u201d desata rechazo y cr\u00edticas en Per\u00fa"},"content":{"rendered":"\n<p>El proyecto de ley presentado por el gobierno de Dina Boluarte, que busca tipificar el delito de \u00abterrorismo urbano\u00bb, ha generado una oleada de cr\u00edticas y oposici\u00f3n por parte de amplios sectores de la sociedad peruana.<\/p>\n\n\n\n<p>La propuesta, que incluye sanciones severas, como penas de hasta 30 a\u00f1os de prisi\u00f3n y cadena perpetua en casos agravados, ha sido se\u00f1alada como un intento de criminalizar la protesta social y distraer la atenci\u00f3n de la ineficacia del Estado en la lucha contra la delincuencia.<\/p>\n\n\n\n<p>La noche del jueves 03 de octubre, sorprendentemente el presidente de la Comisi\u00f3n de Justicia y Derechos Humanos, el congresista de Per\u00fa Libre, Isaac Mita, sustent\u00f3 un texto sustitutorio ante el pleno del Congreso de la Rep\u00fablica reca\u00eddo en los Proyectos de Ley 5525, 5838, 5969, 5972, 6014, 6051, 6206, 6842, 6912, 6972, 7179, 7761, 7774, 8029, 8043, 8051 y 8061; mediante el cual propuso modificar el C\u00f3digo Penal del Decreto Legislativo 635, para incorporar el delito de \u00abterrorismo urbano\u00bb, manifestando que previamente hab\u00eda recibido aportes de reconocidos juristas. Mientras su propia bancada Per\u00fa Libre a trav\u00e9s de su vocero Flavio Cruz rechazaba el proyecto de Ley presentado por el gobierno de Dina Boluarte, con quien su l\u00edder Vladimir Cerr\u00f3n, mantiene una alianza incomprensible para sus militantes y simpatizantes.<\/p>\n\n\n\n<p>El proyecto busca modificar los art\u00edculos 108-C, 108-D y 200 del C\u00f3digo Penal, e introduce el art\u00edculo 315-C, con el objetivo declarado de endurecer las penas para delitos como el sicariato, la extorsi\u00f3n y el secuestro. La iniciativa del Ejecutivo justifica estas modificaciones por el incremento alarmante de estos delitos, que han contribuido a un clima de miedo e inseguridad en el pa\u00eds. Sin embargo, diversos l\u00edderes sociales, gremios y expertos en derecho penal han criticado duramente la medida.<\/p>\n\n\n\n<figure class=\"wp-block-image size-large\"><img loading=\"lazy\" decoding=\"async\" width=\"1024\" height=\"576\" src=\"https:\/\/pulso27.com\/wp-content\/uploads\/2024\/10\/image-1-1024x576.png\" alt=\"\" class=\"wp-image-2209\" srcset=\"https:\/\/pulso27.com\/wp-content\/uploads\/2024\/10\/image-1-1024x576.png 1024w, https:\/\/pulso27.com\/wp-content\/uploads\/2024\/10\/image-1-300x169.png 300w, https:\/\/pulso27.com\/wp-content\/uploads\/2024\/10\/image-1-768x432.png 768w, https:\/\/pulso27.com\/wp-content\/uploads\/2024\/10\/image-1-1536x864.png 1536w, https:\/\/pulso27.com\/wp-content\/uploads\/2024\/10\/image-1-18x10.png 18w, https:\/\/pulso27.com\/wp-content\/uploads\/2024\/10\/image-1.png 1920w\" sizes=\"auto, (max-width: 1024px) 100vw, 1024px\" \/><figcaption class=\"wp-element-caption\"><em>El Congreso de la Rep\u00fablica debati\u00f3 la pol\u00e9mica propuesta de ley presentada por el Gobierno de Dina Boluarte <\/em><\/figcaption><\/figure>\n\n\n\n<p><strong>Reacciones divididas y temores de represi\u00f3n social<\/strong><\/p>\n\n\n\n<p>Gustavo Minaya, dirigente de la Confederaci\u00f3n General de Trabajadores (CGTP), cuestion\u00f3 el verdadero prop\u00f3sito de la ley, se\u00f1alando que el gobierno estar\u00eda utilizando la crisis de seguridad para \u00abcriminalizar las protestas sociales\u00bb. \u201cUna ley contra el terrorismo urbano no soluciona el problema de la violencia y la criminalidad\u201d, sentenci\u00f3 Minaya, poniendo en duda la capacidad del derecho penal para resolver problemas de inseguridad mediante el endurecimiento de penas.<\/p>\n\n\n\n<p>El Comit\u00e9 de Gremios, que agrupa a m\u00e1s de 30 organizaciones de transportistas, tambi\u00e9n se pronunci\u00f3 en contra del proyecto. Julio Campos, vicepresidente de la Alianza Nacional de Transportistas, advirti\u00f3 que la propuesta legislativa atenta contra el derecho a la protesta, anunciando un posible paro nacional el pr\u00f3ximo 10 de octubre si no se anulan normas previas que favorecen a las organizaciones criminales.<\/p>\n\n\n<div class=\"wp-block-image\">\n<figure class=\"alignleft size-full is-resized\"><img loading=\"lazy\" decoding=\"async\" width=\"526\" height=\"526\" src=\"https:\/\/pulso27.com\/wp-content\/uploads\/2024\/10\/image-3.png\" alt=\"\" class=\"wp-image-2211\" style=\"width:416px;height:auto\" srcset=\"https:\/\/pulso27.com\/wp-content\/uploads\/2024\/10\/image-3.png 526w, https:\/\/pulso27.com\/wp-content\/uploads\/2024\/10\/image-3-300x300.png 300w, https:\/\/pulso27.com\/wp-content\/uploads\/2024\/10\/image-3-150x150.png 150w, https:\/\/pulso27.com\/wp-content\/uploads\/2024\/10\/image-3-12x12.png 12w, https:\/\/pulso27.com\/wp-content\/uploads\/2024\/10\/image-3-80x80.png 80w\" sizes=\"auto, (max-width: 526px) 100vw, 526px\" \/><\/figure><\/div>\n\n\n<p><strong>Cr\u00edticas desde el \u00e1mbito acad\u00e9mico y judicial<\/strong><\/p>\n\n\n\n<p>Desde la academia, el profesor de derecho penal Jos\u00e9 Urquizo se\u00f1al\u00f3 que es discutible trasladar el concepto de terrorismo al \u00e1mbito urbano, dado que este delito implica un ataque directo al funcionamiento del Estado. \u201cEl derecho penal no resuelve problemas sociales ni de seguridad p\u00fablica con simples aumentos de penas\u201d, afirm\u00f3, subrayando que la soluci\u00f3n pasa por fortalecer el sistema de inteligencia policial y la colaboraci\u00f3n entre las autoridades judiciales y policiales.<\/p>\n\n\n\n<p>El magistrado Walther Huayllani Choquepuma, de la Corte de Lima, coincidi\u00f3 con Urquizo y asegur\u00f3 que el marco legal actual es suficiente para enfrentar estos delitos. Seg\u00fan Huayllani, lo prioritario es mejorar la capacidad operativa de la Polic\u00eda Nacional del Per\u00fa, que actualmente carece de los recursos necesarios para responder de manera efectiva a la delincuencia.<\/p>\n\n\n\n<p><strong>Una ley con tinte pol\u00edtico y consecuencias peligrosas<\/strong><\/p>\n\n\n\n<p>A pesar de las \u201cbuenas intenciones\u201d que el gobierno alega tener con este proyecto, muchos ven en la ley un trasfondo pol\u00edtico para socavar el derecho a la protesta y desmovilizar a sectores cr\u00edticos del gobierno. Bajo este pretexto, el proyecto califica como \u201cextorsi\u00f3n\u201d acciones t\u00edpicas de las manifestaciones p\u00fablicas, como la ocupaci\u00f3n de v\u00edas o la interrupci\u00f3n de servicios. Esta ampliaci\u00f3n del concepto de terrorismo urbano podr\u00eda afectar directamente a trabajadores, transportistas y ciudadanos que ejerzan su leg\u00edtimo derecho a la manifestaci\u00f3n pac\u00edfica.<\/p>\n\n\n\n<p>El proyecto presentado por el gobierno de Boluarte tambi\u00e9n ha sido duramente criticado por la congresista Margot Palacios, quien calific\u00f3 la iniciativa de un ataque directo contra los derechos fundamentales de la ciudadan\u00eda. La ambig\u00fcedad de t\u00e9rminos como \u00abperturbar el normal funcionamiento\u00bb deja la puerta abierta a interpretaciones arbitrarias que, seg\u00fan Palacios, buscan reprimir protestas leg\u00edtimas bajo el manto de \u201cterrorismo\u201d. \u00ab<em>El nuevo Proyecto de Ley 9085 presentada por Dina Boluarte, busca introducir el delito de terrorismo urbano, sancionando a aquellas personas que ejerzan su libre derecho a la protesta con penas de 10 a 15 a\u00f1os de c\u00e1rcel<\/em>\u00bb enfatiz\u00f3 Palacios.<\/p>\n\n\n\n<figure class=\"wp-block-image size-large\"><img loading=\"lazy\" decoding=\"async\" width=\"819\" height=\"1024\" src=\"https:\/\/pulso27.com\/wp-content\/uploads\/2024\/10\/image-2-819x1024.png\" alt=\"\" class=\"wp-image-2210\" srcset=\"https:\/\/pulso27.com\/wp-content\/uploads\/2024\/10\/image-2-819x1024.png 819w, https:\/\/pulso27.com\/wp-content\/uploads\/2024\/10\/image-2-240x300.png 240w, https:\/\/pulso27.com\/wp-content\/uploads\/2024\/10\/image-2-768x960.png 768w, https:\/\/pulso27.com\/wp-content\/uploads\/2024\/10\/image-2-1229x1536.png 1229w, https:\/\/pulso27.com\/wp-content\/uploads\/2024\/10\/image-2-10x12.png 10w, https:\/\/pulso27.com\/wp-content\/uploads\/2024\/10\/image-2.png 1638w\" sizes=\"auto, (max-width: 819px) 100vw, 819px\" \/><figcaption class=\"wp-element-caption\"><em>Publicaci\u00f3n de la congresista Margot Palacios en su cuenta de Facebook<\/em><\/figcaption><\/figure>\n\n\n\n<p>La presentaci\u00f3n de este proyecto ha abierto un profundo debate sobre los l\u00edmites entre la seguridad ciudadana y el respeto a los derechos fundamentales. Si bien la lucha contra la delincuencia es una prioridad innegable, el enfoque propuesto por el Ejecutivo parece m\u00e1s orientado a la represi\u00f3n de la protesta social que a una soluci\u00f3n integral al problema de la inseguridad. Amplios sectores piden que el Congreso reflexione sobre las consecuencias de aprobar una norma que podr\u00eda erosionar las libertades civiles en lugar de fortalecer la seguridad y justicia en el pa\u00eds.<\/p>\n\n\n\n<p>Fuentes: Webs y redes de noticias<\/p>\n","protected":false},"excerpt":{"rendered":"<p>El proyecto de ley presentado por el gobierno de Dina Boluarte, que busca tipificar el delito de \u00abterrorismo urbano\u00bb, ha generado una oleada de cr\u00edticas y oposici\u00f3n por parte de amplios sectores de la sociedad peruana. La propuesta, que incluye sanciones severas, como penas de hasta 30 a\u00f1os de prisi\u00f3n y cadena perpetua en casos [&hellip;]<\/p>\n","protected":false},"author":11,"featured_media":2207,"comment_status":"open","ping_status":"open","sticky":false,"template":"","format":"standard","meta":{"footnotes":""},"categories":[183,174,180],"tags":[855,856,857,854,853],"class_list":["post-2206","post","type-post","status-publish","format-standard","has-post-thumbnail","hentry","category-actualidad","category-nacional","category-politica","tag-criminalidad","tag-extorsion","tag-gobierno","tag-proyectodeley","tag-terrorimosurbano"],"yoast_head":"<!-- This site is optimized with the Yoast SEO plugin v27.4 - https:\/\/yoast.com\/product\/yoast-seo-wordpress\/ -->\n<title>Pol\u00e9mico proyecto de ley de \u201cTerrorismo Urbano\u201d desata rechazo y cr\u00edticas en Per\u00fa - Pulso27<\/title>\n<meta name=\"robots\" content=\"index, follow, max-snippet:-1, max-image-preview:large, max-video-preview:-1\" \/>\n<link rel=\"canonical\" href=\"https:\/\/pulso27.com\/es\/nacional\/polemico-proyecto-de-ley-de-terrorismo-urbano-desata-rechazo-y-criticas-en-peru\/\" \/>\n<meta property=\"og:locale\" content=\"es_ES\" \/>\n<meta property=\"og:type\" content=\"article\" \/>\n<meta property=\"og:title\" content=\"Pol\u00e9mico proyecto de ley de \u201cTerrorismo Urbano\u201d desata rechazo y cr\u00edticas en Per\u00fa - Pulso27\" \/>\n<meta property=\"og:description\" content=\"El proyecto de ley presentado por el gobierno de Dina Boluarte, que busca tipificar el delito de \u00abterrorismo urbano\u00bb, ha generado una oleada de cr\u00edticas y oposici\u00f3n por parte de amplios sectores de la sociedad peruana. La propuesta, que incluye sanciones severas, como penas de hasta 30 a\u00f1os de prisi\u00f3n y cadena perpetua en casos [&hellip;]\" \/>\n<meta property=\"og:url\" content=\"https:\/\/pulso27.com\/es\/nacional\/polemico-proyecto-de-ley-de-terrorismo-urbano-desata-rechazo-y-criticas-en-peru\/\" \/>\n<meta property=\"og:site_name\" content=\"Pulso27\" \/>\n<meta property=\"article:publisher\" content=\"https:\/\/www.facebook.com\/pulso27\/\" \/>\n<meta property=\"article:author\" content=\"https:\/\/www.facebook.com\/pulso27\" \/>\n<meta property=\"article:published_time\" content=\"2024-10-04T04:51:34+00:00\" \/>\n<meta property=\"article:modified_time\" content=\"2024-10-21T04:08:15+00:00\" \/>\n<meta property=\"og:image\" content=\"https:\/\/pulso27.com\/wp-content\/uploads\/2024\/10\/TerrorismoUrbano.png\" \/>\n\t<meta property=\"og:image:width\" content=\"1012\" \/>\n\t<meta property=\"og:image:height\" content=\"810\" \/>\n\t<meta property=\"og:image:type\" content=\"image\/png\" \/>\n<meta name=\"author\" content=\"Editor\" \/>\n<meta name=\"twitter:card\" content=\"summary_large_image\" \/>\n<meta name=\"twitter:creator\" content=\"@https:\/\/x.com\/Pulso_27\" \/>\n<meta name=\"twitter:site\" content=\"@Pulso_27\" \/>\n<meta name=\"twitter:label1\" content=\"Written by\" \/>\n\t<meta name=\"twitter:data1\" content=\"Editor\" \/>\n\t<meta name=\"twitter:label2\" content=\"Est. reading time\" \/>\n\t<meta name=\"twitter:data2\" content=\"5 minutos\" \/>\n<script type=\"application\/ld+json\" class=\"yoast-schema-graph\">{\"@context\":\"https:\\\/\\\/schema.org\",\"@graph\":[{\"@type\":\"Article\",\"@id\":\"https:\\\/\\\/pulso27.com\\\/nacional\\\/polemico-proyecto-de-ley-de-terrorismo-urbano-desata-rechazo-y-criticas-en-peru\\\/#article\",\"isPartOf\":{\"@id\":\"https:\\\/\\\/pulso27.com\\\/nacional\\\/polemico-proyecto-de-ley-de-terrorismo-urbano-desata-rechazo-y-criticas-en-peru\\\/\"},\"author\":{\"name\":\"Editor\",\"@id\":\"https:\\\/\\\/pulso27.com\\\/en\\\/#\\\/schema\\\/person\\\/e0da4cfacbab724cbf4ab44bcc030735\"},\"headline\":\"Pol\u00e9mico proyecto de ley de \u201cTerrorismo Urbano\u201d desata rechazo y cr\u00edticas en Per\u00fa\",\"datePublished\":\"2024-10-04T04:51:34+00:00\",\"dateModified\":\"2024-10-21T04:08:15+00:00\",\"mainEntityOfPage\":{\"@id\":\"https:\\\/\\\/pulso27.com\\\/nacional\\\/polemico-proyecto-de-ley-de-terrorismo-urbano-desata-rechazo-y-criticas-en-peru\\\/\"},\"wordCount\":940,\"commentCount\":0,\"publisher\":{\"@id\":\"https:\\\/\\\/pulso27.com\\\/en\\\/#organization\"},\"image\":{\"@id\":\"https:\\\/\\\/pulso27.com\\\/nacional\\\/polemico-proyecto-de-ley-de-terrorismo-urbano-desata-rechazo-y-criticas-en-peru\\\/#primaryimage\"},\"thumbnailUrl\":\"https:\\\/\\\/pulso27.com\\\/wp-content\\\/uploads\\\/2024\\\/10\\\/TerrorismoUrbano.png\",\"keywords\":[\"Criminalidad\",\"Extorsi\u00f3n\",\"Gobierno\",\"ProyectoDeLey\",\"TerrorimosUrbano\"],\"articleSection\":[\"Actualidad\",\"Nacional\",\"Pol\u00edtica\"],\"inLanguage\":\"es-PE\",\"potentialAction\":[{\"@type\":\"CommentAction\",\"name\":\"Comment\",\"target\":[\"https:\\\/\\\/pulso27.com\\\/nacional\\\/polemico-proyecto-de-ley-de-terrorismo-urbano-desata-rechazo-y-criticas-en-peru\\\/#respond\"]}]},{\"@type\":\"WebPage\",\"@id\":\"https:\\\/\\\/pulso27.com\\\/nacional\\\/polemico-proyecto-de-ley-de-terrorismo-urbano-desata-rechazo-y-criticas-en-peru\\\/\",\"url\":\"https:\\\/\\\/pulso27.com\\\/nacional\\\/polemico-proyecto-de-ley-de-terrorismo-urbano-desata-rechazo-y-criticas-en-peru\\\/\",\"name\":\"Pol\u00e9mico proyecto de ley de \u201cTerrorismo Urbano\u201d desata rechazo y cr\u00edticas en Per\u00fa - Pulso27\",\"isPartOf\":{\"@id\":\"https:\\\/\\\/pulso27.com\\\/en\\\/#website\"},\"primaryImageOfPage\":{\"@id\":\"https:\\\/\\\/pulso27.com\\\/nacional\\\/polemico-proyecto-de-ley-de-terrorismo-urbano-desata-rechazo-y-criticas-en-peru\\\/#primaryimage\"},\"image\":{\"@id\":\"https:\\\/\\\/pulso27.com\\\/nacional\\\/polemico-proyecto-de-ley-de-terrorismo-urbano-desata-rechazo-y-criticas-en-peru\\\/#primaryimage\"},\"thumbnailUrl\":\"https:\\\/\\\/pulso27.com\\\/wp-content\\\/uploads\\\/2024\\\/10\\\/TerrorismoUrbano.png\",\"datePublished\":\"2024-10-04T04:51:34+00:00\",\"dateModified\":\"2024-10-21T04:08:15+00:00\",\"breadcrumb\":{\"@id\":\"https:\\\/\\\/pulso27.com\\\/nacional\\\/polemico-proyecto-de-ley-de-terrorismo-urbano-desata-rechazo-y-criticas-en-peru\\\/#breadcrumb\"},\"inLanguage\":\"es-PE\",\"potentialAction\":[{\"@type\":\"ReadAction\",\"target\":[\"https:\\\/\\\/pulso27.com\\\/nacional\\\/polemico-proyecto-de-ley-de-terrorismo-urbano-desata-rechazo-y-criticas-en-peru\\\/\"]}]},{\"@type\":\"ImageObject\",\"inLanguage\":\"es-PE\",\"@id\":\"https:\\\/\\\/pulso27.com\\\/nacional\\\/polemico-proyecto-de-ley-de-terrorismo-urbano-desata-rechazo-y-criticas-en-peru\\\/#primaryimage\",\"url\":\"https:\\\/\\\/pulso27.com\\\/wp-content\\\/uploads\\\/2024\\\/10\\\/TerrorismoUrbano.png\",\"contentUrl\":\"https:\\\/\\\/pulso27.com\\\/wp-content\\\/uploads\\\/2024\\\/10\\\/TerrorismoUrbano.png\",\"width\":1012,\"height\":810},{\"@type\":\"BreadcrumbList\",\"@id\":\"https:\\\/\\\/pulso27.com\\\/nacional\\\/polemico-proyecto-de-ley-de-terrorismo-urbano-desata-rechazo-y-criticas-en-peru\\\/#breadcrumb\",\"itemListElement\":[{\"@type\":\"ListItem\",\"position\":1,\"name\":\"Portada\",\"item\":\"https:\\\/\\\/pulso27.com\\\/\"},{\"@type\":\"ListItem\",\"position\":2,\"name\":\"Pol\u00e9mico proyecto de ley de \u201cTerrorismo Urbano\u201d desata rechazo y cr\u00edticas en Per\u00fa\"}]},{\"@type\":\"WebSite\",\"@id\":\"https:\\\/\\\/pulso27.com\\\/en\\\/#website\",\"url\":\"https:\\\/\\\/pulso27.com\\\/en\\\/\",\"name\":\"Pulso27\",\"description\":\"Web de noticias y publicidad\",\"publisher\":{\"@id\":\"https:\\\/\\\/pulso27.com\\\/en\\\/#organization\"},\"alternateName\":\"El pulso del pueblo\",\"potentialAction\":[{\"@type\":\"SearchAction\",\"target\":{\"@type\":\"EntryPoint\",\"urlTemplate\":\"https:\\\/\\\/pulso27.com\\\/en\\\/?s={search_term_string}\"},\"query-input\":{\"@type\":\"PropertyValueSpecification\",\"valueRequired\":true,\"valueName\":\"search_term_string\"}}],\"inLanguage\":\"es-PE\"},{\"@type\":\"Organization\",\"@id\":\"https:\\\/\\\/pulso27.com\\\/en\\\/#organization\",\"name\":\"Pulso27\",\"url\":\"https:\\\/\\\/pulso27.com\\\/en\\\/\",\"logo\":{\"@type\":\"ImageObject\",\"inLanguage\":\"es-PE\",\"@id\":\"https:\\\/\\\/pulso27.com\\\/en\\\/#\\\/schema\\\/logo\\\/image\\\/\",\"url\":\"https:\\\/\\\/pulso27.com\\\/wp-content\\\/uploads\\\/2026\\\/02\\\/Logotipo-de-la-organizacion-696-x-696-px-ok.png\",\"contentUrl\":\"https:\\\/\\\/pulso27.com\\\/wp-content\\\/uploads\\\/2026\\\/02\\\/Logotipo-de-la-organizacion-696-x-696-px-ok.png\",\"width\":696,\"height\":696,\"caption\":\"Pulso27\"},\"image\":{\"@id\":\"https:\\\/\\\/pulso27.com\\\/en\\\/#\\\/schema\\\/logo\\\/image\\\/\"},\"sameAs\":[\"https:\\\/\\\/www.facebook.com\\\/pulso27\\\/\",\"https:\\\/\\\/x.com\\\/Pulso_27\",\"https:\\\/\\\/www.youtube.com\\\/@Pulso27\",\"https:\\\/\\\/www.tiktok.com\\\/@pulso_27\"]},{\"@type\":\"Person\",\"@id\":\"https:\\\/\\\/pulso27.com\\\/en\\\/#\\\/schema\\\/person\\\/e0da4cfacbab724cbf4ab44bcc030735\",\"name\":\"Editor\",\"image\":{\"@type\":\"ImageObject\",\"inLanguage\":\"es-PE\",\"@id\":\"https:\\\/\\\/pulso27.com\\\/wp-content\\\/uploads\\\/2025\\\/03\\\/c-150x150.png\",\"url\":\"https:\\\/\\\/pulso27.com\\\/wp-content\\\/uploads\\\/2025\\\/03\\\/c-150x150.png\",\"contentUrl\":\"https:\\\/\\\/pulso27.com\\\/wp-content\\\/uploads\\\/2025\\\/03\\\/c-150x150.png\",\"caption\":\"Editor\"},\"sameAs\":[\"http:\\\/\\\/www.pulso27.com\",\"https:\\\/\\\/www.facebook.com\\\/pulso27\",\"https:\\\/\\\/x.com\\\/https:\\\/\\\/x.com\\\/Pulso_27\",\"https:\\\/\\\/www.youtube.com\\\/@Pulso27\"],\"url\":\"https:\\\/\\\/pulso27.com\\\/es\\\/author\\\/editor\\\/\"}]}<\/script>\n<!-- \/ Yoast SEO plugin. -->","yoast_head_json":{"title":"Pol\u00e9mico proyecto de ley de \u201cTerrorismo Urbano\u201d desata rechazo y cr\u00edticas en Per\u00fa - Pulso27","robots":{"index":"index","follow":"follow","max-snippet":"max-snippet:-1","max-image-preview":"max-image-preview:large","max-video-preview":"max-video-preview:-1"},"canonical":"https:\/\/pulso27.com\/es\/nacional\/polemico-proyecto-de-ley-de-terrorismo-urbano-desata-rechazo-y-criticas-en-peru\/","og_locale":"es_ES","og_type":"article","og_title":"Pol\u00e9mico proyecto de ley de \u201cTerrorismo Urbano\u201d desata rechazo y cr\u00edticas en Per\u00fa - Pulso27","og_description":"El proyecto de ley presentado por el gobierno de Dina Boluarte, que busca tipificar el delito de \u00abterrorismo urbano\u00bb, ha generado una oleada de cr\u00edticas y oposici\u00f3n por parte de amplios sectores de la sociedad peruana. La propuesta, que incluye sanciones severas, como penas de hasta 30 a\u00f1os de prisi\u00f3n y cadena perpetua en casos [&hellip;]","og_url":"https:\/\/pulso27.com\/es\/nacional\/polemico-proyecto-de-ley-de-terrorismo-urbano-desata-rechazo-y-criticas-en-peru\/","og_site_name":"Pulso27","article_publisher":"https:\/\/www.facebook.com\/pulso27\/","article_author":"https:\/\/www.facebook.com\/pulso27","article_published_time":"2024-10-04T04:51:34+00:00","article_modified_time":"2024-10-21T04:08:15+00:00","og_image":[{"width":1012,"height":810,"url":"https:\/\/pulso27.com\/wp-content\/uploads\/2024\/10\/TerrorismoUrbano.png","type":"image\/png"}],"author":"Editor","twitter_card":"summary_large_image","twitter_creator":"@https:\/\/x.com\/Pulso_27","twitter_site":"@Pulso_27","twitter_misc":{"Written by":"Editor","Est. reading time":"5 minutos"},"schema":{"@context":"https:\/\/schema.org","@graph":[{"@type":"Article","@id":"https:\/\/pulso27.com\/nacional\/polemico-proyecto-de-ley-de-terrorismo-urbano-desata-rechazo-y-criticas-en-peru\/#article","isPartOf":{"@id":"https:\/\/pulso27.com\/nacional\/polemico-proyecto-de-ley-de-terrorismo-urbano-desata-rechazo-y-criticas-en-peru\/"},"author":{"name":"Editor","@id":"https:\/\/pulso27.com\/en\/#\/schema\/person\/e0da4cfacbab724cbf4ab44bcc030735"},"headline":"Pol\u00e9mico proyecto de ley de \u201cTerrorismo Urbano\u201d desata rechazo y cr\u00edticas en Per\u00fa","datePublished":"2024-10-04T04:51:34+00:00","dateModified":"2024-10-21T04:08:15+00:00","mainEntityOfPage":{"@id":"https:\/\/pulso27.com\/nacional\/polemico-proyecto-de-ley-de-terrorismo-urbano-desata-rechazo-y-criticas-en-peru\/"},"wordCount":940,"commentCount":0,"publisher":{"@id":"https:\/\/pulso27.com\/en\/#organization"},"image":{"@id":"https:\/\/pulso27.com\/nacional\/polemico-proyecto-de-ley-de-terrorismo-urbano-desata-rechazo-y-criticas-en-peru\/#primaryimage"},"thumbnailUrl":"https:\/\/pulso27.com\/wp-content\/uploads\/2024\/10\/TerrorismoUrbano.png","keywords":["Criminalidad","Extorsi\u00f3n","Gobierno","ProyectoDeLey","TerrorimosUrbano"],"articleSection":["Actualidad","Nacional","Pol\u00edtica"],"inLanguage":"es-PE","potentialAction":[{"@type":"CommentAction","name":"Comment","target":["https:\/\/pulso27.com\/nacional\/polemico-proyecto-de-ley-de-terrorismo-urbano-desata-rechazo-y-criticas-en-peru\/#respond"]}]},{"@type":"WebPage","@id":"https:\/\/pulso27.com\/nacional\/polemico-proyecto-de-ley-de-terrorismo-urbano-desata-rechazo-y-criticas-en-peru\/","url":"https:\/\/pulso27.com\/nacional\/polemico-proyecto-de-ley-de-terrorismo-urbano-desata-rechazo-y-criticas-en-peru\/","name":"Pol\u00e9mico proyecto de ley de \u201cTerrorismo Urbano\u201d desata rechazo y cr\u00edticas en Per\u00fa - Pulso27","isPartOf":{"@id":"https:\/\/pulso27.com\/en\/#website"},"primaryImageOfPage":{"@id":"https:\/\/pulso27.com\/nacional\/polemico-proyecto-de-ley-de-terrorismo-urbano-desata-rechazo-y-criticas-en-peru\/#primaryimage"},"image":{"@id":"https:\/\/pulso27.com\/nacional\/polemico-proyecto-de-ley-de-terrorismo-urbano-desata-rechazo-y-criticas-en-peru\/#primaryimage"},"thumbnailUrl":"https:\/\/pulso27.com\/wp-content\/uploads\/2024\/10\/TerrorismoUrbano.png","datePublished":"2024-10-04T04:51:34+00:00","dateModified":"2024-10-21T04:08:15+00:00","breadcrumb":{"@id":"https:\/\/pulso27.com\/nacional\/polemico-proyecto-de-ley-de-terrorismo-urbano-desata-rechazo-y-criticas-en-peru\/#breadcrumb"},"inLanguage":"es-PE","potentialAction":[{"@type":"ReadAction","target":["https:\/\/pulso27.com\/nacional\/polemico-proyecto-de-ley-de-terrorismo-urbano-desata-rechazo-y-criticas-en-peru\/"]}]},{"@type":"ImageObject","inLanguage":"es-PE","@id":"https:\/\/pulso27.com\/nacional\/polemico-proyecto-de-ley-de-terrorismo-urbano-desata-rechazo-y-criticas-en-peru\/#primaryimage","url":"https:\/\/pulso27.com\/wp-content\/uploads\/2024\/10\/TerrorismoUrbano.png","contentUrl":"https:\/\/pulso27.com\/wp-content\/uploads\/2024\/10\/TerrorismoUrbano.png","width":1012,"height":810},{"@type":"BreadcrumbList","@id":"https:\/\/pulso27.com\/nacional\/polemico-proyecto-de-ley-de-terrorismo-urbano-desata-rechazo-y-criticas-en-peru\/#breadcrumb","itemListElement":[{"@type":"ListItem","position":1,"name":"Portada","item":"https:\/\/pulso27.com\/"},{"@type":"ListItem","position":2,"name":"Pol\u00e9mico proyecto de ley de \u201cTerrorismo Urbano\u201d desata rechazo y cr\u00edticas en Per\u00fa"}]},{"@type":"WebSite","@id":"https:\/\/pulso27.com\/en\/#website","url":"https:\/\/pulso27.com\/en\/","name":"Pulso27","description":"Web de noticias y publicidad","publisher":{"@id":"https:\/\/pulso27.com\/en\/#organization"},"alternateName":"El pulso del pueblo","potentialAction":[{"@type":"SearchAction","target":{"@type":"EntryPoint","urlTemplate":"https:\/\/pulso27.com\/en\/?s={search_term_string}"},"query-input":{"@type":"PropertyValueSpecification","valueRequired":true,"valueName":"search_term_string"}}],"inLanguage":"es-PE"},{"@type":"Organization","@id":"https:\/\/pulso27.com\/en\/#organization","name":"Pulso27","url":"https:\/\/pulso27.com\/en\/","logo":{"@type":"ImageObject","inLanguage":"es-PE","@id":"https:\/\/pulso27.com\/en\/#\/schema\/logo\/image\/","url":"https:\/\/pulso27.com\/wp-content\/uploads\/2026\/02\/Logotipo-de-la-organizacion-696-x-696-px-ok.png","contentUrl":"https:\/\/pulso27.com\/wp-content\/uploads\/2026\/02\/Logotipo-de-la-organizacion-696-x-696-px-ok.png","width":696,"height":696,"caption":"Pulso27"},"image":{"@id":"https:\/\/pulso27.com\/en\/#\/schema\/logo\/image\/"},"sameAs":["https:\/\/www.facebook.com\/pulso27\/","https:\/\/x.com\/Pulso_27","https:\/\/www.youtube.com\/@Pulso27","https:\/\/www.tiktok.com\/@pulso_27"]},{"@type":"Person","@id":"https:\/\/pulso27.com\/en\/#\/schema\/person\/e0da4cfacbab724cbf4ab44bcc030735","name":"Editor","image":{"@type":"ImageObject","inLanguage":"es-PE","@id":"https:\/\/pulso27.com\/wp-content\/uploads\/2025\/03\/c-150x150.png","url":"https:\/\/pulso27.com\/wp-content\/uploads\/2025\/03\/c-150x150.png","contentUrl":"https:\/\/pulso27.com\/wp-content\/uploads\/2025\/03\/c-150x150.png","caption":"Editor"},"sameAs":["http:\/\/www.pulso27.com","https:\/\/www.facebook.com\/pulso27","https:\/\/x.com\/https:\/\/x.com\/Pulso_27","https:\/\/www.youtube.com\/@Pulso27"],"url":"https:\/\/pulso27.com\/es\/author\/editor\/"}]}},"amp_enabled":true,"_links":{"self":[{"href":"https:\/\/pulso27.com\/es\/wp-json\/wp\/v2\/posts\/2206","targetHints":{"allow":["GET"]}}],"collection":[{"href":"https:\/\/pulso27.com\/es\/wp-json\/wp\/v2\/posts"}],"about":[{"href":"https:\/\/pulso27.com\/es\/wp-json\/wp\/v2\/types\/post"}],"author":[{"embeddable":true,"href":"https:\/\/pulso27.com\/es\/wp-json\/wp\/v2\/users\/11"}],"replies":[{"embeddable":true,"href":"https:\/\/pulso27.com\/es\/wp-json\/wp\/v2\/comments?post=2206"}],"version-history":[{"count":2,"href":"https:\/\/pulso27.com\/es\/wp-json\/wp\/v2\/posts\/2206\/revisions"}],"predecessor-version":[{"id":2214,"href":"https:\/\/pulso27.com\/es\/wp-json\/wp\/v2\/posts\/2206\/revisions\/2214"}],"wp:featuredmedia":[{"embeddable":true,"href":"https:\/\/pulso27.com\/es\/wp-json\/wp\/v2\/media\/2207"}],"wp:attachment":[{"href":"https:\/\/pulso27.com\/es\/wp-json\/wp\/v2\/media?parent=2206"}],"wp:term":[{"taxonomy":"category","embeddable":true,"href":"https:\/\/pulso27.com\/es\/wp-json\/wp\/v2\/categories?post=2206"},{"taxonomy":"post_tag","embeddable":true,"href":"https:\/\/pulso27.com\/es\/wp-json\/wp\/v2\/tags?post=2206"}],"curies":[{"name":"wp","href":"https:\/\/api.w.org\/{rel}","templated":true}]}}