{"id":2221,"date":"2024-10-08T08:43:38","date_gmt":"2024-10-08T03:43:38","guid":{"rendered":"https:\/\/pulso27.com\/?p=2221"},"modified":"2024-10-21T09:08:14","modified_gmt":"2024-10-21T04:08:14","slug":"paro-nacional-de-72-horas-de-los-transportistas-del-peru-preocupa-a-ciudadanos","status":"publish","type":"post","link":"https:\/\/pulso27.com\/es\/nacional\/paro-nacional-de-72-horas-de-los-transportistas-del-peru-preocupa-a-ciudadanos\/","title":{"rendered":"Paro nacional de 72 horas de los transportistas del Per\u00fa preocupa a ciudadanos"},"content":{"rendered":"\n<p>El pr\u00f3ximo paro de transportistas, anunciado para el jueves 10 de octubre y que se extender\u00e1 por 72 horas, ha generado preocupaci\u00f3n entre los ciudadanos de Lima y otras regiones del pa\u00eds debido al impacto que podr\u00eda tener en la movilidad y el abastecimiento de productos.<\/p>\n\n\n\n<p>A pesar de que algunos gremios importantes del transporte han decidido no sumarse, varios otros colectivos han confirmado su participaci\u00f3n en la medida de protesta, que aparentemente tiene el objetivo de exigir al gobierno de turno para que toma medidas necesarias contra el crimen y extorsi\u00f3n que se ha visibilizado en los \u00faltimos meses, especialmente en Lima, capital de Per\u00fa.<\/p>\n\n\n\n<p>El paro ha sido convocado principalmente por gremios de transportistas que exigen tambi\u00e9n al gobierno respuestas a sus reclamos, entre ellos la reducci\u00f3n del precio del combustible y la eliminaci\u00f3n de peajes que consideran injustos.<\/p>\n\n\n\n<figure class=\"wp-block-image size-large is-resized\"><img loading=\"lazy\" decoding=\"async\" width=\"1024\" height=\"484\" src=\"https:\/\/pulso27.com\/wp-content\/uploads\/2024\/10\/image-7-1024x484.png\" alt=\"\" class=\"wp-image-2224\" style=\"width:740px;height:auto\" srcset=\"https:\/\/pulso27.com\/wp-content\/uploads\/2024\/10\/image-7-1024x484.png 1024w, https:\/\/pulso27.com\/wp-content\/uploads\/2024\/10\/image-7-300x142.png 300w, https:\/\/pulso27.com\/wp-content\/uploads\/2024\/10\/image-7-768x363.png 768w, https:\/\/pulso27.com\/wp-content\/uploads\/2024\/10\/image-7-18x9.png 18w, https:\/\/pulso27.com\/wp-content\/uploads\/2024\/10\/image-7.png 1317w\" sizes=\"auto, (max-width: 1024px) 100vw, 1024px\" \/><figcaption class=\"wp-element-caption\"><em>Ministro del Interior garantiza seguridad durante paro de transportistas de 72 horas<\/em><\/figcaption><\/figure>\n\n\n\n<p>La convocatoria viene cobrando mayor relevancia desde que el gobierno de Dina Boluarte declar\u00f3 el estado de emergencia en 14 distritos de Lima y Callao, una medida que no ha arrojado los resultados esperados, pues ha habido varias v\u00edctimas mortales en el marco de esta crisis, as\u00ed como la desigual atenci\u00f3n de distritos, porque gran parte de distritos populosos est\u00e1n desprotegidos, los distritos \u00abmas ricos\u00bb tiene mayor vigilancia policial.<\/p>\n\n\n\n<p>El vicepresidente del Gremio de la Alianza Nacional de Transportistas de los buses M1 y M2, que s\u00ed participar\u00e1 en el paro, ha declarado que \u00abno es justo que el propio gobierno nos diga que por defender un derecho a la vida nos pueda politizar. Nosotros no estamos defendiendo a ning\u00fan partido pol\u00edtico, estamos exigiendo que se ponga mano firme\u00bb. Otros gremios, como los de taxistas, colectiveros, panaderos y mineros, tambi\u00e9n se han sumado a la huelga, aumentando la preocupaci\u00f3n por el alcance de la protesta.<\/p>\n\n\n\n<h3 class=\"wp-block-heading\">Divisi\u00f3n entre los gremios de transporte<\/h3>\n\n\n\n<p>Aunque el paro cuenta con el respaldo de gremios como la Asociaci\u00f3n de Transportistas Nacionales (Asotrani) y la Alianza Nacional de Transportistas de los buses M1 y M2, que califican las acciones del gobierno como insuficientes, otros sectores del transporte formal, representados por la Coordinadora de Transporte Urbano de Lima y Callao, han decidido no acatar la huelga.<\/p>\n\n\n\n<figure class=\"wp-block-image size-full is-resized\"><img loading=\"lazy\" decoding=\"async\" width=\"720\" height=\"539\" src=\"https:\/\/pulso27.com\/wp-content\/uploads\/2024\/10\/image-8.png\" alt=\"\" class=\"wp-image-2225\" style=\"width:740px;height:auto\" srcset=\"https:\/\/pulso27.com\/wp-content\/uploads\/2024\/10\/image-8.png 720w, https:\/\/pulso27.com\/wp-content\/uploads\/2024\/10\/image-8-300x225.png 300w, https:\/\/pulso27.com\/wp-content\/uploads\/2024\/10\/image-8-16x12.png 16w\" sizes=\"auto, (max-width: 720px) 100vw, 720px\" \/><figcaption class=\"wp-element-caption\"><em>Las medidas de fuerza tienen como principal demanda poner alto a las extorsiones<\/em><\/figcaption><\/figure>\n\n\n\n<p>H\u00e9ctor Vargas, presidente de dicha coordinadora, ha anunciado que las empresas formales de transporte seguir\u00e1n operando con normalidad, argumentando que las autoridades est\u00e1n trabajando para garantizar la seguridad ciudadana y que es necesario esperar un poco m\u00e1s para que muestren resultados.<\/p>\n\n\n\n<p>Mart\u00edn Ojeda, director de la C\u00e1mara Internacional de la Industria del Transporte (CIT), tambi\u00e9n ha desestimado la convocatoria al paro, se\u00f1alando que ha sido promovida principalmente por colectivos ilegales. Entre los gremios que han decidido no participar est\u00e1n la Asociaci\u00f3n Nacional de Integraci\u00f3n de Transportistas (Anitra) y empresas como Los Chosicanos y Evifasa, que operan rutas clave en Lima y Callao.<\/p>\n\n\n\n<h3 class=\"wp-block-heading\">Medidas de seguridad del Gobierno<\/h3>\n\n\n\n<p>Ante el anunciado paro, el Ministerio del Interior, encabezado por Juan Jos\u00e9 Santiv\u00e1\u00f1ez, ha anunciado que se implementar\u00e1 un operativo de seguridad especial para asegurar que el transporte p\u00fablico formal funcione sin interrupciones el 10 de octubre. Un contingente de 3,000 efectivos de la Polic\u00eda Nacional del Per\u00fa (PNP) y de las Fuerzas Armadas ser\u00e1 desplegado en puntos estrat\u00e9gicos de Lima para garantizar el normal funcionamiento de las unidades de transporte y proteger tanto a conductores como a usuarios.<\/p>\n\n\n<div class=\"wp-block-image\">\n<figure class=\"alignleft size-full is-resized\"><img loading=\"lazy\" decoding=\"async\" width=\"526\" height=\"775\" src=\"https:\/\/pulso27.com\/wp-content\/uploads\/2024\/10\/image-6.png\" alt=\"\" class=\"wp-image-2223\" style=\"width:354px;height:auto\" srcset=\"https:\/\/pulso27.com\/wp-content\/uploads\/2024\/10\/image-6.png 526w, https:\/\/pulso27.com\/wp-content\/uploads\/2024\/10\/image-6-204x300.png 204w, https:\/\/pulso27.com\/wp-content\/uploads\/2024\/10\/image-6-8x12.png 8w\" sizes=\"auto, (max-width: 526px) 100vw, 526px\" \/><\/figure><\/div>\n\n\n<h3 class=\"wp-block-heading\">Consecuencias e incertidumbre<\/h3>\n\n\n\n<p>El paro de 72 horas podr\u00eda tener serias repercusiones, afectando la circulaci\u00f3n en diversas regiones del pa\u00eds y generando un posible desabastecimiento de productos b\u00e1sicos, especialmente en mercados y tiendas. En tanto, el gobierno ha reiterado su llamado al di\u00e1logo, buscando evitar que el conflicto se escale.<\/p>\n\n\n\n<p>La incertidumbre permanece entre los ciudadanos, quienes temen que la huelga paralice actividades esenciales. Mientras tanto, algunos gremios transportistas est\u00e1n a la espera de los resultados que el gobierno pueda presentar a fin de mes en cuanto a la seguridad en las carreteras y otros reclamos planteados.<\/p>\n\n\n\n<p>Fuente: Webs y redes de noticias<\/p>\n","protected":false},"excerpt":{"rendered":"<p>El pr\u00f3ximo paro de transportistas, anunciado para el jueves 10 de octubre y que se extender\u00e1 por 72 horas, ha generado preocupaci\u00f3n entre los ciudadanos de Lima y otras regiones del pa\u00eds debido al impacto que podr\u00eda tener en la movilidad y el abastecimiento de productos. A pesar de que algunos gremios importantes del transporte [&hellip;]<\/p>\n","protected":false},"author":11,"featured_media":2222,"comment_status":"open","ping_status":"open","sticky":false,"template":"","format":"standard","meta":{"footnotes":""},"categories":[183,177,174],"tags":[720,862,861,309,863],"class_list":["post-2221","post","type-post","status-publish","format-standard","has-post-thumbnail","hentry","category-actualidad","category-economia","category-nacional","tag-mininter","tag-paro72horas","tag-parodetransportes","tag-pnp","tag-transportes"],"yoast_head":"<!-- This site is optimized with the Yoast SEO plugin v27.4 - https:\/\/yoast.com\/product\/yoast-seo-wordpress\/ -->\n<title>Paro nacional de 72 horas de los transportistas del Per\u00fa preocupa a ciudadanos - Pulso27<\/title>\n<meta name=\"robots\" content=\"index, follow, max-snippet:-1, max-image-preview:large, max-video-preview:-1\" \/>\n<link rel=\"canonical\" href=\"https:\/\/pulso27.com\/es\/nacional\/paro-nacional-de-72-horas-de-los-transportistas-del-peru-preocupa-a-ciudadanos\/\" \/>\n<meta property=\"og:locale\" content=\"es_ES\" \/>\n<meta property=\"og:type\" content=\"article\" \/>\n<meta property=\"og:title\" content=\"Paro nacional de 72 horas de los transportistas del Per\u00fa preocupa a ciudadanos - Pulso27\" \/>\n<meta property=\"og:description\" content=\"El pr\u00f3ximo paro de transportistas, anunciado para el jueves 10 de octubre y que se extender\u00e1 por 72 horas, ha generado preocupaci\u00f3n entre los ciudadanos de Lima y otras regiones del pa\u00eds debido al impacto que podr\u00eda tener en la movilidad y el abastecimiento de productos. A pesar de que algunos gremios importantes del transporte [&hellip;]\" \/>\n<meta property=\"og:url\" content=\"https:\/\/pulso27.com\/es\/nacional\/paro-nacional-de-72-horas-de-los-transportistas-del-peru-preocupa-a-ciudadanos\/\" \/>\n<meta property=\"og:site_name\" content=\"Pulso27\" \/>\n<meta property=\"article:publisher\" content=\"https:\/\/www.facebook.com\/pulso27\/\" \/>\n<meta property=\"article:author\" content=\"https:\/\/www.facebook.com\/pulso27\" \/>\n<meta property=\"article:published_time\" content=\"2024-10-08T03:43:38+00:00\" \/>\n<meta property=\"article:modified_time\" content=\"2024-10-21T04:08:14+00:00\" \/>\n<meta property=\"og:image\" content=\"https:\/\/pulso27.com\/wp-content\/uploads\/2024\/10\/Transport.png\" \/>\n\t<meta property=\"og:image:width\" content=\"1000\" \/>\n\t<meta property=\"og:image:height\" content=\"800\" \/>\n\t<meta property=\"og:image:type\" content=\"image\/png\" \/>\n<meta name=\"author\" content=\"Editor\" \/>\n<meta name=\"twitter:card\" content=\"summary_large_image\" \/>\n<meta name=\"twitter:creator\" content=\"@https:\/\/x.com\/Pulso_27\" \/>\n<meta name=\"twitter:site\" content=\"@Pulso_27\" \/>\n<meta name=\"twitter:label1\" content=\"Written by\" \/>\n\t<meta name=\"twitter:data1\" content=\"Editor\" \/>\n\t<meta name=\"twitter:label2\" content=\"Est. reading time\" \/>\n\t<meta name=\"twitter:data2\" content=\"4 minutos\" \/>\n<script type=\"application\/ld+json\" class=\"yoast-schema-graph\">{\"@context\":\"https:\\\/\\\/schema.org\",\"@graph\":[{\"@type\":\"Article\",\"@id\":\"https:\\\/\\\/pulso27.com\\\/nacional\\\/paro-nacional-de-72-horas-de-los-transportistas-del-peru-preocupa-a-ciudadanos\\\/#article\",\"isPartOf\":{\"@id\":\"https:\\\/\\\/pulso27.com\\\/nacional\\\/paro-nacional-de-72-horas-de-los-transportistas-del-peru-preocupa-a-ciudadanos\\\/\"},\"author\":{\"name\":\"Editor\",\"@id\":\"https:\\\/\\\/pulso27.com\\\/en\\\/#\\\/schema\\\/person\\\/e0da4cfacbab724cbf4ab44bcc030735\"},\"headline\":\"Paro nacional de 72 horas de los transportistas del Per\u00fa preocupa a ciudadanos\",\"datePublished\":\"2024-10-08T03:43:38+00:00\",\"dateModified\":\"2024-10-21T04:08:14+00:00\",\"mainEntityOfPage\":{\"@id\":\"https:\\\/\\\/pulso27.com\\\/nacional\\\/paro-nacional-de-72-horas-de-los-transportistas-del-peru-preocupa-a-ciudadanos\\\/\"},\"wordCount\":718,\"commentCount\":0,\"publisher\":{\"@id\":\"https:\\\/\\\/pulso27.com\\\/en\\\/#organization\"},\"image\":{\"@id\":\"https:\\\/\\\/pulso27.com\\\/nacional\\\/paro-nacional-de-72-horas-de-los-transportistas-del-peru-preocupa-a-ciudadanos\\\/#primaryimage\"},\"thumbnailUrl\":\"https:\\\/\\\/pulso27.com\\\/wp-content\\\/uploads\\\/2024\\\/10\\\/Transport.png\",\"keywords\":[\"MININTER\",\"Paro72Horas\",\"ParoDeTransportes\",\"PNP\",\"Transportes\"],\"articleSection\":[\"Actualidad\",\"Econom\u00eda\",\"Nacional\"],\"inLanguage\":\"es-PE\",\"potentialAction\":[{\"@type\":\"CommentAction\",\"name\":\"Comment\",\"target\":[\"https:\\\/\\\/pulso27.com\\\/nacional\\\/paro-nacional-de-72-horas-de-los-transportistas-del-peru-preocupa-a-ciudadanos\\\/#respond\"]}]},{\"@type\":\"WebPage\",\"@id\":\"https:\\\/\\\/pulso27.com\\\/nacional\\\/paro-nacional-de-72-horas-de-los-transportistas-del-peru-preocupa-a-ciudadanos\\\/\",\"url\":\"https:\\\/\\\/pulso27.com\\\/nacional\\\/paro-nacional-de-72-horas-de-los-transportistas-del-peru-preocupa-a-ciudadanos\\\/\",\"name\":\"Paro nacional de 72 horas de los transportistas del Per\u00fa preocupa a ciudadanos - Pulso27\",\"isPartOf\":{\"@id\":\"https:\\\/\\\/pulso27.com\\\/en\\\/#website\"},\"primaryImageOfPage\":{\"@id\":\"https:\\\/\\\/pulso27.com\\\/nacional\\\/paro-nacional-de-72-horas-de-los-transportistas-del-peru-preocupa-a-ciudadanos\\\/#primaryimage\"},\"image\":{\"@id\":\"https:\\\/\\\/pulso27.com\\\/nacional\\\/paro-nacional-de-72-horas-de-los-transportistas-del-peru-preocupa-a-ciudadanos\\\/#primaryimage\"},\"thumbnailUrl\":\"https:\\\/\\\/pulso27.com\\\/wp-content\\\/uploads\\\/2024\\\/10\\\/Transport.png\",\"datePublished\":\"2024-10-08T03:43:38+00:00\",\"dateModified\":\"2024-10-21T04:08:14+00:00\",\"breadcrumb\":{\"@id\":\"https:\\\/\\\/pulso27.com\\\/nacional\\\/paro-nacional-de-72-horas-de-los-transportistas-del-peru-preocupa-a-ciudadanos\\\/#breadcrumb\"},\"inLanguage\":\"es-PE\",\"potentialAction\":[{\"@type\":\"ReadAction\",\"target\":[\"https:\\\/\\\/pulso27.com\\\/nacional\\\/paro-nacional-de-72-horas-de-los-transportistas-del-peru-preocupa-a-ciudadanos\\\/\"]}]},{\"@type\":\"ImageObject\",\"inLanguage\":\"es-PE\",\"@id\":\"https:\\\/\\\/pulso27.com\\\/nacional\\\/paro-nacional-de-72-horas-de-los-transportistas-del-peru-preocupa-a-ciudadanos\\\/#primaryimage\",\"url\":\"https:\\\/\\\/pulso27.com\\\/wp-content\\\/uploads\\\/2024\\\/10\\\/Transport.png\",\"contentUrl\":\"https:\\\/\\\/pulso27.com\\\/wp-content\\\/uploads\\\/2024\\\/10\\\/Transport.png\",\"width\":1000,\"height\":800},{\"@type\":\"BreadcrumbList\",\"@id\":\"https:\\\/\\\/pulso27.com\\\/nacional\\\/paro-nacional-de-72-horas-de-los-transportistas-del-peru-preocupa-a-ciudadanos\\\/#breadcrumb\",\"itemListElement\":[{\"@type\":\"ListItem\",\"position\":1,\"name\":\"Portada\",\"item\":\"https:\\\/\\\/pulso27.com\\\/\"},{\"@type\":\"ListItem\",\"position\":2,\"name\":\"Paro nacional de 72 horas de los transportistas del Per\u00fa preocupa a ciudadanos\"}]},{\"@type\":\"WebSite\",\"@id\":\"https:\\\/\\\/pulso27.com\\\/en\\\/#website\",\"url\":\"https:\\\/\\\/pulso27.com\\\/en\\\/\",\"name\":\"Pulso27\",\"description\":\"Web de noticias y publicidad\",\"publisher\":{\"@id\":\"https:\\\/\\\/pulso27.com\\\/en\\\/#organization\"},\"alternateName\":\"El pulso del pueblo\",\"potentialAction\":[{\"@type\":\"SearchAction\",\"target\":{\"@type\":\"EntryPoint\",\"urlTemplate\":\"https:\\\/\\\/pulso27.com\\\/en\\\/?s={search_term_string}\"},\"query-input\":{\"@type\":\"PropertyValueSpecification\",\"valueRequired\":true,\"valueName\":\"search_term_string\"}}],\"inLanguage\":\"es-PE\"},{\"@type\":\"Organization\",\"@id\":\"https:\\\/\\\/pulso27.com\\\/en\\\/#organization\",\"name\":\"Pulso27\",\"url\":\"https:\\\/\\\/pulso27.com\\\/en\\\/\",\"logo\":{\"@type\":\"ImageObject\",\"inLanguage\":\"es-PE\",\"@id\":\"https:\\\/\\\/pulso27.com\\\/en\\\/#\\\/schema\\\/logo\\\/image\\\/\",\"url\":\"https:\\\/\\\/pulso27.com\\\/wp-content\\\/uploads\\\/2026\\\/02\\\/Logotipo-de-la-organizacion-696-x-696-px-ok.png\",\"contentUrl\":\"https:\\\/\\\/pulso27.com\\\/wp-content\\\/uploads\\\/2026\\\/02\\\/Logotipo-de-la-organizacion-696-x-696-px-ok.png\",\"width\":696,\"height\":696,\"caption\":\"Pulso27\"},\"image\":{\"@id\":\"https:\\\/\\\/pulso27.com\\\/en\\\/#\\\/schema\\\/logo\\\/image\\\/\"},\"sameAs\":[\"https:\\\/\\\/www.facebook.com\\\/pulso27\\\/\",\"https:\\\/\\\/x.com\\\/Pulso_27\",\"https:\\\/\\\/www.youtube.com\\\/@Pulso27\",\"https:\\\/\\\/www.tiktok.com\\\/@pulso_27\"]},{\"@type\":\"Person\",\"@id\":\"https:\\\/\\\/pulso27.com\\\/en\\\/#\\\/schema\\\/person\\\/e0da4cfacbab724cbf4ab44bcc030735\",\"name\":\"Editor\",\"image\":{\"@type\":\"ImageObject\",\"inLanguage\":\"es-PE\",\"@id\":\"https:\\\/\\\/pulso27.com\\\/wp-content\\\/uploads\\\/2025\\\/03\\\/c-150x150.png\",\"url\":\"https:\\\/\\\/pulso27.com\\\/wp-content\\\/uploads\\\/2025\\\/03\\\/c-150x150.png\",\"contentUrl\":\"https:\\\/\\\/pulso27.com\\\/wp-content\\\/uploads\\\/2025\\\/03\\\/c-150x150.png\",\"caption\":\"Editor\"},\"sameAs\":[\"http:\\\/\\\/www.pulso27.com\",\"https:\\\/\\\/www.facebook.com\\\/pulso27\",\"https:\\\/\\\/x.com\\\/https:\\\/\\\/x.com\\\/Pulso_27\",\"https:\\\/\\\/www.youtube.com\\\/@Pulso27\"],\"url\":\"https:\\\/\\\/pulso27.com\\\/es\\\/author\\\/editor\\\/\"}]}<\/script>\n<!-- \/ Yoast SEO plugin. -->","yoast_head_json":{"title":"Paro nacional de 72 horas de los transportistas del Per\u00fa preocupa a ciudadanos - Pulso27","robots":{"index":"index","follow":"follow","max-snippet":"max-snippet:-1","max-image-preview":"max-image-preview:large","max-video-preview":"max-video-preview:-1"},"canonical":"https:\/\/pulso27.com\/es\/nacional\/paro-nacional-de-72-horas-de-los-transportistas-del-peru-preocupa-a-ciudadanos\/","og_locale":"es_ES","og_type":"article","og_title":"Paro nacional de 72 horas de los transportistas del Per\u00fa preocupa a ciudadanos - Pulso27","og_description":"El pr\u00f3ximo paro de transportistas, anunciado para el jueves 10 de octubre y que se extender\u00e1 por 72 horas, ha generado preocupaci\u00f3n entre los ciudadanos de Lima y otras regiones del pa\u00eds debido al impacto que podr\u00eda tener en la movilidad y el abastecimiento de productos. A pesar de que algunos gremios importantes del transporte [&hellip;]","og_url":"https:\/\/pulso27.com\/es\/nacional\/paro-nacional-de-72-horas-de-los-transportistas-del-peru-preocupa-a-ciudadanos\/","og_site_name":"Pulso27","article_publisher":"https:\/\/www.facebook.com\/pulso27\/","article_author":"https:\/\/www.facebook.com\/pulso27","article_published_time":"2024-10-08T03:43:38+00:00","article_modified_time":"2024-10-21T04:08:14+00:00","og_image":[{"width":1000,"height":800,"url":"https:\/\/pulso27.com\/wp-content\/uploads\/2024\/10\/Transport.png","type":"image\/png"}],"author":"Editor","twitter_card":"summary_large_image","twitter_creator":"@https:\/\/x.com\/Pulso_27","twitter_site":"@Pulso_27","twitter_misc":{"Written by":"Editor","Est. reading time":"4 minutos"},"schema":{"@context":"https:\/\/schema.org","@graph":[{"@type":"Article","@id":"https:\/\/pulso27.com\/nacional\/paro-nacional-de-72-horas-de-los-transportistas-del-peru-preocupa-a-ciudadanos\/#article","isPartOf":{"@id":"https:\/\/pulso27.com\/nacional\/paro-nacional-de-72-horas-de-los-transportistas-del-peru-preocupa-a-ciudadanos\/"},"author":{"name":"Editor","@id":"https:\/\/pulso27.com\/en\/#\/schema\/person\/e0da4cfacbab724cbf4ab44bcc030735"},"headline":"Paro nacional de 72 horas de los transportistas del Per\u00fa preocupa a ciudadanos","datePublished":"2024-10-08T03:43:38+00:00","dateModified":"2024-10-21T04:08:14+00:00","mainEntityOfPage":{"@id":"https:\/\/pulso27.com\/nacional\/paro-nacional-de-72-horas-de-los-transportistas-del-peru-preocupa-a-ciudadanos\/"},"wordCount":718,"commentCount":0,"publisher":{"@id":"https:\/\/pulso27.com\/en\/#organization"},"image":{"@id":"https:\/\/pulso27.com\/nacional\/paro-nacional-de-72-horas-de-los-transportistas-del-peru-preocupa-a-ciudadanos\/#primaryimage"},"thumbnailUrl":"https:\/\/pulso27.com\/wp-content\/uploads\/2024\/10\/Transport.png","keywords":["MININTER","Paro72Horas","ParoDeTransportes","PNP","Transportes"],"articleSection":["Actualidad","Econom\u00eda","Nacional"],"inLanguage":"es-PE","potentialAction":[{"@type":"CommentAction","name":"Comment","target":["https:\/\/pulso27.com\/nacional\/paro-nacional-de-72-horas-de-los-transportistas-del-peru-preocupa-a-ciudadanos\/#respond"]}]},{"@type":"WebPage","@id":"https:\/\/pulso27.com\/nacional\/paro-nacional-de-72-horas-de-los-transportistas-del-peru-preocupa-a-ciudadanos\/","url":"https:\/\/pulso27.com\/nacional\/paro-nacional-de-72-horas-de-los-transportistas-del-peru-preocupa-a-ciudadanos\/","name":"Paro nacional de 72 horas de los transportistas del Per\u00fa preocupa a ciudadanos - Pulso27","isPartOf":{"@id":"https:\/\/pulso27.com\/en\/#website"},"primaryImageOfPage":{"@id":"https:\/\/pulso27.com\/nacional\/paro-nacional-de-72-horas-de-los-transportistas-del-peru-preocupa-a-ciudadanos\/#primaryimage"},"image":{"@id":"https:\/\/pulso27.com\/nacional\/paro-nacional-de-72-horas-de-los-transportistas-del-peru-preocupa-a-ciudadanos\/#primaryimage"},"thumbnailUrl":"https:\/\/pulso27.com\/wp-content\/uploads\/2024\/10\/Transport.png","datePublished":"2024-10-08T03:43:38+00:00","dateModified":"2024-10-21T04:08:14+00:00","breadcrumb":{"@id":"https:\/\/pulso27.com\/nacional\/paro-nacional-de-72-horas-de-los-transportistas-del-peru-preocupa-a-ciudadanos\/#breadcrumb"},"inLanguage":"es-PE","potentialAction":[{"@type":"ReadAction","target":["https:\/\/pulso27.com\/nacional\/paro-nacional-de-72-horas-de-los-transportistas-del-peru-preocupa-a-ciudadanos\/"]}]},{"@type":"ImageObject","inLanguage":"es-PE","@id":"https:\/\/pulso27.com\/nacional\/paro-nacional-de-72-horas-de-los-transportistas-del-peru-preocupa-a-ciudadanos\/#primaryimage","url":"https:\/\/pulso27.com\/wp-content\/uploads\/2024\/10\/Transport.png","contentUrl":"https:\/\/pulso27.com\/wp-content\/uploads\/2024\/10\/Transport.png","width":1000,"height":800},{"@type":"BreadcrumbList","@id":"https:\/\/pulso27.com\/nacional\/paro-nacional-de-72-horas-de-los-transportistas-del-peru-preocupa-a-ciudadanos\/#breadcrumb","itemListElement":[{"@type":"ListItem","position":1,"name":"Portada","item":"https:\/\/pulso27.com\/"},{"@type":"ListItem","position":2,"name":"Paro nacional de 72 horas de los transportistas del Per\u00fa preocupa a ciudadanos"}]},{"@type":"WebSite","@id":"https:\/\/pulso27.com\/en\/#website","url":"https:\/\/pulso27.com\/en\/","name":"Pulso27","description":"Web de noticias y publicidad","publisher":{"@id":"https:\/\/pulso27.com\/en\/#organization"},"alternateName":"El pulso del pueblo","potentialAction":[{"@type":"SearchAction","target":{"@type":"EntryPoint","urlTemplate":"https:\/\/pulso27.com\/en\/?s={search_term_string}"},"query-input":{"@type":"PropertyValueSpecification","valueRequired":true,"valueName":"search_term_string"}}],"inLanguage":"es-PE"},{"@type":"Organization","@id":"https:\/\/pulso27.com\/en\/#organization","name":"Pulso27","url":"https:\/\/pulso27.com\/en\/","logo":{"@type":"ImageObject","inLanguage":"es-PE","@id":"https:\/\/pulso27.com\/en\/#\/schema\/logo\/image\/","url":"https:\/\/pulso27.com\/wp-content\/uploads\/2026\/02\/Logotipo-de-la-organizacion-696-x-696-px-ok.png","contentUrl":"https:\/\/pulso27.com\/wp-content\/uploads\/2026\/02\/Logotipo-de-la-organizacion-696-x-696-px-ok.png","width":696,"height":696,"caption":"Pulso27"},"image":{"@id":"https:\/\/pulso27.com\/en\/#\/schema\/logo\/image\/"},"sameAs":["https:\/\/www.facebook.com\/pulso27\/","https:\/\/x.com\/Pulso_27","https:\/\/www.youtube.com\/@Pulso27","https:\/\/www.tiktok.com\/@pulso_27"]},{"@type":"Person","@id":"https:\/\/pulso27.com\/en\/#\/schema\/person\/e0da4cfacbab724cbf4ab44bcc030735","name":"Editor","image":{"@type":"ImageObject","inLanguage":"es-PE","@id":"https:\/\/pulso27.com\/wp-content\/uploads\/2025\/03\/c-150x150.png","url":"https:\/\/pulso27.com\/wp-content\/uploads\/2025\/03\/c-150x150.png","contentUrl":"https:\/\/pulso27.com\/wp-content\/uploads\/2025\/03\/c-150x150.png","caption":"Editor"},"sameAs":["http:\/\/www.pulso27.com","https:\/\/www.facebook.com\/pulso27","https:\/\/x.com\/https:\/\/x.com\/Pulso_27","https:\/\/www.youtube.com\/@Pulso27"],"url":"https:\/\/pulso27.com\/es\/author\/editor\/"}]}},"amp_enabled":true,"_links":{"self":[{"href":"https:\/\/pulso27.com\/es\/wp-json\/wp\/v2\/posts\/2221","targetHints":{"allow":["GET"]}}],"collection":[{"href":"https:\/\/pulso27.com\/es\/wp-json\/wp\/v2\/posts"}],"about":[{"href":"https:\/\/pulso27.com\/es\/wp-json\/wp\/v2\/types\/post"}],"author":[{"embeddable":true,"href":"https:\/\/pulso27.com\/es\/wp-json\/wp\/v2\/users\/11"}],"replies":[{"embeddable":true,"href":"https:\/\/pulso27.com\/es\/wp-json\/wp\/v2\/comments?post=2221"}],"version-history":[{"count":1,"href":"https:\/\/pulso27.com\/es\/wp-json\/wp\/v2\/posts\/2221\/revisions"}],"predecessor-version":[{"id":2226,"href":"https:\/\/pulso27.com\/es\/wp-json\/wp\/v2\/posts\/2221\/revisions\/2226"}],"wp:featuredmedia":[{"embeddable":true,"href":"https:\/\/pulso27.com\/es\/wp-json\/wp\/v2\/media\/2222"}],"wp:attachment":[{"href":"https:\/\/pulso27.com\/es\/wp-json\/wp\/v2\/media?parent=2221"}],"wp:term":[{"taxonomy":"category","embeddable":true,"href":"https:\/\/pulso27.com\/es\/wp-json\/wp\/v2\/categories?post=2221"},{"taxonomy":"post_tag","embeddable":true,"href":"https:\/\/pulso27.com\/es\/wp-json\/wp\/v2\/tags?post=2221"}],"curies":[{"name":"wp","href":"https:\/\/api.w.org\/{rel}","templated":true}]}}