{"id":2283,"date":"2024-10-12T09:06:10","date_gmt":"2024-10-12T04:06:10","guid":{"rendered":"https:\/\/pulso27.com\/?p=2283"},"modified":"2024-10-21T09:08:12","modified_gmt":"2024-10-21T04:08:12","slug":"transportistas-anuncian-paro-nacional-indefinido-por-falta-de-acuerdos-con-el-congreso","status":"publish","type":"post","link":"https:\/\/pulso27.com\/es\/actualidad\/transportistas-anuncian-paro-nacional-indefinido-por-falta-de-acuerdos-con-el-congreso\/","title":{"rendered":"Transportistas anuncian paro nacional indefinido por falta de acuerdos con el Congreso"},"content":{"rendered":"\n<p>El gremio de transportistas del Per\u00fa, liderado por Julio Campos, vicepresidente de la Alianza Nacional de Transportistas, ha anunciado la convocatoria de un paro nacional indefinido. La fecha de inicio ser\u00e1 determinada \u00aben el transcurso de la semana\u00bb tras llegar a un consenso entre los principales dirigentes del sector. Esta medida responde a la falta de acuerdo con el Congreso de la Rep\u00fablica respecto a la derogaci\u00f3n de la ley del \u00abcrimen organizado\u00bb, una norma que, seg\u00fan los transportistas, afecta directamente al sector y poblaci\u00f3n en general.<\/p>\n\n\n\n<p>En paralelo, Campos inform\u00f3 sobre la suspensi\u00f3n temporal del paro de 72 horas que deb\u00eda concluir el s\u00e1bado 12 de octubre. Seg\u00fan explic\u00f3, esta decisi\u00f3n se tom\u00f3 para coordinar con otros gremios y sectores, a fin de fortalecer la convocatoria del paro indefinido. Adem\u00e1s, no descart\u00f3 la posibilidad de sumar esfuerzos con los gremios que organizaron la primera marcha del 26 de septiembre, entre ellos los conductores formales.<\/p>\n\n\n\n<p>Esta nueva movilizaci\u00f3n podr\u00eda escalar las tensiones entre el gremio y el gobierno, con posibles repercusiones en la actividad econ\u00f3mica del pa\u00eds. Los transportistas aseguran que mantendr\u00e1n su postura firme hasta alcanzar un acuerdo que atienda sus demandas.<\/p>\n\n\n\n<p>Fuente: CanalN<\/p>\n\n\n\n<figure class=\"wp-block-embed is-type-video is-provider-youtube wp-block-embed-youtube wp-embed-aspect-16-9 wp-has-aspect-ratio\"><div class=\"wp-block-embed__wrapper\">\n<iframe loading=\"lazy\" title=\"Transportistas anuncian paro nacional indefinido por falta de acuerdos con el Congreso\" width=\"740\" height=\"416\" src=\"https:\/\/www.youtube.com\/embed\/pqAQthhKTy8?feature=oembed\" frameborder=\"0\" allow=\"accelerometer; autoplay; clipboard-write; encrypted-media; gyroscope; picture-in-picture; web-share\" referrerpolicy=\"strict-origin-when-cross-origin\" allowfullscreen><\/iframe>\n<\/div><figcaption class=\"wp-element-caption\">Conferencia de prensa trasmitida por canalN<\/figcaption><\/figure>\n","protected":false},"excerpt":{"rendered":"<p>El gremio de transportistas del Per\u00fa, liderado por Julio Campos, vicepresidente de la Alianza Nacional de Transportistas, ha anunciado la convocatoria de un paro nacional indefinido. La fecha de inicio ser\u00e1 determinada \u00aben el transcurso de la semana\u00bb tras llegar a un consenso entre los principales dirigentes del sector. Esta medida responde a la falta [&hellip;]<\/p>\n","protected":false},"author":13,"featured_media":2285,"comment_status":"open","ping_status":"open","sticky":false,"template":"","format":"standard","meta":{"footnotes":""},"categories":[183,174],"tags":[1124,1126,1123,1125],"class_list":["post-2283","post","type-post","status-publish","format-standard","has-post-thumbnail","hentry","category-actualidad","category-nacional","tag-leydelcrimenorganizado","tag-movilizacionnacional","tag-parodetransportistas","tag-paronacionalindefinido"],"yoast_head":"<!-- This site is optimized with the Yoast SEO plugin v27.4 - https:\/\/yoast.com\/product\/yoast-seo-wordpress\/ -->\n<title>Transportistas anuncian paro nacional indefinido por falta de acuerdos con el Congreso - Pulso27<\/title>\n<meta name=\"robots\" content=\"index, follow, max-snippet:-1, max-image-preview:large, max-video-preview:-1\" \/>\n<link rel=\"canonical\" href=\"https:\/\/pulso27.com\/es\/nacional\/transportistas-anuncian-paro-nacional-indefinido-por-falta-de-acuerdos-con-el-congreso\/\" \/>\n<meta property=\"og:locale\" content=\"es_ES\" \/>\n<meta property=\"og:type\" content=\"article\" \/>\n<meta property=\"og:title\" content=\"Transportistas anuncian paro nacional indefinido por falta de acuerdos con el Congreso - Pulso27\" \/>\n<meta property=\"og:description\" content=\"El gremio de transportistas del Per\u00fa, liderado por Julio Campos, vicepresidente de la Alianza Nacional de Transportistas, ha anunciado la convocatoria de un paro nacional indefinido. La fecha de inicio ser\u00e1 determinada \u00aben el transcurso de la semana\u00bb tras llegar a un consenso entre los principales dirigentes del sector. Esta medida responde a la falta [&hellip;]\" \/>\n<meta property=\"og:url\" content=\"https:\/\/pulso27.com\/es\/nacional\/transportistas-anuncian-paro-nacional-indefinido-por-falta-de-acuerdos-con-el-congreso\/\" \/>\n<meta property=\"og:site_name\" content=\"Pulso27\" \/>\n<meta property=\"article:publisher\" content=\"https:\/\/www.facebook.com\/pulso27\/\" \/>\n<meta property=\"article:published_time\" content=\"2024-10-12T04:06:10+00:00\" \/>\n<meta property=\"article:modified_time\" content=\"2024-10-21T04:08:12+00:00\" \/>\n<meta property=\"og:image\" content=\"https:\/\/pulso27.com\/wp-content\/uploads\/2024\/10\/Transportistass-1024x819.png\" \/>\n\t<meta property=\"og:image:width\" content=\"1024\" \/>\n\t<meta property=\"og:image:height\" content=\"819\" \/>\n\t<meta property=\"og:image:type\" content=\"image\/png\" \/>\n<meta name=\"author\" content=\"Redactor\" \/>\n<meta name=\"twitter:card\" content=\"summary_large_image\" \/>\n<meta name=\"twitter:creator\" content=\"@Pulso_27\" \/>\n<meta name=\"twitter:site\" content=\"@Pulso_27\" \/>\n<meta name=\"twitter:label1\" content=\"Written by\" \/>\n\t<meta name=\"twitter:data1\" content=\"Redactor\" \/>\n\t<meta name=\"twitter:label2\" content=\"Est. reading time\" \/>\n\t<meta name=\"twitter:data2\" content=\"2 minutos\" \/>\n<script type=\"application\/ld+json\" class=\"yoast-schema-graph\">{\"@context\":\"https:\\\/\\\/schema.org\",\"@graph\":[{\"@type\":\"Article\",\"@id\":\"https:\\\/\\\/pulso27.com\\\/nacional\\\/transportistas-anuncian-paro-nacional-indefinido-por-falta-de-acuerdos-con-el-congreso\\\/#article\",\"isPartOf\":{\"@id\":\"https:\\\/\\\/pulso27.com\\\/nacional\\\/transportistas-anuncian-paro-nacional-indefinido-por-falta-de-acuerdos-con-el-congreso\\\/\"},\"author\":{\"name\":\"Redactor\",\"@id\":\"https:\\\/\\\/pulso27.com\\\/en\\\/#\\\/schema\\\/person\\\/bf5ee161e6c87f6c7d57f5e689ef8526\"},\"headline\":\"Transportistas anuncian paro nacional indefinido por falta de acuerdos con el Congreso\",\"datePublished\":\"2024-10-12T04:06:10+00:00\",\"dateModified\":\"2024-10-21T04:08:12+00:00\",\"mainEntityOfPage\":{\"@id\":\"https:\\\/\\\/pulso27.com\\\/nacional\\\/transportistas-anuncian-paro-nacional-indefinido-por-falta-de-acuerdos-con-el-congreso\\\/\"},\"wordCount\":229,\"commentCount\":0,\"publisher\":{\"@id\":\"https:\\\/\\\/pulso27.com\\\/en\\\/#organization\"},\"image\":{\"@id\":\"https:\\\/\\\/pulso27.com\\\/nacional\\\/transportistas-anuncian-paro-nacional-indefinido-por-falta-de-acuerdos-con-el-congreso\\\/#primaryimage\"},\"thumbnailUrl\":\"https:\\\/\\\/pulso27.com\\\/wp-content\\\/uploads\\\/2024\\\/10\\\/Transportistass.png\",\"keywords\":[\"LeyDelCrimenOrganizado\",\"Movilizaci\u00f3nNacional\",\"ParoDeTransportistas\",\"ParoNacionalIndefinido\"],\"articleSection\":[\"Actualidad\",\"Nacional\"],\"inLanguage\":\"es-PE\",\"potentialAction\":[{\"@type\":\"CommentAction\",\"name\":\"Comment\",\"target\":[\"https:\\\/\\\/pulso27.com\\\/nacional\\\/transportistas-anuncian-paro-nacional-indefinido-por-falta-de-acuerdos-con-el-congreso\\\/#respond\"]}]},{\"@type\":\"WebPage\",\"@id\":\"https:\\\/\\\/pulso27.com\\\/nacional\\\/transportistas-anuncian-paro-nacional-indefinido-por-falta-de-acuerdos-con-el-congreso\\\/\",\"url\":\"https:\\\/\\\/pulso27.com\\\/nacional\\\/transportistas-anuncian-paro-nacional-indefinido-por-falta-de-acuerdos-con-el-congreso\\\/\",\"name\":\"Transportistas anuncian paro nacional indefinido por falta de acuerdos con el Congreso - Pulso27\",\"isPartOf\":{\"@id\":\"https:\\\/\\\/pulso27.com\\\/en\\\/#website\"},\"primaryImageOfPage\":{\"@id\":\"https:\\\/\\\/pulso27.com\\\/nacional\\\/transportistas-anuncian-paro-nacional-indefinido-por-falta-de-acuerdos-con-el-congreso\\\/#primaryimage\"},\"image\":{\"@id\":\"https:\\\/\\\/pulso27.com\\\/nacional\\\/transportistas-anuncian-paro-nacional-indefinido-por-falta-de-acuerdos-con-el-congreso\\\/#primaryimage\"},\"thumbnailUrl\":\"https:\\\/\\\/pulso27.com\\\/wp-content\\\/uploads\\\/2024\\\/10\\\/Transportistass.png\",\"datePublished\":\"2024-10-12T04:06:10+00:00\",\"dateModified\":\"2024-10-21T04:08:12+00:00\",\"breadcrumb\":{\"@id\":\"https:\\\/\\\/pulso27.com\\\/nacional\\\/transportistas-anuncian-paro-nacional-indefinido-por-falta-de-acuerdos-con-el-congreso\\\/#breadcrumb\"},\"inLanguage\":\"es-PE\",\"potentialAction\":[{\"@type\":\"ReadAction\",\"target\":[\"https:\\\/\\\/pulso27.com\\\/nacional\\\/transportistas-anuncian-paro-nacional-indefinido-por-falta-de-acuerdos-con-el-congreso\\\/\"]}]},{\"@type\":\"ImageObject\",\"inLanguage\":\"es-PE\",\"@id\":\"https:\\\/\\\/pulso27.com\\\/nacional\\\/transportistas-anuncian-paro-nacional-indefinido-por-falta-de-acuerdos-con-el-congreso\\\/#primaryimage\",\"url\":\"https:\\\/\\\/pulso27.com\\\/wp-content\\\/uploads\\\/2024\\\/10\\\/Transportistass.png\",\"contentUrl\":\"https:\\\/\\\/pulso27.com\\\/wp-content\\\/uploads\\\/2024\\\/10\\\/Transportistass.png\",\"width\":1706,\"height\":1365},{\"@type\":\"BreadcrumbList\",\"@id\":\"https:\\\/\\\/pulso27.com\\\/nacional\\\/transportistas-anuncian-paro-nacional-indefinido-por-falta-de-acuerdos-con-el-congreso\\\/#breadcrumb\",\"itemListElement\":[{\"@type\":\"ListItem\",\"position\":1,\"name\":\"Portada\",\"item\":\"https:\\\/\\\/pulso27.com\\\/\"},{\"@type\":\"ListItem\",\"position\":2,\"name\":\"Transportistas anuncian paro nacional indefinido por falta de acuerdos con el Congreso\"}]},{\"@type\":\"WebSite\",\"@id\":\"https:\\\/\\\/pulso27.com\\\/en\\\/#website\",\"url\":\"https:\\\/\\\/pulso27.com\\\/en\\\/\",\"name\":\"Pulso27\",\"description\":\"Web de noticias y publicidad\",\"publisher\":{\"@id\":\"https:\\\/\\\/pulso27.com\\\/en\\\/#organization\"},\"alternateName\":\"El pulso del pueblo\",\"potentialAction\":[{\"@type\":\"SearchAction\",\"target\":{\"@type\":\"EntryPoint\",\"urlTemplate\":\"https:\\\/\\\/pulso27.com\\\/en\\\/?s={search_term_string}\"},\"query-input\":{\"@type\":\"PropertyValueSpecification\",\"valueRequired\":true,\"valueName\":\"search_term_string\"}}],\"inLanguage\":\"es-PE\"},{\"@type\":\"Organization\",\"@id\":\"https:\\\/\\\/pulso27.com\\\/en\\\/#organization\",\"name\":\"Pulso27\",\"url\":\"https:\\\/\\\/pulso27.com\\\/en\\\/\",\"logo\":{\"@type\":\"ImageObject\",\"inLanguage\":\"es-PE\",\"@id\":\"https:\\\/\\\/pulso27.com\\\/en\\\/#\\\/schema\\\/logo\\\/image\\\/\",\"url\":\"https:\\\/\\\/pulso27.com\\\/wp-content\\\/uploads\\\/2026\\\/02\\\/Logotipo-de-la-organizacion-696-x-696-px-ok.png\",\"contentUrl\":\"https:\\\/\\\/pulso27.com\\\/wp-content\\\/uploads\\\/2026\\\/02\\\/Logotipo-de-la-organizacion-696-x-696-px-ok.png\",\"width\":696,\"height\":696,\"caption\":\"Pulso27\"},\"image\":{\"@id\":\"https:\\\/\\\/pulso27.com\\\/en\\\/#\\\/schema\\\/logo\\\/image\\\/\"},\"sameAs\":[\"https:\\\/\\\/www.facebook.com\\\/pulso27\\\/\",\"https:\\\/\\\/x.com\\\/Pulso_27\",\"https:\\\/\\\/www.youtube.com\\\/@Pulso27\",\"https:\\\/\\\/www.tiktok.com\\\/@pulso_27\"]},{\"@type\":\"Person\",\"@id\":\"https:\\\/\\\/pulso27.com\\\/en\\\/#\\\/schema\\\/person\\\/bf5ee161e6c87f6c7d57f5e689ef8526\",\"name\":\"Redactor\",\"image\":{\"@type\":\"ImageObject\",\"inLanguage\":\"es-PE\",\"@id\":\"https:\\\/\\\/pulso27.com\\\/wp-content\\\/uploads\\\/2025\\\/03\\\/a-150x150.png\",\"url\":\"https:\\\/\\\/pulso27.com\\\/wp-content\\\/uploads\\\/2025\\\/03\\\/a-150x150.png\",\"contentUrl\":\"https:\\\/\\\/pulso27.com\\\/wp-content\\\/uploads\\\/2025\\\/03\\\/a-150x150.png\",\"caption\":\"Redactor\"},\"sameAs\":[\"http:\\\/\\\/www.pulso27.com\"],\"url\":\"https:\\\/\\\/pulso27.com\\\/es\\\/author\\\/redactor\\\/\"}]}<\/script>\n<!-- \/ Yoast SEO plugin. -->","yoast_head_json":{"title":"Transportistas anuncian paro nacional indefinido por falta de acuerdos con el Congreso - Pulso27","robots":{"index":"index","follow":"follow","max-snippet":"max-snippet:-1","max-image-preview":"max-image-preview:large","max-video-preview":"max-video-preview:-1"},"canonical":"https:\/\/pulso27.com\/es\/nacional\/transportistas-anuncian-paro-nacional-indefinido-por-falta-de-acuerdos-con-el-congreso\/","og_locale":"es_ES","og_type":"article","og_title":"Transportistas anuncian paro nacional indefinido por falta de acuerdos con el Congreso - Pulso27","og_description":"El gremio de transportistas del Per\u00fa, liderado por Julio Campos, vicepresidente de la Alianza Nacional de Transportistas, ha anunciado la convocatoria de un paro nacional indefinido. La fecha de inicio ser\u00e1 determinada \u00aben el transcurso de la semana\u00bb tras llegar a un consenso entre los principales dirigentes del sector. Esta medida responde a la falta [&hellip;]","og_url":"https:\/\/pulso27.com\/es\/nacional\/transportistas-anuncian-paro-nacional-indefinido-por-falta-de-acuerdos-con-el-congreso\/","og_site_name":"Pulso27","article_publisher":"https:\/\/www.facebook.com\/pulso27\/","article_published_time":"2024-10-12T04:06:10+00:00","article_modified_time":"2024-10-21T04:08:12+00:00","og_image":[{"width":1024,"height":819,"url":"https:\/\/pulso27.com\/wp-content\/uploads\/2024\/10\/Transportistass-1024x819.png","type":"image\/png"}],"author":"Redactor","twitter_card":"summary_large_image","twitter_creator":"@Pulso_27","twitter_site":"@Pulso_27","twitter_misc":{"Written by":"Redactor","Est. reading time":"2 minutos"},"schema":{"@context":"https:\/\/schema.org","@graph":[{"@type":"Article","@id":"https:\/\/pulso27.com\/nacional\/transportistas-anuncian-paro-nacional-indefinido-por-falta-de-acuerdos-con-el-congreso\/#article","isPartOf":{"@id":"https:\/\/pulso27.com\/nacional\/transportistas-anuncian-paro-nacional-indefinido-por-falta-de-acuerdos-con-el-congreso\/"},"author":{"name":"Redactor","@id":"https:\/\/pulso27.com\/en\/#\/schema\/person\/bf5ee161e6c87f6c7d57f5e689ef8526"},"headline":"Transportistas anuncian paro nacional indefinido por falta de acuerdos con el Congreso","datePublished":"2024-10-12T04:06:10+00:00","dateModified":"2024-10-21T04:08:12+00:00","mainEntityOfPage":{"@id":"https:\/\/pulso27.com\/nacional\/transportistas-anuncian-paro-nacional-indefinido-por-falta-de-acuerdos-con-el-congreso\/"},"wordCount":229,"commentCount":0,"publisher":{"@id":"https:\/\/pulso27.com\/en\/#organization"},"image":{"@id":"https:\/\/pulso27.com\/nacional\/transportistas-anuncian-paro-nacional-indefinido-por-falta-de-acuerdos-con-el-congreso\/#primaryimage"},"thumbnailUrl":"https:\/\/pulso27.com\/wp-content\/uploads\/2024\/10\/Transportistass.png","keywords":["LeyDelCrimenOrganizado","Movilizaci\u00f3nNacional","ParoDeTransportistas","ParoNacionalIndefinido"],"articleSection":["Actualidad","Nacional"],"inLanguage":"es-PE","potentialAction":[{"@type":"CommentAction","name":"Comment","target":["https:\/\/pulso27.com\/nacional\/transportistas-anuncian-paro-nacional-indefinido-por-falta-de-acuerdos-con-el-congreso\/#respond"]}]},{"@type":"WebPage","@id":"https:\/\/pulso27.com\/nacional\/transportistas-anuncian-paro-nacional-indefinido-por-falta-de-acuerdos-con-el-congreso\/","url":"https:\/\/pulso27.com\/nacional\/transportistas-anuncian-paro-nacional-indefinido-por-falta-de-acuerdos-con-el-congreso\/","name":"Transportistas anuncian paro nacional indefinido por falta de acuerdos con el Congreso - Pulso27","isPartOf":{"@id":"https:\/\/pulso27.com\/en\/#website"},"primaryImageOfPage":{"@id":"https:\/\/pulso27.com\/nacional\/transportistas-anuncian-paro-nacional-indefinido-por-falta-de-acuerdos-con-el-congreso\/#primaryimage"},"image":{"@id":"https:\/\/pulso27.com\/nacional\/transportistas-anuncian-paro-nacional-indefinido-por-falta-de-acuerdos-con-el-congreso\/#primaryimage"},"thumbnailUrl":"https:\/\/pulso27.com\/wp-content\/uploads\/2024\/10\/Transportistass.png","datePublished":"2024-10-12T04:06:10+00:00","dateModified":"2024-10-21T04:08:12+00:00","breadcrumb":{"@id":"https:\/\/pulso27.com\/nacional\/transportistas-anuncian-paro-nacional-indefinido-por-falta-de-acuerdos-con-el-congreso\/#breadcrumb"},"inLanguage":"es-PE","potentialAction":[{"@type":"ReadAction","target":["https:\/\/pulso27.com\/nacional\/transportistas-anuncian-paro-nacional-indefinido-por-falta-de-acuerdos-con-el-congreso\/"]}]},{"@type":"ImageObject","inLanguage":"es-PE","@id":"https:\/\/pulso27.com\/nacional\/transportistas-anuncian-paro-nacional-indefinido-por-falta-de-acuerdos-con-el-congreso\/#primaryimage","url":"https:\/\/pulso27.com\/wp-content\/uploads\/2024\/10\/Transportistass.png","contentUrl":"https:\/\/pulso27.com\/wp-content\/uploads\/2024\/10\/Transportistass.png","width":1706,"height":1365},{"@type":"BreadcrumbList","@id":"https:\/\/pulso27.com\/nacional\/transportistas-anuncian-paro-nacional-indefinido-por-falta-de-acuerdos-con-el-congreso\/#breadcrumb","itemListElement":[{"@type":"ListItem","position":1,"name":"Portada","item":"https:\/\/pulso27.com\/"},{"@type":"ListItem","position":2,"name":"Transportistas anuncian paro nacional indefinido por falta de acuerdos con el Congreso"}]},{"@type":"WebSite","@id":"https:\/\/pulso27.com\/en\/#website","url":"https:\/\/pulso27.com\/en\/","name":"Pulso27","description":"Web de noticias y publicidad","publisher":{"@id":"https:\/\/pulso27.com\/en\/#organization"},"alternateName":"El pulso del pueblo","potentialAction":[{"@type":"SearchAction","target":{"@type":"EntryPoint","urlTemplate":"https:\/\/pulso27.com\/en\/?s={search_term_string}"},"query-input":{"@type":"PropertyValueSpecification","valueRequired":true,"valueName":"search_term_string"}}],"inLanguage":"es-PE"},{"@type":"Organization","@id":"https:\/\/pulso27.com\/en\/#organization","name":"Pulso27","url":"https:\/\/pulso27.com\/en\/","logo":{"@type":"ImageObject","inLanguage":"es-PE","@id":"https:\/\/pulso27.com\/en\/#\/schema\/logo\/image\/","url":"https:\/\/pulso27.com\/wp-content\/uploads\/2026\/02\/Logotipo-de-la-organizacion-696-x-696-px-ok.png","contentUrl":"https:\/\/pulso27.com\/wp-content\/uploads\/2026\/02\/Logotipo-de-la-organizacion-696-x-696-px-ok.png","width":696,"height":696,"caption":"Pulso27"},"image":{"@id":"https:\/\/pulso27.com\/en\/#\/schema\/logo\/image\/"},"sameAs":["https:\/\/www.facebook.com\/pulso27\/","https:\/\/x.com\/Pulso_27","https:\/\/www.youtube.com\/@Pulso27","https:\/\/www.tiktok.com\/@pulso_27"]},{"@type":"Person","@id":"https:\/\/pulso27.com\/en\/#\/schema\/person\/bf5ee161e6c87f6c7d57f5e689ef8526","name":"Redactor","image":{"@type":"ImageObject","inLanguage":"es-PE","@id":"https:\/\/pulso27.com\/wp-content\/uploads\/2025\/03\/a-150x150.png","url":"https:\/\/pulso27.com\/wp-content\/uploads\/2025\/03\/a-150x150.png","contentUrl":"https:\/\/pulso27.com\/wp-content\/uploads\/2025\/03\/a-150x150.png","caption":"Redactor"},"sameAs":["http:\/\/www.pulso27.com"],"url":"https:\/\/pulso27.com\/es\/author\/redactor\/"}]}},"amp_enabled":true,"_links":{"self":[{"href":"https:\/\/pulso27.com\/es\/wp-json\/wp\/v2\/posts\/2283","targetHints":{"allow":["GET"]}}],"collection":[{"href":"https:\/\/pulso27.com\/es\/wp-json\/wp\/v2\/posts"}],"about":[{"href":"https:\/\/pulso27.com\/es\/wp-json\/wp\/v2\/types\/post"}],"author":[{"embeddable":true,"href":"https:\/\/pulso27.com\/es\/wp-json\/wp\/v2\/users\/13"}],"replies":[{"embeddable":true,"href":"https:\/\/pulso27.com\/es\/wp-json\/wp\/v2\/comments?post=2283"}],"version-history":[{"count":3,"href":"https:\/\/pulso27.com\/es\/wp-json\/wp\/v2\/posts\/2283\/revisions"}],"predecessor-version":[{"id":2293,"href":"https:\/\/pulso27.com\/es\/wp-json\/wp\/v2\/posts\/2283\/revisions\/2293"}],"wp:featuredmedia":[{"embeddable":true,"href":"https:\/\/pulso27.com\/es\/wp-json\/wp\/v2\/media\/2285"}],"wp:attachment":[{"href":"https:\/\/pulso27.com\/es\/wp-json\/wp\/v2\/media?parent=2283"}],"wp:term":[{"taxonomy":"category","embeddable":true,"href":"https:\/\/pulso27.com\/es\/wp-json\/wp\/v2\/categories?post=2283"},{"taxonomy":"post_tag","embeddable":true,"href":"https:\/\/pulso27.com\/es\/wp-json\/wp\/v2\/tags?post=2283"}],"curies":[{"name":"wp","href":"https:\/\/api.w.org\/{rel}","templated":true}]}}