{"id":2390,"date":"2024-10-16T11:54:14","date_gmt":"2024-10-16T06:54:14","guid":{"rendered":"https:\/\/pulso27.com\/?p=2390"},"modified":"2024-10-21T09:08:07","modified_gmt":"2024-10-21T04:08:07","slug":"nuevo-paro-nacional-contra-el-crimen-organizado-y-la-ley-del-terrorismo-urbano","status":"publish","type":"post","link":"https:\/\/pulso27.com\/es\/nacional\/nuevo-paro-nacional-contra-el-crimen-organizado-y-la-ley-del-terrorismo-urbano\/","title":{"rendered":"Nuevo Paro Nacional contra el Crimen Organizado y la Ley del Terrorismo Urbano"},"content":{"rendered":"\n<p>El gremio de transportistas de Per\u00fa, en coordinaci\u00f3n con las principales organizaciones sociales del pa\u00eds, ha anunciado un nuevo paro nacional para el pr\u00f3ximo mi\u00e9rcoles 23 de octubre, en protesta contra la creciente ola de extorsi\u00f3n y asesinatos que afecta a su sector, as\u00ed como en rechazo a la Ley N\u00ba 32108 y el proyecto de Ley de Terrorismo Urbano, que consideran una amenaza para su seguridad. El comit\u00e9 organizador ha expresado su descontento con las autoridades, acusando tanto a la Autoridad de Transporte Urbano para Lima y Callao (ATU), el Ministerio de Transportes y Comunicaciones (MTC) y el Ministerio del Interior de promover una \u00abcampa\u00f1a de divisi\u00f3n y confusi\u00f3n\u00bb en su contra.<\/p>\n\n\n\n<figure class=\"wp-block-image size-full is-resized\"><img loading=\"lazy\" decoding=\"async\" width=\"640\" height=\"375\" src=\"https:\/\/pulso27.com\/wp-content\/uploads\/2024\/10\/image-22.png\" alt=\"\" class=\"wp-image-2392\" style=\"width:740px;height:auto\" srcset=\"https:\/\/pulso27.com\/wp-content\/uploads\/2024\/10\/image-22.png 640w, https:\/\/pulso27.com\/wp-content\/uploads\/2024\/10\/image-22-300x176.png 300w, https:\/\/pulso27.com\/wp-content\/uploads\/2024\/10\/image-22-18x12.png 18w\" sizes=\"auto, (max-width: 640px) 100vw, 640px\" \/><figcaption class=\"wp-element-caption\"><em>Comunicado del Comit\u00e9 de Gremios de Transportistas del Per\u00fa<\/em><\/figcaption><\/figure>\n\n\n\n<p>Esta convocatoria se produce tras la reciente movilizaci\u00f3n del 10 y 11 de octubre, que, aunque masiva, no logr\u00f3 que el Congreso derogara la ley N\u00ba 32108 ni archivara los proyectos sobre terrorismo urbano. Los promotores del paro nacional, que ahora no son solamente los transportistas, afirman que estas normativas solo buscan \u00abreprimir las protestas\u00bb y acusan al gobierno de ignorar el \u00abclamor nacional a favor de la vida\u00bb frente a la violencia y el crimen organizado, que sigue extorsionando a conductores y empresas del sector.<\/p>\n\n\n\n<p>Miguel Palomino, presidente de la Asociaci\u00f3n Nacional de Conductores, confirm\u00f3 en declaraciones a medios nacionales que la medida de fuerza se llevar\u00e1 a cabo el pr\u00f3ximo mi\u00e9rcoles 23 de octubre, subrayando que su gremio, que agrupa a 11 millones de conductores, ha llegado a un acuerdo nacional para iniciar el paro en esa fecha. \u00abNos atacan a diestra y siniestra, nos exigen cupos. El pa\u00eds est\u00e1 en zozobra\u00bb, advirti\u00f3, denunciando la inacci\u00f3n tanto del Poder Ejecutivo como del Congreso de la Rep\u00fablica ante los crecientes ataques por parte de sicarios y extorsionadores.<\/p>\n\n\n\n<p class=\"has-text-align-center has-white-color has-text-color has-background has-link-color has-medium-font-size wp-elements-98f0282594ed4dd49a3118edf07ecd57\" style=\"background-color:#051e8e;font-style:normal;font-weight:900\">Nuevo Paro Nacional del pr\u00f3ximo mi\u00e9rcoles 23 de octubre, es contra la creciente ola de extorsi\u00f3n y asesinatos que afecta a Lima y principales ciudades del Per\u00fa, as\u00ed como en rechazo a la Ley N\u00ba 32108 y el proyecto de Ley de Terrorismo Urbano<\/p>\n\n\n\n<p>Por su parte, otros gremios de transporte, como la Asociaci\u00f3n Nacional de Transportes Terrestres y Afines para Movilidad Integral (ASOTRAMI), han respaldado la convocatoria y subrayan que esta nueva paralizaci\u00f3n ser\u00e1 de \u00abmayor envergadura\u00bb. Adem\u00e1s, anunciaron la creaci\u00f3n de la Coordinadora Nacional de Lucha, la cual se reunir\u00e1 el 17 de octubre para organizar el paro y coordinar acciones a nivel nacional.<\/p>\n\n\n\n<p>Este Paro Nacional cuenta con el respaldo de diversos sectores econ\u00f3micos, incluyendo comerciantes de mercados, empresarios de Gamarra, taxistas, colectiveros y asociaciones de farmacias, quienes tambi\u00e9n participaron en la paralizaci\u00f3n de principios de octubre.<\/p>\n\n\n\n<p>Este nuevo llamado a movilizaci\u00f3n promete aumentar la presi\u00f3n sobre el gobierno y el Congreso para que tomen medidas concretas en respuesta a las demandas del sector de transporte, que exige protecci\u00f3n ante la creciente inseguridad y la derogaci\u00f3n de leyes que, seg\u00fan ellos, benefician al crimen organizado y limitan sus derechos a protestar.<\/p>\n\n\n\n<p>Otro factor que aglutina las protestas es la creciente desaprobaci\u00f3n de la presidenta en funciones Dina Boluarte y sus ministros de Estado, que estar\u00edan alcanzando solamente unos 2.5% de aprobaci\u00f3n, pero se mantiene con el respaldo de partidos dudosos como Fuerza Popular, Per\u00fa Libre, Alianza Para el Progreso, Podemos, Renovaci\u00f3n Popular, Avanza Pa\u00eds, Acci\u00f3n Popular y otros.<\/p>\n","protected":false},"excerpt":{"rendered":"<p>El gremio de transportistas de Per\u00fa, en coordinaci\u00f3n con las principales organizaciones sociales del pa\u00eds, ha anunciado un nuevo paro nacional para el pr\u00f3ximo mi\u00e9rcoles 23 de octubre, en protesta contra la creciente ola de extorsi\u00f3n y asesinatos que afecta a su sector, as\u00ed como en rechazo a la Ley N\u00ba 32108 y el proyecto [&hellip;]<\/p>\n","protected":false},"author":7,"featured_media":2393,"comment_status":"open","ping_status":"open","sticky":false,"template":"","format":"standard","meta":{"footnotes":""},"categories":[183,174],"tags":[1837,1123,1572],"class_list":["post-2390","post","type-post","status-publish","format-standard","has-post-thumbnail","hentry","category-actualidad","category-nacional","tag-23deoctubre","tag-parodetransportistas","tag-paronacional"],"yoast_head":"<!-- This site is optimized with the Yoast SEO plugin v27.4 - https:\/\/yoast.com\/product\/yoast-seo-wordpress\/ -->\n<title>Nuevo Paro Nacional contra el Crimen Organizado y la Ley del Terrorismo Urbano - Pulso27<\/title>\n<meta name=\"robots\" content=\"index, follow, max-snippet:-1, max-image-preview:large, max-video-preview:-1\" \/>\n<link rel=\"canonical\" href=\"https:\/\/pulso27.com\/es\/nacional\/nuevo-paro-nacional-contra-el-crimen-organizado-y-la-ley-del-terrorismo-urbano\/\" \/>\n<meta property=\"og:locale\" content=\"es_ES\" \/>\n<meta property=\"og:type\" content=\"article\" \/>\n<meta property=\"og:title\" content=\"Nuevo Paro Nacional contra el Crimen Organizado y la Ley del Terrorismo Urbano - Pulso27\" \/>\n<meta property=\"og:description\" content=\"El gremio de transportistas de Per\u00fa, en coordinaci\u00f3n con las principales organizaciones sociales del pa\u00eds, ha anunciado un nuevo paro nacional para el pr\u00f3ximo mi\u00e9rcoles 23 de octubre, en protesta contra la creciente ola de extorsi\u00f3n y asesinatos que afecta a su sector, as\u00ed como en rechazo a la Ley N\u00ba 32108 y el proyecto [&hellip;]\" \/>\n<meta property=\"og:url\" content=\"https:\/\/pulso27.com\/es\/nacional\/nuevo-paro-nacional-contra-el-crimen-organizado-y-la-ley-del-terrorismo-urbano\/\" \/>\n<meta property=\"og:site_name\" content=\"Pulso27\" \/>\n<meta property=\"article:publisher\" content=\"https:\/\/www.facebook.com\/pulso27\/\" \/>\n<meta property=\"article:published_time\" content=\"2024-10-16T06:54:14+00:00\" \/>\n<meta property=\"article:modified_time\" content=\"2024-10-21T04:08:07+00:00\" \/>\n<meta property=\"og:image\" content=\"https:\/\/pulso27.com\/wp-content\/uploads\/2024\/10\/Paro23.png\" \/>\n\t<meta property=\"og:image:width\" content=\"1200\" \/>\n\t<meta property=\"og:image:height\" content=\"675\" \/>\n\t<meta property=\"og:image:type\" content=\"image\/png\" \/>\n<meta name=\"author\" content=\"Tupaq\" \/>\n<meta name=\"twitter:card\" content=\"summary_large_image\" \/>\n<meta name=\"twitter:creator\" content=\"@Pulso_27\" \/>\n<meta name=\"twitter:site\" content=\"@Pulso_27\" \/>\n<meta name=\"twitter:label1\" content=\"Written by\" \/>\n\t<meta name=\"twitter:data1\" content=\"Tupaq\" \/>\n\t<meta name=\"twitter:label2\" content=\"Est. reading time\" \/>\n\t<meta name=\"twitter:data2\" content=\"3 minutos\" \/>\n<script type=\"application\/ld+json\" class=\"yoast-schema-graph\">{\"@context\":\"https:\\\/\\\/schema.org\",\"@graph\":[{\"@type\":\"Article\",\"@id\":\"https:\\\/\\\/pulso27.com\\\/nacional\\\/nuevo-paro-nacional-contra-el-crimen-organizado-y-la-ley-del-terrorismo-urbano\\\/#article\",\"isPartOf\":{\"@id\":\"https:\\\/\\\/pulso27.com\\\/nacional\\\/nuevo-paro-nacional-contra-el-crimen-organizado-y-la-ley-del-terrorismo-urbano\\\/\"},\"author\":{\"name\":\"Tupaq\",\"@id\":\"https:\\\/\\\/pulso27.com\\\/en\\\/#\\\/schema\\\/person\\\/d20fd7f5bc7f2e53fd150d43fca07a78\"},\"headline\":\"Nuevo Paro Nacional contra el Crimen Organizado y la Ley del Terrorismo Urbano\",\"datePublished\":\"2024-10-16T06:54:14+00:00\",\"dateModified\":\"2024-10-21T04:08:07+00:00\",\"mainEntityOfPage\":{\"@id\":\"https:\\\/\\\/pulso27.com\\\/nacional\\\/nuevo-paro-nacional-contra-el-crimen-organizado-y-la-ley-del-terrorismo-urbano\\\/\"},\"wordCount\":589,\"commentCount\":0,\"publisher\":{\"@id\":\"https:\\\/\\\/pulso27.com\\\/en\\\/#organization\"},\"image\":{\"@id\":\"https:\\\/\\\/pulso27.com\\\/nacional\\\/nuevo-paro-nacional-contra-el-crimen-organizado-y-la-ley-del-terrorismo-urbano\\\/#primaryimage\"},\"thumbnailUrl\":\"https:\\\/\\\/pulso27.com\\\/wp-content\\\/uploads\\\/2024\\\/10\\\/Paro23.png\",\"keywords\":[\"23DeOctubre\",\"ParoDeTransportistas\",\"ParoNacional\"],\"articleSection\":[\"Actualidad\",\"Nacional\"],\"inLanguage\":\"es-PE\",\"potentialAction\":[{\"@type\":\"CommentAction\",\"name\":\"Comment\",\"target\":[\"https:\\\/\\\/pulso27.com\\\/nacional\\\/nuevo-paro-nacional-contra-el-crimen-organizado-y-la-ley-del-terrorismo-urbano\\\/#respond\"]}]},{\"@type\":\"WebPage\",\"@id\":\"https:\\\/\\\/pulso27.com\\\/nacional\\\/nuevo-paro-nacional-contra-el-crimen-organizado-y-la-ley-del-terrorismo-urbano\\\/\",\"url\":\"https:\\\/\\\/pulso27.com\\\/nacional\\\/nuevo-paro-nacional-contra-el-crimen-organizado-y-la-ley-del-terrorismo-urbano\\\/\",\"name\":\"Nuevo Paro Nacional contra el Crimen Organizado y la Ley del Terrorismo Urbano - Pulso27\",\"isPartOf\":{\"@id\":\"https:\\\/\\\/pulso27.com\\\/en\\\/#website\"},\"primaryImageOfPage\":{\"@id\":\"https:\\\/\\\/pulso27.com\\\/nacional\\\/nuevo-paro-nacional-contra-el-crimen-organizado-y-la-ley-del-terrorismo-urbano\\\/#primaryimage\"},\"image\":{\"@id\":\"https:\\\/\\\/pulso27.com\\\/nacional\\\/nuevo-paro-nacional-contra-el-crimen-organizado-y-la-ley-del-terrorismo-urbano\\\/#primaryimage\"},\"thumbnailUrl\":\"https:\\\/\\\/pulso27.com\\\/wp-content\\\/uploads\\\/2024\\\/10\\\/Paro23.png\",\"datePublished\":\"2024-10-16T06:54:14+00:00\",\"dateModified\":\"2024-10-21T04:08:07+00:00\",\"breadcrumb\":{\"@id\":\"https:\\\/\\\/pulso27.com\\\/nacional\\\/nuevo-paro-nacional-contra-el-crimen-organizado-y-la-ley-del-terrorismo-urbano\\\/#breadcrumb\"},\"inLanguage\":\"es-PE\",\"potentialAction\":[{\"@type\":\"ReadAction\",\"target\":[\"https:\\\/\\\/pulso27.com\\\/nacional\\\/nuevo-paro-nacional-contra-el-crimen-organizado-y-la-ley-del-terrorismo-urbano\\\/\"]}]},{\"@type\":\"ImageObject\",\"inLanguage\":\"es-PE\",\"@id\":\"https:\\\/\\\/pulso27.com\\\/nacional\\\/nuevo-paro-nacional-contra-el-crimen-organizado-y-la-ley-del-terrorismo-urbano\\\/#primaryimage\",\"url\":\"https:\\\/\\\/pulso27.com\\\/wp-content\\\/uploads\\\/2024\\\/10\\\/Paro23.png\",\"contentUrl\":\"https:\\\/\\\/pulso27.com\\\/wp-content\\\/uploads\\\/2024\\\/10\\\/Paro23.png\",\"width\":1200,\"height\":675},{\"@type\":\"BreadcrumbList\",\"@id\":\"https:\\\/\\\/pulso27.com\\\/nacional\\\/nuevo-paro-nacional-contra-el-crimen-organizado-y-la-ley-del-terrorismo-urbano\\\/#breadcrumb\",\"itemListElement\":[{\"@type\":\"ListItem\",\"position\":1,\"name\":\"Portada\",\"item\":\"https:\\\/\\\/pulso27.com\\\/\"},{\"@type\":\"ListItem\",\"position\":2,\"name\":\"Nuevo Paro Nacional contra el Crimen Organizado y la Ley del Terrorismo Urbano\"}]},{\"@type\":\"WebSite\",\"@id\":\"https:\\\/\\\/pulso27.com\\\/en\\\/#website\",\"url\":\"https:\\\/\\\/pulso27.com\\\/en\\\/\",\"name\":\"Pulso27\",\"description\":\"Web de noticias y publicidad\",\"publisher\":{\"@id\":\"https:\\\/\\\/pulso27.com\\\/en\\\/#organization\"},\"alternateName\":\"El pulso del pueblo\",\"potentialAction\":[{\"@type\":\"SearchAction\",\"target\":{\"@type\":\"EntryPoint\",\"urlTemplate\":\"https:\\\/\\\/pulso27.com\\\/en\\\/?s={search_term_string}\"},\"query-input\":{\"@type\":\"PropertyValueSpecification\",\"valueRequired\":true,\"valueName\":\"search_term_string\"}}],\"inLanguage\":\"es-PE\"},{\"@type\":\"Organization\",\"@id\":\"https:\\\/\\\/pulso27.com\\\/en\\\/#organization\",\"name\":\"Pulso27\",\"url\":\"https:\\\/\\\/pulso27.com\\\/en\\\/\",\"logo\":{\"@type\":\"ImageObject\",\"inLanguage\":\"es-PE\",\"@id\":\"https:\\\/\\\/pulso27.com\\\/en\\\/#\\\/schema\\\/logo\\\/image\\\/\",\"url\":\"https:\\\/\\\/pulso27.com\\\/wp-content\\\/uploads\\\/2026\\\/02\\\/Logotipo-de-la-organizacion-696-x-696-px-ok.png\",\"contentUrl\":\"https:\\\/\\\/pulso27.com\\\/wp-content\\\/uploads\\\/2026\\\/02\\\/Logotipo-de-la-organizacion-696-x-696-px-ok.png\",\"width\":696,\"height\":696,\"caption\":\"Pulso27\"},\"image\":{\"@id\":\"https:\\\/\\\/pulso27.com\\\/en\\\/#\\\/schema\\\/logo\\\/image\\\/\"},\"sameAs\":[\"https:\\\/\\\/www.facebook.com\\\/pulso27\\\/\",\"https:\\\/\\\/x.com\\\/Pulso_27\",\"https:\\\/\\\/www.youtube.com\\\/@Pulso27\",\"https:\\\/\\\/www.tiktok.com\\\/@pulso_27\"]},{\"@type\":\"Person\",\"@id\":\"https:\\\/\\\/pulso27.com\\\/en\\\/#\\\/schema\\\/person\\\/d20fd7f5bc7f2e53fd150d43fca07a78\",\"name\":\"Tupaq\",\"image\":{\"@type\":\"ImageObject\",\"inLanguage\":\"es-PE\",\"@id\":\"https:\\\/\\\/secure.gravatar.com\\\/avatar\\\/7929e9b034aeea560319a601e4f04c59eb5f45a79eafe192adabb67e9604e7e7?s=96&d=mm&r=g\",\"url\":\"https:\\\/\\\/secure.gravatar.com\\\/avatar\\\/7929e9b034aeea560319a601e4f04c59eb5f45a79eafe192adabb67e9604e7e7?s=96&d=mm&r=g\",\"contentUrl\":\"https:\\\/\\\/secure.gravatar.com\\\/avatar\\\/7929e9b034aeea560319a601e4f04c59eb5f45a79eafe192adabb67e9604e7e7?s=96&d=mm&r=g\",\"caption\":\"Tupaq\"},\"url\":\"https:\\\/\\\/pulso27.com\\\/es\\\/author\\\/tupaq\\\/\"}]}<\/script>\n<!-- \/ Yoast SEO plugin. -->","yoast_head_json":{"title":"Nuevo Paro Nacional contra el Crimen Organizado y la Ley del Terrorismo Urbano - Pulso27","robots":{"index":"index","follow":"follow","max-snippet":"max-snippet:-1","max-image-preview":"max-image-preview:large","max-video-preview":"max-video-preview:-1"},"canonical":"https:\/\/pulso27.com\/es\/nacional\/nuevo-paro-nacional-contra-el-crimen-organizado-y-la-ley-del-terrorismo-urbano\/","og_locale":"es_ES","og_type":"article","og_title":"Nuevo Paro Nacional contra el Crimen Organizado y la Ley del Terrorismo Urbano - Pulso27","og_description":"El gremio de transportistas de Per\u00fa, en coordinaci\u00f3n con las principales organizaciones sociales del pa\u00eds, ha anunciado un nuevo paro nacional para el pr\u00f3ximo mi\u00e9rcoles 23 de octubre, en protesta contra la creciente ola de extorsi\u00f3n y asesinatos que afecta a su sector, as\u00ed como en rechazo a la Ley N\u00ba 32108 y el proyecto [&hellip;]","og_url":"https:\/\/pulso27.com\/es\/nacional\/nuevo-paro-nacional-contra-el-crimen-organizado-y-la-ley-del-terrorismo-urbano\/","og_site_name":"Pulso27","article_publisher":"https:\/\/www.facebook.com\/pulso27\/","article_published_time":"2024-10-16T06:54:14+00:00","article_modified_time":"2024-10-21T04:08:07+00:00","og_image":[{"width":1200,"height":675,"url":"https:\/\/pulso27.com\/wp-content\/uploads\/2024\/10\/Paro23.png","type":"image\/png"}],"author":"Tupaq","twitter_card":"summary_large_image","twitter_creator":"@Pulso_27","twitter_site":"@Pulso_27","twitter_misc":{"Written by":"Tupaq","Est. reading time":"3 minutos"},"schema":{"@context":"https:\/\/schema.org","@graph":[{"@type":"Article","@id":"https:\/\/pulso27.com\/nacional\/nuevo-paro-nacional-contra-el-crimen-organizado-y-la-ley-del-terrorismo-urbano\/#article","isPartOf":{"@id":"https:\/\/pulso27.com\/nacional\/nuevo-paro-nacional-contra-el-crimen-organizado-y-la-ley-del-terrorismo-urbano\/"},"author":{"name":"Tupaq","@id":"https:\/\/pulso27.com\/en\/#\/schema\/person\/d20fd7f5bc7f2e53fd150d43fca07a78"},"headline":"Nuevo Paro Nacional contra el Crimen Organizado y la Ley del Terrorismo Urbano","datePublished":"2024-10-16T06:54:14+00:00","dateModified":"2024-10-21T04:08:07+00:00","mainEntityOfPage":{"@id":"https:\/\/pulso27.com\/nacional\/nuevo-paro-nacional-contra-el-crimen-organizado-y-la-ley-del-terrorismo-urbano\/"},"wordCount":589,"commentCount":0,"publisher":{"@id":"https:\/\/pulso27.com\/en\/#organization"},"image":{"@id":"https:\/\/pulso27.com\/nacional\/nuevo-paro-nacional-contra-el-crimen-organizado-y-la-ley-del-terrorismo-urbano\/#primaryimage"},"thumbnailUrl":"https:\/\/pulso27.com\/wp-content\/uploads\/2024\/10\/Paro23.png","keywords":["23DeOctubre","ParoDeTransportistas","ParoNacional"],"articleSection":["Actualidad","Nacional"],"inLanguage":"es-PE","potentialAction":[{"@type":"CommentAction","name":"Comment","target":["https:\/\/pulso27.com\/nacional\/nuevo-paro-nacional-contra-el-crimen-organizado-y-la-ley-del-terrorismo-urbano\/#respond"]}]},{"@type":"WebPage","@id":"https:\/\/pulso27.com\/nacional\/nuevo-paro-nacional-contra-el-crimen-organizado-y-la-ley-del-terrorismo-urbano\/","url":"https:\/\/pulso27.com\/nacional\/nuevo-paro-nacional-contra-el-crimen-organizado-y-la-ley-del-terrorismo-urbano\/","name":"Nuevo Paro Nacional contra el Crimen Organizado y la Ley del Terrorismo Urbano - Pulso27","isPartOf":{"@id":"https:\/\/pulso27.com\/en\/#website"},"primaryImageOfPage":{"@id":"https:\/\/pulso27.com\/nacional\/nuevo-paro-nacional-contra-el-crimen-organizado-y-la-ley-del-terrorismo-urbano\/#primaryimage"},"image":{"@id":"https:\/\/pulso27.com\/nacional\/nuevo-paro-nacional-contra-el-crimen-organizado-y-la-ley-del-terrorismo-urbano\/#primaryimage"},"thumbnailUrl":"https:\/\/pulso27.com\/wp-content\/uploads\/2024\/10\/Paro23.png","datePublished":"2024-10-16T06:54:14+00:00","dateModified":"2024-10-21T04:08:07+00:00","breadcrumb":{"@id":"https:\/\/pulso27.com\/nacional\/nuevo-paro-nacional-contra-el-crimen-organizado-y-la-ley-del-terrorismo-urbano\/#breadcrumb"},"inLanguage":"es-PE","potentialAction":[{"@type":"ReadAction","target":["https:\/\/pulso27.com\/nacional\/nuevo-paro-nacional-contra-el-crimen-organizado-y-la-ley-del-terrorismo-urbano\/"]}]},{"@type":"ImageObject","inLanguage":"es-PE","@id":"https:\/\/pulso27.com\/nacional\/nuevo-paro-nacional-contra-el-crimen-organizado-y-la-ley-del-terrorismo-urbano\/#primaryimage","url":"https:\/\/pulso27.com\/wp-content\/uploads\/2024\/10\/Paro23.png","contentUrl":"https:\/\/pulso27.com\/wp-content\/uploads\/2024\/10\/Paro23.png","width":1200,"height":675},{"@type":"BreadcrumbList","@id":"https:\/\/pulso27.com\/nacional\/nuevo-paro-nacional-contra-el-crimen-organizado-y-la-ley-del-terrorismo-urbano\/#breadcrumb","itemListElement":[{"@type":"ListItem","position":1,"name":"Portada","item":"https:\/\/pulso27.com\/"},{"@type":"ListItem","position":2,"name":"Nuevo Paro Nacional contra el Crimen Organizado y la Ley del Terrorismo Urbano"}]},{"@type":"WebSite","@id":"https:\/\/pulso27.com\/en\/#website","url":"https:\/\/pulso27.com\/en\/","name":"Pulso27","description":"Web de noticias y publicidad","publisher":{"@id":"https:\/\/pulso27.com\/en\/#organization"},"alternateName":"El pulso del pueblo","potentialAction":[{"@type":"SearchAction","target":{"@type":"EntryPoint","urlTemplate":"https:\/\/pulso27.com\/en\/?s={search_term_string}"},"query-input":{"@type":"PropertyValueSpecification","valueRequired":true,"valueName":"search_term_string"}}],"inLanguage":"es-PE"},{"@type":"Organization","@id":"https:\/\/pulso27.com\/en\/#organization","name":"Pulso27","url":"https:\/\/pulso27.com\/en\/","logo":{"@type":"ImageObject","inLanguage":"es-PE","@id":"https:\/\/pulso27.com\/en\/#\/schema\/logo\/image\/","url":"https:\/\/pulso27.com\/wp-content\/uploads\/2026\/02\/Logotipo-de-la-organizacion-696-x-696-px-ok.png","contentUrl":"https:\/\/pulso27.com\/wp-content\/uploads\/2026\/02\/Logotipo-de-la-organizacion-696-x-696-px-ok.png","width":696,"height":696,"caption":"Pulso27"},"image":{"@id":"https:\/\/pulso27.com\/en\/#\/schema\/logo\/image\/"},"sameAs":["https:\/\/www.facebook.com\/pulso27\/","https:\/\/x.com\/Pulso_27","https:\/\/www.youtube.com\/@Pulso27","https:\/\/www.tiktok.com\/@pulso_27"]},{"@type":"Person","@id":"https:\/\/pulso27.com\/en\/#\/schema\/person\/d20fd7f5bc7f2e53fd150d43fca07a78","name":"Tupaq","image":{"@type":"ImageObject","inLanguage":"es-PE","@id":"https:\/\/secure.gravatar.com\/avatar\/7929e9b034aeea560319a601e4f04c59eb5f45a79eafe192adabb67e9604e7e7?s=96&d=mm&r=g","url":"https:\/\/secure.gravatar.com\/avatar\/7929e9b034aeea560319a601e4f04c59eb5f45a79eafe192adabb67e9604e7e7?s=96&d=mm&r=g","contentUrl":"https:\/\/secure.gravatar.com\/avatar\/7929e9b034aeea560319a601e4f04c59eb5f45a79eafe192adabb67e9604e7e7?s=96&d=mm&r=g","caption":"Tupaq"},"url":"https:\/\/pulso27.com\/es\/author\/tupaq\/"}]}},"amp_enabled":true,"_links":{"self":[{"href":"https:\/\/pulso27.com\/es\/wp-json\/wp\/v2\/posts\/2390","targetHints":{"allow":["GET"]}}],"collection":[{"href":"https:\/\/pulso27.com\/es\/wp-json\/wp\/v2\/posts"}],"about":[{"href":"https:\/\/pulso27.com\/es\/wp-json\/wp\/v2\/types\/post"}],"author":[{"embeddable":true,"href":"https:\/\/pulso27.com\/es\/wp-json\/wp\/v2\/users\/7"}],"replies":[{"embeddable":true,"href":"https:\/\/pulso27.com\/es\/wp-json\/wp\/v2\/comments?post=2390"}],"version-history":[{"count":1,"href":"https:\/\/pulso27.com\/es\/wp-json\/wp\/v2\/posts\/2390\/revisions"}],"predecessor-version":[{"id":2394,"href":"https:\/\/pulso27.com\/es\/wp-json\/wp\/v2\/posts\/2390\/revisions\/2394"}],"wp:featuredmedia":[{"embeddable":true,"href":"https:\/\/pulso27.com\/es\/wp-json\/wp\/v2\/media\/2393"}],"wp:attachment":[{"href":"https:\/\/pulso27.com\/es\/wp-json\/wp\/v2\/media?parent=2390"}],"wp:term":[{"taxonomy":"category","embeddable":true,"href":"https:\/\/pulso27.com\/es\/wp-json\/wp\/v2\/categories?post=2390"},{"taxonomy":"post_tag","embeddable":true,"href":"https:\/\/pulso27.com\/es\/wp-json\/wp\/v2\/tags?post=2390"}],"curies":[{"name":"wp","href":"https:\/\/api.w.org\/{rel}","templated":true}]}}