{"id":2568,"date":"2024-10-24T23:42:22","date_gmt":"2024-10-24T18:42:22","guid":{"rendered":"https:\/\/pulso27.com\/?p=2568"},"modified":"2024-10-24T23:42:26","modified_gmt":"2024-10-24T18:42:26","slug":"distrito-union-progreso-solicita-apoyo-en-salud-y-educacion-a-la-congresista-margot-palacios","status":"publish","type":"post","link":"https:\/\/pulso27.com\/es\/actualidad\/politica\/distrito-union-progreso-solicita-apoyo-en-salud-y-educacion-a-la-congresista-margot-palacios\/","title":{"rendered":"Distrito Uni\u00f3n Progreso solicita apoyo en Salud y Educaci\u00f3n a la congresista Margot Palacios"},"content":{"rendered":"\n<p>Uni\u00f3n Progreso, distrito de la provincia de La Mar, del departamento de Ayacucho, ubicado en el coraz\u00f3n del Valle del R\u00edo Apur\u00edmac, Ene y Mantaro (VRAEM), vivi\u00f3 un d\u00eda de esperanza y compromiso con la visita de la congresista Margot Palacios Huam\u00e1n, quien lleg\u00f3 para reunirse con las autoridades locales y vecinos en un evento lleno de entusiasmo.<\/p>\n\n\n\n<p>La congresista fue recibida con los \u00abbrazos abiertos\u00bb por el alcalde, los regidores y el equipo t\u00e9cnico de la Municipalidad Distrital de Anchihuay, otras autoridades y dirigentes locales, y la poblaci\u00f3n que se dio cita a dialogar con la parlamentaria.<\/p>\n\n\n\n<figure class=\"wp-block-image size-large\"><img loading=\"lazy\" decoding=\"async\" width=\"1024\" height=\"683\" src=\"https:\/\/pulso27.com\/wp-content\/uploads\/2024\/10\/image-31-1024x683.png\" alt=\"\" class=\"wp-image-2570\" srcset=\"https:\/\/pulso27.com\/wp-content\/uploads\/2024\/10\/image-31-1024x683.png 1024w, https:\/\/pulso27.com\/wp-content\/uploads\/2024\/10\/image-31-300x200.png 300w, https:\/\/pulso27.com\/wp-content\/uploads\/2024\/10\/image-31-768x512.png 768w, https:\/\/pulso27.com\/wp-content\/uploads\/2024\/10\/image-31-1536x1024.png 1536w, https:\/\/pulso27.com\/wp-content\/uploads\/2024\/10\/image-31-18x12.png 18w, https:\/\/pulso27.com\/wp-content\/uploads\/2024\/10\/image-31.png 2048w\" sizes=\"auto, (max-width: 1024px) 100vw, 1024px\" \/><figcaption class=\"wp-element-caption\"><em>Pobladores del distrito de Uni\u00f3n Progreso (VRAE) dialogaron sobre sus necesidades con la congresista Margot Palacios<\/em><\/figcaption><\/figure>\n\n\n\n<p>El motivo principal de esta visita fue abordar el proyecto m\u00e1s esperado por la comunidad: <strong>el hospital de categor\u00eda II-1 en la localidad de San Mart\u00edn<\/strong>, una obra clave para mejorar el acceso a los servicios de salud p\u00fablica. Palacios reafirm\u00f3 su compromiso con la comunidad y asegur\u00f3 que har\u00e1 todo lo posible para apoyar a la autoridad municipal con los tr\u00e1mites para la construcci\u00f3n de este hospital, que beneficiar\u00e1 a miles de familias de la zona.<\/p>\n\n\n\n<p>Durante la reuni\u00f3n, la municipalidad tambi\u00e9n hizo entrega del proyecto para el <strong>mejoramiento y ampliaci\u00f3n del servicio de salud b\u00e1sico en el Centro de Salud San Mart\u00edn<\/strong>. Este proyecto busca reforzar la atenci\u00f3n sanitaria en la zona, asegurando un acceso m\u00e1s eficiente a la salud para todos los habitantes.<\/p>\n\n\n\n<figure class=\"wp-block-image size-large is-resized\"><img loading=\"lazy\" decoding=\"async\" width=\"1024\" height=\"691\" src=\"https:\/\/pulso27.com\/wp-content\/uploads\/2024\/10\/MargotUnionP-1024x691.png\" alt=\"\" class=\"wp-image-2571\" style=\"width:740px;height:auto\" srcset=\"https:\/\/pulso27.com\/wp-content\/uploads\/2024\/10\/MargotUnionP-1024x691.png 1024w, https:\/\/pulso27.com\/wp-content\/uploads\/2024\/10\/MargotUnionP-300x202.png 300w, https:\/\/pulso27.com\/wp-content\/uploads\/2024\/10\/MargotUnionP-768x518.png 768w, https:\/\/pulso27.com\/wp-content\/uploads\/2024\/10\/MargotUnionP-18x12.png 18w, https:\/\/pulso27.com\/wp-content\/uploads\/2024\/10\/MargotUnionP.png 1366w\" sizes=\"auto, (max-width: 1024px) 100vw, 1024px\" \/><figcaption class=\"wp-element-caption\"><em>Congresista Margot Palacios recibe el aprecio de la poblaci\u00f3n de Uni\u00f3n Progreso &#8211; VRAE<\/em><\/figcaption><\/figure>\n\n\n\n<p>Adem\u00e1s, la congresista abord\u00f3 un tema clave para el futuro de los j\u00f3venes del distrito: la creaci\u00f3n de un <strong>Instituto de Carreras T\u00e9cnicas<\/strong>. Este proyecto, que ya ha pasado una primera votaci\u00f3n en el Congreso, representa una oportunidad educativa para muchos j\u00f3venes de la regi\u00f3n, brind\u00e1ndoles herramientas para formarse profesionalmente y contribuir al desarrollo local.<\/p>\n\n\n\n<p>Pero las buenas noticias no terminan ah\u00ed. Palacios tambi\u00e9n inform\u00f3 sobre la inminente publicaci\u00f3n de la <strong>Ley N\u00b0 7460<\/strong>, que crear\u00e1 un registro \u00fanico para personas afectadas por derrames y fugas de hidrocarburos. Esta ley ser\u00e1 crucial para garantizar que las personas afectadas sean formalmente reconocidas y puedan acceder a los beneficios que les corresponden.<\/p>\n\n\n\n<figure class=\"wp-block-image size-large\"><img loading=\"lazy\" decoding=\"async\" width=\"1024\" height=\"683\" src=\"https:\/\/pulso27.com\/wp-content\/uploads\/2024\/10\/image-34-1024x683.png\" alt=\"\" class=\"wp-image-2574\" srcset=\"https:\/\/pulso27.com\/wp-content\/uploads\/2024\/10\/image-34-1024x683.png 1024w, https:\/\/pulso27.com\/wp-content\/uploads\/2024\/10\/image-34-300x200.png 300w, https:\/\/pulso27.com\/wp-content\/uploads\/2024\/10\/image-34-768x512.png 768w, https:\/\/pulso27.com\/wp-content\/uploads\/2024\/10\/image-34-1536x1024.png 1536w, https:\/\/pulso27.com\/wp-content\/uploads\/2024\/10\/image-34-18x12.png 18w, https:\/\/pulso27.com\/wp-content\/uploads\/2024\/10\/image-34.png 2048w\" sizes=\"auto, (max-width: 1024px) 100vw, 1024px\" \/><figcaption class=\"wp-element-caption\"><em>Dirigente estudiantil explica la necesidad de contar con condiciones adecuadas para la educaci\u00f3n de la juventud<\/em><\/figcaption><\/figure>\n\n\n\n<p>Los escolares presentes aprovecharon la ocasi\u00f3n para pedir la mejora de sus centros educativos, enfatizando la necesidad de condiciones adecuadas para su aprendizaje. La congresista escuch\u00f3 atentamente sus demandas y mostr\u00f3 su predisposici\u00f3n para apoyar la gesti\u00f3n necesaria para mejorar las instalaciones escolares.<\/p>\n\n\n\n<p>La visita de la congresista Margot Palacios representa un gran paso hacia el desarrollo y bienestar del Distrito de Uni\u00f3n Progreso. Con optimismo y trabajo conjunto, se vislumbra un futuro m\u00e1s saludable y educativo para todos los habitantes.<\/p>\n\n\n\n<figure class=\"wp-block-image size-large\"><img loading=\"lazy\" decoding=\"async\" width=\"1024\" height=\"683\" src=\"https:\/\/pulso27.com\/wp-content\/uploads\/2024\/10\/image-33-1024x683.png\" alt=\"\" class=\"wp-image-2573\" srcset=\"https:\/\/pulso27.com\/wp-content\/uploads\/2024\/10\/image-33-1024x683.png 1024w, https:\/\/pulso27.com\/wp-content\/uploads\/2024\/10\/image-33-300x200.png 300w, https:\/\/pulso27.com\/wp-content\/uploads\/2024\/10\/image-33-768x512.png 768w, https:\/\/pulso27.com\/wp-content\/uploads\/2024\/10\/image-33-1536x1024.png 1536w, https:\/\/pulso27.com\/wp-content\/uploads\/2024\/10\/image-33-18x12.png 18w, https:\/\/pulso27.com\/wp-content\/uploads\/2024\/10\/image-33.png 2048w\" sizes=\"auto, (max-width: 1024px) 100vw, 1024px\" \/><figcaption class=\"wp-element-caption\"><em>Los habitantes de Uni\u00f3n Progreso necesitan con urgencia un Hospital de Salud P\u00fablica<\/em><\/figcaption><\/figure>\n\n\n\n<p>Finalmente, la congresista contin\u00faa su recorrido por los distritos y comunidades del VRAEM, escuchando sus demandas y necesidades, para apoyarlos conforme a sus funciones congresales, como lo viene haciendo hasta el momento.<\/p>\n","protected":false},"excerpt":{"rendered":"<p>Uni\u00f3n Progreso, distrito de la provincia de La Mar, del departamento de Ayacucho, ubicado en el coraz\u00f3n del Valle del R\u00edo Apur\u00edmac, Ene y Mantaro (VRAEM), vivi\u00f3 un d\u00eda de esperanza y compromiso con la visita de la congresista Margot Palacios Huam\u00e1n, quien lleg\u00f3 para reunirse con las autoridades locales y vecinos en un evento [&hellip;]<\/p>\n","protected":false},"author":7,"featured_media":2569,"comment_status":"open","ping_status":"open","sticky":false,"template":"","format":"standard","meta":{"footnotes":""},"categories":[183,808,180,809],"tags":[203,1263,1854,1855],"class_list":["post-2568","post","type-post","status-publish","format-standard","has-post-thumbnail","hentry","category-actualidad","category-educacion","category-politica","category-salud","tag-ayacucho","tag-margotpalacios","tag-unionprogreso","tag-vrae"],"yoast_head":"<!-- This site is optimized with the Yoast SEO plugin v27.4 - https:\/\/yoast.com\/product\/yoast-seo-wordpress\/ -->\n<title>Distrito Uni\u00f3n Progreso solicita apoyo en Salud y Educaci\u00f3n a la congresista Margot Palacios - Pulso27<\/title>\n<meta name=\"robots\" content=\"index, follow, max-snippet:-1, max-image-preview:large, max-video-preview:-1\" \/>\n<link rel=\"canonical\" href=\"https:\/\/pulso27.com\/es\/actualidad\/politica\/distrito-union-progreso-solicita-apoyo-en-salud-y-educacion-a-la-congresista-margot-palacios\/\" \/>\n<meta property=\"og:locale\" content=\"es_ES\" \/>\n<meta property=\"og:type\" content=\"article\" \/>\n<meta property=\"og:title\" content=\"Distrito Uni\u00f3n Progreso solicita apoyo en Salud y Educaci\u00f3n a la congresista Margot Palacios - Pulso27\" \/>\n<meta property=\"og:description\" content=\"Uni\u00f3n Progreso, distrito de la provincia de La Mar, del departamento de Ayacucho, ubicado en el coraz\u00f3n del Valle del R\u00edo Apur\u00edmac, Ene y Mantaro (VRAEM), vivi\u00f3 un d\u00eda de esperanza y compromiso con la visita de la congresista Margot Palacios Huam\u00e1n, quien lleg\u00f3 para reunirse con las autoridades locales y vecinos en un evento [&hellip;]\" \/>\n<meta property=\"og:url\" content=\"https:\/\/pulso27.com\/es\/actualidad\/politica\/distrito-union-progreso-solicita-apoyo-en-salud-y-educacion-a-la-congresista-margot-palacios\/\" \/>\n<meta property=\"og:site_name\" content=\"Pulso27\" \/>\n<meta property=\"article:publisher\" content=\"https:\/\/www.facebook.com\/pulso27\/\" \/>\n<meta property=\"article:published_time\" content=\"2024-10-24T18:42:22+00:00\" \/>\n<meta property=\"article:modified_time\" content=\"2024-10-24T18:42:26+00:00\" \/>\n<meta property=\"og:image\" content=\"https:\/\/pulso27.com\/wp-content\/uploads\/2024\/10\/MargotUnionProgrego-1024x576.png\" \/>\n\t<meta property=\"og:image:width\" content=\"1024\" \/>\n\t<meta property=\"og:image:height\" content=\"576\" \/>\n\t<meta property=\"og:image:type\" content=\"image\/png\" \/>\n<meta name=\"author\" content=\"Tupaq\" \/>\n<meta name=\"twitter:card\" content=\"summary_large_image\" \/>\n<meta name=\"twitter:creator\" content=\"@Pulso_27\" \/>\n<meta name=\"twitter:site\" content=\"@Pulso_27\" \/>\n<meta name=\"twitter:label1\" content=\"Written by\" \/>\n\t<meta name=\"twitter:data1\" content=\"Tupaq\" \/>\n\t<meta name=\"twitter:label2\" content=\"Est. reading time\" \/>\n\t<meta name=\"twitter:data2\" content=\"3 minutos\" \/>\n<script type=\"application\/ld+json\" class=\"yoast-schema-graph\">{\"@context\":\"https:\\\/\\\/schema.org\",\"@graph\":[{\"@type\":\"Article\",\"@id\":\"https:\\\/\\\/pulso27.com\\\/actualidad\\\/politica\\\/distrito-union-progreso-solicita-apoyo-en-salud-y-educacion-a-la-congresista-margot-palacios\\\/#article\",\"isPartOf\":{\"@id\":\"https:\\\/\\\/pulso27.com\\\/actualidad\\\/politica\\\/distrito-union-progreso-solicita-apoyo-en-salud-y-educacion-a-la-congresista-margot-palacios\\\/\"},\"author\":{\"name\":\"Tupaq\",\"@id\":\"https:\\\/\\\/pulso27.com\\\/en\\\/#\\\/schema\\\/person\\\/d20fd7f5bc7f2e53fd150d43fca07a78\"},\"headline\":\"Distrito Uni\u00f3n Progreso solicita apoyo en Salud y Educaci\u00f3n a la congresista Margot Palacios\",\"datePublished\":\"2024-10-24T18:42:22+00:00\",\"dateModified\":\"2024-10-24T18:42:26+00:00\",\"mainEntityOfPage\":{\"@id\":\"https:\\\/\\\/pulso27.com\\\/actualidad\\\/politica\\\/distrito-union-progreso-solicita-apoyo-en-salud-y-educacion-a-la-congresista-margot-palacios\\\/\"},\"wordCount\":564,\"commentCount\":0,\"publisher\":{\"@id\":\"https:\\\/\\\/pulso27.com\\\/en\\\/#organization\"},\"image\":{\"@id\":\"https:\\\/\\\/pulso27.com\\\/actualidad\\\/politica\\\/distrito-union-progreso-solicita-apoyo-en-salud-y-educacion-a-la-congresista-margot-palacios\\\/#primaryimage\"},\"thumbnailUrl\":\"https:\\\/\\\/pulso27.com\\\/wp-content\\\/uploads\\\/2024\\\/10\\\/MargotUnionProgrego.png\",\"keywords\":[\"Ayacucho\",\"MargotPalacios\",\"Uni\u00f3nProgreso\",\"VRAE\"],\"articleSection\":[\"Actualidad\",\"Educaci\u00f3n\",\"Pol\u00edtica\",\"Salud\"],\"inLanguage\":\"es-PE\",\"potentialAction\":[{\"@type\":\"CommentAction\",\"name\":\"Comment\",\"target\":[\"https:\\\/\\\/pulso27.com\\\/actualidad\\\/politica\\\/distrito-union-progreso-solicita-apoyo-en-salud-y-educacion-a-la-congresista-margot-palacios\\\/#respond\"]}]},{\"@type\":\"WebPage\",\"@id\":\"https:\\\/\\\/pulso27.com\\\/actualidad\\\/politica\\\/distrito-union-progreso-solicita-apoyo-en-salud-y-educacion-a-la-congresista-margot-palacios\\\/\",\"url\":\"https:\\\/\\\/pulso27.com\\\/actualidad\\\/politica\\\/distrito-union-progreso-solicita-apoyo-en-salud-y-educacion-a-la-congresista-margot-palacios\\\/\",\"name\":\"Distrito Uni\u00f3n Progreso solicita apoyo en Salud y Educaci\u00f3n a la congresista Margot Palacios - Pulso27\",\"isPartOf\":{\"@id\":\"https:\\\/\\\/pulso27.com\\\/en\\\/#website\"},\"primaryImageOfPage\":{\"@id\":\"https:\\\/\\\/pulso27.com\\\/actualidad\\\/politica\\\/distrito-union-progreso-solicita-apoyo-en-salud-y-educacion-a-la-congresista-margot-palacios\\\/#primaryimage\"},\"image\":{\"@id\":\"https:\\\/\\\/pulso27.com\\\/actualidad\\\/politica\\\/distrito-union-progreso-solicita-apoyo-en-salud-y-educacion-a-la-congresista-margot-palacios\\\/#primaryimage\"},\"thumbnailUrl\":\"https:\\\/\\\/pulso27.com\\\/wp-content\\\/uploads\\\/2024\\\/10\\\/MargotUnionProgrego.png\",\"datePublished\":\"2024-10-24T18:42:22+00:00\",\"dateModified\":\"2024-10-24T18:42:26+00:00\",\"breadcrumb\":{\"@id\":\"https:\\\/\\\/pulso27.com\\\/actualidad\\\/politica\\\/distrito-union-progreso-solicita-apoyo-en-salud-y-educacion-a-la-congresista-margot-palacios\\\/#breadcrumb\"},\"inLanguage\":\"es-PE\",\"potentialAction\":[{\"@type\":\"ReadAction\",\"target\":[\"https:\\\/\\\/pulso27.com\\\/actualidad\\\/politica\\\/distrito-union-progreso-solicita-apoyo-en-salud-y-educacion-a-la-congresista-margot-palacios\\\/\"]}]},{\"@type\":\"ImageObject\",\"inLanguage\":\"es-PE\",\"@id\":\"https:\\\/\\\/pulso27.com\\\/actualidad\\\/politica\\\/distrito-union-progreso-solicita-apoyo-en-salud-y-educacion-a-la-congresista-margot-palacios\\\/#primaryimage\",\"url\":\"https:\\\/\\\/pulso27.com\\\/wp-content\\\/uploads\\\/2024\\\/10\\\/MargotUnionProgrego.png\",\"contentUrl\":\"https:\\\/\\\/pulso27.com\\\/wp-content\\\/uploads\\\/2024\\\/10\\\/MargotUnionProgrego.png\",\"width\":2048,\"height\":1152},{\"@type\":\"BreadcrumbList\",\"@id\":\"https:\\\/\\\/pulso27.com\\\/actualidad\\\/politica\\\/distrito-union-progreso-solicita-apoyo-en-salud-y-educacion-a-la-congresista-margot-palacios\\\/#breadcrumb\",\"itemListElement\":[{\"@type\":\"ListItem\",\"position\":1,\"name\":\"Portada\",\"item\":\"https:\\\/\\\/pulso27.com\\\/\"},{\"@type\":\"ListItem\",\"position\":2,\"name\":\"Distrito Uni\u00f3n Progreso solicita apoyo en Salud y Educaci\u00f3n a la congresista Margot Palacios\"}]},{\"@type\":\"WebSite\",\"@id\":\"https:\\\/\\\/pulso27.com\\\/en\\\/#website\",\"url\":\"https:\\\/\\\/pulso27.com\\\/en\\\/\",\"name\":\"Pulso27\",\"description\":\"Web de noticias y publicidad\",\"publisher\":{\"@id\":\"https:\\\/\\\/pulso27.com\\\/en\\\/#organization\"},\"alternateName\":\"El pulso del pueblo\",\"potentialAction\":[{\"@type\":\"SearchAction\",\"target\":{\"@type\":\"EntryPoint\",\"urlTemplate\":\"https:\\\/\\\/pulso27.com\\\/en\\\/?s={search_term_string}\"},\"query-input\":{\"@type\":\"PropertyValueSpecification\",\"valueRequired\":true,\"valueName\":\"search_term_string\"}}],\"inLanguage\":\"es-PE\"},{\"@type\":\"Organization\",\"@id\":\"https:\\\/\\\/pulso27.com\\\/en\\\/#organization\",\"name\":\"Pulso27\",\"url\":\"https:\\\/\\\/pulso27.com\\\/en\\\/\",\"logo\":{\"@type\":\"ImageObject\",\"inLanguage\":\"es-PE\",\"@id\":\"https:\\\/\\\/pulso27.com\\\/en\\\/#\\\/schema\\\/logo\\\/image\\\/\",\"url\":\"https:\\\/\\\/pulso27.com\\\/wp-content\\\/uploads\\\/2026\\\/02\\\/Logotipo-de-la-organizacion-696-x-696-px-ok.png\",\"contentUrl\":\"https:\\\/\\\/pulso27.com\\\/wp-content\\\/uploads\\\/2026\\\/02\\\/Logotipo-de-la-organizacion-696-x-696-px-ok.png\",\"width\":696,\"height\":696,\"caption\":\"Pulso27\"},\"image\":{\"@id\":\"https:\\\/\\\/pulso27.com\\\/en\\\/#\\\/schema\\\/logo\\\/image\\\/\"},\"sameAs\":[\"https:\\\/\\\/www.facebook.com\\\/pulso27\\\/\",\"https:\\\/\\\/x.com\\\/Pulso_27\",\"https:\\\/\\\/www.youtube.com\\\/@Pulso27\",\"https:\\\/\\\/www.tiktok.com\\\/@pulso_27\"]},{\"@type\":\"Person\",\"@id\":\"https:\\\/\\\/pulso27.com\\\/en\\\/#\\\/schema\\\/person\\\/d20fd7f5bc7f2e53fd150d43fca07a78\",\"name\":\"Tupaq\",\"image\":{\"@type\":\"ImageObject\",\"inLanguage\":\"es-PE\",\"@id\":\"https:\\\/\\\/secure.gravatar.com\\\/avatar\\\/7929e9b034aeea560319a601e4f04c59eb5f45a79eafe192adabb67e9604e7e7?s=96&d=mm&r=g\",\"url\":\"https:\\\/\\\/secure.gravatar.com\\\/avatar\\\/7929e9b034aeea560319a601e4f04c59eb5f45a79eafe192adabb67e9604e7e7?s=96&d=mm&r=g\",\"contentUrl\":\"https:\\\/\\\/secure.gravatar.com\\\/avatar\\\/7929e9b034aeea560319a601e4f04c59eb5f45a79eafe192adabb67e9604e7e7?s=96&d=mm&r=g\",\"caption\":\"Tupaq\"},\"url\":\"https:\\\/\\\/pulso27.com\\\/es\\\/author\\\/tupaq\\\/\"}]}<\/script>\n<!-- \/ Yoast SEO plugin. -->","yoast_head_json":{"title":"Distrito Uni\u00f3n Progreso solicita apoyo en Salud y Educaci\u00f3n a la congresista Margot Palacios - Pulso27","robots":{"index":"index","follow":"follow","max-snippet":"max-snippet:-1","max-image-preview":"max-image-preview:large","max-video-preview":"max-video-preview:-1"},"canonical":"https:\/\/pulso27.com\/es\/actualidad\/politica\/distrito-union-progreso-solicita-apoyo-en-salud-y-educacion-a-la-congresista-margot-palacios\/","og_locale":"es_ES","og_type":"article","og_title":"Distrito Uni\u00f3n Progreso solicita apoyo en Salud y Educaci\u00f3n a la congresista Margot Palacios - Pulso27","og_description":"Uni\u00f3n Progreso, distrito de la provincia de La Mar, del departamento de Ayacucho, ubicado en el coraz\u00f3n del Valle del R\u00edo Apur\u00edmac, Ene y Mantaro (VRAEM), vivi\u00f3 un d\u00eda de esperanza y compromiso con la visita de la congresista Margot Palacios Huam\u00e1n, quien lleg\u00f3 para reunirse con las autoridades locales y vecinos en un evento [&hellip;]","og_url":"https:\/\/pulso27.com\/es\/actualidad\/politica\/distrito-union-progreso-solicita-apoyo-en-salud-y-educacion-a-la-congresista-margot-palacios\/","og_site_name":"Pulso27","article_publisher":"https:\/\/www.facebook.com\/pulso27\/","article_published_time":"2024-10-24T18:42:22+00:00","article_modified_time":"2024-10-24T18:42:26+00:00","og_image":[{"width":1024,"height":576,"url":"https:\/\/pulso27.com\/wp-content\/uploads\/2024\/10\/MargotUnionProgrego-1024x576.png","type":"image\/png"}],"author":"Tupaq","twitter_card":"summary_large_image","twitter_creator":"@Pulso_27","twitter_site":"@Pulso_27","twitter_misc":{"Written by":"Tupaq","Est. reading time":"3 minutos"},"schema":{"@context":"https:\/\/schema.org","@graph":[{"@type":"Article","@id":"https:\/\/pulso27.com\/actualidad\/politica\/distrito-union-progreso-solicita-apoyo-en-salud-y-educacion-a-la-congresista-margot-palacios\/#article","isPartOf":{"@id":"https:\/\/pulso27.com\/actualidad\/politica\/distrito-union-progreso-solicita-apoyo-en-salud-y-educacion-a-la-congresista-margot-palacios\/"},"author":{"name":"Tupaq","@id":"https:\/\/pulso27.com\/en\/#\/schema\/person\/d20fd7f5bc7f2e53fd150d43fca07a78"},"headline":"Distrito Uni\u00f3n Progreso solicita apoyo en Salud y Educaci\u00f3n a la congresista Margot Palacios","datePublished":"2024-10-24T18:42:22+00:00","dateModified":"2024-10-24T18:42:26+00:00","mainEntityOfPage":{"@id":"https:\/\/pulso27.com\/actualidad\/politica\/distrito-union-progreso-solicita-apoyo-en-salud-y-educacion-a-la-congresista-margot-palacios\/"},"wordCount":564,"commentCount":0,"publisher":{"@id":"https:\/\/pulso27.com\/en\/#organization"},"image":{"@id":"https:\/\/pulso27.com\/actualidad\/politica\/distrito-union-progreso-solicita-apoyo-en-salud-y-educacion-a-la-congresista-margot-palacios\/#primaryimage"},"thumbnailUrl":"https:\/\/pulso27.com\/wp-content\/uploads\/2024\/10\/MargotUnionProgrego.png","keywords":["Ayacucho","MargotPalacios","Uni\u00f3nProgreso","VRAE"],"articleSection":["Actualidad","Educaci\u00f3n","Pol\u00edtica","Salud"],"inLanguage":"es-PE","potentialAction":[{"@type":"CommentAction","name":"Comment","target":["https:\/\/pulso27.com\/actualidad\/politica\/distrito-union-progreso-solicita-apoyo-en-salud-y-educacion-a-la-congresista-margot-palacios\/#respond"]}]},{"@type":"WebPage","@id":"https:\/\/pulso27.com\/actualidad\/politica\/distrito-union-progreso-solicita-apoyo-en-salud-y-educacion-a-la-congresista-margot-palacios\/","url":"https:\/\/pulso27.com\/actualidad\/politica\/distrito-union-progreso-solicita-apoyo-en-salud-y-educacion-a-la-congresista-margot-palacios\/","name":"Distrito Uni\u00f3n Progreso solicita apoyo en Salud y Educaci\u00f3n a la congresista Margot Palacios - Pulso27","isPartOf":{"@id":"https:\/\/pulso27.com\/en\/#website"},"primaryImageOfPage":{"@id":"https:\/\/pulso27.com\/actualidad\/politica\/distrito-union-progreso-solicita-apoyo-en-salud-y-educacion-a-la-congresista-margot-palacios\/#primaryimage"},"image":{"@id":"https:\/\/pulso27.com\/actualidad\/politica\/distrito-union-progreso-solicita-apoyo-en-salud-y-educacion-a-la-congresista-margot-palacios\/#primaryimage"},"thumbnailUrl":"https:\/\/pulso27.com\/wp-content\/uploads\/2024\/10\/MargotUnionProgrego.png","datePublished":"2024-10-24T18:42:22+00:00","dateModified":"2024-10-24T18:42:26+00:00","breadcrumb":{"@id":"https:\/\/pulso27.com\/actualidad\/politica\/distrito-union-progreso-solicita-apoyo-en-salud-y-educacion-a-la-congresista-margot-palacios\/#breadcrumb"},"inLanguage":"es-PE","potentialAction":[{"@type":"ReadAction","target":["https:\/\/pulso27.com\/actualidad\/politica\/distrito-union-progreso-solicita-apoyo-en-salud-y-educacion-a-la-congresista-margot-palacios\/"]}]},{"@type":"ImageObject","inLanguage":"es-PE","@id":"https:\/\/pulso27.com\/actualidad\/politica\/distrito-union-progreso-solicita-apoyo-en-salud-y-educacion-a-la-congresista-margot-palacios\/#primaryimage","url":"https:\/\/pulso27.com\/wp-content\/uploads\/2024\/10\/MargotUnionProgrego.png","contentUrl":"https:\/\/pulso27.com\/wp-content\/uploads\/2024\/10\/MargotUnionProgrego.png","width":2048,"height":1152},{"@type":"BreadcrumbList","@id":"https:\/\/pulso27.com\/actualidad\/politica\/distrito-union-progreso-solicita-apoyo-en-salud-y-educacion-a-la-congresista-margot-palacios\/#breadcrumb","itemListElement":[{"@type":"ListItem","position":1,"name":"Portada","item":"https:\/\/pulso27.com\/"},{"@type":"ListItem","position":2,"name":"Distrito Uni\u00f3n Progreso solicita apoyo en Salud y Educaci\u00f3n a la congresista Margot Palacios"}]},{"@type":"WebSite","@id":"https:\/\/pulso27.com\/en\/#website","url":"https:\/\/pulso27.com\/en\/","name":"Pulso27","description":"Web de noticias y publicidad","publisher":{"@id":"https:\/\/pulso27.com\/en\/#organization"},"alternateName":"El pulso del pueblo","potentialAction":[{"@type":"SearchAction","target":{"@type":"EntryPoint","urlTemplate":"https:\/\/pulso27.com\/en\/?s={search_term_string}"},"query-input":{"@type":"PropertyValueSpecification","valueRequired":true,"valueName":"search_term_string"}}],"inLanguage":"es-PE"},{"@type":"Organization","@id":"https:\/\/pulso27.com\/en\/#organization","name":"Pulso27","url":"https:\/\/pulso27.com\/en\/","logo":{"@type":"ImageObject","inLanguage":"es-PE","@id":"https:\/\/pulso27.com\/en\/#\/schema\/logo\/image\/","url":"https:\/\/pulso27.com\/wp-content\/uploads\/2026\/02\/Logotipo-de-la-organizacion-696-x-696-px-ok.png","contentUrl":"https:\/\/pulso27.com\/wp-content\/uploads\/2026\/02\/Logotipo-de-la-organizacion-696-x-696-px-ok.png","width":696,"height":696,"caption":"Pulso27"},"image":{"@id":"https:\/\/pulso27.com\/en\/#\/schema\/logo\/image\/"},"sameAs":["https:\/\/www.facebook.com\/pulso27\/","https:\/\/x.com\/Pulso_27","https:\/\/www.youtube.com\/@Pulso27","https:\/\/www.tiktok.com\/@pulso_27"]},{"@type":"Person","@id":"https:\/\/pulso27.com\/en\/#\/schema\/person\/d20fd7f5bc7f2e53fd150d43fca07a78","name":"Tupaq","image":{"@type":"ImageObject","inLanguage":"es-PE","@id":"https:\/\/secure.gravatar.com\/avatar\/7929e9b034aeea560319a601e4f04c59eb5f45a79eafe192adabb67e9604e7e7?s=96&d=mm&r=g","url":"https:\/\/secure.gravatar.com\/avatar\/7929e9b034aeea560319a601e4f04c59eb5f45a79eafe192adabb67e9604e7e7?s=96&d=mm&r=g","contentUrl":"https:\/\/secure.gravatar.com\/avatar\/7929e9b034aeea560319a601e4f04c59eb5f45a79eafe192adabb67e9604e7e7?s=96&d=mm&r=g","caption":"Tupaq"},"url":"https:\/\/pulso27.com\/es\/author\/tupaq\/"}]}},"amp_enabled":true,"_links":{"self":[{"href":"https:\/\/pulso27.com\/es\/wp-json\/wp\/v2\/posts\/2568","targetHints":{"allow":["GET"]}}],"collection":[{"href":"https:\/\/pulso27.com\/es\/wp-json\/wp\/v2\/posts"}],"about":[{"href":"https:\/\/pulso27.com\/es\/wp-json\/wp\/v2\/types\/post"}],"author":[{"embeddable":true,"href":"https:\/\/pulso27.com\/es\/wp-json\/wp\/v2\/users\/7"}],"replies":[{"embeddable":true,"href":"https:\/\/pulso27.com\/es\/wp-json\/wp\/v2\/comments?post=2568"}],"version-history":[{"count":2,"href":"https:\/\/pulso27.com\/es\/wp-json\/wp\/v2\/posts\/2568\/revisions"}],"predecessor-version":[{"id":2580,"href":"https:\/\/pulso27.com\/es\/wp-json\/wp\/v2\/posts\/2568\/revisions\/2580"}],"wp:featuredmedia":[{"embeddable":true,"href":"https:\/\/pulso27.com\/es\/wp-json\/wp\/v2\/media\/2569"}],"wp:attachment":[{"href":"https:\/\/pulso27.com\/es\/wp-json\/wp\/v2\/media?parent=2568"}],"wp:term":[{"taxonomy":"category","embeddable":true,"href":"https:\/\/pulso27.com\/es\/wp-json\/wp\/v2\/categories?post=2568"},{"taxonomy":"post_tag","embeddable":true,"href":"https:\/\/pulso27.com\/es\/wp-json\/wp\/v2\/tags?post=2568"}],"curies":[{"name":"wp","href":"https:\/\/api.w.org\/{rel}","templated":true}]}}