{"id":2597,"date":"2024-10-27T08:47:42","date_gmt":"2024-10-27T03:47:42","guid":{"rendered":"https:\/\/pulso27.com\/?p=2597"},"modified":"2024-10-27T08:47:46","modified_gmt":"2024-10-27T03:47:46","slug":"asesinan-a-una-estudiante-universitaria-y-su-amiga-en-huancavelica","status":"publish","type":"post","link":"https:\/\/pulso27.com\/es\/actualidad\/policial\/asesinan-a-una-estudiante-universitaria-y-su-amiga-en-huancavelica\/","title":{"rendered":"Asesinan a una estudiante universitaria y su amiga en Huancavelica"},"content":{"rendered":"\n<p>En un caso que ha consternado al distrito de Lircay y a toda la comunidad universitaria, los cuerpos de Liz Angie De la Cruz Fern\u00e1ndez y su amiga Ruth Noem\u00ed Paquiyauri Chahuailacc, desaparecidas desde el 21 de octubre, fueron encontrados sin vida en un despoblado de la zona de Allato, cerca de la Cruz de la Paz.<\/p>\n\n\n\n<p>Liz Angie, de 20 a\u00f1os y estudiante de Ingenier\u00eda Civil en la Universidad Nacional de Huancavelica (UNH), y Ruth Noem\u00ed, cuya amistad la un\u00eda a Liz desde hace a\u00f1os, han dejado un vac\u00edo y un dolor inconsolable en sus familias y amistades.<\/p>\n\n\n\n<p>La familia de Liz, alarmada al perder contacto con ella la noche del 21 de octubre, inici\u00f3 su b\u00fasqueda tras horas de silencio. \u201c<em>La \u00faltima vez que hablamos, fue a las 11:00 p.m. Esa noche nada parec\u00eda estar mal<\/em>\u201d, comparti\u00f3 su hermana, Rosa Ang\u00e9lica, con la voz entrecortada. Fue en la ma\u00f1ana del d\u00eda siguiente cuando su madre intent\u00f3 comunicarse nuevamente sin \u00e9xito, notando que el tel\u00e9fono dej\u00f3 de sonar alrededor de las 7:00 p.m., una situaci\u00f3n que r\u00e1pidamente encendi\u00f3 las alertas.<\/p>\n\n\n<div class=\"wp-block-image\">\n<figure class=\"alignleft size-large is-resized\"><img loading=\"lazy\" decoding=\"async\" width=\"684\" height=\"1024\" src=\"https:\/\/pulso27.com\/wp-content\/uploads\/2024\/10\/Huancav-684x1024.png\" alt=\"\" class=\"wp-image-2599\" style=\"width:347px;height:auto\" srcset=\"https:\/\/pulso27.com\/wp-content\/uploads\/2024\/10\/Huancav-684x1024.png 684w, https:\/\/pulso27.com\/wp-content\/uploads\/2024\/10\/Huancav-200x300.png 200w, https:\/\/pulso27.com\/wp-content\/uploads\/2024\/10\/Huancav-768x1150.png 768w, https:\/\/pulso27.com\/wp-content\/uploads\/2024\/10\/Huancav-8x12.png 8w, https:\/\/pulso27.com\/wp-content\/uploads\/2024\/10\/Huancav.png 869w\" sizes=\"auto, (max-width: 684px) 100vw, 684px\" \/><figcaption class=\"wp-element-caption\"><em>Buscada por la Polic\u00eda Nacional del Per\u00fa<\/em><\/figcaption><\/figure><\/div>\n\n\n<p>Preocupados, los familiares de Liz viajaron a Lircay y confirmaron con desaz\u00f3n que la joven no hab\u00eda asistido a clases el martes y que, seg\u00fan algunos testigos, hab\u00eda salido acompa\u00f1ada de su amiga Ruth Noem\u00ed a una reuni\u00f3n con un grupo de personas a\u00fan no identificadas.<\/p>\n\n\n\n<p>Ante la incertidumbre y angustia, compa\u00f1eros de la universidad se sumaron a las movilizaciones para pedir acceso a c\u00e1maras de seguridad en los alrededores, presionando para que las autoridades locales tomaran medidas y as\u00ed rastrear el paradero de las j\u00f3venes.<\/p>\n\n\n\n<p>La situaci\u00f3n tom\u00f3 un giro doloroso este 25 de octubre cuando fueron halladas sin vida en un camino hacia Allato, en un tr\u00e1gico desenlace que ha dejado al pa\u00eds conmocionado.<\/p>\n\n\n\n<p>Familiares, amigos y compa\u00f1eros han mostrado su dolor y frustraci\u00f3n por el asesinato de ambas j\u00f3venes y han exigido una investigaci\u00f3n transparente y exhaustiva. \u00ab<em>Queremos justicia; queremos respuestas<\/em>\u00ab, exclam\u00f3 una de las estudiantes durante una vigilia organizada en la plaza central de Huancavelica.<\/p>\n\n\n\n<p>La comunidad universitaria ha manifestado un respaldo un\u00e1nime hacia las familias afectadas y han convocado a una marcha para pedir a las autoridades nacionales que refuercen la seguridad en las zonas rurales y trabajen para esclarecer los hechos.<\/p>\n","protected":false},"excerpt":{"rendered":"<p>En un caso que ha consternado al distrito de Lircay y a toda la comunidad universitaria, los cuerpos de Liz Angie De la Cruz Fern\u00e1ndez y su amiga Ruth Noem\u00ed Paquiyauri Chahuailacc, desaparecidas desde el 21 de octubre, fueron encontrados sin vida en un despoblado de la zona de Allato, cerca de la Cruz de [&hellip;]<\/p>\n","protected":false},"author":10,"featured_media":2598,"comment_status":"open","ping_status":"open","sticky":false,"template":"","format":"standard","meta":{"footnotes":""},"categories":[183,178,810],"tags":[1863,655,690,1862],"class_list":["post-2597","post","type-post","status-publish","format-standard","has-post-thumbnail","hentry","category-actualidad","category-policial","category-regional","tag-angaraes","tag-asesinados","tag-huancavelica","tag-lircay"],"yoast_head":"<!-- This site is optimized with the Yoast SEO plugin v27.4 - https:\/\/yoast.com\/product\/yoast-seo-wordpress\/ -->\n<title>Asesinan a una estudiante universitaria y su amiga en Huancavelica - Pulso27<\/title>\n<meta name=\"robots\" content=\"index, follow, max-snippet:-1, max-image-preview:large, max-video-preview:-1\" \/>\n<link rel=\"canonical\" href=\"https:\/\/pulso27.com\/es\/actualidad\/policial\/asesinan-a-una-estudiante-universitaria-y-su-amiga-en-huancavelica\/\" \/>\n<meta property=\"og:locale\" content=\"es_ES\" \/>\n<meta property=\"og:type\" content=\"article\" \/>\n<meta property=\"og:title\" content=\"Asesinan a una estudiante universitaria y su amiga en Huancavelica - Pulso27\" \/>\n<meta property=\"og:description\" content=\"En un caso que ha consternado al distrito de Lircay y a toda la comunidad universitaria, los cuerpos de Liz Angie De la Cruz Fern\u00e1ndez y su amiga Ruth Noem\u00ed Paquiyauri Chahuailacc, desaparecidas desde el 21 de octubre, fueron encontrados sin vida en un despoblado de la zona de Allato, cerca de la Cruz de [&hellip;]\" \/>\n<meta property=\"og:url\" content=\"https:\/\/pulso27.com\/es\/actualidad\/policial\/asesinan-a-una-estudiante-universitaria-y-su-amiga-en-huancavelica\/\" \/>\n<meta property=\"og:site_name\" content=\"Pulso27\" \/>\n<meta property=\"article:publisher\" content=\"https:\/\/www.facebook.com\/pulso27\/\" \/>\n<meta property=\"article:published_time\" content=\"2024-10-27T03:47:42+00:00\" \/>\n<meta property=\"article:modified_time\" content=\"2024-10-27T03:47:46+00:00\" \/>\n<meta property=\"og:image\" content=\"https:\/\/pulso27.com\/wp-content\/uploads\/2024\/10\/Huancavelica.png\" \/>\n\t<meta property=\"og:image:width\" content=\"1200\" \/>\n\t<meta property=\"og:image:height\" content=\"675\" \/>\n\t<meta property=\"og:image:type\" content=\"image\/png\" \/>\n<meta name=\"author\" content=\"El Muki\" \/>\n<meta name=\"twitter:card\" content=\"summary_large_image\" \/>\n<meta name=\"twitter:creator\" content=\"@Pulso_27\" \/>\n<meta name=\"twitter:site\" content=\"@Pulso_27\" \/>\n<meta name=\"twitter:label1\" content=\"Written by\" \/>\n\t<meta name=\"twitter:data1\" content=\"El Muki\" \/>\n\t<meta name=\"twitter:label2\" content=\"Est. reading time\" \/>\n\t<meta name=\"twitter:data2\" content=\"2 minutos\" \/>\n<script type=\"application\/ld+json\" class=\"yoast-schema-graph\">{\"@context\":\"https:\\\/\\\/schema.org\",\"@graph\":[{\"@type\":\"Article\",\"@id\":\"https:\\\/\\\/pulso27.com\\\/actualidad\\\/policial\\\/asesinan-a-una-estudiante-universitaria-y-su-amiga-en-huancavelica\\\/#article\",\"isPartOf\":{\"@id\":\"https:\\\/\\\/pulso27.com\\\/actualidad\\\/policial\\\/asesinan-a-una-estudiante-universitaria-y-su-amiga-en-huancavelica\\\/\"},\"author\":{\"name\":\"El Muki\",\"@id\":\"https:\\\/\\\/pulso27.com\\\/en\\\/#\\\/schema\\\/person\\\/a0930a7f318e7d9d83bd7cffed9f34f6\"},\"headline\":\"Asesinan a una estudiante universitaria y su amiga en Huancavelica\",\"datePublished\":\"2024-10-27T03:47:42+00:00\",\"dateModified\":\"2024-10-27T03:47:46+00:00\",\"mainEntityOfPage\":{\"@id\":\"https:\\\/\\\/pulso27.com\\\/actualidad\\\/policial\\\/asesinan-a-una-estudiante-universitaria-y-su-amiga-en-huancavelica\\\/\"},\"wordCount\":424,\"commentCount\":0,\"publisher\":{\"@id\":\"https:\\\/\\\/pulso27.com\\\/en\\\/#organization\"},\"image\":{\"@id\":\"https:\\\/\\\/pulso27.com\\\/actualidad\\\/policial\\\/asesinan-a-una-estudiante-universitaria-y-su-amiga-en-huancavelica\\\/#primaryimage\"},\"thumbnailUrl\":\"https:\\\/\\\/pulso27.com\\\/wp-content\\\/uploads\\\/2024\\\/10\\\/Huancavelica.png\",\"keywords\":[\"Angaraes\",\"Asesinados\",\"Huancavelica\",\"Lircay\"],\"articleSection\":[\"Actualidad\",\"Policial\",\"Regional\"],\"inLanguage\":\"es-PE\",\"potentialAction\":[{\"@type\":\"CommentAction\",\"name\":\"Comment\",\"target\":[\"https:\\\/\\\/pulso27.com\\\/actualidad\\\/policial\\\/asesinan-a-una-estudiante-universitaria-y-su-amiga-en-huancavelica\\\/#respond\"]}]},{\"@type\":\"WebPage\",\"@id\":\"https:\\\/\\\/pulso27.com\\\/actualidad\\\/policial\\\/asesinan-a-una-estudiante-universitaria-y-su-amiga-en-huancavelica\\\/\",\"url\":\"https:\\\/\\\/pulso27.com\\\/actualidad\\\/policial\\\/asesinan-a-una-estudiante-universitaria-y-su-amiga-en-huancavelica\\\/\",\"name\":\"Asesinan a una estudiante universitaria y su amiga en Huancavelica - Pulso27\",\"isPartOf\":{\"@id\":\"https:\\\/\\\/pulso27.com\\\/en\\\/#website\"},\"primaryImageOfPage\":{\"@id\":\"https:\\\/\\\/pulso27.com\\\/actualidad\\\/policial\\\/asesinan-a-una-estudiante-universitaria-y-su-amiga-en-huancavelica\\\/#primaryimage\"},\"image\":{\"@id\":\"https:\\\/\\\/pulso27.com\\\/actualidad\\\/policial\\\/asesinan-a-una-estudiante-universitaria-y-su-amiga-en-huancavelica\\\/#primaryimage\"},\"thumbnailUrl\":\"https:\\\/\\\/pulso27.com\\\/wp-content\\\/uploads\\\/2024\\\/10\\\/Huancavelica.png\",\"datePublished\":\"2024-10-27T03:47:42+00:00\",\"dateModified\":\"2024-10-27T03:47:46+00:00\",\"breadcrumb\":{\"@id\":\"https:\\\/\\\/pulso27.com\\\/actualidad\\\/policial\\\/asesinan-a-una-estudiante-universitaria-y-su-amiga-en-huancavelica\\\/#breadcrumb\"},\"inLanguage\":\"es-PE\",\"potentialAction\":[{\"@type\":\"ReadAction\",\"target\":[\"https:\\\/\\\/pulso27.com\\\/actualidad\\\/policial\\\/asesinan-a-una-estudiante-universitaria-y-su-amiga-en-huancavelica\\\/\"]}]},{\"@type\":\"ImageObject\",\"inLanguage\":\"es-PE\",\"@id\":\"https:\\\/\\\/pulso27.com\\\/actualidad\\\/policial\\\/asesinan-a-una-estudiante-universitaria-y-su-amiga-en-huancavelica\\\/#primaryimage\",\"url\":\"https:\\\/\\\/pulso27.com\\\/wp-content\\\/uploads\\\/2024\\\/10\\\/Huancavelica.png\",\"contentUrl\":\"https:\\\/\\\/pulso27.com\\\/wp-content\\\/uploads\\\/2024\\\/10\\\/Huancavelica.png\",\"width\":1200,\"height\":675},{\"@type\":\"BreadcrumbList\",\"@id\":\"https:\\\/\\\/pulso27.com\\\/actualidad\\\/policial\\\/asesinan-a-una-estudiante-universitaria-y-su-amiga-en-huancavelica\\\/#breadcrumb\",\"itemListElement\":[{\"@type\":\"ListItem\",\"position\":1,\"name\":\"Portada\",\"item\":\"https:\\\/\\\/pulso27.com\\\/\"},{\"@type\":\"ListItem\",\"position\":2,\"name\":\"Asesinan a una estudiante universitaria y su amiga en Huancavelica\"}]},{\"@type\":\"WebSite\",\"@id\":\"https:\\\/\\\/pulso27.com\\\/en\\\/#website\",\"url\":\"https:\\\/\\\/pulso27.com\\\/en\\\/\",\"name\":\"Pulso27\",\"description\":\"Web de noticias y publicidad\",\"publisher\":{\"@id\":\"https:\\\/\\\/pulso27.com\\\/en\\\/#organization\"},\"alternateName\":\"El pulso del pueblo\",\"potentialAction\":[{\"@type\":\"SearchAction\",\"target\":{\"@type\":\"EntryPoint\",\"urlTemplate\":\"https:\\\/\\\/pulso27.com\\\/en\\\/?s={search_term_string}\"},\"query-input\":{\"@type\":\"PropertyValueSpecification\",\"valueRequired\":true,\"valueName\":\"search_term_string\"}}],\"inLanguage\":\"es-PE\"},{\"@type\":\"Organization\",\"@id\":\"https:\\\/\\\/pulso27.com\\\/en\\\/#organization\",\"name\":\"Pulso27\",\"url\":\"https:\\\/\\\/pulso27.com\\\/en\\\/\",\"logo\":{\"@type\":\"ImageObject\",\"inLanguage\":\"es-PE\",\"@id\":\"https:\\\/\\\/pulso27.com\\\/en\\\/#\\\/schema\\\/logo\\\/image\\\/\",\"url\":\"https:\\\/\\\/pulso27.com\\\/wp-content\\\/uploads\\\/2026\\\/02\\\/Logotipo-de-la-organizacion-696-x-696-px-ok.png\",\"contentUrl\":\"https:\\\/\\\/pulso27.com\\\/wp-content\\\/uploads\\\/2026\\\/02\\\/Logotipo-de-la-organizacion-696-x-696-px-ok.png\",\"width\":696,\"height\":696,\"caption\":\"Pulso27\"},\"image\":{\"@id\":\"https:\\\/\\\/pulso27.com\\\/en\\\/#\\\/schema\\\/logo\\\/image\\\/\"},\"sameAs\":[\"https:\\\/\\\/www.facebook.com\\\/pulso27\\\/\",\"https:\\\/\\\/x.com\\\/Pulso_27\",\"https:\\\/\\\/www.youtube.com\\\/@Pulso27\",\"https:\\\/\\\/www.tiktok.com\\\/@pulso_27\"]},{\"@type\":\"Person\",\"@id\":\"https:\\\/\\\/pulso27.com\\\/en\\\/#\\\/schema\\\/person\\\/a0930a7f318e7d9d83bd7cffed9f34f6\",\"name\":\"El Muki\",\"image\":{\"@type\":\"ImageObject\",\"inLanguage\":\"es-PE\",\"@id\":\"https:\\\/\\\/secure.gravatar.com\\\/avatar\\\/dc91c2607c5eebda74cbb40d13031f489096c96ead89c4c30c17db262267b2b3?s=96&d=mm&r=g\",\"url\":\"https:\\\/\\\/secure.gravatar.com\\\/avatar\\\/dc91c2607c5eebda74cbb40d13031f489096c96ead89c4c30c17db262267b2b3?s=96&d=mm&r=g\",\"contentUrl\":\"https:\\\/\\\/secure.gravatar.com\\\/avatar\\\/dc91c2607c5eebda74cbb40d13031f489096c96ead89c4c30c17db262267b2b3?s=96&d=mm&r=g\",\"caption\":\"El Muki\"},\"sameAs\":[\"http:\\\/\\\/www.pulso27.com\"],\"url\":\"https:\\\/\\\/pulso27.com\\\/es\\\/author\\\/elcuervo\\\/\"}]}<\/script>\n<!-- \/ Yoast SEO plugin. -->","yoast_head_json":{"title":"Asesinan a una estudiante universitaria y su amiga en Huancavelica - Pulso27","robots":{"index":"index","follow":"follow","max-snippet":"max-snippet:-1","max-image-preview":"max-image-preview:large","max-video-preview":"max-video-preview:-1"},"canonical":"https:\/\/pulso27.com\/es\/actualidad\/policial\/asesinan-a-una-estudiante-universitaria-y-su-amiga-en-huancavelica\/","og_locale":"es_ES","og_type":"article","og_title":"Asesinan a una estudiante universitaria y su amiga en Huancavelica - Pulso27","og_description":"En un caso que ha consternado al distrito de Lircay y a toda la comunidad universitaria, los cuerpos de Liz Angie De la Cruz Fern\u00e1ndez y su amiga Ruth Noem\u00ed Paquiyauri Chahuailacc, desaparecidas desde el 21 de octubre, fueron encontrados sin vida en un despoblado de la zona de Allato, cerca de la Cruz de [&hellip;]","og_url":"https:\/\/pulso27.com\/es\/actualidad\/policial\/asesinan-a-una-estudiante-universitaria-y-su-amiga-en-huancavelica\/","og_site_name":"Pulso27","article_publisher":"https:\/\/www.facebook.com\/pulso27\/","article_published_time":"2024-10-27T03:47:42+00:00","article_modified_time":"2024-10-27T03:47:46+00:00","og_image":[{"width":1200,"height":675,"url":"https:\/\/pulso27.com\/wp-content\/uploads\/2024\/10\/Huancavelica.png","type":"image\/png"}],"author":"El Muki","twitter_card":"summary_large_image","twitter_creator":"@Pulso_27","twitter_site":"@Pulso_27","twitter_misc":{"Written by":"El Muki","Est. reading time":"2 minutos"},"schema":{"@context":"https:\/\/schema.org","@graph":[{"@type":"Article","@id":"https:\/\/pulso27.com\/actualidad\/policial\/asesinan-a-una-estudiante-universitaria-y-su-amiga-en-huancavelica\/#article","isPartOf":{"@id":"https:\/\/pulso27.com\/actualidad\/policial\/asesinan-a-una-estudiante-universitaria-y-su-amiga-en-huancavelica\/"},"author":{"name":"El Muki","@id":"https:\/\/pulso27.com\/en\/#\/schema\/person\/a0930a7f318e7d9d83bd7cffed9f34f6"},"headline":"Asesinan a una estudiante universitaria y su amiga en Huancavelica","datePublished":"2024-10-27T03:47:42+00:00","dateModified":"2024-10-27T03:47:46+00:00","mainEntityOfPage":{"@id":"https:\/\/pulso27.com\/actualidad\/policial\/asesinan-a-una-estudiante-universitaria-y-su-amiga-en-huancavelica\/"},"wordCount":424,"commentCount":0,"publisher":{"@id":"https:\/\/pulso27.com\/en\/#organization"},"image":{"@id":"https:\/\/pulso27.com\/actualidad\/policial\/asesinan-a-una-estudiante-universitaria-y-su-amiga-en-huancavelica\/#primaryimage"},"thumbnailUrl":"https:\/\/pulso27.com\/wp-content\/uploads\/2024\/10\/Huancavelica.png","keywords":["Angaraes","Asesinados","Huancavelica","Lircay"],"articleSection":["Actualidad","Policial","Regional"],"inLanguage":"es-PE","potentialAction":[{"@type":"CommentAction","name":"Comment","target":["https:\/\/pulso27.com\/actualidad\/policial\/asesinan-a-una-estudiante-universitaria-y-su-amiga-en-huancavelica\/#respond"]}]},{"@type":"WebPage","@id":"https:\/\/pulso27.com\/actualidad\/policial\/asesinan-a-una-estudiante-universitaria-y-su-amiga-en-huancavelica\/","url":"https:\/\/pulso27.com\/actualidad\/policial\/asesinan-a-una-estudiante-universitaria-y-su-amiga-en-huancavelica\/","name":"Asesinan a una estudiante universitaria y su amiga en Huancavelica - Pulso27","isPartOf":{"@id":"https:\/\/pulso27.com\/en\/#website"},"primaryImageOfPage":{"@id":"https:\/\/pulso27.com\/actualidad\/policial\/asesinan-a-una-estudiante-universitaria-y-su-amiga-en-huancavelica\/#primaryimage"},"image":{"@id":"https:\/\/pulso27.com\/actualidad\/policial\/asesinan-a-una-estudiante-universitaria-y-su-amiga-en-huancavelica\/#primaryimage"},"thumbnailUrl":"https:\/\/pulso27.com\/wp-content\/uploads\/2024\/10\/Huancavelica.png","datePublished":"2024-10-27T03:47:42+00:00","dateModified":"2024-10-27T03:47:46+00:00","breadcrumb":{"@id":"https:\/\/pulso27.com\/actualidad\/policial\/asesinan-a-una-estudiante-universitaria-y-su-amiga-en-huancavelica\/#breadcrumb"},"inLanguage":"es-PE","potentialAction":[{"@type":"ReadAction","target":["https:\/\/pulso27.com\/actualidad\/policial\/asesinan-a-una-estudiante-universitaria-y-su-amiga-en-huancavelica\/"]}]},{"@type":"ImageObject","inLanguage":"es-PE","@id":"https:\/\/pulso27.com\/actualidad\/policial\/asesinan-a-una-estudiante-universitaria-y-su-amiga-en-huancavelica\/#primaryimage","url":"https:\/\/pulso27.com\/wp-content\/uploads\/2024\/10\/Huancavelica.png","contentUrl":"https:\/\/pulso27.com\/wp-content\/uploads\/2024\/10\/Huancavelica.png","width":1200,"height":675},{"@type":"BreadcrumbList","@id":"https:\/\/pulso27.com\/actualidad\/policial\/asesinan-a-una-estudiante-universitaria-y-su-amiga-en-huancavelica\/#breadcrumb","itemListElement":[{"@type":"ListItem","position":1,"name":"Portada","item":"https:\/\/pulso27.com\/"},{"@type":"ListItem","position":2,"name":"Asesinan a una estudiante universitaria y su amiga en Huancavelica"}]},{"@type":"WebSite","@id":"https:\/\/pulso27.com\/en\/#website","url":"https:\/\/pulso27.com\/en\/","name":"Pulso27","description":"Web de noticias y publicidad","publisher":{"@id":"https:\/\/pulso27.com\/en\/#organization"},"alternateName":"El pulso del pueblo","potentialAction":[{"@type":"SearchAction","target":{"@type":"EntryPoint","urlTemplate":"https:\/\/pulso27.com\/en\/?s={search_term_string}"},"query-input":{"@type":"PropertyValueSpecification","valueRequired":true,"valueName":"search_term_string"}}],"inLanguage":"es-PE"},{"@type":"Organization","@id":"https:\/\/pulso27.com\/en\/#organization","name":"Pulso27","url":"https:\/\/pulso27.com\/en\/","logo":{"@type":"ImageObject","inLanguage":"es-PE","@id":"https:\/\/pulso27.com\/en\/#\/schema\/logo\/image\/","url":"https:\/\/pulso27.com\/wp-content\/uploads\/2026\/02\/Logotipo-de-la-organizacion-696-x-696-px-ok.png","contentUrl":"https:\/\/pulso27.com\/wp-content\/uploads\/2026\/02\/Logotipo-de-la-organizacion-696-x-696-px-ok.png","width":696,"height":696,"caption":"Pulso27"},"image":{"@id":"https:\/\/pulso27.com\/en\/#\/schema\/logo\/image\/"},"sameAs":["https:\/\/www.facebook.com\/pulso27\/","https:\/\/x.com\/Pulso_27","https:\/\/www.youtube.com\/@Pulso27","https:\/\/www.tiktok.com\/@pulso_27"]},{"@type":"Person","@id":"https:\/\/pulso27.com\/en\/#\/schema\/person\/a0930a7f318e7d9d83bd7cffed9f34f6","name":"El Muki","image":{"@type":"ImageObject","inLanguage":"es-PE","@id":"https:\/\/secure.gravatar.com\/avatar\/dc91c2607c5eebda74cbb40d13031f489096c96ead89c4c30c17db262267b2b3?s=96&d=mm&r=g","url":"https:\/\/secure.gravatar.com\/avatar\/dc91c2607c5eebda74cbb40d13031f489096c96ead89c4c30c17db262267b2b3?s=96&d=mm&r=g","contentUrl":"https:\/\/secure.gravatar.com\/avatar\/dc91c2607c5eebda74cbb40d13031f489096c96ead89c4c30c17db262267b2b3?s=96&d=mm&r=g","caption":"El Muki"},"sameAs":["http:\/\/www.pulso27.com"],"url":"https:\/\/pulso27.com\/es\/author\/elcuervo\/"}]}},"amp_enabled":true,"_links":{"self":[{"href":"https:\/\/pulso27.com\/es\/wp-json\/wp\/v2\/posts\/2597","targetHints":{"allow":["GET"]}}],"collection":[{"href":"https:\/\/pulso27.com\/es\/wp-json\/wp\/v2\/posts"}],"about":[{"href":"https:\/\/pulso27.com\/es\/wp-json\/wp\/v2\/types\/post"}],"author":[{"embeddable":true,"href":"https:\/\/pulso27.com\/es\/wp-json\/wp\/v2\/users\/10"}],"replies":[{"embeddable":true,"href":"https:\/\/pulso27.com\/es\/wp-json\/wp\/v2\/comments?post=2597"}],"version-history":[{"count":1,"href":"https:\/\/pulso27.com\/es\/wp-json\/wp\/v2\/posts\/2597\/revisions"}],"predecessor-version":[{"id":2600,"href":"https:\/\/pulso27.com\/es\/wp-json\/wp\/v2\/posts\/2597\/revisions\/2600"}],"wp:featuredmedia":[{"embeddable":true,"href":"https:\/\/pulso27.com\/es\/wp-json\/wp\/v2\/media\/2598"}],"wp:attachment":[{"href":"https:\/\/pulso27.com\/es\/wp-json\/wp\/v2\/media?parent=2597"}],"wp:term":[{"taxonomy":"category","embeddable":true,"href":"https:\/\/pulso27.com\/es\/wp-json\/wp\/v2\/categories?post=2597"},{"taxonomy":"post_tag","embeddable":true,"href":"https:\/\/pulso27.com\/es\/wp-json\/wp\/v2\/tags?post=2597"}],"curies":[{"name":"wp","href":"https:\/\/api.w.org\/{rel}","templated":true}]}}