{"id":2623,"date":"2024-10-29T02:37:15","date_gmt":"2024-10-28T21:37:15","guid":{"rendered":"https:\/\/pulso27.com\/?p=2623"},"modified":"2024-10-29T02:37:19","modified_gmt":"2024-10-28T21:37:19","slug":"paro-de-transportistas-bloquea-vias-y-paraliza-actividades-en-el-norte-de-peru","status":"publish","type":"post","link":"https:\/\/pulso27.com\/es\/actualidad\/policial\/paro-de-transportistas-bloquea-vias-y-paraliza-actividades-en-el-norte-de-peru\/","title":{"rendered":"Paro de transportistas bloquea v\u00edas y paraliza actividades en el norte de Per\u00fa"},"content":{"rendered":"\n<p>En medio de un clima de tensi\u00f3n, el paro de transportistas en La Libertad, Lambayeque y otras zonas del norte del Per\u00fa ha dejado a decenas de personas varadas y provoc\u00f3 la suspensi\u00f3n de clases y de la venta de boletos en diversos terminales terrestres. La protesta, motivada por el alza en los precios de combustibles y la inseguridad, ha generado bloqueos en tramos de la Panamericana Norte, afectando la libre circulaci\u00f3n de veh\u00edculos y provocando situaciones de violencia entre manifestantes y fuerzas del orden.<\/p>\n\n\n\n<p>Desde las primeras horas de hoy, en el terminal terrestre El Chimbador, en Chimbote, los viajeros que buscaban llegar a ciudades como Trujillo, Chiclayo o Piura se encontraron con la imposibilidad de partir debido a la suspensi\u00f3n de la venta de boletos. La medida fue tomada por las empresas de transporte en respuesta a los bloqueos en el kil\u00f3metro 504 de la Panamericana, donde manifestantes colocaron piedras, llantas y palos para impedir el paso.<\/p>\n\n\n\n<p>La situaci\u00f3n se torn\u00f3 violenta en el sector de Chao, provincia de Vir\u00fa, donde agentes de la Polic\u00eda Nacional del Per\u00fa (PNP) intentaron liberar la v\u00eda. Seg\u00fan medios locales, tres personas resultaron heridas, incluidos dos polic\u00edas y un manifestante, quienes fueron trasladados a hospitales de Trujillo y al centro de salud Puente Chao, donde su estado de salud ha sido reportado como estable.<\/p>\n\n\n\n<figure class=\"wp-block-image size-large\"><img loading=\"lazy\" decoding=\"async\" width=\"1024\" height=\"576\" src=\"https:\/\/pulso27.com\/wp-content\/uploads\/2024\/10\/ParoNorte-1-1024x576.png\" alt=\"\" class=\"wp-image-2626\" srcset=\"https:\/\/pulso27.com\/wp-content\/uploads\/2024\/10\/ParoNorte-1-1024x576.png 1024w, https:\/\/pulso27.com\/wp-content\/uploads\/2024\/10\/ParoNorte-1-300x169.png 300w, https:\/\/pulso27.com\/wp-content\/uploads\/2024\/10\/ParoNorte-1-768x432.png 768w, https:\/\/pulso27.com\/wp-content\/uploads\/2024\/10\/ParoNorte-1-18x10.png 18w, https:\/\/pulso27.com\/wp-content\/uploads\/2024\/10\/ParoNorte-1.png 1200w\" sizes=\"auto, (max-width: 1024px) 100vw, 1024px\" \/><figcaption class=\"wp-element-caption\"><em>Desde las primeras horas los pobladores bloquearon las v\u00edas de transporte del norte de Per\u00fa<\/em><\/figcaption><\/figure>\n\n\n\n<p>La Defensor\u00eda del Pueblo inform\u00f3 sobre su intervenci\u00f3n en el centro de salud de Puente Chao para verificar la atenci\u00f3n de los heridos, confirmando su estado estable y asegurando que monitorear\u00e1n el seguimiento de su tratamiento m\u00e9dico.<\/p>\n\n\n\n<p>A ra\u00edz de las protestas, las autoridades de Lambayeque, Chiclayo y Ferre\u00f1afe suspendieron las clases presenciales en los colegios p\u00fablicos y privados, priorizando la seguridad de estudiantes y docentes. Las Unidades de Gesti\u00f3n Educativa Local (Ugel) de estas provincias anunciaron la medida a trav\u00e9s de sus redes sociales, en coordinaci\u00f3n con la Gerencia Regional de Educaci\u00f3n de Lambayeque, adoptando la modalidad virtual mientras dure la situaci\u00f3n.<\/p>\n\n\n\n<p>En respuesta a los bloqueos y la creciente ola de inseguridad en la regi\u00f3n, el gobernador de La Libertad, C\u00e9sar Acu\u00f1a, solicit\u00f3 la intervenci\u00f3n de las Fuerzas Armadas para garantizar la seguridad en la Panamericana Norte, especialmente en los tramos afectados en Vir\u00fa. Aunque la PNP logr\u00f3 el desbloqueo parcial en la zona de Valle de Dios, agentes permanecen en el \u00e1rea para evitar nuevos cierres.<\/p>\n\n\n\n<p>La situaci\u00f3n contin\u00faa siendo cr\u00edtica, con miles de ciudadanos y transportistas a la expectativa de una soluci\u00f3n que permita reanudar el tr\u00e1nsito y las actividades en la regi\u00f3n norte del pa\u00eds.<\/p>\n","protected":false},"excerpt":{"rendered":"<p>En medio de un clima de tensi\u00f3n, el paro de transportistas en La Libertad, Lambayeque y otras zonas del norte del Per\u00fa ha dejado a decenas de personas varadas y provoc\u00f3 la suspensi\u00f3n de clases y de la venta de boletos en diversos terminales terrestres. La protesta, motivada por el alza en los precios de [&hellip;]<\/p>\n","protected":false},"author":7,"featured_media":2624,"comment_status":"open","ping_status":"open","sticky":false,"template":"","format":"standard","meta":{"footnotes":""},"categories":[178,810],"tags":[1871,1874,1873,1872,861],"class_list":["post-2623","post","type-post","status-publish","format-standard","has-post-thumbnail","hentry","category-policial","category-regional","tag-nortedeperu","tag-ferrenafe","tag-lalibertad","tag-lambayeque","tag-parodetransportes"],"yoast_head":"<!-- This site is optimized with the Yoast SEO plugin v27.4 - https:\/\/yoast.com\/product\/yoast-seo-wordpress\/ -->\n<title>Paro de transportistas bloquea v\u00edas y paraliza actividades en el norte de Per\u00fa - Pulso27<\/title>\n<meta name=\"robots\" content=\"index, follow, max-snippet:-1, max-image-preview:large, max-video-preview:-1\" \/>\n<link rel=\"canonical\" href=\"https:\/\/pulso27.com\/es\/actualidad\/policial\/paro-de-transportistas-bloquea-vias-y-paraliza-actividades-en-el-norte-de-peru\/\" \/>\n<meta property=\"og:locale\" content=\"es_ES\" \/>\n<meta property=\"og:type\" content=\"article\" \/>\n<meta property=\"og:title\" content=\"Paro de transportistas bloquea v\u00edas y paraliza actividades en el norte de Per\u00fa - Pulso27\" \/>\n<meta property=\"og:description\" content=\"En medio de un clima de tensi\u00f3n, el paro de transportistas en La Libertad, Lambayeque y otras zonas del norte del Per\u00fa ha dejado a decenas de personas varadas y provoc\u00f3 la suspensi\u00f3n de clases y de la venta de boletos en diversos terminales terrestres. La protesta, motivada por el alza en los precios de [&hellip;]\" \/>\n<meta property=\"og:url\" content=\"https:\/\/pulso27.com\/es\/actualidad\/policial\/paro-de-transportistas-bloquea-vias-y-paraliza-actividades-en-el-norte-de-peru\/\" \/>\n<meta property=\"og:site_name\" content=\"Pulso27\" \/>\n<meta property=\"article:publisher\" content=\"https:\/\/www.facebook.com\/pulso27\/\" \/>\n<meta property=\"article:published_time\" content=\"2024-10-28T21:37:15+00:00\" \/>\n<meta property=\"article:modified_time\" content=\"2024-10-28T21:37:19+00:00\" \/>\n<meta property=\"og:image\" content=\"https:\/\/pulso27.com\/wp-content\/uploads\/2024\/10\/ParoNortee.png\" \/>\n\t<meta property=\"og:image:width\" content=\"1200\" \/>\n\t<meta property=\"og:image:height\" content=\"675\" \/>\n\t<meta property=\"og:image:type\" content=\"image\/png\" \/>\n<meta name=\"author\" content=\"Tupaq\" \/>\n<meta name=\"twitter:card\" content=\"summary_large_image\" \/>\n<meta name=\"twitter:creator\" content=\"@Pulso_27\" \/>\n<meta name=\"twitter:site\" content=\"@Pulso_27\" \/>\n<meta name=\"twitter:label1\" content=\"Written by\" \/>\n\t<meta name=\"twitter:data1\" content=\"Tupaq\" \/>\n\t<meta name=\"twitter:label2\" content=\"Est. reading time\" \/>\n\t<meta name=\"twitter:data2\" content=\"2 minutos\" \/>\n<script type=\"application\/ld+json\" class=\"yoast-schema-graph\">{\"@context\":\"https:\\\/\\\/schema.org\",\"@graph\":[{\"@type\":\"Article\",\"@id\":\"https:\\\/\\\/pulso27.com\\\/actualidad\\\/policial\\\/paro-de-transportistas-bloquea-vias-y-paraliza-actividades-en-el-norte-de-peru\\\/#article\",\"isPartOf\":{\"@id\":\"https:\\\/\\\/pulso27.com\\\/actualidad\\\/policial\\\/paro-de-transportistas-bloquea-vias-y-paraliza-actividades-en-el-norte-de-peru\\\/\"},\"author\":{\"name\":\"Tupaq\",\"@id\":\"https:\\\/\\\/pulso27.com\\\/en\\\/#\\\/schema\\\/person\\\/d20fd7f5bc7f2e53fd150d43fca07a78\"},\"headline\":\"Paro de transportistas bloquea v\u00edas y paraliza actividades en el norte de Per\u00fa\",\"datePublished\":\"2024-10-28T21:37:15+00:00\",\"dateModified\":\"2024-10-28T21:37:19+00:00\",\"mainEntityOfPage\":{\"@id\":\"https:\\\/\\\/pulso27.com\\\/actualidad\\\/policial\\\/paro-de-transportistas-bloquea-vias-y-paraliza-actividades-en-el-norte-de-peru\\\/\"},\"wordCount\":486,\"commentCount\":0,\"publisher\":{\"@id\":\"https:\\\/\\\/pulso27.com\\\/en\\\/#organization\"},\"image\":{\"@id\":\"https:\\\/\\\/pulso27.com\\\/actualidad\\\/policial\\\/paro-de-transportistas-bloquea-vias-y-paraliza-actividades-en-el-norte-de-peru\\\/#primaryimage\"},\"thumbnailUrl\":\"https:\\\/\\\/pulso27.com\\\/wp-content\\\/uploads\\\/2024\\\/10\\\/ParoNortee.png\",\"keywords\":[\"#NorteDePer\u00fa\",\"Ferre\u00f1afe\",\"LaLibertad\",\"Lambayeque\",\"ParoDeTransportes\"],\"articleSection\":[\"Policial\",\"Regional\"],\"inLanguage\":\"es-PE\",\"potentialAction\":[{\"@type\":\"CommentAction\",\"name\":\"Comment\",\"target\":[\"https:\\\/\\\/pulso27.com\\\/actualidad\\\/policial\\\/paro-de-transportistas-bloquea-vias-y-paraliza-actividades-en-el-norte-de-peru\\\/#respond\"]}]},{\"@type\":\"WebPage\",\"@id\":\"https:\\\/\\\/pulso27.com\\\/actualidad\\\/policial\\\/paro-de-transportistas-bloquea-vias-y-paraliza-actividades-en-el-norte-de-peru\\\/\",\"url\":\"https:\\\/\\\/pulso27.com\\\/actualidad\\\/policial\\\/paro-de-transportistas-bloquea-vias-y-paraliza-actividades-en-el-norte-de-peru\\\/\",\"name\":\"Paro de transportistas bloquea v\u00edas y paraliza actividades en el norte de Per\u00fa - Pulso27\",\"isPartOf\":{\"@id\":\"https:\\\/\\\/pulso27.com\\\/en\\\/#website\"},\"primaryImageOfPage\":{\"@id\":\"https:\\\/\\\/pulso27.com\\\/actualidad\\\/policial\\\/paro-de-transportistas-bloquea-vias-y-paraliza-actividades-en-el-norte-de-peru\\\/#primaryimage\"},\"image\":{\"@id\":\"https:\\\/\\\/pulso27.com\\\/actualidad\\\/policial\\\/paro-de-transportistas-bloquea-vias-y-paraliza-actividades-en-el-norte-de-peru\\\/#primaryimage\"},\"thumbnailUrl\":\"https:\\\/\\\/pulso27.com\\\/wp-content\\\/uploads\\\/2024\\\/10\\\/ParoNortee.png\",\"datePublished\":\"2024-10-28T21:37:15+00:00\",\"dateModified\":\"2024-10-28T21:37:19+00:00\",\"breadcrumb\":{\"@id\":\"https:\\\/\\\/pulso27.com\\\/actualidad\\\/policial\\\/paro-de-transportistas-bloquea-vias-y-paraliza-actividades-en-el-norte-de-peru\\\/#breadcrumb\"},\"inLanguage\":\"es-PE\",\"potentialAction\":[{\"@type\":\"ReadAction\",\"target\":[\"https:\\\/\\\/pulso27.com\\\/actualidad\\\/policial\\\/paro-de-transportistas-bloquea-vias-y-paraliza-actividades-en-el-norte-de-peru\\\/\"]}]},{\"@type\":\"ImageObject\",\"inLanguage\":\"es-PE\",\"@id\":\"https:\\\/\\\/pulso27.com\\\/actualidad\\\/policial\\\/paro-de-transportistas-bloquea-vias-y-paraliza-actividades-en-el-norte-de-peru\\\/#primaryimage\",\"url\":\"https:\\\/\\\/pulso27.com\\\/wp-content\\\/uploads\\\/2024\\\/10\\\/ParoNortee.png\",\"contentUrl\":\"https:\\\/\\\/pulso27.com\\\/wp-content\\\/uploads\\\/2024\\\/10\\\/ParoNortee.png\",\"width\":1200,\"height\":675},{\"@type\":\"BreadcrumbList\",\"@id\":\"https:\\\/\\\/pulso27.com\\\/actualidad\\\/policial\\\/paro-de-transportistas-bloquea-vias-y-paraliza-actividades-en-el-norte-de-peru\\\/#breadcrumb\",\"itemListElement\":[{\"@type\":\"ListItem\",\"position\":1,\"name\":\"Portada\",\"item\":\"https:\\\/\\\/pulso27.com\\\/\"},{\"@type\":\"ListItem\",\"position\":2,\"name\":\"Paro de transportistas bloquea v\u00edas y paraliza actividades en el norte de Per\u00fa\"}]},{\"@type\":\"WebSite\",\"@id\":\"https:\\\/\\\/pulso27.com\\\/en\\\/#website\",\"url\":\"https:\\\/\\\/pulso27.com\\\/en\\\/\",\"name\":\"Pulso27\",\"description\":\"Web de noticias y publicidad\",\"publisher\":{\"@id\":\"https:\\\/\\\/pulso27.com\\\/en\\\/#organization\"},\"alternateName\":\"El pulso del pueblo\",\"potentialAction\":[{\"@type\":\"SearchAction\",\"target\":{\"@type\":\"EntryPoint\",\"urlTemplate\":\"https:\\\/\\\/pulso27.com\\\/en\\\/?s={search_term_string}\"},\"query-input\":{\"@type\":\"PropertyValueSpecification\",\"valueRequired\":true,\"valueName\":\"search_term_string\"}}],\"inLanguage\":\"es-PE\"},{\"@type\":\"Organization\",\"@id\":\"https:\\\/\\\/pulso27.com\\\/en\\\/#organization\",\"name\":\"Pulso27\",\"url\":\"https:\\\/\\\/pulso27.com\\\/en\\\/\",\"logo\":{\"@type\":\"ImageObject\",\"inLanguage\":\"es-PE\",\"@id\":\"https:\\\/\\\/pulso27.com\\\/en\\\/#\\\/schema\\\/logo\\\/image\\\/\",\"url\":\"https:\\\/\\\/pulso27.com\\\/wp-content\\\/uploads\\\/2026\\\/02\\\/Logotipo-de-la-organizacion-696-x-696-px-ok.png\",\"contentUrl\":\"https:\\\/\\\/pulso27.com\\\/wp-content\\\/uploads\\\/2026\\\/02\\\/Logotipo-de-la-organizacion-696-x-696-px-ok.png\",\"width\":696,\"height\":696,\"caption\":\"Pulso27\"},\"image\":{\"@id\":\"https:\\\/\\\/pulso27.com\\\/en\\\/#\\\/schema\\\/logo\\\/image\\\/\"},\"sameAs\":[\"https:\\\/\\\/www.facebook.com\\\/pulso27\\\/\",\"https:\\\/\\\/x.com\\\/Pulso_27\",\"https:\\\/\\\/www.youtube.com\\\/@Pulso27\",\"https:\\\/\\\/www.tiktok.com\\\/@pulso_27\"]},{\"@type\":\"Person\",\"@id\":\"https:\\\/\\\/pulso27.com\\\/en\\\/#\\\/schema\\\/person\\\/d20fd7f5bc7f2e53fd150d43fca07a78\",\"name\":\"Tupaq\",\"image\":{\"@type\":\"ImageObject\",\"inLanguage\":\"es-PE\",\"@id\":\"https:\\\/\\\/secure.gravatar.com\\\/avatar\\\/7929e9b034aeea560319a601e4f04c59eb5f45a79eafe192adabb67e9604e7e7?s=96&d=mm&r=g\",\"url\":\"https:\\\/\\\/secure.gravatar.com\\\/avatar\\\/7929e9b034aeea560319a601e4f04c59eb5f45a79eafe192adabb67e9604e7e7?s=96&d=mm&r=g\",\"contentUrl\":\"https:\\\/\\\/secure.gravatar.com\\\/avatar\\\/7929e9b034aeea560319a601e4f04c59eb5f45a79eafe192adabb67e9604e7e7?s=96&d=mm&r=g\",\"caption\":\"Tupaq\"},\"url\":\"https:\\\/\\\/pulso27.com\\\/es\\\/author\\\/tupaq\\\/\"}]}<\/script>\n<!-- \/ Yoast SEO plugin. -->","yoast_head_json":{"title":"Paro de transportistas bloquea v\u00edas y paraliza actividades en el norte de Per\u00fa - Pulso27","robots":{"index":"index","follow":"follow","max-snippet":"max-snippet:-1","max-image-preview":"max-image-preview:large","max-video-preview":"max-video-preview:-1"},"canonical":"https:\/\/pulso27.com\/es\/actualidad\/policial\/paro-de-transportistas-bloquea-vias-y-paraliza-actividades-en-el-norte-de-peru\/","og_locale":"es_ES","og_type":"article","og_title":"Paro de transportistas bloquea v\u00edas y paraliza actividades en el norte de Per\u00fa - Pulso27","og_description":"En medio de un clima de tensi\u00f3n, el paro de transportistas en La Libertad, Lambayeque y otras zonas del norte del Per\u00fa ha dejado a decenas de personas varadas y provoc\u00f3 la suspensi\u00f3n de clases y de la venta de boletos en diversos terminales terrestres. La protesta, motivada por el alza en los precios de [&hellip;]","og_url":"https:\/\/pulso27.com\/es\/actualidad\/policial\/paro-de-transportistas-bloquea-vias-y-paraliza-actividades-en-el-norte-de-peru\/","og_site_name":"Pulso27","article_publisher":"https:\/\/www.facebook.com\/pulso27\/","article_published_time":"2024-10-28T21:37:15+00:00","article_modified_time":"2024-10-28T21:37:19+00:00","og_image":[{"width":1200,"height":675,"url":"https:\/\/pulso27.com\/wp-content\/uploads\/2024\/10\/ParoNortee.png","type":"image\/png"}],"author":"Tupaq","twitter_card":"summary_large_image","twitter_creator":"@Pulso_27","twitter_site":"@Pulso_27","twitter_misc":{"Written by":"Tupaq","Est. reading time":"2 minutos"},"schema":{"@context":"https:\/\/schema.org","@graph":[{"@type":"Article","@id":"https:\/\/pulso27.com\/actualidad\/policial\/paro-de-transportistas-bloquea-vias-y-paraliza-actividades-en-el-norte-de-peru\/#article","isPartOf":{"@id":"https:\/\/pulso27.com\/actualidad\/policial\/paro-de-transportistas-bloquea-vias-y-paraliza-actividades-en-el-norte-de-peru\/"},"author":{"name":"Tupaq","@id":"https:\/\/pulso27.com\/en\/#\/schema\/person\/d20fd7f5bc7f2e53fd150d43fca07a78"},"headline":"Paro de transportistas bloquea v\u00edas y paraliza actividades en el norte de Per\u00fa","datePublished":"2024-10-28T21:37:15+00:00","dateModified":"2024-10-28T21:37:19+00:00","mainEntityOfPage":{"@id":"https:\/\/pulso27.com\/actualidad\/policial\/paro-de-transportistas-bloquea-vias-y-paraliza-actividades-en-el-norte-de-peru\/"},"wordCount":486,"commentCount":0,"publisher":{"@id":"https:\/\/pulso27.com\/en\/#organization"},"image":{"@id":"https:\/\/pulso27.com\/actualidad\/policial\/paro-de-transportistas-bloquea-vias-y-paraliza-actividades-en-el-norte-de-peru\/#primaryimage"},"thumbnailUrl":"https:\/\/pulso27.com\/wp-content\/uploads\/2024\/10\/ParoNortee.png","keywords":["#NorteDePer\u00fa","Ferre\u00f1afe","LaLibertad","Lambayeque","ParoDeTransportes"],"articleSection":["Policial","Regional"],"inLanguage":"es-PE","potentialAction":[{"@type":"CommentAction","name":"Comment","target":["https:\/\/pulso27.com\/actualidad\/policial\/paro-de-transportistas-bloquea-vias-y-paraliza-actividades-en-el-norte-de-peru\/#respond"]}]},{"@type":"WebPage","@id":"https:\/\/pulso27.com\/actualidad\/policial\/paro-de-transportistas-bloquea-vias-y-paraliza-actividades-en-el-norte-de-peru\/","url":"https:\/\/pulso27.com\/actualidad\/policial\/paro-de-transportistas-bloquea-vias-y-paraliza-actividades-en-el-norte-de-peru\/","name":"Paro de transportistas bloquea v\u00edas y paraliza actividades en el norte de Per\u00fa - Pulso27","isPartOf":{"@id":"https:\/\/pulso27.com\/en\/#website"},"primaryImageOfPage":{"@id":"https:\/\/pulso27.com\/actualidad\/policial\/paro-de-transportistas-bloquea-vias-y-paraliza-actividades-en-el-norte-de-peru\/#primaryimage"},"image":{"@id":"https:\/\/pulso27.com\/actualidad\/policial\/paro-de-transportistas-bloquea-vias-y-paraliza-actividades-en-el-norte-de-peru\/#primaryimage"},"thumbnailUrl":"https:\/\/pulso27.com\/wp-content\/uploads\/2024\/10\/ParoNortee.png","datePublished":"2024-10-28T21:37:15+00:00","dateModified":"2024-10-28T21:37:19+00:00","breadcrumb":{"@id":"https:\/\/pulso27.com\/actualidad\/policial\/paro-de-transportistas-bloquea-vias-y-paraliza-actividades-en-el-norte-de-peru\/#breadcrumb"},"inLanguage":"es-PE","potentialAction":[{"@type":"ReadAction","target":["https:\/\/pulso27.com\/actualidad\/policial\/paro-de-transportistas-bloquea-vias-y-paraliza-actividades-en-el-norte-de-peru\/"]}]},{"@type":"ImageObject","inLanguage":"es-PE","@id":"https:\/\/pulso27.com\/actualidad\/policial\/paro-de-transportistas-bloquea-vias-y-paraliza-actividades-en-el-norte-de-peru\/#primaryimage","url":"https:\/\/pulso27.com\/wp-content\/uploads\/2024\/10\/ParoNortee.png","contentUrl":"https:\/\/pulso27.com\/wp-content\/uploads\/2024\/10\/ParoNortee.png","width":1200,"height":675},{"@type":"BreadcrumbList","@id":"https:\/\/pulso27.com\/actualidad\/policial\/paro-de-transportistas-bloquea-vias-y-paraliza-actividades-en-el-norte-de-peru\/#breadcrumb","itemListElement":[{"@type":"ListItem","position":1,"name":"Portada","item":"https:\/\/pulso27.com\/"},{"@type":"ListItem","position":2,"name":"Paro de transportistas bloquea v\u00edas y paraliza actividades en el norte de Per\u00fa"}]},{"@type":"WebSite","@id":"https:\/\/pulso27.com\/en\/#website","url":"https:\/\/pulso27.com\/en\/","name":"Pulso27","description":"Web de noticias y publicidad","publisher":{"@id":"https:\/\/pulso27.com\/en\/#organization"},"alternateName":"El pulso del pueblo","potentialAction":[{"@type":"SearchAction","target":{"@type":"EntryPoint","urlTemplate":"https:\/\/pulso27.com\/en\/?s={search_term_string}"},"query-input":{"@type":"PropertyValueSpecification","valueRequired":true,"valueName":"search_term_string"}}],"inLanguage":"es-PE"},{"@type":"Organization","@id":"https:\/\/pulso27.com\/en\/#organization","name":"Pulso27","url":"https:\/\/pulso27.com\/en\/","logo":{"@type":"ImageObject","inLanguage":"es-PE","@id":"https:\/\/pulso27.com\/en\/#\/schema\/logo\/image\/","url":"https:\/\/pulso27.com\/wp-content\/uploads\/2026\/02\/Logotipo-de-la-organizacion-696-x-696-px-ok.png","contentUrl":"https:\/\/pulso27.com\/wp-content\/uploads\/2026\/02\/Logotipo-de-la-organizacion-696-x-696-px-ok.png","width":696,"height":696,"caption":"Pulso27"},"image":{"@id":"https:\/\/pulso27.com\/en\/#\/schema\/logo\/image\/"},"sameAs":["https:\/\/www.facebook.com\/pulso27\/","https:\/\/x.com\/Pulso_27","https:\/\/www.youtube.com\/@Pulso27","https:\/\/www.tiktok.com\/@pulso_27"]},{"@type":"Person","@id":"https:\/\/pulso27.com\/en\/#\/schema\/person\/d20fd7f5bc7f2e53fd150d43fca07a78","name":"Tupaq","image":{"@type":"ImageObject","inLanguage":"es-PE","@id":"https:\/\/secure.gravatar.com\/avatar\/7929e9b034aeea560319a601e4f04c59eb5f45a79eafe192adabb67e9604e7e7?s=96&d=mm&r=g","url":"https:\/\/secure.gravatar.com\/avatar\/7929e9b034aeea560319a601e4f04c59eb5f45a79eafe192adabb67e9604e7e7?s=96&d=mm&r=g","contentUrl":"https:\/\/secure.gravatar.com\/avatar\/7929e9b034aeea560319a601e4f04c59eb5f45a79eafe192adabb67e9604e7e7?s=96&d=mm&r=g","caption":"Tupaq"},"url":"https:\/\/pulso27.com\/es\/author\/tupaq\/"}]}},"amp_enabled":true,"_links":{"self":[{"href":"https:\/\/pulso27.com\/es\/wp-json\/wp\/v2\/posts\/2623","targetHints":{"allow":["GET"]}}],"collection":[{"href":"https:\/\/pulso27.com\/es\/wp-json\/wp\/v2\/posts"}],"about":[{"href":"https:\/\/pulso27.com\/es\/wp-json\/wp\/v2\/types\/post"}],"author":[{"embeddable":true,"href":"https:\/\/pulso27.com\/es\/wp-json\/wp\/v2\/users\/7"}],"replies":[{"embeddable":true,"href":"https:\/\/pulso27.com\/es\/wp-json\/wp\/v2\/comments?post=2623"}],"version-history":[{"count":1,"href":"https:\/\/pulso27.com\/es\/wp-json\/wp\/v2\/posts\/2623\/revisions"}],"predecessor-version":[{"id":2627,"href":"https:\/\/pulso27.com\/es\/wp-json\/wp\/v2\/posts\/2623\/revisions\/2627"}],"wp:featuredmedia":[{"embeddable":true,"href":"https:\/\/pulso27.com\/es\/wp-json\/wp\/v2\/media\/2624"}],"wp:attachment":[{"href":"https:\/\/pulso27.com\/es\/wp-json\/wp\/v2\/media?parent=2623"}],"wp:term":[{"taxonomy":"category","embeddable":true,"href":"https:\/\/pulso27.com\/es\/wp-json\/wp\/v2\/categories?post=2623"},{"taxonomy":"post_tag","embeddable":true,"href":"https:\/\/pulso27.com\/es\/wp-json\/wp\/v2\/tags?post=2623"}],"curies":[{"name":"wp","href":"https:\/\/api.w.org\/{rel}","templated":true}]}}