{"id":2698,"date":"2024-10-31T11:00:28","date_gmt":"2024-10-31T06:00:28","guid":{"rendered":"https:\/\/pulso27.com\/?p=2698"},"modified":"2024-10-31T11:00:32","modified_gmt":"2024-10-31T06:00:32","slug":"juntos-por-el-peru-anuncia-recoleccion-de-firmas-para-mocion-de-vacancia-contra-dina-boluarte","status":"publish","type":"post","link":"https:\/\/pulso27.com\/es\/nacional\/juntos-por-el-peru-anuncia-recoleccion-de-firmas-para-mocion-de-vacancia-contra-dina-boluarte\/","title":{"rendered":"Juntos por el Per\u00fa anuncia recolecci\u00f3n de firmas para moci\u00f3n de vacancia contra Dina Boluarte"},"content":{"rendered":"\n<p>El congresista Roberto S\u00e1nchez, presidente de Juntos por el Per\u00fa (JP) y vocero de la bancada Juntos por el Per\u00fa \u2013 Voces del Pueblo, anunci\u00f3 el inicio de la recolecci\u00f3n de firmas para respaldar una moci\u00f3n de vacancia contra la presidenta Dina Boluarte. \u201c\u00bfEl Per\u00fa le cree a la presidenta? No solo se trata de mentiras, sino de faltas a la verdad, una condici\u00f3n moral esencial para ejercer la presidencia. Ante el clamor de distintos sectores, hemos formulado una moci\u00f3n de vacancia presidencial y ya comenzamos a recolectar firmas esta tarde\u201d, afirm\u00f3 S\u00e1nchez.<\/p>\n\n\n\n<p>El congresista explic\u00f3 que la moci\u00f3n fue detallada hoy, y que desde ma\u00f1ana se empezar\u00e1n a reunir las firmas necesarias para su presentaci\u00f3n formal en el Parlamento. \u201cEs una iniciativa multipartidaria con el respaldo de diversas bancadas y congresistas. Creemos que, democr\u00e1ticamente, ya no podemos sostener una situaci\u00f3n gubernamental as\u00ed\u201d, agreg\u00f3<br>Adem\u00e1s, S\u00e1nchez critic\u00f3 la falta de transparencia en el llamado caso \u201cEl cofre\u201d, cuestionando que Boluarte evada la justicia y permanezca en silencio por m\u00e1s de 100 d\u00edas, lo cual, seg\u00fan \u00e9l, afecta la integridad y legitimidad de la presidencia.<\/p>\n\n\n\n<figure class=\"wp-block-image size-large\"><img loading=\"lazy\" decoding=\"async\" width=\"1024\" height=\"576\" src=\"https:\/\/pulso27.com\/wp-content\/uploads\/2024\/10\/Margott-1024x576.png\" alt=\"\" class=\"wp-image-2700\" srcset=\"https:\/\/pulso27.com\/wp-content\/uploads\/2024\/10\/Margott-1024x576.png 1024w, https:\/\/pulso27.com\/wp-content\/uploads\/2024\/10\/Margott-300x169.png 300w, https:\/\/pulso27.com\/wp-content\/uploads\/2024\/10\/Margott-768x432.png 768w, https:\/\/pulso27.com\/wp-content\/uploads\/2024\/10\/Margott-18x10.png 18w, https:\/\/pulso27.com\/wp-content\/uploads\/2024\/10\/Margott.png 1200w\" sizes=\"auto, (max-width: 1024px) 100vw, 1024px\" \/><figcaption class=\"wp-element-caption\"><em>La congresista Margot Palacios anuncio su apoyo a la moci\u00f3n de vacancia de Dina Boluarte<\/em><\/figcaption><\/figure>\n\n\n\n<p>La congresista Margot Palacios Huam\u00e1n, exvocera de Per\u00fa Libre y actualmente no agrupada, apoy\u00f3 el anuncio de S\u00e1nchez, indicando: \u201cHoy firm\u00e9 la moci\u00f3n de vacancia contra Dina Boluarte, sustentada en m\u00faltiples causales que evidencian su incapacidad moral para ejercer la presidencia\u201d. Seg\u00fan Palacios, la moci\u00f3n se\u00f1ala cuestionamientos serios a la gesti\u00f3n de Boluarte, incluyendo la muerte de m\u00e1s de 50 ciudadanos en las protestas de 2022-2023, el uso desproporcionado de la fuerza y una militarizaci\u00f3n de las protestas, as\u00ed como la presunta obstrucci\u00f3n a investigaciones fiscales. En sus redes sociales, Palacios a\u00f1adi\u00f3 que la reciente detenci\u00f3n de Nicanor Boluarte, hermano de la presidenta y acusado de liderar una red de tr\u00e1fico de influencias, refuerza la necesidad de esta vacancia.<\/p>\n\n\n\n<p>El presidente del Congreso, Eduardo Salhuana, expres\u00f3 su escepticismo ante la moci\u00f3n. \u201cLos congresistas tienen la atribuci\u00f3n de presentar mociones de esta naturaleza, pero considero que no deber\u00edan tener \u00e9xito; necesitamos estabilidad pol\u00edtica para generar estabilidad econ\u00f3mica, sobre todo a pocos d\u00edas del APEC\u201d, declar\u00f3 Salhuana en una rueda de prensa.<\/p>\n\n\n\n<figure class=\"wp-block-image size-large\"><img loading=\"lazy\" decoding=\"async\" width=\"1024\" height=\"683\" src=\"https:\/\/pulso27.com\/wp-content\/uploads\/2024\/10\/image-55-1024x683.png\" alt=\"\" class=\"wp-image-2699\" srcset=\"https:\/\/pulso27.com\/wp-content\/uploads\/2024\/10\/image-55-1024x683.png 1024w, https:\/\/pulso27.com\/wp-content\/uploads\/2024\/10\/image-55-300x200.png 300w, https:\/\/pulso27.com\/wp-content\/uploads\/2024\/10\/image-55-768x512.png 768w, https:\/\/pulso27.com\/wp-content\/uploads\/2024\/10\/image-55-18x12.png 18w, https:\/\/pulso27.com\/wp-content\/uploads\/2024\/10\/image-55.png 1200w\" sizes=\"auto, (max-width: 1024px) 100vw, 1024px\" \/><figcaption class=\"wp-element-caption\"><em>APP: Eduardo Salhuana, presidente del Congreso niega apoyo a la vacancia de Dina Boluarte<\/em><\/figcaption><\/figure>\n\n\n\n<p>El partido Alianza para el Progreso (APP), liderado por C\u00e9sar Acu\u00f1a, tambi\u00e9n se manifest\u00f3 en contra de la vacancia. A trav\u00e9s de Salhuana, APP expres\u00f3 que no respaldar\u00eda ninguna moci\u00f3n de vacancia, a pesar de reconocer que la gesti\u00f3n de Boluarte enfrenta problemas significativos, como el incremento de la delincuencia y la crisis de seguridad. Salhuana sostuvo que \u201cla presidenta debe mejorar sus estrategias y potenciar la Polic\u00eda Nacional, pero no podemos llegar a una situaci\u00f3n de este tipo\u201d.<\/p>\n\n\n\n<p>Por otro lado, Per\u00fa Libre, aliado de Fuerza Popular en el Congreso, no ha emitido un comunicado oficial. Sin embargo, el l\u00edder de Per\u00fa Libre, Vladimir Cerr\u00f3n, recientemente anticip\u00f3 el fin del gobierno de Boluarte, sugiriendo que no se presentar\u00e1 a la naci\u00f3n en el pr\u00f3ximo mensaje presidencial. Waldemar Cerr\u00f3n, segundo vicepresidente del Congreso y hermano del pr\u00f3fugo Vladimir Cerr\u00f3n, no ha emitido ning\u00fan mensaje y brilla por su ausencia en los pasillos del Congreso. Al igual que Flavio Cruz, vocero de la bancada no ha dicho nada al respecto ni emitido alg\u00fan comunicado, lo \u00faltimo que se sabe de \u00e9l es que fue abucheado y expulsado de un medio de comunicaci\u00f3n por los pobladores de Puno.<\/p>\n\n\n\n<figure class=\"wp-block-image size-full is-resized\"><img loading=\"lazy\" decoding=\"async\" width=\"580\" height=\"330\" src=\"https:\/\/pulso27.com\/wp-content\/uploads\/2024\/10\/image-56.png\" alt=\"\" class=\"wp-image-2703\" style=\"width:740px;height:auto\" srcset=\"https:\/\/pulso27.com\/wp-content\/uploads\/2024\/10\/image-56.png 580w, https:\/\/pulso27.com\/wp-content\/uploads\/2024\/10\/image-56-300x171.png 300w, https:\/\/pulso27.com\/wp-content\/uploads\/2024\/10\/image-56-18x10.png 18w\" sizes=\"auto, (max-width: 580px) 100vw, 580px\" \/><figcaption class=\"wp-element-caption\"><em>Vladimir Cerr\u00f3n de Per\u00fa Libre mantiene su apoyo a Dina Boluarte sin comunicado p\u00fablico<\/em><\/figcaption><\/figure>\n\n\n\n<p>Fuerza Popular tambi\u00e9n defendi\u00f3 la permanencia de Boluarte en la presidencia. Patricia Ju\u00e1rez, primera vicepresidenta del Congreso y representante de este partido, se\u00f1al\u00f3 que la estabilidad pol\u00edtica es prioritaria en v\u00edsperas del APEC, dado que Per\u00fa ser\u00e1 el centro de atenci\u00f3n internacional. Ju\u00e1rez reiter\u00f3 que es crucial proyectar una imagen de estabilidad y respeto a la seguridad jur\u00eddica de las inversiones, destacando que su bancada no apoyar\u00e1 la moci\u00f3n de vacancia.<\/p>\n\n\n\n<figure class=\"wp-block-image size-large\"><img loading=\"lazy\" decoding=\"async\" width=\"1024\" height=\"1024\" src=\"https:\/\/pulso27.com\/wp-content\/uploads\/2024\/10\/image-57-1024x1024.png\" alt=\"\" class=\"wp-image-2705\" srcset=\"https:\/\/pulso27.com\/wp-content\/uploads\/2024\/10\/image-57-1024x1024.png 1024w, https:\/\/pulso27.com\/wp-content\/uploads\/2024\/10\/image-57-300x300.png 300w, https:\/\/pulso27.com\/wp-content\/uploads\/2024\/10\/image-57-150x150.png 150w, https:\/\/pulso27.com\/wp-content\/uploads\/2024\/10\/image-57-768x768.png 768w, https:\/\/pulso27.com\/wp-content\/uploads\/2024\/10\/image-57-12x12.png 12w, https:\/\/pulso27.com\/wp-content\/uploads\/2024\/10\/image-57-80x80.png 80w, https:\/\/pulso27.com\/wp-content\/uploads\/2024\/10\/image-57.png 1200w\" sizes=\"auto, (max-width: 1024px) 100vw, 1024px\" \/><figcaption class=\"wp-element-caption\"><em>Patricia Ju\u00e1rez de Fuerza Popular rechaza la moci\u00f3n de vacancia contra Dina Boluarte<\/em><\/figcaption><\/figure>\n\n\n\n<p>Norma Yarrow, de Renovaci\u00f3n Popular, se\u00f1al\u00f3 que su bancada evaluar\u00e1 la moci\u00f3n despu\u00e9s de la cumbre del APEC, enfatizando la importancia de considerar esta propuesta con responsabilidad y sin caer en un \u00abshow medi\u00e1tico\u00bb. Yarrow destac\u00f3 que una moci\u00f3n sin fundamentos s\u00f3lidos podr\u00eda no conseguir los votos necesarios para avanzar en el Congreso.<\/p>\n\n\n\n<p>Finalmente, el congresista Alejandro Cavero, de Avanza Pa\u00eds, tambi\u00e9n se pronunci\u00f3 en contra de la moci\u00f3n, insinuando que esta tiene motivaciones pol\u00edticas, olvidando que \u00e9l propuso conseguir 87 firmas para vacar a Pedro Castillo mediante una cruzada.<\/p>\n","protected":false},"excerpt":{"rendered":"<p>El congresista Roberto S\u00e1nchez, presidente de Juntos por el Per\u00fa (JP) y vocero de la bancada Juntos por el Per\u00fa \u2013 Voces del Pueblo, anunci\u00f3 el inicio de la recolecci\u00f3n de firmas para respaldar una moci\u00f3n de vacancia contra la presidenta Dina Boluarte. \u201c\u00bfEl Per\u00fa le cree a la presidenta? No solo se trata de [&hellip;]<\/p>\n","protected":false},"author":7,"featured_media":2701,"comment_status":"open","ping_status":"open","sticky":false,"template":"","format":"standard","meta":{"footnotes":""},"categories":[174,180],"tags":[1849,1892,1891,627],"class_list":["post-2698","post","type-post","status-publish","format-standard","has-post-thumbnail","hentry","category-nacional","category-politica","tag-dinaboluarte","tag-juntosporelperu","tag-mociondevacancia","tag-vacancia"],"yoast_head":"<!-- This site is optimized with the Yoast SEO plugin v27.4 - https:\/\/yoast.com\/product\/yoast-seo-wordpress\/ -->\n<title>Juntos por el Per\u00fa anuncia recolecci\u00f3n de firmas para moci\u00f3n de vacancia contra Dina Boluarte - Pulso27<\/title>\n<meta name=\"robots\" content=\"index, follow, max-snippet:-1, max-image-preview:large, max-video-preview:-1\" \/>\n<link rel=\"canonical\" href=\"https:\/\/pulso27.com\/es\/nacional\/juntos-por-el-peru-anuncia-recoleccion-de-firmas-para-mocion-de-vacancia-contra-dina-boluarte\/\" \/>\n<meta property=\"og:locale\" content=\"es_ES\" \/>\n<meta property=\"og:type\" content=\"article\" \/>\n<meta property=\"og:title\" content=\"Juntos por el Per\u00fa anuncia recolecci\u00f3n de firmas para moci\u00f3n de vacancia contra Dina Boluarte - Pulso27\" \/>\n<meta property=\"og:description\" content=\"El congresista Roberto S\u00e1nchez, presidente de Juntos por el Per\u00fa (JP) y vocero de la bancada Juntos por el Per\u00fa \u2013 Voces del Pueblo, anunci\u00f3 el inicio de la recolecci\u00f3n de firmas para respaldar una moci\u00f3n de vacancia contra la presidenta Dina Boluarte. \u201c\u00bfEl Per\u00fa le cree a la presidenta? No solo se trata de [&hellip;]\" \/>\n<meta property=\"og:url\" content=\"https:\/\/pulso27.com\/es\/nacional\/juntos-por-el-peru-anuncia-recoleccion-de-firmas-para-mocion-de-vacancia-contra-dina-boluarte\/\" \/>\n<meta property=\"og:site_name\" content=\"Pulso27\" \/>\n<meta property=\"article:publisher\" content=\"https:\/\/www.facebook.com\/pulso27\/\" \/>\n<meta property=\"article:published_time\" content=\"2024-10-31T06:00:28+00:00\" \/>\n<meta property=\"article:modified_time\" content=\"2024-10-31T06:00:32+00:00\" \/>\n<meta property=\"og:image\" content=\"https:\/\/pulso27.com\/wp-content\/uploads\/2024\/10\/RobertoSan.png\" \/>\n\t<meta property=\"og:image:width\" content=\"1200\" \/>\n\t<meta property=\"og:image:height\" content=\"675\" \/>\n\t<meta property=\"og:image:type\" content=\"image\/png\" \/>\n<meta name=\"author\" content=\"Tupaq\" \/>\n<meta name=\"twitter:card\" content=\"summary_large_image\" \/>\n<meta name=\"twitter:creator\" content=\"@Pulso_27\" \/>\n<meta name=\"twitter:site\" content=\"@Pulso_27\" \/>\n<meta name=\"twitter:label1\" content=\"Written by\" \/>\n\t<meta name=\"twitter:data1\" content=\"Tupaq\" \/>\n\t<meta name=\"twitter:label2\" content=\"Est. reading time\" \/>\n\t<meta name=\"twitter:data2\" content=\"4 minutos\" \/>\n<script type=\"application\/ld+json\" class=\"yoast-schema-graph\">{\"@context\":\"https:\\\/\\\/schema.org\",\"@graph\":[{\"@type\":\"Article\",\"@id\":\"https:\\\/\\\/pulso27.com\\\/nacional\\\/juntos-por-el-peru-anuncia-recoleccion-de-firmas-para-mocion-de-vacancia-contra-dina-boluarte\\\/#article\",\"isPartOf\":{\"@id\":\"https:\\\/\\\/pulso27.com\\\/nacional\\\/juntos-por-el-peru-anuncia-recoleccion-de-firmas-para-mocion-de-vacancia-contra-dina-boluarte\\\/\"},\"author\":{\"name\":\"Tupaq\",\"@id\":\"https:\\\/\\\/pulso27.com\\\/en\\\/#\\\/schema\\\/person\\\/d20fd7f5bc7f2e53fd150d43fca07a78\"},\"headline\":\"Juntos por el Per\u00fa anuncia recolecci\u00f3n de firmas para moci\u00f3n de vacancia contra Dina Boluarte\",\"datePublished\":\"2024-10-31T06:00:28+00:00\",\"dateModified\":\"2024-10-31T06:00:32+00:00\",\"mainEntityOfPage\":{\"@id\":\"https:\\\/\\\/pulso27.com\\\/nacional\\\/juntos-por-el-peru-anuncia-recoleccion-de-firmas-para-mocion-de-vacancia-contra-dina-boluarte\\\/\"},\"wordCount\":862,\"commentCount\":0,\"publisher\":{\"@id\":\"https:\\\/\\\/pulso27.com\\\/en\\\/#organization\"},\"image\":{\"@id\":\"https:\\\/\\\/pulso27.com\\\/nacional\\\/juntos-por-el-peru-anuncia-recoleccion-de-firmas-para-mocion-de-vacancia-contra-dina-boluarte\\\/#primaryimage\"},\"thumbnailUrl\":\"https:\\\/\\\/pulso27.com\\\/wp-content\\\/uploads\\\/2024\\\/10\\\/RobertoSan.png\",\"keywords\":[\"DinaBoluarte\",\"JuntosPorElPer\u00fa\",\"Moci\u00f3nDeVacancia\",\"Vacancia\"],\"articleSection\":[\"Nacional\",\"Pol\u00edtica\"],\"inLanguage\":\"es-PE\",\"potentialAction\":[{\"@type\":\"CommentAction\",\"name\":\"Comment\",\"target\":[\"https:\\\/\\\/pulso27.com\\\/nacional\\\/juntos-por-el-peru-anuncia-recoleccion-de-firmas-para-mocion-de-vacancia-contra-dina-boluarte\\\/#respond\"]}]},{\"@type\":\"WebPage\",\"@id\":\"https:\\\/\\\/pulso27.com\\\/nacional\\\/juntos-por-el-peru-anuncia-recoleccion-de-firmas-para-mocion-de-vacancia-contra-dina-boluarte\\\/\",\"url\":\"https:\\\/\\\/pulso27.com\\\/nacional\\\/juntos-por-el-peru-anuncia-recoleccion-de-firmas-para-mocion-de-vacancia-contra-dina-boluarte\\\/\",\"name\":\"Juntos por el Per\u00fa anuncia recolecci\u00f3n de firmas para moci\u00f3n de vacancia contra Dina Boluarte - Pulso27\",\"isPartOf\":{\"@id\":\"https:\\\/\\\/pulso27.com\\\/en\\\/#website\"},\"primaryImageOfPage\":{\"@id\":\"https:\\\/\\\/pulso27.com\\\/nacional\\\/juntos-por-el-peru-anuncia-recoleccion-de-firmas-para-mocion-de-vacancia-contra-dina-boluarte\\\/#primaryimage\"},\"image\":{\"@id\":\"https:\\\/\\\/pulso27.com\\\/nacional\\\/juntos-por-el-peru-anuncia-recoleccion-de-firmas-para-mocion-de-vacancia-contra-dina-boluarte\\\/#primaryimage\"},\"thumbnailUrl\":\"https:\\\/\\\/pulso27.com\\\/wp-content\\\/uploads\\\/2024\\\/10\\\/RobertoSan.png\",\"datePublished\":\"2024-10-31T06:00:28+00:00\",\"dateModified\":\"2024-10-31T06:00:32+00:00\",\"breadcrumb\":{\"@id\":\"https:\\\/\\\/pulso27.com\\\/nacional\\\/juntos-por-el-peru-anuncia-recoleccion-de-firmas-para-mocion-de-vacancia-contra-dina-boluarte\\\/#breadcrumb\"},\"inLanguage\":\"es-PE\",\"potentialAction\":[{\"@type\":\"ReadAction\",\"target\":[\"https:\\\/\\\/pulso27.com\\\/nacional\\\/juntos-por-el-peru-anuncia-recoleccion-de-firmas-para-mocion-de-vacancia-contra-dina-boluarte\\\/\"]}]},{\"@type\":\"ImageObject\",\"inLanguage\":\"es-PE\",\"@id\":\"https:\\\/\\\/pulso27.com\\\/nacional\\\/juntos-por-el-peru-anuncia-recoleccion-de-firmas-para-mocion-de-vacancia-contra-dina-boluarte\\\/#primaryimage\",\"url\":\"https:\\\/\\\/pulso27.com\\\/wp-content\\\/uploads\\\/2024\\\/10\\\/RobertoSan.png\",\"contentUrl\":\"https:\\\/\\\/pulso27.com\\\/wp-content\\\/uploads\\\/2024\\\/10\\\/RobertoSan.png\",\"width\":1200,\"height\":675},{\"@type\":\"BreadcrumbList\",\"@id\":\"https:\\\/\\\/pulso27.com\\\/nacional\\\/juntos-por-el-peru-anuncia-recoleccion-de-firmas-para-mocion-de-vacancia-contra-dina-boluarte\\\/#breadcrumb\",\"itemListElement\":[{\"@type\":\"ListItem\",\"position\":1,\"name\":\"Portada\",\"item\":\"https:\\\/\\\/pulso27.com\\\/\"},{\"@type\":\"ListItem\",\"position\":2,\"name\":\"Juntos por el Per\u00fa anuncia recolecci\u00f3n de firmas para moci\u00f3n de vacancia contra Dina Boluarte\"}]},{\"@type\":\"WebSite\",\"@id\":\"https:\\\/\\\/pulso27.com\\\/en\\\/#website\",\"url\":\"https:\\\/\\\/pulso27.com\\\/en\\\/\",\"name\":\"Pulso27\",\"description\":\"Web de noticias y publicidad\",\"publisher\":{\"@id\":\"https:\\\/\\\/pulso27.com\\\/en\\\/#organization\"},\"alternateName\":\"El pulso del pueblo\",\"potentialAction\":[{\"@type\":\"SearchAction\",\"target\":{\"@type\":\"EntryPoint\",\"urlTemplate\":\"https:\\\/\\\/pulso27.com\\\/en\\\/?s={search_term_string}\"},\"query-input\":{\"@type\":\"PropertyValueSpecification\",\"valueRequired\":true,\"valueName\":\"search_term_string\"}}],\"inLanguage\":\"es-PE\"},{\"@type\":\"Organization\",\"@id\":\"https:\\\/\\\/pulso27.com\\\/en\\\/#organization\",\"name\":\"Pulso27\",\"url\":\"https:\\\/\\\/pulso27.com\\\/en\\\/\",\"logo\":{\"@type\":\"ImageObject\",\"inLanguage\":\"es-PE\",\"@id\":\"https:\\\/\\\/pulso27.com\\\/en\\\/#\\\/schema\\\/logo\\\/image\\\/\",\"url\":\"https:\\\/\\\/pulso27.com\\\/wp-content\\\/uploads\\\/2026\\\/02\\\/Logotipo-de-la-organizacion-696-x-696-px-ok.png\",\"contentUrl\":\"https:\\\/\\\/pulso27.com\\\/wp-content\\\/uploads\\\/2026\\\/02\\\/Logotipo-de-la-organizacion-696-x-696-px-ok.png\",\"width\":696,\"height\":696,\"caption\":\"Pulso27\"},\"image\":{\"@id\":\"https:\\\/\\\/pulso27.com\\\/en\\\/#\\\/schema\\\/logo\\\/image\\\/\"},\"sameAs\":[\"https:\\\/\\\/www.facebook.com\\\/pulso27\\\/\",\"https:\\\/\\\/x.com\\\/Pulso_27\",\"https:\\\/\\\/www.youtube.com\\\/@Pulso27\",\"https:\\\/\\\/www.tiktok.com\\\/@pulso_27\"]},{\"@type\":\"Person\",\"@id\":\"https:\\\/\\\/pulso27.com\\\/en\\\/#\\\/schema\\\/person\\\/d20fd7f5bc7f2e53fd150d43fca07a78\",\"name\":\"Tupaq\",\"image\":{\"@type\":\"ImageObject\",\"inLanguage\":\"es-PE\",\"@id\":\"https:\\\/\\\/secure.gravatar.com\\\/avatar\\\/7929e9b034aeea560319a601e4f04c59eb5f45a79eafe192adabb67e9604e7e7?s=96&d=mm&r=g\",\"url\":\"https:\\\/\\\/secure.gravatar.com\\\/avatar\\\/7929e9b034aeea560319a601e4f04c59eb5f45a79eafe192adabb67e9604e7e7?s=96&d=mm&r=g\",\"contentUrl\":\"https:\\\/\\\/secure.gravatar.com\\\/avatar\\\/7929e9b034aeea560319a601e4f04c59eb5f45a79eafe192adabb67e9604e7e7?s=96&d=mm&r=g\",\"caption\":\"Tupaq\"},\"url\":\"https:\\\/\\\/pulso27.com\\\/es\\\/author\\\/tupaq\\\/\"}]}<\/script>\n<!-- \/ Yoast SEO plugin. -->","yoast_head_json":{"title":"Juntos por el Per\u00fa anuncia recolecci\u00f3n de firmas para moci\u00f3n de vacancia contra Dina Boluarte - Pulso27","robots":{"index":"index","follow":"follow","max-snippet":"max-snippet:-1","max-image-preview":"max-image-preview:large","max-video-preview":"max-video-preview:-1"},"canonical":"https:\/\/pulso27.com\/es\/nacional\/juntos-por-el-peru-anuncia-recoleccion-de-firmas-para-mocion-de-vacancia-contra-dina-boluarte\/","og_locale":"es_ES","og_type":"article","og_title":"Juntos por el Per\u00fa anuncia recolecci\u00f3n de firmas para moci\u00f3n de vacancia contra Dina Boluarte - Pulso27","og_description":"El congresista Roberto S\u00e1nchez, presidente de Juntos por el Per\u00fa (JP) y vocero de la bancada Juntos por el Per\u00fa \u2013 Voces del Pueblo, anunci\u00f3 el inicio de la recolecci\u00f3n de firmas para respaldar una moci\u00f3n de vacancia contra la presidenta Dina Boluarte. \u201c\u00bfEl Per\u00fa le cree a la presidenta? No solo se trata de [&hellip;]","og_url":"https:\/\/pulso27.com\/es\/nacional\/juntos-por-el-peru-anuncia-recoleccion-de-firmas-para-mocion-de-vacancia-contra-dina-boluarte\/","og_site_name":"Pulso27","article_publisher":"https:\/\/www.facebook.com\/pulso27\/","article_published_time":"2024-10-31T06:00:28+00:00","article_modified_time":"2024-10-31T06:00:32+00:00","og_image":[{"width":1200,"height":675,"url":"https:\/\/pulso27.com\/wp-content\/uploads\/2024\/10\/RobertoSan.png","type":"image\/png"}],"author":"Tupaq","twitter_card":"summary_large_image","twitter_creator":"@Pulso_27","twitter_site":"@Pulso_27","twitter_misc":{"Written by":"Tupaq","Est. reading time":"4 minutos"},"schema":{"@context":"https:\/\/schema.org","@graph":[{"@type":"Article","@id":"https:\/\/pulso27.com\/nacional\/juntos-por-el-peru-anuncia-recoleccion-de-firmas-para-mocion-de-vacancia-contra-dina-boluarte\/#article","isPartOf":{"@id":"https:\/\/pulso27.com\/nacional\/juntos-por-el-peru-anuncia-recoleccion-de-firmas-para-mocion-de-vacancia-contra-dina-boluarte\/"},"author":{"name":"Tupaq","@id":"https:\/\/pulso27.com\/en\/#\/schema\/person\/d20fd7f5bc7f2e53fd150d43fca07a78"},"headline":"Juntos por el Per\u00fa anuncia recolecci\u00f3n de firmas para moci\u00f3n de vacancia contra Dina Boluarte","datePublished":"2024-10-31T06:00:28+00:00","dateModified":"2024-10-31T06:00:32+00:00","mainEntityOfPage":{"@id":"https:\/\/pulso27.com\/nacional\/juntos-por-el-peru-anuncia-recoleccion-de-firmas-para-mocion-de-vacancia-contra-dina-boluarte\/"},"wordCount":862,"commentCount":0,"publisher":{"@id":"https:\/\/pulso27.com\/en\/#organization"},"image":{"@id":"https:\/\/pulso27.com\/nacional\/juntos-por-el-peru-anuncia-recoleccion-de-firmas-para-mocion-de-vacancia-contra-dina-boluarte\/#primaryimage"},"thumbnailUrl":"https:\/\/pulso27.com\/wp-content\/uploads\/2024\/10\/RobertoSan.png","keywords":["DinaBoluarte","JuntosPorElPer\u00fa","Moci\u00f3nDeVacancia","Vacancia"],"articleSection":["Nacional","Pol\u00edtica"],"inLanguage":"es-PE","potentialAction":[{"@type":"CommentAction","name":"Comment","target":["https:\/\/pulso27.com\/nacional\/juntos-por-el-peru-anuncia-recoleccion-de-firmas-para-mocion-de-vacancia-contra-dina-boluarte\/#respond"]}]},{"@type":"WebPage","@id":"https:\/\/pulso27.com\/nacional\/juntos-por-el-peru-anuncia-recoleccion-de-firmas-para-mocion-de-vacancia-contra-dina-boluarte\/","url":"https:\/\/pulso27.com\/nacional\/juntos-por-el-peru-anuncia-recoleccion-de-firmas-para-mocion-de-vacancia-contra-dina-boluarte\/","name":"Juntos por el Per\u00fa anuncia recolecci\u00f3n de firmas para moci\u00f3n de vacancia contra Dina Boluarte - Pulso27","isPartOf":{"@id":"https:\/\/pulso27.com\/en\/#website"},"primaryImageOfPage":{"@id":"https:\/\/pulso27.com\/nacional\/juntos-por-el-peru-anuncia-recoleccion-de-firmas-para-mocion-de-vacancia-contra-dina-boluarte\/#primaryimage"},"image":{"@id":"https:\/\/pulso27.com\/nacional\/juntos-por-el-peru-anuncia-recoleccion-de-firmas-para-mocion-de-vacancia-contra-dina-boluarte\/#primaryimage"},"thumbnailUrl":"https:\/\/pulso27.com\/wp-content\/uploads\/2024\/10\/RobertoSan.png","datePublished":"2024-10-31T06:00:28+00:00","dateModified":"2024-10-31T06:00:32+00:00","breadcrumb":{"@id":"https:\/\/pulso27.com\/nacional\/juntos-por-el-peru-anuncia-recoleccion-de-firmas-para-mocion-de-vacancia-contra-dina-boluarte\/#breadcrumb"},"inLanguage":"es-PE","potentialAction":[{"@type":"ReadAction","target":["https:\/\/pulso27.com\/nacional\/juntos-por-el-peru-anuncia-recoleccion-de-firmas-para-mocion-de-vacancia-contra-dina-boluarte\/"]}]},{"@type":"ImageObject","inLanguage":"es-PE","@id":"https:\/\/pulso27.com\/nacional\/juntos-por-el-peru-anuncia-recoleccion-de-firmas-para-mocion-de-vacancia-contra-dina-boluarte\/#primaryimage","url":"https:\/\/pulso27.com\/wp-content\/uploads\/2024\/10\/RobertoSan.png","contentUrl":"https:\/\/pulso27.com\/wp-content\/uploads\/2024\/10\/RobertoSan.png","width":1200,"height":675},{"@type":"BreadcrumbList","@id":"https:\/\/pulso27.com\/nacional\/juntos-por-el-peru-anuncia-recoleccion-de-firmas-para-mocion-de-vacancia-contra-dina-boluarte\/#breadcrumb","itemListElement":[{"@type":"ListItem","position":1,"name":"Portada","item":"https:\/\/pulso27.com\/"},{"@type":"ListItem","position":2,"name":"Juntos por el Per\u00fa anuncia recolecci\u00f3n de firmas para moci\u00f3n de vacancia contra Dina Boluarte"}]},{"@type":"WebSite","@id":"https:\/\/pulso27.com\/en\/#website","url":"https:\/\/pulso27.com\/en\/","name":"Pulso27","description":"Web de noticias y publicidad","publisher":{"@id":"https:\/\/pulso27.com\/en\/#organization"},"alternateName":"El pulso del pueblo","potentialAction":[{"@type":"SearchAction","target":{"@type":"EntryPoint","urlTemplate":"https:\/\/pulso27.com\/en\/?s={search_term_string}"},"query-input":{"@type":"PropertyValueSpecification","valueRequired":true,"valueName":"search_term_string"}}],"inLanguage":"es-PE"},{"@type":"Organization","@id":"https:\/\/pulso27.com\/en\/#organization","name":"Pulso27","url":"https:\/\/pulso27.com\/en\/","logo":{"@type":"ImageObject","inLanguage":"es-PE","@id":"https:\/\/pulso27.com\/en\/#\/schema\/logo\/image\/","url":"https:\/\/pulso27.com\/wp-content\/uploads\/2026\/02\/Logotipo-de-la-organizacion-696-x-696-px-ok.png","contentUrl":"https:\/\/pulso27.com\/wp-content\/uploads\/2026\/02\/Logotipo-de-la-organizacion-696-x-696-px-ok.png","width":696,"height":696,"caption":"Pulso27"},"image":{"@id":"https:\/\/pulso27.com\/en\/#\/schema\/logo\/image\/"},"sameAs":["https:\/\/www.facebook.com\/pulso27\/","https:\/\/x.com\/Pulso_27","https:\/\/www.youtube.com\/@Pulso27","https:\/\/www.tiktok.com\/@pulso_27"]},{"@type":"Person","@id":"https:\/\/pulso27.com\/en\/#\/schema\/person\/d20fd7f5bc7f2e53fd150d43fca07a78","name":"Tupaq","image":{"@type":"ImageObject","inLanguage":"es-PE","@id":"https:\/\/secure.gravatar.com\/avatar\/7929e9b034aeea560319a601e4f04c59eb5f45a79eafe192adabb67e9604e7e7?s=96&d=mm&r=g","url":"https:\/\/secure.gravatar.com\/avatar\/7929e9b034aeea560319a601e4f04c59eb5f45a79eafe192adabb67e9604e7e7?s=96&d=mm&r=g","contentUrl":"https:\/\/secure.gravatar.com\/avatar\/7929e9b034aeea560319a601e4f04c59eb5f45a79eafe192adabb67e9604e7e7?s=96&d=mm&r=g","caption":"Tupaq"},"url":"https:\/\/pulso27.com\/es\/author\/tupaq\/"}]}},"amp_enabled":true,"_links":{"self":[{"href":"https:\/\/pulso27.com\/es\/wp-json\/wp\/v2\/posts\/2698","targetHints":{"allow":["GET"]}}],"collection":[{"href":"https:\/\/pulso27.com\/es\/wp-json\/wp\/v2\/posts"}],"about":[{"href":"https:\/\/pulso27.com\/es\/wp-json\/wp\/v2\/types\/post"}],"author":[{"embeddable":true,"href":"https:\/\/pulso27.com\/es\/wp-json\/wp\/v2\/users\/7"}],"replies":[{"embeddable":true,"href":"https:\/\/pulso27.com\/es\/wp-json\/wp\/v2\/comments?post=2698"}],"version-history":[{"count":2,"href":"https:\/\/pulso27.com\/es\/wp-json\/wp\/v2\/posts\/2698\/revisions"}],"predecessor-version":[{"id":2706,"href":"https:\/\/pulso27.com\/es\/wp-json\/wp\/v2\/posts\/2698\/revisions\/2706"}],"wp:featuredmedia":[{"embeddable":true,"href":"https:\/\/pulso27.com\/es\/wp-json\/wp\/v2\/media\/2701"}],"wp:attachment":[{"href":"https:\/\/pulso27.com\/es\/wp-json\/wp\/v2\/media?parent=2698"}],"wp:term":[{"taxonomy":"category","embeddable":true,"href":"https:\/\/pulso27.com\/es\/wp-json\/wp\/v2\/categories?post=2698"},{"taxonomy":"post_tag","embeddable":true,"href":"https:\/\/pulso27.com\/es\/wp-json\/wp\/v2\/tags?post=2698"}],"curies":[{"name":"wp","href":"https:\/\/api.w.org\/{rel}","templated":true}]}}