{"id":2825,"date":"2024-11-03T11:20:39","date_gmt":"2024-11-03T06:20:39","guid":{"rendered":"https:\/\/pulso27.com\/?p=2825"},"modified":"2024-11-03T11:20:43","modified_gmt":"2024-11-03T06:20:43","slug":"dia-de-los-vivos-y-muertos-un-encuentro-de-mundos-en-la-memoria-andina","status":"publish","type":"post","link":"https:\/\/pulso27.com\/es\/cronica\/dia-de-los-vivos-y-muertos-un-encuentro-de-mundos-en-la-memoria-andina\/","title":{"rendered":"D\u00eda de los Vivos y Muertos: Un Encuentro de Mundos en la Memoria Andina"},"content":{"rendered":"\n<p>Cada noviembre, el Per\u00fa revive una tradici\u00f3n milenaria que entrelaza la vida, la muerte y la conexi\u00f3n entre ambos mundos: el D\u00eda de los Vivos y Muertos. Esta festividad, que hunde sus ra\u00edces en tiempos prehisp\u00e1nicos, refleja la rica cosmovisi\u00f3n de las culturas andinas, en las que la muerte no es el fin, sino una transici\u00f3n a otra forma de existencia.<\/p>\n\n\n\n<p>Desde las civilizaciones ancestrales como los Moche, los Wari, la Chav\u00edn y los Incas, las culturas del Per\u00fa cre\u00edan en un v\u00ednculo continuo entre vivos y muertos. En esta cosmovisi\u00f3n, los ancestros no desaparec\u00edan, sino que permanec\u00edan como gu\u00edas espirituales y protectores de sus descendientes. El respeto por estos ancestros no se limitaba a sus entierros: alimentos, bebidas y objetos personales acompa\u00f1aban a los difuntos, simbolizando la convicci\u00f3n de que estos los necesitar\u00edan en su nueva vida.<\/p>\n\n\n\n<figure class=\"wp-block-image size-large\"><img loading=\"lazy\" decoding=\"async\" width=\"1024\" height=\"576\" src=\"https:\/\/pulso27.com\/wp-content\/uploads\/2024\/11\/TodosLosSantos-1024x576.png\" alt=\"\" class=\"wp-image-2827\" srcset=\"https:\/\/pulso27.com\/wp-content\/uploads\/2024\/11\/TodosLosSantos-1024x576.png 1024w, https:\/\/pulso27.com\/wp-content\/uploads\/2024\/11\/TodosLosSantos-300x169.png 300w, https:\/\/pulso27.com\/wp-content\/uploads\/2024\/11\/TodosLosSantos-768x432.png 768w, https:\/\/pulso27.com\/wp-content\/uploads\/2024\/11\/TodosLosSantos-18x10.png 18w, https:\/\/pulso27.com\/wp-content\/uploads\/2024\/11\/TodosLosSantos.png 1090w\" sizes=\"auto, (max-width: 1024px) 100vw, 1024px\" \/><figcaption class=\"wp-element-caption\"><em>M\u00fasica y canto para sus difuntos en las tumbas de los cementerios de Lima &#8211; Per\u00fa<\/em><\/figcaption><\/figure>\n\n\n\n<p>Particularmente los Incas desarrollaron complejas pr\u00e1cticas para honrar a sus muertos. La reciprocidad, o \u00abayni\u00bb, era un principio central de su sociedad, y este concepto de dar y recibir tambi\u00e9n inclu\u00eda a los ancestros. Durante celebraciones importantes, como el Aya Marcay Quilla o \u00abFiesta de los Difuntos\u00bb, se exhib\u00edan las momias de l\u00edderes y familiares en ceremonias p\u00fablicas, a quienes se les ofrec\u00edan alimentos y bebidas, reconoci\u00e9ndolos como \u00abapus\u00bb o esp\u00edritus protectores.<\/p>\n\n\n\n<p>Con la llegada de los espa\u00f1oles en el siglo XVI, esta veneraci\u00f3n se adapt\u00f3 a las festividades cat\u00f3licas del D\u00eda de Todos los Santos y el D\u00eda de los Difuntos. Lejos de perder sus tradiciones, las comunidades campesinas y nativas fusionaron sus rituales con las pr\u00e1cticas impuestas, incorporando elementos como la oraci\u00f3n cat\u00f3lica. Pero la esencia andina, centrada en la Pachamama (madre tierra) y el respeto por la naturaleza, sobrevivi\u00f3.<\/p>\n\n\n\n<p>Hoy, el D\u00eda de los Vivos y Muertos en Per\u00fa es una celebraci\u00f3n vibrante y diversa. En los Andes, las familias preparan el \u00abmast\u2019aku\u00bb o \u00abmesa de muertos\u00bb, decorada con los alimentos favoritos de sus seres queridos fallecidos, chicha, hojas de coca y flores, en una ceremonia que honra la presencia de sus ancestros. Las familias, unidas en el recuerdo, se dirigen a los cementerios, donde a menudo pasan la noche en vigilia y agradecimiento. En la costa y en la Amazon\u00eda, aunque la celebraci\u00f3n var\u00eda, se mantiene el respeto por los difuntos y el simbolismo de las ofrendas. Las familias adornan las tumbas con flores y comparten comidas en un homenaje que se extiende m\u00e1s all\u00e1 del tiempo.<\/p>\n\n\n<div class=\"wp-block-image\">\n<figure class=\"alignleft size-full is-resized\"><img loading=\"lazy\" decoding=\"async\" width=\"275\" height=\"183\" src=\"https:\/\/pulso27.com\/wp-content\/uploads\/2024\/11\/image-1.png\" alt=\"\" class=\"wp-image-2828\" style=\"width:500px;height:auto\" srcset=\"https:\/\/pulso27.com\/wp-content\/uploads\/2024\/11\/image-1.png 275w, https:\/\/pulso27.com\/wp-content\/uploads\/2024\/11\/image-1-18x12.png 18w\" sizes=\"auto, (max-width: 275px) 100vw, 275px\" \/><figcaption class=\"wp-element-caption\"><em>Las infaltables Tanta Wawas<\/em><\/figcaption><\/figure><\/div>\n\n\n<p>Para figuras como Jos\u00e9 Mar\u00eda Arguedas y Jos\u00e9 Carlos Mari\u00e1tegui, esta festividad no es solo un recuerdo de los muertos, sino un ejemplo de la profundidad cultural andina. Arguedas ve\u00eda en estas pr\u00e1cticas un puente entre el pasado y el presente, donde lo ind\u00edgena y lo mestizo se funden en un acto de comuni\u00f3n. Mari\u00e1tegui, por su parte, ve\u00eda en este ritual una resistencia cultural, donde el pueblo peruano manten\u00eda vivas sus tradiciones, adapt\u00e1ndolas sin perder su esencia.<\/p>\n\n\n\n<p>Hoy, el D\u00eda de los Vivos y Muertos es un acto de fe en la vida que fluye sin interrupci\u00f3n, una memoria colectiva en la que los difuntos viven, y los vivos los mantienen presentes. Con cada ofrenda, Per\u00fa renueva su lazo con la historia, la tierra y sus antepasados.<\/p>\n","protected":false},"excerpt":{"rendered":"<p>Cada noviembre, el Per\u00fa revive una tradici\u00f3n milenaria que entrelaza la vida, la muerte y la conexi\u00f3n entre ambos mundos: el D\u00eda de los Vivos y Muertos. Esta festividad, que hunde sus ra\u00edces en tiempos prehisp\u00e1nicos, refleja la rica cosmovisi\u00f3n de las culturas andinas, en las que la muerte no es el fin, sino una [&hellip;]<\/p>\n","protected":false},"author":7,"featured_media":2826,"comment_status":"open","ping_status":"open","sticky":false,"template":"","format":"standard","meta":{"footnotes":""},"categories":[815,392],"tags":[1896,1898,1897],"class_list":["post-2825","post","type-post","status-publish","format-standard","has-post-thumbnail","hentry","category-costumbre-y-tradiciones","category-cronica","tag-diadelosvivosymuertos","tag-noviembre","tag-todoslossantos"],"yoast_head":"<!-- This site is optimized with the Yoast SEO plugin v27.4 - https:\/\/yoast.com\/product\/yoast-seo-wordpress\/ -->\n<title>D\u00eda de los Vivos y Muertos: Un Encuentro de Mundos en la Memoria Andina - Pulso27<\/title>\n<meta name=\"robots\" content=\"index, follow, max-snippet:-1, max-image-preview:large, max-video-preview:-1\" \/>\n<link rel=\"canonical\" href=\"https:\/\/pulso27.com\/es\/cronica\/dia-de-los-vivos-y-muertos-un-encuentro-de-mundos-en-la-memoria-andina\/\" \/>\n<meta property=\"og:locale\" content=\"es_ES\" \/>\n<meta property=\"og:type\" content=\"article\" \/>\n<meta property=\"og:title\" content=\"D\u00eda de los Vivos y Muertos: Un Encuentro de Mundos en la Memoria Andina - Pulso27\" \/>\n<meta property=\"og:description\" content=\"Cada noviembre, el Per\u00fa revive una tradici\u00f3n milenaria que entrelaza la vida, la muerte y la conexi\u00f3n entre ambos mundos: el D\u00eda de los Vivos y Muertos. Esta festividad, que hunde sus ra\u00edces en tiempos prehisp\u00e1nicos, refleja la rica cosmovisi\u00f3n de las culturas andinas, en las que la muerte no es el fin, sino una [&hellip;]\" \/>\n<meta property=\"og:url\" content=\"https:\/\/pulso27.com\/es\/cronica\/dia-de-los-vivos-y-muertos-un-encuentro-de-mundos-en-la-memoria-andina\/\" \/>\n<meta property=\"og:site_name\" content=\"Pulso27\" \/>\n<meta property=\"article:publisher\" content=\"https:\/\/www.facebook.com\/pulso27\/\" \/>\n<meta property=\"article:published_time\" content=\"2024-11-03T06:20:39+00:00\" \/>\n<meta property=\"article:modified_time\" content=\"2024-11-03T06:20:43+00:00\" \/>\n<meta property=\"og:image\" content=\"https:\/\/pulso27.com\/wp-content\/uploads\/2024\/11\/TodosLosSantosss.png\" \/>\n\t<meta property=\"og:image:width\" content=\"1200\" \/>\n\t<meta property=\"og:image:height\" content=\"675\" \/>\n\t<meta property=\"og:image:type\" content=\"image\/png\" \/>\n<meta name=\"author\" content=\"Tupaq\" \/>\n<meta name=\"twitter:card\" content=\"summary_large_image\" \/>\n<meta name=\"twitter:creator\" content=\"@Pulso_27\" \/>\n<meta name=\"twitter:site\" content=\"@Pulso_27\" \/>\n<meta name=\"twitter:label1\" content=\"Written by\" \/>\n\t<meta name=\"twitter:data1\" content=\"Tupaq\" \/>\n\t<meta name=\"twitter:label2\" content=\"Est. reading time\" \/>\n\t<meta name=\"twitter:data2\" content=\"3 minutos\" \/>\n<script type=\"application\/ld+json\" class=\"yoast-schema-graph\">{\"@context\":\"https:\\\/\\\/schema.org\",\"@graph\":[{\"@type\":\"Article\",\"@id\":\"https:\\\/\\\/pulso27.com\\\/cronica\\\/dia-de-los-vivos-y-muertos-un-encuentro-de-mundos-en-la-memoria-andina\\\/#article\",\"isPartOf\":{\"@id\":\"https:\\\/\\\/pulso27.com\\\/cronica\\\/dia-de-los-vivos-y-muertos-un-encuentro-de-mundos-en-la-memoria-andina\\\/\"},\"author\":{\"name\":\"Tupaq\",\"@id\":\"https:\\\/\\\/pulso27.com\\\/en\\\/#\\\/schema\\\/person\\\/d20fd7f5bc7f2e53fd150d43fca07a78\"},\"headline\":\"D\u00eda de los Vivos y Muertos: Un Encuentro de Mundos en la Memoria Andina\",\"datePublished\":\"2024-11-03T06:20:39+00:00\",\"dateModified\":\"2024-11-03T06:20:43+00:00\",\"mainEntityOfPage\":{\"@id\":\"https:\\\/\\\/pulso27.com\\\/cronica\\\/dia-de-los-vivos-y-muertos-un-encuentro-de-mundos-en-la-memoria-andina\\\/\"},\"wordCount\":616,\"commentCount\":0,\"publisher\":{\"@id\":\"https:\\\/\\\/pulso27.com\\\/en\\\/#organization\"},\"image\":{\"@id\":\"https:\\\/\\\/pulso27.com\\\/cronica\\\/dia-de-los-vivos-y-muertos-un-encuentro-de-mundos-en-la-memoria-andina\\\/#primaryimage\"},\"thumbnailUrl\":\"https:\\\/\\\/pulso27.com\\\/wp-content\\\/uploads\\\/2024\\\/11\\\/TodosLosSantosss.png\",\"keywords\":[\"D\u00edaDeLosVivosYMuertos\",\"Noviembre\",\"TodosLosSantos\"],\"articleSection\":[\"Costumbre y tradiciones\",\"Cr\u00f3nica\"],\"inLanguage\":\"es-PE\",\"potentialAction\":[{\"@type\":\"CommentAction\",\"name\":\"Comment\",\"target\":[\"https:\\\/\\\/pulso27.com\\\/cronica\\\/dia-de-los-vivos-y-muertos-un-encuentro-de-mundos-en-la-memoria-andina\\\/#respond\"]}]},{\"@type\":\"WebPage\",\"@id\":\"https:\\\/\\\/pulso27.com\\\/cronica\\\/dia-de-los-vivos-y-muertos-un-encuentro-de-mundos-en-la-memoria-andina\\\/\",\"url\":\"https:\\\/\\\/pulso27.com\\\/cronica\\\/dia-de-los-vivos-y-muertos-un-encuentro-de-mundos-en-la-memoria-andina\\\/\",\"name\":\"D\u00eda de los Vivos y Muertos: Un Encuentro de Mundos en la Memoria Andina - Pulso27\",\"isPartOf\":{\"@id\":\"https:\\\/\\\/pulso27.com\\\/en\\\/#website\"},\"primaryImageOfPage\":{\"@id\":\"https:\\\/\\\/pulso27.com\\\/cronica\\\/dia-de-los-vivos-y-muertos-un-encuentro-de-mundos-en-la-memoria-andina\\\/#primaryimage\"},\"image\":{\"@id\":\"https:\\\/\\\/pulso27.com\\\/cronica\\\/dia-de-los-vivos-y-muertos-un-encuentro-de-mundos-en-la-memoria-andina\\\/#primaryimage\"},\"thumbnailUrl\":\"https:\\\/\\\/pulso27.com\\\/wp-content\\\/uploads\\\/2024\\\/11\\\/TodosLosSantosss.png\",\"datePublished\":\"2024-11-03T06:20:39+00:00\",\"dateModified\":\"2024-11-03T06:20:43+00:00\",\"breadcrumb\":{\"@id\":\"https:\\\/\\\/pulso27.com\\\/cronica\\\/dia-de-los-vivos-y-muertos-un-encuentro-de-mundos-en-la-memoria-andina\\\/#breadcrumb\"},\"inLanguage\":\"es-PE\",\"potentialAction\":[{\"@type\":\"ReadAction\",\"target\":[\"https:\\\/\\\/pulso27.com\\\/cronica\\\/dia-de-los-vivos-y-muertos-un-encuentro-de-mundos-en-la-memoria-andina\\\/\"]}]},{\"@type\":\"ImageObject\",\"inLanguage\":\"es-PE\",\"@id\":\"https:\\\/\\\/pulso27.com\\\/cronica\\\/dia-de-los-vivos-y-muertos-un-encuentro-de-mundos-en-la-memoria-andina\\\/#primaryimage\",\"url\":\"https:\\\/\\\/pulso27.com\\\/wp-content\\\/uploads\\\/2024\\\/11\\\/TodosLosSantosss.png\",\"contentUrl\":\"https:\\\/\\\/pulso27.com\\\/wp-content\\\/uploads\\\/2024\\\/11\\\/TodosLosSantosss.png\",\"width\":1200,\"height\":675},{\"@type\":\"BreadcrumbList\",\"@id\":\"https:\\\/\\\/pulso27.com\\\/cronica\\\/dia-de-los-vivos-y-muertos-un-encuentro-de-mundos-en-la-memoria-andina\\\/#breadcrumb\",\"itemListElement\":[{\"@type\":\"ListItem\",\"position\":1,\"name\":\"Portada\",\"item\":\"https:\\\/\\\/pulso27.com\\\/\"},{\"@type\":\"ListItem\",\"position\":2,\"name\":\"D\u00eda de los Vivos y Muertos: Un Encuentro de Mundos en la Memoria Andina\"}]},{\"@type\":\"WebSite\",\"@id\":\"https:\\\/\\\/pulso27.com\\\/en\\\/#website\",\"url\":\"https:\\\/\\\/pulso27.com\\\/en\\\/\",\"name\":\"Pulso27\",\"description\":\"Web de noticias y publicidad\",\"publisher\":{\"@id\":\"https:\\\/\\\/pulso27.com\\\/en\\\/#organization\"},\"alternateName\":\"El pulso del pueblo\",\"potentialAction\":[{\"@type\":\"SearchAction\",\"target\":{\"@type\":\"EntryPoint\",\"urlTemplate\":\"https:\\\/\\\/pulso27.com\\\/en\\\/?s={search_term_string}\"},\"query-input\":{\"@type\":\"PropertyValueSpecification\",\"valueRequired\":true,\"valueName\":\"search_term_string\"}}],\"inLanguage\":\"es-PE\"},{\"@type\":\"Organization\",\"@id\":\"https:\\\/\\\/pulso27.com\\\/en\\\/#organization\",\"name\":\"Pulso27\",\"url\":\"https:\\\/\\\/pulso27.com\\\/en\\\/\",\"logo\":{\"@type\":\"ImageObject\",\"inLanguage\":\"es-PE\",\"@id\":\"https:\\\/\\\/pulso27.com\\\/en\\\/#\\\/schema\\\/logo\\\/image\\\/\",\"url\":\"https:\\\/\\\/pulso27.com\\\/wp-content\\\/uploads\\\/2026\\\/02\\\/Logotipo-de-la-organizacion-696-x-696-px-ok.png\",\"contentUrl\":\"https:\\\/\\\/pulso27.com\\\/wp-content\\\/uploads\\\/2026\\\/02\\\/Logotipo-de-la-organizacion-696-x-696-px-ok.png\",\"width\":696,\"height\":696,\"caption\":\"Pulso27\"},\"image\":{\"@id\":\"https:\\\/\\\/pulso27.com\\\/en\\\/#\\\/schema\\\/logo\\\/image\\\/\"},\"sameAs\":[\"https:\\\/\\\/www.facebook.com\\\/pulso27\\\/\",\"https:\\\/\\\/x.com\\\/Pulso_27\",\"https:\\\/\\\/www.youtube.com\\\/@Pulso27\",\"https:\\\/\\\/www.tiktok.com\\\/@pulso_27\"]},{\"@type\":\"Person\",\"@id\":\"https:\\\/\\\/pulso27.com\\\/en\\\/#\\\/schema\\\/person\\\/d20fd7f5bc7f2e53fd150d43fca07a78\",\"name\":\"Tupaq\",\"image\":{\"@type\":\"ImageObject\",\"inLanguage\":\"es-PE\",\"@id\":\"https:\\\/\\\/secure.gravatar.com\\\/avatar\\\/7929e9b034aeea560319a601e4f04c59eb5f45a79eafe192adabb67e9604e7e7?s=96&d=mm&r=g\",\"url\":\"https:\\\/\\\/secure.gravatar.com\\\/avatar\\\/7929e9b034aeea560319a601e4f04c59eb5f45a79eafe192adabb67e9604e7e7?s=96&d=mm&r=g\",\"contentUrl\":\"https:\\\/\\\/secure.gravatar.com\\\/avatar\\\/7929e9b034aeea560319a601e4f04c59eb5f45a79eafe192adabb67e9604e7e7?s=96&d=mm&r=g\",\"caption\":\"Tupaq\"},\"url\":\"https:\\\/\\\/pulso27.com\\\/es\\\/author\\\/tupaq\\\/\"}]}<\/script>\n<!-- \/ Yoast SEO plugin. -->","yoast_head_json":{"title":"D\u00eda de los Vivos y Muertos: Un Encuentro de Mundos en la Memoria Andina - Pulso27","robots":{"index":"index","follow":"follow","max-snippet":"max-snippet:-1","max-image-preview":"max-image-preview:large","max-video-preview":"max-video-preview:-1"},"canonical":"https:\/\/pulso27.com\/es\/cronica\/dia-de-los-vivos-y-muertos-un-encuentro-de-mundos-en-la-memoria-andina\/","og_locale":"es_ES","og_type":"article","og_title":"D\u00eda de los Vivos y Muertos: Un Encuentro de Mundos en la Memoria Andina - Pulso27","og_description":"Cada noviembre, el Per\u00fa revive una tradici\u00f3n milenaria que entrelaza la vida, la muerte y la conexi\u00f3n entre ambos mundos: el D\u00eda de los Vivos y Muertos. Esta festividad, que hunde sus ra\u00edces en tiempos prehisp\u00e1nicos, refleja la rica cosmovisi\u00f3n de las culturas andinas, en las que la muerte no es el fin, sino una [&hellip;]","og_url":"https:\/\/pulso27.com\/es\/cronica\/dia-de-los-vivos-y-muertos-un-encuentro-de-mundos-en-la-memoria-andina\/","og_site_name":"Pulso27","article_publisher":"https:\/\/www.facebook.com\/pulso27\/","article_published_time":"2024-11-03T06:20:39+00:00","article_modified_time":"2024-11-03T06:20:43+00:00","og_image":[{"width":1200,"height":675,"url":"https:\/\/pulso27.com\/wp-content\/uploads\/2024\/11\/TodosLosSantosss.png","type":"image\/png"}],"author":"Tupaq","twitter_card":"summary_large_image","twitter_creator":"@Pulso_27","twitter_site":"@Pulso_27","twitter_misc":{"Written by":"Tupaq","Est. reading time":"3 minutos"},"schema":{"@context":"https:\/\/schema.org","@graph":[{"@type":"Article","@id":"https:\/\/pulso27.com\/cronica\/dia-de-los-vivos-y-muertos-un-encuentro-de-mundos-en-la-memoria-andina\/#article","isPartOf":{"@id":"https:\/\/pulso27.com\/cronica\/dia-de-los-vivos-y-muertos-un-encuentro-de-mundos-en-la-memoria-andina\/"},"author":{"name":"Tupaq","@id":"https:\/\/pulso27.com\/en\/#\/schema\/person\/d20fd7f5bc7f2e53fd150d43fca07a78"},"headline":"D\u00eda de los Vivos y Muertos: Un Encuentro de Mundos en la Memoria Andina","datePublished":"2024-11-03T06:20:39+00:00","dateModified":"2024-11-03T06:20:43+00:00","mainEntityOfPage":{"@id":"https:\/\/pulso27.com\/cronica\/dia-de-los-vivos-y-muertos-un-encuentro-de-mundos-en-la-memoria-andina\/"},"wordCount":616,"commentCount":0,"publisher":{"@id":"https:\/\/pulso27.com\/en\/#organization"},"image":{"@id":"https:\/\/pulso27.com\/cronica\/dia-de-los-vivos-y-muertos-un-encuentro-de-mundos-en-la-memoria-andina\/#primaryimage"},"thumbnailUrl":"https:\/\/pulso27.com\/wp-content\/uploads\/2024\/11\/TodosLosSantosss.png","keywords":["D\u00edaDeLosVivosYMuertos","Noviembre","TodosLosSantos"],"articleSection":["Costumbre y tradiciones","Cr\u00f3nica"],"inLanguage":"es-PE","potentialAction":[{"@type":"CommentAction","name":"Comment","target":["https:\/\/pulso27.com\/cronica\/dia-de-los-vivos-y-muertos-un-encuentro-de-mundos-en-la-memoria-andina\/#respond"]}]},{"@type":"WebPage","@id":"https:\/\/pulso27.com\/cronica\/dia-de-los-vivos-y-muertos-un-encuentro-de-mundos-en-la-memoria-andina\/","url":"https:\/\/pulso27.com\/cronica\/dia-de-los-vivos-y-muertos-un-encuentro-de-mundos-en-la-memoria-andina\/","name":"D\u00eda de los Vivos y Muertos: Un Encuentro de Mundos en la Memoria Andina - Pulso27","isPartOf":{"@id":"https:\/\/pulso27.com\/en\/#website"},"primaryImageOfPage":{"@id":"https:\/\/pulso27.com\/cronica\/dia-de-los-vivos-y-muertos-un-encuentro-de-mundos-en-la-memoria-andina\/#primaryimage"},"image":{"@id":"https:\/\/pulso27.com\/cronica\/dia-de-los-vivos-y-muertos-un-encuentro-de-mundos-en-la-memoria-andina\/#primaryimage"},"thumbnailUrl":"https:\/\/pulso27.com\/wp-content\/uploads\/2024\/11\/TodosLosSantosss.png","datePublished":"2024-11-03T06:20:39+00:00","dateModified":"2024-11-03T06:20:43+00:00","breadcrumb":{"@id":"https:\/\/pulso27.com\/cronica\/dia-de-los-vivos-y-muertos-un-encuentro-de-mundos-en-la-memoria-andina\/#breadcrumb"},"inLanguage":"es-PE","potentialAction":[{"@type":"ReadAction","target":["https:\/\/pulso27.com\/cronica\/dia-de-los-vivos-y-muertos-un-encuentro-de-mundos-en-la-memoria-andina\/"]}]},{"@type":"ImageObject","inLanguage":"es-PE","@id":"https:\/\/pulso27.com\/cronica\/dia-de-los-vivos-y-muertos-un-encuentro-de-mundos-en-la-memoria-andina\/#primaryimage","url":"https:\/\/pulso27.com\/wp-content\/uploads\/2024\/11\/TodosLosSantosss.png","contentUrl":"https:\/\/pulso27.com\/wp-content\/uploads\/2024\/11\/TodosLosSantosss.png","width":1200,"height":675},{"@type":"BreadcrumbList","@id":"https:\/\/pulso27.com\/cronica\/dia-de-los-vivos-y-muertos-un-encuentro-de-mundos-en-la-memoria-andina\/#breadcrumb","itemListElement":[{"@type":"ListItem","position":1,"name":"Portada","item":"https:\/\/pulso27.com\/"},{"@type":"ListItem","position":2,"name":"D\u00eda de los Vivos y Muertos: Un Encuentro de Mundos en la Memoria Andina"}]},{"@type":"WebSite","@id":"https:\/\/pulso27.com\/en\/#website","url":"https:\/\/pulso27.com\/en\/","name":"Pulso27","description":"Web de noticias y publicidad","publisher":{"@id":"https:\/\/pulso27.com\/en\/#organization"},"alternateName":"El pulso del pueblo","potentialAction":[{"@type":"SearchAction","target":{"@type":"EntryPoint","urlTemplate":"https:\/\/pulso27.com\/en\/?s={search_term_string}"},"query-input":{"@type":"PropertyValueSpecification","valueRequired":true,"valueName":"search_term_string"}}],"inLanguage":"es-PE"},{"@type":"Organization","@id":"https:\/\/pulso27.com\/en\/#organization","name":"Pulso27","url":"https:\/\/pulso27.com\/en\/","logo":{"@type":"ImageObject","inLanguage":"es-PE","@id":"https:\/\/pulso27.com\/en\/#\/schema\/logo\/image\/","url":"https:\/\/pulso27.com\/wp-content\/uploads\/2026\/02\/Logotipo-de-la-organizacion-696-x-696-px-ok.png","contentUrl":"https:\/\/pulso27.com\/wp-content\/uploads\/2026\/02\/Logotipo-de-la-organizacion-696-x-696-px-ok.png","width":696,"height":696,"caption":"Pulso27"},"image":{"@id":"https:\/\/pulso27.com\/en\/#\/schema\/logo\/image\/"},"sameAs":["https:\/\/www.facebook.com\/pulso27\/","https:\/\/x.com\/Pulso_27","https:\/\/www.youtube.com\/@Pulso27","https:\/\/www.tiktok.com\/@pulso_27"]},{"@type":"Person","@id":"https:\/\/pulso27.com\/en\/#\/schema\/person\/d20fd7f5bc7f2e53fd150d43fca07a78","name":"Tupaq","image":{"@type":"ImageObject","inLanguage":"es-PE","@id":"https:\/\/secure.gravatar.com\/avatar\/7929e9b034aeea560319a601e4f04c59eb5f45a79eafe192adabb67e9604e7e7?s=96&d=mm&r=g","url":"https:\/\/secure.gravatar.com\/avatar\/7929e9b034aeea560319a601e4f04c59eb5f45a79eafe192adabb67e9604e7e7?s=96&d=mm&r=g","contentUrl":"https:\/\/secure.gravatar.com\/avatar\/7929e9b034aeea560319a601e4f04c59eb5f45a79eafe192adabb67e9604e7e7?s=96&d=mm&r=g","caption":"Tupaq"},"url":"https:\/\/pulso27.com\/es\/author\/tupaq\/"}]}},"amp_enabled":true,"_links":{"self":[{"href":"https:\/\/pulso27.com\/es\/wp-json\/wp\/v2\/posts\/2825","targetHints":{"allow":["GET"]}}],"collection":[{"href":"https:\/\/pulso27.com\/es\/wp-json\/wp\/v2\/posts"}],"about":[{"href":"https:\/\/pulso27.com\/es\/wp-json\/wp\/v2\/types\/post"}],"author":[{"embeddable":true,"href":"https:\/\/pulso27.com\/es\/wp-json\/wp\/v2\/users\/7"}],"replies":[{"embeddable":true,"href":"https:\/\/pulso27.com\/es\/wp-json\/wp\/v2\/comments?post=2825"}],"version-history":[{"count":1,"href":"https:\/\/pulso27.com\/es\/wp-json\/wp\/v2\/posts\/2825\/revisions"}],"predecessor-version":[{"id":2830,"href":"https:\/\/pulso27.com\/es\/wp-json\/wp\/v2\/posts\/2825\/revisions\/2830"}],"wp:featuredmedia":[{"embeddable":true,"href":"https:\/\/pulso27.com\/es\/wp-json\/wp\/v2\/media\/2826"}],"wp:attachment":[{"href":"https:\/\/pulso27.com\/es\/wp-json\/wp\/v2\/media?parent=2825"}],"wp:term":[{"taxonomy":"category","embeddable":true,"href":"https:\/\/pulso27.com\/es\/wp-json\/wp\/v2\/categories?post=2825"},{"taxonomy":"post_tag","embeddable":true,"href":"https:\/\/pulso27.com\/es\/wp-json\/wp\/v2\/tags?post=2825"}],"curies":[{"name":"wp","href":"https:\/\/api.w.org\/{rel}","templated":true}]}}