{"id":2876,"date":"2024-11-07T05:43:54","date_gmt":"2024-11-07T00:43:54","guid":{"rendered":"https:\/\/pulso27.com\/?p=2876"},"modified":"2024-11-07T05:43:58","modified_gmt":"2024-11-07T00:43:58","slug":"dia-de-la-cancion-ayacuchana-simbolo-de-identidad-y-resistencia-ayacuchana","status":"publish","type":"post","link":"https:\/\/pulso27.com\/es\/cultura\/dia-de-la-cancion-ayacuchana-simbolo-de-identidad-y-resistencia-ayacuchana\/","title":{"rendered":"D\u00eda de la Canci\u00f3n Ayacuchana: s\u00edmbolo de identidad y resistencia ayacuchana"},"content":{"rendered":"\n<p>El D\u00eda de la Canci\u00f3n Ayacuchana, celebrado el 6 de noviembre, honra la rica tradici\u00f3n musical de Ayacucho y a los destacados artistas que han plasmado las historias y luchas de su pueblo en melod\u00edas profundamente emotivas.<\/p>\n\n\n\n<p>Esta celebraci\u00f3n fue instaurada en 1981 en honor al aniversario del fallecimiento de Nery Garc\u00eda Z\u00e1rate, \u00abEl Pajarillo\u00bb, quien, junto a su hermano Ra\u00fal, form\u00f3 el D\u00fao Ayacucho. Su legado se convirti\u00f3 en un s\u00edmbolo de la identidad regional, popularizando temas que transmiten el esp\u00edritu y el dolor de una regi\u00f3n marcada por la historia y la resistencia.<\/p>\n\n\n\n<figure class=\"wp-block-image size-large\"><img loading=\"lazy\" decoding=\"async\" width=\"1024\" height=\"1015\" src=\"https:\/\/pulso27.com\/wp-content\/uploads\/2024\/11\/CancionAyac-1024x1015.png\" alt=\"\" class=\"wp-image-2878\" srcset=\"https:\/\/pulso27.com\/wp-content\/uploads\/2024\/11\/CancionAyac-1024x1015.png 1024w, https:\/\/pulso27.com\/wp-content\/uploads\/2024\/11\/CancionAyac-300x297.png 300w, https:\/\/pulso27.com\/wp-content\/uploads\/2024\/11\/CancionAyac-150x150.png 150w, https:\/\/pulso27.com\/wp-content\/uploads\/2024\/11\/CancionAyac-768x761.png 768w, https:\/\/pulso27.com\/wp-content\/uploads\/2024\/11\/CancionAyac-12x12.png 12w, https:\/\/pulso27.com\/wp-content\/uploads\/2024\/11\/CancionAyac-80x80.png 80w, https:\/\/pulso27.com\/wp-content\/uploads\/2024\/11\/CancionAyac.png 1239w\" sizes=\"auto, (max-width: 1024px) 100vw, 1024px\" \/><figcaption class=\"wp-element-caption\"><em>Las instituciones p\u00fablicas y privadas de Ayacucho organizaron un concierto en la Plaza Mayor de Huamanga &#8211; Ayacucho<\/em><\/figcaption><\/figure>\n\n\n\n<p>Entre los pioneros de esta tradici\u00f3n est\u00e1n figuras como Ra\u00fal Garc\u00eda Z\u00e1rate, cuya maestr\u00eda en la guitarra lo llev\u00f3 a ser nombrado \u201cPatrimonio Cultural Vivo del Per\u00fa\u201d.<\/p>\n\n\n\n<p>Tambi\u00e9n Jaime Guardia, aclamado como \u201cmaestro del charango\u201d, contribuy\u00f3 con su carism\u00e1tica interpretaci\u00f3n y amistad con el escritor Jos\u00e9 Mar\u00eda Arguedas a difundir la m\u00fasica ayacuchana a nivel nacional e internacional. Otro destacado es Manuelcha Prado, cuya guitarra sigue evocando las complejas emociones de su tierra, reflejando la historia de su pueblo en cada nota.<\/p>\n\n\n\n<figure class=\"wp-block-image size-large\"><img loading=\"lazy\" decoding=\"async\" width=\"1024\" height=\"576\" src=\"https:\/\/pulso27.com\/wp-content\/uploads\/2024\/11\/GarciaZar-1024x576.png\" alt=\"\" class=\"wp-image-2879\" srcset=\"https:\/\/pulso27.com\/wp-content\/uploads\/2024\/11\/GarciaZar-1024x576.png 1024w, https:\/\/pulso27.com\/wp-content\/uploads\/2024\/11\/GarciaZar-300x169.png 300w, https:\/\/pulso27.com\/wp-content\/uploads\/2024\/11\/GarciaZar-768x432.png 768w, https:\/\/pulso27.com\/wp-content\/uploads\/2024\/11\/GarciaZar-18x10.png 18w, https:\/\/pulso27.com\/wp-content\/uploads\/2024\/11\/GarciaZar.png 1200w\" sizes=\"auto, (max-width: 1024px) 100vw, 1024px\" \/><figcaption class=\"wp-element-caption\"><em>El legado art\u00edstico de Nery Garc\u00eda Z\u00e1rate, \u00abEl Pajarillo\u00bb<\/em><\/figcaption><\/figure>\n\n\n\n<p>La m\u00fasica ayacuchana ha servido como una plataforma para expresar temas sociales y pol\u00edticos. Artistas como Martina Portocarrero y Walter Humala integraron letras de protesta y conciencia social en sus canciones, conectando con las nuevas generaciones. Este compromiso con las problem\u00e1ticas de su tierra ha mantenido viva la m\u00fasica ayacuchana, enfrentando incluso momentos de censura y represi\u00f3n.<\/p>\n\n\n\n<p>Actualmente, la tradici\u00f3n contin\u00faa con int\u00e9rpretes j\u00f3venes, quienes llevan la herencia musical a un contexto globalizado, demostrando que la m\u00fasica ayacuchana sigue siendo una poderosa herramienta de identidad cultural y expresi\u00f3n de resistencia social en el Per\u00fa.<\/p>\n","protected":false},"excerpt":{"rendered":"<p>El D\u00eda de la Canci\u00f3n Ayacuchana, celebrado el 6 de noviembre, honra la rica tradici\u00f3n musical de Ayacucho y a los destacados artistas que han plasmado las historias y luchas de su pueblo en melod\u00edas profundamente emotivas. Esta celebraci\u00f3n fue instaurada en 1981 en honor al aniversario del fallecimiento de Nery Garc\u00eda Z\u00e1rate, \u00abEl Pajarillo\u00bb, [&hellip;]<\/p>\n","protected":false},"author":8,"featured_media":2877,"comment_status":"open","ping_status":"open","sticky":false,"template":"","format":"standard","meta":{"footnotes":""},"categories":[393,814],"tags":[],"class_list":["post-2876","post","type-post","status-publish","format-standard","has-post-thumbnail","hentry","category-cultura","category-musica"],"yoast_head":"<!-- This site is optimized with the Yoast SEO plugin v27.4 - https:\/\/yoast.com\/product\/yoast-seo-wordpress\/ -->\n<title>D\u00eda de la Canci\u00f3n Ayacuchana: s\u00edmbolo de identidad y resistencia ayacuchana - Pulso27<\/title>\n<meta name=\"robots\" content=\"index, follow, max-snippet:-1, max-image-preview:large, max-video-preview:-1\" \/>\n<link rel=\"canonical\" href=\"https:\/\/pulso27.com\/es\/cultura\/dia-de-la-cancion-ayacuchana-simbolo-de-identidad-y-resistencia-ayacuchana\/\" \/>\n<meta property=\"og:locale\" content=\"es_ES\" \/>\n<meta property=\"og:type\" content=\"article\" \/>\n<meta property=\"og:title\" content=\"D\u00eda de la Canci\u00f3n Ayacuchana: s\u00edmbolo de identidad y resistencia ayacuchana - Pulso27\" \/>\n<meta property=\"og:description\" content=\"El D\u00eda de la Canci\u00f3n Ayacuchana, celebrado el 6 de noviembre, honra la rica tradici\u00f3n musical de Ayacucho y a los destacados artistas que han plasmado las historias y luchas de su pueblo en melod\u00edas profundamente emotivas. Esta celebraci\u00f3n fue instaurada en 1981 en honor al aniversario del fallecimiento de Nery Garc\u00eda Z\u00e1rate, \u00abEl Pajarillo\u00bb, [&hellip;]\" \/>\n<meta property=\"og:url\" content=\"https:\/\/pulso27.com\/es\/cultura\/dia-de-la-cancion-ayacuchana-simbolo-de-identidad-y-resistencia-ayacuchana\/\" \/>\n<meta property=\"og:site_name\" content=\"Pulso27\" \/>\n<meta property=\"article:publisher\" content=\"https:\/\/www.facebook.com\/pulso27\/\" \/>\n<meta property=\"article:published_time\" content=\"2024-11-07T00:43:54+00:00\" \/>\n<meta property=\"article:modified_time\" content=\"2024-11-07T00:43:58+00:00\" \/>\n<meta property=\"og:image\" content=\"https:\/\/pulso27.com\/wp-content\/uploads\/2024\/11\/CancionAyacc.png\" \/>\n\t<meta property=\"og:image:width\" content=\"1200\" \/>\n\t<meta property=\"og:image:height\" content=\"675\" \/>\n\t<meta property=\"og:image:type\" content=\"image\/png\" \/>\n<meta name=\"author\" content=\"Maga\" \/>\n<meta name=\"twitter:card\" content=\"summary_large_image\" \/>\n<meta name=\"twitter:creator\" content=\"@Pulso_27\" \/>\n<meta name=\"twitter:site\" content=\"@Pulso_27\" \/>\n<meta name=\"twitter:label1\" content=\"Written by\" \/>\n\t<meta name=\"twitter:data1\" content=\"Maga\" \/>\n\t<meta name=\"twitter:label2\" content=\"Est. reading time\" \/>\n\t<meta name=\"twitter:data2\" content=\"2 minutos\" \/>\n<script type=\"application\/ld+json\" class=\"yoast-schema-graph\">{\"@context\":\"https:\\\/\\\/schema.org\",\"@graph\":[{\"@type\":\"Article\",\"@id\":\"https:\\\/\\\/pulso27.com\\\/cultura\\\/dia-de-la-cancion-ayacuchana-simbolo-de-identidad-y-resistencia-ayacuchana\\\/#article\",\"isPartOf\":{\"@id\":\"https:\\\/\\\/pulso27.com\\\/cultura\\\/dia-de-la-cancion-ayacuchana-simbolo-de-identidad-y-resistencia-ayacuchana\\\/\"},\"author\":{\"name\":\"Maga\",\"@id\":\"https:\\\/\\\/pulso27.com\\\/en\\\/#\\\/schema\\\/person\\\/92f5059eb04cb644a32d22c9bc998684\"},\"headline\":\"D\u00eda de la Canci\u00f3n Ayacuchana: s\u00edmbolo de identidad y resistencia ayacuchana\",\"datePublished\":\"2024-11-07T00:43:54+00:00\",\"dateModified\":\"2024-11-07T00:43:58+00:00\",\"mainEntityOfPage\":{\"@id\":\"https:\\\/\\\/pulso27.com\\\/cultura\\\/dia-de-la-cancion-ayacuchana-simbolo-de-identidad-y-resistencia-ayacuchana\\\/\"},\"wordCount\":348,\"commentCount\":0,\"publisher\":{\"@id\":\"https:\\\/\\\/pulso27.com\\\/en\\\/#organization\"},\"image\":{\"@id\":\"https:\\\/\\\/pulso27.com\\\/cultura\\\/dia-de-la-cancion-ayacuchana-simbolo-de-identidad-y-resistencia-ayacuchana\\\/#primaryimage\"},\"thumbnailUrl\":\"https:\\\/\\\/pulso27.com\\\/wp-content\\\/uploads\\\/2024\\\/11\\\/CancionAyacc.png\",\"articleSection\":[\"Cultura\",\"M\u00fasica\"],\"inLanguage\":\"es-PE\",\"potentialAction\":[{\"@type\":\"CommentAction\",\"name\":\"Comment\",\"target\":[\"https:\\\/\\\/pulso27.com\\\/cultura\\\/dia-de-la-cancion-ayacuchana-simbolo-de-identidad-y-resistencia-ayacuchana\\\/#respond\"]}]},{\"@type\":\"WebPage\",\"@id\":\"https:\\\/\\\/pulso27.com\\\/cultura\\\/dia-de-la-cancion-ayacuchana-simbolo-de-identidad-y-resistencia-ayacuchana\\\/\",\"url\":\"https:\\\/\\\/pulso27.com\\\/cultura\\\/dia-de-la-cancion-ayacuchana-simbolo-de-identidad-y-resistencia-ayacuchana\\\/\",\"name\":\"D\u00eda de la Canci\u00f3n Ayacuchana: s\u00edmbolo de identidad y resistencia ayacuchana - Pulso27\",\"isPartOf\":{\"@id\":\"https:\\\/\\\/pulso27.com\\\/en\\\/#website\"},\"primaryImageOfPage\":{\"@id\":\"https:\\\/\\\/pulso27.com\\\/cultura\\\/dia-de-la-cancion-ayacuchana-simbolo-de-identidad-y-resistencia-ayacuchana\\\/#primaryimage\"},\"image\":{\"@id\":\"https:\\\/\\\/pulso27.com\\\/cultura\\\/dia-de-la-cancion-ayacuchana-simbolo-de-identidad-y-resistencia-ayacuchana\\\/#primaryimage\"},\"thumbnailUrl\":\"https:\\\/\\\/pulso27.com\\\/wp-content\\\/uploads\\\/2024\\\/11\\\/CancionAyacc.png\",\"datePublished\":\"2024-11-07T00:43:54+00:00\",\"dateModified\":\"2024-11-07T00:43:58+00:00\",\"breadcrumb\":{\"@id\":\"https:\\\/\\\/pulso27.com\\\/cultura\\\/dia-de-la-cancion-ayacuchana-simbolo-de-identidad-y-resistencia-ayacuchana\\\/#breadcrumb\"},\"inLanguage\":\"es-PE\",\"potentialAction\":[{\"@type\":\"ReadAction\",\"target\":[\"https:\\\/\\\/pulso27.com\\\/cultura\\\/dia-de-la-cancion-ayacuchana-simbolo-de-identidad-y-resistencia-ayacuchana\\\/\"]}]},{\"@type\":\"ImageObject\",\"inLanguage\":\"es-PE\",\"@id\":\"https:\\\/\\\/pulso27.com\\\/cultura\\\/dia-de-la-cancion-ayacuchana-simbolo-de-identidad-y-resistencia-ayacuchana\\\/#primaryimage\",\"url\":\"https:\\\/\\\/pulso27.com\\\/wp-content\\\/uploads\\\/2024\\\/11\\\/CancionAyacc.png\",\"contentUrl\":\"https:\\\/\\\/pulso27.com\\\/wp-content\\\/uploads\\\/2024\\\/11\\\/CancionAyacc.png\",\"width\":1200,\"height\":675},{\"@type\":\"BreadcrumbList\",\"@id\":\"https:\\\/\\\/pulso27.com\\\/cultura\\\/dia-de-la-cancion-ayacuchana-simbolo-de-identidad-y-resistencia-ayacuchana\\\/#breadcrumb\",\"itemListElement\":[{\"@type\":\"ListItem\",\"position\":1,\"name\":\"Portada\",\"item\":\"https:\\\/\\\/pulso27.com\\\/\"},{\"@type\":\"ListItem\",\"position\":2,\"name\":\"D\u00eda de la Canci\u00f3n Ayacuchana: s\u00edmbolo de identidad y resistencia ayacuchana\"}]},{\"@type\":\"WebSite\",\"@id\":\"https:\\\/\\\/pulso27.com\\\/en\\\/#website\",\"url\":\"https:\\\/\\\/pulso27.com\\\/en\\\/\",\"name\":\"Pulso27\",\"description\":\"Web de noticias y publicidad\",\"publisher\":{\"@id\":\"https:\\\/\\\/pulso27.com\\\/en\\\/#organization\"},\"alternateName\":\"El pulso del pueblo\",\"potentialAction\":[{\"@type\":\"SearchAction\",\"target\":{\"@type\":\"EntryPoint\",\"urlTemplate\":\"https:\\\/\\\/pulso27.com\\\/en\\\/?s={search_term_string}\"},\"query-input\":{\"@type\":\"PropertyValueSpecification\",\"valueRequired\":true,\"valueName\":\"search_term_string\"}}],\"inLanguage\":\"es-PE\"},{\"@type\":\"Organization\",\"@id\":\"https:\\\/\\\/pulso27.com\\\/en\\\/#organization\",\"name\":\"Pulso27\",\"url\":\"https:\\\/\\\/pulso27.com\\\/en\\\/\",\"logo\":{\"@type\":\"ImageObject\",\"inLanguage\":\"es-PE\",\"@id\":\"https:\\\/\\\/pulso27.com\\\/en\\\/#\\\/schema\\\/logo\\\/image\\\/\",\"url\":\"https:\\\/\\\/pulso27.com\\\/wp-content\\\/uploads\\\/2026\\\/02\\\/Logotipo-de-la-organizacion-696-x-696-px-ok.png\",\"contentUrl\":\"https:\\\/\\\/pulso27.com\\\/wp-content\\\/uploads\\\/2026\\\/02\\\/Logotipo-de-la-organizacion-696-x-696-px-ok.png\",\"width\":696,\"height\":696,\"caption\":\"Pulso27\"},\"image\":{\"@id\":\"https:\\\/\\\/pulso27.com\\\/en\\\/#\\\/schema\\\/logo\\\/image\\\/\"},\"sameAs\":[\"https:\\\/\\\/www.facebook.com\\\/pulso27\\\/\",\"https:\\\/\\\/x.com\\\/Pulso_27\",\"https:\\\/\\\/www.youtube.com\\\/@Pulso27\",\"https:\\\/\\\/www.tiktok.com\\\/@pulso_27\"]},{\"@type\":\"Person\",\"@id\":\"https:\\\/\\\/pulso27.com\\\/en\\\/#\\\/schema\\\/person\\\/92f5059eb04cb644a32d22c9bc998684\",\"name\":\"Maga\",\"image\":{\"@type\":\"ImageObject\",\"inLanguage\":\"es-PE\",\"@id\":\"https:\\\/\\\/secure.gravatar.com\\\/avatar\\\/c4d5224d4227e7c057cd5793ba910425cc902f3aef97cda3eccc7acba8be2edc?s=96&d=mm&r=g\",\"url\":\"https:\\\/\\\/secure.gravatar.com\\\/avatar\\\/c4d5224d4227e7c057cd5793ba910425cc902f3aef97cda3eccc7acba8be2edc?s=96&d=mm&r=g\",\"contentUrl\":\"https:\\\/\\\/secure.gravatar.com\\\/avatar\\\/c4d5224d4227e7c057cd5793ba910425cc902f3aef97cda3eccc7acba8be2edc?s=96&d=mm&r=g\",\"caption\":\"Maga\"},\"sameAs\":[\"http:\\\/\\\/www.pulso27.com\"],\"url\":\"https:\\\/\\\/pulso27.com\\\/es\\\/author\\\/maga\\\/\"}]}<\/script>\n<!-- \/ Yoast SEO plugin. -->","yoast_head_json":{"title":"D\u00eda de la Canci\u00f3n Ayacuchana: s\u00edmbolo de identidad y resistencia ayacuchana - Pulso27","robots":{"index":"index","follow":"follow","max-snippet":"max-snippet:-1","max-image-preview":"max-image-preview:large","max-video-preview":"max-video-preview:-1"},"canonical":"https:\/\/pulso27.com\/es\/cultura\/dia-de-la-cancion-ayacuchana-simbolo-de-identidad-y-resistencia-ayacuchana\/","og_locale":"es_ES","og_type":"article","og_title":"D\u00eda de la Canci\u00f3n Ayacuchana: s\u00edmbolo de identidad y resistencia ayacuchana - Pulso27","og_description":"El D\u00eda de la Canci\u00f3n Ayacuchana, celebrado el 6 de noviembre, honra la rica tradici\u00f3n musical de Ayacucho y a los destacados artistas que han plasmado las historias y luchas de su pueblo en melod\u00edas profundamente emotivas. Esta celebraci\u00f3n fue instaurada en 1981 en honor al aniversario del fallecimiento de Nery Garc\u00eda Z\u00e1rate, \u00abEl Pajarillo\u00bb, [&hellip;]","og_url":"https:\/\/pulso27.com\/es\/cultura\/dia-de-la-cancion-ayacuchana-simbolo-de-identidad-y-resistencia-ayacuchana\/","og_site_name":"Pulso27","article_publisher":"https:\/\/www.facebook.com\/pulso27\/","article_published_time":"2024-11-07T00:43:54+00:00","article_modified_time":"2024-11-07T00:43:58+00:00","og_image":[{"width":1200,"height":675,"url":"https:\/\/pulso27.com\/wp-content\/uploads\/2024\/11\/CancionAyacc.png","type":"image\/png"}],"author":"Maga","twitter_card":"summary_large_image","twitter_creator":"@Pulso_27","twitter_site":"@Pulso_27","twitter_misc":{"Written by":"Maga","Est. reading time":"2 minutos"},"schema":{"@context":"https:\/\/schema.org","@graph":[{"@type":"Article","@id":"https:\/\/pulso27.com\/cultura\/dia-de-la-cancion-ayacuchana-simbolo-de-identidad-y-resistencia-ayacuchana\/#article","isPartOf":{"@id":"https:\/\/pulso27.com\/cultura\/dia-de-la-cancion-ayacuchana-simbolo-de-identidad-y-resistencia-ayacuchana\/"},"author":{"name":"Maga","@id":"https:\/\/pulso27.com\/en\/#\/schema\/person\/92f5059eb04cb644a32d22c9bc998684"},"headline":"D\u00eda de la Canci\u00f3n Ayacuchana: s\u00edmbolo de identidad y resistencia ayacuchana","datePublished":"2024-11-07T00:43:54+00:00","dateModified":"2024-11-07T00:43:58+00:00","mainEntityOfPage":{"@id":"https:\/\/pulso27.com\/cultura\/dia-de-la-cancion-ayacuchana-simbolo-de-identidad-y-resistencia-ayacuchana\/"},"wordCount":348,"commentCount":0,"publisher":{"@id":"https:\/\/pulso27.com\/en\/#organization"},"image":{"@id":"https:\/\/pulso27.com\/cultura\/dia-de-la-cancion-ayacuchana-simbolo-de-identidad-y-resistencia-ayacuchana\/#primaryimage"},"thumbnailUrl":"https:\/\/pulso27.com\/wp-content\/uploads\/2024\/11\/CancionAyacc.png","articleSection":["Cultura","M\u00fasica"],"inLanguage":"es-PE","potentialAction":[{"@type":"CommentAction","name":"Comment","target":["https:\/\/pulso27.com\/cultura\/dia-de-la-cancion-ayacuchana-simbolo-de-identidad-y-resistencia-ayacuchana\/#respond"]}]},{"@type":"WebPage","@id":"https:\/\/pulso27.com\/cultura\/dia-de-la-cancion-ayacuchana-simbolo-de-identidad-y-resistencia-ayacuchana\/","url":"https:\/\/pulso27.com\/cultura\/dia-de-la-cancion-ayacuchana-simbolo-de-identidad-y-resistencia-ayacuchana\/","name":"D\u00eda de la Canci\u00f3n Ayacuchana: s\u00edmbolo de identidad y resistencia ayacuchana - Pulso27","isPartOf":{"@id":"https:\/\/pulso27.com\/en\/#website"},"primaryImageOfPage":{"@id":"https:\/\/pulso27.com\/cultura\/dia-de-la-cancion-ayacuchana-simbolo-de-identidad-y-resistencia-ayacuchana\/#primaryimage"},"image":{"@id":"https:\/\/pulso27.com\/cultura\/dia-de-la-cancion-ayacuchana-simbolo-de-identidad-y-resistencia-ayacuchana\/#primaryimage"},"thumbnailUrl":"https:\/\/pulso27.com\/wp-content\/uploads\/2024\/11\/CancionAyacc.png","datePublished":"2024-11-07T00:43:54+00:00","dateModified":"2024-11-07T00:43:58+00:00","breadcrumb":{"@id":"https:\/\/pulso27.com\/cultura\/dia-de-la-cancion-ayacuchana-simbolo-de-identidad-y-resistencia-ayacuchana\/#breadcrumb"},"inLanguage":"es-PE","potentialAction":[{"@type":"ReadAction","target":["https:\/\/pulso27.com\/cultura\/dia-de-la-cancion-ayacuchana-simbolo-de-identidad-y-resistencia-ayacuchana\/"]}]},{"@type":"ImageObject","inLanguage":"es-PE","@id":"https:\/\/pulso27.com\/cultura\/dia-de-la-cancion-ayacuchana-simbolo-de-identidad-y-resistencia-ayacuchana\/#primaryimage","url":"https:\/\/pulso27.com\/wp-content\/uploads\/2024\/11\/CancionAyacc.png","contentUrl":"https:\/\/pulso27.com\/wp-content\/uploads\/2024\/11\/CancionAyacc.png","width":1200,"height":675},{"@type":"BreadcrumbList","@id":"https:\/\/pulso27.com\/cultura\/dia-de-la-cancion-ayacuchana-simbolo-de-identidad-y-resistencia-ayacuchana\/#breadcrumb","itemListElement":[{"@type":"ListItem","position":1,"name":"Portada","item":"https:\/\/pulso27.com\/"},{"@type":"ListItem","position":2,"name":"D\u00eda de la Canci\u00f3n Ayacuchana: s\u00edmbolo de identidad y resistencia ayacuchana"}]},{"@type":"WebSite","@id":"https:\/\/pulso27.com\/en\/#website","url":"https:\/\/pulso27.com\/en\/","name":"Pulso27","description":"Web de noticias y publicidad","publisher":{"@id":"https:\/\/pulso27.com\/en\/#organization"},"alternateName":"El pulso del pueblo","potentialAction":[{"@type":"SearchAction","target":{"@type":"EntryPoint","urlTemplate":"https:\/\/pulso27.com\/en\/?s={search_term_string}"},"query-input":{"@type":"PropertyValueSpecification","valueRequired":true,"valueName":"search_term_string"}}],"inLanguage":"es-PE"},{"@type":"Organization","@id":"https:\/\/pulso27.com\/en\/#organization","name":"Pulso27","url":"https:\/\/pulso27.com\/en\/","logo":{"@type":"ImageObject","inLanguage":"es-PE","@id":"https:\/\/pulso27.com\/en\/#\/schema\/logo\/image\/","url":"https:\/\/pulso27.com\/wp-content\/uploads\/2026\/02\/Logotipo-de-la-organizacion-696-x-696-px-ok.png","contentUrl":"https:\/\/pulso27.com\/wp-content\/uploads\/2026\/02\/Logotipo-de-la-organizacion-696-x-696-px-ok.png","width":696,"height":696,"caption":"Pulso27"},"image":{"@id":"https:\/\/pulso27.com\/en\/#\/schema\/logo\/image\/"},"sameAs":["https:\/\/www.facebook.com\/pulso27\/","https:\/\/x.com\/Pulso_27","https:\/\/www.youtube.com\/@Pulso27","https:\/\/www.tiktok.com\/@pulso_27"]},{"@type":"Person","@id":"https:\/\/pulso27.com\/en\/#\/schema\/person\/92f5059eb04cb644a32d22c9bc998684","name":"Maga","image":{"@type":"ImageObject","inLanguage":"es-PE","@id":"https:\/\/secure.gravatar.com\/avatar\/c4d5224d4227e7c057cd5793ba910425cc902f3aef97cda3eccc7acba8be2edc?s=96&d=mm&r=g","url":"https:\/\/secure.gravatar.com\/avatar\/c4d5224d4227e7c057cd5793ba910425cc902f3aef97cda3eccc7acba8be2edc?s=96&d=mm&r=g","contentUrl":"https:\/\/secure.gravatar.com\/avatar\/c4d5224d4227e7c057cd5793ba910425cc902f3aef97cda3eccc7acba8be2edc?s=96&d=mm&r=g","caption":"Maga"},"sameAs":["http:\/\/www.pulso27.com"],"url":"https:\/\/pulso27.com\/es\/author\/maga\/"}]}},"amp_enabled":true,"_links":{"self":[{"href":"https:\/\/pulso27.com\/es\/wp-json\/wp\/v2\/posts\/2876","targetHints":{"allow":["GET"]}}],"collection":[{"href":"https:\/\/pulso27.com\/es\/wp-json\/wp\/v2\/posts"}],"about":[{"href":"https:\/\/pulso27.com\/es\/wp-json\/wp\/v2\/types\/post"}],"author":[{"embeddable":true,"href":"https:\/\/pulso27.com\/es\/wp-json\/wp\/v2\/users\/8"}],"replies":[{"embeddable":true,"href":"https:\/\/pulso27.com\/es\/wp-json\/wp\/v2\/comments?post=2876"}],"version-history":[{"count":1,"href":"https:\/\/pulso27.com\/es\/wp-json\/wp\/v2\/posts\/2876\/revisions"}],"predecessor-version":[{"id":2880,"href":"https:\/\/pulso27.com\/es\/wp-json\/wp\/v2\/posts\/2876\/revisions\/2880"}],"wp:featuredmedia":[{"embeddable":true,"href":"https:\/\/pulso27.com\/es\/wp-json\/wp\/v2\/media\/2877"}],"wp:attachment":[{"href":"https:\/\/pulso27.com\/es\/wp-json\/wp\/v2\/media?parent=2876"}],"wp:term":[{"taxonomy":"category","embeddable":true,"href":"https:\/\/pulso27.com\/es\/wp-json\/wp\/v2\/categories?post=2876"},{"taxonomy":"post_tag","embeddable":true,"href":"https:\/\/pulso27.com\/es\/wp-json\/wp\/v2\/tags?post=2876"}],"curies":[{"name":"wp","href":"https:\/\/api.w.org\/{rel}","templated":true}]}}