{"id":2904,"date":"2024-11-13T10:43:02","date_gmt":"2024-11-13T05:43:02","guid":{"rendered":"https:\/\/pulso27.com\/?p=2904"},"modified":"2024-11-13T10:43:06","modified_gmt":"2024-11-13T05:43:06","slug":"protestas-contra-el-apec-2024-en-peru-paro-nacional-contra-la-criminalidad-y-la-pobreza-estructural","status":"publish","type":"post","link":"https:\/\/pulso27.com\/es\/internacional\/protestas-contra-el-apec-2024-en-peru-paro-nacional-contra-la-criminalidad-y-la-pobreza-estructural\/","title":{"rendered":"Protestas contra el APEC 2024 en Per\u00fa: Paro nacional contra la criminalidad y la pobreza estructural"},"content":{"rendered":"\n<p><strong>Lima, 13 de noviembre de 2024<\/strong> \u2014 En medio de la celebraci\u00f3n de la Cumbre del Foro de Cooperaci\u00f3n Econ\u00f3mica Asia-Pac\u00edfico (APEC) 2024, que se lleva a cabo en Lima con la presencia de l\u00edderes internacionales como el presidente de Estados Unidos, Joe Biden, y el presidente de China, Xi Jinping, el Per\u00fa vive una protesta social sin precedentes. <\/p>\n\n\n\n<p>Diversos gremios de transportistas y organizaciones sociales han convocado a un paro nacional de 72 horas que coincide con el evento multilateral, con el objetivo de poner en evidencia la creciente ola de criminalidad, las extorsiones y la crisis de pobreza que azotan al pa\u00eds.<\/p>\n\n\n\n<figure class=\"wp-block-image size-large\"><img loading=\"lazy\" decoding=\"async\" width=\"1024\" height=\"576\" src=\"https:\/\/pulso27.com\/wp-content\/uploads\/2024\/11\/Apecc-1024x576.png\" alt=\"\" class=\"wp-image-2909\" srcset=\"https:\/\/pulso27.com\/wp-content\/uploads\/2024\/11\/Apecc-1024x576.png 1024w, https:\/\/pulso27.com\/wp-content\/uploads\/2024\/11\/Apecc-300x169.png 300w, https:\/\/pulso27.com\/wp-content\/uploads\/2024\/11\/Apecc-768x432.png 768w, https:\/\/pulso27.com\/wp-content\/uploads\/2024\/11\/Apecc-18x10.png 18w, https:\/\/pulso27.com\/wp-content\/uploads\/2024\/11\/Apecc.png 1200w\" sizes=\"auto, (max-width: 1024px) 100vw, 1024px\" \/><figcaption class=\"wp-element-caption\"><em>Presidentes de Estados Unidos, Joe Biden; y el presidente de China, Xi Jinping estar\u00e1n en APEC 2024 de Per\u00fa<\/em><\/figcaption><\/figure>\n\n\n\n<p>El paro, que comenz\u00f3 el mi\u00e9rcoles 13 de noviembre, se extiende hasta el 15 de noviembre, y cuenta con el respaldo de organizaciones como la Alianza Nacional de Transportistas, Asotrani, la Coordinadora Nacional de Lucha (Conal) y la Confederaci\u00f3n General de Trabajadores del Per\u00fa (CGTP), entre otras.<\/p>\n\n\n\n<p>La principal exigencia de los manifestantes es la derogaci\u00f3n de la Ley 32108, que regula el crimen organizado, y el archivo de una controversial ley que sanciona el terrorismo urbano, as\u00ed como una mayor atenci\u00f3n a la creciente inseguridad ciudadana.<\/p>\n\n\n\n<figure class=\"wp-block-image size-full\"><img loading=\"lazy\" decoding=\"async\" width=\"992\" height=\"558\" src=\"https:\/\/pulso27.com\/wp-content\/uploads\/2024\/11\/image-17.png\" alt=\"\" class=\"wp-image-2907\" srcset=\"https:\/\/pulso27.com\/wp-content\/uploads\/2024\/11\/image-17.png 992w, https:\/\/pulso27.com\/wp-content\/uploads\/2024\/11\/image-17-300x169.png 300w, https:\/\/pulso27.com\/wp-content\/uploads\/2024\/11\/image-17-768x432.png 768w, https:\/\/pulso27.com\/wp-content\/uploads\/2024\/11\/image-17-18x10.png 18w\" sizes=\"auto, (max-width: 992px) 100vw, 992px\" \/><figcaption class=\"wp-element-caption\"><em>Paro nacional es liderado por la Alianza Nacional de Transportistas (Asotrani), la Coordinadora Nacional de Lucha (Conal) y la Confederaci\u00f3n General de Trabajadores del Per\u00fa (CGTP)<\/em><\/figcaption><\/figure>\n\n\n\n<p>En su mayor\u00eda, los transportistas denuncian un ambiente insostenible debido a las constantes extorsiones de bandas criminales, que exigen pagos millonarios a cambio de protecci\u00f3n. \u00ab<em>Nos est\u00e1n pidiendo entre 5.000 y 10.000 soles, cantidades que son imposibles de cubrir para un conductor que no gana m\u00e1s de 70 soles diarios<\/em>\u00ab, declar\u00f3 Hern\u00e1n Mendieta, presidente de la Asociaci\u00f3n de Transportistas Nacional e Internacional.<\/p>\n\n\n\n<p>La situaci\u00f3n es tal que algunos gremios de transportistas de Piura, Ica y Arequipa han decidido suspender sus operaciones, afectando a miles de usuarios diarios.<\/p>\n\n\n\n<p>Los transportistas aseguran que el gobierno no ha hecho nada efectivo para frenar las extorsiones y las amenazas de muerte que enfrentan, lo que ha motivado a una creciente cantidad de sectores a unirse a la protesta. \u00ab<em>La situaci\u00f3n se ha vuelto insostenible. Necesitamos una respuesta inmediata del gobierno<\/em>\u00ab, expres\u00f3 Wilmer Yovera Coello, dirigente de Emtrubapi, empresa de transporte interurbano en Piura.<\/p>\n\n\n\n<p>Los manifestantes intentan aprovechar la atenci\u00f3n internacional que acapara el pa\u00eds por la realizaci\u00f3n del APEC 2024 para visibilizar la grave situaci\u00f3n de inseguridad y pobreza que atraviesa Per\u00fa. Gremios de transporte, federaciones estudiantiles y organizaciones sociales han anunciado su intenci\u00f3n de movilizarse hacia las inmediaciones del Centro de Convenciones de Lima, donde se celebran las actividades del APEC, para hacer llegar su mensaje a los l\u00edderes mundiales presentes.<\/p>\n\n\n\n<p>En Lima, los transportistas se concentrar\u00e1n en la Plaza San Mart\u00edn antes de avanzar hacia San Borja, donde se celebran los encuentros entre los dignatarios internacionales. \u00ab<em>Nos sentimos ignorados por el gobierno, y es hora de que el mundo vea lo que est\u00e1 pasando en Per\u00fa. Mientras ellos hablan de comercio y cooperaci\u00f3n, nosotros vivimos bajo la amenaza constante de la delincuencia<\/em>\u00ab, explic\u00f3 Richard Bernachea, presidente de la Alianza Gremial Nacional de Transportistas del Per\u00fa.<\/p>\n\n\n\n<figure class=\"wp-block-image size-full\"><img loading=\"lazy\" decoding=\"async\" width=\"992\" height=\"558\" src=\"https:\/\/pulso27.com\/wp-content\/uploads\/2024\/11\/image-19.png\" alt=\"\" class=\"wp-image-2911\" srcset=\"https:\/\/pulso27.com\/wp-content\/uploads\/2024\/11\/image-19.png 992w, https:\/\/pulso27.com\/wp-content\/uploads\/2024\/11\/image-19-300x169.png 300w, https:\/\/pulso27.com\/wp-content\/uploads\/2024\/11\/image-19-768x432.png 768w, https:\/\/pulso27.com\/wp-content\/uploads\/2024\/11\/image-19-18x10.png 18w\" sizes=\"auto, (max-width: 992px) 100vw, 992px\" \/><figcaption class=\"wp-element-caption\"><em>El Congreso de la Rep\u00fablica es el m\u00e1s cuestionada por los peruanos<\/em><\/figcaption><\/figure>\n\n\n\n<p>M\u00e1s all\u00e1 de las demandas por seguridad, el paro tambi\u00e9n subraya las profundas desigualdades estructurales del pa\u00eds. Seg\u00fan datos oficiales, la pobreza en el Per\u00fa alcanz\u00f3 al 52,9% de la poblaci\u00f3n en el primer semestre de 2024, lo que representa un aumento alarmante respecto al a\u00f1o anterior.<\/p>\n\n\n\n<p>La pobreza extrema, por su parte, se duplic\u00f3 en solo un a\u00f1o, afectando al 18,1% de la poblaci\u00f3n. Las comunidades m\u00e1s golpeadas son, en su mayor\u00eda, las rurales y las poblaciones ind\u00edgenas, que enfrentan \u00edndices de pobreza mucho m\u00e1s elevados que los mestizos y blancos.<\/p>\n\n\n\n<p>En regiones como Cusco, por ejemplo, m\u00e1s del 97% de la poblaci\u00f3n vive en pobreza total, mientras que en los distritos rurales de Lares y Omacha la pobreza extrema afecta a m\u00e1s del 89% de los habitantes. Estos datos reflejan una realidad que el gobierno de Dina Boluarte no ha logrado revertir, al igual que los gobiernos anteriores de tendencia neoliberal, pese a las promesas de mejorar las condiciones de vida de los m\u00e1s desfavorecidos.<\/p>\n\n\n\n<figure class=\"wp-block-image size-large\"><img loading=\"lazy\" decoding=\"async\" width=\"1024\" height=\"576\" src=\"https:\/\/pulso27.com\/wp-content\/uploads\/2024\/11\/image-16-1024x576.png\" alt=\"\" class=\"wp-image-2906\" srcset=\"https:\/\/pulso27.com\/wp-content\/uploads\/2024\/11\/image-16-1024x576.png 1024w, https:\/\/pulso27.com\/wp-content\/uploads\/2024\/11\/image-16-300x169.png 300w, https:\/\/pulso27.com\/wp-content\/uploads\/2024\/11\/image-16-768x432.png 768w, https:\/\/pulso27.com\/wp-content\/uploads\/2024\/11\/image-16-1536x864.png 1536w, https:\/\/pulso27.com\/wp-content\/uploads\/2024\/11\/image-16-18x10.png 18w, https:\/\/pulso27.com\/wp-content\/uploads\/2024\/11\/image-16.png 1920w\" sizes=\"auto, (max-width: 1024px) 100vw, 1024px\" \/><figcaption class=\"wp-element-caption\"><em>La pobreza en el Per\u00fa alcanz\u00f3 al 52,9% de la poblaci\u00f3n en el primer semestre de 2024<\/em><\/figcaption><\/figure>\n\n\n\n<p>En medio de la crisis, las autoridades han mostrado una falta de respuesta ante las demandas de los sectores sociales. La presidenta Dina Boluarte y los congresistas, por su parte, han permanecido en silencio respecto a las preocupaciones expresadas por los transportistas y otros gremios. Para los organizadores del paro, esta indiferencia ha sido una constante desde el inicio de las movilizaciones en 2022, especialmente despu\u00e9s de las violentas protestas que sacudieron el pa\u00eds y que dejaron decenas de muertos en la Macrorregi\u00f3n Sur.<\/p>\n\n\n\n<p>Julio Campos, vicepresidente de la Alianza Nacional de Transportistas, enfatiz\u00f3 que el paro no solo es una protesta contra la extorsi\u00f3n, sino tambi\u00e9n contra un sistema pol\u00edtico que no escucha a las bases. \u00abSi no nos escuchan en estos tres d\u00edas, habr\u00e1 m\u00e1s paros, m\u00e1s huelgas. No nos van a callar\u00bb, advirti\u00f3, anticipando nuevas movilizaciones si sus demandas siguen siendo ignoradas.<\/p>\n\n\n\n<p>Las protestas contra el APEC 2024 exponen de forma clara las grietas del gobierno peruano: una inseguridad creciente, un sistema econ\u00f3mico que margina a millones y una clase pol\u00edtica distante de las necesidades de su pueblo.<\/p>\n\n\n\n<figure class=\"wp-block-image size-full\"><img loading=\"lazy\" decoding=\"async\" width=\"992\" height=\"558\" src=\"https:\/\/pulso27.com\/wp-content\/uploads\/2024\/11\/image-15.png\" alt=\"\" class=\"wp-image-2905\" srcset=\"https:\/\/pulso27.com\/wp-content\/uploads\/2024\/11\/image-15.png 992w, https:\/\/pulso27.com\/wp-content\/uploads\/2024\/11\/image-15-300x169.png 300w, https:\/\/pulso27.com\/wp-content\/uploads\/2024\/11\/image-15-768x432.png 768w, https:\/\/pulso27.com\/wp-content\/uploads\/2024\/11\/image-15-18x10.png 18w\" sizes=\"auto, (max-width: 992px) 100vw, 992px\" \/><figcaption class=\"wp-element-caption\"><em>Los transportistas de mototaxis de algunos departamentos se sumaran al paro nacional<\/em><\/figcaption><\/figure>\n\n\n\n<p>Mientras los l\u00edderes mundiales se re\u00fanen para discutir sobre econom\u00eda y comercio, el Per\u00fa se enfrenta a una crisis social que, al parecer, sigue siendo ignorada por quienes deben actuar. En este contexto, las protestas de esta semana no solo buscan visibilizar los problemas internos del pa\u00eds, sino tambi\u00e9n una oportunidad para que el Per\u00fa reciba la atenci\u00f3n que hasta ahora le ha sido negada.<\/p>\n\n\n\n<p>El futuro de las protestas es incierto, pero lo que est\u00e1 claro es que la indignaci\u00f3n popular en torno a la criminalidad, la pobreza y la falta de acci\u00f3n gubernamental sigue creciendo.<\/p>\n","protected":false},"excerpt":{"rendered":"<p>Lima, 13 de noviembre de 2024 \u2014 En medio de la celebraci\u00f3n de la Cumbre del Foro de Cooperaci\u00f3n Econ\u00f3mica Asia-Pac\u00edfico (APEC) 2024, que se lleva a cabo en Lima con la presencia de l\u00edderes internacionales como el presidente de Estados Unidos, Joe Biden, y el presidente de China, Xi Jinping, el Per\u00fa vive una [&hellip;]<\/p>\n","protected":false},"author":10,"featured_media":2910,"comment_status":"open","ping_status":"open","sticky":false,"template":"","format":"standard","meta":{"footnotes":""},"categories":[173],"tags":[1915,1914,1849,1125],"class_list":["post-2904","post","type-post","status-publish","format-standard","has-post-thumbnail","hentry","category-internacional","tag-apec","tag-apec2024","tag-dinaboluarte","tag-paronacionalindefinido"],"yoast_head":"<!-- This site is optimized with the Yoast SEO plugin v27.4 - https:\/\/yoast.com\/product\/yoast-seo-wordpress\/ -->\n<title>Protestas contra el APEC 2024 en Per\u00fa: Paro nacional contra la criminalidad y la pobreza estructural - Pulso27<\/title>\n<meta name=\"robots\" content=\"index, follow, max-snippet:-1, max-image-preview:large, max-video-preview:-1\" \/>\n<link rel=\"canonical\" href=\"https:\/\/pulso27.com\/es\/internacional\/protestas-contra-el-apec-2024-en-peru-paro-nacional-contra-la-criminalidad-y-la-pobreza-estructural\/\" \/>\n<meta property=\"og:locale\" content=\"es_ES\" \/>\n<meta property=\"og:type\" content=\"article\" \/>\n<meta property=\"og:title\" content=\"Protestas contra el APEC 2024 en Per\u00fa: Paro nacional contra la criminalidad y la pobreza estructural - Pulso27\" \/>\n<meta property=\"og:description\" content=\"Lima, 13 de noviembre de 2024 \u2014 En medio de la celebraci\u00f3n de la Cumbre del Foro de Cooperaci\u00f3n Econ\u00f3mica Asia-Pac\u00edfico (APEC) 2024, que se lleva a cabo en Lima con la presencia de l\u00edderes internacionales como el presidente de Estados Unidos, Joe Biden, y el presidente de China, Xi Jinping, el Per\u00fa vive una [&hellip;]\" \/>\n<meta property=\"og:url\" content=\"https:\/\/pulso27.com\/es\/internacional\/protestas-contra-el-apec-2024-en-peru-paro-nacional-contra-la-criminalidad-y-la-pobreza-estructural\/\" \/>\n<meta property=\"og:site_name\" content=\"Pulso27\" \/>\n<meta property=\"article:publisher\" content=\"https:\/\/www.facebook.com\/pulso27\/\" \/>\n<meta property=\"article:published_time\" content=\"2024-11-13T05:43:02+00:00\" \/>\n<meta property=\"article:modified_time\" content=\"2024-11-13T05:43:06+00:00\" \/>\n<meta property=\"og:image\" content=\"https:\/\/pulso27.com\/wp-content\/uploads\/2024\/11\/APEC20244.png\" \/>\n\t<meta property=\"og:image:width\" content=\"1200\" \/>\n\t<meta property=\"og:image:height\" content=\"675\" \/>\n\t<meta property=\"og:image:type\" content=\"image\/png\" \/>\n<meta name=\"author\" content=\"El Muki\" \/>\n<meta name=\"twitter:card\" content=\"summary_large_image\" \/>\n<meta name=\"twitter:creator\" content=\"@Pulso_27\" \/>\n<meta name=\"twitter:site\" content=\"@Pulso_27\" \/>\n<meta name=\"twitter:label1\" content=\"Written by\" \/>\n\t<meta name=\"twitter:data1\" content=\"El Muki\" \/>\n\t<meta name=\"twitter:label2\" content=\"Est. reading time\" \/>\n\t<meta name=\"twitter:data2\" content=\"6 minutos\" \/>\n<script type=\"application\/ld+json\" class=\"yoast-schema-graph\">{\"@context\":\"https:\\\/\\\/schema.org\",\"@graph\":[{\"@type\":\"Article\",\"@id\":\"https:\\\/\\\/pulso27.com\\\/internacional\\\/protestas-contra-el-apec-2024-en-peru-paro-nacional-contra-la-criminalidad-y-la-pobreza-estructural\\\/#article\",\"isPartOf\":{\"@id\":\"https:\\\/\\\/pulso27.com\\\/internacional\\\/protestas-contra-el-apec-2024-en-peru-paro-nacional-contra-la-criminalidad-y-la-pobreza-estructural\\\/\"},\"author\":{\"name\":\"El Muki\",\"@id\":\"https:\\\/\\\/pulso27.com\\\/en\\\/#\\\/schema\\\/person\\\/a0930a7f318e7d9d83bd7cffed9f34f6\"},\"headline\":\"Protestas contra el APEC 2024 en Per\u00fa: Paro nacional contra la criminalidad y la pobreza estructural\",\"datePublished\":\"2024-11-13T05:43:02+00:00\",\"dateModified\":\"2024-11-13T05:43:06+00:00\",\"mainEntityOfPage\":{\"@id\":\"https:\\\/\\\/pulso27.com\\\/internacional\\\/protestas-contra-el-apec-2024-en-peru-paro-nacional-contra-la-criminalidad-y-la-pobreza-estructural\\\/\"},\"wordCount\":1075,\"commentCount\":0,\"publisher\":{\"@id\":\"https:\\\/\\\/pulso27.com\\\/en\\\/#organization\"},\"image\":{\"@id\":\"https:\\\/\\\/pulso27.com\\\/internacional\\\/protestas-contra-el-apec-2024-en-peru-paro-nacional-contra-la-criminalidad-y-la-pobreza-estructural\\\/#primaryimage\"},\"thumbnailUrl\":\"https:\\\/\\\/pulso27.com\\\/wp-content\\\/uploads\\\/2024\\\/11\\\/APEC20244.png\",\"keywords\":[\"APEC\",\"APEC2024\",\"DinaBoluarte\",\"ParoNacionalIndefinido\"],\"articleSection\":[\"Internacional\"],\"inLanguage\":\"es-PE\",\"potentialAction\":[{\"@type\":\"CommentAction\",\"name\":\"Comment\",\"target\":[\"https:\\\/\\\/pulso27.com\\\/internacional\\\/protestas-contra-el-apec-2024-en-peru-paro-nacional-contra-la-criminalidad-y-la-pobreza-estructural\\\/#respond\"]}]},{\"@type\":\"WebPage\",\"@id\":\"https:\\\/\\\/pulso27.com\\\/internacional\\\/protestas-contra-el-apec-2024-en-peru-paro-nacional-contra-la-criminalidad-y-la-pobreza-estructural\\\/\",\"url\":\"https:\\\/\\\/pulso27.com\\\/internacional\\\/protestas-contra-el-apec-2024-en-peru-paro-nacional-contra-la-criminalidad-y-la-pobreza-estructural\\\/\",\"name\":\"Protestas contra el APEC 2024 en Per\u00fa: Paro nacional contra la criminalidad y la pobreza estructural - Pulso27\",\"isPartOf\":{\"@id\":\"https:\\\/\\\/pulso27.com\\\/en\\\/#website\"},\"primaryImageOfPage\":{\"@id\":\"https:\\\/\\\/pulso27.com\\\/internacional\\\/protestas-contra-el-apec-2024-en-peru-paro-nacional-contra-la-criminalidad-y-la-pobreza-estructural\\\/#primaryimage\"},\"image\":{\"@id\":\"https:\\\/\\\/pulso27.com\\\/internacional\\\/protestas-contra-el-apec-2024-en-peru-paro-nacional-contra-la-criminalidad-y-la-pobreza-estructural\\\/#primaryimage\"},\"thumbnailUrl\":\"https:\\\/\\\/pulso27.com\\\/wp-content\\\/uploads\\\/2024\\\/11\\\/APEC20244.png\",\"datePublished\":\"2024-11-13T05:43:02+00:00\",\"dateModified\":\"2024-11-13T05:43:06+00:00\",\"breadcrumb\":{\"@id\":\"https:\\\/\\\/pulso27.com\\\/internacional\\\/protestas-contra-el-apec-2024-en-peru-paro-nacional-contra-la-criminalidad-y-la-pobreza-estructural\\\/#breadcrumb\"},\"inLanguage\":\"es-PE\",\"potentialAction\":[{\"@type\":\"ReadAction\",\"target\":[\"https:\\\/\\\/pulso27.com\\\/internacional\\\/protestas-contra-el-apec-2024-en-peru-paro-nacional-contra-la-criminalidad-y-la-pobreza-estructural\\\/\"]}]},{\"@type\":\"ImageObject\",\"inLanguage\":\"es-PE\",\"@id\":\"https:\\\/\\\/pulso27.com\\\/internacional\\\/protestas-contra-el-apec-2024-en-peru-paro-nacional-contra-la-criminalidad-y-la-pobreza-estructural\\\/#primaryimage\",\"url\":\"https:\\\/\\\/pulso27.com\\\/wp-content\\\/uploads\\\/2024\\\/11\\\/APEC20244.png\",\"contentUrl\":\"https:\\\/\\\/pulso27.com\\\/wp-content\\\/uploads\\\/2024\\\/11\\\/APEC20244.png\",\"width\":1200,\"height\":675},{\"@type\":\"BreadcrumbList\",\"@id\":\"https:\\\/\\\/pulso27.com\\\/internacional\\\/protestas-contra-el-apec-2024-en-peru-paro-nacional-contra-la-criminalidad-y-la-pobreza-estructural\\\/#breadcrumb\",\"itemListElement\":[{\"@type\":\"ListItem\",\"position\":1,\"name\":\"Portada\",\"item\":\"https:\\\/\\\/pulso27.com\\\/\"},{\"@type\":\"ListItem\",\"position\":2,\"name\":\"Protestas contra el APEC 2024 en Per\u00fa: Paro nacional contra la criminalidad y la pobreza estructural\"}]},{\"@type\":\"WebSite\",\"@id\":\"https:\\\/\\\/pulso27.com\\\/en\\\/#website\",\"url\":\"https:\\\/\\\/pulso27.com\\\/en\\\/\",\"name\":\"Pulso27\",\"description\":\"Web de noticias y publicidad\",\"publisher\":{\"@id\":\"https:\\\/\\\/pulso27.com\\\/en\\\/#organization\"},\"alternateName\":\"El pulso del pueblo\",\"potentialAction\":[{\"@type\":\"SearchAction\",\"target\":{\"@type\":\"EntryPoint\",\"urlTemplate\":\"https:\\\/\\\/pulso27.com\\\/en\\\/?s={search_term_string}\"},\"query-input\":{\"@type\":\"PropertyValueSpecification\",\"valueRequired\":true,\"valueName\":\"search_term_string\"}}],\"inLanguage\":\"es-PE\"},{\"@type\":\"Organization\",\"@id\":\"https:\\\/\\\/pulso27.com\\\/en\\\/#organization\",\"name\":\"Pulso27\",\"url\":\"https:\\\/\\\/pulso27.com\\\/en\\\/\",\"logo\":{\"@type\":\"ImageObject\",\"inLanguage\":\"es-PE\",\"@id\":\"https:\\\/\\\/pulso27.com\\\/en\\\/#\\\/schema\\\/logo\\\/image\\\/\",\"url\":\"https:\\\/\\\/pulso27.com\\\/wp-content\\\/uploads\\\/2026\\\/02\\\/Logotipo-de-la-organizacion-696-x-696-px-ok.png\",\"contentUrl\":\"https:\\\/\\\/pulso27.com\\\/wp-content\\\/uploads\\\/2026\\\/02\\\/Logotipo-de-la-organizacion-696-x-696-px-ok.png\",\"width\":696,\"height\":696,\"caption\":\"Pulso27\"},\"image\":{\"@id\":\"https:\\\/\\\/pulso27.com\\\/en\\\/#\\\/schema\\\/logo\\\/image\\\/\"},\"sameAs\":[\"https:\\\/\\\/www.facebook.com\\\/pulso27\\\/\",\"https:\\\/\\\/x.com\\\/Pulso_27\",\"https:\\\/\\\/www.youtube.com\\\/@Pulso27\",\"https:\\\/\\\/www.tiktok.com\\\/@pulso_27\"]},{\"@type\":\"Person\",\"@id\":\"https:\\\/\\\/pulso27.com\\\/en\\\/#\\\/schema\\\/person\\\/a0930a7f318e7d9d83bd7cffed9f34f6\",\"name\":\"El Muki\",\"image\":{\"@type\":\"ImageObject\",\"inLanguage\":\"es-PE\",\"@id\":\"https:\\\/\\\/secure.gravatar.com\\\/avatar\\\/dc91c2607c5eebda74cbb40d13031f489096c96ead89c4c30c17db262267b2b3?s=96&d=mm&r=g\",\"url\":\"https:\\\/\\\/secure.gravatar.com\\\/avatar\\\/dc91c2607c5eebda74cbb40d13031f489096c96ead89c4c30c17db262267b2b3?s=96&d=mm&r=g\",\"contentUrl\":\"https:\\\/\\\/secure.gravatar.com\\\/avatar\\\/dc91c2607c5eebda74cbb40d13031f489096c96ead89c4c30c17db262267b2b3?s=96&d=mm&r=g\",\"caption\":\"El Muki\"},\"sameAs\":[\"http:\\\/\\\/www.pulso27.com\"],\"url\":\"https:\\\/\\\/pulso27.com\\\/es\\\/author\\\/elcuervo\\\/\"}]}<\/script>\n<!-- \/ Yoast SEO plugin. -->","yoast_head_json":{"title":"Protestas contra el APEC 2024 en Per\u00fa: Paro nacional contra la criminalidad y la pobreza estructural - Pulso27","robots":{"index":"index","follow":"follow","max-snippet":"max-snippet:-1","max-image-preview":"max-image-preview:large","max-video-preview":"max-video-preview:-1"},"canonical":"https:\/\/pulso27.com\/es\/internacional\/protestas-contra-el-apec-2024-en-peru-paro-nacional-contra-la-criminalidad-y-la-pobreza-estructural\/","og_locale":"es_ES","og_type":"article","og_title":"Protestas contra el APEC 2024 en Per\u00fa: Paro nacional contra la criminalidad y la pobreza estructural - Pulso27","og_description":"Lima, 13 de noviembre de 2024 \u2014 En medio de la celebraci\u00f3n de la Cumbre del Foro de Cooperaci\u00f3n Econ\u00f3mica Asia-Pac\u00edfico (APEC) 2024, que se lleva a cabo en Lima con la presencia de l\u00edderes internacionales como el presidente de Estados Unidos, Joe Biden, y el presidente de China, Xi Jinping, el Per\u00fa vive una [&hellip;]","og_url":"https:\/\/pulso27.com\/es\/internacional\/protestas-contra-el-apec-2024-en-peru-paro-nacional-contra-la-criminalidad-y-la-pobreza-estructural\/","og_site_name":"Pulso27","article_publisher":"https:\/\/www.facebook.com\/pulso27\/","article_published_time":"2024-11-13T05:43:02+00:00","article_modified_time":"2024-11-13T05:43:06+00:00","og_image":[{"width":1200,"height":675,"url":"https:\/\/pulso27.com\/wp-content\/uploads\/2024\/11\/APEC20244.png","type":"image\/png"}],"author":"El Muki","twitter_card":"summary_large_image","twitter_creator":"@Pulso_27","twitter_site":"@Pulso_27","twitter_misc":{"Written by":"El Muki","Est. reading time":"6 minutos"},"schema":{"@context":"https:\/\/schema.org","@graph":[{"@type":"Article","@id":"https:\/\/pulso27.com\/internacional\/protestas-contra-el-apec-2024-en-peru-paro-nacional-contra-la-criminalidad-y-la-pobreza-estructural\/#article","isPartOf":{"@id":"https:\/\/pulso27.com\/internacional\/protestas-contra-el-apec-2024-en-peru-paro-nacional-contra-la-criminalidad-y-la-pobreza-estructural\/"},"author":{"name":"El Muki","@id":"https:\/\/pulso27.com\/en\/#\/schema\/person\/a0930a7f318e7d9d83bd7cffed9f34f6"},"headline":"Protestas contra el APEC 2024 en Per\u00fa: Paro nacional contra la criminalidad y la pobreza estructural","datePublished":"2024-11-13T05:43:02+00:00","dateModified":"2024-11-13T05:43:06+00:00","mainEntityOfPage":{"@id":"https:\/\/pulso27.com\/internacional\/protestas-contra-el-apec-2024-en-peru-paro-nacional-contra-la-criminalidad-y-la-pobreza-estructural\/"},"wordCount":1075,"commentCount":0,"publisher":{"@id":"https:\/\/pulso27.com\/en\/#organization"},"image":{"@id":"https:\/\/pulso27.com\/internacional\/protestas-contra-el-apec-2024-en-peru-paro-nacional-contra-la-criminalidad-y-la-pobreza-estructural\/#primaryimage"},"thumbnailUrl":"https:\/\/pulso27.com\/wp-content\/uploads\/2024\/11\/APEC20244.png","keywords":["APEC","APEC2024","DinaBoluarte","ParoNacionalIndefinido"],"articleSection":["Internacional"],"inLanguage":"es-PE","potentialAction":[{"@type":"CommentAction","name":"Comment","target":["https:\/\/pulso27.com\/internacional\/protestas-contra-el-apec-2024-en-peru-paro-nacional-contra-la-criminalidad-y-la-pobreza-estructural\/#respond"]}]},{"@type":"WebPage","@id":"https:\/\/pulso27.com\/internacional\/protestas-contra-el-apec-2024-en-peru-paro-nacional-contra-la-criminalidad-y-la-pobreza-estructural\/","url":"https:\/\/pulso27.com\/internacional\/protestas-contra-el-apec-2024-en-peru-paro-nacional-contra-la-criminalidad-y-la-pobreza-estructural\/","name":"Protestas contra el APEC 2024 en Per\u00fa: Paro nacional contra la criminalidad y la pobreza estructural - Pulso27","isPartOf":{"@id":"https:\/\/pulso27.com\/en\/#website"},"primaryImageOfPage":{"@id":"https:\/\/pulso27.com\/internacional\/protestas-contra-el-apec-2024-en-peru-paro-nacional-contra-la-criminalidad-y-la-pobreza-estructural\/#primaryimage"},"image":{"@id":"https:\/\/pulso27.com\/internacional\/protestas-contra-el-apec-2024-en-peru-paro-nacional-contra-la-criminalidad-y-la-pobreza-estructural\/#primaryimage"},"thumbnailUrl":"https:\/\/pulso27.com\/wp-content\/uploads\/2024\/11\/APEC20244.png","datePublished":"2024-11-13T05:43:02+00:00","dateModified":"2024-11-13T05:43:06+00:00","breadcrumb":{"@id":"https:\/\/pulso27.com\/internacional\/protestas-contra-el-apec-2024-en-peru-paro-nacional-contra-la-criminalidad-y-la-pobreza-estructural\/#breadcrumb"},"inLanguage":"es-PE","potentialAction":[{"@type":"ReadAction","target":["https:\/\/pulso27.com\/internacional\/protestas-contra-el-apec-2024-en-peru-paro-nacional-contra-la-criminalidad-y-la-pobreza-estructural\/"]}]},{"@type":"ImageObject","inLanguage":"es-PE","@id":"https:\/\/pulso27.com\/internacional\/protestas-contra-el-apec-2024-en-peru-paro-nacional-contra-la-criminalidad-y-la-pobreza-estructural\/#primaryimage","url":"https:\/\/pulso27.com\/wp-content\/uploads\/2024\/11\/APEC20244.png","contentUrl":"https:\/\/pulso27.com\/wp-content\/uploads\/2024\/11\/APEC20244.png","width":1200,"height":675},{"@type":"BreadcrumbList","@id":"https:\/\/pulso27.com\/internacional\/protestas-contra-el-apec-2024-en-peru-paro-nacional-contra-la-criminalidad-y-la-pobreza-estructural\/#breadcrumb","itemListElement":[{"@type":"ListItem","position":1,"name":"Portada","item":"https:\/\/pulso27.com\/"},{"@type":"ListItem","position":2,"name":"Protestas contra el APEC 2024 en Per\u00fa: Paro nacional contra la criminalidad y la pobreza estructural"}]},{"@type":"WebSite","@id":"https:\/\/pulso27.com\/en\/#website","url":"https:\/\/pulso27.com\/en\/","name":"Pulso27","description":"Web de noticias y publicidad","publisher":{"@id":"https:\/\/pulso27.com\/en\/#organization"},"alternateName":"El pulso del pueblo","potentialAction":[{"@type":"SearchAction","target":{"@type":"EntryPoint","urlTemplate":"https:\/\/pulso27.com\/en\/?s={search_term_string}"},"query-input":{"@type":"PropertyValueSpecification","valueRequired":true,"valueName":"search_term_string"}}],"inLanguage":"es-PE"},{"@type":"Organization","@id":"https:\/\/pulso27.com\/en\/#organization","name":"Pulso27","url":"https:\/\/pulso27.com\/en\/","logo":{"@type":"ImageObject","inLanguage":"es-PE","@id":"https:\/\/pulso27.com\/en\/#\/schema\/logo\/image\/","url":"https:\/\/pulso27.com\/wp-content\/uploads\/2026\/02\/Logotipo-de-la-organizacion-696-x-696-px-ok.png","contentUrl":"https:\/\/pulso27.com\/wp-content\/uploads\/2026\/02\/Logotipo-de-la-organizacion-696-x-696-px-ok.png","width":696,"height":696,"caption":"Pulso27"},"image":{"@id":"https:\/\/pulso27.com\/en\/#\/schema\/logo\/image\/"},"sameAs":["https:\/\/www.facebook.com\/pulso27\/","https:\/\/x.com\/Pulso_27","https:\/\/www.youtube.com\/@Pulso27","https:\/\/www.tiktok.com\/@pulso_27"]},{"@type":"Person","@id":"https:\/\/pulso27.com\/en\/#\/schema\/person\/a0930a7f318e7d9d83bd7cffed9f34f6","name":"El Muki","image":{"@type":"ImageObject","inLanguage":"es-PE","@id":"https:\/\/secure.gravatar.com\/avatar\/dc91c2607c5eebda74cbb40d13031f489096c96ead89c4c30c17db262267b2b3?s=96&d=mm&r=g","url":"https:\/\/secure.gravatar.com\/avatar\/dc91c2607c5eebda74cbb40d13031f489096c96ead89c4c30c17db262267b2b3?s=96&d=mm&r=g","contentUrl":"https:\/\/secure.gravatar.com\/avatar\/dc91c2607c5eebda74cbb40d13031f489096c96ead89c4c30c17db262267b2b3?s=96&d=mm&r=g","caption":"El Muki"},"sameAs":["http:\/\/www.pulso27.com"],"url":"https:\/\/pulso27.com\/es\/author\/elcuervo\/"}]}},"amp_enabled":true,"_links":{"self":[{"href":"https:\/\/pulso27.com\/es\/wp-json\/wp\/v2\/posts\/2904","targetHints":{"allow":["GET"]}}],"collection":[{"href":"https:\/\/pulso27.com\/es\/wp-json\/wp\/v2\/posts"}],"about":[{"href":"https:\/\/pulso27.com\/es\/wp-json\/wp\/v2\/types\/post"}],"author":[{"embeddable":true,"href":"https:\/\/pulso27.com\/es\/wp-json\/wp\/v2\/users\/10"}],"replies":[{"embeddable":true,"href":"https:\/\/pulso27.com\/es\/wp-json\/wp\/v2\/comments?post=2904"}],"version-history":[{"count":2,"href":"https:\/\/pulso27.com\/es\/wp-json\/wp\/v2\/posts\/2904\/revisions"}],"predecessor-version":[{"id":2917,"href":"https:\/\/pulso27.com\/es\/wp-json\/wp\/v2\/posts\/2904\/revisions\/2917"}],"wp:featuredmedia":[{"embeddable":true,"href":"https:\/\/pulso27.com\/es\/wp-json\/wp\/v2\/media\/2910"}],"wp:attachment":[{"href":"https:\/\/pulso27.com\/es\/wp-json\/wp\/v2\/media?parent=2904"}],"wp:term":[{"taxonomy":"category","embeddable":true,"href":"https:\/\/pulso27.com\/es\/wp-json\/wp\/v2\/categories?post=2904"},{"taxonomy":"post_tag","embeddable":true,"href":"https:\/\/pulso27.com\/es\/wp-json\/wp\/v2\/tags?post=2904"}],"curies":[{"name":"wp","href":"https:\/\/api.w.org\/{rel}","templated":true}]}}