{"id":2943,"date":"2024-11-21T21:10:56","date_gmt":"2024-11-21T16:10:56","guid":{"rendered":"https:\/\/pulso27.com\/?p=2943"},"modified":"2024-11-21T21:45:19","modified_gmt":"2024-11-21T16:45:19","slug":"el-hermano-de-dina-boluarte-nicanor-fuga-tras-orden-de-prision-preventiva","status":"publish","type":"post","link":"https:\/\/pulso27.com\/es\/tendencia\/el-hermano-de-dina-boluarte-nicanor-fuga-tras-orden-de-prision-preventiva\/","title":{"rendered":"El hermano de Dina Boluarte, Nicanor, fuga tras orden de prisi\u00f3n preventiva"},"content":{"rendered":"\n<p><strong>Lima, 21 de noviembre de 2024<\/strong> \u2013 Un nuevo esc\u00e1ndalo de corrupci\u00f3n golpea al ya debilitado gobierno de Dina Boluarte. Nicanor Boluarte, hermano de la presidenta de la Rep\u00fablica, se convirti\u00f3 en pr\u00f3fugo de la justicia luego de que un juez dictara el martes pasado una orden de prisi\u00f3n preventiva de tres a\u00f1os en su contra, por los delitos de organizaci\u00f3n criminal, tr\u00e1fico de influencias y cohecho.<\/p>\n\n\n\n<p>La medida fue adoptada dentro del marco de una investigaci\u00f3n fiscal sobre su presunta participaci\u00f3n en una red ilegal conocida como <em>\u201clos waykis (hermanos en quechua) en la sombra\u201d<\/em>, acusada de nombrar funcionarios p\u00fablicos a cambio de pagos y utilizar recursos estatales para recoger firmas y crear un partido pol\u00edtico.<\/p>\n\n\n\n<p>Aunque Nicanor Boluarte no ocupa un cargo p\u00fablico formal, es se\u00f1alado como una figura clave dentro de la estructura de poder del gobierno, con una gran influencia sobre los nombramientos de funcionarios.<\/p>\n\n\n\n<p>Hasta el momento, la presidenta Dina Boluarte no ha emitido ninguna declaraci\u00f3n sobre la fuga de su hermano ni sobre la orden judicial en su contra. Anteriormente, la mandataria defendi\u00f3 p\u00fablicamente a Nicanor, descalificando las acusaciones de corrupci\u00f3n que recaen sobre \u00e9l. La evasi\u00f3n de la justicia, que hasta ahora ha dejado a Nicanor Boluarte en paradero desconocido, ha encendido las alarmas sobre posibles protecciones pol\u00edticas desde el m\u00e1s alto nivel del gobierno.<\/p>\n\n\n\n<p>El ministro del Interior, Juan Jos\u00e9 Santiv\u00e1\u00f1ez, confirm\u00f3 que la polic\u00eda tiene instrucciones de cumplir con la orden de captura, pero existe escepticismo sobre la efectividad de la b\u00fasqueda, dado que el propio Santiv\u00e1\u00f1ez ha sido objeto de fuertes cr\u00edticas por presuntas obstrucciones a las investigaciones de corrupci\u00f3n en el entorno presidencial. \u201cLa sensaci\u00f3n general es que el gobierno est\u00e1 protegiendo a Nicanor Boluarte\u201d, afirm\u00f3 el exministro de Trabajo, Juan Sheput, quien calific\u00f3 al actual premier, Gustavo Adrianz\u00e9n, como el \u00abescudero\u00bb del hermano de la presidenta.<\/p>\n\n\n\n<figure class=\"wp-block-image size-large\"><img loading=\"lazy\" decoding=\"async\" width=\"1024\" height=\"576\" src=\"https:\/\/pulso27.com\/wp-content\/uploads\/2024\/11\/image-25-1024x576.png\" alt=\"\" class=\"wp-image-2945\" srcset=\"https:\/\/pulso27.com\/wp-content\/uploads\/2024\/11\/image-25-1024x576.png 1024w, https:\/\/pulso27.com\/wp-content\/uploads\/2024\/11\/image-25-300x169.png 300w, https:\/\/pulso27.com\/wp-content\/uploads\/2024\/11\/image-25-768x432.png 768w, https:\/\/pulso27.com\/wp-content\/uploads\/2024\/11\/image-25-1536x864.png 1536w, https:\/\/pulso27.com\/wp-content\/uploads\/2024\/11\/image-25-18x10.png 18w, https:\/\/pulso27.com\/wp-content\/uploads\/2024\/11\/image-25.png 1920w\" sizes=\"auto, (max-width: 1024px) 100vw, 1024px\" \/><figcaption class=\"wp-element-caption\"><em>Juez Richard Concepci\u00f3n Carhuancho ordena prisi\u00f3n preventiva de tres a\u00f1os por los delitos de organizaci\u00f3n criminal, tr\u00e1fico de influencias y cohecho<\/em><\/figcaption><\/figure>\n\n\n\n<p>Por su parte, el ministro de Desarrollo e Inclusi\u00f3n Social, Julio Demartini, se refiri\u00f3 a la decisi\u00f3n judicial como \u201cpolitizada\u201d sin ofrecer mayores argumentos. Adem\u00e1s, justific\u00f3 la fuga de Nicanor Boluarte, argumentando que \u201ces una decisi\u00f3n personal\u201d y que la medida afecta su derecho a la libertad.<\/p>\n\n\n\n<p>Este nuevo esc\u00e1ndalo llega en un momento cr\u00edtico para la administraci\u00f3n de Dina Boluarte, cuyo gobierno atraviesa una grave crisis de legitimidad. Seg\u00fan el m\u00e1s reciente sondeo de la encuesta Datum, la aprobaci\u00f3n de la presidenta ha ca\u00eddo a un m\u00ednimo hist\u00f3rico de apenas 3%, un r\u00e9cord negativo que refleja el creciente descontento de la ciudadan\u00eda con su gesti\u00f3n, marcada por esc\u00e1ndalos de corrupci\u00f3n, la crisis econ\u00f3mica y los conflictos sociales.<\/p>\n\n\n\n<p>El congresista Roberto S\u00e1nchez, quien fue ministro en el gobierno de Pedro Castillo y comparti\u00f3 gabinete con Boluarte, tambi\u00e9n se pronunci\u00f3 sobre la situaci\u00f3n, se\u00f1alando que la evasi\u00f3n de la justicia de Nicanor Boluarte es \u201clamentable\u201d y advirti\u00f3 sobre la protecci\u00f3n que el gobierno parece brindar a su familia. \u201cEs evidente que existe un blindaje\u201d, expres\u00f3.<\/p>\n\n\n\n<p>Mientras tanto, el ministro de Trabajo, Daniel Maurate, ha optado por no hacer comentarios directos sobre la fuga de Nicanor, aludiendo a la imparcialidad que debe caracterizar la justicia y respetando el debido proceso. Sin embargo, Maurate hizo un llamado generalizado para que se respeten los derechos fundamentales de todos los peruanos, aunque no abord\u00f3 espec\u00edficamente la situaci\u00f3n del hermano de la presidenta.<\/p>\n\n\n\n<p>El caso de Nicanor Boluarte es solo el \u00faltimo en una serie de esc\u00e1ndalos de corrupci\u00f3n que han socavado a\u00fan m\u00e1s la imagen del gobierno de Dina Boluarte, quien enfrenta presiones tanto internas como internacionales. La fuga de su hermano, sumada a la crisis de gobernabilidad y a la creciente desaprobaci\u00f3n popular, ha dejado al ejecutivo en una situaci\u00f3n a\u00fan m\u00e1s precaria. Las pr\u00f3ximas semanas ser\u00e1n claves para determinar si la justicia lograr\u00e1 dar con el paradero de Nicanor Boluarte, y si el gobierno ser\u00e1 capaz de superar este nuevo desaf\u00edo pol\u00edtico y social.<\/p>\n","protected":false},"excerpt":{"rendered":"<p>Lima, 21 de noviembre de 2024 \u2013 Un nuevo esc\u00e1ndalo de corrupci\u00f3n golpea al ya debilitado gobierno de Dina Boluarte. Nicanor Boluarte, hermano de la presidenta de la Rep\u00fablica, se convirti\u00f3 en pr\u00f3fugo de la justicia luego de que un juez dictara el martes pasado una orden de prisi\u00f3n preventiva de tres a\u00f1os en su [&hellip;]<\/p>\n","protected":false},"author":13,"featured_media":2944,"comment_status":"open","ping_status":"open","sticky":false,"template":"","format":"standard","meta":{"footnotes":""},"categories":[180,1852],"tags":[1849,1916,1917],"class_list":["post-2943","post","type-post","status-publish","format-standard","has-post-thumbnail","hentry","category-politica","category-tendencia","tag-dinaboluarte","tag-nicanorboluare","tag-prisionpreventiva"],"yoast_head":"<!-- This site is optimized with the Yoast SEO plugin v27.4 - https:\/\/yoast.com\/product\/yoast-seo-wordpress\/ -->\n<title>El hermano de Dina Boluarte, Nicanor, fuga tras orden de prisi\u00f3n preventiva - Pulso27<\/title>\n<meta name=\"robots\" content=\"index, follow, max-snippet:-1, max-image-preview:large, max-video-preview:-1\" \/>\n<link rel=\"canonical\" href=\"https:\/\/pulso27.com\/es\/tendencia\/el-hermano-de-dina-boluarte-nicanor-fuga-tras-orden-de-prision-preventiva\/\" \/>\n<meta property=\"og:locale\" content=\"es_ES\" \/>\n<meta property=\"og:type\" content=\"article\" \/>\n<meta property=\"og:title\" content=\"El hermano de Dina Boluarte, Nicanor, fuga tras orden de prisi\u00f3n preventiva - Pulso27\" \/>\n<meta property=\"og:description\" content=\"Lima, 21 de noviembre de 2024 \u2013 Un nuevo esc\u00e1ndalo de corrupci\u00f3n golpea al ya debilitado gobierno de Dina Boluarte. Nicanor Boluarte, hermano de la presidenta de la Rep\u00fablica, se convirti\u00f3 en pr\u00f3fugo de la justicia luego de que un juez dictara el martes pasado una orden de prisi\u00f3n preventiva de tres a\u00f1os en su [&hellip;]\" \/>\n<meta property=\"og:url\" content=\"https:\/\/pulso27.com\/es\/tendencia\/el-hermano-de-dina-boluarte-nicanor-fuga-tras-orden-de-prision-preventiva\/\" \/>\n<meta property=\"og:site_name\" content=\"Pulso27\" \/>\n<meta property=\"article:publisher\" content=\"https:\/\/www.facebook.com\/pulso27\/\" \/>\n<meta property=\"article:published_time\" content=\"2024-11-21T16:10:56+00:00\" \/>\n<meta property=\"article:modified_time\" content=\"2024-11-21T16:45:19+00:00\" \/>\n<meta property=\"og:image\" content=\"https:\/\/pulso27.com\/wp-content\/uploads\/2024\/11\/NicanorBo.png\" \/>\n\t<meta property=\"og:image:width\" content=\"1200\" \/>\n\t<meta property=\"og:image:height\" content=\"675\" \/>\n\t<meta property=\"og:image:type\" content=\"image\/png\" \/>\n<meta name=\"author\" content=\"Redactor\" \/>\n<meta name=\"twitter:card\" content=\"summary_large_image\" \/>\n<meta name=\"twitter:creator\" content=\"@Pulso_27\" \/>\n<meta name=\"twitter:site\" content=\"@Pulso_27\" \/>\n<meta name=\"twitter:label1\" content=\"Written by\" \/>\n\t<meta name=\"twitter:data1\" content=\"Redactor\" \/>\n\t<meta name=\"twitter:label2\" content=\"Est. reading time\" \/>\n\t<meta name=\"twitter:data2\" content=\"4 minutos\" \/>\n<script type=\"application\/ld+json\" class=\"yoast-schema-graph\">{\"@context\":\"https:\\\/\\\/schema.org\",\"@graph\":[{\"@type\":\"Article\",\"@id\":\"https:\\\/\\\/pulso27.com\\\/tendencia\\\/el-hermano-de-dina-boluarte-nicanor-fuga-tras-orden-de-prision-preventiva\\\/#article\",\"isPartOf\":{\"@id\":\"https:\\\/\\\/pulso27.com\\\/tendencia\\\/el-hermano-de-dina-boluarte-nicanor-fuga-tras-orden-de-prision-preventiva\\\/\"},\"author\":{\"name\":\"Redactor\",\"@id\":\"https:\\\/\\\/pulso27.com\\\/en\\\/#\\\/schema\\\/person\\\/bf5ee161e6c87f6c7d57f5e689ef8526\"},\"headline\":\"El hermano de Dina Boluarte, Nicanor, fuga tras orden de prisi\u00f3n preventiva\",\"datePublished\":\"2024-11-21T16:10:56+00:00\",\"dateModified\":\"2024-11-21T16:45:19+00:00\",\"mainEntityOfPage\":{\"@id\":\"https:\\\/\\\/pulso27.com\\\/tendencia\\\/el-hermano-de-dina-boluarte-nicanor-fuga-tras-orden-de-prision-preventiva\\\/\"},\"wordCount\":741,\"commentCount\":0,\"publisher\":{\"@id\":\"https:\\\/\\\/pulso27.com\\\/en\\\/#organization\"},\"image\":{\"@id\":\"https:\\\/\\\/pulso27.com\\\/tendencia\\\/el-hermano-de-dina-boluarte-nicanor-fuga-tras-orden-de-prision-preventiva\\\/#primaryimage\"},\"thumbnailUrl\":\"https:\\\/\\\/pulso27.com\\\/wp-content\\\/uploads\\\/2024\\\/11\\\/NicanorBo.png\",\"keywords\":[\"DinaBoluarte\",\"NicanorBoluare\",\"Prisi\u00f3nPreventiva\"],\"articleSection\":[\"Pol\u00edtica\",\"Tendencia\"],\"inLanguage\":\"es-PE\",\"potentialAction\":[{\"@type\":\"CommentAction\",\"name\":\"Comment\",\"target\":[\"https:\\\/\\\/pulso27.com\\\/tendencia\\\/el-hermano-de-dina-boluarte-nicanor-fuga-tras-orden-de-prision-preventiva\\\/#respond\"]}]},{\"@type\":\"WebPage\",\"@id\":\"https:\\\/\\\/pulso27.com\\\/tendencia\\\/el-hermano-de-dina-boluarte-nicanor-fuga-tras-orden-de-prision-preventiva\\\/\",\"url\":\"https:\\\/\\\/pulso27.com\\\/tendencia\\\/el-hermano-de-dina-boluarte-nicanor-fuga-tras-orden-de-prision-preventiva\\\/\",\"name\":\"El hermano de Dina Boluarte, Nicanor, fuga tras orden de prisi\u00f3n preventiva - Pulso27\",\"isPartOf\":{\"@id\":\"https:\\\/\\\/pulso27.com\\\/en\\\/#website\"},\"primaryImageOfPage\":{\"@id\":\"https:\\\/\\\/pulso27.com\\\/tendencia\\\/el-hermano-de-dina-boluarte-nicanor-fuga-tras-orden-de-prision-preventiva\\\/#primaryimage\"},\"image\":{\"@id\":\"https:\\\/\\\/pulso27.com\\\/tendencia\\\/el-hermano-de-dina-boluarte-nicanor-fuga-tras-orden-de-prision-preventiva\\\/#primaryimage\"},\"thumbnailUrl\":\"https:\\\/\\\/pulso27.com\\\/wp-content\\\/uploads\\\/2024\\\/11\\\/NicanorBo.png\",\"datePublished\":\"2024-11-21T16:10:56+00:00\",\"dateModified\":\"2024-11-21T16:45:19+00:00\",\"breadcrumb\":{\"@id\":\"https:\\\/\\\/pulso27.com\\\/tendencia\\\/el-hermano-de-dina-boluarte-nicanor-fuga-tras-orden-de-prision-preventiva\\\/#breadcrumb\"},\"inLanguage\":\"es-PE\",\"potentialAction\":[{\"@type\":\"ReadAction\",\"target\":[\"https:\\\/\\\/pulso27.com\\\/tendencia\\\/el-hermano-de-dina-boluarte-nicanor-fuga-tras-orden-de-prision-preventiva\\\/\"]}]},{\"@type\":\"ImageObject\",\"inLanguage\":\"es-PE\",\"@id\":\"https:\\\/\\\/pulso27.com\\\/tendencia\\\/el-hermano-de-dina-boluarte-nicanor-fuga-tras-orden-de-prision-preventiva\\\/#primaryimage\",\"url\":\"https:\\\/\\\/pulso27.com\\\/wp-content\\\/uploads\\\/2024\\\/11\\\/NicanorBo.png\",\"contentUrl\":\"https:\\\/\\\/pulso27.com\\\/wp-content\\\/uploads\\\/2024\\\/11\\\/NicanorBo.png\",\"width\":1200,\"height\":675},{\"@type\":\"BreadcrumbList\",\"@id\":\"https:\\\/\\\/pulso27.com\\\/tendencia\\\/el-hermano-de-dina-boluarte-nicanor-fuga-tras-orden-de-prision-preventiva\\\/#breadcrumb\",\"itemListElement\":[{\"@type\":\"ListItem\",\"position\":1,\"name\":\"Portada\",\"item\":\"https:\\\/\\\/pulso27.com\\\/\"},{\"@type\":\"ListItem\",\"position\":2,\"name\":\"El hermano de Dina Boluarte, Nicanor, fuga tras orden de prisi\u00f3n preventiva\"}]},{\"@type\":\"WebSite\",\"@id\":\"https:\\\/\\\/pulso27.com\\\/en\\\/#website\",\"url\":\"https:\\\/\\\/pulso27.com\\\/en\\\/\",\"name\":\"Pulso27\",\"description\":\"Web de noticias y publicidad\",\"publisher\":{\"@id\":\"https:\\\/\\\/pulso27.com\\\/en\\\/#organization\"},\"alternateName\":\"El pulso del pueblo\",\"potentialAction\":[{\"@type\":\"SearchAction\",\"target\":{\"@type\":\"EntryPoint\",\"urlTemplate\":\"https:\\\/\\\/pulso27.com\\\/en\\\/?s={search_term_string}\"},\"query-input\":{\"@type\":\"PropertyValueSpecification\",\"valueRequired\":true,\"valueName\":\"search_term_string\"}}],\"inLanguage\":\"es-PE\"},{\"@type\":\"Organization\",\"@id\":\"https:\\\/\\\/pulso27.com\\\/en\\\/#organization\",\"name\":\"Pulso27\",\"url\":\"https:\\\/\\\/pulso27.com\\\/en\\\/\",\"logo\":{\"@type\":\"ImageObject\",\"inLanguage\":\"es-PE\",\"@id\":\"https:\\\/\\\/pulso27.com\\\/en\\\/#\\\/schema\\\/logo\\\/image\\\/\",\"url\":\"https:\\\/\\\/pulso27.com\\\/wp-content\\\/uploads\\\/2026\\\/02\\\/Logotipo-de-la-organizacion-696-x-696-px-ok.png\",\"contentUrl\":\"https:\\\/\\\/pulso27.com\\\/wp-content\\\/uploads\\\/2026\\\/02\\\/Logotipo-de-la-organizacion-696-x-696-px-ok.png\",\"width\":696,\"height\":696,\"caption\":\"Pulso27\"},\"image\":{\"@id\":\"https:\\\/\\\/pulso27.com\\\/en\\\/#\\\/schema\\\/logo\\\/image\\\/\"},\"sameAs\":[\"https:\\\/\\\/www.facebook.com\\\/pulso27\\\/\",\"https:\\\/\\\/x.com\\\/Pulso_27\",\"https:\\\/\\\/www.youtube.com\\\/@Pulso27\",\"https:\\\/\\\/www.tiktok.com\\\/@pulso_27\"]},{\"@type\":\"Person\",\"@id\":\"https:\\\/\\\/pulso27.com\\\/en\\\/#\\\/schema\\\/person\\\/bf5ee161e6c87f6c7d57f5e689ef8526\",\"name\":\"Redactor\",\"image\":{\"@type\":\"ImageObject\",\"inLanguage\":\"es-PE\",\"@id\":\"https:\\\/\\\/pulso27.com\\\/wp-content\\\/uploads\\\/2025\\\/03\\\/a-150x150.png\",\"url\":\"https:\\\/\\\/pulso27.com\\\/wp-content\\\/uploads\\\/2025\\\/03\\\/a-150x150.png\",\"contentUrl\":\"https:\\\/\\\/pulso27.com\\\/wp-content\\\/uploads\\\/2025\\\/03\\\/a-150x150.png\",\"caption\":\"Redactor\"},\"sameAs\":[\"http:\\\/\\\/www.pulso27.com\"],\"url\":\"https:\\\/\\\/pulso27.com\\\/es\\\/author\\\/redactor\\\/\"}]}<\/script>\n<!-- \/ Yoast SEO plugin. -->","yoast_head_json":{"title":"El hermano de Dina Boluarte, Nicanor, fuga tras orden de prisi\u00f3n preventiva - Pulso27","robots":{"index":"index","follow":"follow","max-snippet":"max-snippet:-1","max-image-preview":"max-image-preview:large","max-video-preview":"max-video-preview:-1"},"canonical":"https:\/\/pulso27.com\/es\/tendencia\/el-hermano-de-dina-boluarte-nicanor-fuga-tras-orden-de-prision-preventiva\/","og_locale":"es_ES","og_type":"article","og_title":"El hermano de Dina Boluarte, Nicanor, fuga tras orden de prisi\u00f3n preventiva - Pulso27","og_description":"Lima, 21 de noviembre de 2024 \u2013 Un nuevo esc\u00e1ndalo de corrupci\u00f3n golpea al ya debilitado gobierno de Dina Boluarte. Nicanor Boluarte, hermano de la presidenta de la Rep\u00fablica, se convirti\u00f3 en pr\u00f3fugo de la justicia luego de que un juez dictara el martes pasado una orden de prisi\u00f3n preventiva de tres a\u00f1os en su [&hellip;]","og_url":"https:\/\/pulso27.com\/es\/tendencia\/el-hermano-de-dina-boluarte-nicanor-fuga-tras-orden-de-prision-preventiva\/","og_site_name":"Pulso27","article_publisher":"https:\/\/www.facebook.com\/pulso27\/","article_published_time":"2024-11-21T16:10:56+00:00","article_modified_time":"2024-11-21T16:45:19+00:00","og_image":[{"width":1200,"height":675,"url":"https:\/\/pulso27.com\/wp-content\/uploads\/2024\/11\/NicanorBo.png","type":"image\/png"}],"author":"Redactor","twitter_card":"summary_large_image","twitter_creator":"@Pulso_27","twitter_site":"@Pulso_27","twitter_misc":{"Written by":"Redactor","Est. reading time":"4 minutos"},"schema":{"@context":"https:\/\/schema.org","@graph":[{"@type":"Article","@id":"https:\/\/pulso27.com\/tendencia\/el-hermano-de-dina-boluarte-nicanor-fuga-tras-orden-de-prision-preventiva\/#article","isPartOf":{"@id":"https:\/\/pulso27.com\/tendencia\/el-hermano-de-dina-boluarte-nicanor-fuga-tras-orden-de-prision-preventiva\/"},"author":{"name":"Redactor","@id":"https:\/\/pulso27.com\/en\/#\/schema\/person\/bf5ee161e6c87f6c7d57f5e689ef8526"},"headline":"El hermano de Dina Boluarte, Nicanor, fuga tras orden de prisi\u00f3n preventiva","datePublished":"2024-11-21T16:10:56+00:00","dateModified":"2024-11-21T16:45:19+00:00","mainEntityOfPage":{"@id":"https:\/\/pulso27.com\/tendencia\/el-hermano-de-dina-boluarte-nicanor-fuga-tras-orden-de-prision-preventiva\/"},"wordCount":741,"commentCount":0,"publisher":{"@id":"https:\/\/pulso27.com\/en\/#organization"},"image":{"@id":"https:\/\/pulso27.com\/tendencia\/el-hermano-de-dina-boluarte-nicanor-fuga-tras-orden-de-prision-preventiva\/#primaryimage"},"thumbnailUrl":"https:\/\/pulso27.com\/wp-content\/uploads\/2024\/11\/NicanorBo.png","keywords":["DinaBoluarte","NicanorBoluare","Prisi\u00f3nPreventiva"],"articleSection":["Pol\u00edtica","Tendencia"],"inLanguage":"es-PE","potentialAction":[{"@type":"CommentAction","name":"Comment","target":["https:\/\/pulso27.com\/tendencia\/el-hermano-de-dina-boluarte-nicanor-fuga-tras-orden-de-prision-preventiva\/#respond"]}]},{"@type":"WebPage","@id":"https:\/\/pulso27.com\/tendencia\/el-hermano-de-dina-boluarte-nicanor-fuga-tras-orden-de-prision-preventiva\/","url":"https:\/\/pulso27.com\/tendencia\/el-hermano-de-dina-boluarte-nicanor-fuga-tras-orden-de-prision-preventiva\/","name":"El hermano de Dina Boluarte, Nicanor, fuga tras orden de prisi\u00f3n preventiva - Pulso27","isPartOf":{"@id":"https:\/\/pulso27.com\/en\/#website"},"primaryImageOfPage":{"@id":"https:\/\/pulso27.com\/tendencia\/el-hermano-de-dina-boluarte-nicanor-fuga-tras-orden-de-prision-preventiva\/#primaryimage"},"image":{"@id":"https:\/\/pulso27.com\/tendencia\/el-hermano-de-dina-boluarte-nicanor-fuga-tras-orden-de-prision-preventiva\/#primaryimage"},"thumbnailUrl":"https:\/\/pulso27.com\/wp-content\/uploads\/2024\/11\/NicanorBo.png","datePublished":"2024-11-21T16:10:56+00:00","dateModified":"2024-11-21T16:45:19+00:00","breadcrumb":{"@id":"https:\/\/pulso27.com\/tendencia\/el-hermano-de-dina-boluarte-nicanor-fuga-tras-orden-de-prision-preventiva\/#breadcrumb"},"inLanguage":"es-PE","potentialAction":[{"@type":"ReadAction","target":["https:\/\/pulso27.com\/tendencia\/el-hermano-de-dina-boluarte-nicanor-fuga-tras-orden-de-prision-preventiva\/"]}]},{"@type":"ImageObject","inLanguage":"es-PE","@id":"https:\/\/pulso27.com\/tendencia\/el-hermano-de-dina-boluarte-nicanor-fuga-tras-orden-de-prision-preventiva\/#primaryimage","url":"https:\/\/pulso27.com\/wp-content\/uploads\/2024\/11\/NicanorBo.png","contentUrl":"https:\/\/pulso27.com\/wp-content\/uploads\/2024\/11\/NicanorBo.png","width":1200,"height":675},{"@type":"BreadcrumbList","@id":"https:\/\/pulso27.com\/tendencia\/el-hermano-de-dina-boluarte-nicanor-fuga-tras-orden-de-prision-preventiva\/#breadcrumb","itemListElement":[{"@type":"ListItem","position":1,"name":"Portada","item":"https:\/\/pulso27.com\/"},{"@type":"ListItem","position":2,"name":"El hermano de Dina Boluarte, Nicanor, fuga tras orden de prisi\u00f3n preventiva"}]},{"@type":"WebSite","@id":"https:\/\/pulso27.com\/en\/#website","url":"https:\/\/pulso27.com\/en\/","name":"Pulso27","description":"Web de noticias y publicidad","publisher":{"@id":"https:\/\/pulso27.com\/en\/#organization"},"alternateName":"El pulso del pueblo","potentialAction":[{"@type":"SearchAction","target":{"@type":"EntryPoint","urlTemplate":"https:\/\/pulso27.com\/en\/?s={search_term_string}"},"query-input":{"@type":"PropertyValueSpecification","valueRequired":true,"valueName":"search_term_string"}}],"inLanguage":"es-PE"},{"@type":"Organization","@id":"https:\/\/pulso27.com\/en\/#organization","name":"Pulso27","url":"https:\/\/pulso27.com\/en\/","logo":{"@type":"ImageObject","inLanguage":"es-PE","@id":"https:\/\/pulso27.com\/en\/#\/schema\/logo\/image\/","url":"https:\/\/pulso27.com\/wp-content\/uploads\/2026\/02\/Logotipo-de-la-organizacion-696-x-696-px-ok.png","contentUrl":"https:\/\/pulso27.com\/wp-content\/uploads\/2026\/02\/Logotipo-de-la-organizacion-696-x-696-px-ok.png","width":696,"height":696,"caption":"Pulso27"},"image":{"@id":"https:\/\/pulso27.com\/en\/#\/schema\/logo\/image\/"},"sameAs":["https:\/\/www.facebook.com\/pulso27\/","https:\/\/x.com\/Pulso_27","https:\/\/www.youtube.com\/@Pulso27","https:\/\/www.tiktok.com\/@pulso_27"]},{"@type":"Person","@id":"https:\/\/pulso27.com\/en\/#\/schema\/person\/bf5ee161e6c87f6c7d57f5e689ef8526","name":"Redactor","image":{"@type":"ImageObject","inLanguage":"es-PE","@id":"https:\/\/pulso27.com\/wp-content\/uploads\/2025\/03\/a-150x150.png","url":"https:\/\/pulso27.com\/wp-content\/uploads\/2025\/03\/a-150x150.png","contentUrl":"https:\/\/pulso27.com\/wp-content\/uploads\/2025\/03\/a-150x150.png","caption":"Redactor"},"sameAs":["http:\/\/www.pulso27.com"],"url":"https:\/\/pulso27.com\/es\/author\/redactor\/"}]}},"amp_enabled":true,"_links":{"self":[{"href":"https:\/\/pulso27.com\/es\/wp-json\/wp\/v2\/posts\/2943","targetHints":{"allow":["GET"]}}],"collection":[{"href":"https:\/\/pulso27.com\/es\/wp-json\/wp\/v2\/posts"}],"about":[{"href":"https:\/\/pulso27.com\/es\/wp-json\/wp\/v2\/types\/post"}],"author":[{"embeddable":true,"href":"https:\/\/pulso27.com\/es\/wp-json\/wp\/v2\/users\/13"}],"replies":[{"embeddable":true,"href":"https:\/\/pulso27.com\/es\/wp-json\/wp\/v2\/comments?post=2943"}],"version-history":[{"count":1,"href":"https:\/\/pulso27.com\/es\/wp-json\/wp\/v2\/posts\/2943\/revisions"}],"predecessor-version":[{"id":2946,"href":"https:\/\/pulso27.com\/es\/wp-json\/wp\/v2\/posts\/2943\/revisions\/2946"}],"wp:featuredmedia":[{"embeddable":true,"href":"https:\/\/pulso27.com\/es\/wp-json\/wp\/v2\/media\/2944"}],"wp:attachment":[{"href":"https:\/\/pulso27.com\/es\/wp-json\/wp\/v2\/media?parent=2943"}],"wp:term":[{"taxonomy":"category","embeddable":true,"href":"https:\/\/pulso27.com\/es\/wp-json\/wp\/v2\/categories?post=2943"},{"taxonomy":"post_tag","embeddable":true,"href":"https:\/\/pulso27.com\/es\/wp-json\/wp\/v2\/tags?post=2943"}],"curies":[{"name":"wp","href":"https:\/\/api.w.org\/{rel}","templated":true}]}}