{"id":2950,"date":"2024-11-21T21:42:56","date_gmt":"2024-11-21T16:42:56","guid":{"rendered":"https:\/\/pulso27.com\/?p=2950"},"modified":"2024-11-21T21:43:04","modified_gmt":"2024-11-21T16:43:04","slug":"fracaso-en-el-congreso-no-aprobaron-la-reeleccion-de-alcaldes-y-gobernadores-ni-la-eliminacion-de-movimientos-regionales","status":"publish","type":"post","link":"https:\/\/pulso27.com\/es\/actualidad\/fracaso-en-el-congreso-no-aprobaron-la-reeleccion-de-alcaldes-y-gobernadores-ni-la-eliminacion-de-movimientos-regionales\/","title":{"rendered":"Fracaso en el Congreso: No aprobaron la reelecci\u00f3n de alcaldes y gobernadores ni la eliminaci\u00f3n de movimientos regionales"},"content":{"rendered":"\n<p><strong>Lima, 21 de noviembre de 2024.\u2013<\/strong> El Congreso de la Rep\u00fablica rechaz\u00f3 este mi\u00e9rcoles, en segunda votaci\u00f3n, la controversial reforma constitucional que propon\u00eda la reelecci\u00f3n inmediata para alcaldes y gobernadores regionales y, al mismo tiempo, la eliminaci\u00f3n de los movimientos regionales. Con 76 votos a favor, 33 en contra y 6 abstenciones, el Pleno del Congreso no alcanz\u00f3 los 87 votos necesarios para que la reforma fuera ratificada.<\/p>\n\n\n\n<p>La reforma, que intentaba modificar los art\u00edculos 35, 191 y 194 de la Constituci\u00f3n Pol\u00edtica del Per\u00fa, planteaba que los alcaldes y gobernadores regionales pudieran ser reelegidos por un solo per\u00edodo adicional de manera inmediata, sin necesidad de esperar un per\u00edodo intermedio. Adem\u00e1s, la propuesta buscaba restringir la participaci\u00f3n pol\u00edtica a los partidos nacionales, limitando la capacidad de los movimientos regionales de presentarse en elecciones.<\/p>\n\n\n\n<figure class=\"wp-block-image size-full\"><img loading=\"lazy\" decoding=\"async\" width=\"800\" height=\"450\" src=\"https:\/\/pulso27.com\/wp-content\/uploads\/2024\/11\/image-26.png\" alt=\"\" class=\"wp-image-2952\" srcset=\"https:\/\/pulso27.com\/wp-content\/uploads\/2024\/11\/image-26.png 800w, https:\/\/pulso27.com\/wp-content\/uploads\/2024\/11\/image-26-300x169.png 300w, https:\/\/pulso27.com\/wp-content\/uploads\/2024\/11\/image-26-768x432.png 768w, https:\/\/pulso27.com\/wp-content\/uploads\/2024\/11\/image-26-18x10.png 18w\" sizes=\"auto, (max-width: 800px) 100vw, 800px\" \/><figcaption class=\"wp-element-caption\"><em>Las bancadas mostraron su profunda divisi\u00f3n sobre la reelecci\u00f3n de gobernadores y alcaldes<\/em><\/figcaption><\/figure>\n\n\n\n<p>La iniciativa fue defendida principalmente por las bancadas de Fuerza Popular, Per\u00fa Libre y Alianza para el Progreso (APP), quienes argumentaban que la reelecci\u00f3n de autoridades locales fomentar\u00eda una mayor estabilidad pol\u00edtica y permitir\u00eda a los gobernantes continuar con sus proyectos de largo plazo. Adem\u00e1s, consideraban que la medida reducir\u00eda la corrupci\u00f3n al centralizar el poder en los partidos nacionales, promoviendo una pol\u00edtica m\u00e1s unificada y menos fragmentada.<\/p>\n\n\n\n<p>El presidente de la Comisi\u00f3n de Constituci\u00f3n y Reglamento, Fernando Rospigliosi, fue uno de los principales sustentadores de la propuesta, destacando que la reelecci\u00f3n servir\u00eda como un incentivo para una gesti\u00f3n m\u00e1s eficiente y responsable de las autoridades locales. Sin embargo, los detractores se\u00f1alaron que la reforma consolidar\u00eda el poder de los mismos grupos pol\u00edticos durante largos per\u00edodos, limitando la renovaci\u00f3n de liderazgo y la participaci\u00f3n de nuevos actores en la pol\u00edtica local.<\/p>\n\n\n\n<p>El rechazo de la reforma evidenci\u00f3 una profunda divisi\u00f3n dentro del Congreso. Aunque la bancada de Fuerza Popular vot\u00f3 un\u00e1nimemente a favor de la reelecci\u00f3n, otras agrupaciones como Alianza para el Progreso, Podemos Per\u00fa y Juntos por el Per\u00fa se abstuvieron, lo que impidi\u00f3 alcanzar el umbral necesario para aprobar la reforma.<\/p>\n\n\n\n<p>La congresista izquierdista Margot Palacios Huaman fue una de las voces m\u00e1s cr\u00edticas de la propuesta. En sus declaraciones, la parlamentaria advirti\u00f3 que la reelecci\u00f3n perpetua de alcaldes y gobernadores podr\u00eda generar estancamiento en las pol\u00edticas p\u00fablicas, al permitir que los mismos gobernantes mantuvieran el control pol\u00edtico por periodos prolongados. Seg\u00fan Palacios, esto podr\u00eda dar lugar a propuestas gubernamentales repetitivas, sin capacidad de innovaci\u00f3n, que no responder\u00edan efectivamente a las necesidades cambiantes de la sociedad. Adem\u00e1s, la congresista subray\u00f3 que los movimientos regionales representan un espacio vital de representaci\u00f3n territorial, dado que permiten visibilizar las demandas de comunidades locales que suelen quedar fuera de la agenda de los grandes partidos nacionales.<\/p>\n\n\n\n<figure class=\"wp-block-image size-full\"><img loading=\"lazy\" decoding=\"async\" width=\"1024\" height=\"682\" src=\"https:\/\/pulso27.com\/wp-content\/uploads\/2024\/11\/image-27.png\" alt=\"\" class=\"wp-image-2953\" srcset=\"https:\/\/pulso27.com\/wp-content\/uploads\/2024\/11\/image-27.png 1024w, https:\/\/pulso27.com\/wp-content\/uploads\/2024\/11\/image-27-300x200.png 300w, https:\/\/pulso27.com\/wp-content\/uploads\/2024\/11\/image-27-768x512.png 768w, https:\/\/pulso27.com\/wp-content\/uploads\/2024\/11\/image-27-18x12.png 18w\" sizes=\"auto, (max-width: 1024px) 100vw, 1024px\" \/><figcaption class=\"wp-element-caption\"><em>La congresista Margot Palacios cuestion\u00f3 la pretensi\u00f3n de Fuerza Popular y APP <\/em><\/figcaption><\/figure>\n\n\n\n<p>Tres intentos fallidos de reconsideraci\u00f3n. A pesar del contundente rechazo, varios congresistas intentaron salvar la reforma. Los parlamentarios H\u00e9ctor Valer, Jos\u00e9 Jer\u00ed y Alejandro Soto presentaron tres solicitudes de reconsideraci\u00f3n, buscando que el presidente del Congreso, Eduardo Salhuana, sometiera nuevamente la propuesta a votaci\u00f3n. Sin embargo, estos intentos no lograron revertir el resultado.<\/p>\n\n\n\n<p>\u00bfUn rev\u00e9s para Fuerza Popular y Per\u00fa Libre? El fracaso de la reforma representa un rev\u00e9s significativo para las bancadas que impulsaban la iniciativa, especialmente para Fuerza Popular, cuyo l\u00edder, Keiko Fujimori, hab\u00eda expresado su apoyo expl\u00edcito a la reelecci\u00f3n inmediata de alcaldes y gobernadores. A pesar de la insistencia por parte de varios congresistas de este grupo, la falta de consenso con otras fuerzas pol\u00edticas hizo imposible lograr los votos requeridos.<\/p>\n\n\n\n<p>Por su parte, el presidente de la Rep\u00fablica, Dina Boluarte, no se ha pronunciado oficialmente sobre el resultado de la votaci\u00f3n, pero su gobierno hab\u00eda mostrado anteriormente reticencias a la propuesta, al considerar que la reelecci\u00f3n sin l\u00edmites podr\u00eda generar una concentraci\u00f3n de poder en las manos de unos pocos.<\/p>\n\n\n\n<p>El futuro de los movimientos regionales. Aunque la reforma fue rechazada, el debate sobre el papel de los movimientos regionales en la pol\u00edtica peruana sigue abierto. Muchos analistas y actores pol\u00edticos coinciden en que, si bien es necesario reforzar la democracia representativa, eliminar los movimientos regionales podr\u00eda tener efectos negativos en la pluralidad pol\u00edtica, limitando la capacidad de las regiones de elegir a sus propios representantes sin la intervenci\u00f3n de los grandes partidos nacionales.<\/p>\n\n\n\n<p>Por el momento, la propuesta de reelecci\u00f3n inmediata de alcaldes y gobernadores, as\u00ed como la eliminaci\u00f3n de los movimientos regionales, ha quedado archivada en el Congreso. Sin embargo, la posibilidad de que se presenten nuevas iniciativas en el futuro sigue latente, en un contexto pol\u00edtico cada vez m\u00e1s polarizado.<\/p>\n","protected":false},"excerpt":{"rendered":"<p>Lima, 21 de noviembre de 2024.\u2013 El Congreso de la Rep\u00fablica rechaz\u00f3 este mi\u00e9rcoles, en segunda votaci\u00f3n, la controversial reforma constitucional que propon\u00eda la reelecci\u00f3n inmediata para alcaldes y gobernadores regionales y, al mismo tiempo, la eliminaci\u00f3n de los movimientos regionales. Con 76 votos a favor, 33 en contra y 6 abstenciones, el Pleno del [&hellip;]<\/p>\n","protected":false},"author":7,"featured_media":2951,"comment_status":"open","ping_status":"open","sticky":false,"template":"","format":"standard","meta":{"footnotes":""},"categories":[183,174],"tags":[839,305,623],"class_list":["post-2950","post","type-post","status-publish","format-standard","has-post-thumbnail","hentry","category-actualidad","category-nacional","tag-congresoperu","tag-politica-2","tag-reeleccion"],"yoast_head":"<!-- This site is optimized with the Yoast SEO plugin v27.4 - https:\/\/yoast.com\/product\/yoast-seo-wordpress\/ -->\n<title>Fracaso en el Congreso: No aprobaron la reelecci\u00f3n de alcaldes y gobernadores ni la eliminaci\u00f3n de movimientos regionales - Pulso27<\/title>\n<meta name=\"robots\" content=\"index, follow, max-snippet:-1, max-image-preview:large, max-video-preview:-1\" \/>\n<link rel=\"canonical\" href=\"https:\/\/pulso27.com\/es\/nacional\/fracaso-en-el-congreso-no-aprobaron-la-reeleccion-de-alcaldes-y-gobernadores-ni-la-eliminacion-de-movimientos-regionales\/\" \/>\n<meta property=\"og:locale\" content=\"es_ES\" \/>\n<meta property=\"og:type\" content=\"article\" \/>\n<meta property=\"og:title\" content=\"Fracaso en el Congreso: No aprobaron la reelecci\u00f3n de alcaldes y gobernadores ni la eliminaci\u00f3n de movimientos regionales - Pulso27\" \/>\n<meta property=\"og:description\" content=\"Lima, 21 de noviembre de 2024.\u2013 El Congreso de la Rep\u00fablica rechaz\u00f3 este mi\u00e9rcoles, en segunda votaci\u00f3n, la controversial reforma constitucional que propon\u00eda la reelecci\u00f3n inmediata para alcaldes y gobernadores regionales y, al mismo tiempo, la eliminaci\u00f3n de los movimientos regionales. Con 76 votos a favor, 33 en contra y 6 abstenciones, el Pleno del [&hellip;]\" \/>\n<meta property=\"og:url\" content=\"https:\/\/pulso27.com\/es\/nacional\/fracaso-en-el-congreso-no-aprobaron-la-reeleccion-de-alcaldes-y-gobernadores-ni-la-eliminacion-de-movimientos-regionales\/\" \/>\n<meta property=\"og:site_name\" content=\"Pulso27\" \/>\n<meta property=\"article:publisher\" content=\"https:\/\/www.facebook.com\/pulso27\/\" \/>\n<meta property=\"article:published_time\" content=\"2024-11-21T16:42:56+00:00\" \/>\n<meta property=\"article:modified_time\" content=\"2024-11-21T16:43:04+00:00\" \/>\n<meta property=\"og:image\" content=\"https:\/\/pulso27.com\/wp-content\/uploads\/2024\/11\/CongressoRee.png\" \/>\n\t<meta property=\"og:image:width\" content=\"1200\" \/>\n\t<meta property=\"og:image:height\" content=\"675\" \/>\n\t<meta property=\"og:image:type\" content=\"image\/png\" \/>\n<meta name=\"author\" content=\"Tupaq\" \/>\n<meta name=\"twitter:card\" content=\"summary_large_image\" \/>\n<meta name=\"twitter:creator\" content=\"@Pulso_27\" \/>\n<meta name=\"twitter:site\" content=\"@Pulso_27\" \/>\n<meta name=\"twitter:label1\" content=\"Written by\" \/>\n\t<meta name=\"twitter:data1\" content=\"Tupaq\" \/>\n\t<meta name=\"twitter:label2\" content=\"Est. reading time\" \/>\n\t<meta name=\"twitter:data2\" content=\"5 minutos\" \/>\n<script type=\"application\/ld+json\" class=\"yoast-schema-graph\">{\"@context\":\"https:\\\/\\\/schema.org\",\"@graph\":[{\"@type\":\"Article\",\"@id\":\"https:\\\/\\\/pulso27.com\\\/nacional\\\/fracaso-en-el-congreso-no-aprobaron-la-reeleccion-de-alcaldes-y-gobernadores-ni-la-eliminacion-de-movimientos-regionales\\\/#article\",\"isPartOf\":{\"@id\":\"https:\\\/\\\/pulso27.com\\\/nacional\\\/fracaso-en-el-congreso-no-aprobaron-la-reeleccion-de-alcaldes-y-gobernadores-ni-la-eliminacion-de-movimientos-regionales\\\/\"},\"author\":{\"name\":\"Tupaq\",\"@id\":\"https:\\\/\\\/pulso27.com\\\/en\\\/#\\\/schema\\\/person\\\/d20fd7f5bc7f2e53fd150d43fca07a78\"},\"headline\":\"Fracaso en el Congreso: No aprobaron la reelecci\u00f3n de alcaldes y gobernadores ni la eliminaci\u00f3n de movimientos regionales\",\"datePublished\":\"2024-11-21T16:42:56+00:00\",\"dateModified\":\"2024-11-21T16:43:04+00:00\",\"mainEntityOfPage\":{\"@id\":\"https:\\\/\\\/pulso27.com\\\/nacional\\\/fracaso-en-el-congreso-no-aprobaron-la-reeleccion-de-alcaldes-y-gobernadores-ni-la-eliminacion-de-movimientos-regionales\\\/\"},\"wordCount\":853,\"commentCount\":0,\"publisher\":{\"@id\":\"https:\\\/\\\/pulso27.com\\\/en\\\/#organization\"},\"image\":{\"@id\":\"https:\\\/\\\/pulso27.com\\\/nacional\\\/fracaso-en-el-congreso-no-aprobaron-la-reeleccion-de-alcaldes-y-gobernadores-ni-la-eliminacion-de-movimientos-regionales\\\/#primaryimage\"},\"thumbnailUrl\":\"https:\\\/\\\/pulso27.com\\\/wp-content\\\/uploads\\\/2024\\\/11\\\/CongressoRee.png\",\"keywords\":[\"CongresoPer\u00fa\",\"Pol\u00edtica\",\"Reelecci\u00f3n\"],\"articleSection\":[\"Actualidad\",\"Nacional\"],\"inLanguage\":\"es-PE\",\"potentialAction\":[{\"@type\":\"CommentAction\",\"name\":\"Comment\",\"target\":[\"https:\\\/\\\/pulso27.com\\\/nacional\\\/fracaso-en-el-congreso-no-aprobaron-la-reeleccion-de-alcaldes-y-gobernadores-ni-la-eliminacion-de-movimientos-regionales\\\/#respond\"]}]},{\"@type\":\"WebPage\",\"@id\":\"https:\\\/\\\/pulso27.com\\\/nacional\\\/fracaso-en-el-congreso-no-aprobaron-la-reeleccion-de-alcaldes-y-gobernadores-ni-la-eliminacion-de-movimientos-regionales\\\/\",\"url\":\"https:\\\/\\\/pulso27.com\\\/nacional\\\/fracaso-en-el-congreso-no-aprobaron-la-reeleccion-de-alcaldes-y-gobernadores-ni-la-eliminacion-de-movimientos-regionales\\\/\",\"name\":\"Fracaso en el Congreso: No aprobaron la reelecci\u00f3n de alcaldes y gobernadores ni la eliminaci\u00f3n de movimientos regionales - Pulso27\",\"isPartOf\":{\"@id\":\"https:\\\/\\\/pulso27.com\\\/en\\\/#website\"},\"primaryImageOfPage\":{\"@id\":\"https:\\\/\\\/pulso27.com\\\/nacional\\\/fracaso-en-el-congreso-no-aprobaron-la-reeleccion-de-alcaldes-y-gobernadores-ni-la-eliminacion-de-movimientos-regionales\\\/#primaryimage\"},\"image\":{\"@id\":\"https:\\\/\\\/pulso27.com\\\/nacional\\\/fracaso-en-el-congreso-no-aprobaron-la-reeleccion-de-alcaldes-y-gobernadores-ni-la-eliminacion-de-movimientos-regionales\\\/#primaryimage\"},\"thumbnailUrl\":\"https:\\\/\\\/pulso27.com\\\/wp-content\\\/uploads\\\/2024\\\/11\\\/CongressoRee.png\",\"datePublished\":\"2024-11-21T16:42:56+00:00\",\"dateModified\":\"2024-11-21T16:43:04+00:00\",\"breadcrumb\":{\"@id\":\"https:\\\/\\\/pulso27.com\\\/nacional\\\/fracaso-en-el-congreso-no-aprobaron-la-reeleccion-de-alcaldes-y-gobernadores-ni-la-eliminacion-de-movimientos-regionales\\\/#breadcrumb\"},\"inLanguage\":\"es-PE\",\"potentialAction\":[{\"@type\":\"ReadAction\",\"target\":[\"https:\\\/\\\/pulso27.com\\\/nacional\\\/fracaso-en-el-congreso-no-aprobaron-la-reeleccion-de-alcaldes-y-gobernadores-ni-la-eliminacion-de-movimientos-regionales\\\/\"]}]},{\"@type\":\"ImageObject\",\"inLanguage\":\"es-PE\",\"@id\":\"https:\\\/\\\/pulso27.com\\\/nacional\\\/fracaso-en-el-congreso-no-aprobaron-la-reeleccion-de-alcaldes-y-gobernadores-ni-la-eliminacion-de-movimientos-regionales\\\/#primaryimage\",\"url\":\"https:\\\/\\\/pulso27.com\\\/wp-content\\\/uploads\\\/2024\\\/11\\\/CongressoRee.png\",\"contentUrl\":\"https:\\\/\\\/pulso27.com\\\/wp-content\\\/uploads\\\/2024\\\/11\\\/CongressoRee.png\",\"width\":1200,\"height\":675},{\"@type\":\"BreadcrumbList\",\"@id\":\"https:\\\/\\\/pulso27.com\\\/nacional\\\/fracaso-en-el-congreso-no-aprobaron-la-reeleccion-de-alcaldes-y-gobernadores-ni-la-eliminacion-de-movimientos-regionales\\\/#breadcrumb\",\"itemListElement\":[{\"@type\":\"ListItem\",\"position\":1,\"name\":\"Portada\",\"item\":\"https:\\\/\\\/pulso27.com\\\/\"},{\"@type\":\"ListItem\",\"position\":2,\"name\":\"Fracaso en el Congreso: No aprobaron la reelecci\u00f3n de alcaldes y gobernadores ni la eliminaci\u00f3n de movimientos regionales\"}]},{\"@type\":\"WebSite\",\"@id\":\"https:\\\/\\\/pulso27.com\\\/en\\\/#website\",\"url\":\"https:\\\/\\\/pulso27.com\\\/en\\\/\",\"name\":\"Pulso27\",\"description\":\"Web de noticias y publicidad\",\"publisher\":{\"@id\":\"https:\\\/\\\/pulso27.com\\\/en\\\/#organization\"},\"alternateName\":\"El pulso del pueblo\",\"potentialAction\":[{\"@type\":\"SearchAction\",\"target\":{\"@type\":\"EntryPoint\",\"urlTemplate\":\"https:\\\/\\\/pulso27.com\\\/en\\\/?s={search_term_string}\"},\"query-input\":{\"@type\":\"PropertyValueSpecification\",\"valueRequired\":true,\"valueName\":\"search_term_string\"}}],\"inLanguage\":\"es-PE\"},{\"@type\":\"Organization\",\"@id\":\"https:\\\/\\\/pulso27.com\\\/en\\\/#organization\",\"name\":\"Pulso27\",\"url\":\"https:\\\/\\\/pulso27.com\\\/en\\\/\",\"logo\":{\"@type\":\"ImageObject\",\"inLanguage\":\"es-PE\",\"@id\":\"https:\\\/\\\/pulso27.com\\\/en\\\/#\\\/schema\\\/logo\\\/image\\\/\",\"url\":\"https:\\\/\\\/pulso27.com\\\/wp-content\\\/uploads\\\/2026\\\/02\\\/Logotipo-de-la-organizacion-696-x-696-px-ok.png\",\"contentUrl\":\"https:\\\/\\\/pulso27.com\\\/wp-content\\\/uploads\\\/2026\\\/02\\\/Logotipo-de-la-organizacion-696-x-696-px-ok.png\",\"width\":696,\"height\":696,\"caption\":\"Pulso27\"},\"image\":{\"@id\":\"https:\\\/\\\/pulso27.com\\\/en\\\/#\\\/schema\\\/logo\\\/image\\\/\"},\"sameAs\":[\"https:\\\/\\\/www.facebook.com\\\/pulso27\\\/\",\"https:\\\/\\\/x.com\\\/Pulso_27\",\"https:\\\/\\\/www.youtube.com\\\/@Pulso27\",\"https:\\\/\\\/www.tiktok.com\\\/@pulso_27\"]},{\"@type\":\"Person\",\"@id\":\"https:\\\/\\\/pulso27.com\\\/en\\\/#\\\/schema\\\/person\\\/d20fd7f5bc7f2e53fd150d43fca07a78\",\"name\":\"Tupaq\",\"image\":{\"@type\":\"ImageObject\",\"inLanguage\":\"es-PE\",\"@id\":\"https:\\\/\\\/secure.gravatar.com\\\/avatar\\\/7929e9b034aeea560319a601e4f04c59eb5f45a79eafe192adabb67e9604e7e7?s=96&d=mm&r=g\",\"url\":\"https:\\\/\\\/secure.gravatar.com\\\/avatar\\\/7929e9b034aeea560319a601e4f04c59eb5f45a79eafe192adabb67e9604e7e7?s=96&d=mm&r=g\",\"contentUrl\":\"https:\\\/\\\/secure.gravatar.com\\\/avatar\\\/7929e9b034aeea560319a601e4f04c59eb5f45a79eafe192adabb67e9604e7e7?s=96&d=mm&r=g\",\"caption\":\"Tupaq\"},\"url\":\"https:\\\/\\\/pulso27.com\\\/es\\\/author\\\/tupaq\\\/\"}]}<\/script>\n<!-- \/ Yoast SEO plugin. -->","yoast_head_json":{"title":"Fracaso en el Congreso: No aprobaron la reelecci\u00f3n de alcaldes y gobernadores ni la eliminaci\u00f3n de movimientos regionales - Pulso27","robots":{"index":"index","follow":"follow","max-snippet":"max-snippet:-1","max-image-preview":"max-image-preview:large","max-video-preview":"max-video-preview:-1"},"canonical":"https:\/\/pulso27.com\/es\/nacional\/fracaso-en-el-congreso-no-aprobaron-la-reeleccion-de-alcaldes-y-gobernadores-ni-la-eliminacion-de-movimientos-regionales\/","og_locale":"es_ES","og_type":"article","og_title":"Fracaso en el Congreso: No aprobaron la reelecci\u00f3n de alcaldes y gobernadores ni la eliminaci\u00f3n de movimientos regionales - Pulso27","og_description":"Lima, 21 de noviembre de 2024.\u2013 El Congreso de la Rep\u00fablica rechaz\u00f3 este mi\u00e9rcoles, en segunda votaci\u00f3n, la controversial reforma constitucional que propon\u00eda la reelecci\u00f3n inmediata para alcaldes y gobernadores regionales y, al mismo tiempo, la eliminaci\u00f3n de los movimientos regionales. Con 76 votos a favor, 33 en contra y 6 abstenciones, el Pleno del [&hellip;]","og_url":"https:\/\/pulso27.com\/es\/nacional\/fracaso-en-el-congreso-no-aprobaron-la-reeleccion-de-alcaldes-y-gobernadores-ni-la-eliminacion-de-movimientos-regionales\/","og_site_name":"Pulso27","article_publisher":"https:\/\/www.facebook.com\/pulso27\/","article_published_time":"2024-11-21T16:42:56+00:00","article_modified_time":"2024-11-21T16:43:04+00:00","og_image":[{"width":1200,"height":675,"url":"https:\/\/pulso27.com\/wp-content\/uploads\/2024\/11\/CongressoRee.png","type":"image\/png"}],"author":"Tupaq","twitter_card":"summary_large_image","twitter_creator":"@Pulso_27","twitter_site":"@Pulso_27","twitter_misc":{"Written by":"Tupaq","Est. reading time":"5 minutos"},"schema":{"@context":"https:\/\/schema.org","@graph":[{"@type":"Article","@id":"https:\/\/pulso27.com\/nacional\/fracaso-en-el-congreso-no-aprobaron-la-reeleccion-de-alcaldes-y-gobernadores-ni-la-eliminacion-de-movimientos-regionales\/#article","isPartOf":{"@id":"https:\/\/pulso27.com\/nacional\/fracaso-en-el-congreso-no-aprobaron-la-reeleccion-de-alcaldes-y-gobernadores-ni-la-eliminacion-de-movimientos-regionales\/"},"author":{"name":"Tupaq","@id":"https:\/\/pulso27.com\/en\/#\/schema\/person\/d20fd7f5bc7f2e53fd150d43fca07a78"},"headline":"Fracaso en el Congreso: No aprobaron la reelecci\u00f3n de alcaldes y gobernadores ni la eliminaci\u00f3n de movimientos regionales","datePublished":"2024-11-21T16:42:56+00:00","dateModified":"2024-11-21T16:43:04+00:00","mainEntityOfPage":{"@id":"https:\/\/pulso27.com\/nacional\/fracaso-en-el-congreso-no-aprobaron-la-reeleccion-de-alcaldes-y-gobernadores-ni-la-eliminacion-de-movimientos-regionales\/"},"wordCount":853,"commentCount":0,"publisher":{"@id":"https:\/\/pulso27.com\/en\/#organization"},"image":{"@id":"https:\/\/pulso27.com\/nacional\/fracaso-en-el-congreso-no-aprobaron-la-reeleccion-de-alcaldes-y-gobernadores-ni-la-eliminacion-de-movimientos-regionales\/#primaryimage"},"thumbnailUrl":"https:\/\/pulso27.com\/wp-content\/uploads\/2024\/11\/CongressoRee.png","keywords":["CongresoPer\u00fa","Pol\u00edtica","Reelecci\u00f3n"],"articleSection":["Actualidad","Nacional"],"inLanguage":"es-PE","potentialAction":[{"@type":"CommentAction","name":"Comment","target":["https:\/\/pulso27.com\/nacional\/fracaso-en-el-congreso-no-aprobaron-la-reeleccion-de-alcaldes-y-gobernadores-ni-la-eliminacion-de-movimientos-regionales\/#respond"]}]},{"@type":"WebPage","@id":"https:\/\/pulso27.com\/nacional\/fracaso-en-el-congreso-no-aprobaron-la-reeleccion-de-alcaldes-y-gobernadores-ni-la-eliminacion-de-movimientos-regionales\/","url":"https:\/\/pulso27.com\/nacional\/fracaso-en-el-congreso-no-aprobaron-la-reeleccion-de-alcaldes-y-gobernadores-ni-la-eliminacion-de-movimientos-regionales\/","name":"Fracaso en el Congreso: No aprobaron la reelecci\u00f3n de alcaldes y gobernadores ni la eliminaci\u00f3n de movimientos regionales - Pulso27","isPartOf":{"@id":"https:\/\/pulso27.com\/en\/#website"},"primaryImageOfPage":{"@id":"https:\/\/pulso27.com\/nacional\/fracaso-en-el-congreso-no-aprobaron-la-reeleccion-de-alcaldes-y-gobernadores-ni-la-eliminacion-de-movimientos-regionales\/#primaryimage"},"image":{"@id":"https:\/\/pulso27.com\/nacional\/fracaso-en-el-congreso-no-aprobaron-la-reeleccion-de-alcaldes-y-gobernadores-ni-la-eliminacion-de-movimientos-regionales\/#primaryimage"},"thumbnailUrl":"https:\/\/pulso27.com\/wp-content\/uploads\/2024\/11\/CongressoRee.png","datePublished":"2024-11-21T16:42:56+00:00","dateModified":"2024-11-21T16:43:04+00:00","breadcrumb":{"@id":"https:\/\/pulso27.com\/nacional\/fracaso-en-el-congreso-no-aprobaron-la-reeleccion-de-alcaldes-y-gobernadores-ni-la-eliminacion-de-movimientos-regionales\/#breadcrumb"},"inLanguage":"es-PE","potentialAction":[{"@type":"ReadAction","target":["https:\/\/pulso27.com\/nacional\/fracaso-en-el-congreso-no-aprobaron-la-reeleccion-de-alcaldes-y-gobernadores-ni-la-eliminacion-de-movimientos-regionales\/"]}]},{"@type":"ImageObject","inLanguage":"es-PE","@id":"https:\/\/pulso27.com\/nacional\/fracaso-en-el-congreso-no-aprobaron-la-reeleccion-de-alcaldes-y-gobernadores-ni-la-eliminacion-de-movimientos-regionales\/#primaryimage","url":"https:\/\/pulso27.com\/wp-content\/uploads\/2024\/11\/CongressoRee.png","contentUrl":"https:\/\/pulso27.com\/wp-content\/uploads\/2024\/11\/CongressoRee.png","width":1200,"height":675},{"@type":"BreadcrumbList","@id":"https:\/\/pulso27.com\/nacional\/fracaso-en-el-congreso-no-aprobaron-la-reeleccion-de-alcaldes-y-gobernadores-ni-la-eliminacion-de-movimientos-regionales\/#breadcrumb","itemListElement":[{"@type":"ListItem","position":1,"name":"Portada","item":"https:\/\/pulso27.com\/"},{"@type":"ListItem","position":2,"name":"Fracaso en el Congreso: No aprobaron la reelecci\u00f3n de alcaldes y gobernadores ni la eliminaci\u00f3n de movimientos regionales"}]},{"@type":"WebSite","@id":"https:\/\/pulso27.com\/en\/#website","url":"https:\/\/pulso27.com\/en\/","name":"Pulso27","description":"Web de noticias y publicidad","publisher":{"@id":"https:\/\/pulso27.com\/en\/#organization"},"alternateName":"El pulso del pueblo","potentialAction":[{"@type":"SearchAction","target":{"@type":"EntryPoint","urlTemplate":"https:\/\/pulso27.com\/en\/?s={search_term_string}"},"query-input":{"@type":"PropertyValueSpecification","valueRequired":true,"valueName":"search_term_string"}}],"inLanguage":"es-PE"},{"@type":"Organization","@id":"https:\/\/pulso27.com\/en\/#organization","name":"Pulso27","url":"https:\/\/pulso27.com\/en\/","logo":{"@type":"ImageObject","inLanguage":"es-PE","@id":"https:\/\/pulso27.com\/en\/#\/schema\/logo\/image\/","url":"https:\/\/pulso27.com\/wp-content\/uploads\/2026\/02\/Logotipo-de-la-organizacion-696-x-696-px-ok.png","contentUrl":"https:\/\/pulso27.com\/wp-content\/uploads\/2026\/02\/Logotipo-de-la-organizacion-696-x-696-px-ok.png","width":696,"height":696,"caption":"Pulso27"},"image":{"@id":"https:\/\/pulso27.com\/en\/#\/schema\/logo\/image\/"},"sameAs":["https:\/\/www.facebook.com\/pulso27\/","https:\/\/x.com\/Pulso_27","https:\/\/www.youtube.com\/@Pulso27","https:\/\/www.tiktok.com\/@pulso_27"]},{"@type":"Person","@id":"https:\/\/pulso27.com\/en\/#\/schema\/person\/d20fd7f5bc7f2e53fd150d43fca07a78","name":"Tupaq","image":{"@type":"ImageObject","inLanguage":"es-PE","@id":"https:\/\/secure.gravatar.com\/avatar\/7929e9b034aeea560319a601e4f04c59eb5f45a79eafe192adabb67e9604e7e7?s=96&d=mm&r=g","url":"https:\/\/secure.gravatar.com\/avatar\/7929e9b034aeea560319a601e4f04c59eb5f45a79eafe192adabb67e9604e7e7?s=96&d=mm&r=g","contentUrl":"https:\/\/secure.gravatar.com\/avatar\/7929e9b034aeea560319a601e4f04c59eb5f45a79eafe192adabb67e9604e7e7?s=96&d=mm&r=g","caption":"Tupaq"},"url":"https:\/\/pulso27.com\/es\/author\/tupaq\/"}]}},"amp_enabled":true,"_links":{"self":[{"href":"https:\/\/pulso27.com\/es\/wp-json\/wp\/v2\/posts\/2950","targetHints":{"allow":["GET"]}}],"collection":[{"href":"https:\/\/pulso27.com\/es\/wp-json\/wp\/v2\/posts"}],"about":[{"href":"https:\/\/pulso27.com\/es\/wp-json\/wp\/v2\/types\/post"}],"author":[{"embeddable":true,"href":"https:\/\/pulso27.com\/es\/wp-json\/wp\/v2\/users\/7"}],"replies":[{"embeddable":true,"href":"https:\/\/pulso27.com\/es\/wp-json\/wp\/v2\/comments?post=2950"}],"version-history":[{"count":1,"href":"https:\/\/pulso27.com\/es\/wp-json\/wp\/v2\/posts\/2950\/revisions"}],"predecessor-version":[{"id":2954,"href":"https:\/\/pulso27.com\/es\/wp-json\/wp\/v2\/posts\/2950\/revisions\/2954"}],"wp:featuredmedia":[{"embeddable":true,"href":"https:\/\/pulso27.com\/es\/wp-json\/wp\/v2\/media\/2951"}],"wp:attachment":[{"href":"https:\/\/pulso27.com\/es\/wp-json\/wp\/v2\/media?parent=2950"}],"wp:term":[{"taxonomy":"category","embeddable":true,"href":"https:\/\/pulso27.com\/es\/wp-json\/wp\/v2\/categories?post=2950"},{"taxonomy":"post_tag","embeddable":true,"href":"https:\/\/pulso27.com\/es\/wp-json\/wp\/v2\/tags?post=2950"}],"curies":[{"name":"wp","href":"https:\/\/api.w.org\/{rel}","templated":true}]}}