{"id":2989,"date":"2024-11-27T09:01:56","date_gmt":"2024-11-27T04:01:56","guid":{"rendered":"https:\/\/pulso27.com\/?p=2989"},"modified":"2024-11-27T09:02:00","modified_gmt":"2024-11-27T04:02:00","slug":"censuran-al-ministro-de-energia-y-minas-romulo-mucho-tras-promocion-de-concesiones-mineras-a-transnacionales","status":"publish","type":"post","link":"https:\/\/pulso27.com\/es\/actualidad\/mineria\/censuran-al-ministro-de-energia-y-minas-romulo-mucho-tras-promocion-de-concesiones-mineras-a-transnacionales\/","title":{"rendered":"Censuran al Ministro de Energ\u00eda y Minas R\u00f3mulo Mucho tras promoci\u00f3n de concesiones mineras a transnacionales"},"content":{"rendered":"\n<p>En una votaci\u00f3n hist\u00f3rica, el Congreso de la Rep\u00fablica aprob\u00f3 la censura del ministro de Energ\u00eda y Minas, R\u00f3mulo Mucho, con m\u00e1s de 70 votos a favor, 4 en contra y 13 abstenciones. La decisi\u00f3n, que se produce en medio de fuertes cr\u00edticas al manejo del sector minero, responde a la gesti\u00f3n de Mucho en relaci\u00f3n con la Ley MAPE (Ley para la Formalizaci\u00f3n de la Miner\u00eda) y su enfoque hacia las concesiones mineras a transnacionales, lo que ha generado gran controversia entre sectores pol\u00edticos y sociales.<\/p>\n\n\n\n<p>El principal argumento de la censura radica en la falta de soluci\u00f3n a la problem\u00e1tica de la formalizaci\u00f3n de los mineros informales y artesanales, que reclaman al gobierno de Dina Boluarte la ampliaci\u00f3n del Registro Integral de Formalizaci\u00f3n Minera (Reinfo). Desde su creaci\u00f3n en 2012, m\u00e1s de 70,000 mineros se han inscrito, pero menos del 15% ha completado el proceso de formalizaci\u00f3n, lo que refleja las deficiencias del sistema vigente. A pesar de los esfuerzos por implementar la Ley MAPE, la cual busca agilizar este proceso, congresistas de diversos partidos se\u00f1alaron que la ley no resuelve adecuadamente los problemas que enfrentan los trabajadores mineros informales.<\/p>\n\n\n\n<figure class=\"wp-block-image size-full\"><img loading=\"lazy\" decoding=\"async\" width=\"940\" height=\"492\" src=\"https:\/\/pulso27.com\/wp-content\/uploads\/2024\/11\/image-37.png\" alt=\"\" class=\"wp-image-2993\" srcset=\"https:\/\/pulso27.com\/wp-content\/uploads\/2024\/11\/image-37.png 940w, https:\/\/pulso27.com\/wp-content\/uploads\/2024\/11\/image-37-300x157.png 300w, https:\/\/pulso27.com\/wp-content\/uploads\/2024\/11\/image-37-768x402.png 768w, https:\/\/pulso27.com\/wp-content\/uploads\/2024\/11\/image-37-18x9.png 18w\" sizes=\"auto, (max-width: 940px) 100vw, 940px\" \/><figcaption class=\"wp-element-caption\"><em><em>\u00bfPor qu\u00e9 ser\u00e1<\/em><\/em> <em>Fuerza Popular impuls\u00f3 la censura contra el ministro R\u00f3mulo Mucho<\/em>?<\/figcaption><\/figure>\n\n\n\n<p>Incre\u00edblemente, el principal impulsor de la censura fue la bancada de Fuerza Popular, que consider\u00f3 que Mucho no hab\u00eda logrado avanzar con los proyectos clave para la formalizaci\u00f3n minera y que, en su lugar. \u201cEl ministro no tiene la capacidad para mantenerse en el cargo. Este problema afecta a miles de personas, y la \u00fanica soluci\u00f3n es una pol\u00edtica seria de formalizaci\u00f3n minera en el pa\u00eds\u201d, se\u00f1al\u00f3 el vocero de Fuerza Popular, Alejandro Mu\u00f1ante. Algunos actores pol\u00edticos creen que el fujimorismo y sus aliados se cansaron de esperar las concesiones mineras que Mucho les habr\u00eda ofrecido hacer durante su gesti\u00f3n y la censura ser\u00eda para colocar otro m\u00e1s af\u00edn a ellos.<\/p>\n\n\n\n<p>Adem\u00e1s, la bancada de Somos Per\u00fa tambi\u00e9n se sum\u00f3 al pedido de censura, destacando la falta de acci\u00f3n por parte del ministro, especialmente cuando el sector minero comenz\u00f3 a movilizarse con protestas y bloqueos. \u201cEste se\u00f1or caus\u00f3 una gran esperanza en el pa\u00eds, pero no cumpli\u00f3 con lo prometido\u201d, manifest\u00f3 el congresista H\u00e9ctor Valer, quien calific\u00f3 la gesti\u00f3n de Mucho como una serie de promesas incumplidas.<\/p>\n\n\n\n<p>Los dirigentes de la Confederaci\u00f3n de Mineros del Per\u00fa (CONFEMIN), que desde hace d\u00edas han acampado en la avenida Abancay, celebraron la censura del ministro. M\u00e1ximo Franco Bequer, presidente de CONFEMIN, y Magno Palomino Garamendi, secretario de Organizaci\u00f3n, informaron a los miles de mineros presentes sobre la decisi\u00f3n del Congreso y anunciaron que suspender\u00edan el debate sobre la nueva Ley Minera y la ampliaci\u00f3n del Reinfo, hasta que se aprueben las modificaciones necesarias.<\/p>\n\n\n\n<p>La salida de Mucho tambi\u00e9n ocurre en medio de fuertes cr\u00edticas por su gesti\u00f3n en la empresa estatal Petroper\u00fa, particularmente por la demora en la designaci\u00f3n de su nuevo directorio y la falta de acciones concretas en relaci\u00f3n con la Amazon\u00eda y el suministro energ\u00e9tico en el pa\u00eds. Las cr\u00edticas tambi\u00e9n fueron compartidas por la Confederaci\u00f3n Nacional de Instituciones Empresariales Privadas (Confiep) y diversos gremios empresariales, quienes cuestionaron la falta de una administraci\u00f3n profesional en Petroper\u00fa y la creciente incertidumbre econ\u00f3mica.<\/p>\n\n\n<div class=\"wp-block-image\">\n<figure class=\"alignright size-full is-resized\"><img loading=\"lazy\" decoding=\"async\" width=\"512\" height=\"640\" src=\"https:\/\/pulso27.com\/wp-content\/uploads\/2024\/11\/image-35.png\" alt=\"\" class=\"wp-image-2991\" style=\"width:444px;height:auto\" srcset=\"https:\/\/pulso27.com\/wp-content\/uploads\/2024\/11\/image-35.png 512w, https:\/\/pulso27.com\/wp-content\/uploads\/2024\/11\/image-35-240x300.png 240w, https:\/\/pulso27.com\/wp-content\/uploads\/2024\/11\/image-35-10x12.png 10w\" sizes=\"auto, (max-width: 512px) 100vw, 512px\" \/><\/figure><\/div>\n\n\n<p>La congresista izquierdista Margot Palacios Huam\u00e1n, haciendo uso de su cuenta Facebook, celebr\u00f3 la salida del ministro de Energ\u00eda y Minas R\u00f3mulo Mucho con un mensaje peculiar. \u00abS<em>e va ministro incapaz y vende patria del r\u00e9gimen, enemigo de las comunidades campesinas, nativas y pueblos originarios<\/em>\u00bb escribi\u00f3. Se conoc\u00eda de sus fuertes cuestionamientos y cr\u00edticas de la congresista Palacios contra la gesti\u00f3n de R\u00f3mulo Mucho, principalmente por el impulso que diera a las concesiones mineras en Arequipa, Puno, Moquegua, Piura, Cajamarca, que seg\u00fan dicha parlamentaria, no contaban con la licencia social de las comunidades campesinas aleda\u00f1as.<\/p>\n\n\n\n<p>Sin embargo, sectores vinculados a la miner\u00eda transnacional, como la C\u00e1mara de Comercio de Lima y la C\u00e1mara Peruana de la Construcci\u00f3n, lamentaron la censura de Mucho. Roberto de la Torre, presidente de la C\u00e1mara de Comercio de Lima, asegur\u00f3 que la discusi\u00f3n de la Ley MAPE es crucial para la peque\u00f1a miner\u00eda y que el Congreso debe priorizar su aprobaci\u00f3n para evitar que el Registro Integral de Formalizaci\u00f3n Minera sea utilizado por la miner\u00eda ilegal.<\/p>\n\n\n\n<p>Tras la censura, el ministro R\u00f3mulo Mucho deber\u00e1 presentar su renuncia formal al cargo. La presidenta Dina Boluarte tiene un plazo de 72 horas para aceptar su dimisi\u00f3n. La salida del ministro, en un momento clave para la miner\u00eda en el pa\u00eds, abre un nuevo cap\u00edtulo en la relaci\u00f3n del gobierno con el sector minero y las comunidades afectadas por la miner\u00eda informal.<\/p>\n","protected":false},"excerpt":{"rendered":"<p>En una votaci\u00f3n hist\u00f3rica, el Congreso de la Rep\u00fablica aprob\u00f3 la censura del ministro de Energ\u00eda y Minas, R\u00f3mulo Mucho, con m\u00e1s de 70 votos a favor, 4 en contra y 13 abstenciones. La decisi\u00f3n, que se produce en medio de fuertes cr\u00edticas al manejo del sector minero, responde a la gesti\u00f3n de Mucho en [&hellip;]<\/p>\n","protected":false},"author":7,"featured_media":2990,"comment_status":"open","ping_status":"open","sticky":false,"template":"","format":"standard","meta":{"footnotes":""},"categories":[183,1846,180],"tags":[593,578,1927],"class_list":["post-2989","post","type-post","status-publish","format-standard","has-post-thumbnail","hentry","category-actualidad","category-mineria","category-politica","tag-minem","tag-mineria","tag-romulomucho"],"yoast_head":"<!-- This site is optimized with the Yoast SEO plugin v27.4 - https:\/\/yoast.com\/product\/yoast-seo-wordpress\/ -->\n<title>Censuran al Ministro de Energ\u00eda y Minas R\u00f3mulo Mucho tras promoci\u00f3n de concesiones mineras a transnacionales - Pulso27<\/title>\n<meta name=\"robots\" content=\"index, follow, max-snippet:-1, max-image-preview:large, max-video-preview:-1\" \/>\n<link rel=\"canonical\" href=\"https:\/\/pulso27.com\/es\/actualidad\/mineria\/censuran-al-ministro-de-energia-y-minas-romulo-mucho-tras-promocion-de-concesiones-mineras-a-transnacionales\/\" \/>\n<meta property=\"og:locale\" content=\"es_ES\" \/>\n<meta property=\"og:type\" content=\"article\" \/>\n<meta property=\"og:title\" content=\"Censuran al Ministro de Energ\u00eda y Minas R\u00f3mulo Mucho tras promoci\u00f3n de concesiones mineras a transnacionales - Pulso27\" \/>\n<meta property=\"og:description\" content=\"En una votaci\u00f3n hist\u00f3rica, el Congreso de la Rep\u00fablica aprob\u00f3 la censura del ministro de Energ\u00eda y Minas, R\u00f3mulo Mucho, con m\u00e1s de 70 votos a favor, 4 en contra y 13 abstenciones. La decisi\u00f3n, que se produce en medio de fuertes cr\u00edticas al manejo del sector minero, responde a la gesti\u00f3n de Mucho en [&hellip;]\" \/>\n<meta property=\"og:url\" content=\"https:\/\/pulso27.com\/es\/actualidad\/mineria\/censuran-al-ministro-de-energia-y-minas-romulo-mucho-tras-promocion-de-concesiones-mineras-a-transnacionales\/\" \/>\n<meta property=\"og:site_name\" content=\"Pulso27\" \/>\n<meta property=\"article:publisher\" content=\"https:\/\/www.facebook.com\/pulso27\/\" \/>\n<meta property=\"article:published_time\" content=\"2024-11-27T04:01:56+00:00\" \/>\n<meta property=\"article:modified_time\" content=\"2024-11-27T04:02:00+00:00\" \/>\n<meta property=\"og:image\" content=\"https:\/\/pulso27.com\/wp-content\/uploads\/2024\/11\/RomuloM.png\" \/>\n\t<meta property=\"og:image:width\" content=\"1200\" \/>\n\t<meta property=\"og:image:height\" content=\"675\" \/>\n\t<meta property=\"og:image:type\" content=\"image\/png\" \/>\n<meta name=\"author\" content=\"Tupaq\" \/>\n<meta name=\"twitter:card\" content=\"summary_large_image\" \/>\n<meta name=\"twitter:creator\" content=\"@Pulso_27\" \/>\n<meta name=\"twitter:site\" content=\"@Pulso_27\" \/>\n<meta name=\"twitter:label1\" content=\"Written by\" \/>\n\t<meta name=\"twitter:data1\" content=\"Tupaq\" \/>\n\t<meta name=\"twitter:label2\" content=\"Est. reading time\" \/>\n\t<meta name=\"twitter:data2\" content=\"5 minutos\" \/>\n<script type=\"application\/ld+json\" class=\"yoast-schema-graph\">{\"@context\":\"https:\\\/\\\/schema.org\",\"@graph\":[{\"@type\":\"Article\",\"@id\":\"https:\\\/\\\/pulso27.com\\\/actualidad\\\/mineria\\\/censuran-al-ministro-de-energia-y-minas-romulo-mucho-tras-promocion-de-concesiones-mineras-a-transnacionales\\\/#article\",\"isPartOf\":{\"@id\":\"https:\\\/\\\/pulso27.com\\\/actualidad\\\/mineria\\\/censuran-al-ministro-de-energia-y-minas-romulo-mucho-tras-promocion-de-concesiones-mineras-a-transnacionales\\\/\"},\"author\":{\"name\":\"Tupaq\",\"@id\":\"https:\\\/\\\/pulso27.com\\\/en\\\/#\\\/schema\\\/person\\\/d20fd7f5bc7f2e53fd150d43fca07a78\"},\"headline\":\"Censuran al Ministro de Energ\u00eda y Minas R\u00f3mulo Mucho tras promoci\u00f3n de concesiones mineras a transnacionales\",\"datePublished\":\"2024-11-27T04:01:56+00:00\",\"dateModified\":\"2024-11-27T04:02:00+00:00\",\"mainEntityOfPage\":{\"@id\":\"https:\\\/\\\/pulso27.com\\\/actualidad\\\/mineria\\\/censuran-al-ministro-de-energia-y-minas-romulo-mucho-tras-promocion-de-concesiones-mineras-a-transnacionales\\\/\"},\"wordCount\":875,\"commentCount\":0,\"publisher\":{\"@id\":\"https:\\\/\\\/pulso27.com\\\/en\\\/#organization\"},\"image\":{\"@id\":\"https:\\\/\\\/pulso27.com\\\/actualidad\\\/mineria\\\/censuran-al-ministro-de-energia-y-minas-romulo-mucho-tras-promocion-de-concesiones-mineras-a-transnacionales\\\/#primaryimage\"},\"thumbnailUrl\":\"https:\\\/\\\/pulso27.com\\\/wp-content\\\/uploads\\\/2024\\\/11\\\/RomuloM.png\",\"keywords\":[\"MINEM\",\"Miner\u00eda\",\"R\u00f3muloMucho\"],\"articleSection\":[\"Actualidad\",\"Miner\u00eda\",\"Pol\u00edtica\"],\"inLanguage\":\"es-PE\",\"potentialAction\":[{\"@type\":\"CommentAction\",\"name\":\"Comment\",\"target\":[\"https:\\\/\\\/pulso27.com\\\/actualidad\\\/mineria\\\/censuran-al-ministro-de-energia-y-minas-romulo-mucho-tras-promocion-de-concesiones-mineras-a-transnacionales\\\/#respond\"]}]},{\"@type\":\"WebPage\",\"@id\":\"https:\\\/\\\/pulso27.com\\\/actualidad\\\/mineria\\\/censuran-al-ministro-de-energia-y-minas-romulo-mucho-tras-promocion-de-concesiones-mineras-a-transnacionales\\\/\",\"url\":\"https:\\\/\\\/pulso27.com\\\/actualidad\\\/mineria\\\/censuran-al-ministro-de-energia-y-minas-romulo-mucho-tras-promocion-de-concesiones-mineras-a-transnacionales\\\/\",\"name\":\"Censuran al Ministro de Energ\u00eda y Minas R\u00f3mulo Mucho tras promoci\u00f3n de concesiones mineras a transnacionales - Pulso27\",\"isPartOf\":{\"@id\":\"https:\\\/\\\/pulso27.com\\\/en\\\/#website\"},\"primaryImageOfPage\":{\"@id\":\"https:\\\/\\\/pulso27.com\\\/actualidad\\\/mineria\\\/censuran-al-ministro-de-energia-y-minas-romulo-mucho-tras-promocion-de-concesiones-mineras-a-transnacionales\\\/#primaryimage\"},\"image\":{\"@id\":\"https:\\\/\\\/pulso27.com\\\/actualidad\\\/mineria\\\/censuran-al-ministro-de-energia-y-minas-romulo-mucho-tras-promocion-de-concesiones-mineras-a-transnacionales\\\/#primaryimage\"},\"thumbnailUrl\":\"https:\\\/\\\/pulso27.com\\\/wp-content\\\/uploads\\\/2024\\\/11\\\/RomuloM.png\",\"datePublished\":\"2024-11-27T04:01:56+00:00\",\"dateModified\":\"2024-11-27T04:02:00+00:00\",\"breadcrumb\":{\"@id\":\"https:\\\/\\\/pulso27.com\\\/actualidad\\\/mineria\\\/censuran-al-ministro-de-energia-y-minas-romulo-mucho-tras-promocion-de-concesiones-mineras-a-transnacionales\\\/#breadcrumb\"},\"inLanguage\":\"es-PE\",\"potentialAction\":[{\"@type\":\"ReadAction\",\"target\":[\"https:\\\/\\\/pulso27.com\\\/actualidad\\\/mineria\\\/censuran-al-ministro-de-energia-y-minas-romulo-mucho-tras-promocion-de-concesiones-mineras-a-transnacionales\\\/\"]}]},{\"@type\":\"ImageObject\",\"inLanguage\":\"es-PE\",\"@id\":\"https:\\\/\\\/pulso27.com\\\/actualidad\\\/mineria\\\/censuran-al-ministro-de-energia-y-minas-romulo-mucho-tras-promocion-de-concesiones-mineras-a-transnacionales\\\/#primaryimage\",\"url\":\"https:\\\/\\\/pulso27.com\\\/wp-content\\\/uploads\\\/2024\\\/11\\\/RomuloM.png\",\"contentUrl\":\"https:\\\/\\\/pulso27.com\\\/wp-content\\\/uploads\\\/2024\\\/11\\\/RomuloM.png\",\"width\":1200,\"height\":675},{\"@type\":\"BreadcrumbList\",\"@id\":\"https:\\\/\\\/pulso27.com\\\/actualidad\\\/mineria\\\/censuran-al-ministro-de-energia-y-minas-romulo-mucho-tras-promocion-de-concesiones-mineras-a-transnacionales\\\/#breadcrumb\",\"itemListElement\":[{\"@type\":\"ListItem\",\"position\":1,\"name\":\"Portada\",\"item\":\"https:\\\/\\\/pulso27.com\\\/\"},{\"@type\":\"ListItem\",\"position\":2,\"name\":\"Censuran al Ministro de Energ\u00eda y Minas R\u00f3mulo Mucho tras promoci\u00f3n de concesiones mineras a transnacionales\"}]},{\"@type\":\"WebSite\",\"@id\":\"https:\\\/\\\/pulso27.com\\\/en\\\/#website\",\"url\":\"https:\\\/\\\/pulso27.com\\\/en\\\/\",\"name\":\"Pulso27\",\"description\":\"Web de noticias y publicidad\",\"publisher\":{\"@id\":\"https:\\\/\\\/pulso27.com\\\/en\\\/#organization\"},\"alternateName\":\"El pulso del pueblo\",\"potentialAction\":[{\"@type\":\"SearchAction\",\"target\":{\"@type\":\"EntryPoint\",\"urlTemplate\":\"https:\\\/\\\/pulso27.com\\\/en\\\/?s={search_term_string}\"},\"query-input\":{\"@type\":\"PropertyValueSpecification\",\"valueRequired\":true,\"valueName\":\"search_term_string\"}}],\"inLanguage\":\"es-PE\"},{\"@type\":\"Organization\",\"@id\":\"https:\\\/\\\/pulso27.com\\\/en\\\/#organization\",\"name\":\"Pulso27\",\"url\":\"https:\\\/\\\/pulso27.com\\\/en\\\/\",\"logo\":{\"@type\":\"ImageObject\",\"inLanguage\":\"es-PE\",\"@id\":\"https:\\\/\\\/pulso27.com\\\/en\\\/#\\\/schema\\\/logo\\\/image\\\/\",\"url\":\"https:\\\/\\\/pulso27.com\\\/wp-content\\\/uploads\\\/2026\\\/02\\\/Logotipo-de-la-organizacion-696-x-696-px-ok.png\",\"contentUrl\":\"https:\\\/\\\/pulso27.com\\\/wp-content\\\/uploads\\\/2026\\\/02\\\/Logotipo-de-la-organizacion-696-x-696-px-ok.png\",\"width\":696,\"height\":696,\"caption\":\"Pulso27\"},\"image\":{\"@id\":\"https:\\\/\\\/pulso27.com\\\/en\\\/#\\\/schema\\\/logo\\\/image\\\/\"},\"sameAs\":[\"https:\\\/\\\/www.facebook.com\\\/pulso27\\\/\",\"https:\\\/\\\/x.com\\\/Pulso_27\",\"https:\\\/\\\/www.youtube.com\\\/@Pulso27\",\"https:\\\/\\\/www.tiktok.com\\\/@pulso_27\"]},{\"@type\":\"Person\",\"@id\":\"https:\\\/\\\/pulso27.com\\\/en\\\/#\\\/schema\\\/person\\\/d20fd7f5bc7f2e53fd150d43fca07a78\",\"name\":\"Tupaq\",\"image\":{\"@type\":\"ImageObject\",\"inLanguage\":\"es-PE\",\"@id\":\"https:\\\/\\\/secure.gravatar.com\\\/avatar\\\/7929e9b034aeea560319a601e4f04c59eb5f45a79eafe192adabb67e9604e7e7?s=96&d=mm&r=g\",\"url\":\"https:\\\/\\\/secure.gravatar.com\\\/avatar\\\/7929e9b034aeea560319a601e4f04c59eb5f45a79eafe192adabb67e9604e7e7?s=96&d=mm&r=g\",\"contentUrl\":\"https:\\\/\\\/secure.gravatar.com\\\/avatar\\\/7929e9b034aeea560319a601e4f04c59eb5f45a79eafe192adabb67e9604e7e7?s=96&d=mm&r=g\",\"caption\":\"Tupaq\"},\"url\":\"https:\\\/\\\/pulso27.com\\\/es\\\/author\\\/tupaq\\\/\"}]}<\/script>\n<!-- \/ Yoast SEO plugin. -->","yoast_head_json":{"title":"Censuran al Ministro de Energ\u00eda y Minas R\u00f3mulo Mucho tras promoci\u00f3n de concesiones mineras a transnacionales - Pulso27","robots":{"index":"index","follow":"follow","max-snippet":"max-snippet:-1","max-image-preview":"max-image-preview:large","max-video-preview":"max-video-preview:-1"},"canonical":"https:\/\/pulso27.com\/es\/actualidad\/mineria\/censuran-al-ministro-de-energia-y-minas-romulo-mucho-tras-promocion-de-concesiones-mineras-a-transnacionales\/","og_locale":"es_ES","og_type":"article","og_title":"Censuran al Ministro de Energ\u00eda y Minas R\u00f3mulo Mucho tras promoci\u00f3n de concesiones mineras a transnacionales - Pulso27","og_description":"En una votaci\u00f3n hist\u00f3rica, el Congreso de la Rep\u00fablica aprob\u00f3 la censura del ministro de Energ\u00eda y Minas, R\u00f3mulo Mucho, con m\u00e1s de 70 votos a favor, 4 en contra y 13 abstenciones. La decisi\u00f3n, que se produce en medio de fuertes cr\u00edticas al manejo del sector minero, responde a la gesti\u00f3n de Mucho en [&hellip;]","og_url":"https:\/\/pulso27.com\/es\/actualidad\/mineria\/censuran-al-ministro-de-energia-y-minas-romulo-mucho-tras-promocion-de-concesiones-mineras-a-transnacionales\/","og_site_name":"Pulso27","article_publisher":"https:\/\/www.facebook.com\/pulso27\/","article_published_time":"2024-11-27T04:01:56+00:00","article_modified_time":"2024-11-27T04:02:00+00:00","og_image":[{"width":1200,"height":675,"url":"https:\/\/pulso27.com\/wp-content\/uploads\/2024\/11\/RomuloM.png","type":"image\/png"}],"author":"Tupaq","twitter_card":"summary_large_image","twitter_creator":"@Pulso_27","twitter_site":"@Pulso_27","twitter_misc":{"Written by":"Tupaq","Est. reading time":"5 minutos"},"schema":{"@context":"https:\/\/schema.org","@graph":[{"@type":"Article","@id":"https:\/\/pulso27.com\/actualidad\/mineria\/censuran-al-ministro-de-energia-y-minas-romulo-mucho-tras-promocion-de-concesiones-mineras-a-transnacionales\/#article","isPartOf":{"@id":"https:\/\/pulso27.com\/actualidad\/mineria\/censuran-al-ministro-de-energia-y-minas-romulo-mucho-tras-promocion-de-concesiones-mineras-a-transnacionales\/"},"author":{"name":"Tupaq","@id":"https:\/\/pulso27.com\/en\/#\/schema\/person\/d20fd7f5bc7f2e53fd150d43fca07a78"},"headline":"Censuran al Ministro de Energ\u00eda y Minas R\u00f3mulo Mucho tras promoci\u00f3n de concesiones mineras a transnacionales","datePublished":"2024-11-27T04:01:56+00:00","dateModified":"2024-11-27T04:02:00+00:00","mainEntityOfPage":{"@id":"https:\/\/pulso27.com\/actualidad\/mineria\/censuran-al-ministro-de-energia-y-minas-romulo-mucho-tras-promocion-de-concesiones-mineras-a-transnacionales\/"},"wordCount":875,"commentCount":0,"publisher":{"@id":"https:\/\/pulso27.com\/en\/#organization"},"image":{"@id":"https:\/\/pulso27.com\/actualidad\/mineria\/censuran-al-ministro-de-energia-y-minas-romulo-mucho-tras-promocion-de-concesiones-mineras-a-transnacionales\/#primaryimage"},"thumbnailUrl":"https:\/\/pulso27.com\/wp-content\/uploads\/2024\/11\/RomuloM.png","keywords":["MINEM","Miner\u00eda","R\u00f3muloMucho"],"articleSection":["Actualidad","Miner\u00eda","Pol\u00edtica"],"inLanguage":"es-PE","potentialAction":[{"@type":"CommentAction","name":"Comment","target":["https:\/\/pulso27.com\/actualidad\/mineria\/censuran-al-ministro-de-energia-y-minas-romulo-mucho-tras-promocion-de-concesiones-mineras-a-transnacionales\/#respond"]}]},{"@type":"WebPage","@id":"https:\/\/pulso27.com\/actualidad\/mineria\/censuran-al-ministro-de-energia-y-minas-romulo-mucho-tras-promocion-de-concesiones-mineras-a-transnacionales\/","url":"https:\/\/pulso27.com\/actualidad\/mineria\/censuran-al-ministro-de-energia-y-minas-romulo-mucho-tras-promocion-de-concesiones-mineras-a-transnacionales\/","name":"Censuran al Ministro de Energ\u00eda y Minas R\u00f3mulo Mucho tras promoci\u00f3n de concesiones mineras a transnacionales - Pulso27","isPartOf":{"@id":"https:\/\/pulso27.com\/en\/#website"},"primaryImageOfPage":{"@id":"https:\/\/pulso27.com\/actualidad\/mineria\/censuran-al-ministro-de-energia-y-minas-romulo-mucho-tras-promocion-de-concesiones-mineras-a-transnacionales\/#primaryimage"},"image":{"@id":"https:\/\/pulso27.com\/actualidad\/mineria\/censuran-al-ministro-de-energia-y-minas-romulo-mucho-tras-promocion-de-concesiones-mineras-a-transnacionales\/#primaryimage"},"thumbnailUrl":"https:\/\/pulso27.com\/wp-content\/uploads\/2024\/11\/RomuloM.png","datePublished":"2024-11-27T04:01:56+00:00","dateModified":"2024-11-27T04:02:00+00:00","breadcrumb":{"@id":"https:\/\/pulso27.com\/actualidad\/mineria\/censuran-al-ministro-de-energia-y-minas-romulo-mucho-tras-promocion-de-concesiones-mineras-a-transnacionales\/#breadcrumb"},"inLanguage":"es-PE","potentialAction":[{"@type":"ReadAction","target":["https:\/\/pulso27.com\/actualidad\/mineria\/censuran-al-ministro-de-energia-y-minas-romulo-mucho-tras-promocion-de-concesiones-mineras-a-transnacionales\/"]}]},{"@type":"ImageObject","inLanguage":"es-PE","@id":"https:\/\/pulso27.com\/actualidad\/mineria\/censuran-al-ministro-de-energia-y-minas-romulo-mucho-tras-promocion-de-concesiones-mineras-a-transnacionales\/#primaryimage","url":"https:\/\/pulso27.com\/wp-content\/uploads\/2024\/11\/RomuloM.png","contentUrl":"https:\/\/pulso27.com\/wp-content\/uploads\/2024\/11\/RomuloM.png","width":1200,"height":675},{"@type":"BreadcrumbList","@id":"https:\/\/pulso27.com\/actualidad\/mineria\/censuran-al-ministro-de-energia-y-minas-romulo-mucho-tras-promocion-de-concesiones-mineras-a-transnacionales\/#breadcrumb","itemListElement":[{"@type":"ListItem","position":1,"name":"Portada","item":"https:\/\/pulso27.com\/"},{"@type":"ListItem","position":2,"name":"Censuran al Ministro de Energ\u00eda y Minas R\u00f3mulo Mucho tras promoci\u00f3n de concesiones mineras a transnacionales"}]},{"@type":"WebSite","@id":"https:\/\/pulso27.com\/en\/#website","url":"https:\/\/pulso27.com\/en\/","name":"Pulso27","description":"Web de noticias y publicidad","publisher":{"@id":"https:\/\/pulso27.com\/en\/#organization"},"alternateName":"El pulso del pueblo","potentialAction":[{"@type":"SearchAction","target":{"@type":"EntryPoint","urlTemplate":"https:\/\/pulso27.com\/en\/?s={search_term_string}"},"query-input":{"@type":"PropertyValueSpecification","valueRequired":true,"valueName":"search_term_string"}}],"inLanguage":"es-PE"},{"@type":"Organization","@id":"https:\/\/pulso27.com\/en\/#organization","name":"Pulso27","url":"https:\/\/pulso27.com\/en\/","logo":{"@type":"ImageObject","inLanguage":"es-PE","@id":"https:\/\/pulso27.com\/en\/#\/schema\/logo\/image\/","url":"https:\/\/pulso27.com\/wp-content\/uploads\/2026\/02\/Logotipo-de-la-organizacion-696-x-696-px-ok.png","contentUrl":"https:\/\/pulso27.com\/wp-content\/uploads\/2026\/02\/Logotipo-de-la-organizacion-696-x-696-px-ok.png","width":696,"height":696,"caption":"Pulso27"},"image":{"@id":"https:\/\/pulso27.com\/en\/#\/schema\/logo\/image\/"},"sameAs":["https:\/\/www.facebook.com\/pulso27\/","https:\/\/x.com\/Pulso_27","https:\/\/www.youtube.com\/@Pulso27","https:\/\/www.tiktok.com\/@pulso_27"]},{"@type":"Person","@id":"https:\/\/pulso27.com\/en\/#\/schema\/person\/d20fd7f5bc7f2e53fd150d43fca07a78","name":"Tupaq","image":{"@type":"ImageObject","inLanguage":"es-PE","@id":"https:\/\/secure.gravatar.com\/avatar\/7929e9b034aeea560319a601e4f04c59eb5f45a79eafe192adabb67e9604e7e7?s=96&d=mm&r=g","url":"https:\/\/secure.gravatar.com\/avatar\/7929e9b034aeea560319a601e4f04c59eb5f45a79eafe192adabb67e9604e7e7?s=96&d=mm&r=g","contentUrl":"https:\/\/secure.gravatar.com\/avatar\/7929e9b034aeea560319a601e4f04c59eb5f45a79eafe192adabb67e9604e7e7?s=96&d=mm&r=g","caption":"Tupaq"},"url":"https:\/\/pulso27.com\/es\/author\/tupaq\/"}]}},"amp_enabled":true,"_links":{"self":[{"href":"https:\/\/pulso27.com\/es\/wp-json\/wp\/v2\/posts\/2989","targetHints":{"allow":["GET"]}}],"collection":[{"href":"https:\/\/pulso27.com\/es\/wp-json\/wp\/v2\/posts"}],"about":[{"href":"https:\/\/pulso27.com\/es\/wp-json\/wp\/v2\/types\/post"}],"author":[{"embeddable":true,"href":"https:\/\/pulso27.com\/es\/wp-json\/wp\/v2\/users\/7"}],"replies":[{"embeddable":true,"href":"https:\/\/pulso27.com\/es\/wp-json\/wp\/v2\/comments?post=2989"}],"version-history":[{"count":1,"href":"https:\/\/pulso27.com\/es\/wp-json\/wp\/v2\/posts\/2989\/revisions"}],"predecessor-version":[{"id":2994,"href":"https:\/\/pulso27.com\/es\/wp-json\/wp\/v2\/posts\/2989\/revisions\/2994"}],"wp:featuredmedia":[{"embeddable":true,"href":"https:\/\/pulso27.com\/es\/wp-json\/wp\/v2\/media\/2990"}],"wp:attachment":[{"href":"https:\/\/pulso27.com\/es\/wp-json\/wp\/v2\/media?parent=2989"}],"wp:term":[{"taxonomy":"category","embeddable":true,"href":"https:\/\/pulso27.com\/es\/wp-json\/wp\/v2\/categories?post=2989"},{"taxonomy":"post_tag","embeddable":true,"href":"https:\/\/pulso27.com\/es\/wp-json\/wp\/v2\/tags?post=2989"}],"curies":[{"name":"wp","href":"https:\/\/api.w.org\/{rel}","templated":true}]}}