{"id":3002,"date":"2024-12-04T03:20:43","date_gmt":"2024-12-03T22:20:43","guid":{"rendered":"https:\/\/pulso27.com\/?p=3002"},"modified":"2024-12-04T03:20:47","modified_gmt":"2024-12-03T22:20:47","slug":"paro-regional-en-moquegua-exigen-retiro-de-minera-aruntani-y-remediacion-ambiental","status":"publish","type":"post","link":"https:\/\/pulso27.com\/es\/actualidad\/ambiente\/paro-regional-en-moquegua-exigen-retiro-de-minera-aruntani-y-remediacion-ambiental\/","title":{"rendered":"Paro regional en Moquegua: Exigen retiro de minera Aruntani y remediaci\u00f3n ambiental"},"content":{"rendered":"\n<p>Los pobladores de la provincia General S\u00e1nchez Cerro en Moquegua iniciaron hoy un paro indefinido en protesta contra la contaminaci\u00f3n del r\u00edo Coralaque, atribuida a las operaciones de la Unidad Minera Florencia Tucari de la empresa Aruntani S.A.C. La medida fue convocada por la sociedad civil y respaldada por diversos gremios regionales, quienes exigen una acci\u00f3n inmediata del gobierno central ante la grave crisis ambiental que afecta a los ecosistemas acu\u00e1ticos, la agricultura y la salud de las comunidades de la zona.<\/p>\n\n\n\n<p>El conflicto comenz\u00f3 a tomar fuerza el 28 de noviembre de 2024, cuando la Municipalidad Provincial General S\u00e1nchez Cerro, encabezada por la alcaldesa Flerida Vary Meza Meza Ramos, emiti\u00f3 un pronunciamiento denunciando la contaminaci\u00f3n del r\u00edo Coralaque. En el documento, se detallaba que, en tres ocasiones durante el a\u00f1o (10 de julio, 28 de agosto y 26 de noviembre), las aguas del r\u00edo cambiaron de color a tonalidades naranja-amarillentas, lo que indica la presencia de aguas \u00e1cidas provenientes de la minera Florencia Tucari, ubicada en la zona.<\/p>\n\n\n\n<figure class=\"wp-block-image size-large\"><img loading=\"lazy\" decoding=\"async\" width=\"766\" height=\"1024\" src=\"https:\/\/pulso27.com\/wp-content\/uploads\/2024\/12\/image-4-766x1024.png\" alt=\"\" class=\"wp-image-3008\" srcset=\"https:\/\/pulso27.com\/wp-content\/uploads\/2024\/12\/image-4-766x1024.png 766w, https:\/\/pulso27.com\/wp-content\/uploads\/2024\/12\/image-4-224x300.png 224w, https:\/\/pulso27.com\/wp-content\/uploads\/2024\/12\/image-4-768x1027.png 768w, https:\/\/pulso27.com\/wp-content\/uploads\/2024\/12\/image-4-1149x1536.png 1149w, https:\/\/pulso27.com\/wp-content\/uploads\/2024\/12\/image-4-9x12.png 9w, https:\/\/pulso27.com\/wp-content\/uploads\/2024\/12\/image-4.png 1532w\" sizes=\"auto, (max-width: 766px) 100vw, 766px\" \/><figcaption class=\"wp-element-caption\"><em>La sociedad civil organizada de General S\u00e1nchez Cerro convoca a paro indefinido<\/em><\/figcaption><\/figure>\n\n\n\n<p>La municipalidad acus\u00f3 al Ejecutivo de incumplir un compromiso adquirido en julio de este a\u00f1o para cerrar dicha mina, situaci\u00f3n que, seg\u00fan los pobladores, est\u00e1 afectando la biodiversidad y las actividades econ\u00f3micas de la regi\u00f3n, como la pesca, la agricultura y la ganader\u00eda. Adem\u00e1s, el 30 de noviembre, las autoridades locales expresaron su rechazo a las declaraciones del ministro de Desarrollo Agrario y Riego, \u00c1ngel Manero, quien sugiri\u00f3 que las aguas de la represa Yanapuquio ser\u00edan exclusivamente para el Valle de Tambo, afectando el acceso de Moquegua a este recurso h\u00eddrico.<\/p>\n\n\n\n<p>Las autoridades de la provincia General S\u00e1nchez Cerro han emitido una lista de demandas urgentes, que incluyen el cierre definitivo de la Unidad Minera Florencia Tucari, la asignaci\u00f3n de recursos para la remediaci\u00f3n ambiental de los r\u00edos Coralaque y Tambo, y la implementaci\u00f3n de un monitoreo continuo de la calidad del agua. Tambi\u00e9n exigen sanciones ejemplares para la empresa responsable de la contaminaci\u00f3n y un apoyo integral para las familias afectadas por esta crisis.<\/p>\n\n\n\n<p>La huelga ha contado con el respaldo de varios gremios de Moquegua, incluyendo sindicatos de construcci\u00f3n civil, que se han sumado a la protesta para exigir una soluci\u00f3n inmediata al problema. En declaraciones a la prensa, Grettel Callo Paye, presidenta del Frente de Defensa de Omate, asegur\u00f3 que la medida de protesta ser\u00e1 pac\u00edfica pero firme, y advirti\u00f3 que la huelga no se limitar\u00e1 a la provincia General S\u00e1nchez Cerro, sino que se extender\u00e1 a toda la regi\u00f3n.<br>\u00abMe atrevo a decir que ser\u00e1 un paro regional. La meta es que toda la regi\u00f3n se una en esta lucha por la salud y el bienestar de nuestros pueblos\u00bb, indic\u00f3 Callo Paye, haciendo un llamado a las autoridades locales y regionales a sumarse al paro.<\/p>\n\n\n\n<figure class=\"wp-block-image size-large\"><img loading=\"lazy\" decoding=\"async\" width=\"1024\" height=\"580\" src=\"https:\/\/pulso27.com\/wp-content\/uploads\/2024\/12\/image-3-1024x580.png\" alt=\"\" class=\"wp-image-3007\" srcset=\"https:\/\/pulso27.com\/wp-content\/uploads\/2024\/12\/image-3-1024x580.png 1024w, https:\/\/pulso27.com\/wp-content\/uploads\/2024\/12\/image-3-300x170.png 300w, https:\/\/pulso27.com\/wp-content\/uploads\/2024\/12\/image-3-768x435.png 768w, https:\/\/pulso27.com\/wp-content\/uploads\/2024\/12\/image-3-18x10.png 18w, https:\/\/pulso27.com\/wp-content\/uploads\/2024\/12\/image-3.png 1080w\" sizes=\"auto, (max-width: 1024px) 100vw, 1024px\" \/><figcaption class=\"wp-element-caption\"><em>Gobernadora regional de Moquegua brinda facilidades a trabajadores para que participen en paro regional indefinido<\/em><\/figcaption><\/figure>\n\n\n\n<p>En apoyo a la movilizaci\u00f3n, la gobernadora regional de Moquegua, Gilia Guti\u00e9rrez Ayala, anunci\u00f3 que los servidores p\u00fablicos de la regi\u00f3n y las municipalidades tendr\u00e1n \u00abamplias facilidades\u00bb para sumarse al paro. \u00abHemos tomado la decisi\u00f3n de dar el d\u00eda de ma\u00f1ana &#8216;amplias facilidades&#8217; a todos los trabajadores que quieran unirse a esta medida de fuerza\u00bb, manifest\u00f3 la gobernadora. Sin embargo, la medida ha generado debate sobre sus implicancias legales, ya que podr\u00eda generar problemas para los empleados que no asistan a sus labores.<\/p>\n\n\n\n<p>La situaci\u00f3n de los r\u00edos Coralaque y Tambo no es nueva para los habitantes de la regi\u00f3n, quienes han sufrido durante a\u00f1os las consecuencias de la contaminaci\u00f3n minera. En 2023, la Asociaci\u00f3n de Residentes del Anexo de Bellavista \u2013 San Crist\u00f3bal interpuso una acci\u00f3n de amparo ante el Poder Judicial, exigiendo a Aruntani SAC la limpieza de los r\u00edos y la remediaci\u00f3n de los da\u00f1os causados a la flora, fauna y las comunidades hidrobiol\u00f3gicas de la cuenca.<\/p>\n\n\n\n<p>El ministro de Energ\u00eda y Minas, R\u00f3mulo Mucho Mamani, quien visit\u00f3 la zona en julio de 2024, prometi\u00f3 un cierre inmediato de la mina y la aplicaci\u00f3n de sanciones penales. Sin embargo, hasta la fecha, estas promesas no se han cumplido, lo que ha intensificado la frustraci\u00f3n de la poblaci\u00f3n.<\/p>\n\n\n\n<figure class=\"wp-block-image size-large\"><img loading=\"lazy\" decoding=\"async\" width=\"1024\" height=\"768\" src=\"https:\/\/pulso27.com\/wp-content\/uploads\/2024\/12\/image-1-1024x768.png\" alt=\"\" class=\"wp-image-3005\" srcset=\"https:\/\/pulso27.com\/wp-content\/uploads\/2024\/12\/image-1-1024x768.png 1024w, https:\/\/pulso27.com\/wp-content\/uploads\/2024\/12\/image-1-300x225.png 300w, https:\/\/pulso27.com\/wp-content\/uploads\/2024\/12\/image-1-768x576.png 768w, https:\/\/pulso27.com\/wp-content\/uploads\/2024\/12\/image-1-16x12.png 16w, https:\/\/pulso27.com\/wp-content\/uploads\/2024\/12\/image-1.png 1080w\" sizes=\"auto, (max-width: 1024px) 100vw, 1024px\" \/><figcaption class=\"wp-element-caption\"><em>La contaminaci\u00f3n del r\u00edo Coralaque afecta la biodiversidad en toda la cuenca<\/em><\/figcaption><\/figure>\n\n\n\n<p>Con la protesta en marcha y las demandas de los pobladores a\u00fan sin respuesta clara, la situaci\u00f3n en Moquegua sigue siendo tensa. Los manifestantes bloquean la Panamericana Sur, exigiendo medidas urgentes por parte del gobierno central y una soluci\u00f3n definitiva a la contaminaci\u00f3n que amenaza la vida y el futuro de toda la regi\u00f3n. La huelga continuar\u00e1 mientras no se tomen acciones concretas para resolver el conflicto.<\/p>\n","protected":false},"excerpt":{"rendered":"<p>Los pobladores de la provincia General S\u00e1nchez Cerro en Moquegua iniciaron hoy un paro indefinido en protesta contra la contaminaci\u00f3n del r\u00edo Coralaque, atribuida a las operaciones de la Unidad Minera Florencia Tucari de la empresa Aruntani S.A.C. La medida fue convocada por la sociedad civil y respaldada por diversos gremios regionales, quienes exigen una [&hellip;]<\/p>\n","protected":false},"author":7,"featured_media":3003,"comment_status":"open","ping_status":"open","sticky":false,"template":"","format":"standard","meta":{"footnotes":""},"categories":[1847,810],"tags":[1930,578,1928,1929],"class_list":["post-3002","post","type-post","status-publish","format-standard","has-post-thumbnail","hentry","category-ambiente","category-regional","tag-contaminacionminera","tag-mineria","tag-moquegua","tag-paroindefinido"],"yoast_head":"<!-- This site is optimized with the Yoast SEO plugin v27.4 - https:\/\/yoast.com\/product\/yoast-seo-wordpress\/ -->\n<title>Paro regional en Moquegua: Exigen retiro de minera Aruntani y remediaci\u00f3n ambiental - Pulso27<\/title>\n<meta name=\"robots\" content=\"index, follow, max-snippet:-1, max-image-preview:large, max-video-preview:-1\" \/>\n<link rel=\"canonical\" href=\"https:\/\/pulso27.com\/es\/regional\/paro-regional-en-moquegua-exigen-retiro-de-minera-aruntani-y-remediacion-ambiental\/\" \/>\n<meta property=\"og:locale\" content=\"es_ES\" \/>\n<meta property=\"og:type\" content=\"article\" \/>\n<meta property=\"og:title\" content=\"Paro regional en Moquegua: Exigen retiro de minera Aruntani y remediaci\u00f3n ambiental - Pulso27\" \/>\n<meta property=\"og:description\" content=\"Los pobladores de la provincia General S\u00e1nchez Cerro en Moquegua iniciaron hoy un paro indefinido en protesta contra la contaminaci\u00f3n del r\u00edo Coralaque, atribuida a las operaciones de la Unidad Minera Florencia Tucari de la empresa Aruntani S.A.C. La medida fue convocada por la sociedad civil y respaldada por diversos gremios regionales, quienes exigen una [&hellip;]\" \/>\n<meta property=\"og:url\" content=\"https:\/\/pulso27.com\/es\/regional\/paro-regional-en-moquegua-exigen-retiro-de-minera-aruntani-y-remediacion-ambiental\/\" \/>\n<meta property=\"og:site_name\" content=\"Pulso27\" \/>\n<meta property=\"article:publisher\" content=\"https:\/\/www.facebook.com\/pulso27\/\" \/>\n<meta property=\"article:published_time\" content=\"2024-12-03T22:20:43+00:00\" \/>\n<meta property=\"article:modified_time\" content=\"2024-12-03T22:20:47+00:00\" \/>\n<meta property=\"og:image\" content=\"https:\/\/pulso27.com\/wp-content\/uploads\/2024\/12\/Coralaque.png\" \/>\n\t<meta property=\"og:image:width\" content=\"1200\" \/>\n\t<meta property=\"og:image:height\" content=\"675\" \/>\n\t<meta property=\"og:image:type\" content=\"image\/png\" \/>\n<meta name=\"author\" content=\"Tupaq\" \/>\n<meta name=\"twitter:card\" content=\"summary_large_image\" \/>\n<meta name=\"twitter:creator\" content=\"@Pulso_27\" \/>\n<meta name=\"twitter:site\" content=\"@Pulso_27\" \/>\n<meta name=\"twitter:label1\" content=\"Written by\" \/>\n\t<meta name=\"twitter:data1\" content=\"Tupaq\" \/>\n\t<meta name=\"twitter:label2\" content=\"Est. reading time\" \/>\n\t<meta name=\"twitter:data2\" content=\"5 minutos\" \/>\n<script type=\"application\/ld+json\" class=\"yoast-schema-graph\">{\"@context\":\"https:\\\/\\\/schema.org\",\"@graph\":[{\"@type\":\"Article\",\"@id\":\"https:\\\/\\\/pulso27.com\\\/regional\\\/paro-regional-en-moquegua-exigen-retiro-de-minera-aruntani-y-remediacion-ambiental\\\/#article\",\"isPartOf\":{\"@id\":\"https:\\\/\\\/pulso27.com\\\/regional\\\/paro-regional-en-moquegua-exigen-retiro-de-minera-aruntani-y-remediacion-ambiental\\\/\"},\"author\":{\"name\":\"Tupaq\",\"@id\":\"https:\\\/\\\/pulso27.com\\\/en\\\/#\\\/schema\\\/person\\\/d20fd7f5bc7f2e53fd150d43fca07a78\"},\"headline\":\"Paro regional en Moquegua: Exigen retiro de minera Aruntani y remediaci\u00f3n ambiental\",\"datePublished\":\"2024-12-03T22:20:43+00:00\",\"dateModified\":\"2024-12-03T22:20:47+00:00\",\"mainEntityOfPage\":{\"@id\":\"https:\\\/\\\/pulso27.com\\\/regional\\\/paro-regional-en-moquegua-exigen-retiro-de-minera-aruntani-y-remediacion-ambiental\\\/\"},\"wordCount\":846,\"commentCount\":0,\"publisher\":{\"@id\":\"https:\\\/\\\/pulso27.com\\\/en\\\/#organization\"},\"image\":{\"@id\":\"https:\\\/\\\/pulso27.com\\\/regional\\\/paro-regional-en-moquegua-exigen-retiro-de-minera-aruntani-y-remediacion-ambiental\\\/#primaryimage\"},\"thumbnailUrl\":\"https:\\\/\\\/pulso27.com\\\/wp-content\\\/uploads\\\/2024\\\/12\\\/Coralaque.png\",\"keywords\":[\"Contaminaci\u00f3nMinera\",\"Miner\u00eda\",\"Moquegua\",\"ParoIndefinido\"],\"articleSection\":[\"Ambiente\",\"Regional\"],\"inLanguage\":\"es-PE\",\"potentialAction\":[{\"@type\":\"CommentAction\",\"name\":\"Comment\",\"target\":[\"https:\\\/\\\/pulso27.com\\\/regional\\\/paro-regional-en-moquegua-exigen-retiro-de-minera-aruntani-y-remediacion-ambiental\\\/#respond\"]}]},{\"@type\":\"WebPage\",\"@id\":\"https:\\\/\\\/pulso27.com\\\/regional\\\/paro-regional-en-moquegua-exigen-retiro-de-minera-aruntani-y-remediacion-ambiental\\\/\",\"url\":\"https:\\\/\\\/pulso27.com\\\/regional\\\/paro-regional-en-moquegua-exigen-retiro-de-minera-aruntani-y-remediacion-ambiental\\\/\",\"name\":\"Paro regional en Moquegua: Exigen retiro de minera Aruntani y remediaci\u00f3n ambiental - Pulso27\",\"isPartOf\":{\"@id\":\"https:\\\/\\\/pulso27.com\\\/en\\\/#website\"},\"primaryImageOfPage\":{\"@id\":\"https:\\\/\\\/pulso27.com\\\/regional\\\/paro-regional-en-moquegua-exigen-retiro-de-minera-aruntani-y-remediacion-ambiental\\\/#primaryimage\"},\"image\":{\"@id\":\"https:\\\/\\\/pulso27.com\\\/regional\\\/paro-regional-en-moquegua-exigen-retiro-de-minera-aruntani-y-remediacion-ambiental\\\/#primaryimage\"},\"thumbnailUrl\":\"https:\\\/\\\/pulso27.com\\\/wp-content\\\/uploads\\\/2024\\\/12\\\/Coralaque.png\",\"datePublished\":\"2024-12-03T22:20:43+00:00\",\"dateModified\":\"2024-12-03T22:20:47+00:00\",\"breadcrumb\":{\"@id\":\"https:\\\/\\\/pulso27.com\\\/regional\\\/paro-regional-en-moquegua-exigen-retiro-de-minera-aruntani-y-remediacion-ambiental\\\/#breadcrumb\"},\"inLanguage\":\"es-PE\",\"potentialAction\":[{\"@type\":\"ReadAction\",\"target\":[\"https:\\\/\\\/pulso27.com\\\/regional\\\/paro-regional-en-moquegua-exigen-retiro-de-minera-aruntani-y-remediacion-ambiental\\\/\"]}]},{\"@type\":\"ImageObject\",\"inLanguage\":\"es-PE\",\"@id\":\"https:\\\/\\\/pulso27.com\\\/regional\\\/paro-regional-en-moquegua-exigen-retiro-de-minera-aruntani-y-remediacion-ambiental\\\/#primaryimage\",\"url\":\"https:\\\/\\\/pulso27.com\\\/wp-content\\\/uploads\\\/2024\\\/12\\\/Coralaque.png\",\"contentUrl\":\"https:\\\/\\\/pulso27.com\\\/wp-content\\\/uploads\\\/2024\\\/12\\\/Coralaque.png\",\"width\":1200,\"height\":675},{\"@type\":\"BreadcrumbList\",\"@id\":\"https:\\\/\\\/pulso27.com\\\/regional\\\/paro-regional-en-moquegua-exigen-retiro-de-minera-aruntani-y-remediacion-ambiental\\\/#breadcrumb\",\"itemListElement\":[{\"@type\":\"ListItem\",\"position\":1,\"name\":\"Portada\",\"item\":\"https:\\\/\\\/pulso27.com\\\/\"},{\"@type\":\"ListItem\",\"position\":2,\"name\":\"Paro regional en Moquegua: Exigen retiro de minera Aruntani y remediaci\u00f3n ambiental\"}]},{\"@type\":\"WebSite\",\"@id\":\"https:\\\/\\\/pulso27.com\\\/en\\\/#website\",\"url\":\"https:\\\/\\\/pulso27.com\\\/en\\\/\",\"name\":\"Pulso27\",\"description\":\"Web de noticias y publicidad\",\"publisher\":{\"@id\":\"https:\\\/\\\/pulso27.com\\\/en\\\/#organization\"},\"alternateName\":\"El pulso del pueblo\",\"potentialAction\":[{\"@type\":\"SearchAction\",\"target\":{\"@type\":\"EntryPoint\",\"urlTemplate\":\"https:\\\/\\\/pulso27.com\\\/en\\\/?s={search_term_string}\"},\"query-input\":{\"@type\":\"PropertyValueSpecification\",\"valueRequired\":true,\"valueName\":\"search_term_string\"}}],\"inLanguage\":\"es-PE\"},{\"@type\":\"Organization\",\"@id\":\"https:\\\/\\\/pulso27.com\\\/en\\\/#organization\",\"name\":\"Pulso27\",\"url\":\"https:\\\/\\\/pulso27.com\\\/en\\\/\",\"logo\":{\"@type\":\"ImageObject\",\"inLanguage\":\"es-PE\",\"@id\":\"https:\\\/\\\/pulso27.com\\\/en\\\/#\\\/schema\\\/logo\\\/image\\\/\",\"url\":\"https:\\\/\\\/pulso27.com\\\/wp-content\\\/uploads\\\/2026\\\/02\\\/Logotipo-de-la-organizacion-696-x-696-px-ok.png\",\"contentUrl\":\"https:\\\/\\\/pulso27.com\\\/wp-content\\\/uploads\\\/2026\\\/02\\\/Logotipo-de-la-organizacion-696-x-696-px-ok.png\",\"width\":696,\"height\":696,\"caption\":\"Pulso27\"},\"image\":{\"@id\":\"https:\\\/\\\/pulso27.com\\\/en\\\/#\\\/schema\\\/logo\\\/image\\\/\"},\"sameAs\":[\"https:\\\/\\\/www.facebook.com\\\/pulso27\\\/\",\"https:\\\/\\\/x.com\\\/Pulso_27\",\"https:\\\/\\\/www.youtube.com\\\/@Pulso27\",\"https:\\\/\\\/www.tiktok.com\\\/@pulso_27\"]},{\"@type\":\"Person\",\"@id\":\"https:\\\/\\\/pulso27.com\\\/en\\\/#\\\/schema\\\/person\\\/d20fd7f5bc7f2e53fd150d43fca07a78\",\"name\":\"Tupaq\",\"image\":{\"@type\":\"ImageObject\",\"inLanguage\":\"es-PE\",\"@id\":\"https:\\\/\\\/secure.gravatar.com\\\/avatar\\\/7929e9b034aeea560319a601e4f04c59eb5f45a79eafe192adabb67e9604e7e7?s=96&d=mm&r=g\",\"url\":\"https:\\\/\\\/secure.gravatar.com\\\/avatar\\\/7929e9b034aeea560319a601e4f04c59eb5f45a79eafe192adabb67e9604e7e7?s=96&d=mm&r=g\",\"contentUrl\":\"https:\\\/\\\/secure.gravatar.com\\\/avatar\\\/7929e9b034aeea560319a601e4f04c59eb5f45a79eafe192adabb67e9604e7e7?s=96&d=mm&r=g\",\"caption\":\"Tupaq\"},\"url\":\"https:\\\/\\\/pulso27.com\\\/es\\\/author\\\/tupaq\\\/\"}]}<\/script>\n<!-- \/ Yoast SEO plugin. -->","yoast_head_json":{"title":"Paro regional en Moquegua: Exigen retiro de minera Aruntani y remediaci\u00f3n ambiental - Pulso27","robots":{"index":"index","follow":"follow","max-snippet":"max-snippet:-1","max-image-preview":"max-image-preview:large","max-video-preview":"max-video-preview:-1"},"canonical":"https:\/\/pulso27.com\/es\/regional\/paro-regional-en-moquegua-exigen-retiro-de-minera-aruntani-y-remediacion-ambiental\/","og_locale":"es_ES","og_type":"article","og_title":"Paro regional en Moquegua: Exigen retiro de minera Aruntani y remediaci\u00f3n ambiental - Pulso27","og_description":"Los pobladores de la provincia General S\u00e1nchez Cerro en Moquegua iniciaron hoy un paro indefinido en protesta contra la contaminaci\u00f3n del r\u00edo Coralaque, atribuida a las operaciones de la Unidad Minera Florencia Tucari de la empresa Aruntani S.A.C. La medida fue convocada por la sociedad civil y respaldada por diversos gremios regionales, quienes exigen una [&hellip;]","og_url":"https:\/\/pulso27.com\/es\/regional\/paro-regional-en-moquegua-exigen-retiro-de-minera-aruntani-y-remediacion-ambiental\/","og_site_name":"Pulso27","article_publisher":"https:\/\/www.facebook.com\/pulso27\/","article_published_time":"2024-12-03T22:20:43+00:00","article_modified_time":"2024-12-03T22:20:47+00:00","og_image":[{"width":1200,"height":675,"url":"https:\/\/pulso27.com\/wp-content\/uploads\/2024\/12\/Coralaque.png","type":"image\/png"}],"author":"Tupaq","twitter_card":"summary_large_image","twitter_creator":"@Pulso_27","twitter_site":"@Pulso_27","twitter_misc":{"Written by":"Tupaq","Est. reading time":"5 minutos"},"schema":{"@context":"https:\/\/schema.org","@graph":[{"@type":"Article","@id":"https:\/\/pulso27.com\/regional\/paro-regional-en-moquegua-exigen-retiro-de-minera-aruntani-y-remediacion-ambiental\/#article","isPartOf":{"@id":"https:\/\/pulso27.com\/regional\/paro-regional-en-moquegua-exigen-retiro-de-minera-aruntani-y-remediacion-ambiental\/"},"author":{"name":"Tupaq","@id":"https:\/\/pulso27.com\/en\/#\/schema\/person\/d20fd7f5bc7f2e53fd150d43fca07a78"},"headline":"Paro regional en Moquegua: Exigen retiro de minera Aruntani y remediaci\u00f3n ambiental","datePublished":"2024-12-03T22:20:43+00:00","dateModified":"2024-12-03T22:20:47+00:00","mainEntityOfPage":{"@id":"https:\/\/pulso27.com\/regional\/paro-regional-en-moquegua-exigen-retiro-de-minera-aruntani-y-remediacion-ambiental\/"},"wordCount":846,"commentCount":0,"publisher":{"@id":"https:\/\/pulso27.com\/en\/#organization"},"image":{"@id":"https:\/\/pulso27.com\/regional\/paro-regional-en-moquegua-exigen-retiro-de-minera-aruntani-y-remediacion-ambiental\/#primaryimage"},"thumbnailUrl":"https:\/\/pulso27.com\/wp-content\/uploads\/2024\/12\/Coralaque.png","keywords":["Contaminaci\u00f3nMinera","Miner\u00eda","Moquegua","ParoIndefinido"],"articleSection":["Ambiente","Regional"],"inLanguage":"es-PE","potentialAction":[{"@type":"CommentAction","name":"Comment","target":["https:\/\/pulso27.com\/regional\/paro-regional-en-moquegua-exigen-retiro-de-minera-aruntani-y-remediacion-ambiental\/#respond"]}]},{"@type":"WebPage","@id":"https:\/\/pulso27.com\/regional\/paro-regional-en-moquegua-exigen-retiro-de-minera-aruntani-y-remediacion-ambiental\/","url":"https:\/\/pulso27.com\/regional\/paro-regional-en-moquegua-exigen-retiro-de-minera-aruntani-y-remediacion-ambiental\/","name":"Paro regional en Moquegua: Exigen retiro de minera Aruntani y remediaci\u00f3n ambiental - Pulso27","isPartOf":{"@id":"https:\/\/pulso27.com\/en\/#website"},"primaryImageOfPage":{"@id":"https:\/\/pulso27.com\/regional\/paro-regional-en-moquegua-exigen-retiro-de-minera-aruntani-y-remediacion-ambiental\/#primaryimage"},"image":{"@id":"https:\/\/pulso27.com\/regional\/paro-regional-en-moquegua-exigen-retiro-de-minera-aruntani-y-remediacion-ambiental\/#primaryimage"},"thumbnailUrl":"https:\/\/pulso27.com\/wp-content\/uploads\/2024\/12\/Coralaque.png","datePublished":"2024-12-03T22:20:43+00:00","dateModified":"2024-12-03T22:20:47+00:00","breadcrumb":{"@id":"https:\/\/pulso27.com\/regional\/paro-regional-en-moquegua-exigen-retiro-de-minera-aruntani-y-remediacion-ambiental\/#breadcrumb"},"inLanguage":"es-PE","potentialAction":[{"@type":"ReadAction","target":["https:\/\/pulso27.com\/regional\/paro-regional-en-moquegua-exigen-retiro-de-minera-aruntani-y-remediacion-ambiental\/"]}]},{"@type":"ImageObject","inLanguage":"es-PE","@id":"https:\/\/pulso27.com\/regional\/paro-regional-en-moquegua-exigen-retiro-de-minera-aruntani-y-remediacion-ambiental\/#primaryimage","url":"https:\/\/pulso27.com\/wp-content\/uploads\/2024\/12\/Coralaque.png","contentUrl":"https:\/\/pulso27.com\/wp-content\/uploads\/2024\/12\/Coralaque.png","width":1200,"height":675},{"@type":"BreadcrumbList","@id":"https:\/\/pulso27.com\/regional\/paro-regional-en-moquegua-exigen-retiro-de-minera-aruntani-y-remediacion-ambiental\/#breadcrumb","itemListElement":[{"@type":"ListItem","position":1,"name":"Portada","item":"https:\/\/pulso27.com\/"},{"@type":"ListItem","position":2,"name":"Paro regional en Moquegua: Exigen retiro de minera Aruntani y remediaci\u00f3n ambiental"}]},{"@type":"WebSite","@id":"https:\/\/pulso27.com\/en\/#website","url":"https:\/\/pulso27.com\/en\/","name":"Pulso27","description":"Web de noticias y publicidad","publisher":{"@id":"https:\/\/pulso27.com\/en\/#organization"},"alternateName":"El pulso del pueblo","potentialAction":[{"@type":"SearchAction","target":{"@type":"EntryPoint","urlTemplate":"https:\/\/pulso27.com\/en\/?s={search_term_string}"},"query-input":{"@type":"PropertyValueSpecification","valueRequired":true,"valueName":"search_term_string"}}],"inLanguage":"es-PE"},{"@type":"Organization","@id":"https:\/\/pulso27.com\/en\/#organization","name":"Pulso27","url":"https:\/\/pulso27.com\/en\/","logo":{"@type":"ImageObject","inLanguage":"es-PE","@id":"https:\/\/pulso27.com\/en\/#\/schema\/logo\/image\/","url":"https:\/\/pulso27.com\/wp-content\/uploads\/2026\/02\/Logotipo-de-la-organizacion-696-x-696-px-ok.png","contentUrl":"https:\/\/pulso27.com\/wp-content\/uploads\/2026\/02\/Logotipo-de-la-organizacion-696-x-696-px-ok.png","width":696,"height":696,"caption":"Pulso27"},"image":{"@id":"https:\/\/pulso27.com\/en\/#\/schema\/logo\/image\/"},"sameAs":["https:\/\/www.facebook.com\/pulso27\/","https:\/\/x.com\/Pulso_27","https:\/\/www.youtube.com\/@Pulso27","https:\/\/www.tiktok.com\/@pulso_27"]},{"@type":"Person","@id":"https:\/\/pulso27.com\/en\/#\/schema\/person\/d20fd7f5bc7f2e53fd150d43fca07a78","name":"Tupaq","image":{"@type":"ImageObject","inLanguage":"es-PE","@id":"https:\/\/secure.gravatar.com\/avatar\/7929e9b034aeea560319a601e4f04c59eb5f45a79eafe192adabb67e9604e7e7?s=96&d=mm&r=g","url":"https:\/\/secure.gravatar.com\/avatar\/7929e9b034aeea560319a601e4f04c59eb5f45a79eafe192adabb67e9604e7e7?s=96&d=mm&r=g","contentUrl":"https:\/\/secure.gravatar.com\/avatar\/7929e9b034aeea560319a601e4f04c59eb5f45a79eafe192adabb67e9604e7e7?s=96&d=mm&r=g","caption":"Tupaq"},"url":"https:\/\/pulso27.com\/es\/author\/tupaq\/"}]}},"amp_enabled":true,"_links":{"self":[{"href":"https:\/\/pulso27.com\/es\/wp-json\/wp\/v2\/posts\/3002","targetHints":{"allow":["GET"]}}],"collection":[{"href":"https:\/\/pulso27.com\/es\/wp-json\/wp\/v2\/posts"}],"about":[{"href":"https:\/\/pulso27.com\/es\/wp-json\/wp\/v2\/types\/post"}],"author":[{"embeddable":true,"href":"https:\/\/pulso27.com\/es\/wp-json\/wp\/v2\/users\/7"}],"replies":[{"embeddable":true,"href":"https:\/\/pulso27.com\/es\/wp-json\/wp\/v2\/comments?post=3002"}],"version-history":[{"count":1,"href":"https:\/\/pulso27.com\/es\/wp-json\/wp\/v2\/posts\/3002\/revisions"}],"predecessor-version":[{"id":3009,"href":"https:\/\/pulso27.com\/es\/wp-json\/wp\/v2\/posts\/3002\/revisions\/3009"}],"wp:featuredmedia":[{"embeddable":true,"href":"https:\/\/pulso27.com\/es\/wp-json\/wp\/v2\/media\/3003"}],"wp:attachment":[{"href":"https:\/\/pulso27.com\/es\/wp-json\/wp\/v2\/media?parent=3002"}],"wp:term":[{"taxonomy":"category","embeddable":true,"href":"https:\/\/pulso27.com\/es\/wp-json\/wp\/v2\/categories?post=3002"},{"taxonomy":"post_tag","embeddable":true,"href":"https:\/\/pulso27.com\/es\/wp-json\/wp\/v2\/tags?post=3002"}],"curies":[{"name":"wp","href":"https:\/\/api.w.org\/{rel}","templated":true}]}}