{"id":3056,"date":"2024-12-08T11:37:29","date_gmt":"2024-12-08T06:37:29","guid":{"rendered":"https:\/\/pulso27.com\/?p=3056"},"modified":"2024-12-08T11:37:33","modified_gmt":"2024-12-08T06:37:33","slug":"congresistas-rinden-homenaje-por-el-bicentenario-de-la-batalla-de-ayacucho-que-sello-la-independencia-del-peru-y-america","status":"publish","type":"post","link":"https:\/\/pulso27.com\/es\/regional\/congresistas-rinden-homenaje-por-el-bicentenario-de-la-batalla-de-ayacucho-que-sello-la-independencia-del-peru-y-america\/","title":{"rendered":"Congresistas rinden homenaje por el bicentenario de la Batalla de Ayacucho que sell\u00f3 la independencia del Per\u00fa y Am\u00e9rica"},"content":{"rendered":"\n<p>En una emotiva romer\u00eda que uni\u00f3 a congresistas de diversas regiones del pa\u00eds, se conmemor\u00f3 el bicentenario de la hist\u00f3rica Batalla de Ayacucho, victoria clave que consolid\u00f3 la independencia del Per\u00fa y Sudam\u00e9rica. La actividad, promovida por la congresista Margot Palacios Huam\u00e1n, rindi\u00f3 homenaje a los valientes combatientes que lucharon en la emblem\u00e1tica Pampa de Ayacucho, un acto de memoria y reconocimiento a los h\u00e9roes de la patria por la independencia del Per\u00fa y Latinoam\u00e9rica.<\/p>\n\n\n\n<figure class=\"wp-block-image size-large\"><img loading=\"lazy\" decoding=\"async\" width=\"1024\" height=\"683\" src=\"https:\/\/pulso27.com\/wp-content\/uploads\/2024\/12\/image-21-1024x683.png\" alt=\"\" class=\"wp-image-3063\" srcset=\"https:\/\/pulso27.com\/wp-content\/uploads\/2024\/12\/image-21-1024x683.png 1024w, https:\/\/pulso27.com\/wp-content\/uploads\/2024\/12\/image-21-300x200.png 300w, https:\/\/pulso27.com\/wp-content\/uploads\/2024\/12\/image-21-768x512.png 768w, https:\/\/pulso27.com\/wp-content\/uploads\/2024\/12\/image-21-1536x1025.png 1536w, https:\/\/pulso27.com\/wp-content\/uploads\/2024\/12\/image-21-18x12.png 18w, https:\/\/pulso27.com\/wp-content\/uploads\/2024\/12\/image-21.png 2048w\" sizes=\"auto, (max-width: 1024px) 100vw, 1024px\" \/><figcaption class=\"wp-element-caption\"><em>La congresista Margot Palacios promovi\u00f3 el acto de memoria y reconocimiento a los h\u00e9roes de la patria por la independencia del Per\u00fa y Latinoam\u00e9rica<\/em><\/figcaption><\/figure>\n\n\n\n<p>La romer\u00eda, que tuvo lugar en el coraz\u00f3n de la regi\u00f3n ayacuchana, cont\u00f3 con la participaci\u00f3n de destacados representantes del Congreso de la Rep\u00fablica. Entre ellos, los congresistas por Moquegua, V\u00edctor Cutipa, Jorge Samuel Coayla; Hamlet Echevarr\u00eda, por Cajamarca; El\u00edas Varas, por Ancash; Pasi\u00f3n D\u00e1vila, por Pasco; y, Germ\u00e1n Tacuri, representante de Ayacucho. Juntos, con profundo respeto, rindieron tributo a los hombres y mujeres que, con sacrificio y valent\u00eda, lucharon por la libertad del Per\u00fa.<\/p>\n\n\n\n<figure class=\"wp-block-image size-large\"><img loading=\"lazy\" decoding=\"async\" width=\"1024\" height=\"683\" src=\"https:\/\/pulso27.com\/wp-content\/uploads\/2024\/12\/image-16-1024x683.png\" alt=\"\" class=\"wp-image-3058\" srcset=\"https:\/\/pulso27.com\/wp-content\/uploads\/2024\/12\/image-16-1024x683.png 1024w, https:\/\/pulso27.com\/wp-content\/uploads\/2024\/12\/image-16-300x200.png 300w, https:\/\/pulso27.com\/wp-content\/uploads\/2024\/12\/image-16-768x512.png 768w, https:\/\/pulso27.com\/wp-content\/uploads\/2024\/12\/image-16-1536x1025.png 1536w, https:\/\/pulso27.com\/wp-content\/uploads\/2024\/12\/image-16-18x12.png 18w, https:\/\/pulso27.com\/wp-content\/uploads\/2024\/12\/image-16.png 2048w\" sizes=\"auto, (max-width: 1024px) 100vw, 1024px\" \/><figcaption class=\"wp-element-caption\"><em>Congresista <a href=\"https:\/\/www.facebook.com\/hamletecheverria72?__tn__=-UC*F\">Hamlet Echeverr\u00eda Rodr\u00edguez<\/a> en la Pampa de Quinua de Ayacucho<\/em><\/figcaption><\/figure>\n\n\n\n<p>La ceremonia, cargada de simbolismo, tuvo lugar en la hist\u00f3rica Pampa de la Quinua, escenario donde se libr\u00f3 la batalla decisiva que marc\u00f3 el fin del dominio colonial en el Per\u00fa. La congresista Palacios expres\u00f3 con emoci\u00f3n: \u201cHoy estamos aqu\u00ed para rendir homenaje a los valientes que, con su sangre y coraje, nos dieron la libertad. En este bicentenario, reafirmamos nuestro compromiso de preservar esta memoria hist\u00f3rica para las futuras generaciones\u201d.<\/p>\n\n\n\n<figure class=\"wp-block-image size-large\"><img loading=\"lazy\" decoding=\"async\" width=\"1024\" height=\"683\" src=\"https:\/\/pulso27.com\/wp-content\/uploads\/2024\/12\/image-19-1024x683.png\" alt=\"\" class=\"wp-image-3061\" srcset=\"https:\/\/pulso27.com\/wp-content\/uploads\/2024\/12\/image-19-1024x683.png 1024w, https:\/\/pulso27.com\/wp-content\/uploads\/2024\/12\/image-19-300x200.png 300w, https:\/\/pulso27.com\/wp-content\/uploads\/2024\/12\/image-19-768x512.png 768w, https:\/\/pulso27.com\/wp-content\/uploads\/2024\/12\/image-19-1536x1025.png 1536w, https:\/\/pulso27.com\/wp-content\/uploads\/2024\/12\/image-19-18x12.png 18w, https:\/\/pulso27.com\/wp-content\/uploads\/2024\/12\/image-19.png 2048w\" sizes=\"auto, (max-width: 1024px) 100vw, 1024px\" \/><figcaption class=\"wp-element-caption\"><em>Congresista Germ\u00e1n Tacuri durante el homenaje en la Pampa de la Quinua de Ayacucho<\/em><\/figcaption><\/figure>\n\n\n\n<p>El congresista Germ\u00e1n Tacuri, impulsor de la ley que declara el 9 de diciembre como feriado nacional, destac\u00f3 la importancia de recordar a los h\u00e9roes de la independencia. \u201cEste acto no solo es un homenaje, sino tambi\u00e9n un recordatorio de la unidad que necesitamos como naci\u00f3n. Como parte de mi compromiso, hemos trabajado por proyectos que fomentan el turismo y el deporte, como los Juegos Bolivarianos Ayacucho 2024, para que el legado de la Batalla de Ayacucho se mantenga vivo\u201d, dijo Tacuri.<\/p>\n\n\n\n<figure class=\"wp-block-image size-large\"><img loading=\"lazy\" decoding=\"async\" width=\"1024\" height=\"768\" src=\"https:\/\/pulso27.com\/wp-content\/uploads\/2024\/12\/image-24-1024x768.png\" alt=\"\" class=\"wp-image-3066\" srcset=\"https:\/\/pulso27.com\/wp-content\/uploads\/2024\/12\/image-24-1024x768.png 1024w, https:\/\/pulso27.com\/wp-content\/uploads\/2024\/12\/image-24-300x225.png 300w, https:\/\/pulso27.com\/wp-content\/uploads\/2024\/12\/image-24-768x576.png 768w, https:\/\/pulso27.com\/wp-content\/uploads\/2024\/12\/image-24-1536x1152.png 1536w, https:\/\/pulso27.com\/wp-content\/uploads\/2024\/12\/image-24-16x12.png 16w, https:\/\/pulso27.com\/wp-content\/uploads\/2024\/12\/image-24.png 2048w\" sizes=\"auto, (max-width: 1024px) 100vw, 1024px\" \/><figcaption class=\"wp-element-caption\"><em>Las expresiones culturales milenarias no pudieron hacer falta durante el homenaje<\/em><\/figcaption><\/figure>\n\n\n\n<p>Por su parte, el congresista El\u00edas Varas, quien tambi\u00e9n particip\u00f3 de la ceremonia, enfatiz\u00f3 la trascendencia de este hecho hist\u00f3rico. \u201cHoy, recordamos a los h\u00e9roes que, con su valent\u00eda, nos entregaron un Per\u00fa libre. Este bicentenario es un tributo a su amor por la patria\u201d, expres\u00f3.<\/p>\n\n\n\n<p>Adem\u00e1s, Hamlet Echevarr\u00eda, agradeci\u00f3 la invitaci\u00f3n y salud\u00f3 la participaci\u00f3n de la Polic\u00eda Nacional del Per\u00fa y el Ej\u00e9rcito del Per\u00fa, quienes tambi\u00e9n fueron homenajeados por su servicio a la naci\u00f3n. \u201cEs un honor estar aqu\u00ed, en este acto de unidad y gratitud, junto a todos los presentes, celebrando 200 a\u00f1os de independencia y la libertad que nos legaron nuestros antepasados\u201d, concluy\u00f3 Echevarr\u00eda.<\/p>\n\n\n\n<figure class=\"wp-block-image size-large\"><img loading=\"lazy\" decoding=\"async\" width=\"1024\" height=\"683\" src=\"https:\/\/pulso27.com\/wp-content\/uploads\/2024\/12\/image-23-1024x683.png\" alt=\"\" class=\"wp-image-3065\" srcset=\"https:\/\/pulso27.com\/wp-content\/uploads\/2024\/12\/image-23-1024x683.png 1024w, https:\/\/pulso27.com\/wp-content\/uploads\/2024\/12\/image-23-300x200.png 300w, https:\/\/pulso27.com\/wp-content\/uploads\/2024\/12\/image-23-768x512.png 768w, https:\/\/pulso27.com\/wp-content\/uploads\/2024\/12\/image-23-1536x1025.png 1536w, https:\/\/pulso27.com\/wp-content\/uploads\/2024\/12\/image-23-18x12.png 18w, https:\/\/pulso27.com\/wp-content\/uploads\/2024\/12\/image-23.png 2048w\" sizes=\"auto, (max-width: 1024px) 100vw, 1024px\" \/><figcaption class=\"wp-element-caption\"><em>El congresista moqueguano V\u00edctor Cutipa presente en Pampa de Quinua de Ayacucho<\/em><\/figcaption><\/figure>\n\n\n\n<p>Por su parte, el parlamentario moqueguano V\u00edctor Cutipa, manifest\u00f3 que \u00abEste acto rinde homenaje a los h\u00e9roes que forjaron nuestra independencia y marca el inicio de las celebraciones por los 200 a\u00f1os de la Batalla de Ayacucho.\u00bb<\/p>\n\n\n\n<p>La romer\u00eda no solo fue un acto simb\u00f3lico de recuerdo, sino tambi\u00e9n un llamado a la reflexi\u00f3n sobre la importancia de la unidad y el compromiso con los ideales de independencia, justicia y libertad que marcaron la historia del Per\u00fa. Este 9 de diciembre, conmemorar la Batalla de Ayacucho se convirti\u00f3 en un acto de unidad nacional, un recordatorio de los sacrificios de quienes lucharon por la libertad, y una invitaci\u00f3n a seguir construyendo un pa\u00eds m\u00e1s justo y pr\u00f3spero para todos.<\/p>\n\n\n\n<figure class=\"wp-block-image size-large\"><img loading=\"lazy\" decoding=\"async\" width=\"1024\" height=\"683\" src=\"https:\/\/pulso27.com\/wp-content\/uploads\/2024\/12\/image-18-1024x683.png\" alt=\"\" class=\"wp-image-3060\" srcset=\"https:\/\/pulso27.com\/wp-content\/uploads\/2024\/12\/image-18-1024x683.png 1024w, https:\/\/pulso27.com\/wp-content\/uploads\/2024\/12\/image-18-300x200.png 300w, https:\/\/pulso27.com\/wp-content\/uploads\/2024\/12\/image-18-768x512.png 768w, https:\/\/pulso27.com\/wp-content\/uploads\/2024\/12\/image-18-1536x1025.png 1536w, https:\/\/pulso27.com\/wp-content\/uploads\/2024\/12\/image-18-18x12.png 18w, https:\/\/pulso27.com\/wp-content\/uploads\/2024\/12\/image-18.png 2048w\" sizes=\"auto, (max-width: 1024px) 100vw, 1024px\" \/><figcaption class=\"wp-element-caption\"><em>Las ofrendas florares de los siete congresistas participantes del homenaje<\/em><\/figcaption><\/figure>\n","protected":false},"excerpt":{"rendered":"<p>En una emotiva romer\u00eda que uni\u00f3 a congresistas de diversas regiones del pa\u00eds, se conmemor\u00f3 el bicentenario de la hist\u00f3rica Batalla de Ayacucho, victoria clave que consolid\u00f3 la independencia del Per\u00fa y Sudam\u00e9rica. La actividad, promovida por la congresista Margot Palacios Huam\u00e1n, rindi\u00f3 homenaje a los valientes combatientes que lucharon en la emblem\u00e1tica Pampa de [&hellip;]<\/p>\n","protected":false},"author":13,"featured_media":3057,"comment_status":"open","ping_status":"open","sticky":false,"template":"","format":"standard","meta":{"footnotes":""},"categories":[183,180,810],"tags":[1937,1938,1939],"class_list":["post-3056","post","type-post","status-publish","format-standard","has-post-thumbnail","hentry","category-actualidad","category-politica","category-regional","tag-9dediciembre","tag-batalladeayacucho","tag-bicentenariodelperu"],"yoast_head":"<!-- This site is optimized with the Yoast SEO plugin v27.4 - https:\/\/yoast.com\/product\/yoast-seo-wordpress\/ -->\n<title>Congresistas rinden homenaje por el bicentenario de la Batalla de Ayacucho que sell\u00f3 la independencia del Per\u00fa y Am\u00e9rica - Pulso27<\/title>\n<meta name=\"robots\" content=\"index, follow, max-snippet:-1, max-image-preview:large, max-video-preview:-1\" \/>\n<link rel=\"canonical\" href=\"https:\/\/pulso27.com\/es\/actualidad\/politica\/congresistas-rinden-homenaje-por-el-bicentenario-de-la-batalla-de-ayacucho-que-sello-la-independencia-del-peru-y-america\/\" \/>\n<meta property=\"og:locale\" content=\"es_ES\" \/>\n<meta property=\"og:type\" content=\"article\" \/>\n<meta property=\"og:title\" content=\"Congresistas rinden homenaje por el bicentenario de la Batalla de Ayacucho que sell\u00f3 la independencia del Per\u00fa y Am\u00e9rica - Pulso27\" \/>\n<meta property=\"og:description\" content=\"En una emotiva romer\u00eda que uni\u00f3 a congresistas de diversas regiones del pa\u00eds, se conmemor\u00f3 el bicentenario de la hist\u00f3rica Batalla de Ayacucho, victoria clave que consolid\u00f3 la independencia del Per\u00fa y Sudam\u00e9rica. La actividad, promovida por la congresista Margot Palacios Huam\u00e1n, rindi\u00f3 homenaje a los valientes combatientes que lucharon en la emblem\u00e1tica Pampa de [&hellip;]\" \/>\n<meta property=\"og:url\" content=\"https:\/\/pulso27.com\/es\/actualidad\/politica\/congresistas-rinden-homenaje-por-el-bicentenario-de-la-batalla-de-ayacucho-que-sello-la-independencia-del-peru-y-america\/\" \/>\n<meta property=\"og:site_name\" content=\"Pulso27\" \/>\n<meta property=\"article:publisher\" content=\"https:\/\/www.facebook.com\/pulso27\/\" \/>\n<meta property=\"article:published_time\" content=\"2024-12-08T06:37:29+00:00\" \/>\n<meta property=\"article:modified_time\" content=\"2024-12-08T06:37:33+00:00\" \/>\n<meta property=\"og:image\" content=\"https:\/\/pulso27.com\/wp-content\/uploads\/2024\/12\/RomeriaAyac.png\" \/>\n\t<meta property=\"og:image:width\" content=\"1200\" \/>\n\t<meta property=\"og:image:height\" content=\"675\" \/>\n\t<meta property=\"og:image:type\" content=\"image\/png\" \/>\n<meta name=\"author\" content=\"Redactor\" \/>\n<meta name=\"twitter:card\" content=\"summary_large_image\" \/>\n<meta name=\"twitter:creator\" content=\"@Pulso_27\" \/>\n<meta name=\"twitter:site\" content=\"@Pulso_27\" \/>\n<meta name=\"twitter:label1\" content=\"Written by\" \/>\n\t<meta name=\"twitter:data1\" content=\"Redactor\" \/>\n\t<meta name=\"twitter:label2\" content=\"Est. reading time\" \/>\n\t<meta name=\"twitter:data2\" content=\"5 minutos\" \/>\n<script type=\"application\/ld+json\" class=\"yoast-schema-graph\">{\"@context\":\"https:\\\/\\\/schema.org\",\"@graph\":[{\"@type\":\"Article\",\"@id\":\"https:\\\/\\\/pulso27.com\\\/actualidad\\\/politica\\\/congresistas-rinden-homenaje-por-el-bicentenario-de-la-batalla-de-ayacucho-que-sello-la-independencia-del-peru-y-america\\\/#article\",\"isPartOf\":{\"@id\":\"https:\\\/\\\/pulso27.com\\\/actualidad\\\/politica\\\/congresistas-rinden-homenaje-por-el-bicentenario-de-la-batalla-de-ayacucho-que-sello-la-independencia-del-peru-y-america\\\/\"},\"author\":{\"name\":\"Redactor\",\"@id\":\"https:\\\/\\\/pulso27.com\\\/en\\\/#\\\/schema\\\/person\\\/bf5ee161e6c87f6c7d57f5e689ef8526\"},\"headline\":\"Congresistas rinden homenaje por el bicentenario de la Batalla de Ayacucho que sell\u00f3 la independencia del Per\u00fa y Am\u00e9rica\",\"datePublished\":\"2024-12-08T06:37:29+00:00\",\"dateModified\":\"2024-12-08T06:37:33+00:00\",\"mainEntityOfPage\":{\"@id\":\"https:\\\/\\\/pulso27.com\\\/actualidad\\\/politica\\\/congresistas-rinden-homenaje-por-el-bicentenario-de-la-batalla-de-ayacucho-que-sello-la-independencia-del-peru-y-america\\\/\"},\"wordCount\":687,\"commentCount\":0,\"publisher\":{\"@id\":\"https:\\\/\\\/pulso27.com\\\/en\\\/#organization\"},\"image\":{\"@id\":\"https:\\\/\\\/pulso27.com\\\/actualidad\\\/politica\\\/congresistas-rinden-homenaje-por-el-bicentenario-de-la-batalla-de-ayacucho-que-sello-la-independencia-del-peru-y-america\\\/#primaryimage\"},\"thumbnailUrl\":\"https:\\\/\\\/pulso27.com\\\/wp-content\\\/uploads\\\/2024\\\/12\\\/RomeriaAyac.png\",\"keywords\":[\"9DeDiciembre\",\"BatallaDeAyacucho\",\"BicentenarioDelPer\u00fa\"],\"articleSection\":[\"Actualidad\",\"Pol\u00edtica\",\"Regional\"],\"inLanguage\":\"es-PE\",\"potentialAction\":[{\"@type\":\"CommentAction\",\"name\":\"Comment\",\"target\":[\"https:\\\/\\\/pulso27.com\\\/actualidad\\\/politica\\\/congresistas-rinden-homenaje-por-el-bicentenario-de-la-batalla-de-ayacucho-que-sello-la-independencia-del-peru-y-america\\\/#respond\"]}]},{\"@type\":\"WebPage\",\"@id\":\"https:\\\/\\\/pulso27.com\\\/actualidad\\\/politica\\\/congresistas-rinden-homenaje-por-el-bicentenario-de-la-batalla-de-ayacucho-que-sello-la-independencia-del-peru-y-america\\\/\",\"url\":\"https:\\\/\\\/pulso27.com\\\/actualidad\\\/politica\\\/congresistas-rinden-homenaje-por-el-bicentenario-de-la-batalla-de-ayacucho-que-sello-la-independencia-del-peru-y-america\\\/\",\"name\":\"Congresistas rinden homenaje por el bicentenario de la Batalla de Ayacucho que sell\u00f3 la independencia del Per\u00fa y Am\u00e9rica - Pulso27\",\"isPartOf\":{\"@id\":\"https:\\\/\\\/pulso27.com\\\/en\\\/#website\"},\"primaryImageOfPage\":{\"@id\":\"https:\\\/\\\/pulso27.com\\\/actualidad\\\/politica\\\/congresistas-rinden-homenaje-por-el-bicentenario-de-la-batalla-de-ayacucho-que-sello-la-independencia-del-peru-y-america\\\/#primaryimage\"},\"image\":{\"@id\":\"https:\\\/\\\/pulso27.com\\\/actualidad\\\/politica\\\/congresistas-rinden-homenaje-por-el-bicentenario-de-la-batalla-de-ayacucho-que-sello-la-independencia-del-peru-y-america\\\/#primaryimage\"},\"thumbnailUrl\":\"https:\\\/\\\/pulso27.com\\\/wp-content\\\/uploads\\\/2024\\\/12\\\/RomeriaAyac.png\",\"datePublished\":\"2024-12-08T06:37:29+00:00\",\"dateModified\":\"2024-12-08T06:37:33+00:00\",\"breadcrumb\":{\"@id\":\"https:\\\/\\\/pulso27.com\\\/actualidad\\\/politica\\\/congresistas-rinden-homenaje-por-el-bicentenario-de-la-batalla-de-ayacucho-que-sello-la-independencia-del-peru-y-america\\\/#breadcrumb\"},\"inLanguage\":\"es-PE\",\"potentialAction\":[{\"@type\":\"ReadAction\",\"target\":[\"https:\\\/\\\/pulso27.com\\\/actualidad\\\/politica\\\/congresistas-rinden-homenaje-por-el-bicentenario-de-la-batalla-de-ayacucho-que-sello-la-independencia-del-peru-y-america\\\/\"]}]},{\"@type\":\"ImageObject\",\"inLanguage\":\"es-PE\",\"@id\":\"https:\\\/\\\/pulso27.com\\\/actualidad\\\/politica\\\/congresistas-rinden-homenaje-por-el-bicentenario-de-la-batalla-de-ayacucho-que-sello-la-independencia-del-peru-y-america\\\/#primaryimage\",\"url\":\"https:\\\/\\\/pulso27.com\\\/wp-content\\\/uploads\\\/2024\\\/12\\\/RomeriaAyac.png\",\"contentUrl\":\"https:\\\/\\\/pulso27.com\\\/wp-content\\\/uploads\\\/2024\\\/12\\\/RomeriaAyac.png\",\"width\":1200,\"height\":675,\"caption\":\"Congresistas de diversos departamentos rinden homenaje por el bicentenario\"},{\"@type\":\"BreadcrumbList\",\"@id\":\"https:\\\/\\\/pulso27.com\\\/actualidad\\\/politica\\\/congresistas-rinden-homenaje-por-el-bicentenario-de-la-batalla-de-ayacucho-que-sello-la-independencia-del-peru-y-america\\\/#breadcrumb\",\"itemListElement\":[{\"@type\":\"ListItem\",\"position\":1,\"name\":\"Portada\",\"item\":\"https:\\\/\\\/pulso27.com\\\/\"},{\"@type\":\"ListItem\",\"position\":2,\"name\":\"Congresistas rinden homenaje por el bicentenario de la Batalla de Ayacucho que sell\u00f3 la independencia del Per\u00fa y Am\u00e9rica\"}]},{\"@type\":\"WebSite\",\"@id\":\"https:\\\/\\\/pulso27.com\\\/en\\\/#website\",\"url\":\"https:\\\/\\\/pulso27.com\\\/en\\\/\",\"name\":\"Pulso27\",\"description\":\"Web de noticias y publicidad\",\"publisher\":{\"@id\":\"https:\\\/\\\/pulso27.com\\\/en\\\/#organization\"},\"alternateName\":\"El pulso del pueblo\",\"potentialAction\":[{\"@type\":\"SearchAction\",\"target\":{\"@type\":\"EntryPoint\",\"urlTemplate\":\"https:\\\/\\\/pulso27.com\\\/en\\\/?s={search_term_string}\"},\"query-input\":{\"@type\":\"PropertyValueSpecification\",\"valueRequired\":true,\"valueName\":\"search_term_string\"}}],\"inLanguage\":\"es-PE\"},{\"@type\":\"Organization\",\"@id\":\"https:\\\/\\\/pulso27.com\\\/en\\\/#organization\",\"name\":\"Pulso27\",\"url\":\"https:\\\/\\\/pulso27.com\\\/en\\\/\",\"logo\":{\"@type\":\"ImageObject\",\"inLanguage\":\"es-PE\",\"@id\":\"https:\\\/\\\/pulso27.com\\\/en\\\/#\\\/schema\\\/logo\\\/image\\\/\",\"url\":\"https:\\\/\\\/pulso27.com\\\/wp-content\\\/uploads\\\/2026\\\/02\\\/Logotipo-de-la-organizacion-696-x-696-px-ok.png\",\"contentUrl\":\"https:\\\/\\\/pulso27.com\\\/wp-content\\\/uploads\\\/2026\\\/02\\\/Logotipo-de-la-organizacion-696-x-696-px-ok.png\",\"width\":696,\"height\":696,\"caption\":\"Pulso27\"},\"image\":{\"@id\":\"https:\\\/\\\/pulso27.com\\\/en\\\/#\\\/schema\\\/logo\\\/image\\\/\"},\"sameAs\":[\"https:\\\/\\\/www.facebook.com\\\/pulso27\\\/\",\"https:\\\/\\\/x.com\\\/Pulso_27\",\"https:\\\/\\\/www.youtube.com\\\/@Pulso27\",\"https:\\\/\\\/www.tiktok.com\\\/@pulso_27\"]},{\"@type\":\"Person\",\"@id\":\"https:\\\/\\\/pulso27.com\\\/en\\\/#\\\/schema\\\/person\\\/bf5ee161e6c87f6c7d57f5e689ef8526\",\"name\":\"Redactor\",\"image\":{\"@type\":\"ImageObject\",\"inLanguage\":\"es-PE\",\"@id\":\"https:\\\/\\\/pulso27.com\\\/wp-content\\\/uploads\\\/2025\\\/03\\\/a-150x150.png\",\"url\":\"https:\\\/\\\/pulso27.com\\\/wp-content\\\/uploads\\\/2025\\\/03\\\/a-150x150.png\",\"contentUrl\":\"https:\\\/\\\/pulso27.com\\\/wp-content\\\/uploads\\\/2025\\\/03\\\/a-150x150.png\",\"caption\":\"Redactor\"},\"sameAs\":[\"http:\\\/\\\/www.pulso27.com\"],\"url\":\"https:\\\/\\\/pulso27.com\\\/es\\\/author\\\/redactor\\\/\"}]}<\/script>\n<!-- \/ Yoast SEO plugin. -->","yoast_head_json":{"title":"Congresistas rinden homenaje por el bicentenario de la Batalla de Ayacucho que sell\u00f3 la independencia del Per\u00fa y Am\u00e9rica - Pulso27","robots":{"index":"index","follow":"follow","max-snippet":"max-snippet:-1","max-image-preview":"max-image-preview:large","max-video-preview":"max-video-preview:-1"},"canonical":"https:\/\/pulso27.com\/es\/actualidad\/politica\/congresistas-rinden-homenaje-por-el-bicentenario-de-la-batalla-de-ayacucho-que-sello-la-independencia-del-peru-y-america\/","og_locale":"es_ES","og_type":"article","og_title":"Congresistas rinden homenaje por el bicentenario de la Batalla de Ayacucho que sell\u00f3 la independencia del Per\u00fa y Am\u00e9rica - Pulso27","og_description":"En una emotiva romer\u00eda que uni\u00f3 a congresistas de diversas regiones del pa\u00eds, se conmemor\u00f3 el bicentenario de la hist\u00f3rica Batalla de Ayacucho, victoria clave que consolid\u00f3 la independencia del Per\u00fa y Sudam\u00e9rica. La actividad, promovida por la congresista Margot Palacios Huam\u00e1n, rindi\u00f3 homenaje a los valientes combatientes que lucharon en la emblem\u00e1tica Pampa de [&hellip;]","og_url":"https:\/\/pulso27.com\/es\/actualidad\/politica\/congresistas-rinden-homenaje-por-el-bicentenario-de-la-batalla-de-ayacucho-que-sello-la-independencia-del-peru-y-america\/","og_site_name":"Pulso27","article_publisher":"https:\/\/www.facebook.com\/pulso27\/","article_published_time":"2024-12-08T06:37:29+00:00","article_modified_time":"2024-12-08T06:37:33+00:00","og_image":[{"width":1200,"height":675,"url":"https:\/\/pulso27.com\/wp-content\/uploads\/2024\/12\/RomeriaAyac.png","type":"image\/png"}],"author":"Redactor","twitter_card":"summary_large_image","twitter_creator":"@Pulso_27","twitter_site":"@Pulso_27","twitter_misc":{"Written by":"Redactor","Est. reading time":"5 minutos"},"schema":{"@context":"https:\/\/schema.org","@graph":[{"@type":"Article","@id":"https:\/\/pulso27.com\/actualidad\/politica\/congresistas-rinden-homenaje-por-el-bicentenario-de-la-batalla-de-ayacucho-que-sello-la-independencia-del-peru-y-america\/#article","isPartOf":{"@id":"https:\/\/pulso27.com\/actualidad\/politica\/congresistas-rinden-homenaje-por-el-bicentenario-de-la-batalla-de-ayacucho-que-sello-la-independencia-del-peru-y-america\/"},"author":{"name":"Redactor","@id":"https:\/\/pulso27.com\/en\/#\/schema\/person\/bf5ee161e6c87f6c7d57f5e689ef8526"},"headline":"Congresistas rinden homenaje por el bicentenario de la Batalla de Ayacucho que sell\u00f3 la independencia del Per\u00fa y Am\u00e9rica","datePublished":"2024-12-08T06:37:29+00:00","dateModified":"2024-12-08T06:37:33+00:00","mainEntityOfPage":{"@id":"https:\/\/pulso27.com\/actualidad\/politica\/congresistas-rinden-homenaje-por-el-bicentenario-de-la-batalla-de-ayacucho-que-sello-la-independencia-del-peru-y-america\/"},"wordCount":687,"commentCount":0,"publisher":{"@id":"https:\/\/pulso27.com\/en\/#organization"},"image":{"@id":"https:\/\/pulso27.com\/actualidad\/politica\/congresistas-rinden-homenaje-por-el-bicentenario-de-la-batalla-de-ayacucho-que-sello-la-independencia-del-peru-y-america\/#primaryimage"},"thumbnailUrl":"https:\/\/pulso27.com\/wp-content\/uploads\/2024\/12\/RomeriaAyac.png","keywords":["9DeDiciembre","BatallaDeAyacucho","BicentenarioDelPer\u00fa"],"articleSection":["Actualidad","Pol\u00edtica","Regional"],"inLanguage":"es-PE","potentialAction":[{"@type":"CommentAction","name":"Comment","target":["https:\/\/pulso27.com\/actualidad\/politica\/congresistas-rinden-homenaje-por-el-bicentenario-de-la-batalla-de-ayacucho-que-sello-la-independencia-del-peru-y-america\/#respond"]}]},{"@type":"WebPage","@id":"https:\/\/pulso27.com\/actualidad\/politica\/congresistas-rinden-homenaje-por-el-bicentenario-de-la-batalla-de-ayacucho-que-sello-la-independencia-del-peru-y-america\/","url":"https:\/\/pulso27.com\/actualidad\/politica\/congresistas-rinden-homenaje-por-el-bicentenario-de-la-batalla-de-ayacucho-que-sello-la-independencia-del-peru-y-america\/","name":"Congresistas rinden homenaje por el bicentenario de la Batalla de Ayacucho que sell\u00f3 la independencia del Per\u00fa y Am\u00e9rica - Pulso27","isPartOf":{"@id":"https:\/\/pulso27.com\/en\/#website"},"primaryImageOfPage":{"@id":"https:\/\/pulso27.com\/actualidad\/politica\/congresistas-rinden-homenaje-por-el-bicentenario-de-la-batalla-de-ayacucho-que-sello-la-independencia-del-peru-y-america\/#primaryimage"},"image":{"@id":"https:\/\/pulso27.com\/actualidad\/politica\/congresistas-rinden-homenaje-por-el-bicentenario-de-la-batalla-de-ayacucho-que-sello-la-independencia-del-peru-y-america\/#primaryimage"},"thumbnailUrl":"https:\/\/pulso27.com\/wp-content\/uploads\/2024\/12\/RomeriaAyac.png","datePublished":"2024-12-08T06:37:29+00:00","dateModified":"2024-12-08T06:37:33+00:00","breadcrumb":{"@id":"https:\/\/pulso27.com\/actualidad\/politica\/congresistas-rinden-homenaje-por-el-bicentenario-de-la-batalla-de-ayacucho-que-sello-la-independencia-del-peru-y-america\/#breadcrumb"},"inLanguage":"es-PE","potentialAction":[{"@type":"ReadAction","target":["https:\/\/pulso27.com\/actualidad\/politica\/congresistas-rinden-homenaje-por-el-bicentenario-de-la-batalla-de-ayacucho-que-sello-la-independencia-del-peru-y-america\/"]}]},{"@type":"ImageObject","inLanguage":"es-PE","@id":"https:\/\/pulso27.com\/actualidad\/politica\/congresistas-rinden-homenaje-por-el-bicentenario-de-la-batalla-de-ayacucho-que-sello-la-independencia-del-peru-y-america\/#primaryimage","url":"https:\/\/pulso27.com\/wp-content\/uploads\/2024\/12\/RomeriaAyac.png","contentUrl":"https:\/\/pulso27.com\/wp-content\/uploads\/2024\/12\/RomeriaAyac.png","width":1200,"height":675,"caption":"Congresistas de diversos departamentos rinden homenaje por el bicentenario"},{"@type":"BreadcrumbList","@id":"https:\/\/pulso27.com\/actualidad\/politica\/congresistas-rinden-homenaje-por-el-bicentenario-de-la-batalla-de-ayacucho-que-sello-la-independencia-del-peru-y-america\/#breadcrumb","itemListElement":[{"@type":"ListItem","position":1,"name":"Portada","item":"https:\/\/pulso27.com\/"},{"@type":"ListItem","position":2,"name":"Congresistas rinden homenaje por el bicentenario de la Batalla de Ayacucho que sell\u00f3 la independencia del Per\u00fa y Am\u00e9rica"}]},{"@type":"WebSite","@id":"https:\/\/pulso27.com\/en\/#website","url":"https:\/\/pulso27.com\/en\/","name":"Pulso27","description":"Web de noticias y publicidad","publisher":{"@id":"https:\/\/pulso27.com\/en\/#organization"},"alternateName":"El pulso del pueblo","potentialAction":[{"@type":"SearchAction","target":{"@type":"EntryPoint","urlTemplate":"https:\/\/pulso27.com\/en\/?s={search_term_string}"},"query-input":{"@type":"PropertyValueSpecification","valueRequired":true,"valueName":"search_term_string"}}],"inLanguage":"es-PE"},{"@type":"Organization","@id":"https:\/\/pulso27.com\/en\/#organization","name":"Pulso27","url":"https:\/\/pulso27.com\/en\/","logo":{"@type":"ImageObject","inLanguage":"es-PE","@id":"https:\/\/pulso27.com\/en\/#\/schema\/logo\/image\/","url":"https:\/\/pulso27.com\/wp-content\/uploads\/2026\/02\/Logotipo-de-la-organizacion-696-x-696-px-ok.png","contentUrl":"https:\/\/pulso27.com\/wp-content\/uploads\/2026\/02\/Logotipo-de-la-organizacion-696-x-696-px-ok.png","width":696,"height":696,"caption":"Pulso27"},"image":{"@id":"https:\/\/pulso27.com\/en\/#\/schema\/logo\/image\/"},"sameAs":["https:\/\/www.facebook.com\/pulso27\/","https:\/\/x.com\/Pulso_27","https:\/\/www.youtube.com\/@Pulso27","https:\/\/www.tiktok.com\/@pulso_27"]},{"@type":"Person","@id":"https:\/\/pulso27.com\/en\/#\/schema\/person\/bf5ee161e6c87f6c7d57f5e689ef8526","name":"Redactor","image":{"@type":"ImageObject","inLanguage":"es-PE","@id":"https:\/\/pulso27.com\/wp-content\/uploads\/2025\/03\/a-150x150.png","url":"https:\/\/pulso27.com\/wp-content\/uploads\/2025\/03\/a-150x150.png","contentUrl":"https:\/\/pulso27.com\/wp-content\/uploads\/2025\/03\/a-150x150.png","caption":"Redactor"},"sameAs":["http:\/\/www.pulso27.com"],"url":"https:\/\/pulso27.com\/es\/author\/redactor\/"}]}},"amp_enabled":true,"_links":{"self":[{"href":"https:\/\/pulso27.com\/es\/wp-json\/wp\/v2\/posts\/3056","targetHints":{"allow":["GET"]}}],"collection":[{"href":"https:\/\/pulso27.com\/es\/wp-json\/wp\/v2\/posts"}],"about":[{"href":"https:\/\/pulso27.com\/es\/wp-json\/wp\/v2\/types\/post"}],"author":[{"embeddable":true,"href":"https:\/\/pulso27.com\/es\/wp-json\/wp\/v2\/users\/13"}],"replies":[{"embeddable":true,"href":"https:\/\/pulso27.com\/es\/wp-json\/wp\/v2\/comments?post=3056"}],"version-history":[{"count":1,"href":"https:\/\/pulso27.com\/es\/wp-json\/wp\/v2\/posts\/3056\/revisions"}],"predecessor-version":[{"id":3067,"href":"https:\/\/pulso27.com\/es\/wp-json\/wp\/v2\/posts\/3056\/revisions\/3067"}],"wp:featuredmedia":[{"embeddable":true,"href":"https:\/\/pulso27.com\/es\/wp-json\/wp\/v2\/media\/3057"}],"wp:attachment":[{"href":"https:\/\/pulso27.com\/es\/wp-json\/wp\/v2\/media?parent=3056"}],"wp:term":[{"taxonomy":"category","embeddable":true,"href":"https:\/\/pulso27.com\/es\/wp-json\/wp\/v2\/categories?post=3056"},{"taxonomy":"post_tag","embeddable":true,"href":"https:\/\/pulso27.com\/es\/wp-json\/wp\/v2\/tags?post=3056"}],"curies":[{"name":"wp","href":"https:\/\/api.w.org\/{rel}","templated":true}]}}