{"id":3106,"date":"2024-12-12T06:35:26","date_gmt":"2024-12-12T01:35:26","guid":{"rendered":"https:\/\/pulso27.com\/?p=3106"},"modified":"2024-12-12T06:35:29","modified_gmt":"2024-12-12T01:35:29","slug":"morgan-quero-los-derechos-humanos-son-para-las-personas-no-para-las-ratas","status":"publish","type":"post","link":"https:\/\/pulso27.com\/es\/actualidad\/morgan-quero-los-derechos-humanos-son-para-las-personas-no-para-las-ratas\/","title":{"rendered":"Morgan Quero: \u00abLos derechos humanos son para las personas, no para las ratas\u00bb"},"content":{"rendered":"\n<p>En un contexto en el que el pa\u00eds conmemora el D\u00eda de los Derechos Humanos, el ministro de Educaci\u00f3n, Morgan Quero, ha generado controversia al realizar declaraciones que han sido interpretadas como despectivas hacia las v\u00edctimas de la represi\u00f3n del r\u00e9gimen de Dina Boluarte. Al ser cuestionado por las muertes en las protestas de diciembre de 2022, Quero sentenci\u00f3: \u00abLos derechos humanos son para las personas, no para las ratas\u00bb.<\/p>\n\n\n\n<p>Esta manifestaci\u00f3n no solo resulta desafortunada, sino que tambi\u00e9n refleja una insensibilidad preocupante por parte de un funcionario p\u00fablico en un momento tan cr\u00edtico del r\u00e9gimen que tiene una denuncia constituci\u00f3n en debate y una moci\u00f3n de vacancia recogiendo firmas en el Congreso de la Rep\u00fablica.<\/p>\n\n\n\n<p>A pesar de que el ministerio aclar\u00f3 que las expresiones del ministro se refer\u00edan a violadores de menores y no a las fallecidas en las protestas, el incidente pone de relieve una falta de empat\u00eda hacia aquellos que han sufrido violencia y p\u00e9rdida. La indiferencia de las autoridades hacia las v\u00edctimas de la represi\u00f3n es alarmante y socava el respeto por los derechos otorgados a todos los ciudadanos.<\/p>\n\n\n\n<figure class=\"wp-block-video\"><video controls src=\"https:\/\/pulso27.com\/wp-content\/uploads\/2024\/12\/Morgan-Quero-ministro-de-Educacion-de-Peru.mp4\"><\/video><figcaption class=\"wp-element-caption\">morgan quero, ministro de educaci\u00f3n del per\u00fa (v\u00eddeo gracias a La Rep\u00fablica)<\/figcaption><\/figure>\n\n\n\n<p>Las palabras de Quero, en el contexto de un gobierno que ha sido objeto de cr\u00edticas por su manejo de las protestas y la represi\u00f3n ejercida, son un recordatorio de la falta de responsabilidad y respeto hacia las vidas que han sido truncadas. En lugar de fomentar un dialogo constructivo, sus declaraciones alimentan la polarizaci\u00f3n y la deshumanizaci\u00f3n de las v\u00edctimas, lo que es inaceptable en una democracia.<\/p>\n\n\n\n<p>Es vital que los representantes del Estado, especialmente aquellos en posiciones de liderazgo, recuerden la importancia de ser responsables y sensibles en su comunicaci\u00f3n. La protecci\u00f3n y el respeto de los derechos humanos deben ser universales y no estar sujetos a interpretaciones que excluyan a sectores de la poblaci\u00f3n, como lo evidencian las desafortunadas expresiones del ministro Quero.<\/p>\n","protected":false},"excerpt":{"rendered":"<p>En un contexto en el que el pa\u00eds conmemora el D\u00eda de los Derechos Humanos, el ministro de Educaci\u00f3n, Morgan Quero, ha generado controversia al realizar declaraciones que han sido interpretadas como despectivas hacia las v\u00edctimas de la represi\u00f3n del r\u00e9gimen de Dina Boluarte. Al ser cuestionado por las muertes en las protestas de diciembre [&hellip;]<\/p>\n","protected":false},"author":7,"featured_media":3108,"comment_status":"open","ping_status":"open","sticky":false,"template":"","format":"standard","meta":{"footnotes":""},"categories":[183,174,180],"tags":[1926,1942,1941],"class_list":["post-3106","post","type-post","status-publish","format-standard","has-post-thumbnail","hentry","category-actualidad","category-nacional","category-politica","tag-censura","tag-ministrodeeducacion","tag-morganquero"],"yoast_head":"<!-- This site is optimized with the Yoast SEO plugin v27.4 - https:\/\/yoast.com\/product\/yoast-seo-wordpress\/ -->\n<title>Morgan Quero: &quot;Los derechos humanos son para las personas, no para las ratas&quot; - Pulso27<\/title>\n<meta name=\"robots\" content=\"index, follow, max-snippet:-1, max-image-preview:large, max-video-preview:-1\" \/>\n<link rel=\"canonical\" href=\"https:\/\/pulso27.com\/es\/nacional\/morgan-quero-los-derechos-humanos-son-para-las-personas-no-para-las-ratas\/\" \/>\n<meta property=\"og:locale\" content=\"es_ES\" \/>\n<meta property=\"og:type\" content=\"article\" \/>\n<meta property=\"og:title\" content=\"Morgan Quero: &quot;Los derechos humanos son para las personas, no para las ratas&quot; - Pulso27\" \/>\n<meta property=\"og:description\" content=\"En un contexto en el que el pa\u00eds conmemora el D\u00eda de los Derechos Humanos, el ministro de Educaci\u00f3n, Morgan Quero, ha generado controversia al realizar declaraciones que han sido interpretadas como despectivas hacia las v\u00edctimas de la represi\u00f3n del r\u00e9gimen de Dina Boluarte. Al ser cuestionado por las muertes en las protestas de diciembre [&hellip;]\" \/>\n<meta property=\"og:url\" content=\"https:\/\/pulso27.com\/es\/nacional\/morgan-quero-los-derechos-humanos-son-para-las-personas-no-para-las-ratas\/\" \/>\n<meta property=\"og:site_name\" content=\"Pulso27\" \/>\n<meta property=\"article:publisher\" content=\"https:\/\/www.facebook.com\/pulso27\/\" \/>\n<meta property=\"article:published_time\" content=\"2024-12-12T01:35:26+00:00\" \/>\n<meta property=\"article:modified_time\" content=\"2024-12-12T01:35:29+00:00\" \/>\n<meta property=\"og:image\" content=\"https:\/\/pulso27.com\/wp-content\/uploads\/2024\/12\/QueroM.png\" \/>\n\t<meta property=\"og:image:width\" content=\"1200\" \/>\n\t<meta property=\"og:image:height\" content=\"675\" \/>\n\t<meta property=\"og:image:type\" content=\"image\/png\" \/>\n<meta name=\"author\" content=\"Tupaq\" \/>\n<meta name=\"twitter:card\" content=\"summary_large_image\" \/>\n<meta name=\"twitter:creator\" content=\"@Pulso_27\" \/>\n<meta name=\"twitter:site\" content=\"@Pulso_27\" \/>\n<meta name=\"twitter:label1\" content=\"Written by\" \/>\n\t<meta name=\"twitter:data1\" content=\"Tupaq\" \/>\n\t<meta name=\"twitter:label2\" content=\"Est. reading time\" \/>\n\t<meta name=\"twitter:data2\" content=\"2 minutos\" \/>\n<script type=\"application\/ld+json\" class=\"yoast-schema-graph\">{\"@context\":\"https:\\\/\\\/schema.org\",\"@graph\":[{\"@type\":\"Article\",\"@id\":\"https:\\\/\\\/pulso27.com\\\/nacional\\\/morgan-quero-los-derechos-humanos-son-para-las-personas-no-para-las-ratas\\\/#article\",\"isPartOf\":{\"@id\":\"https:\\\/\\\/pulso27.com\\\/nacional\\\/morgan-quero-los-derechos-humanos-son-para-las-personas-no-para-las-ratas\\\/\"},\"author\":{\"name\":\"Tupaq\",\"@id\":\"https:\\\/\\\/pulso27.com\\\/en\\\/#\\\/schema\\\/person\\\/d20fd7f5bc7f2e53fd150d43fca07a78\"},\"headline\":\"Morgan Quero: \u00abLos derechos humanos son para las personas, no para las ratas\u00bb\",\"datePublished\":\"2024-12-12T01:35:26+00:00\",\"dateModified\":\"2024-12-12T01:35:29+00:00\",\"mainEntityOfPage\":{\"@id\":\"https:\\\/\\\/pulso27.com\\\/nacional\\\/morgan-quero-los-derechos-humanos-son-para-las-personas-no-para-las-ratas\\\/\"},\"wordCount\":364,\"commentCount\":0,\"publisher\":{\"@id\":\"https:\\\/\\\/pulso27.com\\\/en\\\/#organization\"},\"image\":{\"@id\":\"https:\\\/\\\/pulso27.com\\\/nacional\\\/morgan-quero-los-derechos-humanos-son-para-las-personas-no-para-las-ratas\\\/#primaryimage\"},\"thumbnailUrl\":\"https:\\\/\\\/pulso27.com\\\/wp-content\\\/uploads\\\/2024\\\/12\\\/QueroM.png\",\"keywords\":[\"Censura\",\"MinistroDeEducaci\u00f3n\",\"MorganQuero\"],\"articleSection\":[\"Actualidad\",\"Nacional\",\"Pol\u00edtica\"],\"inLanguage\":\"es-PE\",\"potentialAction\":[{\"@type\":\"CommentAction\",\"name\":\"Comment\",\"target\":[\"https:\\\/\\\/pulso27.com\\\/nacional\\\/morgan-quero-los-derechos-humanos-son-para-las-personas-no-para-las-ratas\\\/#respond\"]}]},{\"@type\":\"WebPage\",\"@id\":\"https:\\\/\\\/pulso27.com\\\/nacional\\\/morgan-quero-los-derechos-humanos-son-para-las-personas-no-para-las-ratas\\\/\",\"url\":\"https:\\\/\\\/pulso27.com\\\/nacional\\\/morgan-quero-los-derechos-humanos-son-para-las-personas-no-para-las-ratas\\\/\",\"name\":\"Morgan Quero: \\\"Los derechos humanos son para las personas, no para las ratas\\\" - Pulso27\",\"isPartOf\":{\"@id\":\"https:\\\/\\\/pulso27.com\\\/en\\\/#website\"},\"primaryImageOfPage\":{\"@id\":\"https:\\\/\\\/pulso27.com\\\/nacional\\\/morgan-quero-los-derechos-humanos-son-para-las-personas-no-para-las-ratas\\\/#primaryimage\"},\"image\":{\"@id\":\"https:\\\/\\\/pulso27.com\\\/nacional\\\/morgan-quero-los-derechos-humanos-son-para-las-personas-no-para-las-ratas\\\/#primaryimage\"},\"thumbnailUrl\":\"https:\\\/\\\/pulso27.com\\\/wp-content\\\/uploads\\\/2024\\\/12\\\/QueroM.png\",\"datePublished\":\"2024-12-12T01:35:26+00:00\",\"dateModified\":\"2024-12-12T01:35:29+00:00\",\"breadcrumb\":{\"@id\":\"https:\\\/\\\/pulso27.com\\\/nacional\\\/morgan-quero-los-derechos-humanos-son-para-las-personas-no-para-las-ratas\\\/#breadcrumb\"},\"inLanguage\":\"es-PE\",\"potentialAction\":[{\"@type\":\"ReadAction\",\"target\":[\"https:\\\/\\\/pulso27.com\\\/nacional\\\/morgan-quero-los-derechos-humanos-son-para-las-personas-no-para-las-ratas\\\/\"]}]},{\"@type\":\"ImageObject\",\"inLanguage\":\"es-PE\",\"@id\":\"https:\\\/\\\/pulso27.com\\\/nacional\\\/morgan-quero-los-derechos-humanos-son-para-las-personas-no-para-las-ratas\\\/#primaryimage\",\"url\":\"https:\\\/\\\/pulso27.com\\\/wp-content\\\/uploads\\\/2024\\\/12\\\/QueroM.png\",\"contentUrl\":\"https:\\\/\\\/pulso27.com\\\/wp-content\\\/uploads\\\/2024\\\/12\\\/QueroM.png\",\"width\":1200,\"height\":675,\"caption\":\"Llama ratas a v\u00edctimas del r\u00e9gimen de Dina Boluarte\"},{\"@type\":\"BreadcrumbList\",\"@id\":\"https:\\\/\\\/pulso27.com\\\/nacional\\\/morgan-quero-los-derechos-humanos-son-para-las-personas-no-para-las-ratas\\\/#breadcrumb\",\"itemListElement\":[{\"@type\":\"ListItem\",\"position\":1,\"name\":\"Portada\",\"item\":\"https:\\\/\\\/pulso27.com\\\/\"},{\"@type\":\"ListItem\",\"position\":2,\"name\":\"Morgan Quero: \u00abLos derechos humanos son para las personas, no para las ratas\u00bb\"}]},{\"@type\":\"WebSite\",\"@id\":\"https:\\\/\\\/pulso27.com\\\/en\\\/#website\",\"url\":\"https:\\\/\\\/pulso27.com\\\/en\\\/\",\"name\":\"Pulso27\",\"description\":\"Web de noticias y publicidad\",\"publisher\":{\"@id\":\"https:\\\/\\\/pulso27.com\\\/en\\\/#organization\"},\"alternateName\":\"El pulso del pueblo\",\"potentialAction\":[{\"@type\":\"SearchAction\",\"target\":{\"@type\":\"EntryPoint\",\"urlTemplate\":\"https:\\\/\\\/pulso27.com\\\/en\\\/?s={search_term_string}\"},\"query-input\":{\"@type\":\"PropertyValueSpecification\",\"valueRequired\":true,\"valueName\":\"search_term_string\"}}],\"inLanguage\":\"es-PE\"},{\"@type\":\"Organization\",\"@id\":\"https:\\\/\\\/pulso27.com\\\/en\\\/#organization\",\"name\":\"Pulso27\",\"url\":\"https:\\\/\\\/pulso27.com\\\/en\\\/\",\"logo\":{\"@type\":\"ImageObject\",\"inLanguage\":\"es-PE\",\"@id\":\"https:\\\/\\\/pulso27.com\\\/en\\\/#\\\/schema\\\/logo\\\/image\\\/\",\"url\":\"https:\\\/\\\/pulso27.com\\\/wp-content\\\/uploads\\\/2026\\\/02\\\/Logotipo-de-la-organizacion-696-x-696-px-ok.png\",\"contentUrl\":\"https:\\\/\\\/pulso27.com\\\/wp-content\\\/uploads\\\/2026\\\/02\\\/Logotipo-de-la-organizacion-696-x-696-px-ok.png\",\"width\":696,\"height\":696,\"caption\":\"Pulso27\"},\"image\":{\"@id\":\"https:\\\/\\\/pulso27.com\\\/en\\\/#\\\/schema\\\/logo\\\/image\\\/\"},\"sameAs\":[\"https:\\\/\\\/www.facebook.com\\\/pulso27\\\/\",\"https:\\\/\\\/x.com\\\/Pulso_27\",\"https:\\\/\\\/www.youtube.com\\\/@Pulso27\",\"https:\\\/\\\/www.tiktok.com\\\/@pulso_27\"]},{\"@type\":\"Person\",\"@id\":\"https:\\\/\\\/pulso27.com\\\/en\\\/#\\\/schema\\\/person\\\/d20fd7f5bc7f2e53fd150d43fca07a78\",\"name\":\"Tupaq\",\"image\":{\"@type\":\"ImageObject\",\"inLanguage\":\"es-PE\",\"@id\":\"https:\\\/\\\/secure.gravatar.com\\\/avatar\\\/7929e9b034aeea560319a601e4f04c59eb5f45a79eafe192adabb67e9604e7e7?s=96&d=mm&r=g\",\"url\":\"https:\\\/\\\/secure.gravatar.com\\\/avatar\\\/7929e9b034aeea560319a601e4f04c59eb5f45a79eafe192adabb67e9604e7e7?s=96&d=mm&r=g\",\"contentUrl\":\"https:\\\/\\\/secure.gravatar.com\\\/avatar\\\/7929e9b034aeea560319a601e4f04c59eb5f45a79eafe192adabb67e9604e7e7?s=96&d=mm&r=g\",\"caption\":\"Tupaq\"},\"url\":\"https:\\\/\\\/pulso27.com\\\/es\\\/author\\\/tupaq\\\/\"}]}<\/script>\n<!-- \/ Yoast SEO plugin. -->","yoast_head_json":{"title":"Morgan Quero: \"Los derechos humanos son para las personas, no para las ratas\" - Pulso27","robots":{"index":"index","follow":"follow","max-snippet":"max-snippet:-1","max-image-preview":"max-image-preview:large","max-video-preview":"max-video-preview:-1"},"canonical":"https:\/\/pulso27.com\/es\/nacional\/morgan-quero-los-derechos-humanos-son-para-las-personas-no-para-las-ratas\/","og_locale":"es_ES","og_type":"article","og_title":"Morgan Quero: \"Los derechos humanos son para las personas, no para las ratas\" - Pulso27","og_description":"En un contexto en el que el pa\u00eds conmemora el D\u00eda de los Derechos Humanos, el ministro de Educaci\u00f3n, Morgan Quero, ha generado controversia al realizar declaraciones que han sido interpretadas como despectivas hacia las v\u00edctimas de la represi\u00f3n del r\u00e9gimen de Dina Boluarte. Al ser cuestionado por las muertes en las protestas de diciembre [&hellip;]","og_url":"https:\/\/pulso27.com\/es\/nacional\/morgan-quero-los-derechos-humanos-son-para-las-personas-no-para-las-ratas\/","og_site_name":"Pulso27","article_publisher":"https:\/\/www.facebook.com\/pulso27\/","article_published_time":"2024-12-12T01:35:26+00:00","article_modified_time":"2024-12-12T01:35:29+00:00","og_image":[{"width":1200,"height":675,"url":"https:\/\/pulso27.com\/wp-content\/uploads\/2024\/12\/QueroM.png","type":"image\/png"}],"author":"Tupaq","twitter_card":"summary_large_image","twitter_creator":"@Pulso_27","twitter_site":"@Pulso_27","twitter_misc":{"Written by":"Tupaq","Est. reading time":"2 minutos"},"schema":{"@context":"https:\/\/schema.org","@graph":[{"@type":"Article","@id":"https:\/\/pulso27.com\/nacional\/morgan-quero-los-derechos-humanos-son-para-las-personas-no-para-las-ratas\/#article","isPartOf":{"@id":"https:\/\/pulso27.com\/nacional\/morgan-quero-los-derechos-humanos-son-para-las-personas-no-para-las-ratas\/"},"author":{"name":"Tupaq","@id":"https:\/\/pulso27.com\/en\/#\/schema\/person\/d20fd7f5bc7f2e53fd150d43fca07a78"},"headline":"Morgan Quero: \u00abLos derechos humanos son para las personas, no para las ratas\u00bb","datePublished":"2024-12-12T01:35:26+00:00","dateModified":"2024-12-12T01:35:29+00:00","mainEntityOfPage":{"@id":"https:\/\/pulso27.com\/nacional\/morgan-quero-los-derechos-humanos-son-para-las-personas-no-para-las-ratas\/"},"wordCount":364,"commentCount":0,"publisher":{"@id":"https:\/\/pulso27.com\/en\/#organization"},"image":{"@id":"https:\/\/pulso27.com\/nacional\/morgan-quero-los-derechos-humanos-son-para-las-personas-no-para-las-ratas\/#primaryimage"},"thumbnailUrl":"https:\/\/pulso27.com\/wp-content\/uploads\/2024\/12\/QueroM.png","keywords":["Censura","MinistroDeEducaci\u00f3n","MorganQuero"],"articleSection":["Actualidad","Nacional","Pol\u00edtica"],"inLanguage":"es-PE","potentialAction":[{"@type":"CommentAction","name":"Comment","target":["https:\/\/pulso27.com\/nacional\/morgan-quero-los-derechos-humanos-son-para-las-personas-no-para-las-ratas\/#respond"]}]},{"@type":"WebPage","@id":"https:\/\/pulso27.com\/nacional\/morgan-quero-los-derechos-humanos-son-para-las-personas-no-para-las-ratas\/","url":"https:\/\/pulso27.com\/nacional\/morgan-quero-los-derechos-humanos-son-para-las-personas-no-para-las-ratas\/","name":"Morgan Quero: \"Los derechos humanos son para las personas, no para las ratas\" - Pulso27","isPartOf":{"@id":"https:\/\/pulso27.com\/en\/#website"},"primaryImageOfPage":{"@id":"https:\/\/pulso27.com\/nacional\/morgan-quero-los-derechos-humanos-son-para-las-personas-no-para-las-ratas\/#primaryimage"},"image":{"@id":"https:\/\/pulso27.com\/nacional\/morgan-quero-los-derechos-humanos-son-para-las-personas-no-para-las-ratas\/#primaryimage"},"thumbnailUrl":"https:\/\/pulso27.com\/wp-content\/uploads\/2024\/12\/QueroM.png","datePublished":"2024-12-12T01:35:26+00:00","dateModified":"2024-12-12T01:35:29+00:00","breadcrumb":{"@id":"https:\/\/pulso27.com\/nacional\/morgan-quero-los-derechos-humanos-son-para-las-personas-no-para-las-ratas\/#breadcrumb"},"inLanguage":"es-PE","potentialAction":[{"@type":"ReadAction","target":["https:\/\/pulso27.com\/nacional\/morgan-quero-los-derechos-humanos-son-para-las-personas-no-para-las-ratas\/"]}]},{"@type":"ImageObject","inLanguage":"es-PE","@id":"https:\/\/pulso27.com\/nacional\/morgan-quero-los-derechos-humanos-son-para-las-personas-no-para-las-ratas\/#primaryimage","url":"https:\/\/pulso27.com\/wp-content\/uploads\/2024\/12\/QueroM.png","contentUrl":"https:\/\/pulso27.com\/wp-content\/uploads\/2024\/12\/QueroM.png","width":1200,"height":675,"caption":"Llama ratas a v\u00edctimas del r\u00e9gimen de Dina Boluarte"},{"@type":"BreadcrumbList","@id":"https:\/\/pulso27.com\/nacional\/morgan-quero-los-derechos-humanos-son-para-las-personas-no-para-las-ratas\/#breadcrumb","itemListElement":[{"@type":"ListItem","position":1,"name":"Portada","item":"https:\/\/pulso27.com\/"},{"@type":"ListItem","position":2,"name":"Morgan Quero: \u00abLos derechos humanos son para las personas, no para las ratas\u00bb"}]},{"@type":"WebSite","@id":"https:\/\/pulso27.com\/en\/#website","url":"https:\/\/pulso27.com\/en\/","name":"Pulso27","description":"Web de noticias y publicidad","publisher":{"@id":"https:\/\/pulso27.com\/en\/#organization"},"alternateName":"El pulso del pueblo","potentialAction":[{"@type":"SearchAction","target":{"@type":"EntryPoint","urlTemplate":"https:\/\/pulso27.com\/en\/?s={search_term_string}"},"query-input":{"@type":"PropertyValueSpecification","valueRequired":true,"valueName":"search_term_string"}}],"inLanguage":"es-PE"},{"@type":"Organization","@id":"https:\/\/pulso27.com\/en\/#organization","name":"Pulso27","url":"https:\/\/pulso27.com\/en\/","logo":{"@type":"ImageObject","inLanguage":"es-PE","@id":"https:\/\/pulso27.com\/en\/#\/schema\/logo\/image\/","url":"https:\/\/pulso27.com\/wp-content\/uploads\/2026\/02\/Logotipo-de-la-organizacion-696-x-696-px-ok.png","contentUrl":"https:\/\/pulso27.com\/wp-content\/uploads\/2026\/02\/Logotipo-de-la-organizacion-696-x-696-px-ok.png","width":696,"height":696,"caption":"Pulso27"},"image":{"@id":"https:\/\/pulso27.com\/en\/#\/schema\/logo\/image\/"},"sameAs":["https:\/\/www.facebook.com\/pulso27\/","https:\/\/x.com\/Pulso_27","https:\/\/www.youtube.com\/@Pulso27","https:\/\/www.tiktok.com\/@pulso_27"]},{"@type":"Person","@id":"https:\/\/pulso27.com\/en\/#\/schema\/person\/d20fd7f5bc7f2e53fd150d43fca07a78","name":"Tupaq","image":{"@type":"ImageObject","inLanguage":"es-PE","@id":"https:\/\/secure.gravatar.com\/avatar\/7929e9b034aeea560319a601e4f04c59eb5f45a79eafe192adabb67e9604e7e7?s=96&d=mm&r=g","url":"https:\/\/secure.gravatar.com\/avatar\/7929e9b034aeea560319a601e4f04c59eb5f45a79eafe192adabb67e9604e7e7?s=96&d=mm&r=g","contentUrl":"https:\/\/secure.gravatar.com\/avatar\/7929e9b034aeea560319a601e4f04c59eb5f45a79eafe192adabb67e9604e7e7?s=96&d=mm&r=g","caption":"Tupaq"},"url":"https:\/\/pulso27.com\/es\/author\/tupaq\/"}]}},"amp_enabled":true,"_links":{"self":[{"href":"https:\/\/pulso27.com\/es\/wp-json\/wp\/v2\/posts\/3106","targetHints":{"allow":["GET"]}}],"collection":[{"href":"https:\/\/pulso27.com\/es\/wp-json\/wp\/v2\/posts"}],"about":[{"href":"https:\/\/pulso27.com\/es\/wp-json\/wp\/v2\/types\/post"}],"author":[{"embeddable":true,"href":"https:\/\/pulso27.com\/es\/wp-json\/wp\/v2\/users\/7"}],"replies":[{"embeddable":true,"href":"https:\/\/pulso27.com\/es\/wp-json\/wp\/v2\/comments?post=3106"}],"version-history":[{"count":1,"href":"https:\/\/pulso27.com\/es\/wp-json\/wp\/v2\/posts\/3106\/revisions"}],"predecessor-version":[{"id":3109,"href":"https:\/\/pulso27.com\/es\/wp-json\/wp\/v2\/posts\/3106\/revisions\/3109"}],"wp:featuredmedia":[{"embeddable":true,"href":"https:\/\/pulso27.com\/es\/wp-json\/wp\/v2\/media\/3108"}],"wp:attachment":[{"href":"https:\/\/pulso27.com\/es\/wp-json\/wp\/v2\/media?parent=3106"}],"wp:term":[{"taxonomy":"category","embeddable":true,"href":"https:\/\/pulso27.com\/es\/wp-json\/wp\/v2\/categories?post=3106"},{"taxonomy":"post_tag","embeddable":true,"href":"https:\/\/pulso27.com\/es\/wp-json\/wp\/v2\/tags?post=3106"}],"curies":[{"name":"wp","href":"https:\/\/api.w.org\/{rel}","templated":true}]}}