{"id":3112,"date":"2024-12-12T09:03:29","date_gmt":"2024-12-12T04:03:29","guid":{"rendered":"https:\/\/pulso27.com\/?p=3112"},"modified":"2024-12-12T09:04:50","modified_gmt":"2024-12-12T04:04:50","slug":"senamhi-advierte-sobre-temperaturas-calidas-que-afectan-cultivos-en-el-norte-del-peru","status":"publish","type":"post","link":"https:\/\/pulso27.com\/es\/actualidad\/agricultura\/senamhi-advierte-sobre-temperaturas-calidas-que-afectan-cultivos-en-el-norte-del-peru\/","title":{"rendered":"SENAMHI advierte sobre temperaturas c\u00e1lidas que afectan cultivos en el norte del Per\u00fa"},"content":{"rendered":"\n<p>El Servicio Nacional de Meteorolog\u00eda e Hidrolog\u00eda del Per\u00fa (SENAMHI) ha emitido una alerta sobre las altas temperaturas que se registran en la costa norte del pa\u00eds, las cuales, combinadas con la disminuci\u00f3n de agua para riego, han generado condiciones adversas para diversos cultivos en la regi\u00f3n. Las temperaturas c\u00e1lidas propias de esta estaci\u00f3n est\u00e1n provocando un estr\u00e9s h\u00eddrico significativo en los cultivos, lo que podr\u00eda tener consecuencias devastadoras para la productividad agr\u00edcola.<\/p>\n\n\n\n<p>Los agricultores han comenzado a reportar un incremento en la incidencia de problemas fitosanitarios, especialmente asociados a plagas que proliferan en condiciones clim\u00e1ticas extremas. Adem\u00e1s, se observa un escaso desarrollo vegetativo y s\u00edntomas de marchitez en las plantas, lo que amenaza no solo la cosecha de cultivos anuales, sino tambi\u00e9n la seguridad alimentaria de las comunidades afectadas.<\/p>\n\n\n\n<p>El SENAMHI insta a los productores agr\u00edcolas y ganaderos a mantenerse informados sobre la evoluci\u00f3n de las condiciones agrometeorol\u00f3gicas. Los pron\u00f3sticos agrometeorol\u00f3gicos, que analizan el comportamiento fenol\u00f3gico de los cultivos y los posibles impactos de las condiciones hidrometeorol\u00f3gicas, son herramientas fundamentales para que los agricultores tomen decisiones informadas.<\/p>\n\n\n\n<figure class=\"wp-block-image size-large\"><img loading=\"lazy\" decoding=\"async\" width=\"1024\" height=\"563\" src=\"https:\/\/pulso27.com\/wp-content\/uploads\/2024\/12\/image-37-1024x563.png\" alt=\"\" class=\"wp-image-3114\" srcset=\"https:\/\/pulso27.com\/wp-content\/uploads\/2024\/12\/image-37-1024x563.png 1024w, https:\/\/pulso27.com\/wp-content\/uploads\/2024\/12\/image-37-300x165.png 300w, https:\/\/pulso27.com\/wp-content\/uploads\/2024\/12\/image-37-768x422.png 768w, https:\/\/pulso27.com\/wp-content\/uploads\/2024\/12\/image-37-18x10.png 18w, https:\/\/pulso27.com\/wp-content\/uploads\/2024\/12\/image-37.png 1200w\" sizes=\"auto, (max-width: 1024px) 100vw, 1024px\" \/><figcaption class=\"wp-element-caption\"><em>El SENAMHI insta a los productores agr\u00edcolas y ganaderos a mantenerse informados<\/em><\/figcaption><\/figure>\n\n\n\n<p>Los boletines de Pron\u00f3stico y Monitoreo Agrometeorol\u00f3gico del SENAMHI son clave en este esfuerzo, ya que ofrecen un resumen de los impactos posibles a nivel nacional en los d\u00edas venideros. Estos informes son vitales tanto para el sector agropecuario como para el \u00e1mbito acad\u00e9mico, incluyendo a investigadores, docentes y estudiantes, quienes pueden contribuir a la b\u00fasqueda de soluciones innovadoras ante situaciones de crisis.<\/p>\n\n\n\n<p>La situaci\u00f3n en la costa norte subraya la importancia de adaptar pr\u00e1cticas agr\u00edcolas para enfrentar el cambio clim\u00e1tico y sus efectos en la producci\u00f3n agr\u00edcola. Las comunidades locales est\u00e1n en alerta y buscan estrategias para mitigar los efectos adversos de las altas temperaturas y la escasez de agua.<\/p>\n\n\n\n<p>Como medida preventiva, se recomienda a los agricultores monitorear de cerca las condiciones clim\u00e1ticas, aplicar t\u00e9cnicas de manejo integrado de plagas y optimizar el uso del agua para riego, aprovechando al m\u00e1ximo cada gota en esta dif\u00edcil temporada.<\/p>\n","protected":false},"excerpt":{"rendered":"<p>El Servicio Nacional de Meteorolog\u00eda e Hidrolog\u00eda del Per\u00fa (SENAMHI) ha emitido una alerta sobre las altas temperaturas que se registran en la costa norte del pa\u00eds, las cuales, combinadas con la disminuci\u00f3n de agua para riego, han generado condiciones adversas para diversos cultivos en la regi\u00f3n. Las temperaturas c\u00e1lidas propias de esta estaci\u00f3n est\u00e1n [&hellip;]<\/p>\n","protected":false},"author":8,"featured_media":3113,"comment_status":"open","ping_status":"open","sticky":false,"template":"","format":"standard","meta":{"footnotes":""},"categories":[818,810],"tags":[1944,753,1943],"class_list":["post-3112","post","type-post","status-publish","format-standard","has-post-thumbnail","hentry","category-agricultura","category-regional","tag-nortedelperu","tag-senamhi","tag-temperaturascalidas"],"yoast_head":"<!-- This site is optimized with the Yoast SEO plugin v27.4 - https:\/\/yoast.com\/product\/yoast-seo-wordpress\/ -->\n<title>SENAMHI advierte sobre temperaturas c\u00e1lidas que afectan cultivos en el norte del Per\u00fa - Pulso27<\/title>\n<meta name=\"robots\" content=\"index, follow, max-snippet:-1, max-image-preview:large, max-video-preview:-1\" \/>\n<link rel=\"canonical\" href=\"https:\/\/pulso27.com\/es\/regional\/senamhi-advierte-sobre-temperaturas-calidas-que-afectan-cultivos-en-el-norte-del-peru\/\" \/>\n<meta property=\"og:locale\" content=\"es_ES\" \/>\n<meta property=\"og:type\" content=\"article\" \/>\n<meta property=\"og:title\" content=\"SENAMHI advierte sobre temperaturas c\u00e1lidas que afectan cultivos en el norte del Per\u00fa - Pulso27\" \/>\n<meta property=\"og:description\" content=\"El Servicio Nacional de Meteorolog\u00eda e Hidrolog\u00eda del Per\u00fa (SENAMHI) ha emitido una alerta sobre las altas temperaturas que se registran en la costa norte del pa\u00eds, las cuales, combinadas con la disminuci\u00f3n de agua para riego, han generado condiciones adversas para diversos cultivos en la regi\u00f3n. Las temperaturas c\u00e1lidas propias de esta estaci\u00f3n est\u00e1n [&hellip;]\" \/>\n<meta property=\"og:url\" content=\"https:\/\/pulso27.com\/es\/regional\/senamhi-advierte-sobre-temperaturas-calidas-que-afectan-cultivos-en-el-norte-del-peru\/\" \/>\n<meta property=\"og:site_name\" content=\"Pulso27\" \/>\n<meta property=\"article:publisher\" content=\"https:\/\/www.facebook.com\/pulso27\/\" \/>\n<meta property=\"article:published_time\" content=\"2024-12-12T04:03:29+00:00\" \/>\n<meta property=\"article:modified_time\" content=\"2024-12-12T04:04:50+00:00\" \/>\n<meta property=\"og:image\" content=\"https:\/\/pulso27.com\/wp-content\/uploads\/2024\/12\/MangoNor.png\" \/>\n\t<meta property=\"og:image:width\" content=\"1200\" \/>\n\t<meta property=\"og:image:height\" content=\"675\" \/>\n\t<meta property=\"og:image:type\" content=\"image\/png\" \/>\n<meta name=\"author\" content=\"Maga\" \/>\n<meta name=\"twitter:card\" content=\"summary_large_image\" \/>\n<meta name=\"twitter:creator\" content=\"@Pulso_27\" \/>\n<meta name=\"twitter:site\" content=\"@Pulso_27\" \/>\n<meta name=\"twitter:label1\" content=\"Written by\" \/>\n\t<meta name=\"twitter:data1\" content=\"Maga\" \/>\n\t<meta name=\"twitter:label2\" content=\"Est. reading time\" \/>\n\t<meta name=\"twitter:data2\" content=\"2 minutos\" \/>\n<script type=\"application\/ld+json\" class=\"yoast-schema-graph\">{\"@context\":\"https:\\\/\\\/schema.org\",\"@graph\":[{\"@type\":\"Article\",\"@id\":\"https:\\\/\\\/pulso27.com\\\/regional\\\/senamhi-advierte-sobre-temperaturas-calidas-que-afectan-cultivos-en-el-norte-del-peru\\\/#article\",\"isPartOf\":{\"@id\":\"https:\\\/\\\/pulso27.com\\\/regional\\\/senamhi-advierte-sobre-temperaturas-calidas-que-afectan-cultivos-en-el-norte-del-peru\\\/\"},\"author\":{\"name\":\"Maga\",\"@id\":\"https:\\\/\\\/pulso27.com\\\/en\\\/#\\\/schema\\\/person\\\/92f5059eb04cb644a32d22c9bc998684\"},\"headline\":\"SENAMHI advierte sobre temperaturas c\u00e1lidas que afectan cultivos en el norte del Per\u00fa\",\"datePublished\":\"2024-12-12T04:03:29+00:00\",\"dateModified\":\"2024-12-12T04:04:50+00:00\",\"mainEntityOfPage\":{\"@id\":\"https:\\\/\\\/pulso27.com\\\/regional\\\/senamhi-advierte-sobre-temperaturas-calidas-que-afectan-cultivos-en-el-norte-del-peru\\\/\"},\"wordCount\":393,\"commentCount\":0,\"publisher\":{\"@id\":\"https:\\\/\\\/pulso27.com\\\/en\\\/#organization\"},\"image\":{\"@id\":\"https:\\\/\\\/pulso27.com\\\/regional\\\/senamhi-advierte-sobre-temperaturas-calidas-que-afectan-cultivos-en-el-norte-del-peru\\\/#primaryimage\"},\"thumbnailUrl\":\"https:\\\/\\\/pulso27.com\\\/wp-content\\\/uploads\\\/2024\\\/12\\\/MangoNor.png\",\"keywords\":[\"NorteDelPer\u00fa\",\"Senamhi\",\"TemperaturasC\u00e1lidas\"],\"articleSection\":[\"Agricultura\",\"Regional\"],\"inLanguage\":\"es-PE\",\"potentialAction\":[{\"@type\":\"CommentAction\",\"name\":\"Comment\",\"target\":[\"https:\\\/\\\/pulso27.com\\\/regional\\\/senamhi-advierte-sobre-temperaturas-calidas-que-afectan-cultivos-en-el-norte-del-peru\\\/#respond\"]}]},{\"@type\":\"WebPage\",\"@id\":\"https:\\\/\\\/pulso27.com\\\/regional\\\/senamhi-advierte-sobre-temperaturas-calidas-que-afectan-cultivos-en-el-norte-del-peru\\\/\",\"url\":\"https:\\\/\\\/pulso27.com\\\/regional\\\/senamhi-advierte-sobre-temperaturas-calidas-que-afectan-cultivos-en-el-norte-del-peru\\\/\",\"name\":\"SENAMHI advierte sobre temperaturas c\u00e1lidas que afectan cultivos en el norte del Per\u00fa - Pulso27\",\"isPartOf\":{\"@id\":\"https:\\\/\\\/pulso27.com\\\/en\\\/#website\"},\"primaryImageOfPage\":{\"@id\":\"https:\\\/\\\/pulso27.com\\\/regional\\\/senamhi-advierte-sobre-temperaturas-calidas-que-afectan-cultivos-en-el-norte-del-peru\\\/#primaryimage\"},\"image\":{\"@id\":\"https:\\\/\\\/pulso27.com\\\/regional\\\/senamhi-advierte-sobre-temperaturas-calidas-que-afectan-cultivos-en-el-norte-del-peru\\\/#primaryimage\"},\"thumbnailUrl\":\"https:\\\/\\\/pulso27.com\\\/wp-content\\\/uploads\\\/2024\\\/12\\\/MangoNor.png\",\"datePublished\":\"2024-12-12T04:03:29+00:00\",\"dateModified\":\"2024-12-12T04:04:50+00:00\",\"breadcrumb\":{\"@id\":\"https:\\\/\\\/pulso27.com\\\/regional\\\/senamhi-advierte-sobre-temperaturas-calidas-que-afectan-cultivos-en-el-norte-del-peru\\\/#breadcrumb\"},\"inLanguage\":\"es-PE\",\"potentialAction\":[{\"@type\":\"ReadAction\",\"target\":[\"https:\\\/\\\/pulso27.com\\\/regional\\\/senamhi-advierte-sobre-temperaturas-calidas-que-afectan-cultivos-en-el-norte-del-peru\\\/\"]}]},{\"@type\":\"ImageObject\",\"inLanguage\":\"es-PE\",\"@id\":\"https:\\\/\\\/pulso27.com\\\/regional\\\/senamhi-advierte-sobre-temperaturas-calidas-que-afectan-cultivos-en-el-norte-del-peru\\\/#primaryimage\",\"url\":\"https:\\\/\\\/pulso27.com\\\/wp-content\\\/uploads\\\/2024\\\/12\\\/MangoNor.png\",\"contentUrl\":\"https:\\\/\\\/pulso27.com\\\/wp-content\\\/uploads\\\/2024\\\/12\\\/MangoNor.png\",\"width\":1200,\"height\":675,\"caption\":\"Mango afectado por el calor\"},{\"@type\":\"BreadcrumbList\",\"@id\":\"https:\\\/\\\/pulso27.com\\\/regional\\\/senamhi-advierte-sobre-temperaturas-calidas-que-afectan-cultivos-en-el-norte-del-peru\\\/#breadcrumb\",\"itemListElement\":[{\"@type\":\"ListItem\",\"position\":1,\"name\":\"Portada\",\"item\":\"https:\\\/\\\/pulso27.com\\\/\"},{\"@type\":\"ListItem\",\"position\":2,\"name\":\"SENAMHI advierte sobre temperaturas c\u00e1lidas que afectan cultivos en el norte del Per\u00fa\"}]},{\"@type\":\"WebSite\",\"@id\":\"https:\\\/\\\/pulso27.com\\\/en\\\/#website\",\"url\":\"https:\\\/\\\/pulso27.com\\\/en\\\/\",\"name\":\"Pulso27\",\"description\":\"Web de noticias y publicidad\",\"publisher\":{\"@id\":\"https:\\\/\\\/pulso27.com\\\/en\\\/#organization\"},\"alternateName\":\"El pulso del pueblo\",\"potentialAction\":[{\"@type\":\"SearchAction\",\"target\":{\"@type\":\"EntryPoint\",\"urlTemplate\":\"https:\\\/\\\/pulso27.com\\\/en\\\/?s={search_term_string}\"},\"query-input\":{\"@type\":\"PropertyValueSpecification\",\"valueRequired\":true,\"valueName\":\"search_term_string\"}}],\"inLanguage\":\"es-PE\"},{\"@type\":\"Organization\",\"@id\":\"https:\\\/\\\/pulso27.com\\\/en\\\/#organization\",\"name\":\"Pulso27\",\"url\":\"https:\\\/\\\/pulso27.com\\\/en\\\/\",\"logo\":{\"@type\":\"ImageObject\",\"inLanguage\":\"es-PE\",\"@id\":\"https:\\\/\\\/pulso27.com\\\/en\\\/#\\\/schema\\\/logo\\\/image\\\/\",\"url\":\"https:\\\/\\\/pulso27.com\\\/wp-content\\\/uploads\\\/2026\\\/02\\\/Logotipo-de-la-organizacion-696-x-696-px-ok.png\",\"contentUrl\":\"https:\\\/\\\/pulso27.com\\\/wp-content\\\/uploads\\\/2026\\\/02\\\/Logotipo-de-la-organizacion-696-x-696-px-ok.png\",\"width\":696,\"height\":696,\"caption\":\"Pulso27\"},\"image\":{\"@id\":\"https:\\\/\\\/pulso27.com\\\/en\\\/#\\\/schema\\\/logo\\\/image\\\/\"},\"sameAs\":[\"https:\\\/\\\/www.facebook.com\\\/pulso27\\\/\",\"https:\\\/\\\/x.com\\\/Pulso_27\",\"https:\\\/\\\/www.youtube.com\\\/@Pulso27\",\"https:\\\/\\\/www.tiktok.com\\\/@pulso_27\"]},{\"@type\":\"Person\",\"@id\":\"https:\\\/\\\/pulso27.com\\\/en\\\/#\\\/schema\\\/person\\\/92f5059eb04cb644a32d22c9bc998684\",\"name\":\"Maga\",\"image\":{\"@type\":\"ImageObject\",\"inLanguage\":\"es-PE\",\"@id\":\"https:\\\/\\\/secure.gravatar.com\\\/avatar\\\/c4d5224d4227e7c057cd5793ba910425cc902f3aef97cda3eccc7acba8be2edc?s=96&d=mm&r=g\",\"url\":\"https:\\\/\\\/secure.gravatar.com\\\/avatar\\\/c4d5224d4227e7c057cd5793ba910425cc902f3aef97cda3eccc7acba8be2edc?s=96&d=mm&r=g\",\"contentUrl\":\"https:\\\/\\\/secure.gravatar.com\\\/avatar\\\/c4d5224d4227e7c057cd5793ba910425cc902f3aef97cda3eccc7acba8be2edc?s=96&d=mm&r=g\",\"caption\":\"Maga\"},\"sameAs\":[\"http:\\\/\\\/www.pulso27.com\"],\"url\":\"https:\\\/\\\/pulso27.com\\\/es\\\/author\\\/maga\\\/\"}]}<\/script>\n<!-- \/ Yoast SEO plugin. -->","yoast_head_json":{"title":"SENAMHI advierte sobre temperaturas c\u00e1lidas que afectan cultivos en el norte del Per\u00fa - Pulso27","robots":{"index":"index","follow":"follow","max-snippet":"max-snippet:-1","max-image-preview":"max-image-preview:large","max-video-preview":"max-video-preview:-1"},"canonical":"https:\/\/pulso27.com\/es\/regional\/senamhi-advierte-sobre-temperaturas-calidas-que-afectan-cultivos-en-el-norte-del-peru\/","og_locale":"es_ES","og_type":"article","og_title":"SENAMHI advierte sobre temperaturas c\u00e1lidas que afectan cultivos en el norte del Per\u00fa - Pulso27","og_description":"El Servicio Nacional de Meteorolog\u00eda e Hidrolog\u00eda del Per\u00fa (SENAMHI) ha emitido una alerta sobre las altas temperaturas que se registran en la costa norte del pa\u00eds, las cuales, combinadas con la disminuci\u00f3n de agua para riego, han generado condiciones adversas para diversos cultivos en la regi\u00f3n. Las temperaturas c\u00e1lidas propias de esta estaci\u00f3n est\u00e1n [&hellip;]","og_url":"https:\/\/pulso27.com\/es\/regional\/senamhi-advierte-sobre-temperaturas-calidas-que-afectan-cultivos-en-el-norte-del-peru\/","og_site_name":"Pulso27","article_publisher":"https:\/\/www.facebook.com\/pulso27\/","article_published_time":"2024-12-12T04:03:29+00:00","article_modified_time":"2024-12-12T04:04:50+00:00","og_image":[{"width":1200,"height":675,"url":"https:\/\/pulso27.com\/wp-content\/uploads\/2024\/12\/MangoNor.png","type":"image\/png"}],"author":"Maga","twitter_card":"summary_large_image","twitter_creator":"@Pulso_27","twitter_site":"@Pulso_27","twitter_misc":{"Written by":"Maga","Est. reading time":"2 minutos"},"schema":{"@context":"https:\/\/schema.org","@graph":[{"@type":"Article","@id":"https:\/\/pulso27.com\/regional\/senamhi-advierte-sobre-temperaturas-calidas-que-afectan-cultivos-en-el-norte-del-peru\/#article","isPartOf":{"@id":"https:\/\/pulso27.com\/regional\/senamhi-advierte-sobre-temperaturas-calidas-que-afectan-cultivos-en-el-norte-del-peru\/"},"author":{"name":"Maga","@id":"https:\/\/pulso27.com\/en\/#\/schema\/person\/92f5059eb04cb644a32d22c9bc998684"},"headline":"SENAMHI advierte sobre temperaturas c\u00e1lidas que afectan cultivos en el norte del Per\u00fa","datePublished":"2024-12-12T04:03:29+00:00","dateModified":"2024-12-12T04:04:50+00:00","mainEntityOfPage":{"@id":"https:\/\/pulso27.com\/regional\/senamhi-advierte-sobre-temperaturas-calidas-que-afectan-cultivos-en-el-norte-del-peru\/"},"wordCount":393,"commentCount":0,"publisher":{"@id":"https:\/\/pulso27.com\/en\/#organization"},"image":{"@id":"https:\/\/pulso27.com\/regional\/senamhi-advierte-sobre-temperaturas-calidas-que-afectan-cultivos-en-el-norte-del-peru\/#primaryimage"},"thumbnailUrl":"https:\/\/pulso27.com\/wp-content\/uploads\/2024\/12\/MangoNor.png","keywords":["NorteDelPer\u00fa","Senamhi","TemperaturasC\u00e1lidas"],"articleSection":["Agricultura","Regional"],"inLanguage":"es-PE","potentialAction":[{"@type":"CommentAction","name":"Comment","target":["https:\/\/pulso27.com\/regional\/senamhi-advierte-sobre-temperaturas-calidas-que-afectan-cultivos-en-el-norte-del-peru\/#respond"]}]},{"@type":"WebPage","@id":"https:\/\/pulso27.com\/regional\/senamhi-advierte-sobre-temperaturas-calidas-que-afectan-cultivos-en-el-norte-del-peru\/","url":"https:\/\/pulso27.com\/regional\/senamhi-advierte-sobre-temperaturas-calidas-que-afectan-cultivos-en-el-norte-del-peru\/","name":"SENAMHI advierte sobre temperaturas c\u00e1lidas que afectan cultivos en el norte del Per\u00fa - Pulso27","isPartOf":{"@id":"https:\/\/pulso27.com\/en\/#website"},"primaryImageOfPage":{"@id":"https:\/\/pulso27.com\/regional\/senamhi-advierte-sobre-temperaturas-calidas-que-afectan-cultivos-en-el-norte-del-peru\/#primaryimage"},"image":{"@id":"https:\/\/pulso27.com\/regional\/senamhi-advierte-sobre-temperaturas-calidas-que-afectan-cultivos-en-el-norte-del-peru\/#primaryimage"},"thumbnailUrl":"https:\/\/pulso27.com\/wp-content\/uploads\/2024\/12\/MangoNor.png","datePublished":"2024-12-12T04:03:29+00:00","dateModified":"2024-12-12T04:04:50+00:00","breadcrumb":{"@id":"https:\/\/pulso27.com\/regional\/senamhi-advierte-sobre-temperaturas-calidas-que-afectan-cultivos-en-el-norte-del-peru\/#breadcrumb"},"inLanguage":"es-PE","potentialAction":[{"@type":"ReadAction","target":["https:\/\/pulso27.com\/regional\/senamhi-advierte-sobre-temperaturas-calidas-que-afectan-cultivos-en-el-norte-del-peru\/"]}]},{"@type":"ImageObject","inLanguage":"es-PE","@id":"https:\/\/pulso27.com\/regional\/senamhi-advierte-sobre-temperaturas-calidas-que-afectan-cultivos-en-el-norte-del-peru\/#primaryimage","url":"https:\/\/pulso27.com\/wp-content\/uploads\/2024\/12\/MangoNor.png","contentUrl":"https:\/\/pulso27.com\/wp-content\/uploads\/2024\/12\/MangoNor.png","width":1200,"height":675,"caption":"Mango afectado por el calor"},{"@type":"BreadcrumbList","@id":"https:\/\/pulso27.com\/regional\/senamhi-advierte-sobre-temperaturas-calidas-que-afectan-cultivos-en-el-norte-del-peru\/#breadcrumb","itemListElement":[{"@type":"ListItem","position":1,"name":"Portada","item":"https:\/\/pulso27.com\/"},{"@type":"ListItem","position":2,"name":"SENAMHI advierte sobre temperaturas c\u00e1lidas que afectan cultivos en el norte del Per\u00fa"}]},{"@type":"WebSite","@id":"https:\/\/pulso27.com\/en\/#website","url":"https:\/\/pulso27.com\/en\/","name":"Pulso27","description":"Web de noticias y publicidad","publisher":{"@id":"https:\/\/pulso27.com\/en\/#organization"},"alternateName":"El pulso del pueblo","potentialAction":[{"@type":"SearchAction","target":{"@type":"EntryPoint","urlTemplate":"https:\/\/pulso27.com\/en\/?s={search_term_string}"},"query-input":{"@type":"PropertyValueSpecification","valueRequired":true,"valueName":"search_term_string"}}],"inLanguage":"es-PE"},{"@type":"Organization","@id":"https:\/\/pulso27.com\/en\/#organization","name":"Pulso27","url":"https:\/\/pulso27.com\/en\/","logo":{"@type":"ImageObject","inLanguage":"es-PE","@id":"https:\/\/pulso27.com\/en\/#\/schema\/logo\/image\/","url":"https:\/\/pulso27.com\/wp-content\/uploads\/2026\/02\/Logotipo-de-la-organizacion-696-x-696-px-ok.png","contentUrl":"https:\/\/pulso27.com\/wp-content\/uploads\/2026\/02\/Logotipo-de-la-organizacion-696-x-696-px-ok.png","width":696,"height":696,"caption":"Pulso27"},"image":{"@id":"https:\/\/pulso27.com\/en\/#\/schema\/logo\/image\/"},"sameAs":["https:\/\/www.facebook.com\/pulso27\/","https:\/\/x.com\/Pulso_27","https:\/\/www.youtube.com\/@Pulso27","https:\/\/www.tiktok.com\/@pulso_27"]},{"@type":"Person","@id":"https:\/\/pulso27.com\/en\/#\/schema\/person\/92f5059eb04cb644a32d22c9bc998684","name":"Maga","image":{"@type":"ImageObject","inLanguage":"es-PE","@id":"https:\/\/secure.gravatar.com\/avatar\/c4d5224d4227e7c057cd5793ba910425cc902f3aef97cda3eccc7acba8be2edc?s=96&d=mm&r=g","url":"https:\/\/secure.gravatar.com\/avatar\/c4d5224d4227e7c057cd5793ba910425cc902f3aef97cda3eccc7acba8be2edc?s=96&d=mm&r=g","contentUrl":"https:\/\/secure.gravatar.com\/avatar\/c4d5224d4227e7c057cd5793ba910425cc902f3aef97cda3eccc7acba8be2edc?s=96&d=mm&r=g","caption":"Maga"},"sameAs":["http:\/\/www.pulso27.com"],"url":"https:\/\/pulso27.com\/es\/author\/maga\/"}]}},"amp_enabled":true,"_links":{"self":[{"href":"https:\/\/pulso27.com\/es\/wp-json\/wp\/v2\/posts\/3112","targetHints":{"allow":["GET"]}}],"collection":[{"href":"https:\/\/pulso27.com\/es\/wp-json\/wp\/v2\/posts"}],"about":[{"href":"https:\/\/pulso27.com\/es\/wp-json\/wp\/v2\/types\/post"}],"author":[{"embeddable":true,"href":"https:\/\/pulso27.com\/es\/wp-json\/wp\/v2\/users\/8"}],"replies":[{"embeddable":true,"href":"https:\/\/pulso27.com\/es\/wp-json\/wp\/v2\/comments?post=3112"}],"version-history":[{"count":3,"href":"https:\/\/pulso27.com\/es\/wp-json\/wp\/v2\/posts\/3112\/revisions"}],"predecessor-version":[{"id":3121,"href":"https:\/\/pulso27.com\/es\/wp-json\/wp\/v2\/posts\/3112\/revisions\/3121"}],"wp:featuredmedia":[{"embeddable":true,"href":"https:\/\/pulso27.com\/es\/wp-json\/wp\/v2\/media\/3113"}],"wp:attachment":[{"href":"https:\/\/pulso27.com\/es\/wp-json\/wp\/v2\/media?parent=3112"}],"wp:term":[{"taxonomy":"category","embeddable":true,"href":"https:\/\/pulso27.com\/es\/wp-json\/wp\/v2\/categories?post=3112"},{"taxonomy":"post_tag","embeddable":true,"href":"https:\/\/pulso27.com\/es\/wp-json\/wp\/v2\/tags?post=3112"}],"curies":[{"name":"wp","href":"https:\/\/api.w.org\/{rel}","templated":true}]}}