{"id":3123,"date":"2024-12-13T10:08:15","date_gmt":"2024-12-13T05:08:15","guid":{"rendered":"https:\/\/pulso27.com\/?p=3123"},"modified":"2024-12-13T10:08:18","modified_gmt":"2024-12-13T05:08:18","slug":"el-fujimorismo-y-sus-satelites-no-lograron-aprobar-la-reeleccion-de-gobernadores-y-alcaldes-ni-la-eliminacion-de-movimientos-regionales","status":"publish","type":"post","link":"https:\/\/pulso27.com\/es\/actualidad\/politica\/el-fujimorismo-y-sus-satelites-no-lograron-aprobar-la-reeleccion-de-gobernadores-y-alcaldes-ni-la-eliminacion-de-movimientos-regionales\/","title":{"rendered":"El fujimorismo y sus sat\u00e9lites no lograron aprobar la reelecci\u00f3n de gobernadores y alcaldes, ni la eliminaci\u00f3n de movimientos regionales"},"content":{"rendered":"\n<p>En un intento fallido que ha revivido el debate sobre la din\u00e1mica pol\u00edtica del Per\u00fa, el Congreso de la Rep\u00fablica no logr\u00f3 aprobar la ley que permitir\u00eda la reelecci\u00f3n inmediata de gobernadores y alcaldes, ni la eliminaci\u00f3n de los movimientos regionales.<\/p>\n\n\n\n<p>La votaci\u00f3n, que arroj\u00f3 70 votos a favor, fue respaldada principalmente por las bancadas de Fuerza Popular, Alianza Para el Progreso (APP), Per\u00fa Libre, Avanza Pa\u00eds, Somos Per\u00fa, Renovaci\u00f3n Popular y Honor y Democracia. Encontrando resistencia entre bancadas como Podemos Per\u00fa, Bloque Magisterial, Acci\u00f3n Popular, Juntos por el Per\u00fa &#8211; Voces del Pueblo, y el Bloque Democr\u00e1tico Popular.<\/p>\n\n\n\n<figure class=\"wp-block-image size-large\"><img loading=\"lazy\" decoding=\"async\" width=\"1024\" height=\"682\" src=\"https:\/\/pulso27.com\/wp-content\/uploads\/2024\/12\/image-38-1024x682.png\" alt=\"\" class=\"wp-image-3125\" srcset=\"https:\/\/pulso27.com\/wp-content\/uploads\/2024\/12\/image-38-1024x682.png 1024w, https:\/\/pulso27.com\/wp-content\/uploads\/2024\/12\/image-38-300x200.png 300w, https:\/\/pulso27.com\/wp-content\/uploads\/2024\/12\/image-38-768x512.png 768w, https:\/\/pulso27.com\/wp-content\/uploads\/2024\/12\/image-38-1536x1023.png 1536w, https:\/\/pulso27.com\/wp-content\/uploads\/2024\/12\/image-38-18x12.png 18w, https:\/\/pulso27.com\/wp-content\/uploads\/2024\/12\/image-38.png 1600w\" sizes=\"auto, (max-width: 1024px) 100vw, 1024px\" \/><figcaption class=\"wp-element-caption\"><em>70 congresistas votaron a favor de la reelecci\u00f3n de gobernadores y alcaldes<\/em><\/figcaption><\/figure>\n\n\n\n<p>La iniciativa, que buscaba modificar la Constituci\u00f3n, fue defendida con el argumento de que permitir\u00eda la continuidad de \u201calcaldes y gobernadores que hicieron las cosas bien\u201d, seg\u00fan el congresista Fernando Rospigliosi. Sin embargo, este enfoque ha sido duramente criticado por diversos legisladores, quienes advirtieron que la propuesta podr\u00eda abrir la puerta a la corrupci\u00f3n y socavar los principios de la alternancia pol\u00edtica, esenciales para una democracia saludable.<\/p>\n\n\n\n<p>La congresista Margot Palacios Huam\u00e1n expres\u00f3 que esta continuidad en el poder podr\u00eda debilitar la representatividad y limitar la llegada de nuevas propuestas y liderazgos necesarios para revitalizar la gesti\u00f3n p\u00fablica. La oposici\u00f3n tambi\u00e9n destac\u00f3 que eliminar los movimientos regionales supondr\u00eda un grave atentado contra la diversidad pol\u00edtica y la representaci\u00f3n a nivel territorial. \u00abSe busca monopolizar el poder en manos de partidos tradicionales\u00bb, enfatiz\u00f3 Palacios. Este argumento se fortalece en un contexto donde los movimientos regionales han sido fundamentales para reflejar la pluralidad y las necesidades locales, a menudo ignoradas por las grandes agrupaciones pol\u00edticas.<\/p>\n\n\n\n<figure class=\"wp-block-image size-large\"><img loading=\"lazy\" decoding=\"async\" width=\"1024\" height=\"683\" src=\"https:\/\/pulso27.com\/wp-content\/uploads\/2024\/12\/image-39-1024x683.png\" alt=\"\" class=\"wp-image-3126\" srcset=\"https:\/\/pulso27.com\/wp-content\/uploads\/2024\/12\/image-39-1024x683.png 1024w, https:\/\/pulso27.com\/wp-content\/uploads\/2024\/12\/image-39-300x200.png 300w, https:\/\/pulso27.com\/wp-content\/uploads\/2024\/12\/image-39-768x512.png 768w, https:\/\/pulso27.com\/wp-content\/uploads\/2024\/12\/image-39-1536x1025.png 1536w, https:\/\/pulso27.com\/wp-content\/uploads\/2024\/12\/image-39-18x12.png 18w, https:\/\/pulso27.com\/wp-content\/uploads\/2024\/12\/image-39.png 2048w\" sizes=\"auto, (max-width: 1024px) 100vw, 1024px\" \/><figcaption class=\"wp-element-caption\"><em>La congresistas Margot Palacios Huam\u00e1n fue la principal opositora a la eliminaci\u00f3n de los movimientos regionales y la reelecci\u00f3n de gobernadores y alcaldes<\/em><\/figcaption><\/figure>\n\n\n\n<p>Por otro lado, el gobernador regional de La Libertad, C\u00e9sar Acu\u00f1a, uno de los l\u00edderes m\u00e1s prominentes de la APP, lament\u00f3 la decisi\u00f3n del Congreso, sugiriendo que esta podr\u00eda frenar el progreso de obras y gestiones en beneficio de la comunidad. Para Acu\u00f1a, la reelecci\u00f3n es necesaria para dar continuidad a los proyectos en los territorios administrados.<\/p>\n\n\n\n<p>El debate se intensific\u00f3 en la sesi\u00f3n, donde legisladores de izquierda argumentaron que la eliminaci\u00f3n de los movimientos regionales equilibra los espacios de participaci\u00f3n ciudadana, relegando a foros m\u00e1s amplios y democr\u00e1ticos a favor de un sistema m\u00e1s centralizado que favorece a las c\u00fapulas de los partidos nacionales. Esto ha despertado preocupaciones sobre el futuro de la representaci\u00f3n pol\u00edtica en un pa\u00eds ya polarizado y en constante lucha por consolidar su proceso democr\u00e1tico.<\/p>\n\n\n\n<figure class=\"wp-block-image size-full is-resized\"><img loading=\"lazy\" decoding=\"async\" width=\"640\" height=\"371\" src=\"https:\/\/pulso27.com\/wp-content\/uploads\/2024\/12\/image-40.png\" alt=\"\" class=\"wp-image-3127\" style=\"width:740px;height:auto\" srcset=\"https:\/\/pulso27.com\/wp-content\/uploads\/2024\/12\/image-40.png 640w, https:\/\/pulso27.com\/wp-content\/uploads\/2024\/12\/image-40-300x174.png 300w, https:\/\/pulso27.com\/wp-content\/uploads\/2024\/12\/image-40-18x10.png 18w\" sizes=\"auto, (max-width: 640px) 100vw, 640px\" \/><figcaption class=\"wp-element-caption\"><em>La congresista Martha Moyano fue la principal defensora de la eliminaci\u00f3n de los movimientos regionales y la aprobaci\u00f3n de la reelecci\u00f3n de gobernadores y alcaldes<\/em><\/figcaption><\/figure>\n\n\n\n<p>La derrota del fujimorismo en su intentona reeleccionista para favorecer a sus aliados en las regiones y municipalidades. La propuesta, adem\u00e1s, deja en evidencia que las maniobras legislativas en torno a la reelecci\u00f3n y control de movimientos regionales se encuentran en el centro de una lucha m\u00e1s amplia por la legitimidad y diversidad en el sistema pol\u00edtico peruano. Este episodio resalta la necesidad de un di\u00e1logo m\u00e1s inclusivo y una reevaluaci\u00f3n de las prioridades legislativas que puedan fortalecer la democracia y la representaci\u00f3n en el pa\u00eds.<\/p>\n","protected":false},"excerpt":{"rendered":"<p>En un intento fallido que ha revivido el debate sobre la din\u00e1mica pol\u00edtica del Per\u00fa, el Congreso de la Rep\u00fablica no logr\u00f3 aprobar la ley que permitir\u00eda la reelecci\u00f3n inmediata de gobernadores y alcaldes, ni la eliminaci\u00f3n de los movimientos regionales. La votaci\u00f3n, que arroj\u00f3 70 votos a favor, fue respaldada principalmente por las bancadas [&hellip;]<\/p>\n","protected":false},"author":10,"featured_media":3124,"comment_status":"open","ping_status":"open","sticky":false,"template":"","format":"standard","meta":{"footnotes":""},"categories":[183,174,180],"tags":[1946,1945,1947,623],"class_list":["post-3123","post","type-post","status-publish","format-standard","has-post-thumbnail","hentry","category-actualidad","category-nacional","category-politica","tag-alcaldes","tag-gobernadores","tag-movimientosregionales","tag-reeleccion"],"yoast_head":"<!-- This site is optimized with the Yoast SEO plugin v27.4 - https:\/\/yoast.com\/product\/yoast-seo-wordpress\/ -->\n<title>El fujimorismo y sus sat\u00e9lites no lograron aprobar la reelecci\u00f3n de gobernadores y alcaldes, ni la eliminaci\u00f3n de movimientos regionales - Pulso27<\/title>\n<meta name=\"robots\" content=\"index, follow, max-snippet:-1, max-image-preview:large, max-video-preview:-1\" \/>\n<link rel=\"canonical\" href=\"https:\/\/pulso27.com\/es\/nacional\/el-fujimorismo-y-sus-satelites-no-lograron-aprobar-la-reeleccion-de-gobernadores-y-alcaldes-ni-la-eliminacion-de-movimientos-regionales\/\" \/>\n<meta property=\"og:locale\" content=\"es_ES\" \/>\n<meta property=\"og:type\" content=\"article\" \/>\n<meta property=\"og:title\" content=\"El fujimorismo y sus sat\u00e9lites no lograron aprobar la reelecci\u00f3n de gobernadores y alcaldes, ni la eliminaci\u00f3n de movimientos regionales - Pulso27\" \/>\n<meta property=\"og:description\" content=\"En un intento fallido que ha revivido el debate sobre la din\u00e1mica pol\u00edtica del Per\u00fa, el Congreso de la Rep\u00fablica no logr\u00f3 aprobar la ley que permitir\u00eda la reelecci\u00f3n inmediata de gobernadores y alcaldes, ni la eliminaci\u00f3n de los movimientos regionales. La votaci\u00f3n, que arroj\u00f3 70 votos a favor, fue respaldada principalmente por las bancadas [&hellip;]\" \/>\n<meta property=\"og:url\" content=\"https:\/\/pulso27.com\/es\/nacional\/el-fujimorismo-y-sus-satelites-no-lograron-aprobar-la-reeleccion-de-gobernadores-y-alcaldes-ni-la-eliminacion-de-movimientos-regionales\/\" \/>\n<meta property=\"og:site_name\" content=\"Pulso27\" \/>\n<meta property=\"article:publisher\" content=\"https:\/\/www.facebook.com\/pulso27\/\" \/>\n<meta property=\"article:published_time\" content=\"2024-12-13T05:08:15+00:00\" \/>\n<meta property=\"article:modified_time\" content=\"2024-12-13T05:08:18+00:00\" \/>\n<meta property=\"og:image\" content=\"https:\/\/pulso27.com\/wp-content\/uploads\/2024\/12\/ReeleccionFrac.png\" \/>\n\t<meta property=\"og:image:width\" content=\"1200\" \/>\n\t<meta property=\"og:image:height\" content=\"676\" \/>\n\t<meta property=\"og:image:type\" content=\"image\/png\" \/>\n<meta name=\"author\" content=\"El Muki\" \/>\n<meta name=\"twitter:card\" content=\"summary_large_image\" \/>\n<meta name=\"twitter:creator\" content=\"@Pulso_27\" \/>\n<meta name=\"twitter:site\" content=\"@Pulso_27\" \/>\n<meta name=\"twitter:label1\" content=\"Written by\" \/>\n\t<meta name=\"twitter:data1\" content=\"El Muki\" \/>\n\t<meta name=\"twitter:label2\" content=\"Est. reading time\" \/>\n\t<meta name=\"twitter:data2\" content=\"4 minutos\" \/>\n<script type=\"application\/ld+json\" class=\"yoast-schema-graph\">{\"@context\":\"https:\\\/\\\/schema.org\",\"@graph\":[{\"@type\":\"Article\",\"@id\":\"https:\\\/\\\/pulso27.com\\\/nacional\\\/el-fujimorismo-y-sus-satelites-no-lograron-aprobar-la-reeleccion-de-gobernadores-y-alcaldes-ni-la-eliminacion-de-movimientos-regionales\\\/#article\",\"isPartOf\":{\"@id\":\"https:\\\/\\\/pulso27.com\\\/nacional\\\/el-fujimorismo-y-sus-satelites-no-lograron-aprobar-la-reeleccion-de-gobernadores-y-alcaldes-ni-la-eliminacion-de-movimientos-regionales\\\/\"},\"author\":{\"name\":\"El Muki\",\"@id\":\"https:\\\/\\\/pulso27.com\\\/en\\\/#\\\/schema\\\/person\\\/a0930a7f318e7d9d83bd7cffed9f34f6\"},\"headline\":\"El fujimorismo y sus sat\u00e9lites no lograron aprobar la reelecci\u00f3n de gobernadores y alcaldes, ni la eliminaci\u00f3n de movimientos regionales\",\"datePublished\":\"2024-12-13T05:08:15+00:00\",\"dateModified\":\"2024-12-13T05:08:18+00:00\",\"mainEntityOfPage\":{\"@id\":\"https:\\\/\\\/pulso27.com\\\/nacional\\\/el-fujimorismo-y-sus-satelites-no-lograron-aprobar-la-reeleccion-de-gobernadores-y-alcaldes-ni-la-eliminacion-de-movimientos-regionales\\\/\"},\"wordCount\":621,\"commentCount\":0,\"publisher\":{\"@id\":\"https:\\\/\\\/pulso27.com\\\/en\\\/#organization\"},\"image\":{\"@id\":\"https:\\\/\\\/pulso27.com\\\/nacional\\\/el-fujimorismo-y-sus-satelites-no-lograron-aprobar-la-reeleccion-de-gobernadores-y-alcaldes-ni-la-eliminacion-de-movimientos-regionales\\\/#primaryimage\"},\"thumbnailUrl\":\"https:\\\/\\\/pulso27.com\\\/wp-content\\\/uploads\\\/2024\\\/12\\\/ReeleccionFrac.png\",\"keywords\":[\"Alcaldes\",\"Gobernadores\",\"MovimientosRegionales\",\"Reelecci\u00f3n\"],\"articleSection\":[\"Actualidad\",\"Nacional\",\"Pol\u00edtica\"],\"inLanguage\":\"es-PE\",\"potentialAction\":[{\"@type\":\"CommentAction\",\"name\":\"Comment\",\"target\":[\"https:\\\/\\\/pulso27.com\\\/nacional\\\/el-fujimorismo-y-sus-satelites-no-lograron-aprobar-la-reeleccion-de-gobernadores-y-alcaldes-ni-la-eliminacion-de-movimientos-regionales\\\/#respond\"]}]},{\"@type\":\"WebPage\",\"@id\":\"https:\\\/\\\/pulso27.com\\\/nacional\\\/el-fujimorismo-y-sus-satelites-no-lograron-aprobar-la-reeleccion-de-gobernadores-y-alcaldes-ni-la-eliminacion-de-movimientos-regionales\\\/\",\"url\":\"https:\\\/\\\/pulso27.com\\\/nacional\\\/el-fujimorismo-y-sus-satelites-no-lograron-aprobar-la-reeleccion-de-gobernadores-y-alcaldes-ni-la-eliminacion-de-movimientos-regionales\\\/\",\"name\":\"El fujimorismo y sus sat\u00e9lites no lograron aprobar la reelecci\u00f3n de gobernadores y alcaldes, ni la eliminaci\u00f3n de movimientos regionales - Pulso27\",\"isPartOf\":{\"@id\":\"https:\\\/\\\/pulso27.com\\\/en\\\/#website\"},\"primaryImageOfPage\":{\"@id\":\"https:\\\/\\\/pulso27.com\\\/nacional\\\/el-fujimorismo-y-sus-satelites-no-lograron-aprobar-la-reeleccion-de-gobernadores-y-alcaldes-ni-la-eliminacion-de-movimientos-regionales\\\/#primaryimage\"},\"image\":{\"@id\":\"https:\\\/\\\/pulso27.com\\\/nacional\\\/el-fujimorismo-y-sus-satelites-no-lograron-aprobar-la-reeleccion-de-gobernadores-y-alcaldes-ni-la-eliminacion-de-movimientos-regionales\\\/#primaryimage\"},\"thumbnailUrl\":\"https:\\\/\\\/pulso27.com\\\/wp-content\\\/uploads\\\/2024\\\/12\\\/ReeleccionFrac.png\",\"datePublished\":\"2024-12-13T05:08:15+00:00\",\"dateModified\":\"2024-12-13T05:08:18+00:00\",\"breadcrumb\":{\"@id\":\"https:\\\/\\\/pulso27.com\\\/nacional\\\/el-fujimorismo-y-sus-satelites-no-lograron-aprobar-la-reeleccion-de-gobernadores-y-alcaldes-ni-la-eliminacion-de-movimientos-regionales\\\/#breadcrumb\"},\"inLanguage\":\"es-PE\",\"potentialAction\":[{\"@type\":\"ReadAction\",\"target\":[\"https:\\\/\\\/pulso27.com\\\/nacional\\\/el-fujimorismo-y-sus-satelites-no-lograron-aprobar-la-reeleccion-de-gobernadores-y-alcaldes-ni-la-eliminacion-de-movimientos-regionales\\\/\"]}]},{\"@type\":\"ImageObject\",\"inLanguage\":\"es-PE\",\"@id\":\"https:\\\/\\\/pulso27.com\\\/nacional\\\/el-fujimorismo-y-sus-satelites-no-lograron-aprobar-la-reeleccion-de-gobernadores-y-alcaldes-ni-la-eliminacion-de-movimientos-regionales\\\/#primaryimage\",\"url\":\"https:\\\/\\\/pulso27.com\\\/wp-content\\\/uploads\\\/2024\\\/12\\\/ReeleccionFrac.png\",\"contentUrl\":\"https:\\\/\\\/pulso27.com\\\/wp-content\\\/uploads\\\/2024\\\/12\\\/ReeleccionFrac.png\",\"width\":1200,\"height\":676,\"caption\":\"El Congreso de la Rep\u00fablica no pudo aprobar\"},{\"@type\":\"BreadcrumbList\",\"@id\":\"https:\\\/\\\/pulso27.com\\\/nacional\\\/el-fujimorismo-y-sus-satelites-no-lograron-aprobar-la-reeleccion-de-gobernadores-y-alcaldes-ni-la-eliminacion-de-movimientos-regionales\\\/#breadcrumb\",\"itemListElement\":[{\"@type\":\"ListItem\",\"position\":1,\"name\":\"Portada\",\"item\":\"https:\\\/\\\/pulso27.com\\\/\"},{\"@type\":\"ListItem\",\"position\":2,\"name\":\"El fujimorismo y sus sat\u00e9lites no lograron aprobar la reelecci\u00f3n de gobernadores y alcaldes, ni la eliminaci\u00f3n de movimientos regionales\"}]},{\"@type\":\"WebSite\",\"@id\":\"https:\\\/\\\/pulso27.com\\\/en\\\/#website\",\"url\":\"https:\\\/\\\/pulso27.com\\\/en\\\/\",\"name\":\"Pulso27\",\"description\":\"Web de noticias y publicidad\",\"publisher\":{\"@id\":\"https:\\\/\\\/pulso27.com\\\/en\\\/#organization\"},\"alternateName\":\"El pulso del pueblo\",\"potentialAction\":[{\"@type\":\"SearchAction\",\"target\":{\"@type\":\"EntryPoint\",\"urlTemplate\":\"https:\\\/\\\/pulso27.com\\\/en\\\/?s={search_term_string}\"},\"query-input\":{\"@type\":\"PropertyValueSpecification\",\"valueRequired\":true,\"valueName\":\"search_term_string\"}}],\"inLanguage\":\"es-PE\"},{\"@type\":\"Organization\",\"@id\":\"https:\\\/\\\/pulso27.com\\\/en\\\/#organization\",\"name\":\"Pulso27\",\"url\":\"https:\\\/\\\/pulso27.com\\\/en\\\/\",\"logo\":{\"@type\":\"ImageObject\",\"inLanguage\":\"es-PE\",\"@id\":\"https:\\\/\\\/pulso27.com\\\/en\\\/#\\\/schema\\\/logo\\\/image\\\/\",\"url\":\"https:\\\/\\\/pulso27.com\\\/wp-content\\\/uploads\\\/2026\\\/02\\\/Logotipo-de-la-organizacion-696-x-696-px-ok.png\",\"contentUrl\":\"https:\\\/\\\/pulso27.com\\\/wp-content\\\/uploads\\\/2026\\\/02\\\/Logotipo-de-la-organizacion-696-x-696-px-ok.png\",\"width\":696,\"height\":696,\"caption\":\"Pulso27\"},\"image\":{\"@id\":\"https:\\\/\\\/pulso27.com\\\/en\\\/#\\\/schema\\\/logo\\\/image\\\/\"},\"sameAs\":[\"https:\\\/\\\/www.facebook.com\\\/pulso27\\\/\",\"https:\\\/\\\/x.com\\\/Pulso_27\",\"https:\\\/\\\/www.youtube.com\\\/@Pulso27\",\"https:\\\/\\\/www.tiktok.com\\\/@pulso_27\"]},{\"@type\":\"Person\",\"@id\":\"https:\\\/\\\/pulso27.com\\\/en\\\/#\\\/schema\\\/person\\\/a0930a7f318e7d9d83bd7cffed9f34f6\",\"name\":\"El Muki\",\"image\":{\"@type\":\"ImageObject\",\"inLanguage\":\"es-PE\",\"@id\":\"https:\\\/\\\/secure.gravatar.com\\\/avatar\\\/dc91c2607c5eebda74cbb40d13031f489096c96ead89c4c30c17db262267b2b3?s=96&d=mm&r=g\",\"url\":\"https:\\\/\\\/secure.gravatar.com\\\/avatar\\\/dc91c2607c5eebda74cbb40d13031f489096c96ead89c4c30c17db262267b2b3?s=96&d=mm&r=g\",\"contentUrl\":\"https:\\\/\\\/secure.gravatar.com\\\/avatar\\\/dc91c2607c5eebda74cbb40d13031f489096c96ead89c4c30c17db262267b2b3?s=96&d=mm&r=g\",\"caption\":\"El Muki\"},\"sameAs\":[\"http:\\\/\\\/www.pulso27.com\"],\"url\":\"https:\\\/\\\/pulso27.com\\\/es\\\/author\\\/elcuervo\\\/\"}]}<\/script>\n<!-- \/ Yoast SEO plugin. -->","yoast_head_json":{"title":"El fujimorismo y sus sat\u00e9lites no lograron aprobar la reelecci\u00f3n de gobernadores y alcaldes, ni la eliminaci\u00f3n de movimientos regionales - Pulso27","robots":{"index":"index","follow":"follow","max-snippet":"max-snippet:-1","max-image-preview":"max-image-preview:large","max-video-preview":"max-video-preview:-1"},"canonical":"https:\/\/pulso27.com\/es\/nacional\/el-fujimorismo-y-sus-satelites-no-lograron-aprobar-la-reeleccion-de-gobernadores-y-alcaldes-ni-la-eliminacion-de-movimientos-regionales\/","og_locale":"es_ES","og_type":"article","og_title":"El fujimorismo y sus sat\u00e9lites no lograron aprobar la reelecci\u00f3n de gobernadores y alcaldes, ni la eliminaci\u00f3n de movimientos regionales - Pulso27","og_description":"En un intento fallido que ha revivido el debate sobre la din\u00e1mica pol\u00edtica del Per\u00fa, el Congreso de la Rep\u00fablica no logr\u00f3 aprobar la ley que permitir\u00eda la reelecci\u00f3n inmediata de gobernadores y alcaldes, ni la eliminaci\u00f3n de los movimientos regionales. La votaci\u00f3n, que arroj\u00f3 70 votos a favor, fue respaldada principalmente por las bancadas [&hellip;]","og_url":"https:\/\/pulso27.com\/es\/nacional\/el-fujimorismo-y-sus-satelites-no-lograron-aprobar-la-reeleccion-de-gobernadores-y-alcaldes-ni-la-eliminacion-de-movimientos-regionales\/","og_site_name":"Pulso27","article_publisher":"https:\/\/www.facebook.com\/pulso27\/","article_published_time":"2024-12-13T05:08:15+00:00","article_modified_time":"2024-12-13T05:08:18+00:00","og_image":[{"width":1200,"height":676,"url":"https:\/\/pulso27.com\/wp-content\/uploads\/2024\/12\/ReeleccionFrac.png","type":"image\/png"}],"author":"El Muki","twitter_card":"summary_large_image","twitter_creator":"@Pulso_27","twitter_site":"@Pulso_27","twitter_misc":{"Written by":"El Muki","Est. reading time":"4 minutos"},"schema":{"@context":"https:\/\/schema.org","@graph":[{"@type":"Article","@id":"https:\/\/pulso27.com\/nacional\/el-fujimorismo-y-sus-satelites-no-lograron-aprobar-la-reeleccion-de-gobernadores-y-alcaldes-ni-la-eliminacion-de-movimientos-regionales\/#article","isPartOf":{"@id":"https:\/\/pulso27.com\/nacional\/el-fujimorismo-y-sus-satelites-no-lograron-aprobar-la-reeleccion-de-gobernadores-y-alcaldes-ni-la-eliminacion-de-movimientos-regionales\/"},"author":{"name":"El Muki","@id":"https:\/\/pulso27.com\/en\/#\/schema\/person\/a0930a7f318e7d9d83bd7cffed9f34f6"},"headline":"El fujimorismo y sus sat\u00e9lites no lograron aprobar la reelecci\u00f3n de gobernadores y alcaldes, ni la eliminaci\u00f3n de movimientos regionales","datePublished":"2024-12-13T05:08:15+00:00","dateModified":"2024-12-13T05:08:18+00:00","mainEntityOfPage":{"@id":"https:\/\/pulso27.com\/nacional\/el-fujimorismo-y-sus-satelites-no-lograron-aprobar-la-reeleccion-de-gobernadores-y-alcaldes-ni-la-eliminacion-de-movimientos-regionales\/"},"wordCount":621,"commentCount":0,"publisher":{"@id":"https:\/\/pulso27.com\/en\/#organization"},"image":{"@id":"https:\/\/pulso27.com\/nacional\/el-fujimorismo-y-sus-satelites-no-lograron-aprobar-la-reeleccion-de-gobernadores-y-alcaldes-ni-la-eliminacion-de-movimientos-regionales\/#primaryimage"},"thumbnailUrl":"https:\/\/pulso27.com\/wp-content\/uploads\/2024\/12\/ReeleccionFrac.png","keywords":["Alcaldes","Gobernadores","MovimientosRegionales","Reelecci\u00f3n"],"articleSection":["Actualidad","Nacional","Pol\u00edtica"],"inLanguage":"es-PE","potentialAction":[{"@type":"CommentAction","name":"Comment","target":["https:\/\/pulso27.com\/nacional\/el-fujimorismo-y-sus-satelites-no-lograron-aprobar-la-reeleccion-de-gobernadores-y-alcaldes-ni-la-eliminacion-de-movimientos-regionales\/#respond"]}]},{"@type":"WebPage","@id":"https:\/\/pulso27.com\/nacional\/el-fujimorismo-y-sus-satelites-no-lograron-aprobar-la-reeleccion-de-gobernadores-y-alcaldes-ni-la-eliminacion-de-movimientos-regionales\/","url":"https:\/\/pulso27.com\/nacional\/el-fujimorismo-y-sus-satelites-no-lograron-aprobar-la-reeleccion-de-gobernadores-y-alcaldes-ni-la-eliminacion-de-movimientos-regionales\/","name":"El fujimorismo y sus sat\u00e9lites no lograron aprobar la reelecci\u00f3n de gobernadores y alcaldes, ni la eliminaci\u00f3n de movimientos regionales - Pulso27","isPartOf":{"@id":"https:\/\/pulso27.com\/en\/#website"},"primaryImageOfPage":{"@id":"https:\/\/pulso27.com\/nacional\/el-fujimorismo-y-sus-satelites-no-lograron-aprobar-la-reeleccion-de-gobernadores-y-alcaldes-ni-la-eliminacion-de-movimientos-regionales\/#primaryimage"},"image":{"@id":"https:\/\/pulso27.com\/nacional\/el-fujimorismo-y-sus-satelites-no-lograron-aprobar-la-reeleccion-de-gobernadores-y-alcaldes-ni-la-eliminacion-de-movimientos-regionales\/#primaryimage"},"thumbnailUrl":"https:\/\/pulso27.com\/wp-content\/uploads\/2024\/12\/ReeleccionFrac.png","datePublished":"2024-12-13T05:08:15+00:00","dateModified":"2024-12-13T05:08:18+00:00","breadcrumb":{"@id":"https:\/\/pulso27.com\/nacional\/el-fujimorismo-y-sus-satelites-no-lograron-aprobar-la-reeleccion-de-gobernadores-y-alcaldes-ni-la-eliminacion-de-movimientos-regionales\/#breadcrumb"},"inLanguage":"es-PE","potentialAction":[{"@type":"ReadAction","target":["https:\/\/pulso27.com\/nacional\/el-fujimorismo-y-sus-satelites-no-lograron-aprobar-la-reeleccion-de-gobernadores-y-alcaldes-ni-la-eliminacion-de-movimientos-regionales\/"]}]},{"@type":"ImageObject","inLanguage":"es-PE","@id":"https:\/\/pulso27.com\/nacional\/el-fujimorismo-y-sus-satelites-no-lograron-aprobar-la-reeleccion-de-gobernadores-y-alcaldes-ni-la-eliminacion-de-movimientos-regionales\/#primaryimage","url":"https:\/\/pulso27.com\/wp-content\/uploads\/2024\/12\/ReeleccionFrac.png","contentUrl":"https:\/\/pulso27.com\/wp-content\/uploads\/2024\/12\/ReeleccionFrac.png","width":1200,"height":676,"caption":"El Congreso de la Rep\u00fablica no pudo aprobar"},{"@type":"BreadcrumbList","@id":"https:\/\/pulso27.com\/nacional\/el-fujimorismo-y-sus-satelites-no-lograron-aprobar-la-reeleccion-de-gobernadores-y-alcaldes-ni-la-eliminacion-de-movimientos-regionales\/#breadcrumb","itemListElement":[{"@type":"ListItem","position":1,"name":"Portada","item":"https:\/\/pulso27.com\/"},{"@type":"ListItem","position":2,"name":"El fujimorismo y sus sat\u00e9lites no lograron aprobar la reelecci\u00f3n de gobernadores y alcaldes, ni la eliminaci\u00f3n de movimientos regionales"}]},{"@type":"WebSite","@id":"https:\/\/pulso27.com\/en\/#website","url":"https:\/\/pulso27.com\/en\/","name":"Pulso27","description":"Web de noticias y publicidad","publisher":{"@id":"https:\/\/pulso27.com\/en\/#organization"},"alternateName":"El pulso del pueblo","potentialAction":[{"@type":"SearchAction","target":{"@type":"EntryPoint","urlTemplate":"https:\/\/pulso27.com\/en\/?s={search_term_string}"},"query-input":{"@type":"PropertyValueSpecification","valueRequired":true,"valueName":"search_term_string"}}],"inLanguage":"es-PE"},{"@type":"Organization","@id":"https:\/\/pulso27.com\/en\/#organization","name":"Pulso27","url":"https:\/\/pulso27.com\/en\/","logo":{"@type":"ImageObject","inLanguage":"es-PE","@id":"https:\/\/pulso27.com\/en\/#\/schema\/logo\/image\/","url":"https:\/\/pulso27.com\/wp-content\/uploads\/2026\/02\/Logotipo-de-la-organizacion-696-x-696-px-ok.png","contentUrl":"https:\/\/pulso27.com\/wp-content\/uploads\/2026\/02\/Logotipo-de-la-organizacion-696-x-696-px-ok.png","width":696,"height":696,"caption":"Pulso27"},"image":{"@id":"https:\/\/pulso27.com\/en\/#\/schema\/logo\/image\/"},"sameAs":["https:\/\/www.facebook.com\/pulso27\/","https:\/\/x.com\/Pulso_27","https:\/\/www.youtube.com\/@Pulso27","https:\/\/www.tiktok.com\/@pulso_27"]},{"@type":"Person","@id":"https:\/\/pulso27.com\/en\/#\/schema\/person\/a0930a7f318e7d9d83bd7cffed9f34f6","name":"El Muki","image":{"@type":"ImageObject","inLanguage":"es-PE","@id":"https:\/\/secure.gravatar.com\/avatar\/dc91c2607c5eebda74cbb40d13031f489096c96ead89c4c30c17db262267b2b3?s=96&d=mm&r=g","url":"https:\/\/secure.gravatar.com\/avatar\/dc91c2607c5eebda74cbb40d13031f489096c96ead89c4c30c17db262267b2b3?s=96&d=mm&r=g","contentUrl":"https:\/\/secure.gravatar.com\/avatar\/dc91c2607c5eebda74cbb40d13031f489096c96ead89c4c30c17db262267b2b3?s=96&d=mm&r=g","caption":"El Muki"},"sameAs":["http:\/\/www.pulso27.com"],"url":"https:\/\/pulso27.com\/es\/author\/elcuervo\/"}]}},"amp_enabled":true,"_links":{"self":[{"href":"https:\/\/pulso27.com\/es\/wp-json\/wp\/v2\/posts\/3123","targetHints":{"allow":["GET"]}}],"collection":[{"href":"https:\/\/pulso27.com\/es\/wp-json\/wp\/v2\/posts"}],"about":[{"href":"https:\/\/pulso27.com\/es\/wp-json\/wp\/v2\/types\/post"}],"author":[{"embeddable":true,"href":"https:\/\/pulso27.com\/es\/wp-json\/wp\/v2\/users\/10"}],"replies":[{"embeddable":true,"href":"https:\/\/pulso27.com\/es\/wp-json\/wp\/v2\/comments?post=3123"}],"version-history":[{"count":1,"href":"https:\/\/pulso27.com\/es\/wp-json\/wp\/v2\/posts\/3123\/revisions"}],"predecessor-version":[{"id":3128,"href":"https:\/\/pulso27.com\/es\/wp-json\/wp\/v2\/posts\/3123\/revisions\/3128"}],"wp:featuredmedia":[{"embeddable":true,"href":"https:\/\/pulso27.com\/es\/wp-json\/wp\/v2\/media\/3124"}],"wp:attachment":[{"href":"https:\/\/pulso27.com\/es\/wp-json\/wp\/v2\/media?parent=3123"}],"wp:term":[{"taxonomy":"category","embeddable":true,"href":"https:\/\/pulso27.com\/es\/wp-json\/wp\/v2\/categories?post=3123"},{"taxonomy":"post_tag","embeddable":true,"href":"https:\/\/pulso27.com\/es\/wp-json\/wp\/v2\/tags?post=3123"}],"curies":[{"name":"wp","href":"https:\/\/api.w.org\/{rel}","templated":true}]}}