{"id":3160,"date":"2024-12-17T08:40:55","date_gmt":"2024-12-17T03:40:55","guid":{"rendered":"https:\/\/pulso27.com\/?p=3160"},"modified":"2024-12-17T08:40:59","modified_gmt":"2024-12-17T03:40:59","slug":"el-gobierno-tambalea-ante-la-crisis-hidrica-provocada-por-la-mineria-en-la-cuenca-del-rio-coralaque","status":"publish","type":"post","link":"https:\/\/pulso27.com\/es\/actualidad\/mineria\/el-gobierno-tambalea-ante-la-crisis-hidrica-provocada-por-la-mineria-en-la-cuenca-del-rio-coralaque\/","title":{"rendered":"El Gobierno tambalea ante la crisis h\u00eddrica provocada por la miner\u00eda en la cuenca del r\u00edo Coralaque"},"content":{"rendered":"\n<p>La situaci\u00f3n en Moquegua sigue siendo de m\u00e1xima preocupaci\u00f3n. La regi\u00f3n, golpeada por los efectos devastadores de la miner\u00eda en sus cuencas h\u00eddricas, ha dado una \u00faltima tregua al Gobierno central, exigiendo soluciones urgentes antes del 15 de enero de 2025. Esta medida, resultado de intensas reuniones entre autoridades locales y representantes del Ejecutivo, busca atender la creciente crisis medioambiental y social generada por la contaminaci\u00f3n de los r\u00edos Coralaque y Tambo, as\u00ed como la peligrosa presencia de metales pesados en la poblaci\u00f3n.<\/p>\n\n\n\n<p>La miner\u00eda, especialmente la unidad Florencia-Tucari de Aruntani S.A.C., ha sido se\u00f1alada como la principal responsable de la devastaci\u00f3n ecol\u00f3gica. Antes de su intervenci\u00f3n, los r\u00edos eran claros y ricos en biodiversidad, siendo vitales para el consumo humano, la agricultura y la ganader\u00eda. Hoy, sin embargo, el agua est\u00e1 envenenada, los peces han desaparecido y la poblaci\u00f3n enfrenta una creciente crisis de salud por la exposici\u00f3n a altos niveles de ars\u00e9nico y otros contaminantes.<\/p>\n\n\n\n<figure class=\"wp-block-image size-large\"><img loading=\"lazy\" decoding=\"async\" width=\"1024\" height=\"610\" src=\"https:\/\/pulso27.com\/wp-content\/uploads\/2024\/12\/image-47-1024x610.png\" alt=\"\" class=\"wp-image-3163\" srcset=\"https:\/\/pulso27.com\/wp-content\/uploads\/2024\/12\/image-47-1024x610.png 1024w, https:\/\/pulso27.com\/wp-content\/uploads\/2024\/12\/image-47-300x179.png 300w, https:\/\/pulso27.com\/wp-content\/uploads\/2024\/12\/image-47-768x457.png 768w, https:\/\/pulso27.com\/wp-content\/uploads\/2024\/12\/image-47-18x12.png 18w, https:\/\/pulso27.com\/wp-content\/uploads\/2024\/12\/image-47.png 1080w\" sizes=\"auto, (max-width: 1024px) 100vw, 1024px\" \/><figcaption class=\"wp-element-caption\"><em>La tregua fue gest\u00e1ndose luego de la visita del ministro de Desarrollo Agrario y Riego <\/em><\/figcaption><\/figure>\n\n\n\n<p>L<strong>a crisis social y sanitaria: una bomba de tiempo<\/strong><\/p>\n\n\n\n<p>Uno de los acuerdos alcanzados en las reuniones recientes fue la transferencia de fondos por parte del Ejecutivo para atender a los ni\u00f1os afectados por ars\u00e9nico, una medida necesaria pero tard\u00eda, que llega cuando los da\u00f1os ya son irreversibles para muchas familias. La poblaci\u00f3n de Moquegua ha vivido durante a\u00f1os con la amenaza de metales pesados en sus venas, y aunque las autoridades han prometido recursos para la atenci\u00f3n m\u00e9dica, la urgencia de la situaci\u00f3n parece haberse visto eclipsada por la falta de acci\u00f3n en el terreno.<\/p>\n\n\n\n<p>Gabriela Chipana, una de las voces m\u00e1s cr\u00edticas de la regi\u00f3n, ha calificado los avances como \u00aba medio ca\u00f1a\u00bb, se\u00f1alando que los esfuerzos gubernamentales no han sido suficientes y que la respuesta ante los da\u00f1os causados por las empresas mineras sigue siendo superficial y burocr\u00e1tica. La creaci\u00f3n de la \u00abMesa T\u00e9cnica para el Desarrollo Integral de Moquegua\u00bb es una de las medidas recientes aprobadas por el Gobierno, pero las expectativas son bajas. El temor es que, una vez m\u00e1s, el Estado act\u00fae solo ante la presi\u00f3n y no se comprometa a una soluci\u00f3n a largo plazo que garantice la recuperaci\u00f3n del agua y la biodiversidad de la regi\u00f3n.<\/p>\n\n\n\n<figure class=\"wp-block-image size-large\"><img loading=\"lazy\" decoding=\"async\" width=\"1024\" height=\"768\" src=\"https:\/\/pulso27.com\/wp-content\/uploads\/2024\/12\/image-48-1024x768.png\" alt=\"\" class=\"wp-image-3164\" srcset=\"https:\/\/pulso27.com\/wp-content\/uploads\/2024\/12\/image-48-1024x768.png 1024w, https:\/\/pulso27.com\/wp-content\/uploads\/2024\/12\/image-48-300x225.png 300w, https:\/\/pulso27.com\/wp-content\/uploads\/2024\/12\/image-48-768x576.png 768w, https:\/\/pulso27.com\/wp-content\/uploads\/2024\/12\/image-48-16x12.png 16w, https:\/\/pulso27.com\/wp-content\/uploads\/2024\/12\/image-48.png 1448w\" sizes=\"auto, (max-width: 1024px) 100vw, 1024px\" \/><figcaption class=\"wp-element-caption\"><em>Los manifestantes lograron tomar el puente Montalvo de la Panamericana Sur<\/em><\/figcaption><\/figure>\n\n\n\n<p><strong>El cierre de la minera Aruntani<\/strong><\/p>\n\n\n\n<p>Uno de los acuerdos m\u00e1s medi\u00e1ticos fue el anuncio del cierre definitivo de la unidad minera Florencia-Tucari, que fue aprobado por el Ministerio de Energ\u00eda y Minas a trav\u00e9s de la Resoluci\u00f3n Ministerial 458-2024. Sin embargo, muchos expertos y l\u00edderes sociales en Moquegua consideran que este cierre, aunque importante, llega demasiado tarde y no es suficiente para remediar los estragos ya causados. De hecho, las mineras de la misma empresa, como \u00abArasi\u00bb, tambi\u00e9n han sido se\u00f1aladas por incumplir los planes de cierre desde 2019, lo que pone en evidencia la falta de control y las deficiencias en las pol\u00edticas medioambientales del Gobierno.<\/p>\n\n\n\n<p>Aunque la resoluci\u00f3n contempla la ejecuci\u00f3n de un plan de remediaci\u00f3n, mitigar los efectos de d\u00e9cadas de explotaci\u00f3n minera descontrolada en la cuenca del r\u00edo Coralaque ser\u00e1 una tarea tit\u00e1nica. El agua, esencial para la vida, se ha convertido en un agente de muerte para muchas comunidades, y la soluci\u00f3n a esta crisis requiere de un compromiso real y sostenido del Estado, no solo de promesas a corto plazo.<\/p>\n\n\n\n<p><strong>Los plazos se acortan<\/strong><\/p>\n\n\n\n<p>El 15 de enero ser\u00e1 la fecha l\u00edmite para que el Gobierno demuestre avances significativos. Si no se logran avances concretos en la recuperaci\u00f3n de las cuencas h\u00eddricas y en la atenci\u00f3n integral de las comunidades afectadas, no se descarta un reinicio de huelgas y protestas. El Frente de Lucha Regional, compuesto por las tres provincias de Moquegua, se mantiene firme en su postura y ha advertido que las acciones del Gobierno seguir\u00e1n bajo estricta vigilancia.<\/p>\n\n\n\n<figure class=\"wp-block-image size-large\"><img loading=\"lazy\" decoding=\"async\" width=\"1024\" height=\"683\" src=\"https:\/\/pulso27.com\/wp-content\/uploads\/2024\/12\/image-49-1024x683.png\" alt=\"\" class=\"wp-image-3165\" srcset=\"https:\/\/pulso27.com\/wp-content\/uploads\/2024\/12\/image-49-1024x683.png 1024w, https:\/\/pulso27.com\/wp-content\/uploads\/2024\/12\/image-49-300x200.png 300w, https:\/\/pulso27.com\/wp-content\/uploads\/2024\/12\/image-49-768x512.png 768w, https:\/\/pulso27.com\/wp-content\/uploads\/2024\/12\/image-49-1536x1024.png 1536w, https:\/\/pulso27.com\/wp-content\/uploads\/2024\/12\/image-49-18x12.png 18w, https:\/\/pulso27.com\/wp-content\/uploads\/2024\/12\/image-49.png 2048w\" sizes=\"auto, (max-width: 1024px) 100vw, 1024px\" \/><figcaption class=\"wp-element-caption\"><em>La sociedad civil organizada ha logrado sentar en la mesa a los ministros del Ejecutivo<\/em><\/figcaption><\/figure>\n\n\n\n<p>Los ciudadanos de Moquegua han hablado claro: no hay m\u00e1s tiempo para palabras vac\u00edas. Las soluciones deben ser inmediatas y profundas, no solo en t\u00e9rminos de cierre de minas, sino en la restauraci\u00f3n de los ecosistemas y en la mejora de las condiciones de vida de la poblaci\u00f3n. La crisis h\u00eddrica no se resuelve con medidas puntuales, sino con una estrategia integral que incluya la reparaci\u00f3n del da\u00f1o ambiental, la atenci\u00f3n de los problemas sanitarios y el impulso a proyectos productivos sostenibles.<\/p>\n\n\n\n<p><strong>La balanza se inclina hacia el abismo<\/strong><\/p>\n\n\n\n<p>El Gobierno ha mostrado se\u00f1ales de querer actuar, pero los resultados concretos hasta ahora son insuficientes frente a la magnitud de la crisis. La lucha de Moquegua por salvar sus recursos h\u00eddricos y su vida, ha sido larga y dif\u00edcil. El 15 de enero ser\u00e1 un d\u00eda crucial para saber si el Estado est\u00e1 dispuesto a corregir sus errores del pasado o si Moquegua tendr\u00e1 que seguir luchando por la vida y el agua, sin m\u00e1s que promesas rotas en el horizonte. La tregua social otorgada por la regi\u00f3n es solo una pausa, y el tiempo para que el Ejecutivo cumpla con sus compromisos se agota r\u00e1pidamente.<\/p>\n","protected":false},"excerpt":{"rendered":"<p>La situaci\u00f3n en Moquegua sigue siendo de m\u00e1xima preocupaci\u00f3n. La regi\u00f3n, golpeada por los efectos devastadores de la miner\u00eda en sus cuencas h\u00eddricas, ha dado una \u00faltima tregua al Gobierno central, exigiendo soluciones urgentes antes del 15 de enero de 2025. Esta medida, resultado de intensas reuniones entre autoridades locales y representantes del Ejecutivo, busca [&hellip;]<\/p>\n","protected":false},"author":7,"featured_media":3161,"comment_status":"open","ping_status":"open","sticky":false,"template":"","format":"standard","meta":{"footnotes":""},"categories":[183,1846,810,1852],"tags":[],"class_list":["post-3160","post","type-post","status-publish","format-standard","has-post-thumbnail","hentry","category-actualidad","category-mineria","category-regional","category-tendencia"],"yoast_head":"<!-- This site is optimized with the Yoast SEO plugin v27.4 - https:\/\/yoast.com\/product\/yoast-seo-wordpress\/ -->\n<title>El Gobierno tambalea ante la crisis h\u00eddrica provocada por la miner\u00eda en la cuenca del r\u00edo Coralaque - Pulso27<\/title>\n<meta name=\"robots\" content=\"index, follow, max-snippet:-1, max-image-preview:large, max-video-preview:-1\" \/>\n<link rel=\"canonical\" href=\"https:\/\/pulso27.com\/es\/actualidad\/el-gobierno-tambalea-ante-la-crisis-hidrica-provocada-por-la-mineria-en-la-cuenca-del-rio-coralaque\/\" \/>\n<meta property=\"og:locale\" content=\"es_ES\" \/>\n<meta property=\"og:type\" content=\"article\" \/>\n<meta property=\"og:title\" content=\"El Gobierno tambalea ante la crisis h\u00eddrica provocada por la miner\u00eda en la cuenca del r\u00edo Coralaque - Pulso27\" \/>\n<meta property=\"og:description\" content=\"La situaci\u00f3n en Moquegua sigue siendo de m\u00e1xima preocupaci\u00f3n. La regi\u00f3n, golpeada por los efectos devastadores de la miner\u00eda en sus cuencas h\u00eddricas, ha dado una \u00faltima tregua al Gobierno central, exigiendo soluciones urgentes antes del 15 de enero de 2025. Esta medida, resultado de intensas reuniones entre autoridades locales y representantes del Ejecutivo, busca [&hellip;]\" \/>\n<meta property=\"og:url\" content=\"https:\/\/pulso27.com\/es\/actualidad\/el-gobierno-tambalea-ante-la-crisis-hidrica-provocada-por-la-mineria-en-la-cuenca-del-rio-coralaque\/\" \/>\n<meta property=\"og:site_name\" content=\"Pulso27\" \/>\n<meta property=\"article:publisher\" content=\"https:\/\/www.facebook.com\/pulso27\/\" \/>\n<meta property=\"article:published_time\" content=\"2024-12-17T03:40:55+00:00\" \/>\n<meta property=\"article:modified_time\" content=\"2024-12-17T03:40:59+00:00\" \/>\n<meta property=\"og:image\" content=\"https:\/\/pulso27.com\/wp-content\/uploads\/2024\/12\/MoqueguaTreg.png\" \/>\n\t<meta property=\"og:image:width\" content=\"1366\" \/>\n\t<meta property=\"og:image:height\" content=\"768\" \/>\n\t<meta property=\"og:image:type\" content=\"image\/png\" \/>\n<meta name=\"author\" content=\"Tupaq\" \/>\n<meta name=\"twitter:card\" content=\"summary_large_image\" \/>\n<meta name=\"twitter:creator\" content=\"@Pulso_27\" \/>\n<meta name=\"twitter:site\" content=\"@Pulso_27\" \/>\n<meta name=\"twitter:label1\" content=\"Written by\" \/>\n\t<meta name=\"twitter:data1\" content=\"Tupaq\" \/>\n\t<meta name=\"twitter:label2\" content=\"Est. reading time\" \/>\n\t<meta name=\"twitter:data2\" content=\"5 minutos\" \/>\n<script type=\"application\/ld+json\" class=\"yoast-schema-graph\">{\"@context\":\"https:\\\/\\\/schema.org\",\"@graph\":[{\"@type\":\"Article\",\"@id\":\"https:\\\/\\\/pulso27.com\\\/actualidad\\\/el-gobierno-tambalea-ante-la-crisis-hidrica-provocada-por-la-mineria-en-la-cuenca-del-rio-coralaque\\\/#article\",\"isPartOf\":{\"@id\":\"https:\\\/\\\/pulso27.com\\\/actualidad\\\/el-gobierno-tambalea-ante-la-crisis-hidrica-provocada-por-la-mineria-en-la-cuenca-del-rio-coralaque\\\/\"},\"author\":{\"name\":\"Tupaq\",\"@id\":\"https:\\\/\\\/pulso27.com\\\/en\\\/#\\\/schema\\\/person\\\/d20fd7f5bc7f2e53fd150d43fca07a78\"},\"headline\":\"El Gobierno tambalea ante la crisis h\u00eddrica provocada por la miner\u00eda en la cuenca del r\u00edo Coralaque\",\"datePublished\":\"2024-12-17T03:40:55+00:00\",\"dateModified\":\"2024-12-17T03:40:59+00:00\",\"mainEntityOfPage\":{\"@id\":\"https:\\\/\\\/pulso27.com\\\/actualidad\\\/el-gobierno-tambalea-ante-la-crisis-hidrica-provocada-por-la-mineria-en-la-cuenca-del-rio-coralaque\\\/\"},\"wordCount\":955,\"commentCount\":0,\"publisher\":{\"@id\":\"https:\\\/\\\/pulso27.com\\\/en\\\/#organization\"},\"image\":{\"@id\":\"https:\\\/\\\/pulso27.com\\\/actualidad\\\/el-gobierno-tambalea-ante-la-crisis-hidrica-provocada-por-la-mineria-en-la-cuenca-del-rio-coralaque\\\/#primaryimage\"},\"thumbnailUrl\":\"https:\\\/\\\/pulso27.com\\\/wp-content\\\/uploads\\\/2024\\\/12\\\/MoqueguaTreg.png\",\"articleSection\":[\"Actualidad\",\"Miner\u00eda\",\"Regional\",\"Tendencia\"],\"inLanguage\":\"es-PE\",\"potentialAction\":[{\"@type\":\"CommentAction\",\"name\":\"Comment\",\"target\":[\"https:\\\/\\\/pulso27.com\\\/actualidad\\\/el-gobierno-tambalea-ante-la-crisis-hidrica-provocada-por-la-mineria-en-la-cuenca-del-rio-coralaque\\\/#respond\"]}]},{\"@type\":\"WebPage\",\"@id\":\"https:\\\/\\\/pulso27.com\\\/actualidad\\\/el-gobierno-tambalea-ante-la-crisis-hidrica-provocada-por-la-mineria-en-la-cuenca-del-rio-coralaque\\\/\",\"url\":\"https:\\\/\\\/pulso27.com\\\/actualidad\\\/el-gobierno-tambalea-ante-la-crisis-hidrica-provocada-por-la-mineria-en-la-cuenca-del-rio-coralaque\\\/\",\"name\":\"El Gobierno tambalea ante la crisis h\u00eddrica provocada por la miner\u00eda en la cuenca del r\u00edo Coralaque - Pulso27\",\"isPartOf\":{\"@id\":\"https:\\\/\\\/pulso27.com\\\/en\\\/#website\"},\"primaryImageOfPage\":{\"@id\":\"https:\\\/\\\/pulso27.com\\\/actualidad\\\/el-gobierno-tambalea-ante-la-crisis-hidrica-provocada-por-la-mineria-en-la-cuenca-del-rio-coralaque\\\/#primaryimage\"},\"image\":{\"@id\":\"https:\\\/\\\/pulso27.com\\\/actualidad\\\/el-gobierno-tambalea-ante-la-crisis-hidrica-provocada-por-la-mineria-en-la-cuenca-del-rio-coralaque\\\/#primaryimage\"},\"thumbnailUrl\":\"https:\\\/\\\/pulso27.com\\\/wp-content\\\/uploads\\\/2024\\\/12\\\/MoqueguaTreg.png\",\"datePublished\":\"2024-12-17T03:40:55+00:00\",\"dateModified\":\"2024-12-17T03:40:59+00:00\",\"breadcrumb\":{\"@id\":\"https:\\\/\\\/pulso27.com\\\/actualidad\\\/el-gobierno-tambalea-ante-la-crisis-hidrica-provocada-por-la-mineria-en-la-cuenca-del-rio-coralaque\\\/#breadcrumb\"},\"inLanguage\":\"es-PE\",\"potentialAction\":[{\"@type\":\"ReadAction\",\"target\":[\"https:\\\/\\\/pulso27.com\\\/actualidad\\\/el-gobierno-tambalea-ante-la-crisis-hidrica-provocada-por-la-mineria-en-la-cuenca-del-rio-coralaque\\\/\"]}]},{\"@type\":\"ImageObject\",\"inLanguage\":\"es-PE\",\"@id\":\"https:\\\/\\\/pulso27.com\\\/actualidad\\\/el-gobierno-tambalea-ante-la-crisis-hidrica-provocada-por-la-mineria-en-la-cuenca-del-rio-coralaque\\\/#primaryimage\",\"url\":\"https:\\\/\\\/pulso27.com\\\/wp-content\\\/uploads\\\/2024\\\/12\\\/MoqueguaTreg.png\",\"contentUrl\":\"https:\\\/\\\/pulso27.com\\\/wp-content\\\/uploads\\\/2024\\\/12\\\/MoqueguaTreg.png\",\"width\":1366,\"height\":768},{\"@type\":\"BreadcrumbList\",\"@id\":\"https:\\\/\\\/pulso27.com\\\/actualidad\\\/el-gobierno-tambalea-ante-la-crisis-hidrica-provocada-por-la-mineria-en-la-cuenca-del-rio-coralaque\\\/#breadcrumb\",\"itemListElement\":[{\"@type\":\"ListItem\",\"position\":1,\"name\":\"Portada\",\"item\":\"https:\\\/\\\/pulso27.com\\\/\"},{\"@type\":\"ListItem\",\"position\":2,\"name\":\"El Gobierno tambalea ante la crisis h\u00eddrica provocada por la miner\u00eda en la cuenca del r\u00edo Coralaque\"}]},{\"@type\":\"WebSite\",\"@id\":\"https:\\\/\\\/pulso27.com\\\/en\\\/#website\",\"url\":\"https:\\\/\\\/pulso27.com\\\/en\\\/\",\"name\":\"Pulso27\",\"description\":\"Web de noticias y publicidad\",\"publisher\":{\"@id\":\"https:\\\/\\\/pulso27.com\\\/en\\\/#organization\"},\"alternateName\":\"El pulso del pueblo\",\"potentialAction\":[{\"@type\":\"SearchAction\",\"target\":{\"@type\":\"EntryPoint\",\"urlTemplate\":\"https:\\\/\\\/pulso27.com\\\/en\\\/?s={search_term_string}\"},\"query-input\":{\"@type\":\"PropertyValueSpecification\",\"valueRequired\":true,\"valueName\":\"search_term_string\"}}],\"inLanguage\":\"es-PE\"},{\"@type\":\"Organization\",\"@id\":\"https:\\\/\\\/pulso27.com\\\/en\\\/#organization\",\"name\":\"Pulso27\",\"url\":\"https:\\\/\\\/pulso27.com\\\/en\\\/\",\"logo\":{\"@type\":\"ImageObject\",\"inLanguage\":\"es-PE\",\"@id\":\"https:\\\/\\\/pulso27.com\\\/en\\\/#\\\/schema\\\/logo\\\/image\\\/\",\"url\":\"https:\\\/\\\/pulso27.com\\\/wp-content\\\/uploads\\\/2026\\\/02\\\/Logotipo-de-la-organizacion-696-x-696-px-ok.png\",\"contentUrl\":\"https:\\\/\\\/pulso27.com\\\/wp-content\\\/uploads\\\/2026\\\/02\\\/Logotipo-de-la-organizacion-696-x-696-px-ok.png\",\"width\":696,\"height\":696,\"caption\":\"Pulso27\"},\"image\":{\"@id\":\"https:\\\/\\\/pulso27.com\\\/en\\\/#\\\/schema\\\/logo\\\/image\\\/\"},\"sameAs\":[\"https:\\\/\\\/www.facebook.com\\\/pulso27\\\/\",\"https:\\\/\\\/x.com\\\/Pulso_27\",\"https:\\\/\\\/www.youtube.com\\\/@Pulso27\",\"https:\\\/\\\/www.tiktok.com\\\/@pulso_27\"]},{\"@type\":\"Person\",\"@id\":\"https:\\\/\\\/pulso27.com\\\/en\\\/#\\\/schema\\\/person\\\/d20fd7f5bc7f2e53fd150d43fca07a78\",\"name\":\"Tupaq\",\"image\":{\"@type\":\"ImageObject\",\"inLanguage\":\"es-PE\",\"@id\":\"https:\\\/\\\/secure.gravatar.com\\\/avatar\\\/7929e9b034aeea560319a601e4f04c59eb5f45a79eafe192adabb67e9604e7e7?s=96&d=mm&r=g\",\"url\":\"https:\\\/\\\/secure.gravatar.com\\\/avatar\\\/7929e9b034aeea560319a601e4f04c59eb5f45a79eafe192adabb67e9604e7e7?s=96&d=mm&r=g\",\"contentUrl\":\"https:\\\/\\\/secure.gravatar.com\\\/avatar\\\/7929e9b034aeea560319a601e4f04c59eb5f45a79eafe192adabb67e9604e7e7?s=96&d=mm&r=g\",\"caption\":\"Tupaq\"},\"url\":\"https:\\\/\\\/pulso27.com\\\/es\\\/author\\\/tupaq\\\/\"}]}<\/script>\n<!-- \/ Yoast SEO plugin. -->","yoast_head_json":{"title":"El Gobierno tambalea ante la crisis h\u00eddrica provocada por la miner\u00eda en la cuenca del r\u00edo Coralaque - Pulso27","robots":{"index":"index","follow":"follow","max-snippet":"max-snippet:-1","max-image-preview":"max-image-preview:large","max-video-preview":"max-video-preview:-1"},"canonical":"https:\/\/pulso27.com\/es\/actualidad\/el-gobierno-tambalea-ante-la-crisis-hidrica-provocada-por-la-mineria-en-la-cuenca-del-rio-coralaque\/","og_locale":"es_ES","og_type":"article","og_title":"El Gobierno tambalea ante la crisis h\u00eddrica provocada por la miner\u00eda en la cuenca del r\u00edo Coralaque - Pulso27","og_description":"La situaci\u00f3n en Moquegua sigue siendo de m\u00e1xima preocupaci\u00f3n. La regi\u00f3n, golpeada por los efectos devastadores de la miner\u00eda en sus cuencas h\u00eddricas, ha dado una \u00faltima tregua al Gobierno central, exigiendo soluciones urgentes antes del 15 de enero de 2025. Esta medida, resultado de intensas reuniones entre autoridades locales y representantes del Ejecutivo, busca [&hellip;]","og_url":"https:\/\/pulso27.com\/es\/actualidad\/el-gobierno-tambalea-ante-la-crisis-hidrica-provocada-por-la-mineria-en-la-cuenca-del-rio-coralaque\/","og_site_name":"Pulso27","article_publisher":"https:\/\/www.facebook.com\/pulso27\/","article_published_time":"2024-12-17T03:40:55+00:00","article_modified_time":"2024-12-17T03:40:59+00:00","og_image":[{"width":1366,"height":768,"url":"https:\/\/pulso27.com\/wp-content\/uploads\/2024\/12\/MoqueguaTreg.png","type":"image\/png"}],"author":"Tupaq","twitter_card":"summary_large_image","twitter_creator":"@Pulso_27","twitter_site":"@Pulso_27","twitter_misc":{"Written by":"Tupaq","Est. reading time":"5 minutos"},"schema":{"@context":"https:\/\/schema.org","@graph":[{"@type":"Article","@id":"https:\/\/pulso27.com\/actualidad\/el-gobierno-tambalea-ante-la-crisis-hidrica-provocada-por-la-mineria-en-la-cuenca-del-rio-coralaque\/#article","isPartOf":{"@id":"https:\/\/pulso27.com\/actualidad\/el-gobierno-tambalea-ante-la-crisis-hidrica-provocada-por-la-mineria-en-la-cuenca-del-rio-coralaque\/"},"author":{"name":"Tupaq","@id":"https:\/\/pulso27.com\/en\/#\/schema\/person\/d20fd7f5bc7f2e53fd150d43fca07a78"},"headline":"El Gobierno tambalea ante la crisis h\u00eddrica provocada por la miner\u00eda en la cuenca del r\u00edo Coralaque","datePublished":"2024-12-17T03:40:55+00:00","dateModified":"2024-12-17T03:40:59+00:00","mainEntityOfPage":{"@id":"https:\/\/pulso27.com\/actualidad\/el-gobierno-tambalea-ante-la-crisis-hidrica-provocada-por-la-mineria-en-la-cuenca-del-rio-coralaque\/"},"wordCount":955,"commentCount":0,"publisher":{"@id":"https:\/\/pulso27.com\/en\/#organization"},"image":{"@id":"https:\/\/pulso27.com\/actualidad\/el-gobierno-tambalea-ante-la-crisis-hidrica-provocada-por-la-mineria-en-la-cuenca-del-rio-coralaque\/#primaryimage"},"thumbnailUrl":"https:\/\/pulso27.com\/wp-content\/uploads\/2024\/12\/MoqueguaTreg.png","articleSection":["Actualidad","Miner\u00eda","Regional","Tendencia"],"inLanguage":"es-PE","potentialAction":[{"@type":"CommentAction","name":"Comment","target":["https:\/\/pulso27.com\/actualidad\/el-gobierno-tambalea-ante-la-crisis-hidrica-provocada-por-la-mineria-en-la-cuenca-del-rio-coralaque\/#respond"]}]},{"@type":"WebPage","@id":"https:\/\/pulso27.com\/actualidad\/el-gobierno-tambalea-ante-la-crisis-hidrica-provocada-por-la-mineria-en-la-cuenca-del-rio-coralaque\/","url":"https:\/\/pulso27.com\/actualidad\/el-gobierno-tambalea-ante-la-crisis-hidrica-provocada-por-la-mineria-en-la-cuenca-del-rio-coralaque\/","name":"El Gobierno tambalea ante la crisis h\u00eddrica provocada por la miner\u00eda en la cuenca del r\u00edo Coralaque - Pulso27","isPartOf":{"@id":"https:\/\/pulso27.com\/en\/#website"},"primaryImageOfPage":{"@id":"https:\/\/pulso27.com\/actualidad\/el-gobierno-tambalea-ante-la-crisis-hidrica-provocada-por-la-mineria-en-la-cuenca-del-rio-coralaque\/#primaryimage"},"image":{"@id":"https:\/\/pulso27.com\/actualidad\/el-gobierno-tambalea-ante-la-crisis-hidrica-provocada-por-la-mineria-en-la-cuenca-del-rio-coralaque\/#primaryimage"},"thumbnailUrl":"https:\/\/pulso27.com\/wp-content\/uploads\/2024\/12\/MoqueguaTreg.png","datePublished":"2024-12-17T03:40:55+00:00","dateModified":"2024-12-17T03:40:59+00:00","breadcrumb":{"@id":"https:\/\/pulso27.com\/actualidad\/el-gobierno-tambalea-ante-la-crisis-hidrica-provocada-por-la-mineria-en-la-cuenca-del-rio-coralaque\/#breadcrumb"},"inLanguage":"es-PE","potentialAction":[{"@type":"ReadAction","target":["https:\/\/pulso27.com\/actualidad\/el-gobierno-tambalea-ante-la-crisis-hidrica-provocada-por-la-mineria-en-la-cuenca-del-rio-coralaque\/"]}]},{"@type":"ImageObject","inLanguage":"es-PE","@id":"https:\/\/pulso27.com\/actualidad\/el-gobierno-tambalea-ante-la-crisis-hidrica-provocada-por-la-mineria-en-la-cuenca-del-rio-coralaque\/#primaryimage","url":"https:\/\/pulso27.com\/wp-content\/uploads\/2024\/12\/MoqueguaTreg.png","contentUrl":"https:\/\/pulso27.com\/wp-content\/uploads\/2024\/12\/MoqueguaTreg.png","width":1366,"height":768},{"@type":"BreadcrumbList","@id":"https:\/\/pulso27.com\/actualidad\/el-gobierno-tambalea-ante-la-crisis-hidrica-provocada-por-la-mineria-en-la-cuenca-del-rio-coralaque\/#breadcrumb","itemListElement":[{"@type":"ListItem","position":1,"name":"Portada","item":"https:\/\/pulso27.com\/"},{"@type":"ListItem","position":2,"name":"El Gobierno tambalea ante la crisis h\u00eddrica provocada por la miner\u00eda en la cuenca del r\u00edo Coralaque"}]},{"@type":"WebSite","@id":"https:\/\/pulso27.com\/en\/#website","url":"https:\/\/pulso27.com\/en\/","name":"Pulso27","description":"Web de noticias y publicidad","publisher":{"@id":"https:\/\/pulso27.com\/en\/#organization"},"alternateName":"El pulso del pueblo","potentialAction":[{"@type":"SearchAction","target":{"@type":"EntryPoint","urlTemplate":"https:\/\/pulso27.com\/en\/?s={search_term_string}"},"query-input":{"@type":"PropertyValueSpecification","valueRequired":true,"valueName":"search_term_string"}}],"inLanguage":"es-PE"},{"@type":"Organization","@id":"https:\/\/pulso27.com\/en\/#organization","name":"Pulso27","url":"https:\/\/pulso27.com\/en\/","logo":{"@type":"ImageObject","inLanguage":"es-PE","@id":"https:\/\/pulso27.com\/en\/#\/schema\/logo\/image\/","url":"https:\/\/pulso27.com\/wp-content\/uploads\/2026\/02\/Logotipo-de-la-organizacion-696-x-696-px-ok.png","contentUrl":"https:\/\/pulso27.com\/wp-content\/uploads\/2026\/02\/Logotipo-de-la-organizacion-696-x-696-px-ok.png","width":696,"height":696,"caption":"Pulso27"},"image":{"@id":"https:\/\/pulso27.com\/en\/#\/schema\/logo\/image\/"},"sameAs":["https:\/\/www.facebook.com\/pulso27\/","https:\/\/x.com\/Pulso_27","https:\/\/www.youtube.com\/@Pulso27","https:\/\/www.tiktok.com\/@pulso_27"]},{"@type":"Person","@id":"https:\/\/pulso27.com\/en\/#\/schema\/person\/d20fd7f5bc7f2e53fd150d43fca07a78","name":"Tupaq","image":{"@type":"ImageObject","inLanguage":"es-PE","@id":"https:\/\/secure.gravatar.com\/avatar\/7929e9b034aeea560319a601e4f04c59eb5f45a79eafe192adabb67e9604e7e7?s=96&d=mm&r=g","url":"https:\/\/secure.gravatar.com\/avatar\/7929e9b034aeea560319a601e4f04c59eb5f45a79eafe192adabb67e9604e7e7?s=96&d=mm&r=g","contentUrl":"https:\/\/secure.gravatar.com\/avatar\/7929e9b034aeea560319a601e4f04c59eb5f45a79eafe192adabb67e9604e7e7?s=96&d=mm&r=g","caption":"Tupaq"},"url":"https:\/\/pulso27.com\/es\/author\/tupaq\/"}]}},"amp_enabled":true,"_links":{"self":[{"href":"https:\/\/pulso27.com\/es\/wp-json\/wp\/v2\/posts\/3160","targetHints":{"allow":["GET"]}}],"collection":[{"href":"https:\/\/pulso27.com\/es\/wp-json\/wp\/v2\/posts"}],"about":[{"href":"https:\/\/pulso27.com\/es\/wp-json\/wp\/v2\/types\/post"}],"author":[{"embeddable":true,"href":"https:\/\/pulso27.com\/es\/wp-json\/wp\/v2\/users\/7"}],"replies":[{"embeddable":true,"href":"https:\/\/pulso27.com\/es\/wp-json\/wp\/v2\/comments?post=3160"}],"version-history":[{"count":1,"href":"https:\/\/pulso27.com\/es\/wp-json\/wp\/v2\/posts\/3160\/revisions"}],"predecessor-version":[{"id":3166,"href":"https:\/\/pulso27.com\/es\/wp-json\/wp\/v2\/posts\/3160\/revisions\/3166"}],"wp:featuredmedia":[{"embeddable":true,"href":"https:\/\/pulso27.com\/es\/wp-json\/wp\/v2\/media\/3161"}],"wp:attachment":[{"href":"https:\/\/pulso27.com\/es\/wp-json\/wp\/v2\/media?parent=3160"}],"wp:term":[{"taxonomy":"category","embeddable":true,"href":"https:\/\/pulso27.com\/es\/wp-json\/wp\/v2\/categories?post=3160"},{"taxonomy":"post_tag","embeddable":true,"href":"https:\/\/pulso27.com\/es\/wp-json\/wp\/v2\/tags?post=3160"}],"curies":[{"name":"wp","href":"https:\/\/api.w.org\/{rel}","templated":true}]}}