{"id":3170,"date":"2024-12-17T10:33:08","date_gmt":"2024-12-17T05:33:08","guid":{"rendered":"https:\/\/pulso27.com\/?p=3170"},"modified":"2024-12-17T10:33:11","modified_gmt":"2024-12-17T05:33:11","slug":"reconstruccion-de-la-via-los-libertadores-un-paso-historico-para-ayacucho-y-la-integracion-del-pais","status":"publish","type":"post","link":"https:\/\/pulso27.com\/es\/actualidad\/reconstruccion-de-la-via-los-libertadores-un-paso-historico-para-ayacucho-y-la-integracion-del-pais\/","title":{"rendered":"Reconstrucci\u00f3n de la V\u00eda Los Libertadores: Un paso hist\u00f3rico para Ayacucho y la integraci\u00f3n del pa\u00eds"},"content":{"rendered":"\n<p>Este lunes 16 de diciembre del presente a\u00f1o, el Gobierno promulg\u00f3 la Ley 32194, que declara de necesidad p\u00fablica e inter\u00e9s nacional la reconstrucci\u00f3n y asfaltado de la carretera de doble v\u00eda Los Libertadores, un tramo clave que conecta el departamento de Ayacucho con la costa peruana a trav\u00e9s de San Clemente, en la provincia de Pisco. La iniciativa, impulsada por la congresista Margot Palacios Huam\u00e1n y respaldada por 84 votos en el Congreso, representa un hito en la modernizaci\u00f3n de la infraestructura vial y el desarrollo sostenible de la regi\u00f3n.<\/p>\n\n\n\n<p>La emblem\u00e1tica V\u00eda Los Libertadores, conocida como el \u201cpuente\u201d entre la sierra sur, la costa y el VRAEM, ser\u00e1 sometida a un proceso integral de reconstrucci\u00f3n. Esto permitir\u00e1 no solo mejorar las condiciones de tr\u00e1nsito y reducir los costos log\u00edsticos para agricultores, ganaderos y transportistas, sino tambi\u00e9n abrir nuevas oportunidades econ\u00f3micas para miles de familias que dependen de esta ruta para comercializar sus productos.<\/p>\n\n\n\n<figure class=\"wp-block-image size-large\"><img loading=\"lazy\" decoding=\"async\" width=\"906\" height=\"1024\" src=\"https:\/\/pulso27.com\/wp-content\/uploads\/2024\/12\/ViaLosLiber-906x1024.png\" alt=\"\" class=\"wp-image-3174\" srcset=\"https:\/\/pulso27.com\/wp-content\/uploads\/2024\/12\/ViaLosLiber-906x1024.png 906w, https:\/\/pulso27.com\/wp-content\/uploads\/2024\/12\/ViaLosLiber-265x300.png 265w, https:\/\/pulso27.com\/wp-content\/uploads\/2024\/12\/ViaLosLiber-768x868.png 768w, https:\/\/pulso27.com\/wp-content\/uploads\/2024\/12\/ViaLosLiber-1359x1536.png 1359w, https:\/\/pulso27.com\/wp-content\/uploads\/2024\/12\/ViaLosLiber-11x12.png 11w, https:\/\/pulso27.com\/wp-content\/uploads\/2024\/12\/ViaLosLiber.png 1586w\" sizes=\"auto, (max-width: 906px) 100vw, 906px\" \/><\/figure>\n\n\n\n<p>\u201c<em>La reconstrucci\u00f3n de esta carretera no solo significa asfalto y cemento, significa dignidad, integraci\u00f3n y desarrollo para los pueblos olvidados del sur. Es un compromiso con la gente que cada d\u00eda transita por esta v\u00eda en busca de un futuro mejor<\/em>\u201d, expres\u00f3 emocionada la congresista Margot Palacios, al conocer la promulgaci\u00f3n de la ley.<\/p>\n\n\n\n<p>La v\u00eda Los Libertadores, a menudo asociada con el sacrificio diario de comerciantes, transportistas y productores agropecuarios, llevaba a\u00f1os en un estado de deterioro alarmante. Los baches, puentes desgastados y tramos inseguros hab\u00edan transformado un recorrido esencial en un peligro constante. Sin embargo, la promulgaci\u00f3n de esta ley abre las puertas a la inversi\u00f3n y al trabajo articulado entre el Ministerio de Transportes y Comunicaciones, el Gobierno Regional de Ayacucho y Prov\u00edas Nacional para asegurar su pronta ejecuci\u00f3n.<\/p>\n\n\n\n<p>La noticia ha sido recibida con optimismo por la poblaci\u00f3n de Ayacucho, Huancavelica e Ica, quienes ven en este proyecto un renacer para la regi\u00f3n. Agricultores como don Jos\u00e9 Rivera, productor de quinua en Huamanga, no ocultan su entusiasmo: <em>\u201cLlevamos a\u00f1os esperando esto. La carretera no solo nos facilita el transporte, sino que nos da la esperanza de mejores precios y de m\u00e1s oportunidades para crecer\u201d<\/em>.<\/p>\n\n\n\n<figure class=\"wp-block-image size-full\"><img loading=\"lazy\" decoding=\"async\" width=\"960\" height=\"540\" src=\"https:\/\/pulso27.com\/wp-content\/uploads\/2024\/12\/image-50.png\" alt=\"\" class=\"wp-image-3172\" srcset=\"https:\/\/pulso27.com\/wp-content\/uploads\/2024\/12\/image-50.png 960w, https:\/\/pulso27.com\/wp-content\/uploads\/2024\/12\/image-50-300x169.png 300w, https:\/\/pulso27.com\/wp-content\/uploads\/2024\/12\/image-50-768x432.png 768w, https:\/\/pulso27.com\/wp-content\/uploads\/2024\/12\/image-50-18x10.png 18w\" sizes=\"auto, (max-width: 960px) 100vw, 960px\" \/><figcaption class=\"wp-element-caption\"><em>Esta situaci\u00f3n de la v\u00eda Los Libertadores ser\u00e1 reconstruida gracias a la norma aprobada<\/em><\/figcaption><\/figure>\n\n\n\n<p>Por su parte, las autoridades regionales confirmaron que, mientras se gestionan los presupuestos para la reconstrucci\u00f3n integral, continuar\u00e1n las labores de mantenimiento y refacci\u00f3n en la V\u00eda Los Libertadores. Seg\u00fan el director regional de Transportes, Dante Coello, se garantizar\u00e1 la transitabilidad de cara a las celebraciones de Navidad, A\u00f1o Nuevo y la temporada alta de Carnavales y Semana Santa.<\/p>\n\n\n\n<p>La reconstrucci\u00f3n de esta carretera simboliza una deuda saldada con los pueblos del interior del pa\u00eds y un primer paso hacia la modernizaci\u00f3n de una ruta que conecta sue\u00f1os, oportunidades y desarrollo. Ayacucho, con su rica historia y cultura, vuelve a latir con fuerza, mirando al futuro con renovada esperanza.<\/p>\n","protected":false},"excerpt":{"rendered":"<p>Este lunes 16 de diciembre del presente a\u00f1o, el Gobierno promulg\u00f3 la Ley 32194, que declara de necesidad p\u00fablica e inter\u00e9s nacional la reconstrucci\u00f3n y asfaltado de la carretera de doble v\u00eda Los Libertadores, un tramo clave que conecta el departamento de Ayacucho con la costa peruana a trav\u00e9s de San Clemente, en la provincia [&hellip;]<\/p>\n","protected":false},"author":10,"featured_media":3171,"comment_status":"open","ping_status":"open","sticky":false,"template":"","format":"standard","meta":{"footnotes":""},"categories":[183,810,202],"tags":[203,1954,1953],"class_list":["post-3170","post","type-post","status-publish","format-standard","has-post-thumbnail","hentry","category-actualidad","category-regional","category-sociedad","tag-ayacucho","tag-reconstruccion","tag-vialibertadores"],"yoast_head":"<!-- This site is optimized with the Yoast SEO plugin v27.4 - https:\/\/yoast.com\/product\/yoast-seo-wordpress\/ -->\n<title>Reconstrucci\u00f3n de la V\u00eda Los Libertadores: Un paso hist\u00f3rico para Ayacucho y la integraci\u00f3n del pa\u00eds - Pulso27<\/title>\n<meta name=\"robots\" content=\"index, follow, max-snippet:-1, max-image-preview:large, max-video-preview:-1\" \/>\n<link rel=\"canonical\" href=\"https:\/\/pulso27.com\/es\/actualidad\/reconstruccion-de-la-via-los-libertadores-un-paso-historico-para-ayacucho-y-la-integracion-del-pais\/\" \/>\n<meta property=\"og:locale\" content=\"es_ES\" \/>\n<meta property=\"og:type\" content=\"article\" \/>\n<meta property=\"og:title\" content=\"Reconstrucci\u00f3n de la V\u00eda Los Libertadores: Un paso hist\u00f3rico para Ayacucho y la integraci\u00f3n del pa\u00eds - Pulso27\" \/>\n<meta property=\"og:description\" content=\"Este lunes 16 de diciembre del presente a\u00f1o, el Gobierno promulg\u00f3 la Ley 32194, que declara de necesidad p\u00fablica e inter\u00e9s nacional la reconstrucci\u00f3n y asfaltado de la carretera de doble v\u00eda Los Libertadores, un tramo clave que conecta el departamento de Ayacucho con la costa peruana a trav\u00e9s de San Clemente, en la provincia [&hellip;]\" \/>\n<meta property=\"og:url\" content=\"https:\/\/pulso27.com\/es\/actualidad\/reconstruccion-de-la-via-los-libertadores-un-paso-historico-para-ayacucho-y-la-integracion-del-pais\/\" \/>\n<meta property=\"og:site_name\" content=\"Pulso27\" \/>\n<meta property=\"article:publisher\" content=\"https:\/\/www.facebook.com\/pulso27\/\" \/>\n<meta property=\"article:published_time\" content=\"2024-12-17T05:33:08+00:00\" \/>\n<meta property=\"article:modified_time\" content=\"2024-12-17T05:33:11+00:00\" \/>\n<meta property=\"og:image\" content=\"https:\/\/pulso27.com\/wp-content\/uploads\/2024\/12\/ViaLosLibert.png\" \/>\n\t<meta property=\"og:image:width\" content=\"1366\" \/>\n\t<meta property=\"og:image:height\" content=\"768\" \/>\n\t<meta property=\"og:image:type\" content=\"image\/png\" \/>\n<meta name=\"author\" content=\"El Muki\" \/>\n<meta name=\"twitter:card\" content=\"summary_large_image\" \/>\n<meta name=\"twitter:creator\" content=\"@Pulso_27\" \/>\n<meta name=\"twitter:site\" content=\"@Pulso_27\" \/>\n<meta name=\"twitter:label1\" content=\"Written by\" \/>\n\t<meta name=\"twitter:data1\" content=\"El Muki\" \/>\n\t<meta name=\"twitter:label2\" content=\"Est. reading time\" \/>\n\t<meta name=\"twitter:data2\" content=\"3 minutos\" \/>\n<script type=\"application\/ld+json\" class=\"yoast-schema-graph\">{\"@context\":\"https:\\\/\\\/schema.org\",\"@graph\":[{\"@type\":\"Article\",\"@id\":\"https:\\\/\\\/pulso27.com\\\/actualidad\\\/reconstruccion-de-la-via-los-libertadores-un-paso-historico-para-ayacucho-y-la-integracion-del-pais\\\/#article\",\"isPartOf\":{\"@id\":\"https:\\\/\\\/pulso27.com\\\/actualidad\\\/reconstruccion-de-la-via-los-libertadores-un-paso-historico-para-ayacucho-y-la-integracion-del-pais\\\/\"},\"author\":{\"name\":\"El Muki\",\"@id\":\"https:\\\/\\\/pulso27.com\\\/en\\\/#\\\/schema\\\/person\\\/a0930a7f318e7d9d83bd7cffed9f34f6\"},\"headline\":\"Reconstrucci\u00f3n de la V\u00eda Los Libertadores: Un paso hist\u00f3rico para Ayacucho y la integraci\u00f3n del pa\u00eds\",\"datePublished\":\"2024-12-17T05:33:08+00:00\",\"dateModified\":\"2024-12-17T05:33:11+00:00\",\"mainEntityOfPage\":{\"@id\":\"https:\\\/\\\/pulso27.com\\\/actualidad\\\/reconstruccion-de-la-via-los-libertadores-un-paso-historico-para-ayacucho-y-la-integracion-del-pais\\\/\"},\"wordCount\":538,\"commentCount\":0,\"publisher\":{\"@id\":\"https:\\\/\\\/pulso27.com\\\/en\\\/#organization\"},\"image\":{\"@id\":\"https:\\\/\\\/pulso27.com\\\/actualidad\\\/reconstruccion-de-la-via-los-libertadores-un-paso-historico-para-ayacucho-y-la-integracion-del-pais\\\/#primaryimage\"},\"thumbnailUrl\":\"https:\\\/\\\/pulso27.com\\\/wp-content\\\/uploads\\\/2024\\\/12\\\/ViaLosLibert.png\",\"keywords\":[\"Ayacucho\",\"Reconstrucci\u00f3n\",\"ViaLibertadores\"],\"articleSection\":[\"Actualidad\",\"Regional\",\"Sociedad\"],\"inLanguage\":\"es-PE\",\"potentialAction\":[{\"@type\":\"CommentAction\",\"name\":\"Comment\",\"target\":[\"https:\\\/\\\/pulso27.com\\\/actualidad\\\/reconstruccion-de-la-via-los-libertadores-un-paso-historico-para-ayacucho-y-la-integracion-del-pais\\\/#respond\"]}]},{\"@type\":\"WebPage\",\"@id\":\"https:\\\/\\\/pulso27.com\\\/actualidad\\\/reconstruccion-de-la-via-los-libertadores-un-paso-historico-para-ayacucho-y-la-integracion-del-pais\\\/\",\"url\":\"https:\\\/\\\/pulso27.com\\\/actualidad\\\/reconstruccion-de-la-via-los-libertadores-un-paso-historico-para-ayacucho-y-la-integracion-del-pais\\\/\",\"name\":\"Reconstrucci\u00f3n de la V\u00eda Los Libertadores: Un paso hist\u00f3rico para Ayacucho y la integraci\u00f3n del pa\u00eds - Pulso27\",\"isPartOf\":{\"@id\":\"https:\\\/\\\/pulso27.com\\\/en\\\/#website\"},\"primaryImageOfPage\":{\"@id\":\"https:\\\/\\\/pulso27.com\\\/actualidad\\\/reconstruccion-de-la-via-los-libertadores-un-paso-historico-para-ayacucho-y-la-integracion-del-pais\\\/#primaryimage\"},\"image\":{\"@id\":\"https:\\\/\\\/pulso27.com\\\/actualidad\\\/reconstruccion-de-la-via-los-libertadores-un-paso-historico-para-ayacucho-y-la-integracion-del-pais\\\/#primaryimage\"},\"thumbnailUrl\":\"https:\\\/\\\/pulso27.com\\\/wp-content\\\/uploads\\\/2024\\\/12\\\/ViaLosLibert.png\",\"datePublished\":\"2024-12-17T05:33:08+00:00\",\"dateModified\":\"2024-12-17T05:33:11+00:00\",\"breadcrumb\":{\"@id\":\"https:\\\/\\\/pulso27.com\\\/actualidad\\\/reconstruccion-de-la-via-los-libertadores-un-paso-historico-para-ayacucho-y-la-integracion-del-pais\\\/#breadcrumb\"},\"inLanguage\":\"es-PE\",\"potentialAction\":[{\"@type\":\"ReadAction\",\"target\":[\"https:\\\/\\\/pulso27.com\\\/actualidad\\\/reconstruccion-de-la-via-los-libertadores-un-paso-historico-para-ayacucho-y-la-integracion-del-pais\\\/\"]}]},{\"@type\":\"ImageObject\",\"inLanguage\":\"es-PE\",\"@id\":\"https:\\\/\\\/pulso27.com\\\/actualidad\\\/reconstruccion-de-la-via-los-libertadores-un-paso-historico-para-ayacucho-y-la-integracion-del-pais\\\/#primaryimage\",\"url\":\"https:\\\/\\\/pulso27.com\\\/wp-content\\\/uploads\\\/2024\\\/12\\\/ViaLosLibert.png\",\"contentUrl\":\"https:\\\/\\\/pulso27.com\\\/wp-content\\\/uploads\\\/2024\\\/12\\\/ViaLosLibert.png\",\"width\":1366,\"height\":768,\"caption\":\"Declaran de Inter\u00e9s Nacional la reconstrucci\u00f3n de la v\u00eda Los Libertadores\"},{\"@type\":\"BreadcrumbList\",\"@id\":\"https:\\\/\\\/pulso27.com\\\/actualidad\\\/reconstruccion-de-la-via-los-libertadores-un-paso-historico-para-ayacucho-y-la-integracion-del-pais\\\/#breadcrumb\",\"itemListElement\":[{\"@type\":\"ListItem\",\"position\":1,\"name\":\"Portada\",\"item\":\"https:\\\/\\\/pulso27.com\\\/\"},{\"@type\":\"ListItem\",\"position\":2,\"name\":\"Reconstrucci\u00f3n de la V\u00eda Los Libertadores: Un paso hist\u00f3rico para Ayacucho y la integraci\u00f3n del pa\u00eds\"}]},{\"@type\":\"WebSite\",\"@id\":\"https:\\\/\\\/pulso27.com\\\/en\\\/#website\",\"url\":\"https:\\\/\\\/pulso27.com\\\/en\\\/\",\"name\":\"Pulso27\",\"description\":\"Web de noticias y publicidad\",\"publisher\":{\"@id\":\"https:\\\/\\\/pulso27.com\\\/en\\\/#organization\"},\"alternateName\":\"El pulso del pueblo\",\"potentialAction\":[{\"@type\":\"SearchAction\",\"target\":{\"@type\":\"EntryPoint\",\"urlTemplate\":\"https:\\\/\\\/pulso27.com\\\/en\\\/?s={search_term_string}\"},\"query-input\":{\"@type\":\"PropertyValueSpecification\",\"valueRequired\":true,\"valueName\":\"search_term_string\"}}],\"inLanguage\":\"es-PE\"},{\"@type\":\"Organization\",\"@id\":\"https:\\\/\\\/pulso27.com\\\/en\\\/#organization\",\"name\":\"Pulso27\",\"url\":\"https:\\\/\\\/pulso27.com\\\/en\\\/\",\"logo\":{\"@type\":\"ImageObject\",\"inLanguage\":\"es-PE\",\"@id\":\"https:\\\/\\\/pulso27.com\\\/en\\\/#\\\/schema\\\/logo\\\/image\\\/\",\"url\":\"https:\\\/\\\/pulso27.com\\\/wp-content\\\/uploads\\\/2026\\\/02\\\/Logotipo-de-la-organizacion-696-x-696-px-ok.png\",\"contentUrl\":\"https:\\\/\\\/pulso27.com\\\/wp-content\\\/uploads\\\/2026\\\/02\\\/Logotipo-de-la-organizacion-696-x-696-px-ok.png\",\"width\":696,\"height\":696,\"caption\":\"Pulso27\"},\"image\":{\"@id\":\"https:\\\/\\\/pulso27.com\\\/en\\\/#\\\/schema\\\/logo\\\/image\\\/\"},\"sameAs\":[\"https:\\\/\\\/www.facebook.com\\\/pulso27\\\/\",\"https:\\\/\\\/x.com\\\/Pulso_27\",\"https:\\\/\\\/www.youtube.com\\\/@Pulso27\",\"https:\\\/\\\/www.tiktok.com\\\/@pulso_27\"]},{\"@type\":\"Person\",\"@id\":\"https:\\\/\\\/pulso27.com\\\/en\\\/#\\\/schema\\\/person\\\/a0930a7f318e7d9d83bd7cffed9f34f6\",\"name\":\"El Muki\",\"image\":{\"@type\":\"ImageObject\",\"inLanguage\":\"es-PE\",\"@id\":\"https:\\\/\\\/secure.gravatar.com\\\/avatar\\\/dc91c2607c5eebda74cbb40d13031f489096c96ead89c4c30c17db262267b2b3?s=96&d=mm&r=g\",\"url\":\"https:\\\/\\\/secure.gravatar.com\\\/avatar\\\/dc91c2607c5eebda74cbb40d13031f489096c96ead89c4c30c17db262267b2b3?s=96&d=mm&r=g\",\"contentUrl\":\"https:\\\/\\\/secure.gravatar.com\\\/avatar\\\/dc91c2607c5eebda74cbb40d13031f489096c96ead89c4c30c17db262267b2b3?s=96&d=mm&r=g\",\"caption\":\"El Muki\"},\"sameAs\":[\"http:\\\/\\\/www.pulso27.com\"],\"url\":\"https:\\\/\\\/pulso27.com\\\/es\\\/author\\\/elcuervo\\\/\"}]}<\/script>\n<!-- \/ Yoast SEO plugin. -->","yoast_head_json":{"title":"Reconstrucci\u00f3n de la V\u00eda Los Libertadores: Un paso hist\u00f3rico para Ayacucho y la integraci\u00f3n del pa\u00eds - Pulso27","robots":{"index":"index","follow":"follow","max-snippet":"max-snippet:-1","max-image-preview":"max-image-preview:large","max-video-preview":"max-video-preview:-1"},"canonical":"https:\/\/pulso27.com\/es\/actualidad\/reconstruccion-de-la-via-los-libertadores-un-paso-historico-para-ayacucho-y-la-integracion-del-pais\/","og_locale":"es_ES","og_type":"article","og_title":"Reconstrucci\u00f3n de la V\u00eda Los Libertadores: Un paso hist\u00f3rico para Ayacucho y la integraci\u00f3n del pa\u00eds - Pulso27","og_description":"Este lunes 16 de diciembre del presente a\u00f1o, el Gobierno promulg\u00f3 la Ley 32194, que declara de necesidad p\u00fablica e inter\u00e9s nacional la reconstrucci\u00f3n y asfaltado de la carretera de doble v\u00eda Los Libertadores, un tramo clave que conecta el departamento de Ayacucho con la costa peruana a trav\u00e9s de San Clemente, en la provincia [&hellip;]","og_url":"https:\/\/pulso27.com\/es\/actualidad\/reconstruccion-de-la-via-los-libertadores-un-paso-historico-para-ayacucho-y-la-integracion-del-pais\/","og_site_name":"Pulso27","article_publisher":"https:\/\/www.facebook.com\/pulso27\/","article_published_time":"2024-12-17T05:33:08+00:00","article_modified_time":"2024-12-17T05:33:11+00:00","og_image":[{"width":1366,"height":768,"url":"https:\/\/pulso27.com\/wp-content\/uploads\/2024\/12\/ViaLosLibert.png","type":"image\/png"}],"author":"El Muki","twitter_card":"summary_large_image","twitter_creator":"@Pulso_27","twitter_site":"@Pulso_27","twitter_misc":{"Written by":"El Muki","Est. reading time":"3 minutos"},"schema":{"@context":"https:\/\/schema.org","@graph":[{"@type":"Article","@id":"https:\/\/pulso27.com\/actualidad\/reconstruccion-de-la-via-los-libertadores-un-paso-historico-para-ayacucho-y-la-integracion-del-pais\/#article","isPartOf":{"@id":"https:\/\/pulso27.com\/actualidad\/reconstruccion-de-la-via-los-libertadores-un-paso-historico-para-ayacucho-y-la-integracion-del-pais\/"},"author":{"name":"El Muki","@id":"https:\/\/pulso27.com\/en\/#\/schema\/person\/a0930a7f318e7d9d83bd7cffed9f34f6"},"headline":"Reconstrucci\u00f3n de la V\u00eda Los Libertadores: Un paso hist\u00f3rico para Ayacucho y la integraci\u00f3n del pa\u00eds","datePublished":"2024-12-17T05:33:08+00:00","dateModified":"2024-12-17T05:33:11+00:00","mainEntityOfPage":{"@id":"https:\/\/pulso27.com\/actualidad\/reconstruccion-de-la-via-los-libertadores-un-paso-historico-para-ayacucho-y-la-integracion-del-pais\/"},"wordCount":538,"commentCount":0,"publisher":{"@id":"https:\/\/pulso27.com\/en\/#organization"},"image":{"@id":"https:\/\/pulso27.com\/actualidad\/reconstruccion-de-la-via-los-libertadores-un-paso-historico-para-ayacucho-y-la-integracion-del-pais\/#primaryimage"},"thumbnailUrl":"https:\/\/pulso27.com\/wp-content\/uploads\/2024\/12\/ViaLosLibert.png","keywords":["Ayacucho","Reconstrucci\u00f3n","ViaLibertadores"],"articleSection":["Actualidad","Regional","Sociedad"],"inLanguage":"es-PE","potentialAction":[{"@type":"CommentAction","name":"Comment","target":["https:\/\/pulso27.com\/actualidad\/reconstruccion-de-la-via-los-libertadores-un-paso-historico-para-ayacucho-y-la-integracion-del-pais\/#respond"]}]},{"@type":"WebPage","@id":"https:\/\/pulso27.com\/actualidad\/reconstruccion-de-la-via-los-libertadores-un-paso-historico-para-ayacucho-y-la-integracion-del-pais\/","url":"https:\/\/pulso27.com\/actualidad\/reconstruccion-de-la-via-los-libertadores-un-paso-historico-para-ayacucho-y-la-integracion-del-pais\/","name":"Reconstrucci\u00f3n de la V\u00eda Los Libertadores: Un paso hist\u00f3rico para Ayacucho y la integraci\u00f3n del pa\u00eds - Pulso27","isPartOf":{"@id":"https:\/\/pulso27.com\/en\/#website"},"primaryImageOfPage":{"@id":"https:\/\/pulso27.com\/actualidad\/reconstruccion-de-la-via-los-libertadores-un-paso-historico-para-ayacucho-y-la-integracion-del-pais\/#primaryimage"},"image":{"@id":"https:\/\/pulso27.com\/actualidad\/reconstruccion-de-la-via-los-libertadores-un-paso-historico-para-ayacucho-y-la-integracion-del-pais\/#primaryimage"},"thumbnailUrl":"https:\/\/pulso27.com\/wp-content\/uploads\/2024\/12\/ViaLosLibert.png","datePublished":"2024-12-17T05:33:08+00:00","dateModified":"2024-12-17T05:33:11+00:00","breadcrumb":{"@id":"https:\/\/pulso27.com\/actualidad\/reconstruccion-de-la-via-los-libertadores-un-paso-historico-para-ayacucho-y-la-integracion-del-pais\/#breadcrumb"},"inLanguage":"es-PE","potentialAction":[{"@type":"ReadAction","target":["https:\/\/pulso27.com\/actualidad\/reconstruccion-de-la-via-los-libertadores-un-paso-historico-para-ayacucho-y-la-integracion-del-pais\/"]}]},{"@type":"ImageObject","inLanguage":"es-PE","@id":"https:\/\/pulso27.com\/actualidad\/reconstruccion-de-la-via-los-libertadores-un-paso-historico-para-ayacucho-y-la-integracion-del-pais\/#primaryimage","url":"https:\/\/pulso27.com\/wp-content\/uploads\/2024\/12\/ViaLosLibert.png","contentUrl":"https:\/\/pulso27.com\/wp-content\/uploads\/2024\/12\/ViaLosLibert.png","width":1366,"height":768,"caption":"Declaran de Inter\u00e9s Nacional la reconstrucci\u00f3n de la v\u00eda Los Libertadores"},{"@type":"BreadcrumbList","@id":"https:\/\/pulso27.com\/actualidad\/reconstruccion-de-la-via-los-libertadores-un-paso-historico-para-ayacucho-y-la-integracion-del-pais\/#breadcrumb","itemListElement":[{"@type":"ListItem","position":1,"name":"Portada","item":"https:\/\/pulso27.com\/"},{"@type":"ListItem","position":2,"name":"Reconstrucci\u00f3n de la V\u00eda Los Libertadores: Un paso hist\u00f3rico para Ayacucho y la integraci\u00f3n del pa\u00eds"}]},{"@type":"WebSite","@id":"https:\/\/pulso27.com\/en\/#website","url":"https:\/\/pulso27.com\/en\/","name":"Pulso27","description":"Web de noticias y publicidad","publisher":{"@id":"https:\/\/pulso27.com\/en\/#organization"},"alternateName":"El pulso del pueblo","potentialAction":[{"@type":"SearchAction","target":{"@type":"EntryPoint","urlTemplate":"https:\/\/pulso27.com\/en\/?s={search_term_string}"},"query-input":{"@type":"PropertyValueSpecification","valueRequired":true,"valueName":"search_term_string"}}],"inLanguage":"es-PE"},{"@type":"Organization","@id":"https:\/\/pulso27.com\/en\/#organization","name":"Pulso27","url":"https:\/\/pulso27.com\/en\/","logo":{"@type":"ImageObject","inLanguage":"es-PE","@id":"https:\/\/pulso27.com\/en\/#\/schema\/logo\/image\/","url":"https:\/\/pulso27.com\/wp-content\/uploads\/2026\/02\/Logotipo-de-la-organizacion-696-x-696-px-ok.png","contentUrl":"https:\/\/pulso27.com\/wp-content\/uploads\/2026\/02\/Logotipo-de-la-organizacion-696-x-696-px-ok.png","width":696,"height":696,"caption":"Pulso27"},"image":{"@id":"https:\/\/pulso27.com\/en\/#\/schema\/logo\/image\/"},"sameAs":["https:\/\/www.facebook.com\/pulso27\/","https:\/\/x.com\/Pulso_27","https:\/\/www.youtube.com\/@Pulso27","https:\/\/www.tiktok.com\/@pulso_27"]},{"@type":"Person","@id":"https:\/\/pulso27.com\/en\/#\/schema\/person\/a0930a7f318e7d9d83bd7cffed9f34f6","name":"El Muki","image":{"@type":"ImageObject","inLanguage":"es-PE","@id":"https:\/\/secure.gravatar.com\/avatar\/dc91c2607c5eebda74cbb40d13031f489096c96ead89c4c30c17db262267b2b3?s=96&d=mm&r=g","url":"https:\/\/secure.gravatar.com\/avatar\/dc91c2607c5eebda74cbb40d13031f489096c96ead89c4c30c17db262267b2b3?s=96&d=mm&r=g","contentUrl":"https:\/\/secure.gravatar.com\/avatar\/dc91c2607c5eebda74cbb40d13031f489096c96ead89c4c30c17db262267b2b3?s=96&d=mm&r=g","caption":"El Muki"},"sameAs":["http:\/\/www.pulso27.com"],"url":"https:\/\/pulso27.com\/es\/author\/elcuervo\/"}]}},"amp_enabled":true,"_links":{"self":[{"href":"https:\/\/pulso27.com\/es\/wp-json\/wp\/v2\/posts\/3170","targetHints":{"allow":["GET"]}}],"collection":[{"href":"https:\/\/pulso27.com\/es\/wp-json\/wp\/v2\/posts"}],"about":[{"href":"https:\/\/pulso27.com\/es\/wp-json\/wp\/v2\/types\/post"}],"author":[{"embeddable":true,"href":"https:\/\/pulso27.com\/es\/wp-json\/wp\/v2\/users\/10"}],"replies":[{"embeddable":true,"href":"https:\/\/pulso27.com\/es\/wp-json\/wp\/v2\/comments?post=3170"}],"version-history":[{"count":2,"href":"https:\/\/pulso27.com\/es\/wp-json\/wp\/v2\/posts\/3170\/revisions"}],"predecessor-version":[{"id":3177,"href":"https:\/\/pulso27.com\/es\/wp-json\/wp\/v2\/posts\/3170\/revisions\/3177"}],"wp:featuredmedia":[{"embeddable":true,"href":"https:\/\/pulso27.com\/es\/wp-json\/wp\/v2\/media\/3171"}],"wp:attachment":[{"href":"https:\/\/pulso27.com\/es\/wp-json\/wp\/v2\/media?parent=3170"}],"wp:term":[{"taxonomy":"category","embeddable":true,"href":"https:\/\/pulso27.com\/es\/wp-json\/wp\/v2\/categories?post=3170"},{"taxonomy":"post_tag","embeddable":true,"href":"https:\/\/pulso27.com\/es\/wp-json\/wp\/v2\/tags?post=3170"}],"curies":[{"name":"wp","href":"https:\/\/api.w.org\/{rel}","templated":true}]}}