{"id":3230,"date":"2024-12-22T20:06:00","date_gmt":"2024-12-22T15:06:00","guid":{"rendered":"https:\/\/pulso27.com\/?p=3230"},"modified":"2024-12-23T20:07:55","modified_gmt":"2024-12-23T15:07:55","slug":"pobladores-de-ayacucho-queman-camion-utilizado-por-abigeos-para-robar-ganado","status":"publish","type":"post","link":"https:\/\/pulso27.com\/es\/actualidad\/policial\/pobladores-de-ayacucho-queman-camion-utilizado-por-abigeos-para-robar-ganado\/","title":{"rendered":"Pobladores de Ayacucho queman cami\u00f3n utilizado por abigeos para robar ganado"},"content":{"rendered":"\n<p>En un acto de justicia comunitaria, pobladores del distrito de Coracora, en la provincia de Parinacochas, Ayacucho, incendiaron un cami\u00f3n que era utilizado por abigeos para robar y trasladar ganado vacuno. El incidente ocurri\u00f3 en la ruta Huayccohuasi-Negro Mayo, luego de que la poblaci\u00f3n interviniera el veh\u00edculo y lograra recuperar los animales robados.<\/p>\n\n\n\n<p>El conductor del cami\u00f3n, quien admiti\u00f3 que el ganado no ten\u00eda un origen legal, fue entregado a la Polic\u00eda Nacional y trasladado a la comisar\u00eda local para continuar con las investigaciones. Hasta el momento, las autoridades no han brindado detalles sobre la identidad del detenido ni sobre el destino del ganado recuperado.<\/p>\n\n\n\n<p>El abigeato, delito recurrente en las zonas rurales de Ayacucho, ha generado preocupaci\u00f3n entre los comuneros, quienes se sienten desprotegidos ante la limitada acci\u00f3n de las autoridades. Este tipo de respuesta colectiva refleja el hartazgo de las comunidades, que en varias ocasiones han optado por tomar medidas directas contra los responsables de estos cr\u00edmenes.<\/p>\n\n\n\n<figure class=\"wp-block-image size-full is-resized\"><img loading=\"lazy\" decoding=\"async\" width=\"720\" height=\"392\" src=\"https:\/\/pulso27.com\/wp-content\/uploads\/2024\/12\/image-61.png\" alt=\"\" class=\"wp-image-3234\" style=\"width:740px;height:auto\" srcset=\"https:\/\/pulso27.com\/wp-content\/uploads\/2024\/12\/image-61.png 720w, https:\/\/pulso27.com\/wp-content\/uploads\/2024\/12\/image-61-300x163.png 300w, https:\/\/pulso27.com\/wp-content\/uploads\/2024\/12\/image-61-18x10.png 18w\" sizes=\"auto, (max-width: 720px) 100vw, 720px\" \/><figcaption class=\"wp-element-caption\"><em>Los abigeos fueron interceptados por pobladores de Cora Cora &#8211; Parinacochas &#8211; Ayacucho<\/em><\/figcaption><\/figure>\n\n\n\n<p>En redes sociales, las im\u00e1genes del cami\u00f3n en llamas se viralizaron r\u00e1pidamente, acompa\u00f1adas de mensajes de apoyo a los pobladores de Coracora. Usuarios en plataformas como Facebook y X (antes Twitter) se\u00f1alaron que este tipo de actos son el resultado de a\u00f1os de impunidad frente a un problema que afecta gravemente la econom\u00eda de las familias rurales.<\/p>\n\n\n\n<p>Por su parte, la Polic\u00eda Nacional y las autoridades locales han llamado a la calma, recordando que la justicia por mano propia puede derivar en consecuencias legales para los participantes. Asimismo, se comprometieron a reforzar las acciones contra el abigeato en la regi\u00f3n, aunque los pobladores han expresado escepticismo ante estas promesas, se\u00f1alando la necesidad de soluciones m\u00e1s efectivas.<\/p>\n\n\n\n<p>El caso de Coracora se suma a otros episodios similares en distintas regiones del pa\u00eds, evidenciando la urgente necesidad de fortalecer la seguridad en las zonas rurales y de atender las demandas de las comunidades afectadas por este delito.<\/p>\n","protected":false},"excerpt":{"rendered":"<p>En un acto de justicia comunitaria, pobladores del distrito de Coracora, en la provincia de Parinacochas, Ayacucho, incendiaron un cami\u00f3n que era utilizado por abigeos para robar y trasladar ganado vacuno. El incidente ocurri\u00f3 en la ruta Huayccohuasi-Negro Mayo, luego de que la poblaci\u00f3n interviniera el veh\u00edculo y lograra recuperar los animales robados. El conductor [&hellip;]<\/p>\n","protected":false},"author":8,"featured_media":3233,"comment_status":"open","ping_status":"open","sticky":false,"template":"","format":"standard","meta":{"footnotes":""},"categories":[183,178,810],"tags":[1961,203,309],"class_list":["post-3230","post","type-post","status-publish","format-standard","has-post-thumbnail","hentry","category-actualidad","category-policial","category-regional","tag-abigeos","tag-ayacucho","tag-pnp"],"yoast_head":"<!-- This site is optimized with the Yoast SEO plugin v27.4 - https:\/\/yoast.com\/product\/yoast-seo-wordpress\/ -->\n<title>Pobladores de Ayacucho queman cami\u00f3n utilizado por abigeos para robar ganado - Pulso27<\/title>\n<meta name=\"robots\" content=\"index, follow, max-snippet:-1, max-image-preview:large, max-video-preview:-1\" \/>\n<link rel=\"canonical\" href=\"https:\/\/pulso27.com\/es\/actualidad\/policial\/pobladores-de-ayacucho-queman-camion-utilizado-por-abigeos-para-robar-ganado\/\" \/>\n<meta property=\"og:locale\" content=\"es_ES\" \/>\n<meta property=\"og:type\" content=\"article\" \/>\n<meta property=\"og:title\" content=\"Pobladores de Ayacucho queman cami\u00f3n utilizado por abigeos para robar ganado - Pulso27\" \/>\n<meta property=\"og:description\" content=\"En un acto de justicia comunitaria, pobladores del distrito de Coracora, en la provincia de Parinacochas, Ayacucho, incendiaron un cami\u00f3n que era utilizado por abigeos para robar y trasladar ganado vacuno. El incidente ocurri\u00f3 en la ruta Huayccohuasi-Negro Mayo, luego de que la poblaci\u00f3n interviniera el veh\u00edculo y lograra recuperar los animales robados. El conductor [&hellip;]\" \/>\n<meta property=\"og:url\" content=\"https:\/\/pulso27.com\/es\/actualidad\/policial\/pobladores-de-ayacucho-queman-camion-utilizado-por-abigeos-para-robar-ganado\/\" \/>\n<meta property=\"og:site_name\" content=\"Pulso27\" \/>\n<meta property=\"article:publisher\" content=\"https:\/\/www.facebook.com\/pulso27\/\" \/>\n<meta property=\"article:published_time\" content=\"2024-12-22T15:06:00+00:00\" \/>\n<meta property=\"article:modified_time\" content=\"2024-12-23T15:07:55+00:00\" \/>\n<meta property=\"og:image\" content=\"https:\/\/pulso27.com\/wp-content\/uploads\/2024\/12\/Abigeo.png\" \/>\n\t<meta property=\"og:image:width\" content=\"1366\" \/>\n\t<meta property=\"og:image:height\" content=\"768\" \/>\n\t<meta property=\"og:image:type\" content=\"image\/png\" \/>\n<meta name=\"author\" content=\"Maga\" \/>\n<meta name=\"twitter:card\" content=\"summary_large_image\" \/>\n<meta name=\"twitter:creator\" content=\"@Pulso_27\" \/>\n<meta name=\"twitter:site\" content=\"@Pulso_27\" \/>\n<meta name=\"twitter:label1\" content=\"Written by\" \/>\n\t<meta name=\"twitter:data1\" content=\"Maga\" \/>\n\t<meta name=\"twitter:label2\" content=\"Est. reading time\" \/>\n\t<meta name=\"twitter:data2\" content=\"2 minutos\" \/>\n<script type=\"application\/ld+json\" class=\"yoast-schema-graph\">{\"@context\":\"https:\\\/\\\/schema.org\",\"@graph\":[{\"@type\":\"Article\",\"@id\":\"https:\\\/\\\/pulso27.com\\\/actualidad\\\/policial\\\/pobladores-de-ayacucho-queman-camion-utilizado-por-abigeos-para-robar-ganado\\\/#article\",\"isPartOf\":{\"@id\":\"https:\\\/\\\/pulso27.com\\\/actualidad\\\/policial\\\/pobladores-de-ayacucho-queman-camion-utilizado-por-abigeos-para-robar-ganado\\\/\"},\"author\":{\"name\":\"Maga\",\"@id\":\"https:\\\/\\\/pulso27.com\\\/en\\\/#\\\/schema\\\/person\\\/92f5059eb04cb644a32d22c9bc998684\"},\"headline\":\"Pobladores de Ayacucho queman cami\u00f3n utilizado por abigeos para robar ganado\",\"datePublished\":\"2024-12-22T15:06:00+00:00\",\"dateModified\":\"2024-12-23T15:07:55+00:00\",\"mainEntityOfPage\":{\"@id\":\"https:\\\/\\\/pulso27.com\\\/actualidad\\\/policial\\\/pobladores-de-ayacucho-queman-camion-utilizado-por-abigeos-para-robar-ganado\\\/\"},\"wordCount\":361,\"commentCount\":0,\"publisher\":{\"@id\":\"https:\\\/\\\/pulso27.com\\\/en\\\/#organization\"},\"image\":{\"@id\":\"https:\\\/\\\/pulso27.com\\\/actualidad\\\/policial\\\/pobladores-de-ayacucho-queman-camion-utilizado-por-abigeos-para-robar-ganado\\\/#primaryimage\"},\"thumbnailUrl\":\"https:\\\/\\\/pulso27.com\\\/wp-content\\\/uploads\\\/2024\\\/12\\\/Abigeo.png\",\"keywords\":[\"Abigeos\",\"Ayacucho\",\"PNP\"],\"articleSection\":[\"Actualidad\",\"Policial\",\"Regional\"],\"inLanguage\":\"es-PE\",\"potentialAction\":[{\"@type\":\"CommentAction\",\"name\":\"Comment\",\"target\":[\"https:\\\/\\\/pulso27.com\\\/actualidad\\\/policial\\\/pobladores-de-ayacucho-queman-camion-utilizado-por-abigeos-para-robar-ganado\\\/#respond\"]}]},{\"@type\":\"WebPage\",\"@id\":\"https:\\\/\\\/pulso27.com\\\/actualidad\\\/policial\\\/pobladores-de-ayacucho-queman-camion-utilizado-por-abigeos-para-robar-ganado\\\/\",\"url\":\"https:\\\/\\\/pulso27.com\\\/actualidad\\\/policial\\\/pobladores-de-ayacucho-queman-camion-utilizado-por-abigeos-para-robar-ganado\\\/\",\"name\":\"Pobladores de Ayacucho queman cami\u00f3n utilizado por abigeos para robar ganado - Pulso27\",\"isPartOf\":{\"@id\":\"https:\\\/\\\/pulso27.com\\\/en\\\/#website\"},\"primaryImageOfPage\":{\"@id\":\"https:\\\/\\\/pulso27.com\\\/actualidad\\\/policial\\\/pobladores-de-ayacucho-queman-camion-utilizado-por-abigeos-para-robar-ganado\\\/#primaryimage\"},\"image\":{\"@id\":\"https:\\\/\\\/pulso27.com\\\/actualidad\\\/policial\\\/pobladores-de-ayacucho-queman-camion-utilizado-por-abigeos-para-robar-ganado\\\/#primaryimage\"},\"thumbnailUrl\":\"https:\\\/\\\/pulso27.com\\\/wp-content\\\/uploads\\\/2024\\\/12\\\/Abigeo.png\",\"datePublished\":\"2024-12-22T15:06:00+00:00\",\"dateModified\":\"2024-12-23T15:07:55+00:00\",\"breadcrumb\":{\"@id\":\"https:\\\/\\\/pulso27.com\\\/actualidad\\\/policial\\\/pobladores-de-ayacucho-queman-camion-utilizado-por-abigeos-para-robar-ganado\\\/#breadcrumb\"},\"inLanguage\":\"es-PE\",\"potentialAction\":[{\"@type\":\"ReadAction\",\"target\":[\"https:\\\/\\\/pulso27.com\\\/actualidad\\\/policial\\\/pobladores-de-ayacucho-queman-camion-utilizado-por-abigeos-para-robar-ganado\\\/\"]}]},{\"@type\":\"ImageObject\",\"inLanguage\":\"es-PE\",\"@id\":\"https:\\\/\\\/pulso27.com\\\/actualidad\\\/policial\\\/pobladores-de-ayacucho-queman-camion-utilizado-por-abigeos-para-robar-ganado\\\/#primaryimage\",\"url\":\"https:\\\/\\\/pulso27.com\\\/wp-content\\\/uploads\\\/2024\\\/12\\\/Abigeo.png\",\"contentUrl\":\"https:\\\/\\\/pulso27.com\\\/wp-content\\\/uploads\\\/2024\\\/12\\\/Abigeo.png\",\"width\":1366,\"height\":768},{\"@type\":\"BreadcrumbList\",\"@id\":\"https:\\\/\\\/pulso27.com\\\/actualidad\\\/policial\\\/pobladores-de-ayacucho-queman-camion-utilizado-por-abigeos-para-robar-ganado\\\/#breadcrumb\",\"itemListElement\":[{\"@type\":\"ListItem\",\"position\":1,\"name\":\"Portada\",\"item\":\"https:\\\/\\\/pulso27.com\\\/\"},{\"@type\":\"ListItem\",\"position\":2,\"name\":\"Pobladores de Ayacucho queman cami\u00f3n utilizado por abigeos para robar ganado\"}]},{\"@type\":\"WebSite\",\"@id\":\"https:\\\/\\\/pulso27.com\\\/en\\\/#website\",\"url\":\"https:\\\/\\\/pulso27.com\\\/en\\\/\",\"name\":\"Pulso27\",\"description\":\"Web de noticias y publicidad\",\"publisher\":{\"@id\":\"https:\\\/\\\/pulso27.com\\\/en\\\/#organization\"},\"alternateName\":\"El pulso del pueblo\",\"potentialAction\":[{\"@type\":\"SearchAction\",\"target\":{\"@type\":\"EntryPoint\",\"urlTemplate\":\"https:\\\/\\\/pulso27.com\\\/en\\\/?s={search_term_string}\"},\"query-input\":{\"@type\":\"PropertyValueSpecification\",\"valueRequired\":true,\"valueName\":\"search_term_string\"}}],\"inLanguage\":\"es-PE\"},{\"@type\":\"Organization\",\"@id\":\"https:\\\/\\\/pulso27.com\\\/en\\\/#organization\",\"name\":\"Pulso27\",\"url\":\"https:\\\/\\\/pulso27.com\\\/en\\\/\",\"logo\":{\"@type\":\"ImageObject\",\"inLanguage\":\"es-PE\",\"@id\":\"https:\\\/\\\/pulso27.com\\\/en\\\/#\\\/schema\\\/logo\\\/image\\\/\",\"url\":\"https:\\\/\\\/pulso27.com\\\/wp-content\\\/uploads\\\/2026\\\/02\\\/Logotipo-de-la-organizacion-696-x-696-px-ok.png\",\"contentUrl\":\"https:\\\/\\\/pulso27.com\\\/wp-content\\\/uploads\\\/2026\\\/02\\\/Logotipo-de-la-organizacion-696-x-696-px-ok.png\",\"width\":696,\"height\":696,\"caption\":\"Pulso27\"},\"image\":{\"@id\":\"https:\\\/\\\/pulso27.com\\\/en\\\/#\\\/schema\\\/logo\\\/image\\\/\"},\"sameAs\":[\"https:\\\/\\\/www.facebook.com\\\/pulso27\\\/\",\"https:\\\/\\\/x.com\\\/Pulso_27\",\"https:\\\/\\\/www.youtube.com\\\/@Pulso27\",\"https:\\\/\\\/www.tiktok.com\\\/@pulso_27\"]},{\"@type\":\"Person\",\"@id\":\"https:\\\/\\\/pulso27.com\\\/en\\\/#\\\/schema\\\/person\\\/92f5059eb04cb644a32d22c9bc998684\",\"name\":\"Maga\",\"image\":{\"@type\":\"ImageObject\",\"inLanguage\":\"es-PE\",\"@id\":\"https:\\\/\\\/secure.gravatar.com\\\/avatar\\\/c4d5224d4227e7c057cd5793ba910425cc902f3aef97cda3eccc7acba8be2edc?s=96&d=mm&r=g\",\"url\":\"https:\\\/\\\/secure.gravatar.com\\\/avatar\\\/c4d5224d4227e7c057cd5793ba910425cc902f3aef97cda3eccc7acba8be2edc?s=96&d=mm&r=g\",\"contentUrl\":\"https:\\\/\\\/secure.gravatar.com\\\/avatar\\\/c4d5224d4227e7c057cd5793ba910425cc902f3aef97cda3eccc7acba8be2edc?s=96&d=mm&r=g\",\"caption\":\"Maga\"},\"sameAs\":[\"http:\\\/\\\/www.pulso27.com\"],\"url\":\"https:\\\/\\\/pulso27.com\\\/es\\\/author\\\/maga\\\/\"}]}<\/script>\n<!-- \/ Yoast SEO plugin. -->","yoast_head_json":{"title":"Pobladores de Ayacucho queman cami\u00f3n utilizado por abigeos para robar ganado - Pulso27","robots":{"index":"index","follow":"follow","max-snippet":"max-snippet:-1","max-image-preview":"max-image-preview:large","max-video-preview":"max-video-preview:-1"},"canonical":"https:\/\/pulso27.com\/es\/actualidad\/policial\/pobladores-de-ayacucho-queman-camion-utilizado-por-abigeos-para-robar-ganado\/","og_locale":"es_ES","og_type":"article","og_title":"Pobladores de Ayacucho queman cami\u00f3n utilizado por abigeos para robar ganado - Pulso27","og_description":"En un acto de justicia comunitaria, pobladores del distrito de Coracora, en la provincia de Parinacochas, Ayacucho, incendiaron un cami\u00f3n que era utilizado por abigeos para robar y trasladar ganado vacuno. El incidente ocurri\u00f3 en la ruta Huayccohuasi-Negro Mayo, luego de que la poblaci\u00f3n interviniera el veh\u00edculo y lograra recuperar los animales robados. El conductor [&hellip;]","og_url":"https:\/\/pulso27.com\/es\/actualidad\/policial\/pobladores-de-ayacucho-queman-camion-utilizado-por-abigeos-para-robar-ganado\/","og_site_name":"Pulso27","article_publisher":"https:\/\/www.facebook.com\/pulso27\/","article_published_time":"2024-12-22T15:06:00+00:00","article_modified_time":"2024-12-23T15:07:55+00:00","og_image":[{"width":1366,"height":768,"url":"https:\/\/pulso27.com\/wp-content\/uploads\/2024\/12\/Abigeo.png","type":"image\/png"}],"author":"Maga","twitter_card":"summary_large_image","twitter_creator":"@Pulso_27","twitter_site":"@Pulso_27","twitter_misc":{"Written by":"Maga","Est. reading time":"2 minutos"},"schema":{"@context":"https:\/\/schema.org","@graph":[{"@type":"Article","@id":"https:\/\/pulso27.com\/actualidad\/policial\/pobladores-de-ayacucho-queman-camion-utilizado-por-abigeos-para-robar-ganado\/#article","isPartOf":{"@id":"https:\/\/pulso27.com\/actualidad\/policial\/pobladores-de-ayacucho-queman-camion-utilizado-por-abigeos-para-robar-ganado\/"},"author":{"name":"Maga","@id":"https:\/\/pulso27.com\/en\/#\/schema\/person\/92f5059eb04cb644a32d22c9bc998684"},"headline":"Pobladores de Ayacucho queman cami\u00f3n utilizado por abigeos para robar ganado","datePublished":"2024-12-22T15:06:00+00:00","dateModified":"2024-12-23T15:07:55+00:00","mainEntityOfPage":{"@id":"https:\/\/pulso27.com\/actualidad\/policial\/pobladores-de-ayacucho-queman-camion-utilizado-por-abigeos-para-robar-ganado\/"},"wordCount":361,"commentCount":0,"publisher":{"@id":"https:\/\/pulso27.com\/en\/#organization"},"image":{"@id":"https:\/\/pulso27.com\/actualidad\/policial\/pobladores-de-ayacucho-queman-camion-utilizado-por-abigeos-para-robar-ganado\/#primaryimage"},"thumbnailUrl":"https:\/\/pulso27.com\/wp-content\/uploads\/2024\/12\/Abigeo.png","keywords":["Abigeos","Ayacucho","PNP"],"articleSection":["Actualidad","Policial","Regional"],"inLanguage":"es-PE","potentialAction":[{"@type":"CommentAction","name":"Comment","target":["https:\/\/pulso27.com\/actualidad\/policial\/pobladores-de-ayacucho-queman-camion-utilizado-por-abigeos-para-robar-ganado\/#respond"]}]},{"@type":"WebPage","@id":"https:\/\/pulso27.com\/actualidad\/policial\/pobladores-de-ayacucho-queman-camion-utilizado-por-abigeos-para-robar-ganado\/","url":"https:\/\/pulso27.com\/actualidad\/policial\/pobladores-de-ayacucho-queman-camion-utilizado-por-abigeos-para-robar-ganado\/","name":"Pobladores de Ayacucho queman cami\u00f3n utilizado por abigeos para robar ganado - Pulso27","isPartOf":{"@id":"https:\/\/pulso27.com\/en\/#website"},"primaryImageOfPage":{"@id":"https:\/\/pulso27.com\/actualidad\/policial\/pobladores-de-ayacucho-queman-camion-utilizado-por-abigeos-para-robar-ganado\/#primaryimage"},"image":{"@id":"https:\/\/pulso27.com\/actualidad\/policial\/pobladores-de-ayacucho-queman-camion-utilizado-por-abigeos-para-robar-ganado\/#primaryimage"},"thumbnailUrl":"https:\/\/pulso27.com\/wp-content\/uploads\/2024\/12\/Abigeo.png","datePublished":"2024-12-22T15:06:00+00:00","dateModified":"2024-12-23T15:07:55+00:00","breadcrumb":{"@id":"https:\/\/pulso27.com\/actualidad\/policial\/pobladores-de-ayacucho-queman-camion-utilizado-por-abigeos-para-robar-ganado\/#breadcrumb"},"inLanguage":"es-PE","potentialAction":[{"@type":"ReadAction","target":["https:\/\/pulso27.com\/actualidad\/policial\/pobladores-de-ayacucho-queman-camion-utilizado-por-abigeos-para-robar-ganado\/"]}]},{"@type":"ImageObject","inLanguage":"es-PE","@id":"https:\/\/pulso27.com\/actualidad\/policial\/pobladores-de-ayacucho-queman-camion-utilizado-por-abigeos-para-robar-ganado\/#primaryimage","url":"https:\/\/pulso27.com\/wp-content\/uploads\/2024\/12\/Abigeo.png","contentUrl":"https:\/\/pulso27.com\/wp-content\/uploads\/2024\/12\/Abigeo.png","width":1366,"height":768},{"@type":"BreadcrumbList","@id":"https:\/\/pulso27.com\/actualidad\/policial\/pobladores-de-ayacucho-queman-camion-utilizado-por-abigeos-para-robar-ganado\/#breadcrumb","itemListElement":[{"@type":"ListItem","position":1,"name":"Portada","item":"https:\/\/pulso27.com\/"},{"@type":"ListItem","position":2,"name":"Pobladores de Ayacucho queman cami\u00f3n utilizado por abigeos para robar ganado"}]},{"@type":"WebSite","@id":"https:\/\/pulso27.com\/en\/#website","url":"https:\/\/pulso27.com\/en\/","name":"Pulso27","description":"Web de noticias y publicidad","publisher":{"@id":"https:\/\/pulso27.com\/en\/#organization"},"alternateName":"El pulso del pueblo","potentialAction":[{"@type":"SearchAction","target":{"@type":"EntryPoint","urlTemplate":"https:\/\/pulso27.com\/en\/?s={search_term_string}"},"query-input":{"@type":"PropertyValueSpecification","valueRequired":true,"valueName":"search_term_string"}}],"inLanguage":"es-PE"},{"@type":"Organization","@id":"https:\/\/pulso27.com\/en\/#organization","name":"Pulso27","url":"https:\/\/pulso27.com\/en\/","logo":{"@type":"ImageObject","inLanguage":"es-PE","@id":"https:\/\/pulso27.com\/en\/#\/schema\/logo\/image\/","url":"https:\/\/pulso27.com\/wp-content\/uploads\/2026\/02\/Logotipo-de-la-organizacion-696-x-696-px-ok.png","contentUrl":"https:\/\/pulso27.com\/wp-content\/uploads\/2026\/02\/Logotipo-de-la-organizacion-696-x-696-px-ok.png","width":696,"height":696,"caption":"Pulso27"},"image":{"@id":"https:\/\/pulso27.com\/en\/#\/schema\/logo\/image\/"},"sameAs":["https:\/\/www.facebook.com\/pulso27\/","https:\/\/x.com\/Pulso_27","https:\/\/www.youtube.com\/@Pulso27","https:\/\/www.tiktok.com\/@pulso_27"]},{"@type":"Person","@id":"https:\/\/pulso27.com\/en\/#\/schema\/person\/92f5059eb04cb644a32d22c9bc998684","name":"Maga","image":{"@type":"ImageObject","inLanguage":"es-PE","@id":"https:\/\/secure.gravatar.com\/avatar\/c4d5224d4227e7c057cd5793ba910425cc902f3aef97cda3eccc7acba8be2edc?s=96&d=mm&r=g","url":"https:\/\/secure.gravatar.com\/avatar\/c4d5224d4227e7c057cd5793ba910425cc902f3aef97cda3eccc7acba8be2edc?s=96&d=mm&r=g","contentUrl":"https:\/\/secure.gravatar.com\/avatar\/c4d5224d4227e7c057cd5793ba910425cc902f3aef97cda3eccc7acba8be2edc?s=96&d=mm&r=g","caption":"Maga"},"sameAs":["http:\/\/www.pulso27.com"],"url":"https:\/\/pulso27.com\/es\/author\/maga\/"}]}},"amp_enabled":true,"_links":{"self":[{"href":"https:\/\/pulso27.com\/es\/wp-json\/wp\/v2\/posts\/3230","targetHints":{"allow":["GET"]}}],"collection":[{"href":"https:\/\/pulso27.com\/es\/wp-json\/wp\/v2\/posts"}],"about":[{"href":"https:\/\/pulso27.com\/es\/wp-json\/wp\/v2\/types\/post"}],"author":[{"embeddable":true,"href":"https:\/\/pulso27.com\/es\/wp-json\/wp\/v2\/users\/8"}],"replies":[{"embeddable":true,"href":"https:\/\/pulso27.com\/es\/wp-json\/wp\/v2\/comments?post=3230"}],"version-history":[{"count":2,"href":"https:\/\/pulso27.com\/es\/wp-json\/wp\/v2\/posts\/3230\/revisions"}],"predecessor-version":[{"id":3235,"href":"https:\/\/pulso27.com\/es\/wp-json\/wp\/v2\/posts\/3230\/revisions\/3235"}],"wp:featuredmedia":[{"embeddable":true,"href":"https:\/\/pulso27.com\/es\/wp-json\/wp\/v2\/media\/3233"}],"wp:attachment":[{"href":"https:\/\/pulso27.com\/es\/wp-json\/wp\/v2\/media?parent=3230"}],"wp:term":[{"taxonomy":"category","embeddable":true,"href":"https:\/\/pulso27.com\/es\/wp-json\/wp\/v2\/categories?post=3230"},{"taxonomy":"post_tag","embeddable":true,"href":"https:\/\/pulso27.com\/es\/wp-json\/wp\/v2\/tags?post=3230"}],"curies":[{"name":"wp","href":"https:\/\/api.w.org\/{rel}","templated":true}]}}