{"id":3284,"date":"2024-12-26T02:17:24","date_gmt":"2024-12-25T21:17:24","guid":{"rendered":"https:\/\/pulso27.com\/?p=3284"},"modified":"2024-12-26T02:17:27","modified_gmt":"2024-12-25T21:17:27","slug":"la-pirotecnia-incrementa-la-contaminacion-del-aire-en-lima-durante-navidad-2024","status":"publish","type":"post","link":"https:\/\/pulso27.com\/es\/actualidad\/ambiente\/la-pirotecnia-incrementa-la-contaminacion-del-aire-en-lima-durante-navidad-2024\/","title":{"rendered":"La pirotecnia incrementa la contaminaci\u00f3n del aire en Lima durante Navidad 2024"},"content":{"rendered":"\n<p>El uso masivo de pirot\u00e9cnicos en las celebraciones navide\u00f1as ha generado un preocupante incremento en los niveles de contaminaci\u00f3n del aire en Lima. El Servicio Nacional de Meteorolog\u00eda e Hidrolog\u00eda del Per\u00fa (Senamhi) report\u00f3 que en las primeras horas del 25 de diciembre, las concentraciones de material particulado fino (PM2.5) en el sur de Lima aumentaron hasta un 43% en comparaci\u00f3n con los niveles habituales. Este fen\u00f3meno, recurrente en festividades, impacta de manera negativa tanto en el medio ambiente como en la salud de la poblaci\u00f3n.<\/p>\n\n\n\n<p>La liberaci\u00f3n de humo y part\u00edculas contaminantes provenientes de la pirotecnia contribuye a la disminuci\u00f3n de la calidad del aire. Estas part\u00edculas finas tienen la capacidad de penetrar profundamente en el sistema respiratorio, lo que representa un riesgo especialmente alto para ni\u00f1os, adultos mayores y personas con afecciones preexistentes como asma o enfermedades card\u00edacas. Adem\u00e1s, las condiciones clim\u00e1ticas en Lima, caracterizadas por la escasez de lluvias, agravan el problema al impedir que las part\u00edculas sean disipadas r\u00e1pidamente.<\/p>\n\n\n\n<figure class=\"wp-block-image size-full\"><img loading=\"lazy\" decoding=\"async\" width=\"825\" height=\"464\" src=\"https:\/\/pulso27.com\/wp-content\/uploads\/2024\/12\/image-69.png\" alt=\"\" class=\"wp-image-3286\" srcset=\"https:\/\/pulso27.com\/wp-content\/uploads\/2024\/12\/image-69.png 825w, https:\/\/pulso27.com\/wp-content\/uploads\/2024\/12\/image-69-300x169.png 300w, https:\/\/pulso27.com\/wp-content\/uploads\/2024\/12\/image-69-768x432.png 768w, https:\/\/pulso27.com\/wp-content\/uploads\/2024\/12\/image-69-18x10.png 18w\" sizes=\"auto, (max-width: 825px) 100vw, 825px\" \/><figcaption class=\"wp-element-caption\"><em>El uso de pirot\u00e9cnicos durante la Navidad 2024 ha deteriorado el a\u00edre en Lima<\/em><\/figcaption><\/figure>\n\n\n\n<p><strong>Casos relevantes registrados durante la Navidad 2024<\/strong>:<\/p>\n\n\n\n<ol class=\"wp-block-list\">\n<li>Emergencias respiratorias en hospitales: En el Hospital Nacional Edgardo Rebagliati Martins, se report\u00f3 un aumento del 30% en las consultas por afecciones respiratorias durante las primeras horas del 25 de diciembre. Muchos de los pacientes eran ni\u00f1os que presentaban cuadros de broncoespasmo y dificultad para respirar debido a la exposici\u00f3n al aire contaminado.<\/li>\n\n\n\n<li>Afectaci\u00f3n en el transporte p\u00fablico: En Villa El Salvador, conductores y usuarios de transporte reportaron irritaci\u00f3n ocular y molestias respiratorias mientras esperaban en paraderos envueltos en una densa nube de humo. Esta situaci\u00f3n complic\u00f3 las actividades matutinas del feriado, dejando a muchos con s\u00edntomas persistentes durante el resto del d\u00eda.<\/li>\n\n\n\n<li>Incendios por uso indebido de pirot\u00e9cnicos: Un grave incidente se produjo en el distrito de Comas, donde un cohete impact\u00f3 en una vivienda de material precario, causando un incendio que destruy\u00f3 el hogar de una familia. Adem\u00e1s de los da\u00f1os materiales, el humo generado contribuy\u00f3 a empeorar la calidad del aire en la zona.<\/li>\n<\/ol>\n\n\n\n<figure class=\"wp-block-image size-full is-resized\"><img loading=\"lazy\" decoding=\"async\" width=\"718\" height=\"718\" src=\"https:\/\/pulso27.com\/wp-content\/uploads\/2024\/12\/image-70.png\" alt=\"\" class=\"wp-image-3287\" style=\"width:740px;height:auto\" srcset=\"https:\/\/pulso27.com\/wp-content\/uploads\/2024\/12\/image-70.png 718w, https:\/\/pulso27.com\/wp-content\/uploads\/2024\/12\/image-70-300x300.png 300w, https:\/\/pulso27.com\/wp-content\/uploads\/2024\/12\/image-70-150x150.png 150w, https:\/\/pulso27.com\/wp-content\/uploads\/2024\/12\/image-70-12x12.png 12w, https:\/\/pulso27.com\/wp-content\/uploads\/2024\/12\/image-70-80x80.png 80w\" sizes=\"auto, (max-width: 718px) 100vw, 718px\" \/><figcaption class=\"wp-element-caption\"><em>Senamhi ha advertido sobre los niveles de contaminaci\u00f3n del a\u00edre con el uso de pirot\u00e9cnicos<\/em><\/figcaption><\/figure>\n\n\n\n<p>Organizaciones ambientales y autoridades locales han expresado su preocupaci\u00f3n por el impacto acumulativo de estas pr\u00e1cticas festivas. Se ha propuesto reforzar las regulaciones sobre la venta y uso de pirot\u00e9cnicos, as\u00ed como promover campa\u00f1as de sensibilizaci\u00f3n para fomentar celebraciones sostenibles. Adem\u00e1s, el Senamhi ha recomendado a la poblaci\u00f3n evitar actividades al aire libre en los d\u00edas posteriores a las festividades y usar mascarillas en caso de exposici\u00f3n prolongada al aire contaminado.<\/p>\n\n\n\n<p>El incremento en los niveles de contaminaci\u00f3n durante esta Navidad subraya la necesidad de adoptar medidas m\u00e1s estrictas para proteger la salud p\u00fablica y el medio ambiente. Mientras tanto, el llamado a la reflexi\u00f3n colectiva sigue vigente: \u00bfc\u00f3mo podemos celebrar sin comprometer nuestro futuro y el de las generaciones venideras?<\/p>\n","protected":false},"excerpt":{"rendered":"<p>El uso masivo de pirot\u00e9cnicos en las celebraciones navide\u00f1as ha generado un preocupante incremento en los niveles de contaminaci\u00f3n del aire en Lima. El Servicio Nacional de Meteorolog\u00eda e Hidrolog\u00eda del Per\u00fa (Senamhi) report\u00f3 que en las primeras horas del 25 de diciembre, las concentraciones de material particulado fino (PM2.5) en el sur de Lima [&hellip;]<\/p>\n","protected":false},"author":10,"featured_media":3288,"comment_status":"open","ping_status":"open","sticky":false,"template":"","format":"standard","meta":{"footnotes":""},"categories":[183,1847,174],"tags":[701,1970,1971],"class_list":["post-3284","post","type-post","status-publish","format-standard","has-post-thumbnail","hentry","category-actualidad","category-ambiente","category-nacional","tag-contaminacion","tag-navidad2024","tag-pirotecnicos"],"yoast_head":"<!-- This site is optimized with the Yoast SEO plugin v27.4 - https:\/\/yoast.com\/product\/yoast-seo-wordpress\/ -->\n<title>La pirotecnia incrementa la contaminaci\u00f3n del aire en Lima durante Navidad 2024 - Pulso27<\/title>\n<meta name=\"robots\" content=\"index, follow, max-snippet:-1, max-image-preview:large, max-video-preview:-1\" \/>\n<link rel=\"canonical\" href=\"https:\/\/pulso27.com\/es\/nacional\/la-pirotecnia-incrementa-la-contaminacion-del-aire-en-lima-durante-navidad-2024\/\" \/>\n<meta property=\"og:locale\" content=\"es_ES\" \/>\n<meta property=\"og:type\" content=\"article\" \/>\n<meta property=\"og:title\" content=\"La pirotecnia incrementa la contaminaci\u00f3n del aire en Lima durante Navidad 2024 - Pulso27\" \/>\n<meta property=\"og:description\" content=\"El uso masivo de pirot\u00e9cnicos en las celebraciones navide\u00f1as ha generado un preocupante incremento en los niveles de contaminaci\u00f3n del aire en Lima. El Servicio Nacional de Meteorolog\u00eda e Hidrolog\u00eda del Per\u00fa (Senamhi) report\u00f3 que en las primeras horas del 25 de diciembre, las concentraciones de material particulado fino (PM2.5) en el sur de Lima [&hellip;]\" \/>\n<meta property=\"og:url\" content=\"https:\/\/pulso27.com\/es\/nacional\/la-pirotecnia-incrementa-la-contaminacion-del-aire-en-lima-durante-navidad-2024\/\" \/>\n<meta property=\"og:site_name\" content=\"Pulso27\" \/>\n<meta property=\"article:publisher\" content=\"https:\/\/www.facebook.com\/pulso27\/\" \/>\n<meta property=\"article:published_time\" content=\"2024-12-25T21:17:24+00:00\" \/>\n<meta property=\"article:modified_time\" content=\"2024-12-25T21:17:27+00:00\" \/>\n<meta property=\"og:image\" content=\"https:\/\/pulso27.com\/wp-content\/uploads\/2024\/12\/Pirotecnicos.png\" \/>\n\t<meta property=\"og:image:width\" content=\"1200\" \/>\n\t<meta property=\"og:image:height\" content=\"768\" \/>\n\t<meta property=\"og:image:type\" content=\"image\/png\" \/>\n<meta name=\"author\" content=\"El Muki\" \/>\n<meta name=\"twitter:card\" content=\"summary_large_image\" \/>\n<meta name=\"twitter:creator\" content=\"@Pulso_27\" \/>\n<meta name=\"twitter:site\" content=\"@Pulso_27\" \/>\n<meta name=\"twitter:label1\" content=\"Written by\" \/>\n\t<meta name=\"twitter:data1\" content=\"El Muki\" \/>\n\t<meta name=\"twitter:label2\" content=\"Est. reading time\" \/>\n\t<meta name=\"twitter:data2\" content=\"3 minutos\" \/>\n<script type=\"application\/ld+json\" class=\"yoast-schema-graph\">{\"@context\":\"https:\\\/\\\/schema.org\",\"@graph\":[{\"@type\":\"Article\",\"@id\":\"https:\\\/\\\/pulso27.com\\\/nacional\\\/la-pirotecnia-incrementa-la-contaminacion-del-aire-en-lima-durante-navidad-2024\\\/#article\",\"isPartOf\":{\"@id\":\"https:\\\/\\\/pulso27.com\\\/nacional\\\/la-pirotecnia-incrementa-la-contaminacion-del-aire-en-lima-durante-navidad-2024\\\/\"},\"author\":{\"name\":\"El Muki\",\"@id\":\"https:\\\/\\\/pulso27.com\\\/en\\\/#\\\/schema\\\/person\\\/a0930a7f318e7d9d83bd7cffed9f34f6\"},\"headline\":\"La pirotecnia incrementa la contaminaci\u00f3n del aire en Lima durante Navidad 2024\",\"datePublished\":\"2024-12-25T21:17:24+00:00\",\"dateModified\":\"2024-12-25T21:17:27+00:00\",\"mainEntityOfPage\":{\"@id\":\"https:\\\/\\\/pulso27.com\\\/nacional\\\/la-pirotecnia-incrementa-la-contaminacion-del-aire-en-lima-durante-navidad-2024\\\/\"},\"wordCount\":531,\"commentCount\":0,\"publisher\":{\"@id\":\"https:\\\/\\\/pulso27.com\\\/en\\\/#organization\"},\"image\":{\"@id\":\"https:\\\/\\\/pulso27.com\\\/nacional\\\/la-pirotecnia-incrementa-la-contaminacion-del-aire-en-lima-durante-navidad-2024\\\/#primaryimage\"},\"thumbnailUrl\":\"https:\\\/\\\/pulso27.com\\\/wp-content\\\/uploads\\\/2024\\\/12\\\/Pirotecnicos.png\",\"keywords\":[\"Contaminaci\u00f3n\",\"Navidad2024\",\"Pirot\u00e9cnicos\"],\"articleSection\":[\"Actualidad\",\"Ambiente\",\"Nacional\"],\"inLanguage\":\"es-PE\",\"potentialAction\":[{\"@type\":\"CommentAction\",\"name\":\"Comment\",\"target\":[\"https:\\\/\\\/pulso27.com\\\/nacional\\\/la-pirotecnia-incrementa-la-contaminacion-del-aire-en-lima-durante-navidad-2024\\\/#respond\"]}]},{\"@type\":\"WebPage\",\"@id\":\"https:\\\/\\\/pulso27.com\\\/nacional\\\/la-pirotecnia-incrementa-la-contaminacion-del-aire-en-lima-durante-navidad-2024\\\/\",\"url\":\"https:\\\/\\\/pulso27.com\\\/nacional\\\/la-pirotecnia-incrementa-la-contaminacion-del-aire-en-lima-durante-navidad-2024\\\/\",\"name\":\"La pirotecnia incrementa la contaminaci\u00f3n del aire en Lima durante Navidad 2024 - Pulso27\",\"isPartOf\":{\"@id\":\"https:\\\/\\\/pulso27.com\\\/en\\\/#website\"},\"primaryImageOfPage\":{\"@id\":\"https:\\\/\\\/pulso27.com\\\/nacional\\\/la-pirotecnia-incrementa-la-contaminacion-del-aire-en-lima-durante-navidad-2024\\\/#primaryimage\"},\"image\":{\"@id\":\"https:\\\/\\\/pulso27.com\\\/nacional\\\/la-pirotecnia-incrementa-la-contaminacion-del-aire-en-lima-durante-navidad-2024\\\/#primaryimage\"},\"thumbnailUrl\":\"https:\\\/\\\/pulso27.com\\\/wp-content\\\/uploads\\\/2024\\\/12\\\/Pirotecnicos.png\",\"datePublished\":\"2024-12-25T21:17:24+00:00\",\"dateModified\":\"2024-12-25T21:17:27+00:00\",\"breadcrumb\":{\"@id\":\"https:\\\/\\\/pulso27.com\\\/nacional\\\/la-pirotecnia-incrementa-la-contaminacion-del-aire-en-lima-durante-navidad-2024\\\/#breadcrumb\"},\"inLanguage\":\"es-PE\",\"potentialAction\":[{\"@type\":\"ReadAction\",\"target\":[\"https:\\\/\\\/pulso27.com\\\/nacional\\\/la-pirotecnia-incrementa-la-contaminacion-del-aire-en-lima-durante-navidad-2024\\\/\"]}]},{\"@type\":\"ImageObject\",\"inLanguage\":\"es-PE\",\"@id\":\"https:\\\/\\\/pulso27.com\\\/nacional\\\/la-pirotecnia-incrementa-la-contaminacion-del-aire-en-lima-durante-navidad-2024\\\/#primaryimage\",\"url\":\"https:\\\/\\\/pulso27.com\\\/wp-content\\\/uploads\\\/2024\\\/12\\\/Pirotecnicos.png\",\"contentUrl\":\"https:\\\/\\\/pulso27.com\\\/wp-content\\\/uploads\\\/2024\\\/12\\\/Pirotecnicos.png\",\"width\":1200,\"height\":768},{\"@type\":\"BreadcrumbList\",\"@id\":\"https:\\\/\\\/pulso27.com\\\/nacional\\\/la-pirotecnia-incrementa-la-contaminacion-del-aire-en-lima-durante-navidad-2024\\\/#breadcrumb\",\"itemListElement\":[{\"@type\":\"ListItem\",\"position\":1,\"name\":\"Portada\",\"item\":\"https:\\\/\\\/pulso27.com\\\/\"},{\"@type\":\"ListItem\",\"position\":2,\"name\":\"La pirotecnia incrementa la contaminaci\u00f3n del aire en Lima durante Navidad 2024\"}]},{\"@type\":\"WebSite\",\"@id\":\"https:\\\/\\\/pulso27.com\\\/en\\\/#website\",\"url\":\"https:\\\/\\\/pulso27.com\\\/en\\\/\",\"name\":\"Pulso27\",\"description\":\"Web de noticias y publicidad\",\"publisher\":{\"@id\":\"https:\\\/\\\/pulso27.com\\\/en\\\/#organization\"},\"alternateName\":\"El pulso del pueblo\",\"potentialAction\":[{\"@type\":\"SearchAction\",\"target\":{\"@type\":\"EntryPoint\",\"urlTemplate\":\"https:\\\/\\\/pulso27.com\\\/en\\\/?s={search_term_string}\"},\"query-input\":{\"@type\":\"PropertyValueSpecification\",\"valueRequired\":true,\"valueName\":\"search_term_string\"}}],\"inLanguage\":\"es-PE\"},{\"@type\":\"Organization\",\"@id\":\"https:\\\/\\\/pulso27.com\\\/en\\\/#organization\",\"name\":\"Pulso27\",\"url\":\"https:\\\/\\\/pulso27.com\\\/en\\\/\",\"logo\":{\"@type\":\"ImageObject\",\"inLanguage\":\"es-PE\",\"@id\":\"https:\\\/\\\/pulso27.com\\\/en\\\/#\\\/schema\\\/logo\\\/image\\\/\",\"url\":\"https:\\\/\\\/pulso27.com\\\/wp-content\\\/uploads\\\/2026\\\/02\\\/Logotipo-de-la-organizacion-696-x-696-px-ok.png\",\"contentUrl\":\"https:\\\/\\\/pulso27.com\\\/wp-content\\\/uploads\\\/2026\\\/02\\\/Logotipo-de-la-organizacion-696-x-696-px-ok.png\",\"width\":696,\"height\":696,\"caption\":\"Pulso27\"},\"image\":{\"@id\":\"https:\\\/\\\/pulso27.com\\\/en\\\/#\\\/schema\\\/logo\\\/image\\\/\"},\"sameAs\":[\"https:\\\/\\\/www.facebook.com\\\/pulso27\\\/\",\"https:\\\/\\\/x.com\\\/Pulso_27\",\"https:\\\/\\\/www.youtube.com\\\/@Pulso27\",\"https:\\\/\\\/www.tiktok.com\\\/@pulso_27\"]},{\"@type\":\"Person\",\"@id\":\"https:\\\/\\\/pulso27.com\\\/en\\\/#\\\/schema\\\/person\\\/a0930a7f318e7d9d83bd7cffed9f34f6\",\"name\":\"El Muki\",\"image\":{\"@type\":\"ImageObject\",\"inLanguage\":\"es-PE\",\"@id\":\"https:\\\/\\\/secure.gravatar.com\\\/avatar\\\/dc91c2607c5eebda74cbb40d13031f489096c96ead89c4c30c17db262267b2b3?s=96&d=mm&r=g\",\"url\":\"https:\\\/\\\/secure.gravatar.com\\\/avatar\\\/dc91c2607c5eebda74cbb40d13031f489096c96ead89c4c30c17db262267b2b3?s=96&d=mm&r=g\",\"contentUrl\":\"https:\\\/\\\/secure.gravatar.com\\\/avatar\\\/dc91c2607c5eebda74cbb40d13031f489096c96ead89c4c30c17db262267b2b3?s=96&d=mm&r=g\",\"caption\":\"El Muki\"},\"sameAs\":[\"http:\\\/\\\/www.pulso27.com\"],\"url\":\"https:\\\/\\\/pulso27.com\\\/es\\\/author\\\/elcuervo\\\/\"}]}<\/script>\n<!-- \/ Yoast SEO plugin. -->","yoast_head_json":{"title":"La pirotecnia incrementa la contaminaci\u00f3n del aire en Lima durante Navidad 2024 - Pulso27","robots":{"index":"index","follow":"follow","max-snippet":"max-snippet:-1","max-image-preview":"max-image-preview:large","max-video-preview":"max-video-preview:-1"},"canonical":"https:\/\/pulso27.com\/es\/nacional\/la-pirotecnia-incrementa-la-contaminacion-del-aire-en-lima-durante-navidad-2024\/","og_locale":"es_ES","og_type":"article","og_title":"La pirotecnia incrementa la contaminaci\u00f3n del aire en Lima durante Navidad 2024 - Pulso27","og_description":"El uso masivo de pirot\u00e9cnicos en las celebraciones navide\u00f1as ha generado un preocupante incremento en los niveles de contaminaci\u00f3n del aire en Lima. El Servicio Nacional de Meteorolog\u00eda e Hidrolog\u00eda del Per\u00fa (Senamhi) report\u00f3 que en las primeras horas del 25 de diciembre, las concentraciones de material particulado fino (PM2.5) en el sur de Lima [&hellip;]","og_url":"https:\/\/pulso27.com\/es\/nacional\/la-pirotecnia-incrementa-la-contaminacion-del-aire-en-lima-durante-navidad-2024\/","og_site_name":"Pulso27","article_publisher":"https:\/\/www.facebook.com\/pulso27\/","article_published_time":"2024-12-25T21:17:24+00:00","article_modified_time":"2024-12-25T21:17:27+00:00","og_image":[{"width":1200,"height":768,"url":"https:\/\/pulso27.com\/wp-content\/uploads\/2024\/12\/Pirotecnicos.png","type":"image\/png"}],"author":"El Muki","twitter_card":"summary_large_image","twitter_creator":"@Pulso_27","twitter_site":"@Pulso_27","twitter_misc":{"Written by":"El Muki","Est. reading time":"3 minutos"},"schema":{"@context":"https:\/\/schema.org","@graph":[{"@type":"Article","@id":"https:\/\/pulso27.com\/nacional\/la-pirotecnia-incrementa-la-contaminacion-del-aire-en-lima-durante-navidad-2024\/#article","isPartOf":{"@id":"https:\/\/pulso27.com\/nacional\/la-pirotecnia-incrementa-la-contaminacion-del-aire-en-lima-durante-navidad-2024\/"},"author":{"name":"El Muki","@id":"https:\/\/pulso27.com\/en\/#\/schema\/person\/a0930a7f318e7d9d83bd7cffed9f34f6"},"headline":"La pirotecnia incrementa la contaminaci\u00f3n del aire en Lima durante Navidad 2024","datePublished":"2024-12-25T21:17:24+00:00","dateModified":"2024-12-25T21:17:27+00:00","mainEntityOfPage":{"@id":"https:\/\/pulso27.com\/nacional\/la-pirotecnia-incrementa-la-contaminacion-del-aire-en-lima-durante-navidad-2024\/"},"wordCount":531,"commentCount":0,"publisher":{"@id":"https:\/\/pulso27.com\/en\/#organization"},"image":{"@id":"https:\/\/pulso27.com\/nacional\/la-pirotecnia-incrementa-la-contaminacion-del-aire-en-lima-durante-navidad-2024\/#primaryimage"},"thumbnailUrl":"https:\/\/pulso27.com\/wp-content\/uploads\/2024\/12\/Pirotecnicos.png","keywords":["Contaminaci\u00f3n","Navidad2024","Pirot\u00e9cnicos"],"articleSection":["Actualidad","Ambiente","Nacional"],"inLanguage":"es-PE","potentialAction":[{"@type":"CommentAction","name":"Comment","target":["https:\/\/pulso27.com\/nacional\/la-pirotecnia-incrementa-la-contaminacion-del-aire-en-lima-durante-navidad-2024\/#respond"]}]},{"@type":"WebPage","@id":"https:\/\/pulso27.com\/nacional\/la-pirotecnia-incrementa-la-contaminacion-del-aire-en-lima-durante-navidad-2024\/","url":"https:\/\/pulso27.com\/nacional\/la-pirotecnia-incrementa-la-contaminacion-del-aire-en-lima-durante-navidad-2024\/","name":"La pirotecnia incrementa la contaminaci\u00f3n del aire en Lima durante Navidad 2024 - Pulso27","isPartOf":{"@id":"https:\/\/pulso27.com\/en\/#website"},"primaryImageOfPage":{"@id":"https:\/\/pulso27.com\/nacional\/la-pirotecnia-incrementa-la-contaminacion-del-aire-en-lima-durante-navidad-2024\/#primaryimage"},"image":{"@id":"https:\/\/pulso27.com\/nacional\/la-pirotecnia-incrementa-la-contaminacion-del-aire-en-lima-durante-navidad-2024\/#primaryimage"},"thumbnailUrl":"https:\/\/pulso27.com\/wp-content\/uploads\/2024\/12\/Pirotecnicos.png","datePublished":"2024-12-25T21:17:24+00:00","dateModified":"2024-12-25T21:17:27+00:00","breadcrumb":{"@id":"https:\/\/pulso27.com\/nacional\/la-pirotecnia-incrementa-la-contaminacion-del-aire-en-lima-durante-navidad-2024\/#breadcrumb"},"inLanguage":"es-PE","potentialAction":[{"@type":"ReadAction","target":["https:\/\/pulso27.com\/nacional\/la-pirotecnia-incrementa-la-contaminacion-del-aire-en-lima-durante-navidad-2024\/"]}]},{"@type":"ImageObject","inLanguage":"es-PE","@id":"https:\/\/pulso27.com\/nacional\/la-pirotecnia-incrementa-la-contaminacion-del-aire-en-lima-durante-navidad-2024\/#primaryimage","url":"https:\/\/pulso27.com\/wp-content\/uploads\/2024\/12\/Pirotecnicos.png","contentUrl":"https:\/\/pulso27.com\/wp-content\/uploads\/2024\/12\/Pirotecnicos.png","width":1200,"height":768},{"@type":"BreadcrumbList","@id":"https:\/\/pulso27.com\/nacional\/la-pirotecnia-incrementa-la-contaminacion-del-aire-en-lima-durante-navidad-2024\/#breadcrumb","itemListElement":[{"@type":"ListItem","position":1,"name":"Portada","item":"https:\/\/pulso27.com\/"},{"@type":"ListItem","position":2,"name":"La pirotecnia incrementa la contaminaci\u00f3n del aire en Lima durante Navidad 2024"}]},{"@type":"WebSite","@id":"https:\/\/pulso27.com\/en\/#website","url":"https:\/\/pulso27.com\/en\/","name":"Pulso27","description":"Web de noticias y publicidad","publisher":{"@id":"https:\/\/pulso27.com\/en\/#organization"},"alternateName":"El pulso del pueblo","potentialAction":[{"@type":"SearchAction","target":{"@type":"EntryPoint","urlTemplate":"https:\/\/pulso27.com\/en\/?s={search_term_string}"},"query-input":{"@type":"PropertyValueSpecification","valueRequired":true,"valueName":"search_term_string"}}],"inLanguage":"es-PE"},{"@type":"Organization","@id":"https:\/\/pulso27.com\/en\/#organization","name":"Pulso27","url":"https:\/\/pulso27.com\/en\/","logo":{"@type":"ImageObject","inLanguage":"es-PE","@id":"https:\/\/pulso27.com\/en\/#\/schema\/logo\/image\/","url":"https:\/\/pulso27.com\/wp-content\/uploads\/2026\/02\/Logotipo-de-la-organizacion-696-x-696-px-ok.png","contentUrl":"https:\/\/pulso27.com\/wp-content\/uploads\/2026\/02\/Logotipo-de-la-organizacion-696-x-696-px-ok.png","width":696,"height":696,"caption":"Pulso27"},"image":{"@id":"https:\/\/pulso27.com\/en\/#\/schema\/logo\/image\/"},"sameAs":["https:\/\/www.facebook.com\/pulso27\/","https:\/\/x.com\/Pulso_27","https:\/\/www.youtube.com\/@Pulso27","https:\/\/www.tiktok.com\/@pulso_27"]},{"@type":"Person","@id":"https:\/\/pulso27.com\/en\/#\/schema\/person\/a0930a7f318e7d9d83bd7cffed9f34f6","name":"El Muki","image":{"@type":"ImageObject","inLanguage":"es-PE","@id":"https:\/\/secure.gravatar.com\/avatar\/dc91c2607c5eebda74cbb40d13031f489096c96ead89c4c30c17db262267b2b3?s=96&d=mm&r=g","url":"https:\/\/secure.gravatar.com\/avatar\/dc91c2607c5eebda74cbb40d13031f489096c96ead89c4c30c17db262267b2b3?s=96&d=mm&r=g","contentUrl":"https:\/\/secure.gravatar.com\/avatar\/dc91c2607c5eebda74cbb40d13031f489096c96ead89c4c30c17db262267b2b3?s=96&d=mm&r=g","caption":"El Muki"},"sameAs":["http:\/\/www.pulso27.com"],"url":"https:\/\/pulso27.com\/es\/author\/elcuervo\/"}]}},"amp_enabled":true,"_links":{"self":[{"href":"https:\/\/pulso27.com\/es\/wp-json\/wp\/v2\/posts\/3284","targetHints":{"allow":["GET"]}}],"collection":[{"href":"https:\/\/pulso27.com\/es\/wp-json\/wp\/v2\/posts"}],"about":[{"href":"https:\/\/pulso27.com\/es\/wp-json\/wp\/v2\/types\/post"}],"author":[{"embeddable":true,"href":"https:\/\/pulso27.com\/es\/wp-json\/wp\/v2\/users\/10"}],"replies":[{"embeddable":true,"href":"https:\/\/pulso27.com\/es\/wp-json\/wp\/v2\/comments?post=3284"}],"version-history":[{"count":2,"href":"https:\/\/pulso27.com\/es\/wp-json\/wp\/v2\/posts\/3284\/revisions"}],"predecessor-version":[{"id":3293,"href":"https:\/\/pulso27.com\/es\/wp-json\/wp\/v2\/posts\/3284\/revisions\/3293"}],"wp:featuredmedia":[{"embeddable":true,"href":"https:\/\/pulso27.com\/es\/wp-json\/wp\/v2\/media\/3288"}],"wp:attachment":[{"href":"https:\/\/pulso27.com\/es\/wp-json\/wp\/v2\/media?parent=3284"}],"wp:term":[{"taxonomy":"category","embeddable":true,"href":"https:\/\/pulso27.com\/es\/wp-json\/wp\/v2\/categories?post=3284"},{"taxonomy":"post_tag","embeddable":true,"href":"https:\/\/pulso27.com\/es\/wp-json\/wp\/v2\/tags?post=3284"}],"curies":[{"name":"wp","href":"https:\/\/api.w.org\/{rel}","templated":true}]}}