{"id":3297,"date":"2024-12-26T09:34:33","date_gmt":"2024-12-26T04:34:33","guid":{"rendered":"https:\/\/pulso27.com\/?p=3297"},"modified":"2024-12-26T09:35:13","modified_gmt":"2024-12-26T04:35:13","slug":"huancaray-celebra-la-navidad-2024-con-las-tradicionales-danzas-de-los-negrillos-y-las-huaylias","status":"publish","type":"post","link":"https:\/\/pulso27.com\/es\/cultura\/huancaray-celebra-la-navidad-2024-con-las-tradicionales-danzas-de-los-negrillos-y-las-huaylias\/","title":{"rendered":"Huancaray celebra Navidad 2024 con las tradicionales danzas de Los Negrillos y Las Huayl\u00edas"},"content":{"rendered":"\n<p>En el distrito de Huancaray, provincia de Andahuaylas, departamento de Apur\u00edmac, las festividades navide\u00f1as de 2024 se engalanan con la ancestral danza de Los Negrillos y Las Huayl\u00edas, manifestaci\u00f3n cultural que fusiona influencias andinas, afroperuanas y coloniales.<\/p>\n\n\n\n<figure class=\"wp-block-embed is-type-video is-provider-youtube wp-block-embed-youtube wp-embed-aspect-16-9 wp-has-aspect-ratio\"><div class=\"wp-block-embed__wrapper\">\n<div class=\"container-lazyload preview-lazyload container-youtube js-lazyload--not-loaded\"><a href=\"https:\/\/youtu.be\/pkCpaPBVQdw\" class=\"lazy-load-youtube preview-lazyload preview-youtube\" data-video-title=\"Huancaray Celebra la Navidad 2024 con la Tradicional Danza de Los Negrillos y Las Huayl\u00edas\" title=\"Play video &quot;Huancaray Celebra la Navidad 2024 con la Tradicional Danza de Los Negrillos y Las Huayl\u00edas&quot;\">https:\/\/youtu.be\/pkCpaPBVQdw<\/a><noscript>Video can&#8217;t be loaded because JavaScript is disabled: <a href=\"https:\/\/youtu.be\/pkCpaPBVQdw\" title=\"Huancaray Celebra la Navidad 2024 con la Tradicional Danza de Los Negrillos y Las Huayl\u00edas\">Huancaray Celebra la Navidad 2024 con la Tradicional Danza de Los Negrillos y Las Huayl\u00edas (https:\/\/youtu.be\/pkCpaPBVQdw)<\/a><\/noscript><\/div>\n<\/div><figcaption class=\"wp-element-caption\">VIDEO DE LA CELEBRACI\u00d3N DE LA NAVIDAD 2024 EN EL DISTRITO DE HUANCARAY, ANDAHUAYLAS, APUR\u00cdMAC<\/figcaption><\/figure>\n\n\n\n<p>La danza de Los Negrillos es una tradici\u00f3n profundamente arraigada en el distrito de Huancaray, simbolizando la identidad y resistencia cultural de sus habitantes. Sus or\u00edgenes se remontan a \u00e9pocas prehisp\u00e1nicas, donde las comunidades andinas realizaban danzas ceremoniales en honor a deidades como la Pachamama y los Apus. Con la llegada de los colonizadores espa\u00f1oles, estas expresiones se adaptaron a las celebraciones cat\u00f3licas, emergiendo como una forma de devoci\u00f3n al Ni\u00f1o Jes\u00fas desde una perspectiva andina.<\/p>\n\n\n\n<p>Durante las celebraciones navide\u00f1as, los danzantes, ataviados con trajes coloridos que incluyen ponchos, pantalones bordados y m\u00e1scaras que representan rostros afrodescendientes, recorren las calles al ritmo de instrumentos tradicionales como el viol\u00edn, la quena y los tambores. La coreograf\u00eda es en\u00e9rgica y r\u00edtmica, evocando tanto el trabajo agr\u00edcola como la devoci\u00f3n religiosa.<\/p>\n\n\n\n<figure class=\"wp-block-image size-full is-resized\"><img loading=\"lazy\" decoding=\"async\" width=\"720\" height=\"720\" src=\"https:\/\/pulso27.com\/wp-content\/uploads\/2024\/12\/image-72.png\" alt=\"\" class=\"wp-image-3302\" style=\"width:740px;height:auto\" srcset=\"https:\/\/pulso27.com\/wp-content\/uploads\/2024\/12\/image-72.png 720w, https:\/\/pulso27.com\/wp-content\/uploads\/2024\/12\/image-72-300x300.png 300w, https:\/\/pulso27.com\/wp-content\/uploads\/2024\/12\/image-72-150x150.png 150w, https:\/\/pulso27.com\/wp-content\/uploads\/2024\/12\/image-72-12x12.png 12w, https:\/\/pulso27.com\/wp-content\/uploads\/2024\/12\/image-72-80x80.png 80w\" sizes=\"auto, (max-width: 720px) 100vw, 720px\" \/><figcaption class=\"wp-element-caption\">Vista panor\u00e1mica del distrit<em>o de Huancaray, valle maicero y cuna de Los Negrillos<\/em><\/figcaption><\/figure>\n\n\n\n<p>Este a\u00f1o, la comunidad de Huancaray ha compartido en redes sociales diversas presentaciones de la danza de Los Negrillos, destacando su participaci\u00f3n en eventos como el Sondor Raymi 2024 y el X Festival de Danzas Navide\u00f1as Ni\u00f1uchanchik 2024 . Estas plataformas digitales han permitido que la riqueza cultural de Huancaray trascienda fronteras, mostrando al mundo la vitalidad y vigencia de sus tradiciones.<\/p>\n\n\n\n<p>La danza de Los Negrillos no solo es una expresi\u00f3n art\u00edstica, sino tambi\u00e9n un s\u00edmbolo de unidad y orgullo para los habitantes de Huancaray. A trav\u00e9s de ella, se preservan las ense\u00f1anzas de los mayores y se transmite a las nuevas generaciones el amor por su cultura, fortaleciendo los lazos comunitarios y reafirmando su identidad en un mundo en constante cambio.<\/p>\n\n\n\n<figure class=\"wp-block-image size-large\"><img loading=\"lazy\" decoding=\"async\" width=\"1024\" height=\"771\" src=\"https:\/\/pulso27.com\/wp-content\/uploads\/2024\/12\/image-71-1024x771.png\" alt=\"\" class=\"wp-image-3300\" srcset=\"https:\/\/pulso27.com\/wp-content\/uploads\/2024\/12\/image-71-1024x771.png 1024w, https:\/\/pulso27.com\/wp-content\/uploads\/2024\/12\/image-71-300x226.png 300w, https:\/\/pulso27.com\/wp-content\/uploads\/2024\/12\/image-71-768x578.png 768w, https:\/\/pulso27.com\/wp-content\/uploads\/2024\/12\/image-71-1536x1157.png 1536w, https:\/\/pulso27.com\/wp-content\/uploads\/2024\/12\/image-71-16x12.png 16w, https:\/\/pulso27.com\/wp-content\/uploads\/2024\/12\/image-71.png 2048w\" sizes=\"auto, (max-width: 1024px) 100vw, 1024px\" \/><figcaption class=\"wp-element-caption\"><em>Los ni\u00f1os y ni\u00f1as de Huancaray bailan Los Negrillo y Las Huayl\u00edas desde temprana edad<\/em><\/figcaption><\/figure>\n\n\n\n<p>Para quienes deseen apreciar esta manifestaci\u00f3n cultural, se han compartido videos en plataformas como TikTok y Facebook , donde se puede observar la destreza y pasi\u00f3n de los danzantes de Huancaray.<\/p>\n\n\n\n<p>La celebraci\u00f3n de la Navidad en Huancaray, con la danza de Los Negrillos como protagonista, es una muestra palpable de c\u00f3mo las tradiciones ancestrales perviven y se adaptan, enriqueciendo el acervo cultural del Per\u00fa y fortaleciendo la identidad de sus pueblos.<\/p>\n\n\n\n<p>Para una experiencia m\u00e1s inmersiva, a continuaci\u00f3n se presenta un video que muestra la danza de Los Negrillos en Huancaray:<\/p>\n","protected":false},"excerpt":{"rendered":"<p>En el distrito de Huancaray, provincia de Andahuaylas, departamento de Apur\u00edmac, las festividades navide\u00f1as de 2024 se engalanan con la ancestral danza de Los Negrillos y Las Huayl\u00edas, manifestaci\u00f3n cultural que fusiona influencias andinas, afroperuanas y coloniales. La danza de Los Negrillos es una tradici\u00f3n profundamente arraigada en el distrito de Huancaray, simbolizando la identidad [&hellip;]<\/p>\n","protected":false},"author":7,"featured_media":3303,"comment_status":"open","ping_status":"open","sticky":false,"template":"","format":"standard","meta":{"footnotes":""},"categories":[183,815,393,810],"tags":[1972,1973,1970],"class_list":["post-3297","post","type-post","status-publish","format-standard","has-post-thumbnail","hentry","category-actualidad","category-costumbre-y-tradiciones","category-cultura","category-regional","tag-feliznavidad","tag-losnegrillosdehuancaray","tag-navidad2024"],"yoast_head":"<!-- This site is optimized with the Yoast SEO plugin v27.4 - https:\/\/yoast.com\/product\/yoast-seo-wordpress\/ -->\n<title>Huancaray celebra Navidad 2024 con las tradicionales danzas de Los Negrillos y Las Huayl\u00edas - Pulso27<\/title>\n<meta name=\"robots\" content=\"index, follow, max-snippet:-1, max-image-preview:large, max-video-preview:-1\" \/>\n<link rel=\"canonical\" href=\"https:\/\/pulso27.com\/es\/actualidad\/huancaray-celebra-la-navidad-2024-con-las-tradicionales-danzas-de-los-negrillos-y-las-huaylias\/\" \/>\n<meta property=\"og:locale\" content=\"es_ES\" \/>\n<meta property=\"og:type\" content=\"article\" \/>\n<meta property=\"og:title\" content=\"Huancaray celebra Navidad 2024 con las tradicionales danzas de Los Negrillos y Las Huayl\u00edas - Pulso27\" \/>\n<meta property=\"og:description\" content=\"En el distrito de Huancaray, provincia de Andahuaylas, departamento de Apur\u00edmac, las festividades navide\u00f1as de 2024 se engalanan con la ancestral danza de Los Negrillos y Las Huayl\u00edas, manifestaci\u00f3n cultural que fusiona influencias andinas, afroperuanas y coloniales. La danza de Los Negrillos es una tradici\u00f3n profundamente arraigada en el distrito de Huancaray, simbolizando la identidad [&hellip;]\" \/>\n<meta property=\"og:url\" content=\"https:\/\/pulso27.com\/es\/actualidad\/huancaray-celebra-la-navidad-2024-con-las-tradicionales-danzas-de-los-negrillos-y-las-huaylias\/\" \/>\n<meta property=\"og:site_name\" content=\"Pulso27\" \/>\n<meta property=\"article:publisher\" content=\"https:\/\/www.facebook.com\/pulso27\/\" \/>\n<meta property=\"article:published_time\" content=\"2024-12-26T04:34:33+00:00\" \/>\n<meta property=\"article:modified_time\" content=\"2024-12-26T04:35:13+00:00\" \/>\n<meta property=\"og:image\" content=\"https:\/\/pulso27.com\/wp-content\/uploads\/2024\/12\/Huancarayy.png\" \/>\n\t<meta property=\"og:image:width\" content=\"1280\" \/>\n\t<meta property=\"og:image:height\" content=\"800\" \/>\n\t<meta property=\"og:image:type\" content=\"image\/png\" \/>\n<meta name=\"author\" content=\"Tupaq\" \/>\n<meta name=\"twitter:card\" content=\"summary_large_image\" \/>\n<meta name=\"twitter:creator\" content=\"@Pulso_27\" \/>\n<meta name=\"twitter:site\" content=\"@Pulso_27\" \/>\n<meta name=\"twitter:label1\" content=\"Written by\" \/>\n\t<meta name=\"twitter:data1\" content=\"Tupaq\" \/>\n\t<meta name=\"twitter:label2\" content=\"Est. reading time\" \/>\n\t<meta name=\"twitter:data2\" content=\"3 minutos\" \/>\n<script type=\"application\/ld+json\" class=\"yoast-schema-graph\">{\"@context\":\"https:\\\/\\\/schema.org\",\"@graph\":[{\"@type\":\"Article\",\"@id\":\"https:\\\/\\\/pulso27.com\\\/actualidad\\\/huancaray-celebra-la-navidad-2024-con-las-tradicionales-danzas-de-los-negrillos-y-las-huaylias\\\/#article\",\"isPartOf\":{\"@id\":\"https:\\\/\\\/pulso27.com\\\/actualidad\\\/huancaray-celebra-la-navidad-2024-con-las-tradicionales-danzas-de-los-negrillos-y-las-huaylias\\\/\"},\"author\":{\"name\":\"Tupaq\",\"@id\":\"https:\\\/\\\/pulso27.com\\\/en\\\/#\\\/schema\\\/person\\\/d20fd7f5bc7f2e53fd150d43fca07a78\"},\"headline\":\"Huancaray celebra Navidad 2024 con las tradicionales danzas de Los Negrillos y Las Huayl\u00edas\",\"datePublished\":\"2024-12-26T04:34:33+00:00\",\"dateModified\":\"2024-12-26T04:35:13+00:00\",\"mainEntityOfPage\":{\"@id\":\"https:\\\/\\\/pulso27.com\\\/actualidad\\\/huancaray-celebra-la-navidad-2024-con-las-tradicionales-danzas-de-los-negrillos-y-las-huaylias\\\/\"},\"wordCount\":477,\"commentCount\":0,\"publisher\":{\"@id\":\"https:\\\/\\\/pulso27.com\\\/en\\\/#organization\"},\"image\":{\"@id\":\"https:\\\/\\\/pulso27.com\\\/actualidad\\\/huancaray-celebra-la-navidad-2024-con-las-tradicionales-danzas-de-los-negrillos-y-las-huaylias\\\/#primaryimage\"},\"thumbnailUrl\":\"https:\\\/\\\/pulso27.com\\\/wp-content\\\/uploads\\\/2024\\\/12\\\/Huancarayy.png\",\"keywords\":[\"FelizNavidad\",\"LosNegrillosDeHuancaray\",\"Navidad2024\"],\"articleSection\":[\"Actualidad\",\"Costumbre y tradiciones\",\"Cultura\",\"Regional\"],\"inLanguage\":\"es-PE\",\"potentialAction\":[{\"@type\":\"CommentAction\",\"name\":\"Comment\",\"target\":[\"https:\\\/\\\/pulso27.com\\\/actualidad\\\/huancaray-celebra-la-navidad-2024-con-las-tradicionales-danzas-de-los-negrillos-y-las-huaylias\\\/#respond\"]}]},{\"@type\":\"WebPage\",\"@id\":\"https:\\\/\\\/pulso27.com\\\/actualidad\\\/huancaray-celebra-la-navidad-2024-con-las-tradicionales-danzas-de-los-negrillos-y-las-huaylias\\\/\",\"url\":\"https:\\\/\\\/pulso27.com\\\/actualidad\\\/huancaray-celebra-la-navidad-2024-con-las-tradicionales-danzas-de-los-negrillos-y-las-huaylias\\\/\",\"name\":\"Huancaray celebra Navidad 2024 con las tradicionales danzas de Los Negrillos y Las Huayl\u00edas - Pulso27\",\"isPartOf\":{\"@id\":\"https:\\\/\\\/pulso27.com\\\/en\\\/#website\"},\"primaryImageOfPage\":{\"@id\":\"https:\\\/\\\/pulso27.com\\\/actualidad\\\/huancaray-celebra-la-navidad-2024-con-las-tradicionales-danzas-de-los-negrillos-y-las-huaylias\\\/#primaryimage\"},\"image\":{\"@id\":\"https:\\\/\\\/pulso27.com\\\/actualidad\\\/huancaray-celebra-la-navidad-2024-con-las-tradicionales-danzas-de-los-negrillos-y-las-huaylias\\\/#primaryimage\"},\"thumbnailUrl\":\"https:\\\/\\\/pulso27.com\\\/wp-content\\\/uploads\\\/2024\\\/12\\\/Huancarayy.png\",\"datePublished\":\"2024-12-26T04:34:33+00:00\",\"dateModified\":\"2024-12-26T04:35:13+00:00\",\"breadcrumb\":{\"@id\":\"https:\\\/\\\/pulso27.com\\\/actualidad\\\/huancaray-celebra-la-navidad-2024-con-las-tradicionales-danzas-de-los-negrillos-y-las-huaylias\\\/#breadcrumb\"},\"inLanguage\":\"es-PE\",\"potentialAction\":[{\"@type\":\"ReadAction\",\"target\":[\"https:\\\/\\\/pulso27.com\\\/actualidad\\\/huancaray-celebra-la-navidad-2024-con-las-tradicionales-danzas-de-los-negrillos-y-las-huaylias\\\/\"]}]},{\"@type\":\"ImageObject\",\"inLanguage\":\"es-PE\",\"@id\":\"https:\\\/\\\/pulso27.com\\\/actualidad\\\/huancaray-celebra-la-navidad-2024-con-las-tradicionales-danzas-de-los-negrillos-y-las-huaylias\\\/#primaryimage\",\"url\":\"https:\\\/\\\/pulso27.com\\\/wp-content\\\/uploads\\\/2024\\\/12\\\/Huancarayy.png\",\"contentUrl\":\"https:\\\/\\\/pulso27.com\\\/wp-content\\\/uploads\\\/2024\\\/12\\\/Huancarayy.png\",\"width\":1280,\"height\":800},{\"@type\":\"BreadcrumbList\",\"@id\":\"https:\\\/\\\/pulso27.com\\\/actualidad\\\/huancaray-celebra-la-navidad-2024-con-las-tradicionales-danzas-de-los-negrillos-y-las-huaylias\\\/#breadcrumb\",\"itemListElement\":[{\"@type\":\"ListItem\",\"position\":1,\"name\":\"Portada\",\"item\":\"https:\\\/\\\/pulso27.com\\\/\"},{\"@type\":\"ListItem\",\"position\":2,\"name\":\"Huancaray celebra Navidad 2024 con las tradicionales danzas de Los Negrillos y Las Huayl\u00edas\"}]},{\"@type\":\"WebSite\",\"@id\":\"https:\\\/\\\/pulso27.com\\\/en\\\/#website\",\"url\":\"https:\\\/\\\/pulso27.com\\\/en\\\/\",\"name\":\"Pulso27\",\"description\":\"Web de noticias y publicidad\",\"publisher\":{\"@id\":\"https:\\\/\\\/pulso27.com\\\/en\\\/#organization\"},\"alternateName\":\"El pulso del pueblo\",\"potentialAction\":[{\"@type\":\"SearchAction\",\"target\":{\"@type\":\"EntryPoint\",\"urlTemplate\":\"https:\\\/\\\/pulso27.com\\\/en\\\/?s={search_term_string}\"},\"query-input\":{\"@type\":\"PropertyValueSpecification\",\"valueRequired\":true,\"valueName\":\"search_term_string\"}}],\"inLanguage\":\"es-PE\"},{\"@type\":\"Organization\",\"@id\":\"https:\\\/\\\/pulso27.com\\\/en\\\/#organization\",\"name\":\"Pulso27\",\"url\":\"https:\\\/\\\/pulso27.com\\\/en\\\/\",\"logo\":{\"@type\":\"ImageObject\",\"inLanguage\":\"es-PE\",\"@id\":\"https:\\\/\\\/pulso27.com\\\/en\\\/#\\\/schema\\\/logo\\\/image\\\/\",\"url\":\"https:\\\/\\\/pulso27.com\\\/wp-content\\\/uploads\\\/2026\\\/02\\\/Logotipo-de-la-organizacion-696-x-696-px-ok.png\",\"contentUrl\":\"https:\\\/\\\/pulso27.com\\\/wp-content\\\/uploads\\\/2026\\\/02\\\/Logotipo-de-la-organizacion-696-x-696-px-ok.png\",\"width\":696,\"height\":696,\"caption\":\"Pulso27\"},\"image\":{\"@id\":\"https:\\\/\\\/pulso27.com\\\/en\\\/#\\\/schema\\\/logo\\\/image\\\/\"},\"sameAs\":[\"https:\\\/\\\/www.facebook.com\\\/pulso27\\\/\",\"https:\\\/\\\/x.com\\\/Pulso_27\",\"https:\\\/\\\/www.youtube.com\\\/@Pulso27\",\"https:\\\/\\\/www.tiktok.com\\\/@pulso_27\"]},{\"@type\":\"Person\",\"@id\":\"https:\\\/\\\/pulso27.com\\\/en\\\/#\\\/schema\\\/person\\\/d20fd7f5bc7f2e53fd150d43fca07a78\",\"name\":\"Tupaq\",\"image\":{\"@type\":\"ImageObject\",\"inLanguage\":\"es-PE\",\"@id\":\"https:\\\/\\\/secure.gravatar.com\\\/avatar\\\/7929e9b034aeea560319a601e4f04c59eb5f45a79eafe192adabb67e9604e7e7?s=96&d=mm&r=g\",\"url\":\"https:\\\/\\\/secure.gravatar.com\\\/avatar\\\/7929e9b034aeea560319a601e4f04c59eb5f45a79eafe192adabb67e9604e7e7?s=96&d=mm&r=g\",\"contentUrl\":\"https:\\\/\\\/secure.gravatar.com\\\/avatar\\\/7929e9b034aeea560319a601e4f04c59eb5f45a79eafe192adabb67e9604e7e7?s=96&d=mm&r=g\",\"caption\":\"Tupaq\"},\"url\":\"https:\\\/\\\/pulso27.com\\\/es\\\/author\\\/tupaq\\\/\"}]}<\/script>\n<!-- \/ Yoast SEO plugin. -->","yoast_head_json":{"title":"Huancaray celebra Navidad 2024 con las tradicionales danzas de Los Negrillos y Las Huayl\u00edas - Pulso27","robots":{"index":"index","follow":"follow","max-snippet":"max-snippet:-1","max-image-preview":"max-image-preview:large","max-video-preview":"max-video-preview:-1"},"canonical":"https:\/\/pulso27.com\/es\/actualidad\/huancaray-celebra-la-navidad-2024-con-las-tradicionales-danzas-de-los-negrillos-y-las-huaylias\/","og_locale":"es_ES","og_type":"article","og_title":"Huancaray celebra Navidad 2024 con las tradicionales danzas de Los Negrillos y Las Huayl\u00edas - Pulso27","og_description":"En el distrito de Huancaray, provincia de Andahuaylas, departamento de Apur\u00edmac, las festividades navide\u00f1as de 2024 se engalanan con la ancestral danza de Los Negrillos y Las Huayl\u00edas, manifestaci\u00f3n cultural que fusiona influencias andinas, afroperuanas y coloniales. La danza de Los Negrillos es una tradici\u00f3n profundamente arraigada en el distrito de Huancaray, simbolizando la identidad [&hellip;]","og_url":"https:\/\/pulso27.com\/es\/actualidad\/huancaray-celebra-la-navidad-2024-con-las-tradicionales-danzas-de-los-negrillos-y-las-huaylias\/","og_site_name":"Pulso27","article_publisher":"https:\/\/www.facebook.com\/pulso27\/","article_published_time":"2024-12-26T04:34:33+00:00","article_modified_time":"2024-12-26T04:35:13+00:00","og_image":[{"width":1280,"height":800,"url":"https:\/\/pulso27.com\/wp-content\/uploads\/2024\/12\/Huancarayy.png","type":"image\/png"}],"author":"Tupaq","twitter_card":"summary_large_image","twitter_creator":"@Pulso_27","twitter_site":"@Pulso_27","twitter_misc":{"Written by":"Tupaq","Est. reading time":"3 minutos"},"schema":{"@context":"https:\/\/schema.org","@graph":[{"@type":"Article","@id":"https:\/\/pulso27.com\/actualidad\/huancaray-celebra-la-navidad-2024-con-las-tradicionales-danzas-de-los-negrillos-y-las-huaylias\/#article","isPartOf":{"@id":"https:\/\/pulso27.com\/actualidad\/huancaray-celebra-la-navidad-2024-con-las-tradicionales-danzas-de-los-negrillos-y-las-huaylias\/"},"author":{"name":"Tupaq","@id":"https:\/\/pulso27.com\/en\/#\/schema\/person\/d20fd7f5bc7f2e53fd150d43fca07a78"},"headline":"Huancaray celebra Navidad 2024 con las tradicionales danzas de Los Negrillos y Las Huayl\u00edas","datePublished":"2024-12-26T04:34:33+00:00","dateModified":"2024-12-26T04:35:13+00:00","mainEntityOfPage":{"@id":"https:\/\/pulso27.com\/actualidad\/huancaray-celebra-la-navidad-2024-con-las-tradicionales-danzas-de-los-negrillos-y-las-huaylias\/"},"wordCount":477,"commentCount":0,"publisher":{"@id":"https:\/\/pulso27.com\/en\/#organization"},"image":{"@id":"https:\/\/pulso27.com\/actualidad\/huancaray-celebra-la-navidad-2024-con-las-tradicionales-danzas-de-los-negrillos-y-las-huaylias\/#primaryimage"},"thumbnailUrl":"https:\/\/pulso27.com\/wp-content\/uploads\/2024\/12\/Huancarayy.png","keywords":["FelizNavidad","LosNegrillosDeHuancaray","Navidad2024"],"articleSection":["Actualidad","Costumbre y tradiciones","Cultura","Regional"],"inLanguage":"es-PE","potentialAction":[{"@type":"CommentAction","name":"Comment","target":["https:\/\/pulso27.com\/actualidad\/huancaray-celebra-la-navidad-2024-con-las-tradicionales-danzas-de-los-negrillos-y-las-huaylias\/#respond"]}]},{"@type":"WebPage","@id":"https:\/\/pulso27.com\/actualidad\/huancaray-celebra-la-navidad-2024-con-las-tradicionales-danzas-de-los-negrillos-y-las-huaylias\/","url":"https:\/\/pulso27.com\/actualidad\/huancaray-celebra-la-navidad-2024-con-las-tradicionales-danzas-de-los-negrillos-y-las-huaylias\/","name":"Huancaray celebra Navidad 2024 con las tradicionales danzas de Los Negrillos y Las Huayl\u00edas - Pulso27","isPartOf":{"@id":"https:\/\/pulso27.com\/en\/#website"},"primaryImageOfPage":{"@id":"https:\/\/pulso27.com\/actualidad\/huancaray-celebra-la-navidad-2024-con-las-tradicionales-danzas-de-los-negrillos-y-las-huaylias\/#primaryimage"},"image":{"@id":"https:\/\/pulso27.com\/actualidad\/huancaray-celebra-la-navidad-2024-con-las-tradicionales-danzas-de-los-negrillos-y-las-huaylias\/#primaryimage"},"thumbnailUrl":"https:\/\/pulso27.com\/wp-content\/uploads\/2024\/12\/Huancarayy.png","datePublished":"2024-12-26T04:34:33+00:00","dateModified":"2024-12-26T04:35:13+00:00","breadcrumb":{"@id":"https:\/\/pulso27.com\/actualidad\/huancaray-celebra-la-navidad-2024-con-las-tradicionales-danzas-de-los-negrillos-y-las-huaylias\/#breadcrumb"},"inLanguage":"es-PE","potentialAction":[{"@type":"ReadAction","target":["https:\/\/pulso27.com\/actualidad\/huancaray-celebra-la-navidad-2024-con-las-tradicionales-danzas-de-los-negrillos-y-las-huaylias\/"]}]},{"@type":"ImageObject","inLanguage":"es-PE","@id":"https:\/\/pulso27.com\/actualidad\/huancaray-celebra-la-navidad-2024-con-las-tradicionales-danzas-de-los-negrillos-y-las-huaylias\/#primaryimage","url":"https:\/\/pulso27.com\/wp-content\/uploads\/2024\/12\/Huancarayy.png","contentUrl":"https:\/\/pulso27.com\/wp-content\/uploads\/2024\/12\/Huancarayy.png","width":1280,"height":800},{"@type":"BreadcrumbList","@id":"https:\/\/pulso27.com\/actualidad\/huancaray-celebra-la-navidad-2024-con-las-tradicionales-danzas-de-los-negrillos-y-las-huaylias\/#breadcrumb","itemListElement":[{"@type":"ListItem","position":1,"name":"Portada","item":"https:\/\/pulso27.com\/"},{"@type":"ListItem","position":2,"name":"Huancaray celebra Navidad 2024 con las tradicionales danzas de Los Negrillos y Las Huayl\u00edas"}]},{"@type":"WebSite","@id":"https:\/\/pulso27.com\/en\/#website","url":"https:\/\/pulso27.com\/en\/","name":"Pulso27","description":"Web de noticias y publicidad","publisher":{"@id":"https:\/\/pulso27.com\/en\/#organization"},"alternateName":"El pulso del pueblo","potentialAction":[{"@type":"SearchAction","target":{"@type":"EntryPoint","urlTemplate":"https:\/\/pulso27.com\/en\/?s={search_term_string}"},"query-input":{"@type":"PropertyValueSpecification","valueRequired":true,"valueName":"search_term_string"}}],"inLanguage":"es-PE"},{"@type":"Organization","@id":"https:\/\/pulso27.com\/en\/#organization","name":"Pulso27","url":"https:\/\/pulso27.com\/en\/","logo":{"@type":"ImageObject","inLanguage":"es-PE","@id":"https:\/\/pulso27.com\/en\/#\/schema\/logo\/image\/","url":"https:\/\/pulso27.com\/wp-content\/uploads\/2026\/02\/Logotipo-de-la-organizacion-696-x-696-px-ok.png","contentUrl":"https:\/\/pulso27.com\/wp-content\/uploads\/2026\/02\/Logotipo-de-la-organizacion-696-x-696-px-ok.png","width":696,"height":696,"caption":"Pulso27"},"image":{"@id":"https:\/\/pulso27.com\/en\/#\/schema\/logo\/image\/"},"sameAs":["https:\/\/www.facebook.com\/pulso27\/","https:\/\/x.com\/Pulso_27","https:\/\/www.youtube.com\/@Pulso27","https:\/\/www.tiktok.com\/@pulso_27"]},{"@type":"Person","@id":"https:\/\/pulso27.com\/en\/#\/schema\/person\/d20fd7f5bc7f2e53fd150d43fca07a78","name":"Tupaq","image":{"@type":"ImageObject","inLanguage":"es-PE","@id":"https:\/\/secure.gravatar.com\/avatar\/7929e9b034aeea560319a601e4f04c59eb5f45a79eafe192adabb67e9604e7e7?s=96&d=mm&r=g","url":"https:\/\/secure.gravatar.com\/avatar\/7929e9b034aeea560319a601e4f04c59eb5f45a79eafe192adabb67e9604e7e7?s=96&d=mm&r=g","contentUrl":"https:\/\/secure.gravatar.com\/avatar\/7929e9b034aeea560319a601e4f04c59eb5f45a79eafe192adabb67e9604e7e7?s=96&d=mm&r=g","caption":"Tupaq"},"url":"https:\/\/pulso27.com\/es\/author\/tupaq\/"}]}},"amp_enabled":true,"_links":{"self":[{"href":"https:\/\/pulso27.com\/es\/wp-json\/wp\/v2\/posts\/3297","targetHints":{"allow":["GET"]}}],"collection":[{"href":"https:\/\/pulso27.com\/es\/wp-json\/wp\/v2\/posts"}],"about":[{"href":"https:\/\/pulso27.com\/es\/wp-json\/wp\/v2\/types\/post"}],"author":[{"embeddable":true,"href":"https:\/\/pulso27.com\/es\/wp-json\/wp\/v2\/users\/7"}],"replies":[{"embeddable":true,"href":"https:\/\/pulso27.com\/es\/wp-json\/wp\/v2\/comments?post=3297"}],"version-history":[{"count":5,"href":"https:\/\/pulso27.com\/es\/wp-json\/wp\/v2\/posts\/3297\/revisions"}],"predecessor-version":[{"id":3310,"href":"https:\/\/pulso27.com\/es\/wp-json\/wp\/v2\/posts\/3297\/revisions\/3310"}],"wp:featuredmedia":[{"embeddable":true,"href":"https:\/\/pulso27.com\/es\/wp-json\/wp\/v2\/media\/3303"}],"wp:attachment":[{"href":"https:\/\/pulso27.com\/es\/wp-json\/wp\/v2\/media?parent=3297"}],"wp:term":[{"taxonomy":"category","embeddable":true,"href":"https:\/\/pulso27.com\/es\/wp-json\/wp\/v2\/categories?post=3297"},{"taxonomy":"post_tag","embeddable":true,"href":"https:\/\/pulso27.com\/es\/wp-json\/wp\/v2\/tags?post=3297"}],"curies":[{"name":"wp","href":"https:\/\/api.w.org\/{rel}","templated":true}]}}